{"id":6786,"date":"2025-06-02T17:27:26","date_gmt":"2025-06-02T17:27:26","guid":{"rendered":"https:\/\/arealorcaradio.es\/?p=6786"},"modified":"2025-06-02T17:27:26","modified_gmt":"2025-06-02T17:27:26","slug":"el-lorca-deportiva-arranca-su-campana-de-venta-de-abonos-con-mas-de-medio-centenar-en-la-primera-jornada","status":"publish","type":"post","link":"https:\/\/arealorcaradio.es\/index.php\/2025\/06\/02\/el-lorca-deportiva-arranca-su-campana-de-venta-de-abonos-con-mas-de-medio-centenar-en-la-primera-jornada\/","title":{"rendered":"El Lorca Deportiva arranca su campa\u00f1a de venta de abonos con mas de medio centenar en la primera jornada"},"content":{"rendered":"<p><strong>\u00c1REA LORCA RADIO. Deportes.<\/strong><\/p>\n<p>Mas de medio centenar de aficionados del Lorca Deportiva no han esperado para retirar su abono para la pr\u00f3xima temporada en Segunda RFEF. Desde este lunes 2 de junio a las puertas del local Atrezo en Plaza de Calder\u00f3n y la tienda oficial del club en el fondo norte del Estadio Artes Carrasco est\u00e1n los abonos a la venta, siendo estos los dos lugares donde se pueden adquirir los abonos desde 70 a 150 euros, adem\u00e1s del Pack familiar y abono VIP. Los horarios son los siguientes:<\/p>\n<p>Tienda oficial del club en fondo norte del Artes Carrasco de lunes a viernes de 10 a 14 horas.<\/p>\n<p>Plaza de Calder\u00f3n (Atrezo), de lunes a viernes de 10 a 13 horas y de 18 a 21 horas.<\/p>\n<p><img loading=\"lazy\" decoding=\"async\" class=\"alignnone size-medium wp-image-6787\" src=\"https:\/\/arealorcaradio.es\/wp-content\/uploads\/2025\/06\/IMG-20250602-WA0034-225x300.jpg\" alt=\"\" width=\"225\" height=\"300\" srcset=\"https:\/\/arealorcaradio.es\/wp-content\/uploads\/2025\/06\/IMG-20250602-WA0034-225x300.jpg 225w, https:\/\/arealorcaradio.es\/wp-content\/uploads\/2025\/06\/IMG-20250602-WA0034-768x1024.jpg 768w, https:\/\/arealorcaradio.es\/wp-content\/uploads\/2025\/06\/IMG-20250602-WA0034-1152x1536.jpg 1152w, https:\/\/arealorcaradio.es\/wp-content\/uploads\/2025\/06\/IMG-20250602-WA0034-1536x2048.jpg 1536w, https:\/\/arealorcaradio.es\/wp-content\/uploads\/2025\/06\/IMG-20250602-WA0034-scaled.jpg 1920w\" sizes=\"auto, (max-width: 225px) 100vw, 225px\" \/><\/p>\n","protected":false},"excerpt":{"rendered":"<p>\u00c1REA LORCA RADIO. Deportes. Mas de medio centenar de aficionados del Lorca Deportiva no han esperado para retirar su abono para la pr\u00f3xima temporada en Segunda RFEF. Desde este lunes 2 de junio a las puertas del local Atrezo en Plaza de Calder\u00f3n y la tienda oficial del club en el fondo norte del Estadio [&hellip;]<\/p>\n","protected":false},"author":1,"featured_media":6788,"comment_status":"open","ping_status":"open","sticky":false,"template":"","format":"standard","meta":{"iawp_total_views":52,"footnotes":""},"categories":[4,7],"tags":[],"class_list":["post-6786","post","type-post","status-publish","format-standard","has-post-thumbnail","hentry","category-deportes","category-lorca"],"yoast_head":"<!-- This site is optimized with the Yoast SEO plugin v27.5 - https:\/\/yoast.com\/product\/yoast-seo-wordpress\/ -->\n<title>El Lorca Deportiva arranca su campa\u00f1a de venta de abonos con mas de medio centenar en la primera jornada - AREA LORCA RADIO<\/title>\n<meta name=\"robots\" content=\"index, follow, max-snippet:-1, max-image-preview:large, max-video-preview:-1\" \/>\n<link rel=\"canonical\" href=\"https:\/\/arealorcaradio.es\/index.php\/2025\/06\/02\/el-lorca-deportiva-arranca-su-campana-de-venta-de-abonos-con-mas-de-medio-centenar-en-la-primera-jornada\/\" \/>\n<meta property=\"og:locale\" content=\"es_ES\" \/>\n<meta property=\"og:type\" content=\"article\" \/>\n<meta property=\"og:title\" content=\"El Lorca Deportiva arranca su campa\u00f1a de venta de abonos con mas de medio centenar en la primera jornada - AREA LORCA RADIO\" \/>\n<meta property=\"og:description\" content=\"\u00c1REA LORCA RADIO. Deportes. Mas de medio centenar de aficionados del Lorca Deportiva no han esperado para retirar su abono para la pr\u00f3xima temporada en Segunda RFEF. Desde este lunes 2 de junio a las puertas del local Atrezo en Plaza de Calder\u00f3n y la tienda oficial del club en el fondo norte del Estadio [&hellip;]\" \/>\n<meta property=\"og:url\" content=\"https:\/\/arealorcaradio.es\/index.php\/2025\/06\/02\/el-lorca-deportiva-arranca-su-campana-de-venta-de-abonos-con-mas-de-medio-centenar-en-la-primera-jornada\/\" \/>\n<meta property=\"og:site_name\" content=\"AREA LORCA RADIO\" \/>\n<meta property=\"article:published_time\" content=\"2025-06-02T17:27:26+00:00\" \/>\n<meta property=\"og:image\" content=\"https:\/\/arealorcaradio.es\/wp-content\/uploads\/2025\/06\/IMG-20250602-WA0035.jpg\" \/>\n\t<meta property=\"og:image:width\" content=\"1600\" \/>\n\t<meta property=\"og:image:height\" content=\"1200\" \/>\n\t<meta property=\"og:image:type\" content=\"image\/jpeg\" \/>\n<meta name=\"author\" content=\"Paco S\u00e1nchez\" \/>\n<meta name=\"twitter:card\" content=\"summary_large_image\" \/>\n<meta name=\"twitter:label1\" content=\"Escrito por\" \/>\n\t<meta name=\"twitter:data1\" content=\"Paco S\u00e1nchez\" \/>\n\t<meta name=\"twitter:label2\" content=\"Tiempo de lectura\" \/>\n\t<meta name=\"twitter:data2\" content=\"1 minuto\" \/>\n<script type=\"application\/ld+json\" class=\"yoast-schema-graph\">{\"@context\":\"https:\\\/\\\/schema.org\",\"@graph\":[{\"@type\":\"Article\",\"@id\":\"https:\\\/\\\/arealorcaradio.es\\\/index.php\\\/2025\\\/06\\\/02\\\/el-lorca-deportiva-arranca-su-campana-de-venta-de-abonos-con-mas-de-medio-centenar-en-la-primera-jornada\\\/#article\",\"isPartOf\":{\"@id\":\"https:\\\/\\\/arealorcaradio.es\\\/index.php\\\/2025\\\/06\\\/02\\\/el-lorca-deportiva-arranca-su-campana-de-venta-de-abonos-con-mas-de-medio-centenar-en-la-primera-jornada\\\/\"},\"author\":{\"name\":\"Paco S\u00e1nchez\",\"@id\":\"https:\\\/\\\/arealorcaradio.es\\\/#\\\/schema\\\/person\\\/9fae605fc25b0f2c83c1ab207139bd27\"},\"headline\":\"El Lorca Deportiva arranca su campa\u00f1a de venta de abonos con mas de medio centenar en la primera jornada\",\"datePublished\":\"2025-06-02T17:27:26+00:00\",\"mainEntityOfPage\":{\"@id\":\"https:\\\/\\\/arealorcaradio.es\\\/index.php\\\/2025\\\/06\\\/02\\\/el-lorca-deportiva-arranca-su-campana-de-venta-de-abonos-con-mas-de-medio-centenar-en-la-primera-jornada\\\/\"},\"wordCount\":145,\"commentCount\":0,\"image\":{\"@id\":\"https:\\\/\\\/arealorcaradio.es\\\/index.php\\\/2025\\\/06\\\/02\\\/el-lorca-deportiva-arranca-su-campana-de-venta-de-abonos-con-mas-de-medio-centenar-en-la-primera-jornada\\\/#primaryimage\"},\"thumbnailUrl\":\"https:\\\/\\\/arealorcaradio.es\\\/wp-content\\\/uploads\\\/2025\\\/06\\\/IMG-20250602-WA0035.jpg\",\"articleSection\":[\"DEPORTES\",\"LORCA\"],\"inLanguage\":\"es\",\"potentialAction\":[{\"@type\":\"CommentAction\",\"name\":\"Comment\",\"target\":[\"https:\\\/\\\/arealorcaradio.es\\\/index.php\\\/2025\\\/06\\\/02\\\/el-lorca-deportiva-arranca-su-campana-de-venta-de-abonos-con-mas-de-medio-centenar-en-la-primera-jornada\\\/#respond\"]}]},{\"@type\":\"WebPage\",\"@id\":\"https:\\\/\\\/arealorcaradio.es\\\/index.php\\\/2025\\\/06\\\/02\\\/el-lorca-deportiva-arranca-su-campana-de-venta-de-abonos-con-mas-de-medio-centenar-en-la-primera-jornada\\\/\",\"url\":\"https:\\\/\\\/arealorcaradio.es\\\/index.php\\\/2025\\\/06\\\/02\\\/el-lorca-deportiva-arranca-su-campana-de-venta-de-abonos-con-mas-de-medio-centenar-en-la-primera-jornada\\\/\",\"name\":\"El Lorca Deportiva arranca su campa\u00f1a de venta de abonos con mas de medio centenar en la primera jornada - AREA LORCA RADIO\",\"isPartOf\":{\"@id\":\"https:\\\/\\\/arealorcaradio.es\\\/#website\"},\"primaryImageOfPage\":{\"@id\":\"https:\\\/\\\/arealorcaradio.es\\\/index.php\\\/2025\\\/06\\\/02\\\/el-lorca-deportiva-arranca-su-campana-de-venta-de-abonos-con-mas-de-medio-centenar-en-la-primera-jornada\\\/#primaryimage\"},\"image\":{\"@id\":\"https:\\\/\\\/arealorcaradio.es\\\/index.php\\\/2025\\\/06\\\/02\\\/el-lorca-deportiva-arranca-su-campana-de-venta-de-abonos-con-mas-de-medio-centenar-en-la-primera-jornada\\\/#primaryimage\"},\"thumbnailUrl\":\"https:\\\/\\\/arealorcaradio.es\\\/wp-content\\\/uploads\\\/2025\\\/06\\\/IMG-20250602-WA0035.jpg\",\"datePublished\":\"2025-06-02T17:27:26+00:00\",\"author\":{\"@id\":\"https:\\\/\\\/arealorcaradio.es\\\/#\\\/schema\\\/person\\\/9fae605fc25b0f2c83c1ab207139bd27\"},\"breadcrumb\":{\"@id\":\"https:\\\/\\\/arealorcaradio.es\\\/index.php\\\/2025\\\/06\\\/02\\\/el-lorca-deportiva-arranca-su-campana-de-venta-de-abonos-con-mas-de-medio-centenar-en-la-primera-jornada\\\/#breadcrumb\"},\"inLanguage\":\"es\",\"potentialAction\":[{\"@type\":\"ReadAction\",\"target\":[\"https:\\\/\\\/arealorcaradio.es\\\/index.php\\\/2025\\\/06\\\/02\\\/el-lorca-deportiva-arranca-su-campana-de-venta-de-abonos-con-mas-de-medio-centenar-en-la-primera-jornada\\\/\"]}]},{\"@type\":\"ImageObject\",\"inLanguage\":\"es\",\"@id\":\"https:\\\/\\\/arealorcaradio.es\\\/index.php\\\/2025\\\/06\\\/02\\\/el-lorca-deportiva-arranca-su-campana-de-venta-de-abonos-con-mas-de-medio-centenar-en-la-primera-jornada\\\/#primaryimage\",\"url\":\"https:\\\/\\\/arealorcaradio.es\\\/wp-content\\\/uploads\\\/2025\\\/06\\\/IMG-20250602-WA0035.jpg\",\"contentUrl\":\"https:\\\/\\\/arealorcaradio.es\\\/wp-content\\\/uploads\\\/2025\\\/06\\\/IMG-20250602-WA0035.jpg\",\"width\":1600,\"height\":1200},{\"@type\":\"BreadcrumbList\",\"@id\":\"https:\\\/\\\/arealorcaradio.es\\\/index.php\\\/2025\\\/06\\\/02\\\/el-lorca-deportiva-arranca-su-campana-de-venta-de-abonos-con-mas-de-medio-centenar-en-la-primera-jornada\\\/#breadcrumb\",\"itemListElement\":[{\"@type\":\"ListItem\",\"position\":1,\"name\":\"Portada\",\"item\":\"https:\\\/\\\/arealorcaradio.es\\\/\"},{\"@type\":\"ListItem\",\"position\":2,\"name\":\"El Lorca Deportiva arranca su campa\u00f1a de venta de abonos con mas de medio centenar en la primera jornada\"}]},{\"@type\":\"WebSite\",\"@id\":\"https:\\\/\\\/arealorcaradio.es\\\/#website\",\"url\":\"https:\\\/\\\/arealorcaradio.es\\\/\",\"name\":\"AREA LORCA RADIO\",\"description\":\"Descubre la programaci\u00f3n actual en \u00c1rea Lorca Radio, tu fuente de entrenamiento y noticias locales. Sintoniza ahora y mantente conectado online.\",\"potentialAction\":[{\"@type\":\"SearchAction\",\"target\":{\"@type\":\"EntryPoint\",\"urlTemplate\":\"https:\\\/\\\/arealorcaradio.es\\\/?s={search_term_string}\"},\"query-input\":{\"@type\":\"PropertyValueSpecification\",\"valueRequired\":true,\"valueName\":\"search_term_string\"}}],\"inLanguage\":\"es\"},{\"@type\":\"Person\",\"@id\":\"https:\\\/\\\/arealorcaradio.es\\\/#\\\/schema\\\/person\\\/9fae605fc25b0f2c83c1ab207139bd27\",\"name\":\"Paco S\u00e1nchez\",\"image\":{\"@type\":\"ImageObject\",\"inLanguage\":\"es\",\"@id\":\"https:\\\/\\\/secure.gravatar.com\\\/avatar\\\/d67144e966420fb74aa84c9f2a0103be4724fd14db52b52d3b6bca749f257e79?s=96&d=mm&r=g\",\"url\":\"https:\\\/\\\/secure.gravatar.com\\\/avatar\\\/d67144e966420fb74aa84c9f2a0103be4724fd14db52b52d3b6bca749f257e79?s=96&d=mm&r=g\",\"contentUrl\":\"https:\\\/\\\/secure.gravatar.com\\\/avatar\\\/d67144e966420fb74aa84c9f2a0103be4724fd14db52b52d3b6bca749f257e79?s=96&d=mm&r=g\",\"caption\":\"Paco S\u00e1nchez\"},\"sameAs\":[\"https:\\\/\\\/arealorcaradio.es\"],\"url\":\"https:\\\/\\\/arealorcaradio.es\\\/index.php\\\/author\\\/admin_alorcaradio\\\/\"}]}<\/script>\n<!-- \/ Yoast SEO plugin. -->","yoast_head_json":{"title":"El Lorca Deportiva arranca su campa\u00f1a de venta de abonos con mas de medio centenar en la primera jornada - AREA LORCA RADIO","robots":{"index":"index","follow":"follow","max-snippet":"max-snippet:-1","max-image-preview":"max-image-preview:large","max-video-preview":"max-video-preview:-1"},"canonical":"https:\/\/arealorcaradio.es\/index.php\/2025\/06\/02\/el-lorca-deportiva-arranca-su-campana-de-venta-de-abonos-con-mas-de-medio-centenar-en-la-primera-jornada\/","og_locale":"es_ES","og_type":"article","og_title":"El Lorca Deportiva arranca su campa\u00f1a de venta de abonos con mas de medio centenar en la primera jornada - AREA LORCA RADIO","og_description":"\u00c1REA LORCA RADIO. Deportes. Mas de medio centenar de aficionados del Lorca Deportiva no han esperado para retirar su abono para la pr\u00f3xima temporada en Segunda RFEF. Desde este lunes 2 de junio a las puertas del local Atrezo en Plaza de Calder\u00f3n y la tienda oficial del club en el fondo norte del Estadio [&hellip;]","og_url":"https:\/\/arealorcaradio.es\/index.php\/2025\/06\/02\/el-lorca-deportiva-arranca-su-campana-de-venta-de-abonos-con-mas-de-medio-centenar-en-la-primera-jornada\/","og_site_name":"AREA LORCA RADIO","article_published_time":"2025-06-02T17:27:26+00:00","og_image":[{"width":1600,"height":1200,"url":"https:\/\/arealorcaradio.es\/wp-content\/uploads\/2025\/06\/IMG-20250602-WA0035.jpg","type":"image\/jpeg"}],"author":"Paco S\u00e1nchez","twitter_card":"summary_large_image","twitter_misc":{"Escrito por":"Paco S\u00e1nchez","Tiempo de lectura":"1 minuto"},"schema":{"@context":"https:\/\/schema.org","@graph":[{"@type":"Article","@id":"https:\/\/arealorcaradio.es\/index.php\/2025\/06\/02\/el-lorca-deportiva-arranca-su-campana-de-venta-de-abonos-con-mas-de-medio-centenar-en-la-primera-jornada\/#article","isPartOf":{"@id":"https:\/\/arealorcaradio.es\/index.php\/2025\/06\/02\/el-lorca-deportiva-arranca-su-campana-de-venta-de-abonos-con-mas-de-medio-centenar-en-la-primera-jornada\/"},"author":{"name":"Paco S\u00e1nchez","@id":"https:\/\/arealorcaradio.es\/#\/schema\/person\/9fae605fc25b0f2c83c1ab207139bd27"},"headline":"El Lorca Deportiva arranca su campa\u00f1a de venta de abonos con mas de medio centenar en la primera jornada","datePublished":"2025-06-02T17:27:26+00:00","mainEntityOfPage":{"@id":"https:\/\/arealorcaradio.es\/index.php\/2025\/06\/02\/el-lorca-deportiva-arranca-su-campana-de-venta-de-abonos-con-mas-de-medio-centenar-en-la-primera-jornada\/"},"wordCount":145,"commentCount":0,"image":{"@id":"https:\/\/arealorcaradio.es\/index.php\/2025\/06\/02\/el-lorca-deportiva-arranca-su-campana-de-venta-de-abonos-con-mas-de-medio-centenar-en-la-primera-jornada\/#primaryimage"},"thumbnailUrl":"https:\/\/arealorcaradio.es\/wp-content\/uploads\/2025\/06\/IMG-20250602-WA0035.jpg","articleSection":["DEPORTES","LORCA"],"inLanguage":"es","potentialAction":[{"@type":"CommentAction","name":"Comment","target":["https:\/\/arealorcaradio.es\/index.php\/2025\/06\/02\/el-lorca-deportiva-arranca-su-campana-de-venta-de-abonos-con-mas-de-medio-centenar-en-la-primera-jornada\/#respond"]}]},{"@type":"WebPage","@id":"https:\/\/arealorcaradio.es\/index.php\/2025\/06\/02\/el-lorca-deportiva-arranca-su-campana-de-venta-de-abonos-con-mas-de-medio-centenar-en-la-primera-jornada\/","url":"https:\/\/arealorcaradio.es\/index.php\/2025\/06\/02\/el-lorca-deportiva-arranca-su-campana-de-venta-de-abonos-con-mas-de-medio-centenar-en-la-primera-jornada\/","name":"El Lorca Deportiva arranca su campa\u00f1a de venta de abonos con mas de medio centenar en la primera jornada - AREA LORCA RADIO","isPartOf":{"@id":"https:\/\/arealorcaradio.es\/#website"},"primaryImageOfPage":{"@id":"https:\/\/arealorcaradio.es\/index.php\/2025\/06\/02\/el-lorca-deportiva-arranca-su-campana-de-venta-de-abonos-con-mas-de-medio-centenar-en-la-primera-jornada\/#primaryimage"},"image":{"@id":"https:\/\/arealorcaradio.es\/index.php\/2025\/06\/02\/el-lorca-deportiva-arranca-su-campana-de-venta-de-abonos-con-mas-de-medio-centenar-en-la-primera-jornada\/#primaryimage"},"thumbnailUrl":"https:\/\/arealorcaradio.es\/wp-content\/uploads\/2025\/06\/IMG-20250602-WA0035.jpg","datePublished":"2025-06-02T17:27:26+00:00","author":{"@id":"https:\/\/arealorcaradio.es\/#\/schema\/person\/9fae605fc25b0f2c83c1ab207139bd27"},"breadcrumb":{"@id":"https:\/\/arealorcaradio.es\/index.php\/2025\/06\/02\/el-lorca-deportiva-arranca-su-campana-de-venta-de-abonos-con-mas-de-medio-centenar-en-la-primera-jornada\/#breadcrumb"},"inLanguage":"es","potentialAction":[{"@type":"ReadAction","target":["https:\/\/arealorcaradio.es\/index.php\/2025\/06\/02\/el-lorca-deportiva-arranca-su-campana-de-venta-de-abonos-con-mas-de-medio-centenar-en-la-primera-jornada\/"]}]},{"@type":"ImageObject","inLanguage":"es","@id":"https:\/\/arealorcaradio.es\/index.php\/2025\/06\/02\/el-lorca-deportiva-arranca-su-campana-de-venta-de-abonos-con-mas-de-medio-centenar-en-la-primera-jornada\/#primaryimage","url":"https:\/\/arealorcaradio.es\/wp-content\/uploads\/2025\/06\/IMG-20250602-WA0035.jpg","contentUrl":"https:\/\/arealorcaradio.es\/wp-content\/uploads\/2025\/06\/IMG-20250602-WA0035.jpg","width":1600,"height":1200},{"@type":"BreadcrumbList","@id":"https:\/\/arealorcaradio.es\/index.php\/2025\/06\/02\/el-lorca-deportiva-arranca-su-campana-de-venta-de-abonos-con-mas-de-medio-centenar-en-la-primera-jornada\/#breadcrumb","itemListElement":[{"@type":"ListItem","position":1,"name":"Portada","item":"https:\/\/arealorcaradio.es\/"},{"@type":"ListItem","position":2,"name":"El Lorca Deportiva arranca su campa\u00f1a de venta de abonos con mas de medio centenar en la primera jornada"}]},{"@type":"WebSite","@id":"https:\/\/arealorcaradio.es\/#website","url":"https:\/\/arealorcaradio.es\/","name":"AREA LORCA RADIO","description":"Descubre la programaci\u00f3n actual en \u00c1rea Lorca Radio, tu fuente de entrenamiento y noticias locales. Sintoniza ahora y mantente conectado online.","potentialAction":[{"@type":"SearchAction","target":{"@type":"EntryPoint","urlTemplate":"https:\/\/arealorcaradio.es\/?s={search_term_string}"},"query-input":{"@type":"PropertyValueSpecification","valueRequired":true,"valueName":"search_term_string"}}],"inLanguage":"es"},{"@type":"Person","@id":"https:\/\/arealorcaradio.es\/#\/schema\/person\/9fae605fc25b0f2c83c1ab207139bd27","name":"Paco S\u00e1nchez","image":{"@type":"ImageObject","inLanguage":"es","@id":"https:\/\/secure.gravatar.com\/avatar\/d67144e966420fb74aa84c9f2a0103be4724fd14db52b52d3b6bca749f257e79?s=96&d=mm&r=g","url":"https:\/\/secure.gravatar.com\/avatar\/d67144e966420fb74aa84c9f2a0103be4724fd14db52b52d3b6bca749f257e79?s=96&d=mm&r=g","contentUrl":"https:\/\/secure.gravatar.com\/avatar\/d67144e966420fb74aa84c9f2a0103be4724fd14db52b52d3b6bca749f257e79?s=96&d=mm&r=g","caption":"Paco S\u00e1nchez"},"sameAs":["https:\/\/arealorcaradio.es"],"url":"https:\/\/arealorcaradio.es\/index.php\/author\/admin_alorcaradio\/"}]}},"_links":{"self":[{"href":"https:\/\/arealorcaradio.es\/index.php\/wp-json\/wp\/v2\/posts\/6786","targetHints":{"allow":["GET"]}}],"collection":[{"href":"https:\/\/arealorcaradio.es\/index.php\/wp-json\/wp\/v2\/posts"}],"about":[{"href":"https:\/\/arealorcaradio.es\/index.php\/wp-json\/wp\/v2\/types\/post"}],"author":[{"embeddable":true,"href":"https:\/\/arealorcaradio.es\/index.php\/wp-json\/wp\/v2\/users\/1"}],"replies":[{"embeddable":true,"href":"https:\/\/arealorcaradio.es\/index.php\/wp-json\/wp\/v2\/comments?post=6786"}],"version-history":[{"count":1,"href":"https:\/\/arealorcaradio.es\/index.php\/wp-json\/wp\/v2\/posts\/6786\/revisions"}],"predecessor-version":[{"id":6789,"href":"https:\/\/arealorcaradio.es\/index.php\/wp-json\/wp\/v2\/posts\/6786\/revisions\/6789"}],"wp:featuredmedia":[{"embeddable":true,"href":"https:\/\/arealorcaradio.es\/index.php\/wp-json\/wp\/v2\/media\/6788"}],"wp:attachment":[{"href":"https:\/\/arealorcaradio.es\/index.php\/wp-json\/wp\/v2\/media?parent=6786"}],"wp:term":[{"taxonomy":"category","embeddable":true,"href":"https:\/\/arealorcaradio.es\/index.php\/wp-json\/wp\/v2\/categories?post=6786"},{"taxonomy":"post_tag","embeddable":true,"href":"https:\/\/arealorcaradio.es\/index.php\/wp-json\/wp\/v2\/tags?post=6786"}],"curies":[{"name":"wp","href":"https:\/\/api.w.org\/{rel}","templated":true}]}}