{"id":6779,"date":"2025-06-02T17:09:06","date_gmt":"2025-06-02T17:09:06","guid":{"rendered":"https:\/\/arealorcaradio.es\/?p=6779"},"modified":"2025-06-02T17:09:06","modified_gmt":"2025-06-02T17:09:06","slug":"el-paso-blanco-organizara-el-iii-congreso-nacional-de-armaos-y-agrupaciones-romanas-de-semana-santa-y-otras-fiestas-religiosas","status":"publish","type":"post","link":"https:\/\/arealorcaradio.es\/index.php\/2025\/06\/02\/el-paso-blanco-organizara-el-iii-congreso-nacional-de-armaos-y-agrupaciones-romanas-de-semana-santa-y-otras-fiestas-religiosas\/","title":{"rendered":"El Paso Blanco organizar\u00e1 el III Congreso Nacional de Armaos y Agrupaciones Romanas de Semana Santa y otras Fiestas Religiosas"},"content":{"rendered":"<p><strong>\u00c1REA LORCA RADIO. Cultura.<\/strong><\/p>\n<p><b><\/b>El Paso Blanco ser\u00e1 el organizador del III Congreso Nacional de Armaos y Agrupaciones Romanas de Semana Santa y otras Fiestas Religiosas, un evento que reunir\u00e1 a las principales agrupaciones de toda Espa\u00f1a para promover el intercambio cultural, la tradici\u00f3n y la devoci\u00f3n que caracterizan a estas formaciones en las procesiones de Semana Santa.<\/p>\n<p>El congreso, que tendr\u00e1 lugar en Lorca el pr\u00f3ximo a\u00f1o 2026, coincidiendo con el 170 aniversario de la Infanter\u00eda Romana del Paso Blanco, contar\u00e1 con un completo programa de actividades que incluir\u00e1 ponencias, mesas redondas, exposiciones, un gran desfile de armaos y agrupaciones romanas y muchas actividades m\u00e1s donde se abordar\u00e1n temas como la historia, la iconograf\u00eda y la evoluci\u00f3n de las agrupaciones romanas en el contexto de la Semana Santa espa\u00f1ola.<\/p>\n<p><img loading=\"lazy\" decoding=\"async\" class=\"alignnone size-medium wp-image-6783\" src=\"https:\/\/arealorcaradio.es\/wp-content\/uploads\/2025\/06\/Encuentro-Nacional-Aledo-2-1-300x225.jpg\" alt=\"\" width=\"300\" height=\"225\" srcset=\"https:\/\/arealorcaradio.es\/wp-content\/uploads\/2025\/06\/Encuentro-Nacional-Aledo-2-1-300x225.jpg 300w, https:\/\/arealorcaradio.es\/wp-content\/uploads\/2025\/06\/Encuentro-Nacional-Aledo-2-1-86x64.jpg 86w, https:\/\/arealorcaradio.es\/wp-content\/uploads\/2025\/06\/Encuentro-Nacional-Aledo-2-1.jpg 680w\" sizes=\"auto, (max-width: 300px) 100vw, 300px\" \/><br \/>\nEl Paso Blanco, con su emblem\u00e1tica Infanter\u00eda Romana de Mayordomos, toma el testigo de Jumilla y Aledo y reafirma su compromiso con la preservaci\u00f3n y difusi\u00f3n de este legado cultural, consolidando a Lorca como un referente en la organizaci\u00f3n de eventos de esta envergadura. Este congreso ser\u00e1 una oportunidad \u00fanica para fortalecer lazos entre cofrad\u00edas, compartir experiencias y poner en valor la riqueza de nuestras tradiciones.<\/p>\n","protected":false},"excerpt":{"rendered":"<p>\u00c1REA LORCA RADIO. Cultura. El Paso Blanco ser\u00e1 el organizador del III Congreso Nacional de Armaos y Agrupaciones Romanas de Semana Santa y otras Fiestas Religiosas, un evento que reunir\u00e1 a las principales agrupaciones de toda Espa\u00f1a para promover el intercambio cultural, la tradici\u00f3n y la devoci\u00f3n que caracterizan a estas formaciones en las procesiones [&hellip;]<\/p>\n","protected":false},"author":1,"featured_media":6782,"comment_status":"open","ping_status":"open","sticky":false,"template":"","format":"standard","meta":{"iawp_total_views":166,"footnotes":""},"categories":[5,7],"tags":[],"class_list":["post-6779","post","type-post","status-publish","format-standard","has-post-thumbnail","hentry","category-actualidad","category-lorca"],"yoast_head":"<!-- This site is optimized with the Yoast SEO plugin v27.5 - https:\/\/yoast.com\/product\/yoast-seo-wordpress\/ -->\n<title>El Paso Blanco organizar\u00e1 el III Congreso Nacional de Armaos y Agrupaciones Romanas de Semana Santa y otras Fiestas Religiosas - AREA LORCA RADIO<\/title>\n<meta name=\"robots\" content=\"index, follow, max-snippet:-1, max-image-preview:large, max-video-preview:-1\" \/>\n<link rel=\"canonical\" href=\"https:\/\/arealorcaradio.es\/index.php\/2025\/06\/02\/el-paso-blanco-organizara-el-iii-congreso-nacional-de-armaos-y-agrupaciones-romanas-de-semana-santa-y-otras-fiestas-religiosas\/\" \/>\n<meta property=\"og:locale\" content=\"es_ES\" \/>\n<meta property=\"og:type\" content=\"article\" \/>\n<meta property=\"og:title\" content=\"El Paso Blanco organizar\u00e1 el III Congreso Nacional de Armaos y Agrupaciones Romanas de Semana Santa y otras Fiestas Religiosas - AREA LORCA RADIO\" \/>\n<meta property=\"og:description\" content=\"\u00c1REA LORCA RADIO. Cultura. El Paso Blanco ser\u00e1 el organizador del III Congreso Nacional de Armaos y Agrupaciones Romanas de Semana Santa y otras Fiestas Religiosas, un evento que reunir\u00e1 a las principales agrupaciones de toda Espa\u00f1a para promover el intercambio cultural, la tradici\u00f3n y la devoci\u00f3n que caracterizan a estas formaciones en las procesiones [&hellip;]\" \/>\n<meta property=\"og:url\" content=\"https:\/\/arealorcaradio.es\/index.php\/2025\/06\/02\/el-paso-blanco-organizara-el-iii-congreso-nacional-de-armaos-y-agrupaciones-romanas-de-semana-santa-y-otras-fiestas-religiosas\/\" \/>\n<meta property=\"og:site_name\" content=\"AREA LORCA RADIO\" \/>\n<meta property=\"article:published_time\" content=\"2025-06-02T17:09:06+00:00\" \/>\n<meta property=\"og:image\" content=\"https:\/\/arealorcaradio.es\/wp-content\/uploads\/2025\/06\/Encuentro-Nacional-Aledo.jpg\" \/>\n\t<meta property=\"og:image:width\" content=\"680\" \/>\n\t<meta property=\"og:image:height\" content=\"510\" \/>\n\t<meta property=\"og:image:type\" content=\"image\/jpeg\" \/>\n<meta name=\"author\" content=\"Paco S\u00e1nchez\" \/>\n<meta name=\"twitter:card\" content=\"summary_large_image\" \/>\n<meta name=\"twitter:label1\" content=\"Escrito por\" \/>\n\t<meta name=\"twitter:data1\" content=\"Paco S\u00e1nchez\" \/>\n\t<meta name=\"twitter:label2\" content=\"Tiempo de lectura\" \/>\n\t<meta name=\"twitter:data2\" content=\"2 minutos\" \/>\n<script type=\"application\/ld+json\" class=\"yoast-schema-graph\">{\"@context\":\"https:\\\/\\\/schema.org\",\"@graph\":[{\"@type\":\"Article\",\"@id\":\"https:\\\/\\\/arealorcaradio.es\\\/index.php\\\/2025\\\/06\\\/02\\\/el-paso-blanco-organizara-el-iii-congreso-nacional-de-armaos-y-agrupaciones-romanas-de-semana-santa-y-otras-fiestas-religiosas\\\/#article\",\"isPartOf\":{\"@id\":\"https:\\\/\\\/arealorcaradio.es\\\/index.php\\\/2025\\\/06\\\/02\\\/el-paso-blanco-organizara-el-iii-congreso-nacional-de-armaos-y-agrupaciones-romanas-de-semana-santa-y-otras-fiestas-religiosas\\\/\"},\"author\":{\"name\":\"Paco S\u00e1nchez\",\"@id\":\"https:\\\/\\\/arealorcaradio.es\\\/#\\\/schema\\\/person\\\/9fae605fc25b0f2c83c1ab207139bd27\"},\"headline\":\"El Paso Blanco organizar\u00e1 el III Congreso Nacional de Armaos y Agrupaciones Romanas de Semana Santa y otras Fiestas Religiosas\",\"datePublished\":\"2025-06-02T17:09:06+00:00\",\"mainEntityOfPage\":{\"@id\":\"https:\\\/\\\/arealorcaradio.es\\\/index.php\\\/2025\\\/06\\\/02\\\/el-paso-blanco-organizara-el-iii-congreso-nacional-de-armaos-y-agrupaciones-romanas-de-semana-santa-y-otras-fiestas-religiosas\\\/\"},\"wordCount\":231,\"commentCount\":0,\"image\":{\"@id\":\"https:\\\/\\\/arealorcaradio.es\\\/index.php\\\/2025\\\/06\\\/02\\\/el-paso-blanco-organizara-el-iii-congreso-nacional-de-armaos-y-agrupaciones-romanas-de-semana-santa-y-otras-fiestas-religiosas\\\/#primaryimage\"},\"thumbnailUrl\":\"https:\\\/\\\/arealorcaradio.es\\\/wp-content\\\/uploads\\\/2025\\\/06\\\/Encuentro-Nacional-Aledo.jpg\",\"articleSection\":[\"ACTUALIDAD\",\"LORCA\"],\"inLanguage\":\"es\",\"potentialAction\":[{\"@type\":\"CommentAction\",\"name\":\"Comment\",\"target\":[\"https:\\\/\\\/arealorcaradio.es\\\/index.php\\\/2025\\\/06\\\/02\\\/el-paso-blanco-organizara-el-iii-congreso-nacional-de-armaos-y-agrupaciones-romanas-de-semana-santa-y-otras-fiestas-religiosas\\\/#respond\"]}]},{\"@type\":\"WebPage\",\"@id\":\"https:\\\/\\\/arealorcaradio.es\\\/index.php\\\/2025\\\/06\\\/02\\\/el-paso-blanco-organizara-el-iii-congreso-nacional-de-armaos-y-agrupaciones-romanas-de-semana-santa-y-otras-fiestas-religiosas\\\/\",\"url\":\"https:\\\/\\\/arealorcaradio.es\\\/index.php\\\/2025\\\/06\\\/02\\\/el-paso-blanco-organizara-el-iii-congreso-nacional-de-armaos-y-agrupaciones-romanas-de-semana-santa-y-otras-fiestas-religiosas\\\/\",\"name\":\"El Paso Blanco organizar\u00e1 el III Congreso Nacional de Armaos y Agrupaciones Romanas de Semana Santa y otras Fiestas Religiosas - AREA LORCA RADIO\",\"isPartOf\":{\"@id\":\"https:\\\/\\\/arealorcaradio.es\\\/#website\"},\"primaryImageOfPage\":{\"@id\":\"https:\\\/\\\/arealorcaradio.es\\\/index.php\\\/2025\\\/06\\\/02\\\/el-paso-blanco-organizara-el-iii-congreso-nacional-de-armaos-y-agrupaciones-romanas-de-semana-santa-y-otras-fiestas-religiosas\\\/#primaryimage\"},\"image\":{\"@id\":\"https:\\\/\\\/arealorcaradio.es\\\/index.php\\\/2025\\\/06\\\/02\\\/el-paso-blanco-organizara-el-iii-congreso-nacional-de-armaos-y-agrupaciones-romanas-de-semana-santa-y-otras-fiestas-religiosas\\\/#primaryimage\"},\"thumbnailUrl\":\"https:\\\/\\\/arealorcaradio.es\\\/wp-content\\\/uploads\\\/2025\\\/06\\\/Encuentro-Nacional-Aledo.jpg\",\"datePublished\":\"2025-06-02T17:09:06+00:00\",\"author\":{\"@id\":\"https:\\\/\\\/arealorcaradio.es\\\/#\\\/schema\\\/person\\\/9fae605fc25b0f2c83c1ab207139bd27\"},\"breadcrumb\":{\"@id\":\"https:\\\/\\\/arealorcaradio.es\\\/index.php\\\/2025\\\/06\\\/02\\\/el-paso-blanco-organizara-el-iii-congreso-nacional-de-armaos-y-agrupaciones-romanas-de-semana-santa-y-otras-fiestas-religiosas\\\/#breadcrumb\"},\"inLanguage\":\"es\",\"potentialAction\":[{\"@type\":\"ReadAction\",\"target\":[\"https:\\\/\\\/arealorcaradio.es\\\/index.php\\\/2025\\\/06\\\/02\\\/el-paso-blanco-organizara-el-iii-congreso-nacional-de-armaos-y-agrupaciones-romanas-de-semana-santa-y-otras-fiestas-religiosas\\\/\"]}]},{\"@type\":\"ImageObject\",\"inLanguage\":\"es\",\"@id\":\"https:\\\/\\\/arealorcaradio.es\\\/index.php\\\/2025\\\/06\\\/02\\\/el-paso-blanco-organizara-el-iii-congreso-nacional-de-armaos-y-agrupaciones-romanas-de-semana-santa-y-otras-fiestas-religiosas\\\/#primaryimage\",\"url\":\"https:\\\/\\\/arealorcaradio.es\\\/wp-content\\\/uploads\\\/2025\\\/06\\\/Encuentro-Nacional-Aledo.jpg\",\"contentUrl\":\"https:\\\/\\\/arealorcaradio.es\\\/wp-content\\\/uploads\\\/2025\\\/06\\\/Encuentro-Nacional-Aledo.jpg\",\"width\":680,\"height\":510},{\"@type\":\"BreadcrumbList\",\"@id\":\"https:\\\/\\\/arealorcaradio.es\\\/index.php\\\/2025\\\/06\\\/02\\\/el-paso-blanco-organizara-el-iii-congreso-nacional-de-armaos-y-agrupaciones-romanas-de-semana-santa-y-otras-fiestas-religiosas\\\/#breadcrumb\",\"itemListElement\":[{\"@type\":\"ListItem\",\"position\":1,\"name\":\"Portada\",\"item\":\"https:\\\/\\\/arealorcaradio.es\\\/\"},{\"@type\":\"ListItem\",\"position\":2,\"name\":\"El Paso Blanco organizar\u00e1 el III Congreso Nacional de Armaos y Agrupaciones Romanas de Semana Santa y otras Fiestas Religiosas\"}]},{\"@type\":\"WebSite\",\"@id\":\"https:\\\/\\\/arealorcaradio.es\\\/#website\",\"url\":\"https:\\\/\\\/arealorcaradio.es\\\/\",\"name\":\"AREA LORCA RADIO\",\"description\":\"Descubre la programaci\u00f3n actual en \u00c1rea Lorca Radio, tu fuente de entrenamiento y noticias locales. Sintoniza ahora y mantente conectado online.\",\"potentialAction\":[{\"@type\":\"SearchAction\",\"target\":{\"@type\":\"EntryPoint\",\"urlTemplate\":\"https:\\\/\\\/arealorcaradio.es\\\/?s={search_term_string}\"},\"query-input\":{\"@type\":\"PropertyValueSpecification\",\"valueRequired\":true,\"valueName\":\"search_term_string\"}}],\"inLanguage\":\"es\"},{\"@type\":\"Person\",\"@id\":\"https:\\\/\\\/arealorcaradio.es\\\/#\\\/schema\\\/person\\\/9fae605fc25b0f2c83c1ab207139bd27\",\"name\":\"Paco S\u00e1nchez\",\"image\":{\"@type\":\"ImageObject\",\"inLanguage\":\"es\",\"@id\":\"https:\\\/\\\/secure.gravatar.com\\\/avatar\\\/d67144e966420fb74aa84c9f2a0103be4724fd14db52b52d3b6bca749f257e79?s=96&d=mm&r=g\",\"url\":\"https:\\\/\\\/secure.gravatar.com\\\/avatar\\\/d67144e966420fb74aa84c9f2a0103be4724fd14db52b52d3b6bca749f257e79?s=96&d=mm&r=g\",\"contentUrl\":\"https:\\\/\\\/secure.gravatar.com\\\/avatar\\\/d67144e966420fb74aa84c9f2a0103be4724fd14db52b52d3b6bca749f257e79?s=96&d=mm&r=g\",\"caption\":\"Paco S\u00e1nchez\"},\"sameAs\":[\"https:\\\/\\\/arealorcaradio.es\"],\"url\":\"https:\\\/\\\/arealorcaradio.es\\\/index.php\\\/author\\\/admin_alorcaradio\\\/\"}]}<\/script>\n<!-- \/ Yoast SEO plugin. -->","yoast_head_json":{"title":"El Paso Blanco organizar\u00e1 el III Congreso Nacional de Armaos y Agrupaciones Romanas de Semana Santa y otras Fiestas Religiosas - AREA LORCA RADIO","robots":{"index":"index","follow":"follow","max-snippet":"max-snippet:-1","max-image-preview":"max-image-preview:large","max-video-preview":"max-video-preview:-1"},"canonical":"https:\/\/arealorcaradio.es\/index.php\/2025\/06\/02\/el-paso-blanco-organizara-el-iii-congreso-nacional-de-armaos-y-agrupaciones-romanas-de-semana-santa-y-otras-fiestas-religiosas\/","og_locale":"es_ES","og_type":"article","og_title":"El Paso Blanco organizar\u00e1 el III Congreso Nacional de Armaos y Agrupaciones Romanas de Semana Santa y otras Fiestas Religiosas - AREA LORCA RADIO","og_description":"\u00c1REA LORCA RADIO. Cultura. El Paso Blanco ser\u00e1 el organizador del III Congreso Nacional de Armaos y Agrupaciones Romanas de Semana Santa y otras Fiestas Religiosas, un evento que reunir\u00e1 a las principales agrupaciones de toda Espa\u00f1a para promover el intercambio cultural, la tradici\u00f3n y la devoci\u00f3n que caracterizan a estas formaciones en las procesiones [&hellip;]","og_url":"https:\/\/arealorcaradio.es\/index.php\/2025\/06\/02\/el-paso-blanco-organizara-el-iii-congreso-nacional-de-armaos-y-agrupaciones-romanas-de-semana-santa-y-otras-fiestas-religiosas\/","og_site_name":"AREA LORCA RADIO","article_published_time":"2025-06-02T17:09:06+00:00","og_image":[{"width":680,"height":510,"url":"https:\/\/arealorcaradio.es\/wp-content\/uploads\/2025\/06\/Encuentro-Nacional-Aledo.jpg","type":"image\/jpeg"}],"author":"Paco S\u00e1nchez","twitter_card":"summary_large_image","twitter_misc":{"Escrito por":"Paco S\u00e1nchez","Tiempo de lectura":"2 minutos"},"schema":{"@context":"https:\/\/schema.org","@graph":[{"@type":"Article","@id":"https:\/\/arealorcaradio.es\/index.php\/2025\/06\/02\/el-paso-blanco-organizara-el-iii-congreso-nacional-de-armaos-y-agrupaciones-romanas-de-semana-santa-y-otras-fiestas-religiosas\/#article","isPartOf":{"@id":"https:\/\/arealorcaradio.es\/index.php\/2025\/06\/02\/el-paso-blanco-organizara-el-iii-congreso-nacional-de-armaos-y-agrupaciones-romanas-de-semana-santa-y-otras-fiestas-religiosas\/"},"author":{"name":"Paco S\u00e1nchez","@id":"https:\/\/arealorcaradio.es\/#\/schema\/person\/9fae605fc25b0f2c83c1ab207139bd27"},"headline":"El Paso Blanco organizar\u00e1 el III Congreso Nacional de Armaos y Agrupaciones Romanas de Semana Santa y otras Fiestas Religiosas","datePublished":"2025-06-02T17:09:06+00:00","mainEntityOfPage":{"@id":"https:\/\/arealorcaradio.es\/index.php\/2025\/06\/02\/el-paso-blanco-organizara-el-iii-congreso-nacional-de-armaos-y-agrupaciones-romanas-de-semana-santa-y-otras-fiestas-religiosas\/"},"wordCount":231,"commentCount":0,"image":{"@id":"https:\/\/arealorcaradio.es\/index.php\/2025\/06\/02\/el-paso-blanco-organizara-el-iii-congreso-nacional-de-armaos-y-agrupaciones-romanas-de-semana-santa-y-otras-fiestas-religiosas\/#primaryimage"},"thumbnailUrl":"https:\/\/arealorcaradio.es\/wp-content\/uploads\/2025\/06\/Encuentro-Nacional-Aledo.jpg","articleSection":["ACTUALIDAD","LORCA"],"inLanguage":"es","potentialAction":[{"@type":"CommentAction","name":"Comment","target":["https:\/\/arealorcaradio.es\/index.php\/2025\/06\/02\/el-paso-blanco-organizara-el-iii-congreso-nacional-de-armaos-y-agrupaciones-romanas-de-semana-santa-y-otras-fiestas-religiosas\/#respond"]}]},{"@type":"WebPage","@id":"https:\/\/arealorcaradio.es\/index.php\/2025\/06\/02\/el-paso-blanco-organizara-el-iii-congreso-nacional-de-armaos-y-agrupaciones-romanas-de-semana-santa-y-otras-fiestas-religiosas\/","url":"https:\/\/arealorcaradio.es\/index.php\/2025\/06\/02\/el-paso-blanco-organizara-el-iii-congreso-nacional-de-armaos-y-agrupaciones-romanas-de-semana-santa-y-otras-fiestas-religiosas\/","name":"El Paso Blanco organizar\u00e1 el III Congreso Nacional de Armaos y Agrupaciones Romanas de Semana Santa y otras Fiestas Religiosas - AREA LORCA RADIO","isPartOf":{"@id":"https:\/\/arealorcaradio.es\/#website"},"primaryImageOfPage":{"@id":"https:\/\/arealorcaradio.es\/index.php\/2025\/06\/02\/el-paso-blanco-organizara-el-iii-congreso-nacional-de-armaos-y-agrupaciones-romanas-de-semana-santa-y-otras-fiestas-religiosas\/#primaryimage"},"image":{"@id":"https:\/\/arealorcaradio.es\/index.php\/2025\/06\/02\/el-paso-blanco-organizara-el-iii-congreso-nacional-de-armaos-y-agrupaciones-romanas-de-semana-santa-y-otras-fiestas-religiosas\/#primaryimage"},"thumbnailUrl":"https:\/\/arealorcaradio.es\/wp-content\/uploads\/2025\/06\/Encuentro-Nacional-Aledo.jpg","datePublished":"2025-06-02T17:09:06+00:00","author":{"@id":"https:\/\/arealorcaradio.es\/#\/schema\/person\/9fae605fc25b0f2c83c1ab207139bd27"},"breadcrumb":{"@id":"https:\/\/arealorcaradio.es\/index.php\/2025\/06\/02\/el-paso-blanco-organizara-el-iii-congreso-nacional-de-armaos-y-agrupaciones-romanas-de-semana-santa-y-otras-fiestas-religiosas\/#breadcrumb"},"inLanguage":"es","potentialAction":[{"@type":"ReadAction","target":["https:\/\/arealorcaradio.es\/index.php\/2025\/06\/02\/el-paso-blanco-organizara-el-iii-congreso-nacional-de-armaos-y-agrupaciones-romanas-de-semana-santa-y-otras-fiestas-religiosas\/"]}]},{"@type":"ImageObject","inLanguage":"es","@id":"https:\/\/arealorcaradio.es\/index.php\/2025\/06\/02\/el-paso-blanco-organizara-el-iii-congreso-nacional-de-armaos-y-agrupaciones-romanas-de-semana-santa-y-otras-fiestas-religiosas\/#primaryimage","url":"https:\/\/arealorcaradio.es\/wp-content\/uploads\/2025\/06\/Encuentro-Nacional-Aledo.jpg","contentUrl":"https:\/\/arealorcaradio.es\/wp-content\/uploads\/2025\/06\/Encuentro-Nacional-Aledo.jpg","width":680,"height":510},{"@type":"BreadcrumbList","@id":"https:\/\/arealorcaradio.es\/index.php\/2025\/06\/02\/el-paso-blanco-organizara-el-iii-congreso-nacional-de-armaos-y-agrupaciones-romanas-de-semana-santa-y-otras-fiestas-religiosas\/#breadcrumb","itemListElement":[{"@type":"ListItem","position":1,"name":"Portada","item":"https:\/\/arealorcaradio.es\/"},{"@type":"ListItem","position":2,"name":"El Paso Blanco organizar\u00e1 el III Congreso Nacional de Armaos y Agrupaciones Romanas de Semana Santa y otras Fiestas Religiosas"}]},{"@type":"WebSite","@id":"https:\/\/arealorcaradio.es\/#website","url":"https:\/\/arealorcaradio.es\/","name":"AREA LORCA RADIO","description":"Descubre la programaci\u00f3n actual en \u00c1rea Lorca Radio, tu fuente de entrenamiento y noticias locales. Sintoniza ahora y mantente conectado online.","potentialAction":[{"@type":"SearchAction","target":{"@type":"EntryPoint","urlTemplate":"https:\/\/arealorcaradio.es\/?s={search_term_string}"},"query-input":{"@type":"PropertyValueSpecification","valueRequired":true,"valueName":"search_term_string"}}],"inLanguage":"es"},{"@type":"Person","@id":"https:\/\/arealorcaradio.es\/#\/schema\/person\/9fae605fc25b0f2c83c1ab207139bd27","name":"Paco S\u00e1nchez","image":{"@type":"ImageObject","inLanguage":"es","@id":"https:\/\/secure.gravatar.com\/avatar\/d67144e966420fb74aa84c9f2a0103be4724fd14db52b52d3b6bca749f257e79?s=96&d=mm&r=g","url":"https:\/\/secure.gravatar.com\/avatar\/d67144e966420fb74aa84c9f2a0103be4724fd14db52b52d3b6bca749f257e79?s=96&d=mm&r=g","contentUrl":"https:\/\/secure.gravatar.com\/avatar\/d67144e966420fb74aa84c9f2a0103be4724fd14db52b52d3b6bca749f257e79?s=96&d=mm&r=g","caption":"Paco S\u00e1nchez"},"sameAs":["https:\/\/arealorcaradio.es"],"url":"https:\/\/arealorcaradio.es\/index.php\/author\/admin_alorcaradio\/"}]}},"_links":{"self":[{"href":"https:\/\/arealorcaradio.es\/index.php\/wp-json\/wp\/v2\/posts\/6779","targetHints":{"allow":["GET"]}}],"collection":[{"href":"https:\/\/arealorcaradio.es\/index.php\/wp-json\/wp\/v2\/posts"}],"about":[{"href":"https:\/\/arealorcaradio.es\/index.php\/wp-json\/wp\/v2\/types\/post"}],"author":[{"embeddable":true,"href":"https:\/\/arealorcaradio.es\/index.php\/wp-json\/wp\/v2\/users\/1"}],"replies":[{"embeddable":true,"href":"https:\/\/arealorcaradio.es\/index.php\/wp-json\/wp\/v2\/comments?post=6779"}],"version-history":[{"count":2,"href":"https:\/\/arealorcaradio.es\/index.php\/wp-json\/wp\/v2\/posts\/6779\/revisions"}],"predecessor-version":[{"id":6784,"href":"https:\/\/arealorcaradio.es\/index.php\/wp-json\/wp\/v2\/posts\/6779\/revisions\/6784"}],"wp:featuredmedia":[{"embeddable":true,"href":"https:\/\/arealorcaradio.es\/index.php\/wp-json\/wp\/v2\/media\/6782"}],"wp:attachment":[{"href":"https:\/\/arealorcaradio.es\/index.php\/wp-json\/wp\/v2\/media?parent=6779"}],"wp:term":[{"taxonomy":"category","embeddable":true,"href":"https:\/\/arealorcaradio.es\/index.php\/wp-json\/wp\/v2\/categories?post=6779"},{"taxonomy":"post_tag","embeddable":true,"href":"https:\/\/arealorcaradio.es\/index.php\/wp-json\/wp\/v2\/tags?post=6779"}],"curies":[{"name":"wp","href":"https:\/\/api.w.org\/{rel}","templated":true}]}}