{"id":6756,"date":"2025-05-30T08:10:23","date_gmt":"2025-05-30T08:10:23","guid":{"rendered":"https:\/\/arealorcaradio.es\/?p=6756"},"modified":"2025-05-30T08:10:23","modified_gmt":"2025-05-30T08:10:23","slug":"el-palacio-de-guevara-acoge-la-exposicion-la-voz-de-papel-de-la-artista-lorquina-pilar-sala","status":"publish","type":"post","link":"https:\/\/arealorcaradio.es\/index.php\/2025\/05\/30\/el-palacio-de-guevara-acoge-la-exposicion-la-voz-de-papel-de-la-artista-lorquina-pilar-sala\/","title":{"rendered":"El Palacio de Guevara acoge la exposici\u00f3n \u00abLa voz de papel\u00bb de la artista lorquina Pilar Sala"},"content":{"rendered":"<p><strong>\u00c1REA LORCA RADIO. Cultura.<\/strong><\/p>\n<p class=\"v1MsoNormal\">Escucha aqu\u00ed la entrevista que ha concedido la artista lorquina Pilar Sala a Paco S\u00e1nchez en el magazine de \u00c1rea Lorca Radio.<\/p>\n<audio class=\"wp-audio-shortcode\" id=\"audio-6756-1\" preload=\"none\" style=\"width: 100%;\" controls=\"controls\"><source type=\"audio\/mpeg\" src=\"https:\/\/arealorcaradio.es\/wp-content\/uploads\/2025\/05\/290525-PILAR-SALA.-ARTISTA-EXPOSICION.mp3?_=1\" \/><a href=\"https:\/\/arealorcaradio.es\/wp-content\/uploads\/2025\/05\/290525-PILAR-SALA.-ARTISTA-EXPOSICION.mp3\">https:\/\/arealorcaradio.es\/wp-content\/uploads\/2025\/05\/290525-PILAR-SALA.-ARTISTA-EXPOSICION.mp3<\/a><\/audio>\n<p class=\"v1MsoNormal\"><b>29 de mayo de 2025.<\/b> Este jueves, 29 de mayo, a las 20 horas, se ha inaugurado en la Sala del Barroco del Palacio de Guevara la exposici\u00f3n \u00abLa voz de papel\u00bb, de la artista lorquina Pilar Sala, una muestra que a\u00fana arte, naturaleza y ra\u00edces familiares. Que esta exposici\u00f3n se celebre en el Palacio de Guevara, donde su padre, Jos\u00e9 Sala Just, ejerci\u00f3 como farmac\u00e9utico y cronista, otorga a esta propuesta una dimensi\u00f3n \u00edntima y simb\u00f3lica que va m\u00e1s all\u00e1 del arte.<\/p>\n<p class=\"v1MsoNormal\">Aunque afincada en Alicante desde hace a\u00f1os, Pilar Sala mantiene un v\u00ednculo emocional con Lorca, su ciudad natal, que ahora se materializa en esta exposici\u00f3n \u00fanica, en la que emplea una t\u00e9cnica milenaria china de tratamiento del papel a partir de plantas y fibras naturales. El resultado es una serie de piezas que rinden homenaje a la naturaleza desde un enfoque po\u00e9tico y sensorial.<\/p>\n<p class=\"v1MsoNormal\">La exposici\u00f3n permanecer\u00e1 abierta al p\u00fablico hasta el 20 de julio, respetando el calendario y el horario de visitas del Palacio de Guevara y ha invitado a todos los lorquinos y visitantes a disfrutar de esta singular muestra que a\u00fana el arte contempor\u00e1neo con la historia, la naturaleza y las ra\u00edces familiares.<\/p>\n<p class=\"v1MsoNormal\">\n","protected":false},"excerpt":{"rendered":"<p>\u00c1REA LORCA RADIO. Cultura. Escucha aqu\u00ed la entrevista que ha concedido la artista lorquina Pilar Sala a Paco S\u00e1nchez en el magazine de \u00c1rea Lorca Radio. 29 de mayo de 2025. Este jueves, 29 de mayo, a las 20 horas, se ha inaugurado en la Sala del Barroco del Palacio de Guevara la exposici\u00f3n \u00abLa [&hellip;]<\/p>\n","protected":false},"author":1,"featured_media":6758,"comment_status":"open","ping_status":"open","sticky":false,"template":"","format":"standard","meta":{"iawp_total_views":74,"footnotes":""},"categories":[5,7],"tags":[],"class_list":["post-6756","post","type-post","status-publish","format-standard","has-post-thumbnail","hentry","category-actualidad","category-lorca"],"yoast_head":"<!-- This site is optimized with the Yoast SEO plugin v27.5 - https:\/\/yoast.com\/product\/yoast-seo-wordpress\/ -->\n<title>El Palacio de Guevara acoge la exposici\u00f3n &quot;La voz de papel&quot; de la artista lorquina Pilar Sala - AREA LORCA RADIO<\/title>\n<meta name=\"robots\" content=\"index, follow, max-snippet:-1, max-image-preview:large, max-video-preview:-1\" \/>\n<link rel=\"canonical\" href=\"https:\/\/arealorcaradio.es\/index.php\/2025\/05\/30\/el-palacio-de-guevara-acoge-la-exposicion-la-voz-de-papel-de-la-artista-lorquina-pilar-sala\/\" \/>\n<meta property=\"og:locale\" content=\"es_ES\" \/>\n<meta property=\"og:type\" content=\"article\" \/>\n<meta property=\"og:title\" content=\"El Palacio de Guevara acoge la exposici\u00f3n &quot;La voz de papel&quot; de la artista lorquina Pilar Sala - AREA LORCA RADIO\" \/>\n<meta property=\"og:description\" content=\"\u00c1REA LORCA RADIO. Cultura. Escucha aqu\u00ed la entrevista que ha concedido la artista lorquina Pilar Sala a Paco S\u00e1nchez en el magazine de \u00c1rea Lorca Radio. 29 de mayo de 2025. Este jueves, 29 de mayo, a las 20 horas, se ha inaugurado en la Sala del Barroco del Palacio de Guevara la exposici\u00f3n \u00abLa [&hellip;]\" \/>\n<meta property=\"og:url\" content=\"https:\/\/arealorcaradio.es\/index.php\/2025\/05\/30\/el-palacio-de-guevara-acoge-la-exposicion-la-voz-de-papel-de-la-artista-lorquina-pilar-sala\/\" \/>\n<meta property=\"og:site_name\" content=\"AREA LORCA RADIO\" \/>\n<meta property=\"article:published_time\" content=\"2025-05-30T08:10:23+00:00\" \/>\n<meta property=\"og:image\" content=\"https:\/\/arealorcaradio.es\/wp-content\/uploads\/2025\/05\/foto1-27.jpeg\" \/>\n\t<meta property=\"og:image:width\" content=\"1600\" \/>\n\t<meta property=\"og:image:height\" content=\"1066\" \/>\n\t<meta property=\"og:image:type\" content=\"image\/jpeg\" \/>\n<meta name=\"author\" content=\"Paco S\u00e1nchez\" \/>\n<meta name=\"twitter:card\" content=\"summary_large_image\" \/>\n<meta name=\"twitter:label1\" content=\"Escrito por\" \/>\n\t<meta name=\"twitter:data1\" content=\"Paco S\u00e1nchez\" \/>\n\t<meta name=\"twitter:label2\" content=\"Tiempo de lectura\" \/>\n\t<meta name=\"twitter:data2\" content=\"2 minutos\" \/>\n<script type=\"application\/ld+json\" class=\"yoast-schema-graph\">{\"@context\":\"https:\\\/\\\/schema.org\",\"@graph\":[{\"@type\":\"Article\",\"@id\":\"https:\\\/\\\/arealorcaradio.es\\\/index.php\\\/2025\\\/05\\\/30\\\/el-palacio-de-guevara-acoge-la-exposicion-la-voz-de-papel-de-la-artista-lorquina-pilar-sala\\\/#article\",\"isPartOf\":{\"@id\":\"https:\\\/\\\/arealorcaradio.es\\\/index.php\\\/2025\\\/05\\\/30\\\/el-palacio-de-guevara-acoge-la-exposicion-la-voz-de-papel-de-la-artista-lorquina-pilar-sala\\\/\"},\"author\":{\"name\":\"Paco S\u00e1nchez\",\"@id\":\"https:\\\/\\\/arealorcaradio.es\\\/#\\\/schema\\\/person\\\/9fae605fc25b0f2c83c1ab207139bd27\"},\"headline\":\"El Palacio de Guevara acoge la exposici\u00f3n \u00abLa voz de papel\u00bb de la artista lorquina Pilar Sala\",\"datePublished\":\"2025-05-30T08:10:23+00:00\",\"mainEntityOfPage\":{\"@id\":\"https:\\\/\\\/arealorcaradio.es\\\/index.php\\\/2025\\\/05\\\/30\\\/el-palacio-de-guevara-acoge-la-exposicion-la-voz-de-papel-de-la-artista-lorquina-pilar-sala\\\/\"},\"wordCount\":268,\"commentCount\":0,\"image\":{\"@id\":\"https:\\\/\\\/arealorcaradio.es\\\/index.php\\\/2025\\\/05\\\/30\\\/el-palacio-de-guevara-acoge-la-exposicion-la-voz-de-papel-de-la-artista-lorquina-pilar-sala\\\/#primaryimage\"},\"thumbnailUrl\":\"https:\\\/\\\/arealorcaradio.es\\\/wp-content\\\/uploads\\\/2025\\\/05\\\/foto1-27.jpeg\",\"articleSection\":[\"ACTUALIDAD\",\"LORCA\"],\"inLanguage\":\"es\",\"potentialAction\":[{\"@type\":\"CommentAction\",\"name\":\"Comment\",\"target\":[\"https:\\\/\\\/arealorcaradio.es\\\/index.php\\\/2025\\\/05\\\/30\\\/el-palacio-de-guevara-acoge-la-exposicion-la-voz-de-papel-de-la-artista-lorquina-pilar-sala\\\/#respond\"]}]},{\"@type\":\"WebPage\",\"@id\":\"https:\\\/\\\/arealorcaradio.es\\\/index.php\\\/2025\\\/05\\\/30\\\/el-palacio-de-guevara-acoge-la-exposicion-la-voz-de-papel-de-la-artista-lorquina-pilar-sala\\\/\",\"url\":\"https:\\\/\\\/arealorcaradio.es\\\/index.php\\\/2025\\\/05\\\/30\\\/el-palacio-de-guevara-acoge-la-exposicion-la-voz-de-papel-de-la-artista-lorquina-pilar-sala\\\/\",\"name\":\"El Palacio de Guevara acoge la exposici\u00f3n \\\"La voz de papel\\\" de la artista lorquina Pilar Sala - AREA LORCA RADIO\",\"isPartOf\":{\"@id\":\"https:\\\/\\\/arealorcaradio.es\\\/#website\"},\"primaryImageOfPage\":{\"@id\":\"https:\\\/\\\/arealorcaradio.es\\\/index.php\\\/2025\\\/05\\\/30\\\/el-palacio-de-guevara-acoge-la-exposicion-la-voz-de-papel-de-la-artista-lorquina-pilar-sala\\\/#primaryimage\"},\"image\":{\"@id\":\"https:\\\/\\\/arealorcaradio.es\\\/index.php\\\/2025\\\/05\\\/30\\\/el-palacio-de-guevara-acoge-la-exposicion-la-voz-de-papel-de-la-artista-lorquina-pilar-sala\\\/#primaryimage\"},\"thumbnailUrl\":\"https:\\\/\\\/arealorcaradio.es\\\/wp-content\\\/uploads\\\/2025\\\/05\\\/foto1-27.jpeg\",\"datePublished\":\"2025-05-30T08:10:23+00:00\",\"author\":{\"@id\":\"https:\\\/\\\/arealorcaradio.es\\\/#\\\/schema\\\/person\\\/9fae605fc25b0f2c83c1ab207139bd27\"},\"breadcrumb\":{\"@id\":\"https:\\\/\\\/arealorcaradio.es\\\/index.php\\\/2025\\\/05\\\/30\\\/el-palacio-de-guevara-acoge-la-exposicion-la-voz-de-papel-de-la-artista-lorquina-pilar-sala\\\/#breadcrumb\"},\"inLanguage\":\"es\",\"potentialAction\":[{\"@type\":\"ReadAction\",\"target\":[\"https:\\\/\\\/arealorcaradio.es\\\/index.php\\\/2025\\\/05\\\/30\\\/el-palacio-de-guevara-acoge-la-exposicion-la-voz-de-papel-de-la-artista-lorquina-pilar-sala\\\/\"]}]},{\"@type\":\"ImageObject\",\"inLanguage\":\"es\",\"@id\":\"https:\\\/\\\/arealorcaradio.es\\\/index.php\\\/2025\\\/05\\\/30\\\/el-palacio-de-guevara-acoge-la-exposicion-la-voz-de-papel-de-la-artista-lorquina-pilar-sala\\\/#primaryimage\",\"url\":\"https:\\\/\\\/arealorcaradio.es\\\/wp-content\\\/uploads\\\/2025\\\/05\\\/foto1-27.jpeg\",\"contentUrl\":\"https:\\\/\\\/arealorcaradio.es\\\/wp-content\\\/uploads\\\/2025\\\/05\\\/foto1-27.jpeg\",\"width\":1600,\"height\":1066},{\"@type\":\"BreadcrumbList\",\"@id\":\"https:\\\/\\\/arealorcaradio.es\\\/index.php\\\/2025\\\/05\\\/30\\\/el-palacio-de-guevara-acoge-la-exposicion-la-voz-de-papel-de-la-artista-lorquina-pilar-sala\\\/#breadcrumb\",\"itemListElement\":[{\"@type\":\"ListItem\",\"position\":1,\"name\":\"Portada\",\"item\":\"https:\\\/\\\/arealorcaradio.es\\\/\"},{\"@type\":\"ListItem\",\"position\":2,\"name\":\"El Palacio de Guevara acoge la exposici\u00f3n \u00abLa voz de papel\u00bb de la artista lorquina Pilar Sala\"}]},{\"@type\":\"WebSite\",\"@id\":\"https:\\\/\\\/arealorcaradio.es\\\/#website\",\"url\":\"https:\\\/\\\/arealorcaradio.es\\\/\",\"name\":\"AREA LORCA RADIO\",\"description\":\"Descubre la programaci\u00f3n actual en \u00c1rea Lorca Radio, tu fuente de entrenamiento y noticias locales. Sintoniza ahora y mantente conectado online.\",\"potentialAction\":[{\"@type\":\"SearchAction\",\"target\":{\"@type\":\"EntryPoint\",\"urlTemplate\":\"https:\\\/\\\/arealorcaradio.es\\\/?s={search_term_string}\"},\"query-input\":{\"@type\":\"PropertyValueSpecification\",\"valueRequired\":true,\"valueName\":\"search_term_string\"}}],\"inLanguage\":\"es\"},{\"@type\":\"Person\",\"@id\":\"https:\\\/\\\/arealorcaradio.es\\\/#\\\/schema\\\/person\\\/9fae605fc25b0f2c83c1ab207139bd27\",\"name\":\"Paco S\u00e1nchez\",\"image\":{\"@type\":\"ImageObject\",\"inLanguage\":\"es\",\"@id\":\"https:\\\/\\\/secure.gravatar.com\\\/avatar\\\/d67144e966420fb74aa84c9f2a0103be4724fd14db52b52d3b6bca749f257e79?s=96&d=mm&r=g\",\"url\":\"https:\\\/\\\/secure.gravatar.com\\\/avatar\\\/d67144e966420fb74aa84c9f2a0103be4724fd14db52b52d3b6bca749f257e79?s=96&d=mm&r=g\",\"contentUrl\":\"https:\\\/\\\/secure.gravatar.com\\\/avatar\\\/d67144e966420fb74aa84c9f2a0103be4724fd14db52b52d3b6bca749f257e79?s=96&d=mm&r=g\",\"caption\":\"Paco S\u00e1nchez\"},\"sameAs\":[\"https:\\\/\\\/arealorcaradio.es\"],\"url\":\"https:\\\/\\\/arealorcaradio.es\\\/index.php\\\/author\\\/admin_alorcaradio\\\/\"}]}<\/script>\n<!-- \/ Yoast SEO plugin. -->","yoast_head_json":{"title":"El Palacio de Guevara acoge la exposici\u00f3n \"La voz de papel\" de la artista lorquina Pilar Sala - AREA LORCA RADIO","robots":{"index":"index","follow":"follow","max-snippet":"max-snippet:-1","max-image-preview":"max-image-preview:large","max-video-preview":"max-video-preview:-1"},"canonical":"https:\/\/arealorcaradio.es\/index.php\/2025\/05\/30\/el-palacio-de-guevara-acoge-la-exposicion-la-voz-de-papel-de-la-artista-lorquina-pilar-sala\/","og_locale":"es_ES","og_type":"article","og_title":"El Palacio de Guevara acoge la exposici\u00f3n \"La voz de papel\" de la artista lorquina Pilar Sala - AREA LORCA RADIO","og_description":"\u00c1REA LORCA RADIO. Cultura. Escucha aqu\u00ed la entrevista que ha concedido la artista lorquina Pilar Sala a Paco S\u00e1nchez en el magazine de \u00c1rea Lorca Radio. 29 de mayo de 2025. Este jueves, 29 de mayo, a las 20 horas, se ha inaugurado en la Sala del Barroco del Palacio de Guevara la exposici\u00f3n \u00abLa [&hellip;]","og_url":"https:\/\/arealorcaradio.es\/index.php\/2025\/05\/30\/el-palacio-de-guevara-acoge-la-exposicion-la-voz-de-papel-de-la-artista-lorquina-pilar-sala\/","og_site_name":"AREA LORCA RADIO","article_published_time":"2025-05-30T08:10:23+00:00","og_image":[{"width":1600,"height":1066,"url":"https:\/\/arealorcaradio.es\/wp-content\/uploads\/2025\/05\/foto1-27.jpeg","type":"image\/jpeg"}],"author":"Paco S\u00e1nchez","twitter_card":"summary_large_image","twitter_misc":{"Escrito por":"Paco S\u00e1nchez","Tiempo de lectura":"2 minutos"},"schema":{"@context":"https:\/\/schema.org","@graph":[{"@type":"Article","@id":"https:\/\/arealorcaradio.es\/index.php\/2025\/05\/30\/el-palacio-de-guevara-acoge-la-exposicion-la-voz-de-papel-de-la-artista-lorquina-pilar-sala\/#article","isPartOf":{"@id":"https:\/\/arealorcaradio.es\/index.php\/2025\/05\/30\/el-palacio-de-guevara-acoge-la-exposicion-la-voz-de-papel-de-la-artista-lorquina-pilar-sala\/"},"author":{"name":"Paco S\u00e1nchez","@id":"https:\/\/arealorcaradio.es\/#\/schema\/person\/9fae605fc25b0f2c83c1ab207139bd27"},"headline":"El Palacio de Guevara acoge la exposici\u00f3n \u00abLa voz de papel\u00bb de la artista lorquina Pilar Sala","datePublished":"2025-05-30T08:10:23+00:00","mainEntityOfPage":{"@id":"https:\/\/arealorcaradio.es\/index.php\/2025\/05\/30\/el-palacio-de-guevara-acoge-la-exposicion-la-voz-de-papel-de-la-artista-lorquina-pilar-sala\/"},"wordCount":268,"commentCount":0,"image":{"@id":"https:\/\/arealorcaradio.es\/index.php\/2025\/05\/30\/el-palacio-de-guevara-acoge-la-exposicion-la-voz-de-papel-de-la-artista-lorquina-pilar-sala\/#primaryimage"},"thumbnailUrl":"https:\/\/arealorcaradio.es\/wp-content\/uploads\/2025\/05\/foto1-27.jpeg","articleSection":["ACTUALIDAD","LORCA"],"inLanguage":"es","potentialAction":[{"@type":"CommentAction","name":"Comment","target":["https:\/\/arealorcaradio.es\/index.php\/2025\/05\/30\/el-palacio-de-guevara-acoge-la-exposicion-la-voz-de-papel-de-la-artista-lorquina-pilar-sala\/#respond"]}]},{"@type":"WebPage","@id":"https:\/\/arealorcaradio.es\/index.php\/2025\/05\/30\/el-palacio-de-guevara-acoge-la-exposicion-la-voz-de-papel-de-la-artista-lorquina-pilar-sala\/","url":"https:\/\/arealorcaradio.es\/index.php\/2025\/05\/30\/el-palacio-de-guevara-acoge-la-exposicion-la-voz-de-papel-de-la-artista-lorquina-pilar-sala\/","name":"El Palacio de Guevara acoge la exposici\u00f3n \"La voz de papel\" de la artista lorquina Pilar Sala - AREA LORCA RADIO","isPartOf":{"@id":"https:\/\/arealorcaradio.es\/#website"},"primaryImageOfPage":{"@id":"https:\/\/arealorcaradio.es\/index.php\/2025\/05\/30\/el-palacio-de-guevara-acoge-la-exposicion-la-voz-de-papel-de-la-artista-lorquina-pilar-sala\/#primaryimage"},"image":{"@id":"https:\/\/arealorcaradio.es\/index.php\/2025\/05\/30\/el-palacio-de-guevara-acoge-la-exposicion-la-voz-de-papel-de-la-artista-lorquina-pilar-sala\/#primaryimage"},"thumbnailUrl":"https:\/\/arealorcaradio.es\/wp-content\/uploads\/2025\/05\/foto1-27.jpeg","datePublished":"2025-05-30T08:10:23+00:00","author":{"@id":"https:\/\/arealorcaradio.es\/#\/schema\/person\/9fae605fc25b0f2c83c1ab207139bd27"},"breadcrumb":{"@id":"https:\/\/arealorcaradio.es\/index.php\/2025\/05\/30\/el-palacio-de-guevara-acoge-la-exposicion-la-voz-de-papel-de-la-artista-lorquina-pilar-sala\/#breadcrumb"},"inLanguage":"es","potentialAction":[{"@type":"ReadAction","target":["https:\/\/arealorcaradio.es\/index.php\/2025\/05\/30\/el-palacio-de-guevara-acoge-la-exposicion-la-voz-de-papel-de-la-artista-lorquina-pilar-sala\/"]}]},{"@type":"ImageObject","inLanguage":"es","@id":"https:\/\/arealorcaradio.es\/index.php\/2025\/05\/30\/el-palacio-de-guevara-acoge-la-exposicion-la-voz-de-papel-de-la-artista-lorquina-pilar-sala\/#primaryimage","url":"https:\/\/arealorcaradio.es\/wp-content\/uploads\/2025\/05\/foto1-27.jpeg","contentUrl":"https:\/\/arealorcaradio.es\/wp-content\/uploads\/2025\/05\/foto1-27.jpeg","width":1600,"height":1066},{"@type":"BreadcrumbList","@id":"https:\/\/arealorcaradio.es\/index.php\/2025\/05\/30\/el-palacio-de-guevara-acoge-la-exposicion-la-voz-de-papel-de-la-artista-lorquina-pilar-sala\/#breadcrumb","itemListElement":[{"@type":"ListItem","position":1,"name":"Portada","item":"https:\/\/arealorcaradio.es\/"},{"@type":"ListItem","position":2,"name":"El Palacio de Guevara acoge la exposici\u00f3n \u00abLa voz de papel\u00bb de la artista lorquina Pilar Sala"}]},{"@type":"WebSite","@id":"https:\/\/arealorcaradio.es\/#website","url":"https:\/\/arealorcaradio.es\/","name":"AREA LORCA RADIO","description":"Descubre la programaci\u00f3n actual en \u00c1rea Lorca Radio, tu fuente de entrenamiento y noticias locales. Sintoniza ahora y mantente conectado online.","potentialAction":[{"@type":"SearchAction","target":{"@type":"EntryPoint","urlTemplate":"https:\/\/arealorcaradio.es\/?s={search_term_string}"},"query-input":{"@type":"PropertyValueSpecification","valueRequired":true,"valueName":"search_term_string"}}],"inLanguage":"es"},{"@type":"Person","@id":"https:\/\/arealorcaradio.es\/#\/schema\/person\/9fae605fc25b0f2c83c1ab207139bd27","name":"Paco S\u00e1nchez","image":{"@type":"ImageObject","inLanguage":"es","@id":"https:\/\/secure.gravatar.com\/avatar\/d67144e966420fb74aa84c9f2a0103be4724fd14db52b52d3b6bca749f257e79?s=96&d=mm&r=g","url":"https:\/\/secure.gravatar.com\/avatar\/d67144e966420fb74aa84c9f2a0103be4724fd14db52b52d3b6bca749f257e79?s=96&d=mm&r=g","contentUrl":"https:\/\/secure.gravatar.com\/avatar\/d67144e966420fb74aa84c9f2a0103be4724fd14db52b52d3b6bca749f257e79?s=96&d=mm&r=g","caption":"Paco S\u00e1nchez"},"sameAs":["https:\/\/arealorcaradio.es"],"url":"https:\/\/arealorcaradio.es\/index.php\/author\/admin_alorcaradio\/"}]}},"_links":{"self":[{"href":"https:\/\/arealorcaradio.es\/index.php\/wp-json\/wp\/v2\/posts\/6756","targetHints":{"allow":["GET"]}}],"collection":[{"href":"https:\/\/arealorcaradio.es\/index.php\/wp-json\/wp\/v2\/posts"}],"about":[{"href":"https:\/\/arealorcaradio.es\/index.php\/wp-json\/wp\/v2\/types\/post"}],"author":[{"embeddable":true,"href":"https:\/\/arealorcaradio.es\/index.php\/wp-json\/wp\/v2\/users\/1"}],"replies":[{"embeddable":true,"href":"https:\/\/arealorcaradio.es\/index.php\/wp-json\/wp\/v2\/comments?post=6756"}],"version-history":[{"count":1,"href":"https:\/\/arealorcaradio.es\/index.php\/wp-json\/wp\/v2\/posts\/6756\/revisions"}],"predecessor-version":[{"id":6759,"href":"https:\/\/arealorcaradio.es\/index.php\/wp-json\/wp\/v2\/posts\/6756\/revisions\/6759"}],"wp:featuredmedia":[{"embeddable":true,"href":"https:\/\/arealorcaradio.es\/index.php\/wp-json\/wp\/v2\/media\/6758"}],"wp:attachment":[{"href":"https:\/\/arealorcaradio.es\/index.php\/wp-json\/wp\/v2\/media?parent=6756"}],"wp:term":[{"taxonomy":"category","embeddable":true,"href":"https:\/\/arealorcaradio.es\/index.php\/wp-json\/wp\/v2\/categories?post=6756"},{"taxonomy":"post_tag","embeddable":true,"href":"https:\/\/arealorcaradio.es\/index.php\/wp-json\/wp\/v2\/tags?post=6756"}],"curies":[{"name":"wp","href":"https:\/\/api.w.org\/{rel}","templated":true}]}}