{"id":6753,"date":"2025-05-29T10:53:29","date_gmt":"2025-05-29T10:53:29","guid":{"rendered":"https:\/\/arealorcaradio.es\/?p=6753"},"modified":"2025-05-29T16:03:21","modified_gmt":"2025-05-29T16:03:21","slug":"el-seprona-remite-sus-actuaciones-en-barranco-hondo-a-organismos-de-tres-adimunistraciones-chs-direccion-general-de-medio-ambiente-de-la-carm-y-ayuntamiento-de-lorca","status":"publish","type":"post","link":"https:\/\/arealorcaradio.es\/index.php\/2025\/05\/29\/el-seprona-remite-sus-actuaciones-en-barranco-hondo-a-organismos-de-tres-adimunistraciones-chs-direccion-general-de-medio-ambiente-de-la-carm-y-ayuntamiento-de-lorca\/","title":{"rendered":"El SEPRONA remite sus actuaciones en Barranco Hondo a organismos de tres adimunistraciones: CHS, Direcci\u00f3n General de Medio Ambiente de la CARM y Ayuntamiento de Lorca"},"content":{"rendered":"<p><strong>\u00c1REA LORCA RADIO. Medio Ambiente.<\/strong><\/p>\n<p>Escucha aqu\u00ed la entrevista que ha concedido el portavoz de IU-P-AV Pedro Sosa a Paco S\u00e1nchez en el magazine de \u00c1rea Lorca Radio donde adem\u00e1s de hablar de este tema habla de las plantas de biog\u00e1s, del Acueducto de Zarzadilla de Totana, Parques y Jardines y de la empresa encargada de recogida de animales entre otros temas.<\/p>\n<audio class=\"wp-audio-shortcode\" id=\"audio-6753-1\" preload=\"none\" style=\"width: 100%;\" controls=\"controls\"><source type=\"audio\/mpeg\" src=\"https:\/\/arealorcaradio.es\/wp-content\/uploads\/2025\/05\/290525-PEDRO-SOSA.-ACTUALIDAD-POLITICA.mp3?_=1\" \/><a href=\"https:\/\/arealorcaradio.es\/wp-content\/uploads\/2025\/05\/290525-PEDRO-SOSA.-ACTUALIDAD-POLITICA.mp3\">https:\/\/arealorcaradio.es\/wp-content\/uploads\/2025\/05\/290525-PEDRO-SOSA.-ACTUALIDAD-POLITICA.mp3<\/a><\/audio>\n<div>\n<p class=\"v1MsoNormal\"><strong><img loading=\"lazy\" decoding=\"async\" class=\"alignnone size-medium wp-image-6763\" src=\"https:\/\/arealorcaradio.es\/wp-content\/uploads\/2025\/05\/20250529_170313-300x225.jpg\" alt=\"\" width=\"300\" height=\"225\" srcset=\"https:\/\/arealorcaradio.es\/wp-content\/uploads\/2025\/05\/20250529_170313-300x225.jpg 300w, https:\/\/arealorcaradio.es\/wp-content\/uploads\/2025\/05\/20250529_170313-1024x768.jpg 1024w, https:\/\/arealorcaradio.es\/wp-content\/uploads\/2025\/05\/20250529_170313-768x576.jpg 768w, https:\/\/arealorcaradio.es\/wp-content\/uploads\/2025\/05\/20250529_170313-1536x1152.jpg 1536w, https:\/\/arealorcaradio.es\/wp-content\/uploads\/2025\/05\/20250529_170313-2048x1536.jpg 2048w, https:\/\/arealorcaradio.es\/wp-content\/uploads\/2025\/05\/20250529_170313-86x64.jpg 86w\" sizes=\"auto, (max-width: 300px) 100vw, 300px\" \/><\/strong><\/p>\n<p class=\"v1MsoNormal\"><strong>Lorca, 29\/05\/2025.<\/strong> Pedro Sosa, portavoz de IU-P-AV, comunicaba en rueda de prensa las acciones que emprender\u00e1 su grupo tras el rechazo por parte del PP y VOX de una moci\u00f3n debatida en el Pleno municipal del mes de mayo celebrado el pasado lunes, y que versaba sobre los movimientos de tierras, ocultaci\u00f3n de residuos y malos usos sobre el territorio que se est\u00e1n produciendo en Barranco Hondo, con efectos nocivos en materia de riadas y con una posible usurpaci\u00f3n de elementos del patrimonio p\u00fablico.<\/p>\n<p class=\"v1MsoNormal\">Sosa ha recordado que esa moci\u00f3n rechazada era la segunda oportunidad que ten\u00edan, tanto el Alcalde como los concejales del gobierno local, de atender la demanda de nuestro grupo y visitar las umbr\u00edas de la sierra de Tercia m\u00e1s cercana a la zona urbana de Lorca. All\u00ed es f\u00e1cilmente comprobable c\u00f3mo se est\u00e1n alterando algunas de las ramblas que son tributarias del r\u00edo Guadalent\u00edn, y son muy evidentes los grandes movimientos de tierra y las roturaciones de enormes extensiones que se realizan para instalar placas solares. Obras esas que, en opini\u00f3n de los autores de la moci\u00f3n, podr\u00edan explicar en gran medida los efectos del agua y el barro en las zonas urbanas pr\u00f3ximas a nuestro r\u00edo en las inundaciones de los pasados meses. En la moci\u00f3n que les presentamos, relata Sosa, quer\u00edamos que se personasen y comprobasen (y reaccionasen conforme a derecho) c\u00f3mo se estaban enterrando (presumimos que ilegalmente) ingentes cantidades de escombros y residuos derivados de obras, por lo que parece p\u00fablicas, con los que se estar\u00edan alterando peligrosamente esos cauces (con rellenos de escombro) y caminos p\u00fablicos. Lo hac\u00edamos adem\u00e1s cuando ya constaba (y lo recog\u00edamos expresamente en nuestra moci\u00f3n) que el SEPRONA se hab\u00eda personado en aquellos entornos, concretamente en la denominada Rambla de los Arcos (un cauce p\u00fablico en el que a su vez podr\u00eda estar ubicado un camino p\u00fablico) y hab\u00eda practicado unas actuaciones, que, seg\u00fan nos inform\u00f3 el responsable de esa Unidad de la Guardia Civil, se remitieron con fecha 23 de mayo de 2025 a los siguientes organismos: Al Ayuntamiento de Lorca, a la Confederaci\u00f3n Hidrogr\u00e1fica del Segura y a la Direcci\u00f3n General de Medio Ambiente de la Consejer\u00eda de Medio Ambiente, Universidades, Investigaci\u00f3n y Mar Menor de la Regi\u00f3n de Murcia.<\/p>\n<p class=\"v1MsoNormal\">Sosa ha vuelto a alabar la intervenci\u00f3n r\u00e1pida, profesional y ejemplar del SEPRONA que contrasta con la dejadez, la inoperatividad y la pol\u00edtica de brazos ca\u00eddos de un gobierno local que en todos los conflictos que se producen entre el \u00abinter\u00e9s general y p\u00fablico\u00bb y los intereses privados de algunos grandes y ricos empresarios, siempre acaba poni\u00e9ndose del lado de estos \u00faltimos.<\/p>\n<p class=\"v1MsoNormal\">El edil de izquierdas esperaba que la intervenci\u00f3n del citado servicio de la Guardia Civil cambiase el inicial desinter\u00e9s del gobierno local sobre este asunto para que los servicios t\u00e9cnicos municipales inspeccionasen esos movimientos de tierra y enterramientos de residuos para evaluar tanto su legalidad, como sus implicaciones en el arrastre de residuos y agravamiento de las inundaciones. Pero lo cierto es que PP y VOX votaron en contra de realizar una inspecci\u00f3n de los lugares citados para evaluar las causas de los da\u00f1os ocasionados en la diputaci\u00f3n de R\u00edo y el barrio de San Crist\u00f3bal, as\u00ed como para preservar el patrimonio p\u00fablico de caminos, cauces, v\u00edas pecuarias y espacios hist\u00f3ricos afectados de aquel entorno y velar por el cumplimiento de los contratos p\u00fablicos, de sus cl\u00e1usulas y de la responsabilidad social de empresas contratistas del Ayuntamiento de Lorca que facturan a nuestra administraci\u00f3n local cantidades millonarias.<\/p>\n<p class=\"v1MsoNormal\">Como no fue as\u00ed, Sosa, en su condici\u00f3n de denunciante e \u00abinteresado\u00bb, pide ahora acceso a los expedientes que se hayan abierto en las tres administraciones: Estado (CHS) Comunidad Aut\u00f3noma (Direcci\u00f3n Regional de Medio Ambiente) y concejal\u00eda de\u00a0Urbanismo del Ayuntamiento de Lorca. Queremos y le debemos al pueblo de Lorca que se eval\u00fae hasta el final la legalidad de aquellas actuaciones y sus implicaciones. Y no vamos a parar hasta lograrlo, pese a que quienes ten\u00edan que estar haciendo este trabajo son los que est\u00e1n demostrando ning\u00fan inter\u00e9s en ello.<\/p>\n<\/div>\n<div class=\"v1gmail_signature\" dir=\"ltr\">\n<div dir=\"ltr\"><\/div>\n<\/div>\n","protected":false},"excerpt":{"rendered":"<p>\u00c1REA LORCA RADIO. Medio Ambiente. Escucha aqu\u00ed la entrevista que ha concedido el portavoz de IU-P-AV Pedro Sosa a Paco S\u00e1nchez en el magazine de \u00c1rea Lorca Radio donde adem\u00e1s de hablar de este tema habla de las plantas de biog\u00e1s, del Acueducto de Zarzadilla de Totana, Parques y Jardines y de la empresa encargada [&hellip;]<\/p>\n","protected":false},"author":1,"featured_media":6754,"comment_status":"open","ping_status":"open","sticky":false,"template":"","format":"standard","meta":{"iawp_total_views":11,"footnotes":""},"categories":[5,7],"tags":[],"class_list":["post-6753","post","type-post","status-publish","format-standard","has-post-thumbnail","hentry","category-actualidad","category-lorca"],"yoast_head":"<!-- This site is optimized with the Yoast SEO plugin v27.5 - https:\/\/yoast.com\/product\/yoast-seo-wordpress\/ -->\n<title>El SEPRONA remite sus actuaciones en Barranco Hondo a organismos de tres adimunistraciones: CHS, Direcci\u00f3n General de Medio Ambiente de la CARM y Ayuntamiento de Lorca - AREA LORCA RADIO<\/title>\n<meta name=\"robots\" content=\"index, follow, max-snippet:-1, max-image-preview:large, max-video-preview:-1\" \/>\n<link rel=\"canonical\" href=\"https:\/\/arealorcaradio.es\/index.php\/2025\/05\/29\/el-seprona-remite-sus-actuaciones-en-barranco-hondo-a-organismos-de-tres-adimunistraciones-chs-direccion-general-de-medio-ambiente-de-la-carm-y-ayuntamiento-de-lorca\/\" \/>\n<meta property=\"og:locale\" content=\"es_ES\" \/>\n<meta property=\"og:type\" content=\"article\" \/>\n<meta property=\"og:title\" content=\"El SEPRONA remite sus actuaciones en Barranco Hondo a organismos de tres adimunistraciones: CHS, Direcci\u00f3n General de Medio Ambiente de la CARM y Ayuntamiento de Lorca - AREA LORCA RADIO\" \/>\n<meta property=\"og:description\" content=\"\u00c1REA LORCA RADIO. Medio Ambiente. Escucha aqu\u00ed la entrevista que ha concedido el portavoz de IU-P-AV Pedro Sosa a Paco S\u00e1nchez en el magazine de \u00c1rea Lorca Radio donde adem\u00e1s de hablar de este tema habla de las plantas de biog\u00e1s, del Acueducto de Zarzadilla de Totana, Parques y Jardines y de la empresa encargada [&hellip;]\" \/>\n<meta property=\"og:url\" content=\"https:\/\/arealorcaradio.es\/index.php\/2025\/05\/29\/el-seprona-remite-sus-actuaciones-en-barranco-hondo-a-organismos-de-tres-adimunistraciones-chs-direccion-general-de-medio-ambiente-de-la-carm-y-ayuntamiento-de-lorca\/\" \/>\n<meta property=\"og:site_name\" content=\"AREA LORCA RADIO\" \/>\n<meta property=\"article:published_time\" content=\"2025-05-29T10:53:29+00:00\" \/>\n<meta property=\"article:modified_time\" content=\"2025-05-29T16:03:21+00:00\" \/>\n<meta property=\"og:image\" content=\"https:\/\/arealorcaradio.es\/wp-content\/uploads\/2025\/05\/barranco-H-residuos.jpg\" \/>\n\t<meta property=\"og:image:width\" content=\"1302\" \/>\n\t<meta property=\"og:image:height\" content=\"679\" \/>\n\t<meta property=\"og:image:type\" content=\"image\/jpeg\" \/>\n<meta name=\"author\" content=\"Paco S\u00e1nchez\" \/>\n<meta name=\"twitter:card\" content=\"summary_large_image\" \/>\n<meta name=\"twitter:label1\" content=\"Escrito por\" \/>\n\t<meta name=\"twitter:data1\" content=\"Paco S\u00e1nchez\" \/>\n\t<meta name=\"twitter:label2\" content=\"Tiempo de lectura\" \/>\n\t<meta name=\"twitter:data2\" content=\"4 minutos\" \/>\n<script type=\"application\/ld+json\" class=\"yoast-schema-graph\">{\"@context\":\"https:\\\/\\\/schema.org\",\"@graph\":[{\"@type\":\"Article\",\"@id\":\"https:\\\/\\\/arealorcaradio.es\\\/index.php\\\/2025\\\/05\\\/29\\\/el-seprona-remite-sus-actuaciones-en-barranco-hondo-a-organismos-de-tres-adimunistraciones-chs-direccion-general-de-medio-ambiente-de-la-carm-y-ayuntamiento-de-lorca\\\/#article\",\"isPartOf\":{\"@id\":\"https:\\\/\\\/arealorcaradio.es\\\/index.php\\\/2025\\\/05\\\/29\\\/el-seprona-remite-sus-actuaciones-en-barranco-hondo-a-organismos-de-tres-adimunistraciones-chs-direccion-general-de-medio-ambiente-de-la-carm-y-ayuntamiento-de-lorca\\\/\"},\"author\":{\"name\":\"Paco S\u00e1nchez\",\"@id\":\"https:\\\/\\\/arealorcaradio.es\\\/#\\\/schema\\\/person\\\/9fae605fc25b0f2c83c1ab207139bd27\"},\"headline\":\"El SEPRONA remite sus actuaciones en Barranco Hondo a organismos de tres adimunistraciones: CHS, Direcci\u00f3n General de Medio Ambiente de la CARM y Ayuntamiento de Lorca\",\"datePublished\":\"2025-05-29T10:53:29+00:00\",\"dateModified\":\"2025-05-29T16:03:21+00:00\",\"mainEntityOfPage\":{\"@id\":\"https:\\\/\\\/arealorcaradio.es\\\/index.php\\\/2025\\\/05\\\/29\\\/el-seprona-remite-sus-actuaciones-en-barranco-hondo-a-organismos-de-tres-adimunistraciones-chs-direccion-general-de-medio-ambiente-de-la-carm-y-ayuntamiento-de-lorca\\\/\"},\"wordCount\":845,\"commentCount\":0,\"image\":{\"@id\":\"https:\\\/\\\/arealorcaradio.es\\\/index.php\\\/2025\\\/05\\\/29\\\/el-seprona-remite-sus-actuaciones-en-barranco-hondo-a-organismos-de-tres-adimunistraciones-chs-direccion-general-de-medio-ambiente-de-la-carm-y-ayuntamiento-de-lorca\\\/#primaryimage\"},\"thumbnailUrl\":\"https:\\\/\\\/arealorcaradio.es\\\/wp-content\\\/uploads\\\/2025\\\/05\\\/barranco-H-residuos.jpg\",\"articleSection\":[\"ACTUALIDAD\",\"LORCA\"],\"inLanguage\":\"es\",\"potentialAction\":[{\"@type\":\"CommentAction\",\"name\":\"Comment\",\"target\":[\"https:\\\/\\\/arealorcaradio.es\\\/index.php\\\/2025\\\/05\\\/29\\\/el-seprona-remite-sus-actuaciones-en-barranco-hondo-a-organismos-de-tres-adimunistraciones-chs-direccion-general-de-medio-ambiente-de-la-carm-y-ayuntamiento-de-lorca\\\/#respond\"]}]},{\"@type\":\"WebPage\",\"@id\":\"https:\\\/\\\/arealorcaradio.es\\\/index.php\\\/2025\\\/05\\\/29\\\/el-seprona-remite-sus-actuaciones-en-barranco-hondo-a-organismos-de-tres-adimunistraciones-chs-direccion-general-de-medio-ambiente-de-la-carm-y-ayuntamiento-de-lorca\\\/\",\"url\":\"https:\\\/\\\/arealorcaradio.es\\\/index.php\\\/2025\\\/05\\\/29\\\/el-seprona-remite-sus-actuaciones-en-barranco-hondo-a-organismos-de-tres-adimunistraciones-chs-direccion-general-de-medio-ambiente-de-la-carm-y-ayuntamiento-de-lorca\\\/\",\"name\":\"El SEPRONA remite sus actuaciones en Barranco Hondo a organismos de tres adimunistraciones: CHS, Direcci\u00f3n General de Medio Ambiente de la CARM y Ayuntamiento de Lorca - AREA LORCA RADIO\",\"isPartOf\":{\"@id\":\"https:\\\/\\\/arealorcaradio.es\\\/#website\"},\"primaryImageOfPage\":{\"@id\":\"https:\\\/\\\/arealorcaradio.es\\\/index.php\\\/2025\\\/05\\\/29\\\/el-seprona-remite-sus-actuaciones-en-barranco-hondo-a-organismos-de-tres-adimunistraciones-chs-direccion-general-de-medio-ambiente-de-la-carm-y-ayuntamiento-de-lorca\\\/#primaryimage\"},\"image\":{\"@id\":\"https:\\\/\\\/arealorcaradio.es\\\/index.php\\\/2025\\\/05\\\/29\\\/el-seprona-remite-sus-actuaciones-en-barranco-hondo-a-organismos-de-tres-adimunistraciones-chs-direccion-general-de-medio-ambiente-de-la-carm-y-ayuntamiento-de-lorca\\\/#primaryimage\"},\"thumbnailUrl\":\"https:\\\/\\\/arealorcaradio.es\\\/wp-content\\\/uploads\\\/2025\\\/05\\\/barranco-H-residuos.jpg\",\"datePublished\":\"2025-05-29T10:53:29+00:00\",\"dateModified\":\"2025-05-29T16:03:21+00:00\",\"author\":{\"@id\":\"https:\\\/\\\/arealorcaradio.es\\\/#\\\/schema\\\/person\\\/9fae605fc25b0f2c83c1ab207139bd27\"},\"breadcrumb\":{\"@id\":\"https:\\\/\\\/arealorcaradio.es\\\/index.php\\\/2025\\\/05\\\/29\\\/el-seprona-remite-sus-actuaciones-en-barranco-hondo-a-organismos-de-tres-adimunistraciones-chs-direccion-general-de-medio-ambiente-de-la-carm-y-ayuntamiento-de-lorca\\\/#breadcrumb\"},\"inLanguage\":\"es\",\"potentialAction\":[{\"@type\":\"ReadAction\",\"target\":[\"https:\\\/\\\/arealorcaradio.es\\\/index.php\\\/2025\\\/05\\\/29\\\/el-seprona-remite-sus-actuaciones-en-barranco-hondo-a-organismos-de-tres-adimunistraciones-chs-direccion-general-de-medio-ambiente-de-la-carm-y-ayuntamiento-de-lorca\\\/\"]}]},{\"@type\":\"ImageObject\",\"inLanguage\":\"es\",\"@id\":\"https:\\\/\\\/arealorcaradio.es\\\/index.php\\\/2025\\\/05\\\/29\\\/el-seprona-remite-sus-actuaciones-en-barranco-hondo-a-organismos-de-tres-adimunistraciones-chs-direccion-general-de-medio-ambiente-de-la-carm-y-ayuntamiento-de-lorca\\\/#primaryimage\",\"url\":\"https:\\\/\\\/arealorcaradio.es\\\/wp-content\\\/uploads\\\/2025\\\/05\\\/barranco-H-residuos.jpg\",\"contentUrl\":\"https:\\\/\\\/arealorcaradio.es\\\/wp-content\\\/uploads\\\/2025\\\/05\\\/barranco-H-residuos.jpg\",\"width\":1302,\"height\":679},{\"@type\":\"BreadcrumbList\",\"@id\":\"https:\\\/\\\/arealorcaradio.es\\\/index.php\\\/2025\\\/05\\\/29\\\/el-seprona-remite-sus-actuaciones-en-barranco-hondo-a-organismos-de-tres-adimunistraciones-chs-direccion-general-de-medio-ambiente-de-la-carm-y-ayuntamiento-de-lorca\\\/#breadcrumb\",\"itemListElement\":[{\"@type\":\"ListItem\",\"position\":1,\"name\":\"Portada\",\"item\":\"https:\\\/\\\/arealorcaradio.es\\\/\"},{\"@type\":\"ListItem\",\"position\":2,\"name\":\"El SEPRONA remite sus actuaciones en Barranco Hondo a organismos de tres adimunistraciones: CHS, Direcci\u00f3n General de Medio Ambiente de la CARM y Ayuntamiento de Lorca\"}]},{\"@type\":\"WebSite\",\"@id\":\"https:\\\/\\\/arealorcaradio.es\\\/#website\",\"url\":\"https:\\\/\\\/arealorcaradio.es\\\/\",\"name\":\"AREA LORCA RADIO\",\"description\":\"Descubre la programaci\u00f3n actual en \u00c1rea Lorca Radio, tu fuente de entrenamiento y noticias locales. Sintoniza ahora y mantente conectado online.\",\"potentialAction\":[{\"@type\":\"SearchAction\",\"target\":{\"@type\":\"EntryPoint\",\"urlTemplate\":\"https:\\\/\\\/arealorcaradio.es\\\/?s={search_term_string}\"},\"query-input\":{\"@type\":\"PropertyValueSpecification\",\"valueRequired\":true,\"valueName\":\"search_term_string\"}}],\"inLanguage\":\"es\"},{\"@type\":\"Person\",\"@id\":\"https:\\\/\\\/arealorcaradio.es\\\/#\\\/schema\\\/person\\\/9fae605fc25b0f2c83c1ab207139bd27\",\"name\":\"Paco S\u00e1nchez\",\"image\":{\"@type\":\"ImageObject\",\"inLanguage\":\"es\",\"@id\":\"https:\\\/\\\/secure.gravatar.com\\\/avatar\\\/d67144e966420fb74aa84c9f2a0103be4724fd14db52b52d3b6bca749f257e79?s=96&d=mm&r=g\",\"url\":\"https:\\\/\\\/secure.gravatar.com\\\/avatar\\\/d67144e966420fb74aa84c9f2a0103be4724fd14db52b52d3b6bca749f257e79?s=96&d=mm&r=g\",\"contentUrl\":\"https:\\\/\\\/secure.gravatar.com\\\/avatar\\\/d67144e966420fb74aa84c9f2a0103be4724fd14db52b52d3b6bca749f257e79?s=96&d=mm&r=g\",\"caption\":\"Paco S\u00e1nchez\"},\"sameAs\":[\"https:\\\/\\\/arealorcaradio.es\"],\"url\":\"https:\\\/\\\/arealorcaradio.es\\\/index.php\\\/author\\\/admin_alorcaradio\\\/\"}]}<\/script>\n<!-- \/ Yoast SEO plugin. -->","yoast_head_json":{"title":"El SEPRONA remite sus actuaciones en Barranco Hondo a organismos de tres adimunistraciones: CHS, Direcci\u00f3n General de Medio Ambiente de la CARM y Ayuntamiento de Lorca - AREA LORCA RADIO","robots":{"index":"index","follow":"follow","max-snippet":"max-snippet:-1","max-image-preview":"max-image-preview:large","max-video-preview":"max-video-preview:-1"},"canonical":"https:\/\/arealorcaradio.es\/index.php\/2025\/05\/29\/el-seprona-remite-sus-actuaciones-en-barranco-hondo-a-organismos-de-tres-adimunistraciones-chs-direccion-general-de-medio-ambiente-de-la-carm-y-ayuntamiento-de-lorca\/","og_locale":"es_ES","og_type":"article","og_title":"El SEPRONA remite sus actuaciones en Barranco Hondo a organismos de tres adimunistraciones: CHS, Direcci\u00f3n General de Medio Ambiente de la CARM y Ayuntamiento de Lorca - AREA LORCA RADIO","og_description":"\u00c1REA LORCA RADIO. Medio Ambiente. Escucha aqu\u00ed la entrevista que ha concedido el portavoz de IU-P-AV Pedro Sosa a Paco S\u00e1nchez en el magazine de \u00c1rea Lorca Radio donde adem\u00e1s de hablar de este tema habla de las plantas de biog\u00e1s, del Acueducto de Zarzadilla de Totana, Parques y Jardines y de la empresa encargada [&hellip;]","og_url":"https:\/\/arealorcaradio.es\/index.php\/2025\/05\/29\/el-seprona-remite-sus-actuaciones-en-barranco-hondo-a-organismos-de-tres-adimunistraciones-chs-direccion-general-de-medio-ambiente-de-la-carm-y-ayuntamiento-de-lorca\/","og_site_name":"AREA LORCA RADIO","article_published_time":"2025-05-29T10:53:29+00:00","article_modified_time":"2025-05-29T16:03:21+00:00","og_image":[{"width":1302,"height":679,"url":"https:\/\/arealorcaradio.es\/wp-content\/uploads\/2025\/05\/barranco-H-residuos.jpg","type":"image\/jpeg"}],"author":"Paco S\u00e1nchez","twitter_card":"summary_large_image","twitter_misc":{"Escrito por":"Paco S\u00e1nchez","Tiempo de lectura":"4 minutos"},"schema":{"@context":"https:\/\/schema.org","@graph":[{"@type":"Article","@id":"https:\/\/arealorcaradio.es\/index.php\/2025\/05\/29\/el-seprona-remite-sus-actuaciones-en-barranco-hondo-a-organismos-de-tres-adimunistraciones-chs-direccion-general-de-medio-ambiente-de-la-carm-y-ayuntamiento-de-lorca\/#article","isPartOf":{"@id":"https:\/\/arealorcaradio.es\/index.php\/2025\/05\/29\/el-seprona-remite-sus-actuaciones-en-barranco-hondo-a-organismos-de-tres-adimunistraciones-chs-direccion-general-de-medio-ambiente-de-la-carm-y-ayuntamiento-de-lorca\/"},"author":{"name":"Paco S\u00e1nchez","@id":"https:\/\/arealorcaradio.es\/#\/schema\/person\/9fae605fc25b0f2c83c1ab207139bd27"},"headline":"El SEPRONA remite sus actuaciones en Barranco Hondo a organismos de tres adimunistraciones: CHS, Direcci\u00f3n General de Medio Ambiente de la CARM y Ayuntamiento de Lorca","datePublished":"2025-05-29T10:53:29+00:00","dateModified":"2025-05-29T16:03:21+00:00","mainEntityOfPage":{"@id":"https:\/\/arealorcaradio.es\/index.php\/2025\/05\/29\/el-seprona-remite-sus-actuaciones-en-barranco-hondo-a-organismos-de-tres-adimunistraciones-chs-direccion-general-de-medio-ambiente-de-la-carm-y-ayuntamiento-de-lorca\/"},"wordCount":845,"commentCount":0,"image":{"@id":"https:\/\/arealorcaradio.es\/index.php\/2025\/05\/29\/el-seprona-remite-sus-actuaciones-en-barranco-hondo-a-organismos-de-tres-adimunistraciones-chs-direccion-general-de-medio-ambiente-de-la-carm-y-ayuntamiento-de-lorca\/#primaryimage"},"thumbnailUrl":"https:\/\/arealorcaradio.es\/wp-content\/uploads\/2025\/05\/barranco-H-residuos.jpg","articleSection":["ACTUALIDAD","LORCA"],"inLanguage":"es","potentialAction":[{"@type":"CommentAction","name":"Comment","target":["https:\/\/arealorcaradio.es\/index.php\/2025\/05\/29\/el-seprona-remite-sus-actuaciones-en-barranco-hondo-a-organismos-de-tres-adimunistraciones-chs-direccion-general-de-medio-ambiente-de-la-carm-y-ayuntamiento-de-lorca\/#respond"]}]},{"@type":"WebPage","@id":"https:\/\/arealorcaradio.es\/index.php\/2025\/05\/29\/el-seprona-remite-sus-actuaciones-en-barranco-hondo-a-organismos-de-tres-adimunistraciones-chs-direccion-general-de-medio-ambiente-de-la-carm-y-ayuntamiento-de-lorca\/","url":"https:\/\/arealorcaradio.es\/index.php\/2025\/05\/29\/el-seprona-remite-sus-actuaciones-en-barranco-hondo-a-organismos-de-tres-adimunistraciones-chs-direccion-general-de-medio-ambiente-de-la-carm-y-ayuntamiento-de-lorca\/","name":"El SEPRONA remite sus actuaciones en Barranco Hondo a organismos de tres adimunistraciones: CHS, Direcci\u00f3n General de Medio Ambiente de la CARM y Ayuntamiento de Lorca - AREA LORCA RADIO","isPartOf":{"@id":"https:\/\/arealorcaradio.es\/#website"},"primaryImageOfPage":{"@id":"https:\/\/arealorcaradio.es\/index.php\/2025\/05\/29\/el-seprona-remite-sus-actuaciones-en-barranco-hondo-a-organismos-de-tres-adimunistraciones-chs-direccion-general-de-medio-ambiente-de-la-carm-y-ayuntamiento-de-lorca\/#primaryimage"},"image":{"@id":"https:\/\/arealorcaradio.es\/index.php\/2025\/05\/29\/el-seprona-remite-sus-actuaciones-en-barranco-hondo-a-organismos-de-tres-adimunistraciones-chs-direccion-general-de-medio-ambiente-de-la-carm-y-ayuntamiento-de-lorca\/#primaryimage"},"thumbnailUrl":"https:\/\/arealorcaradio.es\/wp-content\/uploads\/2025\/05\/barranco-H-residuos.jpg","datePublished":"2025-05-29T10:53:29+00:00","dateModified":"2025-05-29T16:03:21+00:00","author":{"@id":"https:\/\/arealorcaradio.es\/#\/schema\/person\/9fae605fc25b0f2c83c1ab207139bd27"},"breadcrumb":{"@id":"https:\/\/arealorcaradio.es\/index.php\/2025\/05\/29\/el-seprona-remite-sus-actuaciones-en-barranco-hondo-a-organismos-de-tres-adimunistraciones-chs-direccion-general-de-medio-ambiente-de-la-carm-y-ayuntamiento-de-lorca\/#breadcrumb"},"inLanguage":"es","potentialAction":[{"@type":"ReadAction","target":["https:\/\/arealorcaradio.es\/index.php\/2025\/05\/29\/el-seprona-remite-sus-actuaciones-en-barranco-hondo-a-organismos-de-tres-adimunistraciones-chs-direccion-general-de-medio-ambiente-de-la-carm-y-ayuntamiento-de-lorca\/"]}]},{"@type":"ImageObject","inLanguage":"es","@id":"https:\/\/arealorcaradio.es\/index.php\/2025\/05\/29\/el-seprona-remite-sus-actuaciones-en-barranco-hondo-a-organismos-de-tres-adimunistraciones-chs-direccion-general-de-medio-ambiente-de-la-carm-y-ayuntamiento-de-lorca\/#primaryimage","url":"https:\/\/arealorcaradio.es\/wp-content\/uploads\/2025\/05\/barranco-H-residuos.jpg","contentUrl":"https:\/\/arealorcaradio.es\/wp-content\/uploads\/2025\/05\/barranco-H-residuos.jpg","width":1302,"height":679},{"@type":"BreadcrumbList","@id":"https:\/\/arealorcaradio.es\/index.php\/2025\/05\/29\/el-seprona-remite-sus-actuaciones-en-barranco-hondo-a-organismos-de-tres-adimunistraciones-chs-direccion-general-de-medio-ambiente-de-la-carm-y-ayuntamiento-de-lorca\/#breadcrumb","itemListElement":[{"@type":"ListItem","position":1,"name":"Portada","item":"https:\/\/arealorcaradio.es\/"},{"@type":"ListItem","position":2,"name":"El SEPRONA remite sus actuaciones en Barranco Hondo a organismos de tres adimunistraciones: CHS, Direcci\u00f3n General de Medio Ambiente de la CARM y Ayuntamiento de Lorca"}]},{"@type":"WebSite","@id":"https:\/\/arealorcaradio.es\/#website","url":"https:\/\/arealorcaradio.es\/","name":"AREA LORCA RADIO","description":"Descubre la programaci\u00f3n actual en \u00c1rea Lorca Radio, tu fuente de entrenamiento y noticias locales. Sintoniza ahora y mantente conectado online.","potentialAction":[{"@type":"SearchAction","target":{"@type":"EntryPoint","urlTemplate":"https:\/\/arealorcaradio.es\/?s={search_term_string}"},"query-input":{"@type":"PropertyValueSpecification","valueRequired":true,"valueName":"search_term_string"}}],"inLanguage":"es"},{"@type":"Person","@id":"https:\/\/arealorcaradio.es\/#\/schema\/person\/9fae605fc25b0f2c83c1ab207139bd27","name":"Paco S\u00e1nchez","image":{"@type":"ImageObject","inLanguage":"es","@id":"https:\/\/secure.gravatar.com\/avatar\/d67144e966420fb74aa84c9f2a0103be4724fd14db52b52d3b6bca749f257e79?s=96&d=mm&r=g","url":"https:\/\/secure.gravatar.com\/avatar\/d67144e966420fb74aa84c9f2a0103be4724fd14db52b52d3b6bca749f257e79?s=96&d=mm&r=g","contentUrl":"https:\/\/secure.gravatar.com\/avatar\/d67144e966420fb74aa84c9f2a0103be4724fd14db52b52d3b6bca749f257e79?s=96&d=mm&r=g","caption":"Paco S\u00e1nchez"},"sameAs":["https:\/\/arealorcaradio.es"],"url":"https:\/\/arealorcaradio.es\/index.php\/author\/admin_alorcaradio\/"}]}},"_links":{"self":[{"href":"https:\/\/arealorcaradio.es\/index.php\/wp-json\/wp\/v2\/posts\/6753","targetHints":{"allow":["GET"]}}],"collection":[{"href":"https:\/\/arealorcaradio.es\/index.php\/wp-json\/wp\/v2\/posts"}],"about":[{"href":"https:\/\/arealorcaradio.es\/index.php\/wp-json\/wp\/v2\/types\/post"}],"author":[{"embeddable":true,"href":"https:\/\/arealorcaradio.es\/index.php\/wp-json\/wp\/v2\/users\/1"}],"replies":[{"embeddable":true,"href":"https:\/\/arealorcaradio.es\/index.php\/wp-json\/wp\/v2\/comments?post=6753"}],"version-history":[{"count":4,"href":"https:\/\/arealorcaradio.es\/index.php\/wp-json\/wp\/v2\/posts\/6753\/revisions"}],"predecessor-version":[{"id":6764,"href":"https:\/\/arealorcaradio.es\/index.php\/wp-json\/wp\/v2\/posts\/6753\/revisions\/6764"}],"wp:featuredmedia":[{"embeddable":true,"href":"https:\/\/arealorcaradio.es\/index.php\/wp-json\/wp\/v2\/media\/6754"}],"wp:attachment":[{"href":"https:\/\/arealorcaradio.es\/index.php\/wp-json\/wp\/v2\/media?parent=6753"}],"wp:term":[{"taxonomy":"category","embeddable":true,"href":"https:\/\/arealorcaradio.es\/index.php\/wp-json\/wp\/v2\/categories?post=6753"},{"taxonomy":"post_tag","embeddable":true,"href":"https:\/\/arealorcaradio.es\/index.php\/wp-json\/wp\/v2\/tags?post=6753"}],"curies":[{"name":"wp","href":"https:\/\/api.w.org\/{rel}","templated":true}]}}