{"id":6747,"date":"2025-05-29T10:36:42","date_gmt":"2025-05-29T10:36:42","guid":{"rendered":"https:\/\/arealorcaradio.es\/?p=6747"},"modified":"2025-05-29T10:36:42","modified_gmt":"2025-05-29T10:36:42","slug":"la-antigua-iglesia-de-san-pedro-ya-cuenta-con-cuatro-nuevos-custodios-que-velaran-por-la-revitalizacion-del-enclave-y-su-entorno","status":"publish","type":"post","link":"https:\/\/arealorcaradio.es\/index.php\/2025\/05\/29\/la-antigua-iglesia-de-san-pedro-ya-cuenta-con-cuatro-nuevos-custodios-que-velaran-por-la-revitalizacion-del-enclave-y-su-entorno\/","title":{"rendered":"La antigua Iglesia de San Pedro ya cuenta con cuatro nuevos &#8216;Custodios&#8217;, que velar\u00e1n por la revitalizaci\u00f3n del enclave y su entorno\u00a0"},"content":{"rendered":"<p><strong>\u00c1REA LORCA RADIO. Actualidad.<\/strong><\/p>\n<div>\n<p class=\"v1MsoNormal\"><b>Lorca, 29 de mayo de 2025<\/b>. El alcalde de Lorca, Fulgencio Gil J\u00f3dar, ha presidido, en el d\u00eda de hoy, el acto de nombramiento de \u00abCustodios de la antigua Iglesia de San Pedro de los barrios altos de Lorca\u00bb, una cita en la que tambi\u00e9n han estado presentes Francisco Per\u00e1n, presidente, y, Francisco Javier Garc\u00eda, secretario del Patronato de la Fundaci\u00f3n Iniciativas El Gigante, as\u00ed como Marien Bastida de Haro, responsable del futuro Centro Sociocomunitario de San Pedro, entre otras personalidades.<\/p>\n<p class=\"v1MsoNormal\"><img loading=\"lazy\" decoding=\"async\" class=\"alignnone size-medium wp-image-6750\" src=\"https:\/\/arealorcaradio.es\/wp-content\/uploads\/2025\/05\/foto7-2-300x225.jpeg\" alt=\"\" width=\"300\" height=\"225\" srcset=\"https:\/\/arealorcaradio.es\/wp-content\/uploads\/2025\/05\/foto7-2-300x225.jpeg 300w, https:\/\/arealorcaradio.es\/wp-content\/uploads\/2025\/05\/foto7-2-1024x768.jpeg 1024w, https:\/\/arealorcaradio.es\/wp-content\/uploads\/2025\/05\/foto7-2-768x576.jpeg 768w, https:\/\/arealorcaradio.es\/wp-content\/uploads\/2025\/05\/foto7-2-1536x1152.jpeg 1536w, https:\/\/arealorcaradio.es\/wp-content\/uploads\/2025\/05\/foto7-2-86x64.jpeg 86w, https:\/\/arealorcaradio.es\/wp-content\/uploads\/2025\/05\/foto7-2.jpeg 2048w\" sizes=\"auto, (max-width: 300px) 100vw, 300px\" \/> \u00a0<img loading=\"lazy\" decoding=\"async\" class=\"alignnone size-medium wp-image-6751\" src=\"https:\/\/arealorcaradio.es\/wp-content\/uploads\/2025\/05\/foto6-2-300x225.jpeg\" alt=\"\" width=\"300\" height=\"225\" srcset=\"https:\/\/arealorcaradio.es\/wp-content\/uploads\/2025\/05\/foto6-2-300x225.jpeg 300w, https:\/\/arealorcaradio.es\/wp-content\/uploads\/2025\/05\/foto6-2-1024x768.jpeg 1024w, https:\/\/arealorcaradio.es\/wp-content\/uploads\/2025\/05\/foto6-2-768x576.jpeg 768w, https:\/\/arealorcaradio.es\/wp-content\/uploads\/2025\/05\/foto6-2-1536x1152.jpeg 1536w, https:\/\/arealorcaradio.es\/wp-content\/uploads\/2025\/05\/foto6-2-86x64.jpeg 86w, https:\/\/arealorcaradio.es\/wp-content\/uploads\/2025\/05\/foto6-2.jpeg 2048w\" sizes=\"auto, (max-width: 300px) 100vw, 300px\" \/><\/p>\n<p class=\"v1MsoNormal\">Desde enero de 2025, el Ayuntamiento de Lorca est\u00e1 trabajando, a trav\u00e9s de las Concejal\u00edas de Educaci\u00f3n y de Derechos Sociales, y de la mano de la fundaci\u00f3n Iniciativas El Gigante, en el establecimiento de un proyecto de &#8216;Servicio comunitario con los vecinos de San Pedro&#8217;.<\/p>\n<p class=\"v1MsoNormal\">\u00abLa idea es crear un Centro innovador de desarrollo comunitario (cultural, educativo, formativo y social), de igualdad de oportunidades y bienestar, para todos los sectores de la poblaci\u00f3n residente, y desarrollar distintas iniciativas y actividades que permitan poner en valor su riqueza patrimonial, cultural y tur\u00edstica, en base a la utilizaci\u00f3n de metodolog\u00edas innovadoras y las nuevas tecnolog\u00edas, convirtiendo el proyecto en referente nacional, aglutinando en \u00e9l a organismos y entidades y a la ciudadan\u00eda residente\u00bb, ha indicado Gil J\u00f3dar, que ha agradecido a la fundaci\u00f3n su apuesta por revitalizar todo el enclave y el desarrollo de este programa.<\/p>\n<p class=\"v1MsoNormal\">\u00abEl acto de hoy culmina una de esas iniciativas con el nombramiento de cuatro vecinos del barrio de San Pedro, como &#8216;Custodios de la Antigua Iglesia de San Pedro&#8217;, materializando as\u00ed la relaci\u00f3n de la ciudad de Lorca y la Fundaci\u00f3n Iniciativas El Gigante con los vecinos: Juana Rodr\u00edguez, Juan Moreno, Juan Jos\u00e9 Garc\u00eda y Juan Soler, como veladores del cuidado de la Iglesia de San Pedro y su entorno\u00bb.<\/p>\n<p class=\"v1MsoNormal\">Asimismo, en pr\u00f3ximas fechas se continuar\u00e1 con el establecimiento de varias iniciativas de cara a la continuidad de\u00a0<b>este proyecto revitalizador del enclave, que incluye<\/b>:<\/p>\n<p class=\"v1MsoNormal\">El establecimiento de un\u00a0<b>Servicio comunitario para los vecinos de los barrios altos,\u00a0<\/b>que mejore la calidad de vida de los residentes, siendo una comunidad donde los conflictos se resuelven de manera pac\u00edfica, mediante el di\u00e1logo y la cooperaci\u00f3n, con\u00a0<b>formaciones<\/b>\u00a0basadas en la educaci\u00f3n socio comunitaria.<\/p>\n<p class=\"v1MsoNormal\"><b>Actuaciones de mejora de los barrios altos, con\u00a0<\/b>jornadas y convivencias con los vecinos, que incluyen la puesta en marcha de un servicio de propuestas a trav\u00e9s de WhatsApp, adem\u00e1s de tem\u00e1ticas de mejora, repoblaci\u00f3n, rutas tur\u00edsticas y celebraciones.<\/p>\n<p class=\"v1MsoNormal\"><b>Actividades para poblaci\u00f3n infantil<\/b>, con la creaci\u00f3n<b>\u00a0<\/b>de la biblioteca infantil \u00abSan Pedro\u00bb para dar servicio a la comunidad infantil y juvenil del barrio; incluyendo una campa\u00f1a regional para la cesi\u00f3n y recogida de cuentos y libros (de 3 a 12 a\u00f1os)., actividades de animaci\u00f3n a la lectura y un concurso de cuentos para alumnos de 5\u00ba y 6\u00ba de Educaci\u00f3n Primaria de centros del municipio, bajo el tema \u00abEl futuro de los barrios altos de Lorca\u00bb.<\/p>\n<p class=\"v1MsoNormal\"><b>Actividades mensuales para personas mayores,\u00a0<\/b>como<b>\u00a0&#8216;<\/b>cine de barrio&#8217; y\u00a0<b>de promoci\u00f3n cultural,\u00a0<\/b>como talleres de flamenco para j\u00f3venes y exposiciones diversas en el Centro de San Pedro.<\/p>\n<p class=\"v1MsoNormal\"><b>Actividades de voluntariado, llevadas a cabo por voluntarios de la fundaci\u00f3n Iniciativas El gigante,\u00a0<\/b>de apoyo escolar para ni\u00f1os de educaci\u00f3n primaria y secundaria en la propia iglesia de San Pedro.<\/p>\n<p class=\"v1MsoNormal\">Cabe recordar que la Antigua Iglesia de San Pedro, del siglo XV, es uno de los tres templos de los barrios altos. Fue devastada por el terremoto de 1674 y se encontraba en situaci\u00f3n de ruina desde la Guerra Civil Espa\u00f1ola, un deterioro que se agrav\u00f3 con los se\u00edsmos de mayo de 2011.<\/p>\n<p class=\"v1MsoNormal\">Su rehabilitaci\u00f3n integral concluy\u00f3 a principios de 2019, permitiendo la recuperaci\u00f3n del espacio arquitect\u00f3nico primitivo con la restauraci\u00f3n de la geometr\u00eda de las b\u00f3vedas perdidas y de los sillares de la crucer\u00eda del cuerpo de entrada al templo, as\u00ed como la consolidaci\u00f3n de la portada g\u00f3tica, la torre, las cornisas y los elementos decorativos.<\/p>\n<p class=\"v1MsoNormal\">El Ayuntamiento cedi\u00f3 el uso de este espacio desacralizado (por un periodo de 2 a\u00f1os) a la Fundaci\u00f3n Iniciativas El Gigante en abril 2024 y, posteriormente, estableci\u00f3 un convenio de colaboraci\u00f3n, y la aportaci\u00f3n de 10.000 euros de inversi\u00f3n municipal, para la para la realizaci\u00f3n de actividades socio comunitarias que, efectivamente, potenciar\u00e1n toda la zona y los barrios altos de Lorca.<\/p>\n<\/div>\n<div><\/div>\n","protected":false},"excerpt":{"rendered":"<p>\u00c1REA LORCA RADIO. Actualidad. Lorca, 29 de mayo de 2025. El alcalde de Lorca, Fulgencio Gil J\u00f3dar, ha presidido, en el d\u00eda de hoy, el acto de nombramiento de \u00abCustodios de la antigua Iglesia de San Pedro de los barrios altos de Lorca\u00bb, una cita en la que tambi\u00e9n han estado presentes Francisco Per\u00e1n, presidente, [&hellip;]<\/p>\n","protected":false},"author":1,"featured_media":6748,"comment_status":"open","ping_status":"open","sticky":false,"template":"","format":"standard","meta":{"iawp_total_views":16,"footnotes":""},"categories":[5,7],"tags":[],"class_list":["post-6747","post","type-post","status-publish","format-standard","has-post-thumbnail","hentry","category-actualidad","category-lorca"],"yoast_head":"<!-- This site is optimized with the Yoast SEO plugin v27.5 - https:\/\/yoast.com\/product\/yoast-seo-wordpress\/ -->\n<title>La antigua Iglesia de San Pedro ya cuenta con cuatro nuevos &#039;Custodios&#039;, que velar\u00e1n por la revitalizaci\u00f3n del enclave y su entorno\u00a0 - AREA LORCA RADIO<\/title>\n<meta name=\"robots\" content=\"index, follow, max-snippet:-1, max-image-preview:large, max-video-preview:-1\" \/>\n<link rel=\"canonical\" href=\"https:\/\/arealorcaradio.es\/index.php\/2025\/05\/29\/la-antigua-iglesia-de-san-pedro-ya-cuenta-con-cuatro-nuevos-custodios-que-velaran-por-la-revitalizacion-del-enclave-y-su-entorno\/\" \/>\n<meta property=\"og:locale\" content=\"es_ES\" \/>\n<meta property=\"og:type\" content=\"article\" \/>\n<meta property=\"og:title\" content=\"La antigua Iglesia de San Pedro ya cuenta con cuatro nuevos &#039;Custodios&#039;, que velar\u00e1n por la revitalizaci\u00f3n del enclave y su entorno\u00a0 - AREA LORCA RADIO\" \/>\n<meta property=\"og:description\" content=\"\u00c1REA LORCA RADIO. Actualidad. Lorca, 29 de mayo de 2025. El alcalde de Lorca, Fulgencio Gil J\u00f3dar, ha presidido, en el d\u00eda de hoy, el acto de nombramiento de \u00abCustodios de la antigua Iglesia de San Pedro de los barrios altos de Lorca\u00bb, una cita en la que tambi\u00e9n han estado presentes Francisco Per\u00e1n, presidente, [&hellip;]\" \/>\n<meta property=\"og:url\" content=\"https:\/\/arealorcaradio.es\/index.php\/2025\/05\/29\/la-antigua-iglesia-de-san-pedro-ya-cuenta-con-cuatro-nuevos-custodios-que-velaran-por-la-revitalizacion-del-enclave-y-su-entorno\/\" \/>\n<meta property=\"og:site_name\" content=\"AREA LORCA RADIO\" \/>\n<meta property=\"article:published_time\" content=\"2025-05-29T10:36:42+00:00\" \/>\n<meta property=\"og:image\" content=\"https:\/\/arealorcaradio.es\/wp-content\/uploads\/2025\/05\/foto5-2.jpeg\" \/>\n\t<meta property=\"og:image:width\" content=\"2048\" \/>\n\t<meta property=\"og:image:height\" content=\"1536\" \/>\n\t<meta property=\"og:image:type\" content=\"image\/jpeg\" \/>\n<meta name=\"author\" content=\"Paco S\u00e1nchez\" \/>\n<meta name=\"twitter:card\" content=\"summary_large_image\" \/>\n<meta name=\"twitter:label1\" content=\"Escrito por\" \/>\n\t<meta name=\"twitter:data1\" content=\"Paco S\u00e1nchez\" \/>\n\t<meta name=\"twitter:label2\" content=\"Tiempo de lectura\" \/>\n\t<meta name=\"twitter:data2\" content=\"4 minutos\" \/>\n<script type=\"application\/ld+json\" class=\"yoast-schema-graph\">{\"@context\":\"https:\\\/\\\/schema.org\",\"@graph\":[{\"@type\":\"Article\",\"@id\":\"https:\\\/\\\/arealorcaradio.es\\\/index.php\\\/2025\\\/05\\\/29\\\/la-antigua-iglesia-de-san-pedro-ya-cuenta-con-cuatro-nuevos-custodios-que-velaran-por-la-revitalizacion-del-enclave-y-su-entorno\\\/#article\",\"isPartOf\":{\"@id\":\"https:\\\/\\\/arealorcaradio.es\\\/index.php\\\/2025\\\/05\\\/29\\\/la-antigua-iglesia-de-san-pedro-ya-cuenta-con-cuatro-nuevos-custodios-que-velaran-por-la-revitalizacion-del-enclave-y-su-entorno\\\/\"},\"author\":{\"name\":\"Paco S\u00e1nchez\",\"@id\":\"https:\\\/\\\/arealorcaradio.es\\\/#\\\/schema\\\/person\\\/9fae605fc25b0f2c83c1ab207139bd27\"},\"headline\":\"La antigua Iglesia de San Pedro ya cuenta con cuatro nuevos &#8216;Custodios&#8217;, que velar\u00e1n por la revitalizaci\u00f3n del enclave y su entorno\u00a0\",\"datePublished\":\"2025-05-29T10:36:42+00:00\",\"mainEntityOfPage\":{\"@id\":\"https:\\\/\\\/arealorcaradio.es\\\/index.php\\\/2025\\\/05\\\/29\\\/la-antigua-iglesia-de-san-pedro-ya-cuenta-con-cuatro-nuevos-custodios-que-velaran-por-la-revitalizacion-del-enclave-y-su-entorno\\\/\"},\"wordCount\":789,\"commentCount\":0,\"image\":{\"@id\":\"https:\\\/\\\/arealorcaradio.es\\\/index.php\\\/2025\\\/05\\\/29\\\/la-antigua-iglesia-de-san-pedro-ya-cuenta-con-cuatro-nuevos-custodios-que-velaran-por-la-revitalizacion-del-enclave-y-su-entorno\\\/#primaryimage\"},\"thumbnailUrl\":\"https:\\\/\\\/arealorcaradio.es\\\/wp-content\\\/uploads\\\/2025\\\/05\\\/foto5-2.jpeg\",\"articleSection\":[\"ACTUALIDAD\",\"LORCA\"],\"inLanguage\":\"es\",\"potentialAction\":[{\"@type\":\"CommentAction\",\"name\":\"Comment\",\"target\":[\"https:\\\/\\\/arealorcaradio.es\\\/index.php\\\/2025\\\/05\\\/29\\\/la-antigua-iglesia-de-san-pedro-ya-cuenta-con-cuatro-nuevos-custodios-que-velaran-por-la-revitalizacion-del-enclave-y-su-entorno\\\/#respond\"]}]},{\"@type\":\"WebPage\",\"@id\":\"https:\\\/\\\/arealorcaradio.es\\\/index.php\\\/2025\\\/05\\\/29\\\/la-antigua-iglesia-de-san-pedro-ya-cuenta-con-cuatro-nuevos-custodios-que-velaran-por-la-revitalizacion-del-enclave-y-su-entorno\\\/\",\"url\":\"https:\\\/\\\/arealorcaradio.es\\\/index.php\\\/2025\\\/05\\\/29\\\/la-antigua-iglesia-de-san-pedro-ya-cuenta-con-cuatro-nuevos-custodios-que-velaran-por-la-revitalizacion-del-enclave-y-su-entorno\\\/\",\"name\":\"La antigua Iglesia de San Pedro ya cuenta con cuatro nuevos 'Custodios', que velar\u00e1n por la revitalizaci\u00f3n del enclave y su entorno\u00a0 - AREA LORCA RADIO\",\"isPartOf\":{\"@id\":\"https:\\\/\\\/arealorcaradio.es\\\/#website\"},\"primaryImageOfPage\":{\"@id\":\"https:\\\/\\\/arealorcaradio.es\\\/index.php\\\/2025\\\/05\\\/29\\\/la-antigua-iglesia-de-san-pedro-ya-cuenta-con-cuatro-nuevos-custodios-que-velaran-por-la-revitalizacion-del-enclave-y-su-entorno\\\/#primaryimage\"},\"image\":{\"@id\":\"https:\\\/\\\/arealorcaradio.es\\\/index.php\\\/2025\\\/05\\\/29\\\/la-antigua-iglesia-de-san-pedro-ya-cuenta-con-cuatro-nuevos-custodios-que-velaran-por-la-revitalizacion-del-enclave-y-su-entorno\\\/#primaryimage\"},\"thumbnailUrl\":\"https:\\\/\\\/arealorcaradio.es\\\/wp-content\\\/uploads\\\/2025\\\/05\\\/foto5-2.jpeg\",\"datePublished\":\"2025-05-29T10:36:42+00:00\",\"author\":{\"@id\":\"https:\\\/\\\/arealorcaradio.es\\\/#\\\/schema\\\/person\\\/9fae605fc25b0f2c83c1ab207139bd27\"},\"breadcrumb\":{\"@id\":\"https:\\\/\\\/arealorcaradio.es\\\/index.php\\\/2025\\\/05\\\/29\\\/la-antigua-iglesia-de-san-pedro-ya-cuenta-con-cuatro-nuevos-custodios-que-velaran-por-la-revitalizacion-del-enclave-y-su-entorno\\\/#breadcrumb\"},\"inLanguage\":\"es\",\"potentialAction\":[{\"@type\":\"ReadAction\",\"target\":[\"https:\\\/\\\/arealorcaradio.es\\\/index.php\\\/2025\\\/05\\\/29\\\/la-antigua-iglesia-de-san-pedro-ya-cuenta-con-cuatro-nuevos-custodios-que-velaran-por-la-revitalizacion-del-enclave-y-su-entorno\\\/\"]}]},{\"@type\":\"ImageObject\",\"inLanguage\":\"es\",\"@id\":\"https:\\\/\\\/arealorcaradio.es\\\/index.php\\\/2025\\\/05\\\/29\\\/la-antigua-iglesia-de-san-pedro-ya-cuenta-con-cuatro-nuevos-custodios-que-velaran-por-la-revitalizacion-del-enclave-y-su-entorno\\\/#primaryimage\",\"url\":\"https:\\\/\\\/arealorcaradio.es\\\/wp-content\\\/uploads\\\/2025\\\/05\\\/foto5-2.jpeg\",\"contentUrl\":\"https:\\\/\\\/arealorcaradio.es\\\/wp-content\\\/uploads\\\/2025\\\/05\\\/foto5-2.jpeg\",\"width\":2048,\"height\":1536},{\"@type\":\"BreadcrumbList\",\"@id\":\"https:\\\/\\\/arealorcaradio.es\\\/index.php\\\/2025\\\/05\\\/29\\\/la-antigua-iglesia-de-san-pedro-ya-cuenta-con-cuatro-nuevos-custodios-que-velaran-por-la-revitalizacion-del-enclave-y-su-entorno\\\/#breadcrumb\",\"itemListElement\":[{\"@type\":\"ListItem\",\"position\":1,\"name\":\"Portada\",\"item\":\"https:\\\/\\\/arealorcaradio.es\\\/\"},{\"@type\":\"ListItem\",\"position\":2,\"name\":\"La antigua Iglesia de San Pedro ya cuenta con cuatro nuevos &#8216;Custodios&#8217;, que velar\u00e1n por la revitalizaci\u00f3n del enclave y su entorno\u00a0\"}]},{\"@type\":\"WebSite\",\"@id\":\"https:\\\/\\\/arealorcaradio.es\\\/#website\",\"url\":\"https:\\\/\\\/arealorcaradio.es\\\/\",\"name\":\"AREA LORCA RADIO\",\"description\":\"Descubre la programaci\u00f3n actual en \u00c1rea Lorca Radio, tu fuente de entrenamiento y noticias locales. Sintoniza ahora y mantente conectado online.\",\"potentialAction\":[{\"@type\":\"SearchAction\",\"target\":{\"@type\":\"EntryPoint\",\"urlTemplate\":\"https:\\\/\\\/arealorcaradio.es\\\/?s={search_term_string}\"},\"query-input\":{\"@type\":\"PropertyValueSpecification\",\"valueRequired\":true,\"valueName\":\"search_term_string\"}}],\"inLanguage\":\"es\"},{\"@type\":\"Person\",\"@id\":\"https:\\\/\\\/arealorcaradio.es\\\/#\\\/schema\\\/person\\\/9fae605fc25b0f2c83c1ab207139bd27\",\"name\":\"Paco S\u00e1nchez\",\"image\":{\"@type\":\"ImageObject\",\"inLanguage\":\"es\",\"@id\":\"https:\\\/\\\/secure.gravatar.com\\\/avatar\\\/d67144e966420fb74aa84c9f2a0103be4724fd14db52b52d3b6bca749f257e79?s=96&d=mm&r=g\",\"url\":\"https:\\\/\\\/secure.gravatar.com\\\/avatar\\\/d67144e966420fb74aa84c9f2a0103be4724fd14db52b52d3b6bca749f257e79?s=96&d=mm&r=g\",\"contentUrl\":\"https:\\\/\\\/secure.gravatar.com\\\/avatar\\\/d67144e966420fb74aa84c9f2a0103be4724fd14db52b52d3b6bca749f257e79?s=96&d=mm&r=g\",\"caption\":\"Paco S\u00e1nchez\"},\"sameAs\":[\"https:\\\/\\\/arealorcaradio.es\"],\"url\":\"https:\\\/\\\/arealorcaradio.es\\\/index.php\\\/author\\\/admin_alorcaradio\\\/\"}]}<\/script>\n<!-- \/ Yoast SEO plugin. -->","yoast_head_json":{"title":"La antigua Iglesia de San Pedro ya cuenta con cuatro nuevos 'Custodios', que velar\u00e1n por la revitalizaci\u00f3n del enclave y su entorno\u00a0 - AREA LORCA RADIO","robots":{"index":"index","follow":"follow","max-snippet":"max-snippet:-1","max-image-preview":"max-image-preview:large","max-video-preview":"max-video-preview:-1"},"canonical":"https:\/\/arealorcaradio.es\/index.php\/2025\/05\/29\/la-antigua-iglesia-de-san-pedro-ya-cuenta-con-cuatro-nuevos-custodios-que-velaran-por-la-revitalizacion-del-enclave-y-su-entorno\/","og_locale":"es_ES","og_type":"article","og_title":"La antigua Iglesia de San Pedro ya cuenta con cuatro nuevos 'Custodios', que velar\u00e1n por la revitalizaci\u00f3n del enclave y su entorno\u00a0 - AREA LORCA RADIO","og_description":"\u00c1REA LORCA RADIO. Actualidad. Lorca, 29 de mayo de 2025. El alcalde de Lorca, Fulgencio Gil J\u00f3dar, ha presidido, en el d\u00eda de hoy, el acto de nombramiento de \u00abCustodios de la antigua Iglesia de San Pedro de los barrios altos de Lorca\u00bb, una cita en la que tambi\u00e9n han estado presentes Francisco Per\u00e1n, presidente, [&hellip;]","og_url":"https:\/\/arealorcaradio.es\/index.php\/2025\/05\/29\/la-antigua-iglesia-de-san-pedro-ya-cuenta-con-cuatro-nuevos-custodios-que-velaran-por-la-revitalizacion-del-enclave-y-su-entorno\/","og_site_name":"AREA LORCA RADIO","article_published_time":"2025-05-29T10:36:42+00:00","og_image":[{"width":2048,"height":1536,"url":"https:\/\/arealorcaradio.es\/wp-content\/uploads\/2025\/05\/foto5-2.jpeg","type":"image\/jpeg"}],"author":"Paco S\u00e1nchez","twitter_card":"summary_large_image","twitter_misc":{"Escrito por":"Paco S\u00e1nchez","Tiempo de lectura":"4 minutos"},"schema":{"@context":"https:\/\/schema.org","@graph":[{"@type":"Article","@id":"https:\/\/arealorcaradio.es\/index.php\/2025\/05\/29\/la-antigua-iglesia-de-san-pedro-ya-cuenta-con-cuatro-nuevos-custodios-que-velaran-por-la-revitalizacion-del-enclave-y-su-entorno\/#article","isPartOf":{"@id":"https:\/\/arealorcaradio.es\/index.php\/2025\/05\/29\/la-antigua-iglesia-de-san-pedro-ya-cuenta-con-cuatro-nuevos-custodios-que-velaran-por-la-revitalizacion-del-enclave-y-su-entorno\/"},"author":{"name":"Paco S\u00e1nchez","@id":"https:\/\/arealorcaradio.es\/#\/schema\/person\/9fae605fc25b0f2c83c1ab207139bd27"},"headline":"La antigua Iglesia de San Pedro ya cuenta con cuatro nuevos &#8216;Custodios&#8217;, que velar\u00e1n por la revitalizaci\u00f3n del enclave y su entorno\u00a0","datePublished":"2025-05-29T10:36:42+00:00","mainEntityOfPage":{"@id":"https:\/\/arealorcaradio.es\/index.php\/2025\/05\/29\/la-antigua-iglesia-de-san-pedro-ya-cuenta-con-cuatro-nuevos-custodios-que-velaran-por-la-revitalizacion-del-enclave-y-su-entorno\/"},"wordCount":789,"commentCount":0,"image":{"@id":"https:\/\/arealorcaradio.es\/index.php\/2025\/05\/29\/la-antigua-iglesia-de-san-pedro-ya-cuenta-con-cuatro-nuevos-custodios-que-velaran-por-la-revitalizacion-del-enclave-y-su-entorno\/#primaryimage"},"thumbnailUrl":"https:\/\/arealorcaradio.es\/wp-content\/uploads\/2025\/05\/foto5-2.jpeg","articleSection":["ACTUALIDAD","LORCA"],"inLanguage":"es","potentialAction":[{"@type":"CommentAction","name":"Comment","target":["https:\/\/arealorcaradio.es\/index.php\/2025\/05\/29\/la-antigua-iglesia-de-san-pedro-ya-cuenta-con-cuatro-nuevos-custodios-que-velaran-por-la-revitalizacion-del-enclave-y-su-entorno\/#respond"]}]},{"@type":"WebPage","@id":"https:\/\/arealorcaradio.es\/index.php\/2025\/05\/29\/la-antigua-iglesia-de-san-pedro-ya-cuenta-con-cuatro-nuevos-custodios-que-velaran-por-la-revitalizacion-del-enclave-y-su-entorno\/","url":"https:\/\/arealorcaradio.es\/index.php\/2025\/05\/29\/la-antigua-iglesia-de-san-pedro-ya-cuenta-con-cuatro-nuevos-custodios-que-velaran-por-la-revitalizacion-del-enclave-y-su-entorno\/","name":"La antigua Iglesia de San Pedro ya cuenta con cuatro nuevos 'Custodios', que velar\u00e1n por la revitalizaci\u00f3n del enclave y su entorno\u00a0 - AREA LORCA RADIO","isPartOf":{"@id":"https:\/\/arealorcaradio.es\/#website"},"primaryImageOfPage":{"@id":"https:\/\/arealorcaradio.es\/index.php\/2025\/05\/29\/la-antigua-iglesia-de-san-pedro-ya-cuenta-con-cuatro-nuevos-custodios-que-velaran-por-la-revitalizacion-del-enclave-y-su-entorno\/#primaryimage"},"image":{"@id":"https:\/\/arealorcaradio.es\/index.php\/2025\/05\/29\/la-antigua-iglesia-de-san-pedro-ya-cuenta-con-cuatro-nuevos-custodios-que-velaran-por-la-revitalizacion-del-enclave-y-su-entorno\/#primaryimage"},"thumbnailUrl":"https:\/\/arealorcaradio.es\/wp-content\/uploads\/2025\/05\/foto5-2.jpeg","datePublished":"2025-05-29T10:36:42+00:00","author":{"@id":"https:\/\/arealorcaradio.es\/#\/schema\/person\/9fae605fc25b0f2c83c1ab207139bd27"},"breadcrumb":{"@id":"https:\/\/arealorcaradio.es\/index.php\/2025\/05\/29\/la-antigua-iglesia-de-san-pedro-ya-cuenta-con-cuatro-nuevos-custodios-que-velaran-por-la-revitalizacion-del-enclave-y-su-entorno\/#breadcrumb"},"inLanguage":"es","potentialAction":[{"@type":"ReadAction","target":["https:\/\/arealorcaradio.es\/index.php\/2025\/05\/29\/la-antigua-iglesia-de-san-pedro-ya-cuenta-con-cuatro-nuevos-custodios-que-velaran-por-la-revitalizacion-del-enclave-y-su-entorno\/"]}]},{"@type":"ImageObject","inLanguage":"es","@id":"https:\/\/arealorcaradio.es\/index.php\/2025\/05\/29\/la-antigua-iglesia-de-san-pedro-ya-cuenta-con-cuatro-nuevos-custodios-que-velaran-por-la-revitalizacion-del-enclave-y-su-entorno\/#primaryimage","url":"https:\/\/arealorcaradio.es\/wp-content\/uploads\/2025\/05\/foto5-2.jpeg","contentUrl":"https:\/\/arealorcaradio.es\/wp-content\/uploads\/2025\/05\/foto5-2.jpeg","width":2048,"height":1536},{"@type":"BreadcrumbList","@id":"https:\/\/arealorcaradio.es\/index.php\/2025\/05\/29\/la-antigua-iglesia-de-san-pedro-ya-cuenta-con-cuatro-nuevos-custodios-que-velaran-por-la-revitalizacion-del-enclave-y-su-entorno\/#breadcrumb","itemListElement":[{"@type":"ListItem","position":1,"name":"Portada","item":"https:\/\/arealorcaradio.es\/"},{"@type":"ListItem","position":2,"name":"La antigua Iglesia de San Pedro ya cuenta con cuatro nuevos &#8216;Custodios&#8217;, que velar\u00e1n por la revitalizaci\u00f3n del enclave y su entorno\u00a0"}]},{"@type":"WebSite","@id":"https:\/\/arealorcaradio.es\/#website","url":"https:\/\/arealorcaradio.es\/","name":"AREA LORCA RADIO","description":"Descubre la programaci\u00f3n actual en \u00c1rea Lorca Radio, tu fuente de entrenamiento y noticias locales. Sintoniza ahora y mantente conectado online.","potentialAction":[{"@type":"SearchAction","target":{"@type":"EntryPoint","urlTemplate":"https:\/\/arealorcaradio.es\/?s={search_term_string}"},"query-input":{"@type":"PropertyValueSpecification","valueRequired":true,"valueName":"search_term_string"}}],"inLanguage":"es"},{"@type":"Person","@id":"https:\/\/arealorcaradio.es\/#\/schema\/person\/9fae605fc25b0f2c83c1ab207139bd27","name":"Paco S\u00e1nchez","image":{"@type":"ImageObject","inLanguage":"es","@id":"https:\/\/secure.gravatar.com\/avatar\/d67144e966420fb74aa84c9f2a0103be4724fd14db52b52d3b6bca749f257e79?s=96&d=mm&r=g","url":"https:\/\/secure.gravatar.com\/avatar\/d67144e966420fb74aa84c9f2a0103be4724fd14db52b52d3b6bca749f257e79?s=96&d=mm&r=g","contentUrl":"https:\/\/secure.gravatar.com\/avatar\/d67144e966420fb74aa84c9f2a0103be4724fd14db52b52d3b6bca749f257e79?s=96&d=mm&r=g","caption":"Paco S\u00e1nchez"},"sameAs":["https:\/\/arealorcaradio.es"],"url":"https:\/\/arealorcaradio.es\/index.php\/author\/admin_alorcaradio\/"}]}},"_links":{"self":[{"href":"https:\/\/arealorcaradio.es\/index.php\/wp-json\/wp\/v2\/posts\/6747","targetHints":{"allow":["GET"]}}],"collection":[{"href":"https:\/\/arealorcaradio.es\/index.php\/wp-json\/wp\/v2\/posts"}],"about":[{"href":"https:\/\/arealorcaradio.es\/index.php\/wp-json\/wp\/v2\/types\/post"}],"author":[{"embeddable":true,"href":"https:\/\/arealorcaradio.es\/index.php\/wp-json\/wp\/v2\/users\/1"}],"replies":[{"embeddable":true,"href":"https:\/\/arealorcaradio.es\/index.php\/wp-json\/wp\/v2\/comments?post=6747"}],"version-history":[{"count":2,"href":"https:\/\/arealorcaradio.es\/index.php\/wp-json\/wp\/v2\/posts\/6747\/revisions"}],"predecessor-version":[{"id":6752,"href":"https:\/\/arealorcaradio.es\/index.php\/wp-json\/wp\/v2\/posts\/6747\/revisions\/6752"}],"wp:featuredmedia":[{"embeddable":true,"href":"https:\/\/arealorcaradio.es\/index.php\/wp-json\/wp\/v2\/media\/6748"}],"wp:attachment":[{"href":"https:\/\/arealorcaradio.es\/index.php\/wp-json\/wp\/v2\/media?parent=6747"}],"wp:term":[{"taxonomy":"category","embeddable":true,"href":"https:\/\/arealorcaradio.es\/index.php\/wp-json\/wp\/v2\/categories?post=6747"},{"taxonomy":"post_tag","embeddable":true,"href":"https:\/\/arealorcaradio.es\/index.php\/wp-json\/wp\/v2\/tags?post=6747"}],"curies":[{"name":"wp","href":"https:\/\/api.w.org\/{rel}","templated":true}]}}