{"id":6741,"date":"2025-05-27T17:18:11","date_gmt":"2025-05-27T17:18:11","guid":{"rendered":"https:\/\/arealorcaradio.es\/?p=6741"},"modified":"2025-05-27T17:18:11","modified_gmt":"2025-05-27T17:18:11","slug":"lorca-celebra-el-dia-mundial-de-la-esclerosis-multiple-con-una-semana-repleta-de-actividades-de-la-mano-de-aema-iii","status":"publish","type":"post","link":"https:\/\/arealorcaradio.es\/index.php\/2025\/05\/27\/lorca-celebra-el-dia-mundial-de-la-esclerosis-multiple-con-una-semana-repleta-de-actividades-de-la-mano-de-aema-iii\/","title":{"rendered":"Lorca celebra el D\u00eda Mundial de la Esclerosis M\u00faltiple con una semana repleta de actividades de la mano de AEMA III"},"content":{"rendered":"<p><strong>\u00c1REA LORCA RADIO. Actualidad.<\/strong><\/p>\n<p>Escucha aqu\u00ed la entrevista que han concedido a Paco S\u00e1nchez en el magazine de \u00c1rea Loarca Radio el presidente de AEMA III Francisco Jos\u00e9 del Vas Gris y el secretario Gin\u00e9s Duarte S\u00e1nchez.<\/p>\n<audio class=\"wp-audio-shortcode\" id=\"audio-6741-1\" preload=\"none\" style=\"width: 100%;\" controls=\"controls\"><source type=\"audio\/mpeg\" src=\"https:\/\/arealorcaradio.es\/wp-content\/uploads\/2025\/05\/270525-FCO.-JOSE-DEL-VAS-Y-GINES-DUARTE.-ESCLEROSIS.mp3?_=1\" \/><a href=\"https:\/\/arealorcaradio.es\/wp-content\/uploads\/2025\/05\/270525-FCO.-JOSE-DEL-VAS-Y-GINES-DUARTE.-ESCLEROSIS.mp3\">https:\/\/arealorcaradio.es\/wp-content\/uploads\/2025\/05\/270525-FCO.-JOSE-DEL-VAS-Y-GINES-DUARTE.-ESCLEROSIS.mp3<\/a><\/audio>\n<p class=\"v1MsoNormal\"><b>Lorca, 27 de mayo de 2025<\/b>.\u00a0La edil de Oeneg\u00e9s y Sanidad, Bel\u00e9n D\u00edaz, junto con el presidente de\u00a0la Asociaci\u00f3n\u00a0Esclerosis\u00a0M\u00faltiple, AEMA III, Francisco Jos\u00e9 del Vas, ha anunciado las distintas actividades que va a realizar durante toda esta semana la entidad en todo el \u00c1rea III de salud, incluyendo a nuestro municipio, con motivo del\u00a0D\u00eda\u00a0Internacional de la\u00a0Esclerosis\u00a0M\u00faltiple, que cada a\u00f1o se celebra el 30 de mayo, y que comprenden talleres, charlas, mesas de cuestaci\u00f3n, adem\u00e1s de la &#8216;XIV Jornadas T\u00e9cnicas sobre Esclerosis M\u00faltiple&#8217;. El d\u00eda 29, se iluminar\u00e1n de verde la pasarela Alcalde Miguel Navarro y la fuente de San Antonio.<\/p>\n<p class=\"v1MsoNormal\"><img loading=\"lazy\" decoding=\"async\" class=\"alignnone size-medium wp-image-6743\" src=\"https:\/\/arealorcaradio.es\/wp-content\/uploads\/2025\/05\/FOTO2-16-300x225.jpeg\" alt=\"\" width=\"300\" height=\"225\" srcset=\"https:\/\/arealorcaradio.es\/wp-content\/uploads\/2025\/05\/FOTO2-16-300x225.jpeg 300w, https:\/\/arealorcaradio.es\/wp-content\/uploads\/2025\/05\/FOTO2-16-1024x768.jpeg 1024w, https:\/\/arealorcaradio.es\/wp-content\/uploads\/2025\/05\/FOTO2-16-768x576.jpeg 768w, https:\/\/arealorcaradio.es\/wp-content\/uploads\/2025\/05\/FOTO2-16-1536x1152.jpeg 1536w, https:\/\/arealorcaradio.es\/wp-content\/uploads\/2025\/05\/FOTO2-16-2048x1536.jpeg 2048w, https:\/\/arealorcaradio.es\/wp-content\/uploads\/2025\/05\/FOTO2-16-86x64.jpeg 86w\" sizes=\"auto, (max-width: 300px) 100vw, 300px\" \/><\/p>\n<p class=\"v1MsoNormal\">Bel\u00e9n D\u00edaz ha querido, en primer lugar, destacar \u00abla importancia de este tipo de iniciativas divulgativas e informativas de car\u00e1cter social y participativo desarrolladas por AEMA III con el principal objetivo de dar visibilidad a esta enfermedad y la labor que realiza la asociaci\u00f3n, que trabaja cada\u00a0d\u00eda\u00a0a favor de las personas con\u00a0Esclerosis\u00a0M\u00faltiple\u00a0y otras patolog\u00edas an\u00e1logas, con la finalidad de mejorar su calidad de vida y la de sus familias y cuidadores. Desde el Ayuntamiento de Lorca, compartimos este \u00faltimo prop\u00f3sito y, por eso, animamos a todos desde aqu\u00ed a sumarse a las actividades propuestas que buscan concienciar a la ciudadan\u00eda con esta problem\u00e1tica social\u00bb.<\/p>\n<p class=\"v1MsoNormal\">Con estos, la Asociaci\u00f3n Esclerosis M\u00faltiple del \u00c1rea III de Salud de la Regi\u00f3n de Murcia\u00a0<b>(AEMA III)<\/b>\u00a0se une al movimiento asociativo liderado por la Asociaci\u00f3n Espa\u00f1ola de Esclerosis M\u00faltiple\u00a0<b>(EME)\u00a0<\/b>para visibilizar las principales reivindicaciones de las personas afectadas por esta enfermedad neurodegenerativa.<\/p>\n<p class=\"v1MsoNormal\">Estas acciones de sensibilizaci\u00f3n llegan bajo el lema \u00ab<b>Mi Esclerosis M\u00faltiple es real, no me la invento\u00bb, que se enmarca en dos ideas clave: reducir los tiempos de detecci\u00f3n de la Esclerosis M\u00faltiple e impulsar un enfoque integral, sanitario y social.\u00a0<\/b><\/p>\n<p class=\"v1MsoNormal\"><b>Por todo ello,\u00a0<\/b>AEMA III ha organizado una intensa semana de actividades dirigida a personas afectadas, familiares, profesionales del \u00e1mbito sanitario y a la ciudadan\u00eda en general, destacando\u00a0<b>XIV edici\u00f3n de las &#8216;Jornadas T\u00e9cnicas sobre Esclerosis M\u00faltiple, que se celebrar\u00e1n el pr\u00f3ximo jueves 29 de mayo, a las 19:00 horas, en el palacete Huerto Ruano. Estas jornadas, de car\u00e1cter gratuito y declaradas de inter\u00e9s sanitario<\/b>\u00a0est\u00e1n dirigidas a personas con EM, familiares, profesionales del \u00e1mbito sanitario y a toda la comunidad interesada en avanzar en el conocimiento y la sensibilizaci\u00f3n sobre esta patolog\u00eda.<\/p>\n<p class=\"v1MsoNormal\">El evento contar\u00e1 con un programa cient\u00edfico- sanitario de gran nivel, con la participaci\u00f3n de especialistas de prestigio en enfermedades desmielinizantes:<\/p>\n<p class=\"v1MsoNormal\">&#8211;\u00a0\u00a0\u00a0\u00a0\u00a0\u00a0\u00a0\u00a0\u00a0\u00a0<b>19:15- Dra. Edwin Roger Meza Murillo<\/b><b><\/b><\/p>\n<p class=\"v1MsoNormal\">Coordinador Unidad de Neurorehabilitaci\u00f3n, Centre d&#8217;Esclerosi M\u00faltiple de Catalunya.<\/p>\n<p class=\"v1MsoNormal\">\u00abEl impacto de la rehabilitaci\u00f3n en las personas con Esclerosis M\u00faltiple\u00bb.<\/p>\n<p class=\"v1MsoNormal\">&#8211;\u00a0\u00a0\u00a0\u00a0\u00a0\u00a0\u00a0\u00a0\u00a0\u00a0<b>19:45- Dra. Blanca De Dios P\u00e9rez<\/b><\/p>\n<p class=\"v1MsoNormal\">Psic\u00f3loga, especializada en Neuropsicolog\u00eda. Universidad de Nottingham, Reino Unido.<\/p>\n<p class=\"v1MsoNormal\">\u00abTrabajar con Esclerosis M\u00faltiple: el papel de la rehabilitaci\u00f3n vocacional\u00bb<\/p>\n<p class=\"v1MsoNormal\">&#8211;\u00a0\u00a0\u00a0\u00a0\u00a0\u00a0\u00a0\u00a0\u00a0\u00a0<b>20:15- Equipo de Valoraci\u00f3n y Orientaci\u00f3n (EVO), IMAS- Lorca<\/b><\/p>\n<p class=\"v1MsoNormal\">\u00abEl nuevo baremo de discapacidad: resolviendo dudas\u00bb<\/p>\n<p class=\"v1MsoNormal\">&#8211;\u00a0\u00a0\u00a0\u00a0\u00a0\u00a0\u00a0\u00a0\u00a0\u00a0<b>20:40- D\u00f1a. Noelia Fern\u00e1ndez Gonz\u00e1lez y D. Asensio Garc\u00eda Abell\u00e1n<\/b><\/p>\n<p class=\"v1MsoNormal\">Personas con EM.<\/p>\n<p class=\"v1MsoNormal\">\u00abExperiencia personal con la Esclerosis M\u00faltiple\u00bb<\/p>\n<p class=\"v1MsoNormal\">&#8211;\u00a0\u00a0\u00a0\u00a0\u00a0\u00a0\u00a0\u00a0\u00a0\u00a0<b>20:55- Clausura de la Jornada<\/b><\/p>\n<p>&nbsp;<\/p>\n<p class=\"v1MsoNormal\">El evento ser\u00e1 presentado y moderado por\u00a0<b>Francisco Jos\u00e9 del Vas Gris<\/b>, presidente de AEMA III.<\/p>\n<p class=\"v1MsoNormal\"><b><u>El resto de actividades son:<\/u><\/b><b><u><\/u><\/b><\/p>\n<p class=\"v1MsoNormal\">\u25cf\u00a0\u00a0\u00a0\u00a0\u00a0\u00a0\u00a0\u00a0<b>Martes 27 de mayo:<\/b><br \/>\nTaller de relajaci\u00f3n y gesti\u00f3n de emociones en la Esclerosis M\u00faltiple<br \/>\n\ud83d\udd55\u00a017:00 h \u2013 En la sede de AEMA III (en colaboraci\u00f3n con Caser Residencial)<\/p>\n<p class=\"v1MsoNormal\">\n<p class=\"v1MsoNormal\">\u25cf\u00a0\u00a0\u00a0\u00a0\u00a0\u00a0\u00a0\u00a0<b>Mi\u00e9rcoles 28 de mayo:<\/b><br \/>\nCuestaci\u00f3n solidaria en Totana<br \/>\n\ud83d\udd58\u00a009:00 a 14:00 h<\/p>\n<p class=\"v1MsoNormal\">\u25cf\u00a0\u00a0\u00a0\u00a0\u00a0\u00a0\u00a0\u00a0<b>Jueves 29 de mayo:<\/b><br \/>\nCuestaci\u00f3n solidaria en Lorca<br \/>\n\ud83d\udd58\u00a009:00 a 14:00 h<\/p>\n<p class=\"v1MsoNormal\">\n<b>XIV Jornadas T\u00e9cnicas sobre Esclerosis M\u00faltiple<\/b><br \/>\n\ud83d\udd56\u00a019:00 h \u2013 Palacio Huerto Ruano (Lorca)<\/p>\n<p>&nbsp;<\/p>\n<p class=\"v1MsoNormal\"><b>Iluminaci\u00f3n de la pasarela Alcalde Miguel Navarro y la fuente de San Antonio<\/b><\/p>\n<p class=\"v1MsoNormal\">\u25cf\u00a0\u00a0\u00a0\u00a0\u00a0\u00a0\u00a0\u00a0<b>Viernes 30 de mayo:<\/b><br \/>\nCuestaci\u00f3n solidaria en Puerto Lumbreras<br \/>\n\ud83d\udd58\u00a009:00 a 14:00 h<\/p>\n<p class=\"v1MsoNormal\">\n<p class=\"v1MsoNormal\">\u25cf\u00a0\u00a0\u00a0\u00a0\u00a0\u00a0\u00a0\u00a0<b>S\u00e1bado 31 de mayo:<\/b><br \/>\nCuestaci\u00f3n solidaria en \u00c1guilas<br \/>\n\ud83d\udd58\u00a009:00 a 14:00 h<\/p>\n<p class=\"v1MsoNormal\">\n<p class=\"v1MsoNormal\">AEMA III reafirma, un a\u00f1o m\u00e1s, su compromiso con la mejora de la calidad de vida de las personas afectadas por Esclerosis M\u00faltiple y enfermedades afines, promoviendo la atenci\u00f3n integral, el apoyo emocional, la rehabilitaci\u00f3n y la defensa de sus derechos.\u00a0 Para\u00a0<b>m\u00e1s informaci\u00f3n<\/b>\u00a0sobre las jornadas, la labor de Asociaci\u00f3n o c\u00f3mo colaborar, puede visitar la web oficial\u00a0<a href=\"http:\/\/www.aema3.org\/\" target=\"_blank\" rel=\"noopener noreferrer\">www.aema3.org<\/a>\u00a0o seguirnos en redes sociales.<\/p>\n<p class=\"v1MsoNormal\"><img loading=\"lazy\" decoding=\"async\" class=\"alignnone size-medium wp-image-6745\" src=\"https:\/\/arealorcaradio.es\/wp-content\/uploads\/2025\/05\/CARTEL-4-212x300.jpeg\" alt=\"\" width=\"212\" height=\"300\" srcset=\"https:\/\/arealorcaradio.es\/wp-content\/uploads\/2025\/05\/CARTEL-4-212x300.jpeg 212w, https:\/\/arealorcaradio.es\/wp-content\/uploads\/2025\/05\/CARTEL-4-724x1024.jpeg 724w, https:\/\/arealorcaradio.es\/wp-content\/uploads\/2025\/05\/CARTEL-4-768x1086.jpeg 768w, https:\/\/arealorcaradio.es\/wp-content\/uploads\/2025\/05\/CARTEL-4-1086x1536.jpeg 1086w, https:\/\/arealorcaradio.es\/wp-content\/uploads\/2025\/05\/CARTEL-4.jpeg 1131w\" sizes=\"auto, (max-width: 212px) 100vw, 212px\" \/><\/p>\n","protected":false},"excerpt":{"rendered":"<p>\u00c1REA LORCA RADIO. Actualidad. Escucha aqu\u00ed la entrevista que han concedido a Paco S\u00e1nchez en el magazine de \u00c1rea Loarca Radio el presidente de AEMA III Francisco Jos\u00e9 del Vas Gris y el secretario Gin\u00e9s Duarte S\u00e1nchez. Lorca, 27 de mayo de 2025.\u00a0La edil de Oeneg\u00e9s y Sanidad, Bel\u00e9n D\u00edaz, junto con el presidente de\u00a0la [&hellip;]<\/p>\n","protected":false},"author":1,"featured_media":6744,"comment_status":"open","ping_status":"open","sticky":false,"template":"","format":"standard","meta":{"iawp_total_views":10,"footnotes":""},"categories":[5,7],"tags":[],"class_list":["post-6741","post","type-post","status-publish","format-standard","has-post-thumbnail","hentry","category-actualidad","category-lorca"],"yoast_head":"<!-- This site is optimized with the Yoast SEO plugin v27.5 - https:\/\/yoast.com\/product\/yoast-seo-wordpress\/ -->\n<title>Lorca celebra el D\u00eda Mundial de la Esclerosis M\u00faltiple con una semana repleta de actividades de la mano de AEMA III - AREA LORCA RADIO<\/title>\n<meta name=\"robots\" content=\"index, follow, max-snippet:-1, max-image-preview:large, max-video-preview:-1\" \/>\n<link rel=\"canonical\" href=\"https:\/\/arealorcaradio.es\/index.php\/2025\/05\/27\/lorca-celebra-el-dia-mundial-de-la-esclerosis-multiple-con-una-semana-repleta-de-actividades-de-la-mano-de-aema-iii\/\" \/>\n<meta property=\"og:locale\" content=\"es_ES\" \/>\n<meta property=\"og:type\" content=\"article\" \/>\n<meta property=\"og:title\" content=\"Lorca celebra el D\u00eda Mundial de la Esclerosis M\u00faltiple con una semana repleta de actividades de la mano de AEMA III - AREA LORCA RADIO\" \/>\n<meta property=\"og:description\" content=\"\u00c1REA LORCA RADIO. Actualidad. Escucha aqu\u00ed la entrevista que han concedido a Paco S\u00e1nchez en el magazine de \u00c1rea Loarca Radio el presidente de AEMA III Francisco Jos\u00e9 del Vas Gris y el secretario Gin\u00e9s Duarte S\u00e1nchez. Lorca, 27 de mayo de 2025.\u00a0La edil de Oeneg\u00e9s y Sanidad, Bel\u00e9n D\u00edaz, junto con el presidente de\u00a0la [&hellip;]\" \/>\n<meta property=\"og:url\" content=\"https:\/\/arealorcaradio.es\/index.php\/2025\/05\/27\/lorca-celebra-el-dia-mundial-de-la-esclerosis-multiple-con-una-semana-repleta-de-actividades-de-la-mano-de-aema-iii\/\" \/>\n<meta property=\"og:site_name\" content=\"AREA LORCA RADIO\" \/>\n<meta property=\"article:published_time\" content=\"2025-05-27T17:18:11+00:00\" \/>\n<meta property=\"og:image\" content=\"https:\/\/arealorcaradio.es\/wp-content\/uploads\/2025\/05\/20250527_170957-scaled.jpg\" \/>\n\t<meta property=\"og:image:width\" content=\"2560\" \/>\n\t<meta property=\"og:image:height\" content=\"1920\" \/>\n\t<meta property=\"og:image:type\" content=\"image\/jpeg\" \/>\n<meta name=\"author\" content=\"Paco S\u00e1nchez\" \/>\n<meta name=\"twitter:card\" content=\"summary_large_image\" \/>\n<meta name=\"twitter:label1\" content=\"Escrito por\" \/>\n\t<meta name=\"twitter:data1\" content=\"Paco S\u00e1nchez\" \/>\n\t<meta name=\"twitter:label2\" content=\"Tiempo de lectura\" \/>\n\t<meta name=\"twitter:data2\" content=\"5 minutos\" \/>\n<script type=\"application\/ld+json\" class=\"yoast-schema-graph\">{\"@context\":\"https:\\\/\\\/schema.org\",\"@graph\":[{\"@type\":\"Article\",\"@id\":\"https:\\\/\\\/arealorcaradio.es\\\/index.php\\\/2025\\\/05\\\/27\\\/lorca-celebra-el-dia-mundial-de-la-esclerosis-multiple-con-una-semana-repleta-de-actividades-de-la-mano-de-aema-iii\\\/#article\",\"isPartOf\":{\"@id\":\"https:\\\/\\\/arealorcaradio.es\\\/index.php\\\/2025\\\/05\\\/27\\\/lorca-celebra-el-dia-mundial-de-la-esclerosis-multiple-con-una-semana-repleta-de-actividades-de-la-mano-de-aema-iii\\\/\"},\"author\":{\"name\":\"Paco S\u00e1nchez\",\"@id\":\"https:\\\/\\\/arealorcaradio.es\\\/#\\\/schema\\\/person\\\/9fae605fc25b0f2c83c1ab207139bd27\"},\"headline\":\"Lorca celebra el D\u00eda Mundial de la Esclerosis M\u00faltiple con una semana repleta de actividades de la mano de AEMA III\",\"datePublished\":\"2025-05-27T17:18:11+00:00\",\"mainEntityOfPage\":{\"@id\":\"https:\\\/\\\/arealorcaradio.es\\\/index.php\\\/2025\\\/05\\\/27\\\/lorca-celebra-el-dia-mundial-de-la-esclerosis-multiple-con-una-semana-repleta-de-actividades-de-la-mano-de-aema-iii\\\/\"},\"wordCount\":847,\"commentCount\":0,\"image\":{\"@id\":\"https:\\\/\\\/arealorcaradio.es\\\/index.php\\\/2025\\\/05\\\/27\\\/lorca-celebra-el-dia-mundial-de-la-esclerosis-multiple-con-una-semana-repleta-de-actividades-de-la-mano-de-aema-iii\\\/#primaryimage\"},\"thumbnailUrl\":\"https:\\\/\\\/arealorcaradio.es\\\/wp-content\\\/uploads\\\/2025\\\/05\\\/20250527_170957-scaled.jpg\",\"articleSection\":[\"ACTUALIDAD\",\"LORCA\"],\"inLanguage\":\"es\",\"potentialAction\":[{\"@type\":\"CommentAction\",\"name\":\"Comment\",\"target\":[\"https:\\\/\\\/arealorcaradio.es\\\/index.php\\\/2025\\\/05\\\/27\\\/lorca-celebra-el-dia-mundial-de-la-esclerosis-multiple-con-una-semana-repleta-de-actividades-de-la-mano-de-aema-iii\\\/#respond\"]}]},{\"@type\":\"WebPage\",\"@id\":\"https:\\\/\\\/arealorcaradio.es\\\/index.php\\\/2025\\\/05\\\/27\\\/lorca-celebra-el-dia-mundial-de-la-esclerosis-multiple-con-una-semana-repleta-de-actividades-de-la-mano-de-aema-iii\\\/\",\"url\":\"https:\\\/\\\/arealorcaradio.es\\\/index.php\\\/2025\\\/05\\\/27\\\/lorca-celebra-el-dia-mundial-de-la-esclerosis-multiple-con-una-semana-repleta-de-actividades-de-la-mano-de-aema-iii\\\/\",\"name\":\"Lorca celebra el D\u00eda Mundial de la Esclerosis M\u00faltiple con una semana repleta de actividades de la mano de AEMA III - AREA LORCA RADIO\",\"isPartOf\":{\"@id\":\"https:\\\/\\\/arealorcaradio.es\\\/#website\"},\"primaryImageOfPage\":{\"@id\":\"https:\\\/\\\/arealorcaradio.es\\\/index.php\\\/2025\\\/05\\\/27\\\/lorca-celebra-el-dia-mundial-de-la-esclerosis-multiple-con-una-semana-repleta-de-actividades-de-la-mano-de-aema-iii\\\/#primaryimage\"},\"image\":{\"@id\":\"https:\\\/\\\/arealorcaradio.es\\\/index.php\\\/2025\\\/05\\\/27\\\/lorca-celebra-el-dia-mundial-de-la-esclerosis-multiple-con-una-semana-repleta-de-actividades-de-la-mano-de-aema-iii\\\/#primaryimage\"},\"thumbnailUrl\":\"https:\\\/\\\/arealorcaradio.es\\\/wp-content\\\/uploads\\\/2025\\\/05\\\/20250527_170957-scaled.jpg\",\"datePublished\":\"2025-05-27T17:18:11+00:00\",\"author\":{\"@id\":\"https:\\\/\\\/arealorcaradio.es\\\/#\\\/schema\\\/person\\\/9fae605fc25b0f2c83c1ab207139bd27\"},\"breadcrumb\":{\"@id\":\"https:\\\/\\\/arealorcaradio.es\\\/index.php\\\/2025\\\/05\\\/27\\\/lorca-celebra-el-dia-mundial-de-la-esclerosis-multiple-con-una-semana-repleta-de-actividades-de-la-mano-de-aema-iii\\\/#breadcrumb\"},\"inLanguage\":\"es\",\"potentialAction\":[{\"@type\":\"ReadAction\",\"target\":[\"https:\\\/\\\/arealorcaradio.es\\\/index.php\\\/2025\\\/05\\\/27\\\/lorca-celebra-el-dia-mundial-de-la-esclerosis-multiple-con-una-semana-repleta-de-actividades-de-la-mano-de-aema-iii\\\/\"]}]},{\"@type\":\"ImageObject\",\"inLanguage\":\"es\",\"@id\":\"https:\\\/\\\/arealorcaradio.es\\\/index.php\\\/2025\\\/05\\\/27\\\/lorca-celebra-el-dia-mundial-de-la-esclerosis-multiple-con-una-semana-repleta-de-actividades-de-la-mano-de-aema-iii\\\/#primaryimage\",\"url\":\"https:\\\/\\\/arealorcaradio.es\\\/wp-content\\\/uploads\\\/2025\\\/05\\\/20250527_170957-scaled.jpg\",\"contentUrl\":\"https:\\\/\\\/arealorcaradio.es\\\/wp-content\\\/uploads\\\/2025\\\/05\\\/20250527_170957-scaled.jpg\",\"width\":2560,\"height\":1920},{\"@type\":\"BreadcrumbList\",\"@id\":\"https:\\\/\\\/arealorcaradio.es\\\/index.php\\\/2025\\\/05\\\/27\\\/lorca-celebra-el-dia-mundial-de-la-esclerosis-multiple-con-una-semana-repleta-de-actividades-de-la-mano-de-aema-iii\\\/#breadcrumb\",\"itemListElement\":[{\"@type\":\"ListItem\",\"position\":1,\"name\":\"Portada\",\"item\":\"https:\\\/\\\/arealorcaradio.es\\\/\"},{\"@type\":\"ListItem\",\"position\":2,\"name\":\"Lorca celebra el D\u00eda Mundial de la Esclerosis M\u00faltiple con una semana repleta de actividades de la mano de AEMA III\"}]},{\"@type\":\"WebSite\",\"@id\":\"https:\\\/\\\/arealorcaradio.es\\\/#website\",\"url\":\"https:\\\/\\\/arealorcaradio.es\\\/\",\"name\":\"AREA LORCA RADIO\",\"description\":\"Descubre la programaci\u00f3n actual en \u00c1rea Lorca Radio, tu fuente de entrenamiento y noticias locales. Sintoniza ahora y mantente conectado online.\",\"potentialAction\":[{\"@type\":\"SearchAction\",\"target\":{\"@type\":\"EntryPoint\",\"urlTemplate\":\"https:\\\/\\\/arealorcaradio.es\\\/?s={search_term_string}\"},\"query-input\":{\"@type\":\"PropertyValueSpecification\",\"valueRequired\":true,\"valueName\":\"search_term_string\"}}],\"inLanguage\":\"es\"},{\"@type\":\"Person\",\"@id\":\"https:\\\/\\\/arealorcaradio.es\\\/#\\\/schema\\\/person\\\/9fae605fc25b0f2c83c1ab207139bd27\",\"name\":\"Paco S\u00e1nchez\",\"image\":{\"@type\":\"ImageObject\",\"inLanguage\":\"es\",\"@id\":\"https:\\\/\\\/secure.gravatar.com\\\/avatar\\\/d67144e966420fb74aa84c9f2a0103be4724fd14db52b52d3b6bca749f257e79?s=96&d=mm&r=g\",\"url\":\"https:\\\/\\\/secure.gravatar.com\\\/avatar\\\/d67144e966420fb74aa84c9f2a0103be4724fd14db52b52d3b6bca749f257e79?s=96&d=mm&r=g\",\"contentUrl\":\"https:\\\/\\\/secure.gravatar.com\\\/avatar\\\/d67144e966420fb74aa84c9f2a0103be4724fd14db52b52d3b6bca749f257e79?s=96&d=mm&r=g\",\"caption\":\"Paco S\u00e1nchez\"},\"sameAs\":[\"https:\\\/\\\/arealorcaradio.es\"],\"url\":\"https:\\\/\\\/arealorcaradio.es\\\/index.php\\\/author\\\/admin_alorcaradio\\\/\"}]}<\/script>\n<!-- \/ Yoast SEO plugin. -->","yoast_head_json":{"title":"Lorca celebra el D\u00eda Mundial de la Esclerosis M\u00faltiple con una semana repleta de actividades de la mano de AEMA III - AREA LORCA RADIO","robots":{"index":"index","follow":"follow","max-snippet":"max-snippet:-1","max-image-preview":"max-image-preview:large","max-video-preview":"max-video-preview:-1"},"canonical":"https:\/\/arealorcaradio.es\/index.php\/2025\/05\/27\/lorca-celebra-el-dia-mundial-de-la-esclerosis-multiple-con-una-semana-repleta-de-actividades-de-la-mano-de-aema-iii\/","og_locale":"es_ES","og_type":"article","og_title":"Lorca celebra el D\u00eda Mundial de la Esclerosis M\u00faltiple con una semana repleta de actividades de la mano de AEMA III - AREA LORCA RADIO","og_description":"\u00c1REA LORCA RADIO. Actualidad. Escucha aqu\u00ed la entrevista que han concedido a Paco S\u00e1nchez en el magazine de \u00c1rea Loarca Radio el presidente de AEMA III Francisco Jos\u00e9 del Vas Gris y el secretario Gin\u00e9s Duarte S\u00e1nchez. Lorca, 27 de mayo de 2025.\u00a0La edil de Oeneg\u00e9s y Sanidad, Bel\u00e9n D\u00edaz, junto con el presidente de\u00a0la [&hellip;]","og_url":"https:\/\/arealorcaradio.es\/index.php\/2025\/05\/27\/lorca-celebra-el-dia-mundial-de-la-esclerosis-multiple-con-una-semana-repleta-de-actividades-de-la-mano-de-aema-iii\/","og_site_name":"AREA LORCA RADIO","article_published_time":"2025-05-27T17:18:11+00:00","og_image":[{"width":2560,"height":1920,"url":"https:\/\/arealorcaradio.es\/wp-content\/uploads\/2025\/05\/20250527_170957-scaled.jpg","type":"image\/jpeg"}],"author":"Paco S\u00e1nchez","twitter_card":"summary_large_image","twitter_misc":{"Escrito por":"Paco S\u00e1nchez","Tiempo de lectura":"5 minutos"},"schema":{"@context":"https:\/\/schema.org","@graph":[{"@type":"Article","@id":"https:\/\/arealorcaradio.es\/index.php\/2025\/05\/27\/lorca-celebra-el-dia-mundial-de-la-esclerosis-multiple-con-una-semana-repleta-de-actividades-de-la-mano-de-aema-iii\/#article","isPartOf":{"@id":"https:\/\/arealorcaradio.es\/index.php\/2025\/05\/27\/lorca-celebra-el-dia-mundial-de-la-esclerosis-multiple-con-una-semana-repleta-de-actividades-de-la-mano-de-aema-iii\/"},"author":{"name":"Paco S\u00e1nchez","@id":"https:\/\/arealorcaradio.es\/#\/schema\/person\/9fae605fc25b0f2c83c1ab207139bd27"},"headline":"Lorca celebra el D\u00eda Mundial de la Esclerosis M\u00faltiple con una semana repleta de actividades de la mano de AEMA III","datePublished":"2025-05-27T17:18:11+00:00","mainEntityOfPage":{"@id":"https:\/\/arealorcaradio.es\/index.php\/2025\/05\/27\/lorca-celebra-el-dia-mundial-de-la-esclerosis-multiple-con-una-semana-repleta-de-actividades-de-la-mano-de-aema-iii\/"},"wordCount":847,"commentCount":0,"image":{"@id":"https:\/\/arealorcaradio.es\/index.php\/2025\/05\/27\/lorca-celebra-el-dia-mundial-de-la-esclerosis-multiple-con-una-semana-repleta-de-actividades-de-la-mano-de-aema-iii\/#primaryimage"},"thumbnailUrl":"https:\/\/arealorcaradio.es\/wp-content\/uploads\/2025\/05\/20250527_170957-scaled.jpg","articleSection":["ACTUALIDAD","LORCA"],"inLanguage":"es","potentialAction":[{"@type":"CommentAction","name":"Comment","target":["https:\/\/arealorcaradio.es\/index.php\/2025\/05\/27\/lorca-celebra-el-dia-mundial-de-la-esclerosis-multiple-con-una-semana-repleta-de-actividades-de-la-mano-de-aema-iii\/#respond"]}]},{"@type":"WebPage","@id":"https:\/\/arealorcaradio.es\/index.php\/2025\/05\/27\/lorca-celebra-el-dia-mundial-de-la-esclerosis-multiple-con-una-semana-repleta-de-actividades-de-la-mano-de-aema-iii\/","url":"https:\/\/arealorcaradio.es\/index.php\/2025\/05\/27\/lorca-celebra-el-dia-mundial-de-la-esclerosis-multiple-con-una-semana-repleta-de-actividades-de-la-mano-de-aema-iii\/","name":"Lorca celebra el D\u00eda Mundial de la Esclerosis M\u00faltiple con una semana repleta de actividades de la mano de AEMA III - AREA LORCA RADIO","isPartOf":{"@id":"https:\/\/arealorcaradio.es\/#website"},"primaryImageOfPage":{"@id":"https:\/\/arealorcaradio.es\/index.php\/2025\/05\/27\/lorca-celebra-el-dia-mundial-de-la-esclerosis-multiple-con-una-semana-repleta-de-actividades-de-la-mano-de-aema-iii\/#primaryimage"},"image":{"@id":"https:\/\/arealorcaradio.es\/index.php\/2025\/05\/27\/lorca-celebra-el-dia-mundial-de-la-esclerosis-multiple-con-una-semana-repleta-de-actividades-de-la-mano-de-aema-iii\/#primaryimage"},"thumbnailUrl":"https:\/\/arealorcaradio.es\/wp-content\/uploads\/2025\/05\/20250527_170957-scaled.jpg","datePublished":"2025-05-27T17:18:11+00:00","author":{"@id":"https:\/\/arealorcaradio.es\/#\/schema\/person\/9fae605fc25b0f2c83c1ab207139bd27"},"breadcrumb":{"@id":"https:\/\/arealorcaradio.es\/index.php\/2025\/05\/27\/lorca-celebra-el-dia-mundial-de-la-esclerosis-multiple-con-una-semana-repleta-de-actividades-de-la-mano-de-aema-iii\/#breadcrumb"},"inLanguage":"es","potentialAction":[{"@type":"ReadAction","target":["https:\/\/arealorcaradio.es\/index.php\/2025\/05\/27\/lorca-celebra-el-dia-mundial-de-la-esclerosis-multiple-con-una-semana-repleta-de-actividades-de-la-mano-de-aema-iii\/"]}]},{"@type":"ImageObject","inLanguage":"es","@id":"https:\/\/arealorcaradio.es\/index.php\/2025\/05\/27\/lorca-celebra-el-dia-mundial-de-la-esclerosis-multiple-con-una-semana-repleta-de-actividades-de-la-mano-de-aema-iii\/#primaryimage","url":"https:\/\/arealorcaradio.es\/wp-content\/uploads\/2025\/05\/20250527_170957-scaled.jpg","contentUrl":"https:\/\/arealorcaradio.es\/wp-content\/uploads\/2025\/05\/20250527_170957-scaled.jpg","width":2560,"height":1920},{"@type":"BreadcrumbList","@id":"https:\/\/arealorcaradio.es\/index.php\/2025\/05\/27\/lorca-celebra-el-dia-mundial-de-la-esclerosis-multiple-con-una-semana-repleta-de-actividades-de-la-mano-de-aema-iii\/#breadcrumb","itemListElement":[{"@type":"ListItem","position":1,"name":"Portada","item":"https:\/\/arealorcaradio.es\/"},{"@type":"ListItem","position":2,"name":"Lorca celebra el D\u00eda Mundial de la Esclerosis M\u00faltiple con una semana repleta de actividades de la mano de AEMA III"}]},{"@type":"WebSite","@id":"https:\/\/arealorcaradio.es\/#website","url":"https:\/\/arealorcaradio.es\/","name":"AREA LORCA RADIO","description":"Descubre la programaci\u00f3n actual en \u00c1rea Lorca Radio, tu fuente de entrenamiento y noticias locales. Sintoniza ahora y mantente conectado online.","potentialAction":[{"@type":"SearchAction","target":{"@type":"EntryPoint","urlTemplate":"https:\/\/arealorcaradio.es\/?s={search_term_string}"},"query-input":{"@type":"PropertyValueSpecification","valueRequired":true,"valueName":"search_term_string"}}],"inLanguage":"es"},{"@type":"Person","@id":"https:\/\/arealorcaradio.es\/#\/schema\/person\/9fae605fc25b0f2c83c1ab207139bd27","name":"Paco S\u00e1nchez","image":{"@type":"ImageObject","inLanguage":"es","@id":"https:\/\/secure.gravatar.com\/avatar\/d67144e966420fb74aa84c9f2a0103be4724fd14db52b52d3b6bca749f257e79?s=96&d=mm&r=g","url":"https:\/\/secure.gravatar.com\/avatar\/d67144e966420fb74aa84c9f2a0103be4724fd14db52b52d3b6bca749f257e79?s=96&d=mm&r=g","contentUrl":"https:\/\/secure.gravatar.com\/avatar\/d67144e966420fb74aa84c9f2a0103be4724fd14db52b52d3b6bca749f257e79?s=96&d=mm&r=g","caption":"Paco S\u00e1nchez"},"sameAs":["https:\/\/arealorcaradio.es"],"url":"https:\/\/arealorcaradio.es\/index.php\/author\/admin_alorcaradio\/"}]}},"_links":{"self":[{"href":"https:\/\/arealorcaradio.es\/index.php\/wp-json\/wp\/v2\/posts\/6741","targetHints":{"allow":["GET"]}}],"collection":[{"href":"https:\/\/arealorcaradio.es\/index.php\/wp-json\/wp\/v2\/posts"}],"about":[{"href":"https:\/\/arealorcaradio.es\/index.php\/wp-json\/wp\/v2\/types\/post"}],"author":[{"embeddable":true,"href":"https:\/\/arealorcaradio.es\/index.php\/wp-json\/wp\/v2\/users\/1"}],"replies":[{"embeddable":true,"href":"https:\/\/arealorcaradio.es\/index.php\/wp-json\/wp\/v2\/comments?post=6741"}],"version-history":[{"count":1,"href":"https:\/\/arealorcaradio.es\/index.php\/wp-json\/wp\/v2\/posts\/6741\/revisions"}],"predecessor-version":[{"id":6746,"href":"https:\/\/arealorcaradio.es\/index.php\/wp-json\/wp\/v2\/posts\/6741\/revisions\/6746"}],"wp:featuredmedia":[{"embeddable":true,"href":"https:\/\/arealorcaradio.es\/index.php\/wp-json\/wp\/v2\/media\/6744"}],"wp:attachment":[{"href":"https:\/\/arealorcaradio.es\/index.php\/wp-json\/wp\/v2\/media?parent=6741"}],"wp:term":[{"taxonomy":"category","embeddable":true,"href":"https:\/\/arealorcaradio.es\/index.php\/wp-json\/wp\/v2\/categories?post=6741"},{"taxonomy":"post_tag","embeddable":true,"href":"https:\/\/arealorcaradio.es\/index.php\/wp-json\/wp\/v2\/tags?post=6741"}],"curies":[{"name":"wp","href":"https:\/\/api.w.org\/{rel}","templated":true}]}}