{"id":6719,"date":"2025-05-22T20:39:15","date_gmt":"2025-05-22T20:39:15","guid":{"rendered":"https:\/\/arealorcaradio.es\/?p=6719"},"modified":"2025-05-22T20:39:15","modified_gmt":"2025-05-22T20:39:15","slug":"los-alumnos-de-interpretacion-de-la-universidad-popular-de-lorca-demostraran-este-lunes-sus-dotes-en-el-auditorio-margarita-lozano","status":"publish","type":"post","link":"https:\/\/arealorcaradio.es\/index.php\/2025\/05\/22\/los-alumnos-de-interpretacion-de-la-universidad-popular-de-lorca-demostraran-este-lunes-sus-dotes-en-el-auditorio-margarita-lozano\/","title":{"rendered":"Los alumnos de interpretaci\u00f3n de la Universidad Popular de Lorca demostraran este lunes sus dotes en el Auditorio Margarita Lozano"},"content":{"rendered":"<p><strong>\u00c1REA LORCA RADIO. Cultura.<\/strong><\/p>\n<p>Escucha aqu\u00ed la entrevista que han concedido a Paco S\u00e1nchez en el magazine de \u00c1rea Lorca Radio tres de los interpretes de estas obras de teatro en las que han trabajado durante muchos meses m\u00e1s de dos horas semanales. Ahora toca clausurar este curso de interpretaci\u00f3n de la Universidad Popular de Lorca. Ana S\u00e1nchez L\u00e1zaro, Eva Serrano y Jamie Laidler nos han contado con detalle todo lo referente a estas obras de teatro de las que los lorquinos podr\u00e1n disfrutar en el Auditorio Margarita Lozano con acceso totalmente gratuito.<\/p>\n<audio class=\"wp-audio-shortcode\" id=\"audio-6719-1\" preload=\"none\" style=\"width: 100%;\" controls=\"controls\"><source type=\"audio\/mpeg\" src=\"https:\/\/arealorcaradio.es\/wp-content\/uploads\/2025\/05\/220525-TEATRO-UNIV.-POPULAR.mp3?_=1\" \/><a href=\"https:\/\/arealorcaradio.es\/wp-content\/uploads\/2025\/05\/220525-TEATRO-UNIV.-POPULAR.mp3\">https:\/\/arealorcaradio.es\/wp-content\/uploads\/2025\/05\/220525-TEATRO-UNIV.-POPULAR.mp3<\/a><\/audio>\n<p><img loading=\"lazy\" decoding=\"async\" class=\"alignnone size-medium wp-image-6721\" src=\"https:\/\/arealorcaradio.es\/wp-content\/uploads\/2025\/05\/20250522_182925-300x225.jpg\" alt=\"\" width=\"300\" height=\"225\" srcset=\"https:\/\/arealorcaradio.es\/wp-content\/uploads\/2025\/05\/20250522_182925-300x225.jpg 300w, https:\/\/arealorcaradio.es\/wp-content\/uploads\/2025\/05\/20250522_182925-1024x768.jpg 1024w, https:\/\/arealorcaradio.es\/wp-content\/uploads\/2025\/05\/20250522_182925-768x576.jpg 768w, https:\/\/arealorcaradio.es\/wp-content\/uploads\/2025\/05\/20250522_182925-1536x1152.jpg 1536w, https:\/\/arealorcaradio.es\/wp-content\/uploads\/2025\/05\/20250522_182925-2048x1536.jpg 2048w, https:\/\/arealorcaradio.es\/wp-content\/uploads\/2025\/05\/20250522_182925-86x64.jpg 86w\" sizes=\"auto, (max-width: 300px) 100vw, 300px\" \/>\u00a0 <img loading=\"lazy\" decoding=\"async\" class=\"alignnone size-medium wp-image-6722\" src=\"https:\/\/arealorcaradio.es\/wp-content\/uploads\/2025\/05\/20250522_183011-300x225.jpg\" alt=\"\" width=\"300\" height=\"225\" srcset=\"https:\/\/arealorcaradio.es\/wp-content\/uploads\/2025\/05\/20250522_183011-300x225.jpg 300w, https:\/\/arealorcaradio.es\/wp-content\/uploads\/2025\/05\/20250522_183011-1024x768.jpg 1024w, https:\/\/arealorcaradio.es\/wp-content\/uploads\/2025\/05\/20250522_183011-768x576.jpg 768w, https:\/\/arealorcaradio.es\/wp-content\/uploads\/2025\/05\/20250522_183011-1536x1152.jpg 1536w, https:\/\/arealorcaradio.es\/wp-content\/uploads\/2025\/05\/20250522_183011-2048x1536.jpg 2048w, https:\/\/arealorcaradio.es\/wp-content\/uploads\/2025\/05\/20250522_183011-86x64.jpg 86w\" sizes=\"auto, (max-width: 300px) 100vw, 300px\" \/> <img loading=\"lazy\" decoding=\"async\" class=\"alignnone size-medium wp-image-6727\" src=\"https:\/\/arealorcaradio.es\/wp-content\/uploads\/2025\/05\/IMG-20250522-WA0053-212x300.jpg\" alt=\"\" width=\"212\" height=\"300\" srcset=\"https:\/\/arealorcaradio.es\/wp-content\/uploads\/2025\/05\/IMG-20250522-WA0053-212x300.jpg 212w, https:\/\/arealorcaradio.es\/wp-content\/uploads\/2025\/05\/IMG-20250522-WA0053-724x1024.jpg 724w, https:\/\/arealorcaradio.es\/wp-content\/uploads\/2025\/05\/IMG-20250522-WA0053-768x1086.jpg 768w, https:\/\/arealorcaradio.es\/wp-content\/uploads\/2025\/05\/IMG-20250522-WA0053-1086x1536.jpg 1086w, https:\/\/arealorcaradio.es\/wp-content\/uploads\/2025\/05\/IMG-20250522-WA0053.jpg 1131w\" sizes=\"auto, (max-width: 212px) 100vw, 212px\" \/> <img loading=\"lazy\" decoding=\"async\" class=\"alignnone size-medium wp-image-6724\" src=\"https:\/\/arealorcaradio.es\/wp-content\/uploads\/2025\/05\/IMG-20250521-WA0005-212x300.jpg\" alt=\"\" width=\"212\" height=\"300\" srcset=\"https:\/\/arealorcaradio.es\/wp-content\/uploads\/2025\/05\/IMG-20250521-WA0005-212x300.jpg 212w, https:\/\/arealorcaradio.es\/wp-content\/uploads\/2025\/05\/IMG-20250521-WA0005-724x1024.jpg 724w, https:\/\/arealorcaradio.es\/wp-content\/uploads\/2025\/05\/IMG-20250521-WA0005-768x1086.jpg 768w, https:\/\/arealorcaradio.es\/wp-content\/uploads\/2025\/05\/IMG-20250521-WA0005-1086x1536.jpg 1086w, https:\/\/arealorcaradio.es\/wp-content\/uploads\/2025\/05\/IMG-20250521-WA0005.jpg 1131w\" sizes=\"auto, (max-width: 212px) 100vw, 212px\" \/> \u00a0<img loading=\"lazy\" decoding=\"async\" class=\"alignnone size-medium wp-image-6723\" src=\"https:\/\/arealorcaradio.es\/wp-content\/uploads\/2025\/05\/IMG-20250521-WA0000-212x300.jpg\" alt=\"\" width=\"212\" height=\"300\" srcset=\"https:\/\/arealorcaradio.es\/wp-content\/uploads\/2025\/05\/IMG-20250521-WA0000-212x300.jpg 212w, https:\/\/arealorcaradio.es\/wp-content\/uploads\/2025\/05\/IMG-20250521-WA0000-723x1024.jpg 723w, https:\/\/arealorcaradio.es\/wp-content\/uploads\/2025\/05\/IMG-20250521-WA0000-768x1087.jpg 768w, https:\/\/arealorcaradio.es\/wp-content\/uploads\/2025\/05\/IMG-20250521-WA0000-1085x1536.jpg 1085w, https:\/\/arealorcaradio.es\/wp-content\/uploads\/2025\/05\/IMG-20250521-WA0000.jpg 1130w\" sizes=\"auto, (max-width: 212px) 100vw, 212px\" \/><\/p>\n","protected":false},"excerpt":{"rendered":"<p>\u00c1REA LORCA RADIO. Cultura. Escucha aqu\u00ed la entrevista que han concedido a Paco S\u00e1nchez en el magazine de \u00c1rea Lorca Radio tres de los interpretes de estas obras de teatro en las que han trabajado durante muchos meses m\u00e1s de dos horas semanales. Ahora toca clausurar este curso de interpretaci\u00f3n de la Universidad Popular de [&hellip;]<\/p>\n","protected":false},"author":1,"featured_media":6722,"comment_status":"open","ping_status":"open","sticky":false,"template":"","format":"standard","meta":{"iawp_total_views":159,"footnotes":""},"categories":[5,7],"tags":[],"class_list":["post-6719","post","type-post","status-publish","format-standard","has-post-thumbnail","hentry","category-actualidad","category-lorca"],"yoast_head":"<!-- This site is optimized with the Yoast SEO plugin v27.5 - https:\/\/yoast.com\/product\/yoast-seo-wordpress\/ -->\n<title>Los alumnos de interpretaci\u00f3n de la Universidad Popular de Lorca demostraran este lunes sus dotes en el Auditorio Margarita Lozano - AREA LORCA RADIO<\/title>\n<meta name=\"robots\" content=\"index, follow, max-snippet:-1, max-image-preview:large, max-video-preview:-1\" \/>\n<link rel=\"canonical\" href=\"https:\/\/arealorcaradio.es\/index.php\/2025\/05\/22\/los-alumnos-de-interpretacion-de-la-universidad-popular-de-lorca-demostraran-este-lunes-sus-dotes-en-el-auditorio-margarita-lozano\/\" \/>\n<meta property=\"og:locale\" content=\"es_ES\" \/>\n<meta property=\"og:type\" content=\"article\" \/>\n<meta property=\"og:title\" content=\"Los alumnos de interpretaci\u00f3n de la Universidad Popular de Lorca demostraran este lunes sus dotes en el Auditorio Margarita Lozano - AREA LORCA RADIO\" \/>\n<meta property=\"og:description\" content=\"\u00c1REA LORCA RADIO. Cultura. Escucha aqu\u00ed la entrevista que han concedido a Paco S\u00e1nchez en el magazine de \u00c1rea Lorca Radio tres de los interpretes de estas obras de teatro en las que han trabajado durante muchos meses m\u00e1s de dos horas semanales. Ahora toca clausurar este curso de interpretaci\u00f3n de la Universidad Popular de [&hellip;]\" \/>\n<meta property=\"og:url\" content=\"https:\/\/arealorcaradio.es\/index.php\/2025\/05\/22\/los-alumnos-de-interpretacion-de-la-universidad-popular-de-lorca-demostraran-este-lunes-sus-dotes-en-el-auditorio-margarita-lozano\/\" \/>\n<meta property=\"og:site_name\" content=\"AREA LORCA RADIO\" \/>\n<meta property=\"article:published_time\" content=\"2025-05-22T20:39:15+00:00\" \/>\n<meta property=\"og:image\" content=\"https:\/\/arealorcaradio.es\/wp-content\/uploads\/2025\/05\/20250522_183011-scaled.jpg\" \/>\n\t<meta property=\"og:image:width\" content=\"2560\" \/>\n\t<meta property=\"og:image:height\" content=\"1920\" \/>\n\t<meta property=\"og:image:type\" content=\"image\/jpeg\" \/>\n<meta name=\"author\" content=\"Paco S\u00e1nchez\" \/>\n<meta name=\"twitter:card\" content=\"summary_large_image\" \/>\n<meta name=\"twitter:label1\" content=\"Escrito por\" \/>\n\t<meta name=\"twitter:data1\" content=\"Paco S\u00e1nchez\" \/>\n\t<meta name=\"twitter:label2\" content=\"Tiempo de lectura\" \/>\n\t<meta name=\"twitter:data2\" content=\"2 minutos\" \/>\n<script type=\"application\/ld+json\" class=\"yoast-schema-graph\">{\"@context\":\"https:\\\/\\\/schema.org\",\"@graph\":[{\"@type\":\"Article\",\"@id\":\"https:\\\/\\\/arealorcaradio.es\\\/index.php\\\/2025\\\/05\\\/22\\\/los-alumnos-de-interpretacion-de-la-universidad-popular-de-lorca-demostraran-este-lunes-sus-dotes-en-el-auditorio-margarita-lozano\\\/#article\",\"isPartOf\":{\"@id\":\"https:\\\/\\\/arealorcaradio.es\\\/index.php\\\/2025\\\/05\\\/22\\\/los-alumnos-de-interpretacion-de-la-universidad-popular-de-lorca-demostraran-este-lunes-sus-dotes-en-el-auditorio-margarita-lozano\\\/\"},\"author\":{\"name\":\"Paco S\u00e1nchez\",\"@id\":\"https:\\\/\\\/arealorcaradio.es\\\/#\\\/schema\\\/person\\\/9fae605fc25b0f2c83c1ab207139bd27\"},\"headline\":\"Los alumnos de interpretaci\u00f3n de la Universidad Popular de Lorca demostraran este lunes sus dotes en el Auditorio Margarita Lozano\",\"datePublished\":\"2025-05-22T20:39:15+00:00\",\"mainEntityOfPage\":{\"@id\":\"https:\\\/\\\/arealorcaradio.es\\\/index.php\\\/2025\\\/05\\\/22\\\/los-alumnos-de-interpretacion-de-la-universidad-popular-de-lorca-demostraran-este-lunes-sus-dotes-en-el-auditorio-margarita-lozano\\\/\"},\"wordCount\":131,\"commentCount\":0,\"image\":{\"@id\":\"https:\\\/\\\/arealorcaradio.es\\\/index.php\\\/2025\\\/05\\\/22\\\/los-alumnos-de-interpretacion-de-la-universidad-popular-de-lorca-demostraran-este-lunes-sus-dotes-en-el-auditorio-margarita-lozano\\\/#primaryimage\"},\"thumbnailUrl\":\"https:\\\/\\\/arealorcaradio.es\\\/wp-content\\\/uploads\\\/2025\\\/05\\\/20250522_183011-scaled.jpg\",\"articleSection\":[\"ACTUALIDAD\",\"LORCA\"],\"inLanguage\":\"es\",\"potentialAction\":[{\"@type\":\"CommentAction\",\"name\":\"Comment\",\"target\":[\"https:\\\/\\\/arealorcaradio.es\\\/index.php\\\/2025\\\/05\\\/22\\\/los-alumnos-de-interpretacion-de-la-universidad-popular-de-lorca-demostraran-este-lunes-sus-dotes-en-el-auditorio-margarita-lozano\\\/#respond\"]}]},{\"@type\":\"WebPage\",\"@id\":\"https:\\\/\\\/arealorcaradio.es\\\/index.php\\\/2025\\\/05\\\/22\\\/los-alumnos-de-interpretacion-de-la-universidad-popular-de-lorca-demostraran-este-lunes-sus-dotes-en-el-auditorio-margarita-lozano\\\/\",\"url\":\"https:\\\/\\\/arealorcaradio.es\\\/index.php\\\/2025\\\/05\\\/22\\\/los-alumnos-de-interpretacion-de-la-universidad-popular-de-lorca-demostraran-este-lunes-sus-dotes-en-el-auditorio-margarita-lozano\\\/\",\"name\":\"Los alumnos de interpretaci\u00f3n de la Universidad Popular de Lorca demostraran este lunes sus dotes en el Auditorio Margarita Lozano - AREA LORCA RADIO\",\"isPartOf\":{\"@id\":\"https:\\\/\\\/arealorcaradio.es\\\/#website\"},\"primaryImageOfPage\":{\"@id\":\"https:\\\/\\\/arealorcaradio.es\\\/index.php\\\/2025\\\/05\\\/22\\\/los-alumnos-de-interpretacion-de-la-universidad-popular-de-lorca-demostraran-este-lunes-sus-dotes-en-el-auditorio-margarita-lozano\\\/#primaryimage\"},\"image\":{\"@id\":\"https:\\\/\\\/arealorcaradio.es\\\/index.php\\\/2025\\\/05\\\/22\\\/los-alumnos-de-interpretacion-de-la-universidad-popular-de-lorca-demostraran-este-lunes-sus-dotes-en-el-auditorio-margarita-lozano\\\/#primaryimage\"},\"thumbnailUrl\":\"https:\\\/\\\/arealorcaradio.es\\\/wp-content\\\/uploads\\\/2025\\\/05\\\/20250522_183011-scaled.jpg\",\"datePublished\":\"2025-05-22T20:39:15+00:00\",\"author\":{\"@id\":\"https:\\\/\\\/arealorcaradio.es\\\/#\\\/schema\\\/person\\\/9fae605fc25b0f2c83c1ab207139bd27\"},\"breadcrumb\":{\"@id\":\"https:\\\/\\\/arealorcaradio.es\\\/index.php\\\/2025\\\/05\\\/22\\\/los-alumnos-de-interpretacion-de-la-universidad-popular-de-lorca-demostraran-este-lunes-sus-dotes-en-el-auditorio-margarita-lozano\\\/#breadcrumb\"},\"inLanguage\":\"es\",\"potentialAction\":[{\"@type\":\"ReadAction\",\"target\":[\"https:\\\/\\\/arealorcaradio.es\\\/index.php\\\/2025\\\/05\\\/22\\\/los-alumnos-de-interpretacion-de-la-universidad-popular-de-lorca-demostraran-este-lunes-sus-dotes-en-el-auditorio-margarita-lozano\\\/\"]}]},{\"@type\":\"ImageObject\",\"inLanguage\":\"es\",\"@id\":\"https:\\\/\\\/arealorcaradio.es\\\/index.php\\\/2025\\\/05\\\/22\\\/los-alumnos-de-interpretacion-de-la-universidad-popular-de-lorca-demostraran-este-lunes-sus-dotes-en-el-auditorio-margarita-lozano\\\/#primaryimage\",\"url\":\"https:\\\/\\\/arealorcaradio.es\\\/wp-content\\\/uploads\\\/2025\\\/05\\\/20250522_183011-scaled.jpg\",\"contentUrl\":\"https:\\\/\\\/arealorcaradio.es\\\/wp-content\\\/uploads\\\/2025\\\/05\\\/20250522_183011-scaled.jpg\",\"width\":2560,\"height\":1920},{\"@type\":\"BreadcrumbList\",\"@id\":\"https:\\\/\\\/arealorcaradio.es\\\/index.php\\\/2025\\\/05\\\/22\\\/los-alumnos-de-interpretacion-de-la-universidad-popular-de-lorca-demostraran-este-lunes-sus-dotes-en-el-auditorio-margarita-lozano\\\/#breadcrumb\",\"itemListElement\":[{\"@type\":\"ListItem\",\"position\":1,\"name\":\"Portada\",\"item\":\"https:\\\/\\\/arealorcaradio.es\\\/\"},{\"@type\":\"ListItem\",\"position\":2,\"name\":\"Los alumnos de interpretaci\u00f3n de la Universidad Popular de Lorca demostraran este lunes sus dotes en el Auditorio Margarita Lozano\"}]},{\"@type\":\"WebSite\",\"@id\":\"https:\\\/\\\/arealorcaradio.es\\\/#website\",\"url\":\"https:\\\/\\\/arealorcaradio.es\\\/\",\"name\":\"AREA LORCA RADIO\",\"description\":\"Descubre la programaci\u00f3n actual en \u00c1rea Lorca Radio, tu fuente de entrenamiento y noticias locales. Sintoniza ahora y mantente conectado online.\",\"potentialAction\":[{\"@type\":\"SearchAction\",\"target\":{\"@type\":\"EntryPoint\",\"urlTemplate\":\"https:\\\/\\\/arealorcaradio.es\\\/?s={search_term_string}\"},\"query-input\":{\"@type\":\"PropertyValueSpecification\",\"valueRequired\":true,\"valueName\":\"search_term_string\"}}],\"inLanguage\":\"es\"},{\"@type\":\"Person\",\"@id\":\"https:\\\/\\\/arealorcaradio.es\\\/#\\\/schema\\\/person\\\/9fae605fc25b0f2c83c1ab207139bd27\",\"name\":\"Paco S\u00e1nchez\",\"image\":{\"@type\":\"ImageObject\",\"inLanguage\":\"es\",\"@id\":\"https:\\\/\\\/secure.gravatar.com\\\/avatar\\\/d67144e966420fb74aa84c9f2a0103be4724fd14db52b52d3b6bca749f257e79?s=96&d=mm&r=g\",\"url\":\"https:\\\/\\\/secure.gravatar.com\\\/avatar\\\/d67144e966420fb74aa84c9f2a0103be4724fd14db52b52d3b6bca749f257e79?s=96&d=mm&r=g\",\"contentUrl\":\"https:\\\/\\\/secure.gravatar.com\\\/avatar\\\/d67144e966420fb74aa84c9f2a0103be4724fd14db52b52d3b6bca749f257e79?s=96&d=mm&r=g\",\"caption\":\"Paco S\u00e1nchez\"},\"sameAs\":[\"https:\\\/\\\/arealorcaradio.es\"],\"url\":\"https:\\\/\\\/arealorcaradio.es\\\/index.php\\\/author\\\/admin_alorcaradio\\\/\"}]}<\/script>\n<!-- \/ Yoast SEO plugin. -->","yoast_head_json":{"title":"Los alumnos de interpretaci\u00f3n de la Universidad Popular de Lorca demostraran este lunes sus dotes en el Auditorio Margarita Lozano - AREA LORCA RADIO","robots":{"index":"index","follow":"follow","max-snippet":"max-snippet:-1","max-image-preview":"max-image-preview:large","max-video-preview":"max-video-preview:-1"},"canonical":"https:\/\/arealorcaradio.es\/index.php\/2025\/05\/22\/los-alumnos-de-interpretacion-de-la-universidad-popular-de-lorca-demostraran-este-lunes-sus-dotes-en-el-auditorio-margarita-lozano\/","og_locale":"es_ES","og_type":"article","og_title":"Los alumnos de interpretaci\u00f3n de la Universidad Popular de Lorca demostraran este lunes sus dotes en el Auditorio Margarita Lozano - AREA LORCA RADIO","og_description":"\u00c1REA LORCA RADIO. Cultura. Escucha aqu\u00ed la entrevista que han concedido a Paco S\u00e1nchez en el magazine de \u00c1rea Lorca Radio tres de los interpretes de estas obras de teatro en las que han trabajado durante muchos meses m\u00e1s de dos horas semanales. Ahora toca clausurar este curso de interpretaci\u00f3n de la Universidad Popular de [&hellip;]","og_url":"https:\/\/arealorcaradio.es\/index.php\/2025\/05\/22\/los-alumnos-de-interpretacion-de-la-universidad-popular-de-lorca-demostraran-este-lunes-sus-dotes-en-el-auditorio-margarita-lozano\/","og_site_name":"AREA LORCA RADIO","article_published_time":"2025-05-22T20:39:15+00:00","og_image":[{"width":2560,"height":1920,"url":"https:\/\/arealorcaradio.es\/wp-content\/uploads\/2025\/05\/20250522_183011-scaled.jpg","type":"image\/jpeg"}],"author":"Paco S\u00e1nchez","twitter_card":"summary_large_image","twitter_misc":{"Escrito por":"Paco S\u00e1nchez","Tiempo de lectura":"2 minutos"},"schema":{"@context":"https:\/\/schema.org","@graph":[{"@type":"Article","@id":"https:\/\/arealorcaradio.es\/index.php\/2025\/05\/22\/los-alumnos-de-interpretacion-de-la-universidad-popular-de-lorca-demostraran-este-lunes-sus-dotes-en-el-auditorio-margarita-lozano\/#article","isPartOf":{"@id":"https:\/\/arealorcaradio.es\/index.php\/2025\/05\/22\/los-alumnos-de-interpretacion-de-la-universidad-popular-de-lorca-demostraran-este-lunes-sus-dotes-en-el-auditorio-margarita-lozano\/"},"author":{"name":"Paco S\u00e1nchez","@id":"https:\/\/arealorcaradio.es\/#\/schema\/person\/9fae605fc25b0f2c83c1ab207139bd27"},"headline":"Los alumnos de interpretaci\u00f3n de la Universidad Popular de Lorca demostraran este lunes sus dotes en el Auditorio Margarita Lozano","datePublished":"2025-05-22T20:39:15+00:00","mainEntityOfPage":{"@id":"https:\/\/arealorcaradio.es\/index.php\/2025\/05\/22\/los-alumnos-de-interpretacion-de-la-universidad-popular-de-lorca-demostraran-este-lunes-sus-dotes-en-el-auditorio-margarita-lozano\/"},"wordCount":131,"commentCount":0,"image":{"@id":"https:\/\/arealorcaradio.es\/index.php\/2025\/05\/22\/los-alumnos-de-interpretacion-de-la-universidad-popular-de-lorca-demostraran-este-lunes-sus-dotes-en-el-auditorio-margarita-lozano\/#primaryimage"},"thumbnailUrl":"https:\/\/arealorcaradio.es\/wp-content\/uploads\/2025\/05\/20250522_183011-scaled.jpg","articleSection":["ACTUALIDAD","LORCA"],"inLanguage":"es","potentialAction":[{"@type":"CommentAction","name":"Comment","target":["https:\/\/arealorcaradio.es\/index.php\/2025\/05\/22\/los-alumnos-de-interpretacion-de-la-universidad-popular-de-lorca-demostraran-este-lunes-sus-dotes-en-el-auditorio-margarita-lozano\/#respond"]}]},{"@type":"WebPage","@id":"https:\/\/arealorcaradio.es\/index.php\/2025\/05\/22\/los-alumnos-de-interpretacion-de-la-universidad-popular-de-lorca-demostraran-este-lunes-sus-dotes-en-el-auditorio-margarita-lozano\/","url":"https:\/\/arealorcaradio.es\/index.php\/2025\/05\/22\/los-alumnos-de-interpretacion-de-la-universidad-popular-de-lorca-demostraran-este-lunes-sus-dotes-en-el-auditorio-margarita-lozano\/","name":"Los alumnos de interpretaci\u00f3n de la Universidad Popular de Lorca demostraran este lunes sus dotes en el Auditorio Margarita Lozano - AREA LORCA RADIO","isPartOf":{"@id":"https:\/\/arealorcaradio.es\/#website"},"primaryImageOfPage":{"@id":"https:\/\/arealorcaradio.es\/index.php\/2025\/05\/22\/los-alumnos-de-interpretacion-de-la-universidad-popular-de-lorca-demostraran-este-lunes-sus-dotes-en-el-auditorio-margarita-lozano\/#primaryimage"},"image":{"@id":"https:\/\/arealorcaradio.es\/index.php\/2025\/05\/22\/los-alumnos-de-interpretacion-de-la-universidad-popular-de-lorca-demostraran-este-lunes-sus-dotes-en-el-auditorio-margarita-lozano\/#primaryimage"},"thumbnailUrl":"https:\/\/arealorcaradio.es\/wp-content\/uploads\/2025\/05\/20250522_183011-scaled.jpg","datePublished":"2025-05-22T20:39:15+00:00","author":{"@id":"https:\/\/arealorcaradio.es\/#\/schema\/person\/9fae605fc25b0f2c83c1ab207139bd27"},"breadcrumb":{"@id":"https:\/\/arealorcaradio.es\/index.php\/2025\/05\/22\/los-alumnos-de-interpretacion-de-la-universidad-popular-de-lorca-demostraran-este-lunes-sus-dotes-en-el-auditorio-margarita-lozano\/#breadcrumb"},"inLanguage":"es","potentialAction":[{"@type":"ReadAction","target":["https:\/\/arealorcaradio.es\/index.php\/2025\/05\/22\/los-alumnos-de-interpretacion-de-la-universidad-popular-de-lorca-demostraran-este-lunes-sus-dotes-en-el-auditorio-margarita-lozano\/"]}]},{"@type":"ImageObject","inLanguage":"es","@id":"https:\/\/arealorcaradio.es\/index.php\/2025\/05\/22\/los-alumnos-de-interpretacion-de-la-universidad-popular-de-lorca-demostraran-este-lunes-sus-dotes-en-el-auditorio-margarita-lozano\/#primaryimage","url":"https:\/\/arealorcaradio.es\/wp-content\/uploads\/2025\/05\/20250522_183011-scaled.jpg","contentUrl":"https:\/\/arealorcaradio.es\/wp-content\/uploads\/2025\/05\/20250522_183011-scaled.jpg","width":2560,"height":1920},{"@type":"BreadcrumbList","@id":"https:\/\/arealorcaradio.es\/index.php\/2025\/05\/22\/los-alumnos-de-interpretacion-de-la-universidad-popular-de-lorca-demostraran-este-lunes-sus-dotes-en-el-auditorio-margarita-lozano\/#breadcrumb","itemListElement":[{"@type":"ListItem","position":1,"name":"Portada","item":"https:\/\/arealorcaradio.es\/"},{"@type":"ListItem","position":2,"name":"Los alumnos de interpretaci\u00f3n de la Universidad Popular de Lorca demostraran este lunes sus dotes en el Auditorio Margarita Lozano"}]},{"@type":"WebSite","@id":"https:\/\/arealorcaradio.es\/#website","url":"https:\/\/arealorcaradio.es\/","name":"AREA LORCA RADIO","description":"Descubre la programaci\u00f3n actual en \u00c1rea Lorca Radio, tu fuente de entrenamiento y noticias locales. Sintoniza ahora y mantente conectado online.","potentialAction":[{"@type":"SearchAction","target":{"@type":"EntryPoint","urlTemplate":"https:\/\/arealorcaradio.es\/?s={search_term_string}"},"query-input":{"@type":"PropertyValueSpecification","valueRequired":true,"valueName":"search_term_string"}}],"inLanguage":"es"},{"@type":"Person","@id":"https:\/\/arealorcaradio.es\/#\/schema\/person\/9fae605fc25b0f2c83c1ab207139bd27","name":"Paco S\u00e1nchez","image":{"@type":"ImageObject","inLanguage":"es","@id":"https:\/\/secure.gravatar.com\/avatar\/d67144e966420fb74aa84c9f2a0103be4724fd14db52b52d3b6bca749f257e79?s=96&d=mm&r=g","url":"https:\/\/secure.gravatar.com\/avatar\/d67144e966420fb74aa84c9f2a0103be4724fd14db52b52d3b6bca749f257e79?s=96&d=mm&r=g","contentUrl":"https:\/\/secure.gravatar.com\/avatar\/d67144e966420fb74aa84c9f2a0103be4724fd14db52b52d3b6bca749f257e79?s=96&d=mm&r=g","caption":"Paco S\u00e1nchez"},"sameAs":["https:\/\/arealorcaradio.es"],"url":"https:\/\/arealorcaradio.es\/index.php\/author\/admin_alorcaradio\/"}]}},"_links":{"self":[{"href":"https:\/\/arealorcaradio.es\/index.php\/wp-json\/wp\/v2\/posts\/6719","targetHints":{"allow":["GET"]}}],"collection":[{"href":"https:\/\/arealorcaradio.es\/index.php\/wp-json\/wp\/v2\/posts"}],"about":[{"href":"https:\/\/arealorcaradio.es\/index.php\/wp-json\/wp\/v2\/types\/post"}],"author":[{"embeddable":true,"href":"https:\/\/arealorcaradio.es\/index.php\/wp-json\/wp\/v2\/users\/1"}],"replies":[{"embeddable":true,"href":"https:\/\/arealorcaradio.es\/index.php\/wp-json\/wp\/v2\/comments?post=6719"}],"version-history":[{"count":2,"href":"https:\/\/arealorcaradio.es\/index.php\/wp-json\/wp\/v2\/posts\/6719\/revisions"}],"predecessor-version":[{"id":6728,"href":"https:\/\/arealorcaradio.es\/index.php\/wp-json\/wp\/v2\/posts\/6719\/revisions\/6728"}],"wp:featuredmedia":[{"embeddable":true,"href":"https:\/\/arealorcaradio.es\/index.php\/wp-json\/wp\/v2\/media\/6722"}],"wp:attachment":[{"href":"https:\/\/arealorcaradio.es\/index.php\/wp-json\/wp\/v2\/media?parent=6719"}],"wp:term":[{"taxonomy":"category","embeddable":true,"href":"https:\/\/arealorcaradio.es\/index.php\/wp-json\/wp\/v2\/categories?post=6719"},{"taxonomy":"post_tag","embeddable":true,"href":"https:\/\/arealorcaradio.es\/index.php\/wp-json\/wp\/v2\/tags?post=6719"}],"curies":[{"name":"wp","href":"https:\/\/api.w.org\/{rel}","templated":true}]}}