{"id":6714,"date":"2025-05-22T20:45:34","date_gmt":"2025-05-22T20:45:34","guid":{"rendered":"https:\/\/arealorcaradio.es\/?p=6714"},"modified":"2025-05-22T20:47:07","modified_gmt":"2025-05-22T20:47:07","slug":"isabel-gimenez-sigo-siendo-la-camarera-de-nuestra-patrona-por-peticion-expresa-de-los-franciscanos-y-del-obispo-jose-manuel-lorca-planes","status":"publish","type":"post","link":"https:\/\/arealorcaradio.es\/index.php\/2025\/05\/22\/isabel-gimenez-sigo-siendo-la-camarera-de-nuestra-patrona-por-peticion-expresa-de-los-franciscanos-y-del-obispo-jose-manuel-lorca-planes\/","title":{"rendered":"Isabel Gim\u00e9nez: \u00abSigo siendo la camarera de nuestra Patrona por petici\u00f3n expresa de los Franciscanos y del obispo Jos\u00e9 Manuel Lorca Planes\u00bb"},"content":{"rendered":"<p><strong>\u00c1REA LORCA RADIO. Cultura.<\/strong><\/p>\n<p>Escucha aqu\u00ed la interesante entrevista que ha concedido a Paco S\u00e1nchez en el magazine de \u00c1rea Lorca Radio. En esta intervenci\u00f3n habla del ajuar de la Patrona de Lorca, de la reconstrucci\u00f3n del Santuario, de su disconformidad sobre la procesi\u00f3n del Cristo de la Agon\u00eda y de lo que le queda por hacer antes de marcharse del cargo que ostenta en la actualidad, cargo que ocupa por expresa petici\u00f3n asegura de los Franciscanos y del Obispo de la Di\u00f3cesis de Cartagena, Jos\u00e9 Manuel Lorca Planes.<\/p>\n<audio class=\"wp-audio-shortcode\" id=\"audio-6714-1\" preload=\"none\" style=\"width: 100%;\" controls=\"controls\"><source type=\"audio\/mpeg\" src=\"https:\/\/arealorcaradio.es\/wp-content\/uploads\/2025\/05\/220525-ISABEL-GIMENEZ.-CAMARERA-PATRONA.mp3?_=1\" \/><a href=\"https:\/\/arealorcaradio.es\/wp-content\/uploads\/2025\/05\/220525-ISABEL-GIMENEZ.-CAMARERA-PATRONA.mp3\">https:\/\/arealorcaradio.es\/wp-content\/uploads\/2025\/05\/220525-ISABEL-GIMENEZ.-CAMARERA-PATRONA.mp3<\/a><\/audio>\n<p><img loading=\"lazy\" decoding=\"async\" class=\"alignnone size-medium wp-image-6716\" src=\"https:\/\/arealorcaradio.es\/wp-content\/uploads\/2025\/05\/20250522_110349-300x225.jpg\" alt=\"\" width=\"300\" height=\"225\" srcset=\"https:\/\/arealorcaradio.es\/wp-content\/uploads\/2025\/05\/20250522_110349-300x225.jpg 300w, https:\/\/arealorcaradio.es\/wp-content\/uploads\/2025\/05\/20250522_110349-1024x768.jpg 1024w, https:\/\/arealorcaradio.es\/wp-content\/uploads\/2025\/05\/20250522_110349-768x576.jpg 768w, https:\/\/arealorcaradio.es\/wp-content\/uploads\/2025\/05\/20250522_110349-1536x1152.jpg 1536w, https:\/\/arealorcaradio.es\/wp-content\/uploads\/2025\/05\/20250522_110349-2048x1536.jpg 2048w, https:\/\/arealorcaradio.es\/wp-content\/uploads\/2025\/05\/20250522_110349-86x64.jpg 86w\" sizes=\"auto, (max-width: 300px) 100vw, 300px\" \/><\/p>\n","protected":false},"excerpt":{"rendered":"<p>\u00c1REA LORCA RADIO. Cultura. Escucha aqu\u00ed la interesante entrevista que ha concedido a Paco S\u00e1nchez en el magazine de \u00c1rea Lorca Radio. En esta intervenci\u00f3n habla del ajuar de la Patrona de Lorca, de la reconstrucci\u00f3n del Santuario, de su disconformidad sobre la procesi\u00f3n del Cristo de la Agon\u00eda y de lo que le queda [&hellip;]<\/p>\n","protected":false},"author":1,"featured_media":6718,"comment_status":"open","ping_status":"open","sticky":false,"template":"","format":"standard","meta":{"iawp_total_views":162,"footnotes":""},"categories":[5,7],"tags":[],"class_list":["post-6714","post","type-post","status-publish","format-standard","has-post-thumbnail","hentry","category-actualidad","category-lorca"],"yoast_head":"<!-- This site is optimized with the Yoast SEO plugin v27.5 - https:\/\/yoast.com\/product\/yoast-seo-wordpress\/ -->\n<title>Isabel Gim\u00e9nez: &quot;Sigo siendo la camarera de nuestra Patrona por petici\u00f3n expresa de los Franciscanos y del obispo Jos\u00e9 Manuel Lorca Planes&quot; - AREA LORCA RADIO<\/title>\n<meta name=\"robots\" content=\"index, follow, max-snippet:-1, max-image-preview:large, max-video-preview:-1\" \/>\n<link rel=\"canonical\" href=\"https:\/\/arealorcaradio.es\/index.php\/2025\/05\/22\/isabel-gimenez-sigo-siendo-la-camarera-de-nuestra-patrona-por-peticion-expresa-de-los-franciscanos-y-del-obispo-jose-manuel-lorca-planes\/\" \/>\n<meta property=\"og:locale\" content=\"es_ES\" \/>\n<meta property=\"og:type\" content=\"article\" \/>\n<meta property=\"og:title\" content=\"Isabel Gim\u00e9nez: &quot;Sigo siendo la camarera de nuestra Patrona por petici\u00f3n expresa de los Franciscanos y del obispo Jos\u00e9 Manuel Lorca Planes&quot; - AREA LORCA RADIO\" \/>\n<meta property=\"og:description\" content=\"\u00c1REA LORCA RADIO. Cultura. Escucha aqu\u00ed la interesante entrevista que ha concedido a Paco S\u00e1nchez en el magazine de \u00c1rea Lorca Radio. En esta intervenci\u00f3n habla del ajuar de la Patrona de Lorca, de la reconstrucci\u00f3n del Santuario, de su disconformidad sobre la procesi\u00f3n del Cristo de la Agon\u00eda y de lo que le queda [&hellip;]\" \/>\n<meta property=\"og:url\" content=\"https:\/\/arealorcaradio.es\/index.php\/2025\/05\/22\/isabel-gimenez-sigo-siendo-la-camarera-de-nuestra-patrona-por-peticion-expresa-de-los-franciscanos-y-del-obispo-jose-manuel-lorca-planes\/\" \/>\n<meta property=\"og:site_name\" content=\"AREA LORCA RADIO\" \/>\n<meta property=\"article:published_time\" content=\"2025-05-22T20:45:34+00:00\" \/>\n<meta property=\"article:modified_time\" content=\"2025-05-22T20:47:07+00:00\" \/>\n<meta property=\"og:image\" content=\"https:\/\/arealorcaradio.es\/wp-content\/uploads\/2025\/05\/20250522_110131-scaled.jpg\" \/>\n\t<meta property=\"og:image:width\" content=\"2560\" \/>\n\t<meta property=\"og:image:height\" content=\"1920\" \/>\n\t<meta property=\"og:image:type\" content=\"image\/jpeg\" \/>\n<meta name=\"author\" content=\"Paco S\u00e1nchez\" \/>\n<meta name=\"twitter:card\" content=\"summary_large_image\" \/>\n<meta name=\"twitter:label1\" content=\"Escrito por\" \/>\n\t<meta name=\"twitter:data1\" content=\"Paco S\u00e1nchez\" \/>\n\t<meta name=\"twitter:label2\" content=\"Tiempo de lectura\" \/>\n\t<meta name=\"twitter:data2\" content=\"1 minuto\" \/>\n<script type=\"application\/ld+json\" class=\"yoast-schema-graph\">{\"@context\":\"https:\\\/\\\/schema.org\",\"@graph\":[{\"@type\":\"Article\",\"@id\":\"https:\\\/\\\/arealorcaradio.es\\\/index.php\\\/2025\\\/05\\\/22\\\/isabel-gimenez-sigo-siendo-la-camarera-de-nuestra-patrona-por-peticion-expresa-de-los-franciscanos-y-del-obispo-jose-manuel-lorca-planes\\\/#article\",\"isPartOf\":{\"@id\":\"https:\\\/\\\/arealorcaradio.es\\\/index.php\\\/2025\\\/05\\\/22\\\/isabel-gimenez-sigo-siendo-la-camarera-de-nuestra-patrona-por-peticion-expresa-de-los-franciscanos-y-del-obispo-jose-manuel-lorca-planes\\\/\"},\"author\":{\"name\":\"Paco S\u00e1nchez\",\"@id\":\"https:\\\/\\\/arealorcaradio.es\\\/#\\\/schema\\\/person\\\/9fae605fc25b0f2c83c1ab207139bd27\"},\"headline\":\"Isabel Gim\u00e9nez: \u00abSigo siendo la camarera de nuestra Patrona por petici\u00f3n expresa de los Franciscanos y del obispo Jos\u00e9 Manuel Lorca Planes\u00bb\",\"datePublished\":\"2025-05-22T20:45:34+00:00\",\"dateModified\":\"2025-05-22T20:47:07+00:00\",\"mainEntityOfPage\":{\"@id\":\"https:\\\/\\\/arealorcaradio.es\\\/index.php\\\/2025\\\/05\\\/22\\\/isabel-gimenez-sigo-siendo-la-camarera-de-nuestra-patrona-por-peticion-expresa-de-los-franciscanos-y-del-obispo-jose-manuel-lorca-planes\\\/\"},\"wordCount\":131,\"commentCount\":0,\"image\":{\"@id\":\"https:\\\/\\\/arealorcaradio.es\\\/index.php\\\/2025\\\/05\\\/22\\\/isabel-gimenez-sigo-siendo-la-camarera-de-nuestra-patrona-por-peticion-expresa-de-los-franciscanos-y-del-obispo-jose-manuel-lorca-planes\\\/#primaryimage\"},\"thumbnailUrl\":\"https:\\\/\\\/arealorcaradio.es\\\/wp-content\\\/uploads\\\/2025\\\/05\\\/20250522_110131-scaled.jpg\",\"articleSection\":[\"ACTUALIDAD\",\"LORCA\"],\"inLanguage\":\"es\",\"potentialAction\":[{\"@type\":\"CommentAction\",\"name\":\"Comment\",\"target\":[\"https:\\\/\\\/arealorcaradio.es\\\/index.php\\\/2025\\\/05\\\/22\\\/isabel-gimenez-sigo-siendo-la-camarera-de-nuestra-patrona-por-peticion-expresa-de-los-franciscanos-y-del-obispo-jose-manuel-lorca-planes\\\/#respond\"]}]},{\"@type\":\"WebPage\",\"@id\":\"https:\\\/\\\/arealorcaradio.es\\\/index.php\\\/2025\\\/05\\\/22\\\/isabel-gimenez-sigo-siendo-la-camarera-de-nuestra-patrona-por-peticion-expresa-de-los-franciscanos-y-del-obispo-jose-manuel-lorca-planes\\\/\",\"url\":\"https:\\\/\\\/arealorcaradio.es\\\/index.php\\\/2025\\\/05\\\/22\\\/isabel-gimenez-sigo-siendo-la-camarera-de-nuestra-patrona-por-peticion-expresa-de-los-franciscanos-y-del-obispo-jose-manuel-lorca-planes\\\/\",\"name\":\"Isabel Gim\u00e9nez: \\\"Sigo siendo la camarera de nuestra Patrona por petici\u00f3n expresa de los Franciscanos y del obispo Jos\u00e9 Manuel Lorca Planes\\\" - AREA LORCA RADIO\",\"isPartOf\":{\"@id\":\"https:\\\/\\\/arealorcaradio.es\\\/#website\"},\"primaryImageOfPage\":{\"@id\":\"https:\\\/\\\/arealorcaradio.es\\\/index.php\\\/2025\\\/05\\\/22\\\/isabel-gimenez-sigo-siendo-la-camarera-de-nuestra-patrona-por-peticion-expresa-de-los-franciscanos-y-del-obispo-jose-manuel-lorca-planes\\\/#primaryimage\"},\"image\":{\"@id\":\"https:\\\/\\\/arealorcaradio.es\\\/index.php\\\/2025\\\/05\\\/22\\\/isabel-gimenez-sigo-siendo-la-camarera-de-nuestra-patrona-por-peticion-expresa-de-los-franciscanos-y-del-obispo-jose-manuel-lorca-planes\\\/#primaryimage\"},\"thumbnailUrl\":\"https:\\\/\\\/arealorcaradio.es\\\/wp-content\\\/uploads\\\/2025\\\/05\\\/20250522_110131-scaled.jpg\",\"datePublished\":\"2025-05-22T20:45:34+00:00\",\"dateModified\":\"2025-05-22T20:47:07+00:00\",\"author\":{\"@id\":\"https:\\\/\\\/arealorcaradio.es\\\/#\\\/schema\\\/person\\\/9fae605fc25b0f2c83c1ab207139bd27\"},\"breadcrumb\":{\"@id\":\"https:\\\/\\\/arealorcaradio.es\\\/index.php\\\/2025\\\/05\\\/22\\\/isabel-gimenez-sigo-siendo-la-camarera-de-nuestra-patrona-por-peticion-expresa-de-los-franciscanos-y-del-obispo-jose-manuel-lorca-planes\\\/#breadcrumb\"},\"inLanguage\":\"es\",\"potentialAction\":[{\"@type\":\"ReadAction\",\"target\":[\"https:\\\/\\\/arealorcaradio.es\\\/index.php\\\/2025\\\/05\\\/22\\\/isabel-gimenez-sigo-siendo-la-camarera-de-nuestra-patrona-por-peticion-expresa-de-los-franciscanos-y-del-obispo-jose-manuel-lorca-planes\\\/\"]}]},{\"@type\":\"ImageObject\",\"inLanguage\":\"es\",\"@id\":\"https:\\\/\\\/arealorcaradio.es\\\/index.php\\\/2025\\\/05\\\/22\\\/isabel-gimenez-sigo-siendo-la-camarera-de-nuestra-patrona-por-peticion-expresa-de-los-franciscanos-y-del-obispo-jose-manuel-lorca-planes\\\/#primaryimage\",\"url\":\"https:\\\/\\\/arealorcaradio.es\\\/wp-content\\\/uploads\\\/2025\\\/05\\\/20250522_110131-scaled.jpg\",\"contentUrl\":\"https:\\\/\\\/arealorcaradio.es\\\/wp-content\\\/uploads\\\/2025\\\/05\\\/20250522_110131-scaled.jpg\",\"width\":2560,\"height\":1920},{\"@type\":\"BreadcrumbList\",\"@id\":\"https:\\\/\\\/arealorcaradio.es\\\/index.php\\\/2025\\\/05\\\/22\\\/isabel-gimenez-sigo-siendo-la-camarera-de-nuestra-patrona-por-peticion-expresa-de-los-franciscanos-y-del-obispo-jose-manuel-lorca-planes\\\/#breadcrumb\",\"itemListElement\":[{\"@type\":\"ListItem\",\"position\":1,\"name\":\"Portada\",\"item\":\"https:\\\/\\\/arealorcaradio.es\\\/\"},{\"@type\":\"ListItem\",\"position\":2,\"name\":\"Isabel Gim\u00e9nez: \u00abSigo siendo la camarera de nuestra Patrona por petici\u00f3n expresa de los Franciscanos y del obispo Jos\u00e9 Manuel Lorca Planes\u00bb\"}]},{\"@type\":\"WebSite\",\"@id\":\"https:\\\/\\\/arealorcaradio.es\\\/#website\",\"url\":\"https:\\\/\\\/arealorcaradio.es\\\/\",\"name\":\"AREA LORCA RADIO\",\"description\":\"Descubre la programaci\u00f3n actual en \u00c1rea Lorca Radio, tu fuente de entrenamiento y noticias locales. Sintoniza ahora y mantente conectado online.\",\"potentialAction\":[{\"@type\":\"SearchAction\",\"target\":{\"@type\":\"EntryPoint\",\"urlTemplate\":\"https:\\\/\\\/arealorcaradio.es\\\/?s={search_term_string}\"},\"query-input\":{\"@type\":\"PropertyValueSpecification\",\"valueRequired\":true,\"valueName\":\"search_term_string\"}}],\"inLanguage\":\"es\"},{\"@type\":\"Person\",\"@id\":\"https:\\\/\\\/arealorcaradio.es\\\/#\\\/schema\\\/person\\\/9fae605fc25b0f2c83c1ab207139bd27\",\"name\":\"Paco S\u00e1nchez\",\"image\":{\"@type\":\"ImageObject\",\"inLanguage\":\"es\",\"@id\":\"https:\\\/\\\/secure.gravatar.com\\\/avatar\\\/d67144e966420fb74aa84c9f2a0103be4724fd14db52b52d3b6bca749f257e79?s=96&d=mm&r=g\",\"url\":\"https:\\\/\\\/secure.gravatar.com\\\/avatar\\\/d67144e966420fb74aa84c9f2a0103be4724fd14db52b52d3b6bca749f257e79?s=96&d=mm&r=g\",\"contentUrl\":\"https:\\\/\\\/secure.gravatar.com\\\/avatar\\\/d67144e966420fb74aa84c9f2a0103be4724fd14db52b52d3b6bca749f257e79?s=96&d=mm&r=g\",\"caption\":\"Paco S\u00e1nchez\"},\"sameAs\":[\"https:\\\/\\\/arealorcaradio.es\"],\"url\":\"https:\\\/\\\/arealorcaradio.es\\\/index.php\\\/author\\\/admin_alorcaradio\\\/\"}]}<\/script>\n<!-- \/ Yoast SEO plugin. -->","yoast_head_json":{"title":"Isabel Gim\u00e9nez: \"Sigo siendo la camarera de nuestra Patrona por petici\u00f3n expresa de los Franciscanos y del obispo Jos\u00e9 Manuel Lorca Planes\" - AREA LORCA RADIO","robots":{"index":"index","follow":"follow","max-snippet":"max-snippet:-1","max-image-preview":"max-image-preview:large","max-video-preview":"max-video-preview:-1"},"canonical":"https:\/\/arealorcaradio.es\/index.php\/2025\/05\/22\/isabel-gimenez-sigo-siendo-la-camarera-de-nuestra-patrona-por-peticion-expresa-de-los-franciscanos-y-del-obispo-jose-manuel-lorca-planes\/","og_locale":"es_ES","og_type":"article","og_title":"Isabel Gim\u00e9nez: \"Sigo siendo la camarera de nuestra Patrona por petici\u00f3n expresa de los Franciscanos y del obispo Jos\u00e9 Manuel Lorca Planes\" - AREA LORCA RADIO","og_description":"\u00c1REA LORCA RADIO. Cultura. Escucha aqu\u00ed la interesante entrevista que ha concedido a Paco S\u00e1nchez en el magazine de \u00c1rea Lorca Radio. En esta intervenci\u00f3n habla del ajuar de la Patrona de Lorca, de la reconstrucci\u00f3n del Santuario, de su disconformidad sobre la procesi\u00f3n del Cristo de la Agon\u00eda y de lo que le queda [&hellip;]","og_url":"https:\/\/arealorcaradio.es\/index.php\/2025\/05\/22\/isabel-gimenez-sigo-siendo-la-camarera-de-nuestra-patrona-por-peticion-expresa-de-los-franciscanos-y-del-obispo-jose-manuel-lorca-planes\/","og_site_name":"AREA LORCA RADIO","article_published_time":"2025-05-22T20:45:34+00:00","article_modified_time":"2025-05-22T20:47:07+00:00","og_image":[{"width":2560,"height":1920,"url":"https:\/\/arealorcaradio.es\/wp-content\/uploads\/2025\/05\/20250522_110131-scaled.jpg","type":"image\/jpeg"}],"author":"Paco S\u00e1nchez","twitter_card":"summary_large_image","twitter_misc":{"Escrito por":"Paco S\u00e1nchez","Tiempo de lectura":"1 minuto"},"schema":{"@context":"https:\/\/schema.org","@graph":[{"@type":"Article","@id":"https:\/\/arealorcaradio.es\/index.php\/2025\/05\/22\/isabel-gimenez-sigo-siendo-la-camarera-de-nuestra-patrona-por-peticion-expresa-de-los-franciscanos-y-del-obispo-jose-manuel-lorca-planes\/#article","isPartOf":{"@id":"https:\/\/arealorcaradio.es\/index.php\/2025\/05\/22\/isabel-gimenez-sigo-siendo-la-camarera-de-nuestra-patrona-por-peticion-expresa-de-los-franciscanos-y-del-obispo-jose-manuel-lorca-planes\/"},"author":{"name":"Paco S\u00e1nchez","@id":"https:\/\/arealorcaradio.es\/#\/schema\/person\/9fae605fc25b0f2c83c1ab207139bd27"},"headline":"Isabel Gim\u00e9nez: \u00abSigo siendo la camarera de nuestra Patrona por petici\u00f3n expresa de los Franciscanos y del obispo Jos\u00e9 Manuel Lorca Planes\u00bb","datePublished":"2025-05-22T20:45:34+00:00","dateModified":"2025-05-22T20:47:07+00:00","mainEntityOfPage":{"@id":"https:\/\/arealorcaradio.es\/index.php\/2025\/05\/22\/isabel-gimenez-sigo-siendo-la-camarera-de-nuestra-patrona-por-peticion-expresa-de-los-franciscanos-y-del-obispo-jose-manuel-lorca-planes\/"},"wordCount":131,"commentCount":0,"image":{"@id":"https:\/\/arealorcaradio.es\/index.php\/2025\/05\/22\/isabel-gimenez-sigo-siendo-la-camarera-de-nuestra-patrona-por-peticion-expresa-de-los-franciscanos-y-del-obispo-jose-manuel-lorca-planes\/#primaryimage"},"thumbnailUrl":"https:\/\/arealorcaradio.es\/wp-content\/uploads\/2025\/05\/20250522_110131-scaled.jpg","articleSection":["ACTUALIDAD","LORCA"],"inLanguage":"es","potentialAction":[{"@type":"CommentAction","name":"Comment","target":["https:\/\/arealorcaradio.es\/index.php\/2025\/05\/22\/isabel-gimenez-sigo-siendo-la-camarera-de-nuestra-patrona-por-peticion-expresa-de-los-franciscanos-y-del-obispo-jose-manuel-lorca-planes\/#respond"]}]},{"@type":"WebPage","@id":"https:\/\/arealorcaradio.es\/index.php\/2025\/05\/22\/isabel-gimenez-sigo-siendo-la-camarera-de-nuestra-patrona-por-peticion-expresa-de-los-franciscanos-y-del-obispo-jose-manuel-lorca-planes\/","url":"https:\/\/arealorcaradio.es\/index.php\/2025\/05\/22\/isabel-gimenez-sigo-siendo-la-camarera-de-nuestra-patrona-por-peticion-expresa-de-los-franciscanos-y-del-obispo-jose-manuel-lorca-planes\/","name":"Isabel Gim\u00e9nez: \"Sigo siendo la camarera de nuestra Patrona por petici\u00f3n expresa de los Franciscanos y del obispo Jos\u00e9 Manuel Lorca Planes\" - AREA LORCA RADIO","isPartOf":{"@id":"https:\/\/arealorcaradio.es\/#website"},"primaryImageOfPage":{"@id":"https:\/\/arealorcaradio.es\/index.php\/2025\/05\/22\/isabel-gimenez-sigo-siendo-la-camarera-de-nuestra-patrona-por-peticion-expresa-de-los-franciscanos-y-del-obispo-jose-manuel-lorca-planes\/#primaryimage"},"image":{"@id":"https:\/\/arealorcaradio.es\/index.php\/2025\/05\/22\/isabel-gimenez-sigo-siendo-la-camarera-de-nuestra-patrona-por-peticion-expresa-de-los-franciscanos-y-del-obispo-jose-manuel-lorca-planes\/#primaryimage"},"thumbnailUrl":"https:\/\/arealorcaradio.es\/wp-content\/uploads\/2025\/05\/20250522_110131-scaled.jpg","datePublished":"2025-05-22T20:45:34+00:00","dateModified":"2025-05-22T20:47:07+00:00","author":{"@id":"https:\/\/arealorcaradio.es\/#\/schema\/person\/9fae605fc25b0f2c83c1ab207139bd27"},"breadcrumb":{"@id":"https:\/\/arealorcaradio.es\/index.php\/2025\/05\/22\/isabel-gimenez-sigo-siendo-la-camarera-de-nuestra-patrona-por-peticion-expresa-de-los-franciscanos-y-del-obispo-jose-manuel-lorca-planes\/#breadcrumb"},"inLanguage":"es","potentialAction":[{"@type":"ReadAction","target":["https:\/\/arealorcaradio.es\/index.php\/2025\/05\/22\/isabel-gimenez-sigo-siendo-la-camarera-de-nuestra-patrona-por-peticion-expresa-de-los-franciscanos-y-del-obispo-jose-manuel-lorca-planes\/"]}]},{"@type":"ImageObject","inLanguage":"es","@id":"https:\/\/arealorcaradio.es\/index.php\/2025\/05\/22\/isabel-gimenez-sigo-siendo-la-camarera-de-nuestra-patrona-por-peticion-expresa-de-los-franciscanos-y-del-obispo-jose-manuel-lorca-planes\/#primaryimage","url":"https:\/\/arealorcaradio.es\/wp-content\/uploads\/2025\/05\/20250522_110131-scaled.jpg","contentUrl":"https:\/\/arealorcaradio.es\/wp-content\/uploads\/2025\/05\/20250522_110131-scaled.jpg","width":2560,"height":1920},{"@type":"BreadcrumbList","@id":"https:\/\/arealorcaradio.es\/index.php\/2025\/05\/22\/isabel-gimenez-sigo-siendo-la-camarera-de-nuestra-patrona-por-peticion-expresa-de-los-franciscanos-y-del-obispo-jose-manuel-lorca-planes\/#breadcrumb","itemListElement":[{"@type":"ListItem","position":1,"name":"Portada","item":"https:\/\/arealorcaradio.es\/"},{"@type":"ListItem","position":2,"name":"Isabel Gim\u00e9nez: \u00abSigo siendo la camarera de nuestra Patrona por petici\u00f3n expresa de los Franciscanos y del obispo Jos\u00e9 Manuel Lorca Planes\u00bb"}]},{"@type":"WebSite","@id":"https:\/\/arealorcaradio.es\/#website","url":"https:\/\/arealorcaradio.es\/","name":"AREA LORCA RADIO","description":"Descubre la programaci\u00f3n actual en \u00c1rea Lorca Radio, tu fuente de entrenamiento y noticias locales. Sintoniza ahora y mantente conectado online.","potentialAction":[{"@type":"SearchAction","target":{"@type":"EntryPoint","urlTemplate":"https:\/\/arealorcaradio.es\/?s={search_term_string}"},"query-input":{"@type":"PropertyValueSpecification","valueRequired":true,"valueName":"search_term_string"}}],"inLanguage":"es"},{"@type":"Person","@id":"https:\/\/arealorcaradio.es\/#\/schema\/person\/9fae605fc25b0f2c83c1ab207139bd27","name":"Paco S\u00e1nchez","image":{"@type":"ImageObject","inLanguage":"es","@id":"https:\/\/secure.gravatar.com\/avatar\/d67144e966420fb74aa84c9f2a0103be4724fd14db52b52d3b6bca749f257e79?s=96&d=mm&r=g","url":"https:\/\/secure.gravatar.com\/avatar\/d67144e966420fb74aa84c9f2a0103be4724fd14db52b52d3b6bca749f257e79?s=96&d=mm&r=g","contentUrl":"https:\/\/secure.gravatar.com\/avatar\/d67144e966420fb74aa84c9f2a0103be4724fd14db52b52d3b6bca749f257e79?s=96&d=mm&r=g","caption":"Paco S\u00e1nchez"},"sameAs":["https:\/\/arealorcaradio.es"],"url":"https:\/\/arealorcaradio.es\/index.php\/author\/admin_alorcaradio\/"}]}},"_links":{"self":[{"href":"https:\/\/arealorcaradio.es\/index.php\/wp-json\/wp\/v2\/posts\/6714","targetHints":{"allow":["GET"]}}],"collection":[{"href":"https:\/\/arealorcaradio.es\/index.php\/wp-json\/wp\/v2\/posts"}],"about":[{"href":"https:\/\/arealorcaradio.es\/index.php\/wp-json\/wp\/v2\/types\/post"}],"author":[{"embeddable":true,"href":"https:\/\/arealorcaradio.es\/index.php\/wp-json\/wp\/v2\/users\/1"}],"replies":[{"embeddable":true,"href":"https:\/\/arealorcaradio.es\/index.php\/wp-json\/wp\/v2\/comments?post=6714"}],"version-history":[{"count":1,"href":"https:\/\/arealorcaradio.es\/index.php\/wp-json\/wp\/v2\/posts\/6714\/revisions"}],"predecessor-version":[{"id":6717,"href":"https:\/\/arealorcaradio.es\/index.php\/wp-json\/wp\/v2\/posts\/6714\/revisions\/6717"}],"wp:featuredmedia":[{"embeddable":true,"href":"https:\/\/arealorcaradio.es\/index.php\/wp-json\/wp\/v2\/media\/6718"}],"wp:attachment":[{"href":"https:\/\/arealorcaradio.es\/index.php\/wp-json\/wp\/v2\/media?parent=6714"}],"wp:term":[{"taxonomy":"category","embeddable":true,"href":"https:\/\/arealorcaradio.es\/index.php\/wp-json\/wp\/v2\/categories?post=6714"},{"taxonomy":"post_tag","embeddable":true,"href":"https:\/\/arealorcaradio.es\/index.php\/wp-json\/wp\/v2\/tags?post=6714"}],"curies":[{"name":"wp","href":"https:\/\/api.w.org\/{rel}","templated":true}]}}