{"id":6697,"date":"2025-05-22T08:01:26","date_gmt":"2025-05-22T08:01:26","guid":{"rendered":"https:\/\/arealorcaradio.es\/?p=6697"},"modified":"2025-05-22T11:15:55","modified_gmt":"2025-05-22T11:15:55","slug":"el-villarreal-cf-se-lleva-a-una-de-las-perlas-de-la-cantera-del-futbol-lorquino","status":"publish","type":"post","link":"https:\/\/arealorcaradio.es\/index.php\/2025\/05\/22\/el-villarreal-cf-se-lleva-a-una-de-las-perlas-de-la-cantera-del-futbol-lorquino\/","title":{"rendered":"El Villarreal CF se lleva a una de las perlas de la cantera del f\u00fatbol lorquino"},"content":{"rendered":"<p><strong>\u00c1REA LORCA RADIO. Deportes.<\/strong><\/p>\n<p>Desde el pasado jueves 15 de mayo es oficial que Nacho Carralero es jugador a todos los efectos de las categor\u00edas inferiores del Villarreal CF, una de las mejores canteras nacionales en la actualidad.<\/p>\n<p><img loading=\"lazy\" decoding=\"async\" class=\"alignnone size-medium wp-image-6710\" src=\"https:\/\/arealorcaradio.es\/wp-content\/uploads\/2025\/05\/Nacho-Carralero-7-300x225.jpg\" alt=\"\" width=\"300\" height=\"225\" srcset=\"https:\/\/arealorcaradio.es\/wp-content\/uploads\/2025\/05\/Nacho-Carralero-7-300x225.jpg 300w, https:\/\/arealorcaradio.es\/wp-content\/uploads\/2025\/05\/Nacho-Carralero-7-1024x768.jpg 1024w, https:\/\/arealorcaradio.es\/wp-content\/uploads\/2025\/05\/Nacho-Carralero-7-768x576.jpg 768w, https:\/\/arealorcaradio.es\/wp-content\/uploads\/2025\/05\/Nacho-Carralero-7-1536x1152.jpg 1536w, https:\/\/arealorcaradio.es\/wp-content\/uploads\/2025\/05\/Nacho-Carralero-7-86x64.jpg 86w, https:\/\/arealorcaradio.es\/wp-content\/uploads\/2025\/05\/Nacho-Carralero-7.jpg 1600w\" sizes=\"auto, (max-width: 300px) 100vw, 300px\" \/> <img loading=\"lazy\" decoding=\"async\" class=\"alignnone size-medium wp-image-6711\" src=\"https:\/\/arealorcaradio.es\/wp-content\/uploads\/2025\/05\/Nacho-Carralero-6-300x225.jpg\" alt=\"\" width=\"300\" height=\"225\" srcset=\"https:\/\/arealorcaradio.es\/wp-content\/uploads\/2025\/05\/Nacho-Carralero-6-300x225.jpg 300w, https:\/\/arealorcaradio.es\/wp-content\/uploads\/2025\/05\/Nacho-Carralero-6-1024x768.jpg 1024w, https:\/\/arealorcaradio.es\/wp-content\/uploads\/2025\/05\/Nacho-Carralero-6-768x576.jpg 768w, https:\/\/arealorcaradio.es\/wp-content\/uploads\/2025\/05\/Nacho-Carralero-6-1536x1152.jpg 1536w, https:\/\/arealorcaradio.es\/wp-content\/uploads\/2025\/05\/Nacho-Carralero-6-86x64.jpg 86w, https:\/\/arealorcaradio.es\/wp-content\/uploads\/2025\/05\/Nacho-Carralero-6.jpg 1600w\" sizes=\"auto, (max-width: 300px) 100vw, 300px\" \/><\/p>\n<p>El joven jugador que cuenta en la actualidad con tan solo nueve a\u00f1os y juega como defensa del alev\u00edn es hijo del actual coordinador de las bases de la Pe\u00f1a Madridista CD Rafa Carralero qui\u00e9n tambi\u00e9n tuvo una experiencia como infantil cuando march\u00f3 a Palma de Mallorca a enrolarse en las categor\u00edas inferiores del RCD Mallorca, entonces en su equipo infantil donde estuvo dos temporadas.<\/p>\n<p><img loading=\"lazy\" decoding=\"async\" class=\"alignnone size-medium wp-image-6699\" src=\"https:\/\/arealorcaradio.es\/wp-content\/uploads\/2025\/05\/20250521_165605-225x300.jpg\" alt=\"\" width=\"225\" height=\"300\" srcset=\"https:\/\/arealorcaradio.es\/wp-content\/uploads\/2025\/05\/20250521_165605-225x300.jpg 225w, https:\/\/arealorcaradio.es\/wp-content\/uploads\/2025\/05\/20250521_165605-768x1024.jpg 768w, https:\/\/arealorcaradio.es\/wp-content\/uploads\/2025\/05\/20250521_165605-1152x1536.jpg 1152w, https:\/\/arealorcaradio.es\/wp-content\/uploads\/2025\/05\/20250521_165605-1536x2048.jpg 1536w, https:\/\/arealorcaradio.es\/wp-content\/uploads\/2025\/05\/20250521_165605-scaled.jpg 1920w\" sizes=\"auto, (max-width: 225px) 100vw, 225px\" \/> <img loading=\"lazy\" decoding=\"async\" class=\"alignnone size-medium wp-image-6706\" src=\"https:\/\/arealorcaradio.es\/wp-content\/uploads\/2025\/05\/IMG-20250522-WA0009-225x300.jpg\" alt=\"\" width=\"225\" height=\"300\" srcset=\"https:\/\/arealorcaradio.es\/wp-content\/uploads\/2025\/05\/IMG-20250522-WA0009-225x300.jpg 225w, https:\/\/arealorcaradio.es\/wp-content\/uploads\/2025\/05\/IMG-20250522-WA0009-768x1024.jpg 768w, https:\/\/arealorcaradio.es\/wp-content\/uploads\/2025\/05\/IMG-20250522-WA0009-1152x1536.jpg 1152w, https:\/\/arealorcaradio.es\/wp-content\/uploads\/2025\/05\/IMG-20250522-WA0009.jpg 1200w\" sizes=\"auto, (max-width: 225px) 100vw, 225px\" \/> <img loading=\"lazy\" decoding=\"async\" class=\"alignnone size-medium wp-image-6707\" src=\"https:\/\/arealorcaradio.es\/wp-content\/uploads\/2025\/05\/IMG-20250522-WA0010-225x300.jpg\" alt=\"\" width=\"225\" height=\"300\" srcset=\"https:\/\/arealorcaradio.es\/wp-content\/uploads\/2025\/05\/IMG-20250522-WA0010-225x300.jpg 225w, https:\/\/arealorcaradio.es\/wp-content\/uploads\/2025\/05\/IMG-20250522-WA0010-768x1024.jpg 768w, https:\/\/arealorcaradio.es\/wp-content\/uploads\/2025\/05\/IMG-20250522-WA0010-1152x1536.jpg 1152w, https:\/\/arealorcaradio.es\/wp-content\/uploads\/2025\/05\/IMG-20250522-WA0010.jpg 1200w\" sizes=\"auto, (max-width: 225px) 100vw, 225px\" \/> <img loading=\"lazy\" decoding=\"async\" class=\"alignnone size-medium wp-image-6708\" src=\"https:\/\/arealorcaradio.es\/wp-content\/uploads\/2025\/05\/IMG-20250522-WA0002-225x300.jpg\" alt=\"\" width=\"225\" height=\"300\" srcset=\"https:\/\/arealorcaradio.es\/wp-content\/uploads\/2025\/05\/IMG-20250522-WA0002-225x300.jpg 225w, https:\/\/arealorcaradio.es\/wp-content\/uploads\/2025\/05\/IMG-20250522-WA0002-768x1024.jpg 768w, https:\/\/arealorcaradio.es\/wp-content\/uploads\/2025\/05\/IMG-20250522-WA0002-1152x1536.jpg 1152w, https:\/\/arealorcaradio.es\/wp-content\/uploads\/2025\/05\/IMG-20250522-WA0002.jpg 1200w\" sizes=\"auto, (max-width: 225px) 100vw, 225px\" \/><\/p>\n<p>Nacho Carralero se quedar\u00e1 en su actual club la pr\u00f3xima temporada en calidad de cedido aunque tendr\u00e1 que subir a Villarreal al menos dos veces al mes para entrenar en la Ciudad Deportiva del Villarreal, adem\u00e1s de que jugar\u00e1 todos los torneos en los que participe el Villarreal de categor\u00eda alev\u00edn, por lo que estar\u00e1 en Lorca en din\u00e1mica del Villarreal.<\/p>\n<p>El objetivo del equipo castellonense en que la temporada 2026\/2027 Nacho Carralero pase a formar parte de uno de los cien jugadores que en la actualidad tiene el Villarreal CF en su residencia.<\/p>\n<p>Escucha aqu\u00ed la entrevista que han concedido a Paco S\u00e1nchez el coordinador de la Pe\u00f1a Madridista de Lorca CD Rafa Carralero, a su vez padre del verdadero protagonista, el defensa central Nacho Carralero.<\/p>\n<audio class=\"wp-audio-shortcode\" id=\"audio-6697-1\" preload=\"none\" style=\"width: 100%;\" controls=\"controls\"><source type=\"audio\/mpeg\" src=\"https:\/\/arealorcaradio.es\/wp-content\/uploads\/2025\/05\/210525-NACHO-Y-RAFA-CARRALERO.-FICHAJE-VILLARREAL.mp3?_=1\" \/><a href=\"https:\/\/arealorcaradio.es\/wp-content\/uploads\/2025\/05\/210525-NACHO-Y-RAFA-CARRALERO.-FICHAJE-VILLARREAL.mp3\">https:\/\/arealorcaradio.es\/wp-content\/uploads\/2025\/05\/210525-NACHO-Y-RAFA-CARRALERO.-FICHAJE-VILLARREAL.mp3<\/a><\/audio>\n","protected":false},"excerpt":{"rendered":"<p>\u00c1REA LORCA RADIO. Deportes. Desde el pasado jueves 15 de mayo es oficial que Nacho Carralero es jugador a todos los efectos de las categor\u00edas inferiores del Villarreal CF, una de las mejores canteras nacionales en la actualidad. El joven jugador que cuenta en la actualidad con tan solo nueve a\u00f1os y juega como defensa [&hellip;]<\/p>\n","protected":false},"author":1,"featured_media":6700,"comment_status":"open","ping_status":"open","sticky":false,"template":"","format":"standard","meta":{"iawp_total_views":276,"footnotes":""},"categories":[4,7],"tags":[],"class_list":["post-6697","post","type-post","status-publish","format-standard","has-post-thumbnail","hentry","category-deportes","category-lorca"],"yoast_head":"<!-- This site is optimized with the Yoast SEO plugin v27.5 - https:\/\/yoast.com\/product\/yoast-seo-wordpress\/ -->\n<title>El Villarreal CF se lleva a una de las perlas de la cantera del f\u00fatbol lorquino - AREA LORCA RADIO<\/title>\n<meta name=\"robots\" content=\"index, follow, max-snippet:-1, max-image-preview:large, max-video-preview:-1\" \/>\n<link rel=\"canonical\" href=\"https:\/\/arealorcaradio.es\/index.php\/2025\/05\/22\/el-villarreal-cf-se-lleva-a-una-de-las-perlas-de-la-cantera-del-futbol-lorquino\/\" \/>\n<meta property=\"og:locale\" content=\"es_ES\" \/>\n<meta property=\"og:type\" content=\"article\" \/>\n<meta property=\"og:title\" content=\"El Villarreal CF se lleva a una de las perlas de la cantera del f\u00fatbol lorquino - AREA LORCA RADIO\" \/>\n<meta property=\"og:description\" content=\"\u00c1REA LORCA RADIO. Deportes. Desde el pasado jueves 15 de mayo es oficial que Nacho Carralero es jugador a todos los efectos de las categor\u00edas inferiores del Villarreal CF, una de las mejores canteras nacionales en la actualidad. El joven jugador que cuenta en la actualidad con tan solo nueve a\u00f1os y juega como defensa [&hellip;]\" \/>\n<meta property=\"og:url\" content=\"https:\/\/arealorcaradio.es\/index.php\/2025\/05\/22\/el-villarreal-cf-se-lleva-a-una-de-las-perlas-de-la-cantera-del-futbol-lorquino\/\" \/>\n<meta property=\"og:site_name\" content=\"AREA LORCA RADIO\" \/>\n<meta property=\"article:published_time\" content=\"2025-05-22T08:01:26+00:00\" \/>\n<meta property=\"article:modified_time\" content=\"2025-05-22T11:15:55+00:00\" \/>\n<meta property=\"og:image\" content=\"https:\/\/arealorcaradio.es\/wp-content\/uploads\/2025\/05\/20250521_165557-scaled.jpg\" \/>\n\t<meta property=\"og:image:width\" content=\"2560\" \/>\n\t<meta property=\"og:image:height\" content=\"1920\" \/>\n\t<meta property=\"og:image:type\" content=\"image\/jpeg\" \/>\n<meta name=\"author\" content=\"Paco S\u00e1nchez\" \/>\n<meta name=\"twitter:card\" content=\"summary_large_image\" \/>\n<meta name=\"twitter:label1\" content=\"Escrito por\" \/>\n\t<meta name=\"twitter:data1\" content=\"Paco S\u00e1nchez\" \/>\n\t<meta name=\"twitter:label2\" content=\"Tiempo de lectura\" \/>\n\t<meta name=\"twitter:data2\" content=\"3 minutos\" \/>\n<script type=\"application\/ld+json\" class=\"yoast-schema-graph\">{\"@context\":\"https:\\\/\\\/schema.org\",\"@graph\":[{\"@type\":\"Article\",\"@id\":\"https:\\\/\\\/arealorcaradio.es\\\/index.php\\\/2025\\\/05\\\/22\\\/el-villarreal-cf-se-lleva-a-una-de-las-perlas-de-la-cantera-del-futbol-lorquino\\\/#article\",\"isPartOf\":{\"@id\":\"https:\\\/\\\/arealorcaradio.es\\\/index.php\\\/2025\\\/05\\\/22\\\/el-villarreal-cf-se-lleva-a-una-de-las-perlas-de-la-cantera-del-futbol-lorquino\\\/\"},\"author\":{\"name\":\"Paco S\u00e1nchez\",\"@id\":\"https:\\\/\\\/arealorcaradio.es\\\/#\\\/schema\\\/person\\\/9fae605fc25b0f2c83c1ab207139bd27\"},\"headline\":\"El Villarreal CF se lleva a una de las perlas de la cantera del f\u00fatbol lorquino\",\"datePublished\":\"2025-05-22T08:01:26+00:00\",\"dateModified\":\"2025-05-22T11:15:55+00:00\",\"mainEntityOfPage\":{\"@id\":\"https:\\\/\\\/arealorcaradio.es\\\/index.php\\\/2025\\\/05\\\/22\\\/el-villarreal-cf-se-lleva-a-una-de-las-perlas-de-la-cantera-del-futbol-lorquino\\\/\"},\"wordCount\":270,\"commentCount\":0,\"image\":{\"@id\":\"https:\\\/\\\/arealorcaradio.es\\\/index.php\\\/2025\\\/05\\\/22\\\/el-villarreal-cf-se-lleva-a-una-de-las-perlas-de-la-cantera-del-futbol-lorquino\\\/#primaryimage\"},\"thumbnailUrl\":\"https:\\\/\\\/arealorcaradio.es\\\/wp-content\\\/uploads\\\/2025\\\/05\\\/20250521_165557-scaled.jpg\",\"articleSection\":[\"DEPORTES\",\"LORCA\"],\"inLanguage\":\"es\",\"potentialAction\":[{\"@type\":\"CommentAction\",\"name\":\"Comment\",\"target\":[\"https:\\\/\\\/arealorcaradio.es\\\/index.php\\\/2025\\\/05\\\/22\\\/el-villarreal-cf-se-lleva-a-una-de-las-perlas-de-la-cantera-del-futbol-lorquino\\\/#respond\"]}]},{\"@type\":\"WebPage\",\"@id\":\"https:\\\/\\\/arealorcaradio.es\\\/index.php\\\/2025\\\/05\\\/22\\\/el-villarreal-cf-se-lleva-a-una-de-las-perlas-de-la-cantera-del-futbol-lorquino\\\/\",\"url\":\"https:\\\/\\\/arealorcaradio.es\\\/index.php\\\/2025\\\/05\\\/22\\\/el-villarreal-cf-se-lleva-a-una-de-las-perlas-de-la-cantera-del-futbol-lorquino\\\/\",\"name\":\"El Villarreal CF se lleva a una de las perlas de la cantera del f\u00fatbol lorquino - AREA LORCA RADIO\",\"isPartOf\":{\"@id\":\"https:\\\/\\\/arealorcaradio.es\\\/#website\"},\"primaryImageOfPage\":{\"@id\":\"https:\\\/\\\/arealorcaradio.es\\\/index.php\\\/2025\\\/05\\\/22\\\/el-villarreal-cf-se-lleva-a-una-de-las-perlas-de-la-cantera-del-futbol-lorquino\\\/#primaryimage\"},\"image\":{\"@id\":\"https:\\\/\\\/arealorcaradio.es\\\/index.php\\\/2025\\\/05\\\/22\\\/el-villarreal-cf-se-lleva-a-una-de-las-perlas-de-la-cantera-del-futbol-lorquino\\\/#primaryimage\"},\"thumbnailUrl\":\"https:\\\/\\\/arealorcaradio.es\\\/wp-content\\\/uploads\\\/2025\\\/05\\\/20250521_165557-scaled.jpg\",\"datePublished\":\"2025-05-22T08:01:26+00:00\",\"dateModified\":\"2025-05-22T11:15:55+00:00\",\"author\":{\"@id\":\"https:\\\/\\\/arealorcaradio.es\\\/#\\\/schema\\\/person\\\/9fae605fc25b0f2c83c1ab207139bd27\"},\"breadcrumb\":{\"@id\":\"https:\\\/\\\/arealorcaradio.es\\\/index.php\\\/2025\\\/05\\\/22\\\/el-villarreal-cf-se-lleva-a-una-de-las-perlas-de-la-cantera-del-futbol-lorquino\\\/#breadcrumb\"},\"inLanguage\":\"es\",\"potentialAction\":[{\"@type\":\"ReadAction\",\"target\":[\"https:\\\/\\\/arealorcaradio.es\\\/index.php\\\/2025\\\/05\\\/22\\\/el-villarreal-cf-se-lleva-a-una-de-las-perlas-de-la-cantera-del-futbol-lorquino\\\/\"]}]},{\"@type\":\"ImageObject\",\"inLanguage\":\"es\",\"@id\":\"https:\\\/\\\/arealorcaradio.es\\\/index.php\\\/2025\\\/05\\\/22\\\/el-villarreal-cf-se-lleva-a-una-de-las-perlas-de-la-cantera-del-futbol-lorquino\\\/#primaryimage\",\"url\":\"https:\\\/\\\/arealorcaradio.es\\\/wp-content\\\/uploads\\\/2025\\\/05\\\/20250521_165557-scaled.jpg\",\"contentUrl\":\"https:\\\/\\\/arealorcaradio.es\\\/wp-content\\\/uploads\\\/2025\\\/05\\\/20250521_165557-scaled.jpg\",\"width\":2560,\"height\":1920},{\"@type\":\"BreadcrumbList\",\"@id\":\"https:\\\/\\\/arealorcaradio.es\\\/index.php\\\/2025\\\/05\\\/22\\\/el-villarreal-cf-se-lleva-a-una-de-las-perlas-de-la-cantera-del-futbol-lorquino\\\/#breadcrumb\",\"itemListElement\":[{\"@type\":\"ListItem\",\"position\":1,\"name\":\"Portada\",\"item\":\"https:\\\/\\\/arealorcaradio.es\\\/\"},{\"@type\":\"ListItem\",\"position\":2,\"name\":\"El Villarreal CF se lleva a una de las perlas de la cantera del f\u00fatbol lorquino\"}]},{\"@type\":\"WebSite\",\"@id\":\"https:\\\/\\\/arealorcaradio.es\\\/#website\",\"url\":\"https:\\\/\\\/arealorcaradio.es\\\/\",\"name\":\"AREA LORCA RADIO\",\"description\":\"Descubre la programaci\u00f3n actual en \u00c1rea Lorca Radio, tu fuente de entrenamiento y noticias locales. Sintoniza ahora y mantente conectado online.\",\"potentialAction\":[{\"@type\":\"SearchAction\",\"target\":{\"@type\":\"EntryPoint\",\"urlTemplate\":\"https:\\\/\\\/arealorcaradio.es\\\/?s={search_term_string}\"},\"query-input\":{\"@type\":\"PropertyValueSpecification\",\"valueRequired\":true,\"valueName\":\"search_term_string\"}}],\"inLanguage\":\"es\"},{\"@type\":\"Person\",\"@id\":\"https:\\\/\\\/arealorcaradio.es\\\/#\\\/schema\\\/person\\\/9fae605fc25b0f2c83c1ab207139bd27\",\"name\":\"Paco S\u00e1nchez\",\"image\":{\"@type\":\"ImageObject\",\"inLanguage\":\"es\",\"@id\":\"https:\\\/\\\/secure.gravatar.com\\\/avatar\\\/d67144e966420fb74aa84c9f2a0103be4724fd14db52b52d3b6bca749f257e79?s=96&d=mm&r=g\",\"url\":\"https:\\\/\\\/secure.gravatar.com\\\/avatar\\\/d67144e966420fb74aa84c9f2a0103be4724fd14db52b52d3b6bca749f257e79?s=96&d=mm&r=g\",\"contentUrl\":\"https:\\\/\\\/secure.gravatar.com\\\/avatar\\\/d67144e966420fb74aa84c9f2a0103be4724fd14db52b52d3b6bca749f257e79?s=96&d=mm&r=g\",\"caption\":\"Paco S\u00e1nchez\"},\"sameAs\":[\"https:\\\/\\\/arealorcaradio.es\"],\"url\":\"https:\\\/\\\/arealorcaradio.es\\\/index.php\\\/author\\\/admin_alorcaradio\\\/\"}]}<\/script>\n<!-- \/ Yoast SEO plugin. -->","yoast_head_json":{"title":"El Villarreal CF se lleva a una de las perlas de la cantera del f\u00fatbol lorquino - AREA LORCA RADIO","robots":{"index":"index","follow":"follow","max-snippet":"max-snippet:-1","max-image-preview":"max-image-preview:large","max-video-preview":"max-video-preview:-1"},"canonical":"https:\/\/arealorcaradio.es\/index.php\/2025\/05\/22\/el-villarreal-cf-se-lleva-a-una-de-las-perlas-de-la-cantera-del-futbol-lorquino\/","og_locale":"es_ES","og_type":"article","og_title":"El Villarreal CF se lleva a una de las perlas de la cantera del f\u00fatbol lorquino - AREA LORCA RADIO","og_description":"\u00c1REA LORCA RADIO. Deportes. Desde el pasado jueves 15 de mayo es oficial que Nacho Carralero es jugador a todos los efectos de las categor\u00edas inferiores del Villarreal CF, una de las mejores canteras nacionales en la actualidad. El joven jugador que cuenta en la actualidad con tan solo nueve a\u00f1os y juega como defensa [&hellip;]","og_url":"https:\/\/arealorcaradio.es\/index.php\/2025\/05\/22\/el-villarreal-cf-se-lleva-a-una-de-las-perlas-de-la-cantera-del-futbol-lorquino\/","og_site_name":"AREA LORCA RADIO","article_published_time":"2025-05-22T08:01:26+00:00","article_modified_time":"2025-05-22T11:15:55+00:00","og_image":[{"width":2560,"height":1920,"url":"https:\/\/arealorcaradio.es\/wp-content\/uploads\/2025\/05\/20250521_165557-scaled.jpg","type":"image\/jpeg"}],"author":"Paco S\u00e1nchez","twitter_card":"summary_large_image","twitter_misc":{"Escrito por":"Paco S\u00e1nchez","Tiempo de lectura":"3 minutos"},"schema":{"@context":"https:\/\/schema.org","@graph":[{"@type":"Article","@id":"https:\/\/arealorcaradio.es\/index.php\/2025\/05\/22\/el-villarreal-cf-se-lleva-a-una-de-las-perlas-de-la-cantera-del-futbol-lorquino\/#article","isPartOf":{"@id":"https:\/\/arealorcaradio.es\/index.php\/2025\/05\/22\/el-villarreal-cf-se-lleva-a-una-de-las-perlas-de-la-cantera-del-futbol-lorquino\/"},"author":{"name":"Paco S\u00e1nchez","@id":"https:\/\/arealorcaradio.es\/#\/schema\/person\/9fae605fc25b0f2c83c1ab207139bd27"},"headline":"El Villarreal CF se lleva a una de las perlas de la cantera del f\u00fatbol lorquino","datePublished":"2025-05-22T08:01:26+00:00","dateModified":"2025-05-22T11:15:55+00:00","mainEntityOfPage":{"@id":"https:\/\/arealorcaradio.es\/index.php\/2025\/05\/22\/el-villarreal-cf-se-lleva-a-una-de-las-perlas-de-la-cantera-del-futbol-lorquino\/"},"wordCount":270,"commentCount":0,"image":{"@id":"https:\/\/arealorcaradio.es\/index.php\/2025\/05\/22\/el-villarreal-cf-se-lleva-a-una-de-las-perlas-de-la-cantera-del-futbol-lorquino\/#primaryimage"},"thumbnailUrl":"https:\/\/arealorcaradio.es\/wp-content\/uploads\/2025\/05\/20250521_165557-scaled.jpg","articleSection":["DEPORTES","LORCA"],"inLanguage":"es","potentialAction":[{"@type":"CommentAction","name":"Comment","target":["https:\/\/arealorcaradio.es\/index.php\/2025\/05\/22\/el-villarreal-cf-se-lleva-a-una-de-las-perlas-de-la-cantera-del-futbol-lorquino\/#respond"]}]},{"@type":"WebPage","@id":"https:\/\/arealorcaradio.es\/index.php\/2025\/05\/22\/el-villarreal-cf-se-lleva-a-una-de-las-perlas-de-la-cantera-del-futbol-lorquino\/","url":"https:\/\/arealorcaradio.es\/index.php\/2025\/05\/22\/el-villarreal-cf-se-lleva-a-una-de-las-perlas-de-la-cantera-del-futbol-lorquino\/","name":"El Villarreal CF se lleva a una de las perlas de la cantera del f\u00fatbol lorquino - AREA LORCA RADIO","isPartOf":{"@id":"https:\/\/arealorcaradio.es\/#website"},"primaryImageOfPage":{"@id":"https:\/\/arealorcaradio.es\/index.php\/2025\/05\/22\/el-villarreal-cf-se-lleva-a-una-de-las-perlas-de-la-cantera-del-futbol-lorquino\/#primaryimage"},"image":{"@id":"https:\/\/arealorcaradio.es\/index.php\/2025\/05\/22\/el-villarreal-cf-se-lleva-a-una-de-las-perlas-de-la-cantera-del-futbol-lorquino\/#primaryimage"},"thumbnailUrl":"https:\/\/arealorcaradio.es\/wp-content\/uploads\/2025\/05\/20250521_165557-scaled.jpg","datePublished":"2025-05-22T08:01:26+00:00","dateModified":"2025-05-22T11:15:55+00:00","author":{"@id":"https:\/\/arealorcaradio.es\/#\/schema\/person\/9fae605fc25b0f2c83c1ab207139bd27"},"breadcrumb":{"@id":"https:\/\/arealorcaradio.es\/index.php\/2025\/05\/22\/el-villarreal-cf-se-lleva-a-una-de-las-perlas-de-la-cantera-del-futbol-lorquino\/#breadcrumb"},"inLanguage":"es","potentialAction":[{"@type":"ReadAction","target":["https:\/\/arealorcaradio.es\/index.php\/2025\/05\/22\/el-villarreal-cf-se-lleva-a-una-de-las-perlas-de-la-cantera-del-futbol-lorquino\/"]}]},{"@type":"ImageObject","inLanguage":"es","@id":"https:\/\/arealorcaradio.es\/index.php\/2025\/05\/22\/el-villarreal-cf-se-lleva-a-una-de-las-perlas-de-la-cantera-del-futbol-lorquino\/#primaryimage","url":"https:\/\/arealorcaradio.es\/wp-content\/uploads\/2025\/05\/20250521_165557-scaled.jpg","contentUrl":"https:\/\/arealorcaradio.es\/wp-content\/uploads\/2025\/05\/20250521_165557-scaled.jpg","width":2560,"height":1920},{"@type":"BreadcrumbList","@id":"https:\/\/arealorcaradio.es\/index.php\/2025\/05\/22\/el-villarreal-cf-se-lleva-a-una-de-las-perlas-de-la-cantera-del-futbol-lorquino\/#breadcrumb","itemListElement":[{"@type":"ListItem","position":1,"name":"Portada","item":"https:\/\/arealorcaradio.es\/"},{"@type":"ListItem","position":2,"name":"El Villarreal CF se lleva a una de las perlas de la cantera del f\u00fatbol lorquino"}]},{"@type":"WebSite","@id":"https:\/\/arealorcaradio.es\/#website","url":"https:\/\/arealorcaradio.es\/","name":"AREA LORCA RADIO","description":"Descubre la programaci\u00f3n actual en \u00c1rea Lorca Radio, tu fuente de entrenamiento y noticias locales. Sintoniza ahora y mantente conectado online.","potentialAction":[{"@type":"SearchAction","target":{"@type":"EntryPoint","urlTemplate":"https:\/\/arealorcaradio.es\/?s={search_term_string}"},"query-input":{"@type":"PropertyValueSpecification","valueRequired":true,"valueName":"search_term_string"}}],"inLanguage":"es"},{"@type":"Person","@id":"https:\/\/arealorcaradio.es\/#\/schema\/person\/9fae605fc25b0f2c83c1ab207139bd27","name":"Paco S\u00e1nchez","image":{"@type":"ImageObject","inLanguage":"es","@id":"https:\/\/secure.gravatar.com\/avatar\/d67144e966420fb74aa84c9f2a0103be4724fd14db52b52d3b6bca749f257e79?s=96&d=mm&r=g","url":"https:\/\/secure.gravatar.com\/avatar\/d67144e966420fb74aa84c9f2a0103be4724fd14db52b52d3b6bca749f257e79?s=96&d=mm&r=g","contentUrl":"https:\/\/secure.gravatar.com\/avatar\/d67144e966420fb74aa84c9f2a0103be4724fd14db52b52d3b6bca749f257e79?s=96&d=mm&r=g","caption":"Paco S\u00e1nchez"},"sameAs":["https:\/\/arealorcaradio.es"],"url":"https:\/\/arealorcaradio.es\/index.php\/author\/admin_alorcaradio\/"}]}},"_links":{"self":[{"href":"https:\/\/arealorcaradio.es\/index.php\/wp-json\/wp\/v2\/posts\/6697","targetHints":{"allow":["GET"]}}],"collection":[{"href":"https:\/\/arealorcaradio.es\/index.php\/wp-json\/wp\/v2\/posts"}],"about":[{"href":"https:\/\/arealorcaradio.es\/index.php\/wp-json\/wp\/v2\/types\/post"}],"author":[{"embeddable":true,"href":"https:\/\/arealorcaradio.es\/index.php\/wp-json\/wp\/v2\/users\/1"}],"replies":[{"embeddable":true,"href":"https:\/\/arealorcaradio.es\/index.php\/wp-json\/wp\/v2\/comments?post=6697"}],"version-history":[{"count":4,"href":"https:\/\/arealorcaradio.es\/index.php\/wp-json\/wp\/v2\/posts\/6697\/revisions"}],"predecessor-version":[{"id":6713,"href":"https:\/\/arealorcaradio.es\/index.php\/wp-json\/wp\/v2\/posts\/6697\/revisions\/6713"}],"wp:featuredmedia":[{"embeddable":true,"href":"https:\/\/arealorcaradio.es\/index.php\/wp-json\/wp\/v2\/media\/6700"}],"wp:attachment":[{"href":"https:\/\/arealorcaradio.es\/index.php\/wp-json\/wp\/v2\/media?parent=6697"}],"wp:term":[{"taxonomy":"category","embeddable":true,"href":"https:\/\/arealorcaradio.es\/index.php\/wp-json\/wp\/v2\/categories?post=6697"},{"taxonomy":"post_tag","embeddable":true,"href":"https:\/\/arealorcaradio.es\/index.php\/wp-json\/wp\/v2\/tags?post=6697"}],"curies":[{"name":"wp","href":"https:\/\/api.w.org\/{rel}","templated":true}]}}