{"id":6688,"date":"2025-05-21T10:34:09","date_gmt":"2025-05-21T10:34:09","guid":{"rendered":"https:\/\/arealorcaradio.es\/?p=6688"},"modified":"2025-05-21T10:34:09","modified_gmt":"2025-05-21T10:34:09","slug":"antonia-perez-segura-nueva-concejal-del-grupo-municipal-socialista-en-el-ayuntamiento-de-lorca","status":"publish","type":"post","link":"https:\/\/arealorcaradio.es\/index.php\/2025\/05\/21\/antonia-perez-segura-nueva-concejal-del-grupo-municipal-socialista-en-el-ayuntamiento-de-lorca\/","title":{"rendered":"Antonia P\u00e9rez Segura, nueva concejal del Grupo Municipal Socialista en el Ayuntamiento de Lorca"},"content":{"rendered":"<p><strong>\u00c1REA LORCA RADIO. Pol\u00edtica.<\/strong><\/p>\n<p>El alcalde de Lorca, Fulgencio Gil J\u00f3dar, ha impuesto la medalla corporativa a Antonia P\u00e9rez Segura que ha tomado posesi\u00f3n hoy mismo, en el Pleno Extraordinario celebrado en el Ayuntamiento de Lorca, de su acta como nueva concejal del Grupo Socialista<\/p>\n<p class=\"v1MsoNormal\"><img loading=\"lazy\" decoding=\"async\" class=\"alignnone size-medium wp-image-6689\" src=\"https:\/\/arealorcaradio.es\/wp-content\/uploads\/2025\/05\/FOTO2-15-300x225.jpeg\" alt=\"\" width=\"300\" height=\"225\" srcset=\"https:\/\/arealorcaradio.es\/wp-content\/uploads\/2025\/05\/FOTO2-15-300x225.jpeg 300w, https:\/\/arealorcaradio.es\/wp-content\/uploads\/2025\/05\/FOTO2-15-1024x768.jpeg 1024w, https:\/\/arealorcaradio.es\/wp-content\/uploads\/2025\/05\/FOTO2-15-768x576.jpeg 768w, https:\/\/arealorcaradio.es\/wp-content\/uploads\/2025\/05\/FOTO2-15-1536x1152.jpeg 1536w, https:\/\/arealorcaradio.es\/wp-content\/uploads\/2025\/05\/FOTO2-15-2048x1536.jpeg 2048w, https:\/\/arealorcaradio.es\/wp-content\/uploads\/2025\/05\/FOTO2-15-86x64.jpeg 86w\" sizes=\"auto, (max-width: 300px) 100vw, 300px\" \/><\/p>\n<p class=\"v1MsoNormal\">Adem\u00e1s, durante la sesi\u00f3n, ha sido aprobada por asentimiento la moci\u00f3n de Alcald\u00eda sobre la fijaci\u00f3n de las Fiestas Locales del municipio de Lorca. Por tanto, en el a\u00f1o 2025, dentro de los l\u00edmites del t\u00e9rmino municipal, ser\u00e1n fiestas locales, inh\u00e1biles a efectos laborales, retribuidas y no recuperables, los d\u00edas que se indican a continuaci\u00f3n: lunes 8 septiembre y lunes 24 noviembre, informaci\u00f3n que se puede consultar en el BORM.<\/p>\n","protected":false},"excerpt":{"rendered":"<p>\u00c1REA LORCA RADIO. Pol\u00edtica. El alcalde de Lorca, Fulgencio Gil J\u00f3dar, ha impuesto la medalla corporativa a Antonia P\u00e9rez Segura que ha tomado posesi\u00f3n hoy mismo, en el Pleno Extraordinario celebrado en el Ayuntamiento de Lorca, de su acta como nueva concejal del Grupo Socialista Adem\u00e1s, durante la sesi\u00f3n, ha sido aprobada por asentimiento la [&hellip;]<\/p>\n","protected":false},"author":1,"featured_media":6690,"comment_status":"open","ping_status":"open","sticky":false,"template":"","format":"standard","meta":{"iawp_total_views":17,"footnotes":""},"categories":[5,7],"tags":[],"class_list":["post-6688","post","type-post","status-publish","format-standard","has-post-thumbnail","hentry","category-actualidad","category-lorca"],"yoast_head":"<!-- This site is optimized with the Yoast SEO plugin v27.5 - https:\/\/yoast.com\/product\/yoast-seo-wordpress\/ -->\n<title>Antonia P\u00e9rez Segura, nueva concejal del Grupo Municipal Socialista en el Ayuntamiento de Lorca - AREA LORCA RADIO<\/title>\n<meta name=\"robots\" content=\"index, follow, max-snippet:-1, max-image-preview:large, max-video-preview:-1\" \/>\n<link rel=\"canonical\" href=\"https:\/\/arealorcaradio.es\/index.php\/2025\/05\/21\/antonia-perez-segura-nueva-concejal-del-grupo-municipal-socialista-en-el-ayuntamiento-de-lorca\/\" \/>\n<meta property=\"og:locale\" content=\"es_ES\" \/>\n<meta property=\"og:type\" content=\"article\" \/>\n<meta property=\"og:title\" content=\"Antonia P\u00e9rez Segura, nueva concejal del Grupo Municipal Socialista en el Ayuntamiento de Lorca - AREA LORCA RADIO\" \/>\n<meta property=\"og:description\" content=\"\u00c1REA LORCA RADIO. Pol\u00edtica. El alcalde de Lorca, Fulgencio Gil J\u00f3dar, ha impuesto la medalla corporativa a Antonia P\u00e9rez Segura que ha tomado posesi\u00f3n hoy mismo, en el Pleno Extraordinario celebrado en el Ayuntamiento de Lorca, de su acta como nueva concejal del Grupo Socialista Adem\u00e1s, durante la sesi\u00f3n, ha sido aprobada por asentimiento la [&hellip;]\" \/>\n<meta property=\"og:url\" content=\"https:\/\/arealorcaradio.es\/index.php\/2025\/05\/21\/antonia-perez-segura-nueva-concejal-del-grupo-municipal-socialista-en-el-ayuntamiento-de-lorca\/\" \/>\n<meta property=\"og:site_name\" content=\"AREA LORCA RADIO\" \/>\n<meta property=\"article:published_time\" content=\"2025-05-21T10:34:09+00:00\" \/>\n<meta property=\"og:image\" content=\"https:\/\/arealorcaradio.es\/wp-content\/uploads\/2025\/05\/FOTO1-26-scaled.jpeg\" \/>\n\t<meta property=\"og:image:width\" content=\"2560\" \/>\n\t<meta property=\"og:image:height\" content=\"1920\" \/>\n\t<meta property=\"og:image:type\" content=\"image\/jpeg\" \/>\n<meta name=\"author\" content=\"Paco S\u00e1nchez\" \/>\n<meta name=\"twitter:card\" content=\"summary_large_image\" \/>\n<meta name=\"twitter:label1\" content=\"Escrito por\" \/>\n\t<meta name=\"twitter:data1\" content=\"Paco S\u00e1nchez\" \/>\n\t<meta name=\"twitter:label2\" content=\"Tiempo de lectura\" \/>\n\t<meta name=\"twitter:data2\" content=\"2 minutos\" \/>\n<script type=\"application\/ld+json\" class=\"yoast-schema-graph\">{\"@context\":\"https:\\\/\\\/schema.org\",\"@graph\":[{\"@type\":\"Article\",\"@id\":\"https:\\\/\\\/arealorcaradio.es\\\/index.php\\\/2025\\\/05\\\/21\\\/antonia-perez-segura-nueva-concejal-del-grupo-municipal-socialista-en-el-ayuntamiento-de-lorca\\\/#article\",\"isPartOf\":{\"@id\":\"https:\\\/\\\/arealorcaradio.es\\\/index.php\\\/2025\\\/05\\\/21\\\/antonia-perez-segura-nueva-concejal-del-grupo-municipal-socialista-en-el-ayuntamiento-de-lorca\\\/\"},\"author\":{\"name\":\"Paco S\u00e1nchez\",\"@id\":\"https:\\\/\\\/arealorcaradio.es\\\/#\\\/schema\\\/person\\\/9fae605fc25b0f2c83c1ab207139bd27\"},\"headline\":\"Antonia P\u00e9rez Segura, nueva concejal del Grupo Municipal Socialista en el Ayuntamiento de Lorca\",\"datePublished\":\"2025-05-21T10:34:09+00:00\",\"mainEntityOfPage\":{\"@id\":\"https:\\\/\\\/arealorcaradio.es\\\/index.php\\\/2025\\\/05\\\/21\\\/antonia-perez-segura-nueva-concejal-del-grupo-municipal-socialista-en-el-ayuntamiento-de-lorca\\\/\"},\"wordCount\":144,\"commentCount\":0,\"image\":{\"@id\":\"https:\\\/\\\/arealorcaradio.es\\\/index.php\\\/2025\\\/05\\\/21\\\/antonia-perez-segura-nueva-concejal-del-grupo-municipal-socialista-en-el-ayuntamiento-de-lorca\\\/#primaryimage\"},\"thumbnailUrl\":\"https:\\\/\\\/arealorcaradio.es\\\/wp-content\\\/uploads\\\/2025\\\/05\\\/FOTO1-26-scaled.jpeg\",\"articleSection\":[\"ACTUALIDAD\",\"LORCA\"],\"inLanguage\":\"es\",\"potentialAction\":[{\"@type\":\"CommentAction\",\"name\":\"Comment\",\"target\":[\"https:\\\/\\\/arealorcaradio.es\\\/index.php\\\/2025\\\/05\\\/21\\\/antonia-perez-segura-nueva-concejal-del-grupo-municipal-socialista-en-el-ayuntamiento-de-lorca\\\/#respond\"]}]},{\"@type\":\"WebPage\",\"@id\":\"https:\\\/\\\/arealorcaradio.es\\\/index.php\\\/2025\\\/05\\\/21\\\/antonia-perez-segura-nueva-concejal-del-grupo-municipal-socialista-en-el-ayuntamiento-de-lorca\\\/\",\"url\":\"https:\\\/\\\/arealorcaradio.es\\\/index.php\\\/2025\\\/05\\\/21\\\/antonia-perez-segura-nueva-concejal-del-grupo-municipal-socialista-en-el-ayuntamiento-de-lorca\\\/\",\"name\":\"Antonia P\u00e9rez Segura, nueva concejal del Grupo Municipal Socialista en el Ayuntamiento de Lorca - AREA LORCA RADIO\",\"isPartOf\":{\"@id\":\"https:\\\/\\\/arealorcaradio.es\\\/#website\"},\"primaryImageOfPage\":{\"@id\":\"https:\\\/\\\/arealorcaradio.es\\\/index.php\\\/2025\\\/05\\\/21\\\/antonia-perez-segura-nueva-concejal-del-grupo-municipal-socialista-en-el-ayuntamiento-de-lorca\\\/#primaryimage\"},\"image\":{\"@id\":\"https:\\\/\\\/arealorcaradio.es\\\/index.php\\\/2025\\\/05\\\/21\\\/antonia-perez-segura-nueva-concejal-del-grupo-municipal-socialista-en-el-ayuntamiento-de-lorca\\\/#primaryimage\"},\"thumbnailUrl\":\"https:\\\/\\\/arealorcaradio.es\\\/wp-content\\\/uploads\\\/2025\\\/05\\\/FOTO1-26-scaled.jpeg\",\"datePublished\":\"2025-05-21T10:34:09+00:00\",\"author\":{\"@id\":\"https:\\\/\\\/arealorcaradio.es\\\/#\\\/schema\\\/person\\\/9fae605fc25b0f2c83c1ab207139bd27\"},\"breadcrumb\":{\"@id\":\"https:\\\/\\\/arealorcaradio.es\\\/index.php\\\/2025\\\/05\\\/21\\\/antonia-perez-segura-nueva-concejal-del-grupo-municipal-socialista-en-el-ayuntamiento-de-lorca\\\/#breadcrumb\"},\"inLanguage\":\"es\",\"potentialAction\":[{\"@type\":\"ReadAction\",\"target\":[\"https:\\\/\\\/arealorcaradio.es\\\/index.php\\\/2025\\\/05\\\/21\\\/antonia-perez-segura-nueva-concejal-del-grupo-municipal-socialista-en-el-ayuntamiento-de-lorca\\\/\"]}]},{\"@type\":\"ImageObject\",\"inLanguage\":\"es\",\"@id\":\"https:\\\/\\\/arealorcaradio.es\\\/index.php\\\/2025\\\/05\\\/21\\\/antonia-perez-segura-nueva-concejal-del-grupo-municipal-socialista-en-el-ayuntamiento-de-lorca\\\/#primaryimage\",\"url\":\"https:\\\/\\\/arealorcaradio.es\\\/wp-content\\\/uploads\\\/2025\\\/05\\\/FOTO1-26-scaled.jpeg\",\"contentUrl\":\"https:\\\/\\\/arealorcaradio.es\\\/wp-content\\\/uploads\\\/2025\\\/05\\\/FOTO1-26-scaled.jpeg\",\"width\":2560,\"height\":1920},{\"@type\":\"BreadcrumbList\",\"@id\":\"https:\\\/\\\/arealorcaradio.es\\\/index.php\\\/2025\\\/05\\\/21\\\/antonia-perez-segura-nueva-concejal-del-grupo-municipal-socialista-en-el-ayuntamiento-de-lorca\\\/#breadcrumb\",\"itemListElement\":[{\"@type\":\"ListItem\",\"position\":1,\"name\":\"Portada\",\"item\":\"https:\\\/\\\/arealorcaradio.es\\\/\"},{\"@type\":\"ListItem\",\"position\":2,\"name\":\"Antonia P\u00e9rez Segura, nueva concejal del Grupo Municipal Socialista en el Ayuntamiento de Lorca\"}]},{\"@type\":\"WebSite\",\"@id\":\"https:\\\/\\\/arealorcaradio.es\\\/#website\",\"url\":\"https:\\\/\\\/arealorcaradio.es\\\/\",\"name\":\"AREA LORCA RADIO\",\"description\":\"Descubre la programaci\u00f3n actual en \u00c1rea Lorca Radio, tu fuente de entrenamiento y noticias locales. Sintoniza ahora y mantente conectado online.\",\"potentialAction\":[{\"@type\":\"SearchAction\",\"target\":{\"@type\":\"EntryPoint\",\"urlTemplate\":\"https:\\\/\\\/arealorcaradio.es\\\/?s={search_term_string}\"},\"query-input\":{\"@type\":\"PropertyValueSpecification\",\"valueRequired\":true,\"valueName\":\"search_term_string\"}}],\"inLanguage\":\"es\"},{\"@type\":\"Person\",\"@id\":\"https:\\\/\\\/arealorcaradio.es\\\/#\\\/schema\\\/person\\\/9fae605fc25b0f2c83c1ab207139bd27\",\"name\":\"Paco S\u00e1nchez\",\"image\":{\"@type\":\"ImageObject\",\"inLanguage\":\"es\",\"@id\":\"https:\\\/\\\/secure.gravatar.com\\\/avatar\\\/d67144e966420fb74aa84c9f2a0103be4724fd14db52b52d3b6bca749f257e79?s=96&d=mm&r=g\",\"url\":\"https:\\\/\\\/secure.gravatar.com\\\/avatar\\\/d67144e966420fb74aa84c9f2a0103be4724fd14db52b52d3b6bca749f257e79?s=96&d=mm&r=g\",\"contentUrl\":\"https:\\\/\\\/secure.gravatar.com\\\/avatar\\\/d67144e966420fb74aa84c9f2a0103be4724fd14db52b52d3b6bca749f257e79?s=96&d=mm&r=g\",\"caption\":\"Paco S\u00e1nchez\"},\"sameAs\":[\"https:\\\/\\\/arealorcaradio.es\"],\"url\":\"https:\\\/\\\/arealorcaradio.es\\\/index.php\\\/author\\\/admin_alorcaradio\\\/\"}]}<\/script>\n<!-- \/ Yoast SEO plugin. -->","yoast_head_json":{"title":"Antonia P\u00e9rez Segura, nueva concejal del Grupo Municipal Socialista en el Ayuntamiento de Lorca - AREA LORCA RADIO","robots":{"index":"index","follow":"follow","max-snippet":"max-snippet:-1","max-image-preview":"max-image-preview:large","max-video-preview":"max-video-preview:-1"},"canonical":"https:\/\/arealorcaradio.es\/index.php\/2025\/05\/21\/antonia-perez-segura-nueva-concejal-del-grupo-municipal-socialista-en-el-ayuntamiento-de-lorca\/","og_locale":"es_ES","og_type":"article","og_title":"Antonia P\u00e9rez Segura, nueva concejal del Grupo Municipal Socialista en el Ayuntamiento de Lorca - AREA LORCA RADIO","og_description":"\u00c1REA LORCA RADIO. Pol\u00edtica. El alcalde de Lorca, Fulgencio Gil J\u00f3dar, ha impuesto la medalla corporativa a Antonia P\u00e9rez Segura que ha tomado posesi\u00f3n hoy mismo, en el Pleno Extraordinario celebrado en el Ayuntamiento de Lorca, de su acta como nueva concejal del Grupo Socialista Adem\u00e1s, durante la sesi\u00f3n, ha sido aprobada por asentimiento la [&hellip;]","og_url":"https:\/\/arealorcaradio.es\/index.php\/2025\/05\/21\/antonia-perez-segura-nueva-concejal-del-grupo-municipal-socialista-en-el-ayuntamiento-de-lorca\/","og_site_name":"AREA LORCA RADIO","article_published_time":"2025-05-21T10:34:09+00:00","og_image":[{"width":2560,"height":1920,"url":"https:\/\/arealorcaradio.es\/wp-content\/uploads\/2025\/05\/FOTO1-26-scaled.jpeg","type":"image\/jpeg"}],"author":"Paco S\u00e1nchez","twitter_card":"summary_large_image","twitter_misc":{"Escrito por":"Paco S\u00e1nchez","Tiempo de lectura":"2 minutos"},"schema":{"@context":"https:\/\/schema.org","@graph":[{"@type":"Article","@id":"https:\/\/arealorcaradio.es\/index.php\/2025\/05\/21\/antonia-perez-segura-nueva-concejal-del-grupo-municipal-socialista-en-el-ayuntamiento-de-lorca\/#article","isPartOf":{"@id":"https:\/\/arealorcaradio.es\/index.php\/2025\/05\/21\/antonia-perez-segura-nueva-concejal-del-grupo-municipal-socialista-en-el-ayuntamiento-de-lorca\/"},"author":{"name":"Paco S\u00e1nchez","@id":"https:\/\/arealorcaradio.es\/#\/schema\/person\/9fae605fc25b0f2c83c1ab207139bd27"},"headline":"Antonia P\u00e9rez Segura, nueva concejal del Grupo Municipal Socialista en el Ayuntamiento de Lorca","datePublished":"2025-05-21T10:34:09+00:00","mainEntityOfPage":{"@id":"https:\/\/arealorcaradio.es\/index.php\/2025\/05\/21\/antonia-perez-segura-nueva-concejal-del-grupo-municipal-socialista-en-el-ayuntamiento-de-lorca\/"},"wordCount":144,"commentCount":0,"image":{"@id":"https:\/\/arealorcaradio.es\/index.php\/2025\/05\/21\/antonia-perez-segura-nueva-concejal-del-grupo-municipal-socialista-en-el-ayuntamiento-de-lorca\/#primaryimage"},"thumbnailUrl":"https:\/\/arealorcaradio.es\/wp-content\/uploads\/2025\/05\/FOTO1-26-scaled.jpeg","articleSection":["ACTUALIDAD","LORCA"],"inLanguage":"es","potentialAction":[{"@type":"CommentAction","name":"Comment","target":["https:\/\/arealorcaradio.es\/index.php\/2025\/05\/21\/antonia-perez-segura-nueva-concejal-del-grupo-municipal-socialista-en-el-ayuntamiento-de-lorca\/#respond"]}]},{"@type":"WebPage","@id":"https:\/\/arealorcaradio.es\/index.php\/2025\/05\/21\/antonia-perez-segura-nueva-concejal-del-grupo-municipal-socialista-en-el-ayuntamiento-de-lorca\/","url":"https:\/\/arealorcaradio.es\/index.php\/2025\/05\/21\/antonia-perez-segura-nueva-concejal-del-grupo-municipal-socialista-en-el-ayuntamiento-de-lorca\/","name":"Antonia P\u00e9rez Segura, nueva concejal del Grupo Municipal Socialista en el Ayuntamiento de Lorca - AREA LORCA RADIO","isPartOf":{"@id":"https:\/\/arealorcaradio.es\/#website"},"primaryImageOfPage":{"@id":"https:\/\/arealorcaradio.es\/index.php\/2025\/05\/21\/antonia-perez-segura-nueva-concejal-del-grupo-municipal-socialista-en-el-ayuntamiento-de-lorca\/#primaryimage"},"image":{"@id":"https:\/\/arealorcaradio.es\/index.php\/2025\/05\/21\/antonia-perez-segura-nueva-concejal-del-grupo-municipal-socialista-en-el-ayuntamiento-de-lorca\/#primaryimage"},"thumbnailUrl":"https:\/\/arealorcaradio.es\/wp-content\/uploads\/2025\/05\/FOTO1-26-scaled.jpeg","datePublished":"2025-05-21T10:34:09+00:00","author":{"@id":"https:\/\/arealorcaradio.es\/#\/schema\/person\/9fae605fc25b0f2c83c1ab207139bd27"},"breadcrumb":{"@id":"https:\/\/arealorcaradio.es\/index.php\/2025\/05\/21\/antonia-perez-segura-nueva-concejal-del-grupo-municipal-socialista-en-el-ayuntamiento-de-lorca\/#breadcrumb"},"inLanguage":"es","potentialAction":[{"@type":"ReadAction","target":["https:\/\/arealorcaradio.es\/index.php\/2025\/05\/21\/antonia-perez-segura-nueva-concejal-del-grupo-municipal-socialista-en-el-ayuntamiento-de-lorca\/"]}]},{"@type":"ImageObject","inLanguage":"es","@id":"https:\/\/arealorcaradio.es\/index.php\/2025\/05\/21\/antonia-perez-segura-nueva-concejal-del-grupo-municipal-socialista-en-el-ayuntamiento-de-lorca\/#primaryimage","url":"https:\/\/arealorcaradio.es\/wp-content\/uploads\/2025\/05\/FOTO1-26-scaled.jpeg","contentUrl":"https:\/\/arealorcaradio.es\/wp-content\/uploads\/2025\/05\/FOTO1-26-scaled.jpeg","width":2560,"height":1920},{"@type":"BreadcrumbList","@id":"https:\/\/arealorcaradio.es\/index.php\/2025\/05\/21\/antonia-perez-segura-nueva-concejal-del-grupo-municipal-socialista-en-el-ayuntamiento-de-lorca\/#breadcrumb","itemListElement":[{"@type":"ListItem","position":1,"name":"Portada","item":"https:\/\/arealorcaradio.es\/"},{"@type":"ListItem","position":2,"name":"Antonia P\u00e9rez Segura, nueva concejal del Grupo Municipal Socialista en el Ayuntamiento de Lorca"}]},{"@type":"WebSite","@id":"https:\/\/arealorcaradio.es\/#website","url":"https:\/\/arealorcaradio.es\/","name":"AREA LORCA RADIO","description":"Descubre la programaci\u00f3n actual en \u00c1rea Lorca Radio, tu fuente de entrenamiento y noticias locales. Sintoniza ahora y mantente conectado online.","potentialAction":[{"@type":"SearchAction","target":{"@type":"EntryPoint","urlTemplate":"https:\/\/arealorcaradio.es\/?s={search_term_string}"},"query-input":{"@type":"PropertyValueSpecification","valueRequired":true,"valueName":"search_term_string"}}],"inLanguage":"es"},{"@type":"Person","@id":"https:\/\/arealorcaradio.es\/#\/schema\/person\/9fae605fc25b0f2c83c1ab207139bd27","name":"Paco S\u00e1nchez","image":{"@type":"ImageObject","inLanguage":"es","@id":"https:\/\/secure.gravatar.com\/avatar\/d67144e966420fb74aa84c9f2a0103be4724fd14db52b52d3b6bca749f257e79?s=96&d=mm&r=g","url":"https:\/\/secure.gravatar.com\/avatar\/d67144e966420fb74aa84c9f2a0103be4724fd14db52b52d3b6bca749f257e79?s=96&d=mm&r=g","contentUrl":"https:\/\/secure.gravatar.com\/avatar\/d67144e966420fb74aa84c9f2a0103be4724fd14db52b52d3b6bca749f257e79?s=96&d=mm&r=g","caption":"Paco S\u00e1nchez"},"sameAs":["https:\/\/arealorcaradio.es"],"url":"https:\/\/arealorcaradio.es\/index.php\/author\/admin_alorcaradio\/"}]}},"_links":{"self":[{"href":"https:\/\/arealorcaradio.es\/index.php\/wp-json\/wp\/v2\/posts\/6688","targetHints":{"allow":["GET"]}}],"collection":[{"href":"https:\/\/arealorcaradio.es\/index.php\/wp-json\/wp\/v2\/posts"}],"about":[{"href":"https:\/\/arealorcaradio.es\/index.php\/wp-json\/wp\/v2\/types\/post"}],"author":[{"embeddable":true,"href":"https:\/\/arealorcaradio.es\/index.php\/wp-json\/wp\/v2\/users\/1"}],"replies":[{"embeddable":true,"href":"https:\/\/arealorcaradio.es\/index.php\/wp-json\/wp\/v2\/comments?post=6688"}],"version-history":[{"count":2,"href":"https:\/\/arealorcaradio.es\/index.php\/wp-json\/wp\/v2\/posts\/6688\/revisions"}],"predecessor-version":[{"id":6693,"href":"https:\/\/arealorcaradio.es\/index.php\/wp-json\/wp\/v2\/posts\/6688\/revisions\/6693"}],"wp:featuredmedia":[{"embeddable":true,"href":"https:\/\/arealorcaradio.es\/index.php\/wp-json\/wp\/v2\/media\/6690"}],"wp:attachment":[{"href":"https:\/\/arealorcaradio.es\/index.php\/wp-json\/wp\/v2\/media?parent=6688"}],"wp:term":[{"taxonomy":"category","embeddable":true,"href":"https:\/\/arealorcaradio.es\/index.php\/wp-json\/wp\/v2\/categories?post=6688"},{"taxonomy":"post_tag","embeddable":true,"href":"https:\/\/arealorcaradio.es\/index.php\/wp-json\/wp\/v2\/tags?post=6688"}],"curies":[{"name":"wp","href":"https:\/\/api.w.org\/{rel}","templated":true}]}}