{"id":6681,"date":"2025-05-20T17:29:21","date_gmt":"2025-05-20T17:29:21","guid":{"rendered":"https:\/\/arealorcaradio.es\/?p=6681"},"modified":"2025-05-20T17:29:21","modified_gmt":"2025-05-20T17:29:21","slug":"paco-gomez-la-torre-de-mena-de-la-hoya-se-encuentra-en-estado-de-absoluto-abandono","status":"publish","type":"post","link":"https:\/\/arealorcaradio.es\/index.php\/2025\/05\/20\/paco-gomez-la-torre-de-mena-de-la-hoya-se-encuentra-en-estado-de-absoluto-abandono\/","title":{"rendered":"Paco G\u00f3mez: \u00abLa Torre de Mena de La Hoya se encuentra en estado de absoluto abandono\u00bb"},"content":{"rendered":"<p><strong>\u00c1REA LORCA RADIO. Cultura.<\/strong><\/p>\n<p>Preocupa el estado de la Torre de Mena, ubicada en La Hoya a espaldas del barrio de San V\u00edctor, junto a la Autov\u00eda A7. Esta torre vig\u00eda de entre el siglo XII y XIII apareci\u00f3 tras las obras del tramo de Autov\u00eda Alhama de Murcia-Puerto Lumbreras realizadas en el a\u00f1o 1991 aproximadamente. Entre la Demarcaci\u00f3n de Carreteras del Estado y el Ayuntamiento de Lorca no se ponen de acuerdo en lo referente a la propiedad del monumento declarado BIC, Bien de Inter\u00e9s Cultural y mientras tanto el deterioro es grande y muy importante.<\/p>\n<p><img loading=\"lazy\" decoding=\"async\" class=\"alignnone size-medium wp-image-6683\" src=\"https:\/\/arealorcaradio.es\/wp-content\/uploads\/2025\/05\/IMG-20250520-WA0002-300x225.jpg\" alt=\"\" width=\"300\" height=\"225\" srcset=\"https:\/\/arealorcaradio.es\/wp-content\/uploads\/2025\/05\/IMG-20250520-WA0002-300x225.jpg 300w, https:\/\/arealorcaradio.es\/wp-content\/uploads\/2025\/05\/IMG-20250520-WA0002-1024x768.jpg 1024w, https:\/\/arealorcaradio.es\/wp-content\/uploads\/2025\/05\/IMG-20250520-WA0002-768x576.jpg 768w, https:\/\/arealorcaradio.es\/wp-content\/uploads\/2025\/05\/IMG-20250520-WA0002-1536x1152.jpg 1536w, https:\/\/arealorcaradio.es\/wp-content\/uploads\/2025\/05\/IMG-20250520-WA0002-86x64.jpg 86w, https:\/\/arealorcaradio.es\/wp-content\/uploads\/2025\/05\/IMG-20250520-WA0002.jpg 1600w\" sizes=\"auto, (max-width: 300px) 100vw, 300px\" \/><\/p>\n<p>Por otro lado de La Hoya, las obras del AVE y Corredor Mediterr\u00e1neo salieron a la luz una serie de restos arqueol\u00f3gicos de origen romano del siglo II en un paraje conocido como Villa de La Hoya. Fue en 2010 cuando se realizaron unos trabajos arqueol\u00f3gicos que llevaron a documentar una serie de hallazgos que ahora se encuentran en Cuenca, ya que el profesor Miguel \u00c1ngel Valero Cuenca se llev\u00f3 los materiales encontrados con el \u00abcompromiso\u00bb de devolverlos antes de cinco a\u00f1os y que a fecha de hoy no han sido devueltos a Lorca, quince a\u00f1os despu\u00e9s, por lo que la Asociaci\u00f3n de Vecinos de La Hoya ha exigido su devoluci\u00f3n a trav\u00e9s de un escrito dirigido al Ayuntamiento de Lorca y a la Consejer\u00eda de Patrimonio y Cultura de la Regi\u00f3n de Murcia.<\/p>\n<p>Escucha aqu\u00ed la entrevista que ha concedido a Paco S\u00e1nchez en el magazine de \u00c1rea Lorca Radio el cronista de La Hoya Paco G\u00f3mez, qui\u00e9n ha denunciado el estado de la Torre de Mena y ha pedido la devoluci\u00f3n de los restos cer\u00e1micos del Yacimiento Villa de La Hoya, para el que tambi\u00e9n ha pedido su excavaci\u00f3n.<\/p>\n<audio class=\"wp-audio-shortcode\" id=\"audio-6681-1\" preload=\"none\" style=\"width: 100%;\" controls=\"controls\"><source type=\"audio\/mpeg\" src=\"https:\/\/arealorcaradio.es\/wp-content\/uploads\/2025\/05\/200525-PACO-GOMEZ.-TORRE-DE-MENA.mp3?_=1\" \/><a href=\"https:\/\/arealorcaradio.es\/wp-content\/uploads\/2025\/05\/200525-PACO-GOMEZ.-TORRE-DE-MENA.mp3\">https:\/\/arealorcaradio.es\/wp-content\/uploads\/2025\/05\/200525-PACO-GOMEZ.-TORRE-DE-MENA.mp3<\/a><\/audio>\n","protected":false},"excerpt":{"rendered":"<p>\u00c1REA LORCA RADIO. Cultura. Preocupa el estado de la Torre de Mena, ubicada en La Hoya a espaldas del barrio de San V\u00edctor, junto a la Autov\u00eda A7. Esta torre vig\u00eda de entre el siglo XII y XIII apareci\u00f3 tras las obras del tramo de Autov\u00eda Alhama de Murcia-Puerto Lumbreras realizadas en el a\u00f1o 1991 [&hellip;]<\/p>\n","protected":false},"author":1,"featured_media":6684,"comment_status":"open","ping_status":"open","sticky":false,"template":"","format":"standard","meta":{"iawp_total_views":31,"footnotes":""},"categories":[5,7],"tags":[],"class_list":["post-6681","post","type-post","status-publish","format-standard","has-post-thumbnail","hentry","category-actualidad","category-lorca"],"yoast_head":"<!-- This site is optimized with the Yoast SEO plugin v27.5 - https:\/\/yoast.com\/product\/yoast-seo-wordpress\/ -->\n<title>Paco G\u00f3mez: &quot;La Torre de Mena de La Hoya se encuentra en estado de absoluto abandono&quot; - AREA LORCA RADIO<\/title>\n<meta name=\"robots\" content=\"index, follow, max-snippet:-1, max-image-preview:large, max-video-preview:-1\" \/>\n<link rel=\"canonical\" href=\"https:\/\/arealorcaradio.es\/index.php\/2025\/05\/20\/paco-gomez-la-torre-de-mena-de-la-hoya-se-encuentra-en-estado-de-absoluto-abandono\/\" \/>\n<meta property=\"og:locale\" content=\"es_ES\" \/>\n<meta property=\"og:type\" content=\"article\" \/>\n<meta property=\"og:title\" content=\"Paco G\u00f3mez: &quot;La Torre de Mena de La Hoya se encuentra en estado de absoluto abandono&quot; - AREA LORCA RADIO\" \/>\n<meta property=\"og:description\" content=\"\u00c1REA LORCA RADIO. Cultura. Preocupa el estado de la Torre de Mena, ubicada en La Hoya a espaldas del barrio de San V\u00edctor, junto a la Autov\u00eda A7. Esta torre vig\u00eda de entre el siglo XII y XIII apareci\u00f3 tras las obras del tramo de Autov\u00eda Alhama de Murcia-Puerto Lumbreras realizadas en el a\u00f1o 1991 [&hellip;]\" \/>\n<meta property=\"og:url\" content=\"https:\/\/arealorcaradio.es\/index.php\/2025\/05\/20\/paco-gomez-la-torre-de-mena-de-la-hoya-se-encuentra-en-estado-de-absoluto-abandono\/\" \/>\n<meta property=\"og:site_name\" content=\"AREA LORCA RADIO\" \/>\n<meta property=\"article:published_time\" content=\"2025-05-20T17:29:21+00:00\" \/>\n<meta property=\"og:image\" content=\"https:\/\/arealorcaradio.es\/wp-content\/uploads\/2025\/05\/IMG-20250520-WA0001.jpg\" \/>\n\t<meta property=\"og:image:width\" content=\"1600\" \/>\n\t<meta property=\"og:image:height\" content=\"1200\" \/>\n\t<meta property=\"og:image:type\" content=\"image\/jpeg\" \/>\n<meta name=\"author\" content=\"Paco S\u00e1nchez\" \/>\n<meta name=\"twitter:card\" content=\"summary_large_image\" \/>\n<meta name=\"twitter:label1\" content=\"Escrito por\" \/>\n\t<meta name=\"twitter:data1\" content=\"Paco S\u00e1nchez\" \/>\n\t<meta name=\"twitter:label2\" content=\"Tiempo de lectura\" \/>\n\t<meta name=\"twitter:data2\" content=\"2 minutos\" \/>\n<script type=\"application\/ld+json\" class=\"yoast-schema-graph\">{\"@context\":\"https:\\\/\\\/schema.org\",\"@graph\":[{\"@type\":\"Article\",\"@id\":\"https:\\\/\\\/arealorcaradio.es\\\/index.php\\\/2025\\\/05\\\/20\\\/paco-gomez-la-torre-de-mena-de-la-hoya-se-encuentra-en-estado-de-absoluto-abandono\\\/#article\",\"isPartOf\":{\"@id\":\"https:\\\/\\\/arealorcaradio.es\\\/index.php\\\/2025\\\/05\\\/20\\\/paco-gomez-la-torre-de-mena-de-la-hoya-se-encuentra-en-estado-de-absoluto-abandono\\\/\"},\"author\":{\"name\":\"Paco S\u00e1nchez\",\"@id\":\"https:\\\/\\\/arealorcaradio.es\\\/#\\\/schema\\\/person\\\/9fae605fc25b0f2c83c1ab207139bd27\"},\"headline\":\"Paco G\u00f3mez: \u00abLa Torre de Mena de La Hoya se encuentra en estado de absoluto abandono\u00bb\",\"datePublished\":\"2025-05-20T17:29:21+00:00\",\"mainEntityOfPage\":{\"@id\":\"https:\\\/\\\/arealorcaradio.es\\\/index.php\\\/2025\\\/05\\\/20\\\/paco-gomez-la-torre-de-mena-de-la-hoya-se-encuentra-en-estado-de-absoluto-abandono\\\/\"},\"wordCount\":339,\"commentCount\":0,\"image\":{\"@id\":\"https:\\\/\\\/arealorcaradio.es\\\/index.php\\\/2025\\\/05\\\/20\\\/paco-gomez-la-torre-de-mena-de-la-hoya-se-encuentra-en-estado-de-absoluto-abandono\\\/#primaryimage\"},\"thumbnailUrl\":\"https:\\\/\\\/arealorcaradio.es\\\/wp-content\\\/uploads\\\/2025\\\/05\\\/IMG-20250520-WA0001.jpg\",\"articleSection\":[\"ACTUALIDAD\",\"LORCA\"],\"inLanguage\":\"es\",\"potentialAction\":[{\"@type\":\"CommentAction\",\"name\":\"Comment\",\"target\":[\"https:\\\/\\\/arealorcaradio.es\\\/index.php\\\/2025\\\/05\\\/20\\\/paco-gomez-la-torre-de-mena-de-la-hoya-se-encuentra-en-estado-de-absoluto-abandono\\\/#respond\"]}]},{\"@type\":\"WebPage\",\"@id\":\"https:\\\/\\\/arealorcaradio.es\\\/index.php\\\/2025\\\/05\\\/20\\\/paco-gomez-la-torre-de-mena-de-la-hoya-se-encuentra-en-estado-de-absoluto-abandono\\\/\",\"url\":\"https:\\\/\\\/arealorcaradio.es\\\/index.php\\\/2025\\\/05\\\/20\\\/paco-gomez-la-torre-de-mena-de-la-hoya-se-encuentra-en-estado-de-absoluto-abandono\\\/\",\"name\":\"Paco G\u00f3mez: \\\"La Torre de Mena de La Hoya se encuentra en estado de absoluto abandono\\\" - AREA LORCA RADIO\",\"isPartOf\":{\"@id\":\"https:\\\/\\\/arealorcaradio.es\\\/#website\"},\"primaryImageOfPage\":{\"@id\":\"https:\\\/\\\/arealorcaradio.es\\\/index.php\\\/2025\\\/05\\\/20\\\/paco-gomez-la-torre-de-mena-de-la-hoya-se-encuentra-en-estado-de-absoluto-abandono\\\/#primaryimage\"},\"image\":{\"@id\":\"https:\\\/\\\/arealorcaradio.es\\\/index.php\\\/2025\\\/05\\\/20\\\/paco-gomez-la-torre-de-mena-de-la-hoya-se-encuentra-en-estado-de-absoluto-abandono\\\/#primaryimage\"},\"thumbnailUrl\":\"https:\\\/\\\/arealorcaradio.es\\\/wp-content\\\/uploads\\\/2025\\\/05\\\/IMG-20250520-WA0001.jpg\",\"datePublished\":\"2025-05-20T17:29:21+00:00\",\"author\":{\"@id\":\"https:\\\/\\\/arealorcaradio.es\\\/#\\\/schema\\\/person\\\/9fae605fc25b0f2c83c1ab207139bd27\"},\"breadcrumb\":{\"@id\":\"https:\\\/\\\/arealorcaradio.es\\\/index.php\\\/2025\\\/05\\\/20\\\/paco-gomez-la-torre-de-mena-de-la-hoya-se-encuentra-en-estado-de-absoluto-abandono\\\/#breadcrumb\"},\"inLanguage\":\"es\",\"potentialAction\":[{\"@type\":\"ReadAction\",\"target\":[\"https:\\\/\\\/arealorcaradio.es\\\/index.php\\\/2025\\\/05\\\/20\\\/paco-gomez-la-torre-de-mena-de-la-hoya-se-encuentra-en-estado-de-absoluto-abandono\\\/\"]}]},{\"@type\":\"ImageObject\",\"inLanguage\":\"es\",\"@id\":\"https:\\\/\\\/arealorcaradio.es\\\/index.php\\\/2025\\\/05\\\/20\\\/paco-gomez-la-torre-de-mena-de-la-hoya-se-encuentra-en-estado-de-absoluto-abandono\\\/#primaryimage\",\"url\":\"https:\\\/\\\/arealorcaradio.es\\\/wp-content\\\/uploads\\\/2025\\\/05\\\/IMG-20250520-WA0001.jpg\",\"contentUrl\":\"https:\\\/\\\/arealorcaradio.es\\\/wp-content\\\/uploads\\\/2025\\\/05\\\/IMG-20250520-WA0001.jpg\",\"width\":1600,\"height\":1200},{\"@type\":\"BreadcrumbList\",\"@id\":\"https:\\\/\\\/arealorcaradio.es\\\/index.php\\\/2025\\\/05\\\/20\\\/paco-gomez-la-torre-de-mena-de-la-hoya-se-encuentra-en-estado-de-absoluto-abandono\\\/#breadcrumb\",\"itemListElement\":[{\"@type\":\"ListItem\",\"position\":1,\"name\":\"Portada\",\"item\":\"https:\\\/\\\/arealorcaradio.es\\\/\"},{\"@type\":\"ListItem\",\"position\":2,\"name\":\"Paco G\u00f3mez: \u00abLa Torre de Mena de La Hoya se encuentra en estado de absoluto abandono\u00bb\"}]},{\"@type\":\"WebSite\",\"@id\":\"https:\\\/\\\/arealorcaradio.es\\\/#website\",\"url\":\"https:\\\/\\\/arealorcaradio.es\\\/\",\"name\":\"AREA LORCA RADIO\",\"description\":\"Descubre la programaci\u00f3n actual en \u00c1rea Lorca Radio, tu fuente de entrenamiento y noticias locales. Sintoniza ahora y mantente conectado online.\",\"potentialAction\":[{\"@type\":\"SearchAction\",\"target\":{\"@type\":\"EntryPoint\",\"urlTemplate\":\"https:\\\/\\\/arealorcaradio.es\\\/?s={search_term_string}\"},\"query-input\":{\"@type\":\"PropertyValueSpecification\",\"valueRequired\":true,\"valueName\":\"search_term_string\"}}],\"inLanguage\":\"es\"},{\"@type\":\"Person\",\"@id\":\"https:\\\/\\\/arealorcaradio.es\\\/#\\\/schema\\\/person\\\/9fae605fc25b0f2c83c1ab207139bd27\",\"name\":\"Paco S\u00e1nchez\",\"image\":{\"@type\":\"ImageObject\",\"inLanguage\":\"es\",\"@id\":\"https:\\\/\\\/secure.gravatar.com\\\/avatar\\\/d67144e966420fb74aa84c9f2a0103be4724fd14db52b52d3b6bca749f257e79?s=96&d=mm&r=g\",\"url\":\"https:\\\/\\\/secure.gravatar.com\\\/avatar\\\/d67144e966420fb74aa84c9f2a0103be4724fd14db52b52d3b6bca749f257e79?s=96&d=mm&r=g\",\"contentUrl\":\"https:\\\/\\\/secure.gravatar.com\\\/avatar\\\/d67144e966420fb74aa84c9f2a0103be4724fd14db52b52d3b6bca749f257e79?s=96&d=mm&r=g\",\"caption\":\"Paco S\u00e1nchez\"},\"sameAs\":[\"https:\\\/\\\/arealorcaradio.es\"],\"url\":\"https:\\\/\\\/arealorcaradio.es\\\/index.php\\\/author\\\/admin_alorcaradio\\\/\"}]}<\/script>\n<!-- \/ Yoast SEO plugin. -->","yoast_head_json":{"title":"Paco G\u00f3mez: \"La Torre de Mena de La Hoya se encuentra en estado de absoluto abandono\" - AREA LORCA RADIO","robots":{"index":"index","follow":"follow","max-snippet":"max-snippet:-1","max-image-preview":"max-image-preview:large","max-video-preview":"max-video-preview:-1"},"canonical":"https:\/\/arealorcaradio.es\/index.php\/2025\/05\/20\/paco-gomez-la-torre-de-mena-de-la-hoya-se-encuentra-en-estado-de-absoluto-abandono\/","og_locale":"es_ES","og_type":"article","og_title":"Paco G\u00f3mez: \"La Torre de Mena de La Hoya se encuentra en estado de absoluto abandono\" - AREA LORCA RADIO","og_description":"\u00c1REA LORCA RADIO. Cultura. Preocupa el estado de la Torre de Mena, ubicada en La Hoya a espaldas del barrio de San V\u00edctor, junto a la Autov\u00eda A7. Esta torre vig\u00eda de entre el siglo XII y XIII apareci\u00f3 tras las obras del tramo de Autov\u00eda Alhama de Murcia-Puerto Lumbreras realizadas en el a\u00f1o 1991 [&hellip;]","og_url":"https:\/\/arealorcaradio.es\/index.php\/2025\/05\/20\/paco-gomez-la-torre-de-mena-de-la-hoya-se-encuentra-en-estado-de-absoluto-abandono\/","og_site_name":"AREA LORCA RADIO","article_published_time":"2025-05-20T17:29:21+00:00","og_image":[{"width":1600,"height":1200,"url":"https:\/\/arealorcaradio.es\/wp-content\/uploads\/2025\/05\/IMG-20250520-WA0001.jpg","type":"image\/jpeg"}],"author":"Paco S\u00e1nchez","twitter_card":"summary_large_image","twitter_misc":{"Escrito por":"Paco S\u00e1nchez","Tiempo de lectura":"2 minutos"},"schema":{"@context":"https:\/\/schema.org","@graph":[{"@type":"Article","@id":"https:\/\/arealorcaradio.es\/index.php\/2025\/05\/20\/paco-gomez-la-torre-de-mena-de-la-hoya-se-encuentra-en-estado-de-absoluto-abandono\/#article","isPartOf":{"@id":"https:\/\/arealorcaradio.es\/index.php\/2025\/05\/20\/paco-gomez-la-torre-de-mena-de-la-hoya-se-encuentra-en-estado-de-absoluto-abandono\/"},"author":{"name":"Paco S\u00e1nchez","@id":"https:\/\/arealorcaradio.es\/#\/schema\/person\/9fae605fc25b0f2c83c1ab207139bd27"},"headline":"Paco G\u00f3mez: \u00abLa Torre de Mena de La Hoya se encuentra en estado de absoluto abandono\u00bb","datePublished":"2025-05-20T17:29:21+00:00","mainEntityOfPage":{"@id":"https:\/\/arealorcaradio.es\/index.php\/2025\/05\/20\/paco-gomez-la-torre-de-mena-de-la-hoya-se-encuentra-en-estado-de-absoluto-abandono\/"},"wordCount":339,"commentCount":0,"image":{"@id":"https:\/\/arealorcaradio.es\/index.php\/2025\/05\/20\/paco-gomez-la-torre-de-mena-de-la-hoya-se-encuentra-en-estado-de-absoluto-abandono\/#primaryimage"},"thumbnailUrl":"https:\/\/arealorcaradio.es\/wp-content\/uploads\/2025\/05\/IMG-20250520-WA0001.jpg","articleSection":["ACTUALIDAD","LORCA"],"inLanguage":"es","potentialAction":[{"@type":"CommentAction","name":"Comment","target":["https:\/\/arealorcaradio.es\/index.php\/2025\/05\/20\/paco-gomez-la-torre-de-mena-de-la-hoya-se-encuentra-en-estado-de-absoluto-abandono\/#respond"]}]},{"@type":"WebPage","@id":"https:\/\/arealorcaradio.es\/index.php\/2025\/05\/20\/paco-gomez-la-torre-de-mena-de-la-hoya-se-encuentra-en-estado-de-absoluto-abandono\/","url":"https:\/\/arealorcaradio.es\/index.php\/2025\/05\/20\/paco-gomez-la-torre-de-mena-de-la-hoya-se-encuentra-en-estado-de-absoluto-abandono\/","name":"Paco G\u00f3mez: \"La Torre de Mena de La Hoya se encuentra en estado de absoluto abandono\" - AREA LORCA RADIO","isPartOf":{"@id":"https:\/\/arealorcaradio.es\/#website"},"primaryImageOfPage":{"@id":"https:\/\/arealorcaradio.es\/index.php\/2025\/05\/20\/paco-gomez-la-torre-de-mena-de-la-hoya-se-encuentra-en-estado-de-absoluto-abandono\/#primaryimage"},"image":{"@id":"https:\/\/arealorcaradio.es\/index.php\/2025\/05\/20\/paco-gomez-la-torre-de-mena-de-la-hoya-se-encuentra-en-estado-de-absoluto-abandono\/#primaryimage"},"thumbnailUrl":"https:\/\/arealorcaradio.es\/wp-content\/uploads\/2025\/05\/IMG-20250520-WA0001.jpg","datePublished":"2025-05-20T17:29:21+00:00","author":{"@id":"https:\/\/arealorcaradio.es\/#\/schema\/person\/9fae605fc25b0f2c83c1ab207139bd27"},"breadcrumb":{"@id":"https:\/\/arealorcaradio.es\/index.php\/2025\/05\/20\/paco-gomez-la-torre-de-mena-de-la-hoya-se-encuentra-en-estado-de-absoluto-abandono\/#breadcrumb"},"inLanguage":"es","potentialAction":[{"@type":"ReadAction","target":["https:\/\/arealorcaradio.es\/index.php\/2025\/05\/20\/paco-gomez-la-torre-de-mena-de-la-hoya-se-encuentra-en-estado-de-absoluto-abandono\/"]}]},{"@type":"ImageObject","inLanguage":"es","@id":"https:\/\/arealorcaradio.es\/index.php\/2025\/05\/20\/paco-gomez-la-torre-de-mena-de-la-hoya-se-encuentra-en-estado-de-absoluto-abandono\/#primaryimage","url":"https:\/\/arealorcaradio.es\/wp-content\/uploads\/2025\/05\/IMG-20250520-WA0001.jpg","contentUrl":"https:\/\/arealorcaradio.es\/wp-content\/uploads\/2025\/05\/IMG-20250520-WA0001.jpg","width":1600,"height":1200},{"@type":"BreadcrumbList","@id":"https:\/\/arealorcaradio.es\/index.php\/2025\/05\/20\/paco-gomez-la-torre-de-mena-de-la-hoya-se-encuentra-en-estado-de-absoluto-abandono\/#breadcrumb","itemListElement":[{"@type":"ListItem","position":1,"name":"Portada","item":"https:\/\/arealorcaradio.es\/"},{"@type":"ListItem","position":2,"name":"Paco G\u00f3mez: \u00abLa Torre de Mena de La Hoya se encuentra en estado de absoluto abandono\u00bb"}]},{"@type":"WebSite","@id":"https:\/\/arealorcaradio.es\/#website","url":"https:\/\/arealorcaradio.es\/","name":"AREA LORCA RADIO","description":"Descubre la programaci\u00f3n actual en \u00c1rea Lorca Radio, tu fuente de entrenamiento y noticias locales. Sintoniza ahora y mantente conectado online.","potentialAction":[{"@type":"SearchAction","target":{"@type":"EntryPoint","urlTemplate":"https:\/\/arealorcaradio.es\/?s={search_term_string}"},"query-input":{"@type":"PropertyValueSpecification","valueRequired":true,"valueName":"search_term_string"}}],"inLanguage":"es"},{"@type":"Person","@id":"https:\/\/arealorcaradio.es\/#\/schema\/person\/9fae605fc25b0f2c83c1ab207139bd27","name":"Paco S\u00e1nchez","image":{"@type":"ImageObject","inLanguage":"es","@id":"https:\/\/secure.gravatar.com\/avatar\/d67144e966420fb74aa84c9f2a0103be4724fd14db52b52d3b6bca749f257e79?s=96&d=mm&r=g","url":"https:\/\/secure.gravatar.com\/avatar\/d67144e966420fb74aa84c9f2a0103be4724fd14db52b52d3b6bca749f257e79?s=96&d=mm&r=g","contentUrl":"https:\/\/secure.gravatar.com\/avatar\/d67144e966420fb74aa84c9f2a0103be4724fd14db52b52d3b6bca749f257e79?s=96&d=mm&r=g","caption":"Paco S\u00e1nchez"},"sameAs":["https:\/\/arealorcaradio.es"],"url":"https:\/\/arealorcaradio.es\/index.php\/author\/admin_alorcaradio\/"}]}},"_links":{"self":[{"href":"https:\/\/arealorcaradio.es\/index.php\/wp-json\/wp\/v2\/posts\/6681","targetHints":{"allow":["GET"]}}],"collection":[{"href":"https:\/\/arealorcaradio.es\/index.php\/wp-json\/wp\/v2\/posts"}],"about":[{"href":"https:\/\/arealorcaradio.es\/index.php\/wp-json\/wp\/v2\/types\/post"}],"author":[{"embeddable":true,"href":"https:\/\/arealorcaradio.es\/index.php\/wp-json\/wp\/v2\/users\/1"}],"replies":[{"embeddable":true,"href":"https:\/\/arealorcaradio.es\/index.php\/wp-json\/wp\/v2\/comments?post=6681"}],"version-history":[{"count":2,"href":"https:\/\/arealorcaradio.es\/index.php\/wp-json\/wp\/v2\/posts\/6681\/revisions"}],"predecessor-version":[{"id":6686,"href":"https:\/\/arealorcaradio.es\/index.php\/wp-json\/wp\/v2\/posts\/6681\/revisions\/6686"}],"wp:featuredmedia":[{"embeddable":true,"href":"https:\/\/arealorcaradio.es\/index.php\/wp-json\/wp\/v2\/media\/6684"}],"wp:attachment":[{"href":"https:\/\/arealorcaradio.es\/index.php\/wp-json\/wp\/v2\/media?parent=6681"}],"wp:term":[{"taxonomy":"category","embeddable":true,"href":"https:\/\/arealorcaradio.es\/index.php\/wp-json\/wp\/v2\/categories?post=6681"},{"taxonomy":"post_tag","embeddable":true,"href":"https:\/\/arealorcaradio.es\/index.php\/wp-json\/wp\/v2\/tags?post=6681"}],"curies":[{"name":"wp","href":"https:\/\/api.w.org\/{rel}","templated":true}]}}