{"id":6580,"date":"2025-05-15T11:52:44","date_gmt":"2025-05-15T11:52:44","guid":{"rendered":"https:\/\/arealorcaradio.es\/?p=6580"},"modified":"2025-05-15T11:52:44","modified_gmt":"2025-05-15T11:52:44","slug":"el-alcalde-de-lorca-compara-el-importe-economico-del-recorte-del-trasvase-con-la-grave-crisis-de-la-reconversion-industrial-de-los-anos-80-y-90","status":"publish","type":"post","link":"https:\/\/arealorcaradio.es\/index.php\/2025\/05\/15\/el-alcalde-de-lorca-compara-el-importe-economico-del-recorte-del-trasvase-con-la-grave-crisis-de-la-reconversion-industrial-de-los-anos-80-y-90\/","title":{"rendered":"El alcalde de Lorca compara el importe econ\u00f3mico del recorte del trasvase con la grave crisis de la reconversi\u00f3n industrial de los a\u00f1os 80 y 90"},"content":{"rendered":"<p><strong>\u00c1REA LORCA RADIO.\u00a0<\/strong><\/p>\n<p class=\"v1MsoNormal\"><b>15 de mayo de 2025.<\/b>\u00a0El alcalde de Lorca, Fulgencio Gil J\u00f3dar, ha participado este jueves en un encuentro con representantes de la Comunidad de Regantes de Lorca y con el presidente del Sindicato Central de Regantes del Acueducto Tajo-Segura (SCRATS), Lucas Jim\u00e9nez, para abordar las graves consecuencias que tendr\u00e1 en la comarca del Guadalent\u00edn, y especialmente en Lorca, la modificaci\u00f3n de las reglas de explotaci\u00f3n del Trasvase Tajo-Segura que pretende imponer el Gobierno de Espa\u00f1a.<\/p>\n<p class=\"v1MsoNormal\"><img loading=\"lazy\" decoding=\"async\" class=\"alignnone size-medium wp-image-6581\" src=\"https:\/\/arealorcaradio.es\/wp-content\/uploads\/2025\/05\/foto2-10-300x200.jpeg\" alt=\"\" width=\"300\" height=\"200\" srcset=\"https:\/\/arealorcaradio.es\/wp-content\/uploads\/2025\/05\/foto2-10-300x200.jpeg 300w, https:\/\/arealorcaradio.es\/wp-content\/uploads\/2025\/05\/foto2-10-1024x682.jpeg 1024w, https:\/\/arealorcaradio.es\/wp-content\/uploads\/2025\/05\/foto2-10-768x512.jpeg 768w, https:\/\/arealorcaradio.es\/wp-content\/uploads\/2025\/05\/foto2-10-1536x1023.jpeg 1536w, https:\/\/arealorcaradio.es\/wp-content\/uploads\/2025\/05\/foto2-10.jpeg 1600w\" sizes=\"auto, (max-width: 300px) 100vw, 300px\" \/><\/p>\n<p class=\"v1MsoNormal\">Durante el encuentro, Fulgencio Gil ha trasladado su apoyo firme e inquebrantable al sector primario, a los agricultores, ganaderos y regantes y ha lanzado un mensaje claro y contundente, \u00abLorca no va a quedarse de brazos cruzados ante una decisi\u00f3n que representa un golpe directo a la econom\u00eda, el empleo y el futuro de toda la comarca. La repercusi\u00f3n para Lorca del hachazo que el gobierno de Pedro S\u00e1nchez va a dar al trasvase Tajo-Segura supondr\u00e1 un grave retroceso, comparable al impacto social y econ\u00f3mico que sufrieron diferentes ciudades de Espa\u00f1a por el proceso de reconversi\u00f3n industrial durante los a\u00f1os 80 y 90. No hablamos de una simple modificaci\u00f3n t\u00e9cnica, sino de una amenaza real que puede arruinar a familias, cerrar explotaciones y condenar al abandono a una tierra entera\u00bb.<\/p>\n<p class=\"v1MsoNormal\">El alcalde ha recordado que el agua forma parte de la historia y la identidad del municipio, puesto que \u00abla historia de Lorca y su comarca est\u00e1 marcada por la lucha por el agua. Lo llevamos en nuestro ADN. Somos agricultura y ganader\u00eda, y eso no es solo un sector econ\u00f3mico: es el sustento de nuestra sociedad, es nuestro presente y nuestro futuro. Sin el trasvase, esta tierra no puede salir adelante\u00bb.<\/p>\n<p class=\"v1MsoNormal\">Y ha a\u00f1adido que \u00abla agricultura y la ganader\u00eda de Lorca est\u00e1n entre las m\u00e1s tecnificadas del mundo. Somos ejemplo internacional de eficiencia en el uso del agua. Aqu\u00ed se cuida cada gota como si fuera oro, gracias al esfuerzo y la concienciaci\u00f3n de nuestros agricultores y ganaderos. Y lejos de reconocernos como modelo, el Gobierno de Espa\u00f1a nos penaliza y nos demoniza\u00bb.<\/p>\n<p class=\"v1MsoNormal\">En este sentido, Gil J\u00f3dar tambi\u00e9n ha sido muy cr\u00edtico con la actitud del Gobierno de Espa\u00f1a, manifestando que \u00abest\u00e1n sacrificando la autonom\u00eda alimentaria de Espa\u00f1a y de buena parte de Europa, simplemente por dejarse arrastrar por un fanatismo ideol\u00f3gico rid\u00edculo y trasnochado. El actual Gobierno se est\u00e1 equivocando gravemente. Nos est\u00e1n echando la soga al cuello, y eso hay que decirlo con todas las letras. No se puede jugar con el pan de miles de lorquinos de forma tan temeraria\u00bb.<\/p>\n<p class=\"v1MsoNormal\">El primer edil ha advertido de que la comarca de Lorca ser\u00e1 una de las m\u00e1s perjudicadas si se consuma el cierre del trasvase, \u00absi no plantamos batalla desde todos los \u00e1mbitos, las consecuencias las vamos a sufrir durante d\u00e9cadas. Esto no es una cuesti\u00f3n de colores pol\u00edticos, es una cuesti\u00f3n de supervivencia. Hablamos de perder miles de puestos de trabajo, de ver cooperativas cerrando, agricultores y ganaderos arruinados, tractoristas sin faena, y regantes abandonando los cultivos. Un aut\u00e9ntico mazazo social, laboral y econ\u00f3mico que no ha sido valorado con sensatez por el Gobierno central\u00bb.<\/p>\n<p class=\"v1MsoNormal\">Fulgencio Gil, adem\u00e1s, ha manifestado que \u00abahora incluso nos dicen que ni siquiera van a esperar a 2027, que se agarran a una sentencia del Supremo para cerrarlo ya. Si dependiera de ellos, lo har\u00edan ma\u00f1ana mismo. Esto nos obliga m\u00e1s que nunca a movilizarnos con firmeza. El cierre del trasvase va a suponer el abandono de miles de hect\u00e1reas de cultivo, la p\u00e9rdida de oportunidades para nuestros j\u00f3venes, y la despoblaci\u00f3n de zonas enteras de la comarca. Mientras dicen que luchan contra la Espa\u00f1a vaciada, est\u00e1n provocando justo lo contrario\u00bb.<\/p>\n<p class=\"v1MsoNormal\">Finalmente, ha recalcado que \u00abcomo alcalde de Lorca, mi mensaje es claro: pod\u00e9is contar con vuestro Ayuntamiento y con esta Alcald\u00eda. Ni un paso atr\u00e1s. Ahora m\u00e1s que nunca estamos obligados a dar un paso al frente, porque en el futuro se nos juzgar\u00e1 por lo que seamos capaces de movilizar ante este ataque\u00bb, y ha concluido se\u00f1alando que \u00abno nos dejemos llevar por la frustraci\u00f3n ni por la resignaci\u00f3n. Desde Lorca tiene que salir un grito com\u00fan, un plante un\u00e1nime. Ya est\u00e1 bien de pagar siempre los mismos. Estamos hartos de tanta marginaci\u00f3n e incomprensi\u00f3n. Cuando golpean al campo, nos atacan a todos. Y este alcalde estar\u00e1 siempre junto a vosotros, como estuvimos en Murcia hace unos d\u00edas y como estaremos donde dig\u00e1is, en primera l\u00ednea, porque en ello nos va la vida de esta comarca\u00bb.<\/p>\n","protected":false},"excerpt":{"rendered":"<p>\u00c1REA LORCA RADIO.\u00a0 15 de mayo de 2025.\u00a0El alcalde de Lorca, Fulgencio Gil J\u00f3dar, ha participado este jueves en un encuentro con representantes de la Comunidad de Regantes de Lorca y con el presidente del Sindicato Central de Regantes del Acueducto Tajo-Segura (SCRATS), Lucas Jim\u00e9nez, para abordar las graves consecuencias que tendr\u00e1 en la comarca [&hellip;]<\/p>\n","protected":false},"author":1,"featured_media":6582,"comment_status":"open","ping_status":"open","sticky":false,"template":"","format":"standard","meta":{"iawp_total_views":16,"footnotes":""},"categories":[5,7],"tags":[],"class_list":["post-6580","post","type-post","status-publish","format-standard","has-post-thumbnail","hentry","category-actualidad","category-lorca"],"yoast_head":"<!-- This site is optimized with the Yoast SEO plugin v27.5 - https:\/\/yoast.com\/product\/yoast-seo-wordpress\/ -->\n<title>El alcalde de Lorca compara el importe econ\u00f3mico del recorte del trasvase con la grave crisis de la reconversi\u00f3n industrial de los a\u00f1os 80 y 90 - AREA LORCA RADIO<\/title>\n<meta name=\"robots\" content=\"index, follow, max-snippet:-1, max-image-preview:large, max-video-preview:-1\" \/>\n<link rel=\"canonical\" href=\"https:\/\/arealorcaradio.es\/index.php\/2025\/05\/15\/el-alcalde-de-lorca-compara-el-importe-economico-del-recorte-del-trasvase-con-la-grave-crisis-de-la-reconversion-industrial-de-los-anos-80-y-90\/\" \/>\n<meta property=\"og:locale\" content=\"es_ES\" \/>\n<meta property=\"og:type\" content=\"article\" \/>\n<meta property=\"og:title\" content=\"El alcalde de Lorca compara el importe econ\u00f3mico del recorte del trasvase con la grave crisis de la reconversi\u00f3n industrial de los a\u00f1os 80 y 90 - AREA LORCA RADIO\" \/>\n<meta property=\"og:description\" content=\"\u00c1REA LORCA RADIO.\u00a0 15 de mayo de 2025.\u00a0El alcalde de Lorca, Fulgencio Gil J\u00f3dar, ha participado este jueves en un encuentro con representantes de la Comunidad de Regantes de Lorca y con el presidente del Sindicato Central de Regantes del Acueducto Tajo-Segura (SCRATS), Lucas Jim\u00e9nez, para abordar las graves consecuencias que tendr\u00e1 en la comarca [&hellip;]\" \/>\n<meta property=\"og:url\" content=\"https:\/\/arealorcaradio.es\/index.php\/2025\/05\/15\/el-alcalde-de-lorca-compara-el-importe-economico-del-recorte-del-trasvase-con-la-grave-crisis-de-la-reconversion-industrial-de-los-anos-80-y-90\/\" \/>\n<meta property=\"og:site_name\" content=\"AREA LORCA RADIO\" \/>\n<meta property=\"article:published_time\" content=\"2025-05-15T11:52:44+00:00\" \/>\n<meta property=\"og:image\" content=\"https:\/\/arealorcaradio.es\/wp-content\/uploads\/2025\/05\/foto1-17.jpeg\" \/>\n\t<meta property=\"og:image:width\" content=\"1600\" \/>\n\t<meta property=\"og:image:height\" content=\"1066\" \/>\n\t<meta property=\"og:image:type\" content=\"image\/jpeg\" \/>\n<meta name=\"author\" content=\"Paco S\u00e1nchez\" \/>\n<meta name=\"twitter:card\" content=\"summary_large_image\" \/>\n<meta name=\"twitter:label1\" content=\"Escrito por\" \/>\n\t<meta name=\"twitter:data1\" content=\"Paco S\u00e1nchez\" \/>\n\t<meta name=\"twitter:label2\" content=\"Tiempo de lectura\" \/>\n\t<meta name=\"twitter:data2\" content=\"4 minutos\" \/>\n<script type=\"application\/ld+json\" class=\"yoast-schema-graph\">{\"@context\":\"https:\\\/\\\/schema.org\",\"@graph\":[{\"@type\":\"Article\",\"@id\":\"https:\\\/\\\/arealorcaradio.es\\\/index.php\\\/2025\\\/05\\\/15\\\/el-alcalde-de-lorca-compara-el-importe-economico-del-recorte-del-trasvase-con-la-grave-crisis-de-la-reconversion-industrial-de-los-anos-80-y-90\\\/#article\",\"isPartOf\":{\"@id\":\"https:\\\/\\\/arealorcaradio.es\\\/index.php\\\/2025\\\/05\\\/15\\\/el-alcalde-de-lorca-compara-el-importe-economico-del-recorte-del-trasvase-con-la-grave-crisis-de-la-reconversion-industrial-de-los-anos-80-y-90\\\/\"},\"author\":{\"name\":\"Paco S\u00e1nchez\",\"@id\":\"https:\\\/\\\/arealorcaradio.es\\\/#\\\/schema\\\/person\\\/9fae605fc25b0f2c83c1ab207139bd27\"},\"headline\":\"El alcalde de Lorca compara el importe econ\u00f3mico del recorte del trasvase con la grave crisis de la reconversi\u00f3n industrial de los a\u00f1os 80 y 90\",\"datePublished\":\"2025-05-15T11:52:44+00:00\",\"mainEntityOfPage\":{\"@id\":\"https:\\\/\\\/arealorcaradio.es\\\/index.php\\\/2025\\\/05\\\/15\\\/el-alcalde-de-lorca-compara-el-importe-economico-del-recorte-del-trasvase-con-la-grave-crisis-de-la-reconversion-industrial-de-los-anos-80-y-90\\\/\"},\"wordCount\":835,\"commentCount\":0,\"image\":{\"@id\":\"https:\\\/\\\/arealorcaradio.es\\\/index.php\\\/2025\\\/05\\\/15\\\/el-alcalde-de-lorca-compara-el-importe-economico-del-recorte-del-trasvase-con-la-grave-crisis-de-la-reconversion-industrial-de-los-anos-80-y-90\\\/#primaryimage\"},\"thumbnailUrl\":\"https:\\\/\\\/arealorcaradio.es\\\/wp-content\\\/uploads\\\/2025\\\/05\\\/foto1-17.jpeg\",\"articleSection\":[\"ACTUALIDAD\",\"LORCA\"],\"inLanguage\":\"es\",\"potentialAction\":[{\"@type\":\"CommentAction\",\"name\":\"Comment\",\"target\":[\"https:\\\/\\\/arealorcaradio.es\\\/index.php\\\/2025\\\/05\\\/15\\\/el-alcalde-de-lorca-compara-el-importe-economico-del-recorte-del-trasvase-con-la-grave-crisis-de-la-reconversion-industrial-de-los-anos-80-y-90\\\/#respond\"]}]},{\"@type\":\"WebPage\",\"@id\":\"https:\\\/\\\/arealorcaradio.es\\\/index.php\\\/2025\\\/05\\\/15\\\/el-alcalde-de-lorca-compara-el-importe-economico-del-recorte-del-trasvase-con-la-grave-crisis-de-la-reconversion-industrial-de-los-anos-80-y-90\\\/\",\"url\":\"https:\\\/\\\/arealorcaradio.es\\\/index.php\\\/2025\\\/05\\\/15\\\/el-alcalde-de-lorca-compara-el-importe-economico-del-recorte-del-trasvase-con-la-grave-crisis-de-la-reconversion-industrial-de-los-anos-80-y-90\\\/\",\"name\":\"El alcalde de Lorca compara el importe econ\u00f3mico del recorte del trasvase con la grave crisis de la reconversi\u00f3n industrial de los a\u00f1os 80 y 90 - AREA LORCA RADIO\",\"isPartOf\":{\"@id\":\"https:\\\/\\\/arealorcaradio.es\\\/#website\"},\"primaryImageOfPage\":{\"@id\":\"https:\\\/\\\/arealorcaradio.es\\\/index.php\\\/2025\\\/05\\\/15\\\/el-alcalde-de-lorca-compara-el-importe-economico-del-recorte-del-trasvase-con-la-grave-crisis-de-la-reconversion-industrial-de-los-anos-80-y-90\\\/#primaryimage\"},\"image\":{\"@id\":\"https:\\\/\\\/arealorcaradio.es\\\/index.php\\\/2025\\\/05\\\/15\\\/el-alcalde-de-lorca-compara-el-importe-economico-del-recorte-del-trasvase-con-la-grave-crisis-de-la-reconversion-industrial-de-los-anos-80-y-90\\\/#primaryimage\"},\"thumbnailUrl\":\"https:\\\/\\\/arealorcaradio.es\\\/wp-content\\\/uploads\\\/2025\\\/05\\\/foto1-17.jpeg\",\"datePublished\":\"2025-05-15T11:52:44+00:00\",\"author\":{\"@id\":\"https:\\\/\\\/arealorcaradio.es\\\/#\\\/schema\\\/person\\\/9fae605fc25b0f2c83c1ab207139bd27\"},\"breadcrumb\":{\"@id\":\"https:\\\/\\\/arealorcaradio.es\\\/index.php\\\/2025\\\/05\\\/15\\\/el-alcalde-de-lorca-compara-el-importe-economico-del-recorte-del-trasvase-con-la-grave-crisis-de-la-reconversion-industrial-de-los-anos-80-y-90\\\/#breadcrumb\"},\"inLanguage\":\"es\",\"potentialAction\":[{\"@type\":\"ReadAction\",\"target\":[\"https:\\\/\\\/arealorcaradio.es\\\/index.php\\\/2025\\\/05\\\/15\\\/el-alcalde-de-lorca-compara-el-importe-economico-del-recorte-del-trasvase-con-la-grave-crisis-de-la-reconversion-industrial-de-los-anos-80-y-90\\\/\"]}]},{\"@type\":\"ImageObject\",\"inLanguage\":\"es\",\"@id\":\"https:\\\/\\\/arealorcaradio.es\\\/index.php\\\/2025\\\/05\\\/15\\\/el-alcalde-de-lorca-compara-el-importe-economico-del-recorte-del-trasvase-con-la-grave-crisis-de-la-reconversion-industrial-de-los-anos-80-y-90\\\/#primaryimage\",\"url\":\"https:\\\/\\\/arealorcaradio.es\\\/wp-content\\\/uploads\\\/2025\\\/05\\\/foto1-17.jpeg\",\"contentUrl\":\"https:\\\/\\\/arealorcaradio.es\\\/wp-content\\\/uploads\\\/2025\\\/05\\\/foto1-17.jpeg\",\"width\":1600,\"height\":1066},{\"@type\":\"BreadcrumbList\",\"@id\":\"https:\\\/\\\/arealorcaradio.es\\\/index.php\\\/2025\\\/05\\\/15\\\/el-alcalde-de-lorca-compara-el-importe-economico-del-recorte-del-trasvase-con-la-grave-crisis-de-la-reconversion-industrial-de-los-anos-80-y-90\\\/#breadcrumb\",\"itemListElement\":[{\"@type\":\"ListItem\",\"position\":1,\"name\":\"Portada\",\"item\":\"https:\\\/\\\/arealorcaradio.es\\\/\"},{\"@type\":\"ListItem\",\"position\":2,\"name\":\"El alcalde de Lorca compara el importe econ\u00f3mico del recorte del trasvase con la grave crisis de la reconversi\u00f3n industrial de los a\u00f1os 80 y 90\"}]},{\"@type\":\"WebSite\",\"@id\":\"https:\\\/\\\/arealorcaradio.es\\\/#website\",\"url\":\"https:\\\/\\\/arealorcaradio.es\\\/\",\"name\":\"AREA LORCA RADIO\",\"description\":\"Descubre la programaci\u00f3n actual en \u00c1rea Lorca Radio, tu fuente de entrenamiento y noticias locales. Sintoniza ahora y mantente conectado online.\",\"potentialAction\":[{\"@type\":\"SearchAction\",\"target\":{\"@type\":\"EntryPoint\",\"urlTemplate\":\"https:\\\/\\\/arealorcaradio.es\\\/?s={search_term_string}\"},\"query-input\":{\"@type\":\"PropertyValueSpecification\",\"valueRequired\":true,\"valueName\":\"search_term_string\"}}],\"inLanguage\":\"es\"},{\"@type\":\"Person\",\"@id\":\"https:\\\/\\\/arealorcaradio.es\\\/#\\\/schema\\\/person\\\/9fae605fc25b0f2c83c1ab207139bd27\",\"name\":\"Paco S\u00e1nchez\",\"image\":{\"@type\":\"ImageObject\",\"inLanguage\":\"es\",\"@id\":\"https:\\\/\\\/secure.gravatar.com\\\/avatar\\\/d67144e966420fb74aa84c9f2a0103be4724fd14db52b52d3b6bca749f257e79?s=96&d=mm&r=g\",\"url\":\"https:\\\/\\\/secure.gravatar.com\\\/avatar\\\/d67144e966420fb74aa84c9f2a0103be4724fd14db52b52d3b6bca749f257e79?s=96&d=mm&r=g\",\"contentUrl\":\"https:\\\/\\\/secure.gravatar.com\\\/avatar\\\/d67144e966420fb74aa84c9f2a0103be4724fd14db52b52d3b6bca749f257e79?s=96&d=mm&r=g\",\"caption\":\"Paco S\u00e1nchez\"},\"sameAs\":[\"https:\\\/\\\/arealorcaradio.es\"],\"url\":\"https:\\\/\\\/arealorcaradio.es\\\/index.php\\\/author\\\/admin_alorcaradio\\\/\"}]}<\/script>\n<!-- \/ Yoast SEO plugin. -->","yoast_head_json":{"title":"El alcalde de Lorca compara el importe econ\u00f3mico del recorte del trasvase con la grave crisis de la reconversi\u00f3n industrial de los a\u00f1os 80 y 90 - AREA LORCA RADIO","robots":{"index":"index","follow":"follow","max-snippet":"max-snippet:-1","max-image-preview":"max-image-preview:large","max-video-preview":"max-video-preview:-1"},"canonical":"https:\/\/arealorcaradio.es\/index.php\/2025\/05\/15\/el-alcalde-de-lorca-compara-el-importe-economico-del-recorte-del-trasvase-con-la-grave-crisis-de-la-reconversion-industrial-de-los-anos-80-y-90\/","og_locale":"es_ES","og_type":"article","og_title":"El alcalde de Lorca compara el importe econ\u00f3mico del recorte del trasvase con la grave crisis de la reconversi\u00f3n industrial de los a\u00f1os 80 y 90 - AREA LORCA RADIO","og_description":"\u00c1REA LORCA RADIO.\u00a0 15 de mayo de 2025.\u00a0El alcalde de Lorca, Fulgencio Gil J\u00f3dar, ha participado este jueves en un encuentro con representantes de la Comunidad de Regantes de Lorca y con el presidente del Sindicato Central de Regantes del Acueducto Tajo-Segura (SCRATS), Lucas Jim\u00e9nez, para abordar las graves consecuencias que tendr\u00e1 en la comarca [&hellip;]","og_url":"https:\/\/arealorcaradio.es\/index.php\/2025\/05\/15\/el-alcalde-de-lorca-compara-el-importe-economico-del-recorte-del-trasvase-con-la-grave-crisis-de-la-reconversion-industrial-de-los-anos-80-y-90\/","og_site_name":"AREA LORCA RADIO","article_published_time":"2025-05-15T11:52:44+00:00","og_image":[{"width":1600,"height":1066,"url":"https:\/\/arealorcaradio.es\/wp-content\/uploads\/2025\/05\/foto1-17.jpeg","type":"image\/jpeg"}],"author":"Paco S\u00e1nchez","twitter_card":"summary_large_image","twitter_misc":{"Escrito por":"Paco S\u00e1nchez","Tiempo de lectura":"4 minutos"},"schema":{"@context":"https:\/\/schema.org","@graph":[{"@type":"Article","@id":"https:\/\/arealorcaradio.es\/index.php\/2025\/05\/15\/el-alcalde-de-lorca-compara-el-importe-economico-del-recorte-del-trasvase-con-la-grave-crisis-de-la-reconversion-industrial-de-los-anos-80-y-90\/#article","isPartOf":{"@id":"https:\/\/arealorcaradio.es\/index.php\/2025\/05\/15\/el-alcalde-de-lorca-compara-el-importe-economico-del-recorte-del-trasvase-con-la-grave-crisis-de-la-reconversion-industrial-de-los-anos-80-y-90\/"},"author":{"name":"Paco S\u00e1nchez","@id":"https:\/\/arealorcaradio.es\/#\/schema\/person\/9fae605fc25b0f2c83c1ab207139bd27"},"headline":"El alcalde de Lorca compara el importe econ\u00f3mico del recorte del trasvase con la grave crisis de la reconversi\u00f3n industrial de los a\u00f1os 80 y 90","datePublished":"2025-05-15T11:52:44+00:00","mainEntityOfPage":{"@id":"https:\/\/arealorcaradio.es\/index.php\/2025\/05\/15\/el-alcalde-de-lorca-compara-el-importe-economico-del-recorte-del-trasvase-con-la-grave-crisis-de-la-reconversion-industrial-de-los-anos-80-y-90\/"},"wordCount":835,"commentCount":0,"image":{"@id":"https:\/\/arealorcaradio.es\/index.php\/2025\/05\/15\/el-alcalde-de-lorca-compara-el-importe-economico-del-recorte-del-trasvase-con-la-grave-crisis-de-la-reconversion-industrial-de-los-anos-80-y-90\/#primaryimage"},"thumbnailUrl":"https:\/\/arealorcaradio.es\/wp-content\/uploads\/2025\/05\/foto1-17.jpeg","articleSection":["ACTUALIDAD","LORCA"],"inLanguage":"es","potentialAction":[{"@type":"CommentAction","name":"Comment","target":["https:\/\/arealorcaradio.es\/index.php\/2025\/05\/15\/el-alcalde-de-lorca-compara-el-importe-economico-del-recorte-del-trasvase-con-la-grave-crisis-de-la-reconversion-industrial-de-los-anos-80-y-90\/#respond"]}]},{"@type":"WebPage","@id":"https:\/\/arealorcaradio.es\/index.php\/2025\/05\/15\/el-alcalde-de-lorca-compara-el-importe-economico-del-recorte-del-trasvase-con-la-grave-crisis-de-la-reconversion-industrial-de-los-anos-80-y-90\/","url":"https:\/\/arealorcaradio.es\/index.php\/2025\/05\/15\/el-alcalde-de-lorca-compara-el-importe-economico-del-recorte-del-trasvase-con-la-grave-crisis-de-la-reconversion-industrial-de-los-anos-80-y-90\/","name":"El alcalde de Lorca compara el importe econ\u00f3mico del recorte del trasvase con la grave crisis de la reconversi\u00f3n industrial de los a\u00f1os 80 y 90 - AREA LORCA RADIO","isPartOf":{"@id":"https:\/\/arealorcaradio.es\/#website"},"primaryImageOfPage":{"@id":"https:\/\/arealorcaradio.es\/index.php\/2025\/05\/15\/el-alcalde-de-lorca-compara-el-importe-economico-del-recorte-del-trasvase-con-la-grave-crisis-de-la-reconversion-industrial-de-los-anos-80-y-90\/#primaryimage"},"image":{"@id":"https:\/\/arealorcaradio.es\/index.php\/2025\/05\/15\/el-alcalde-de-lorca-compara-el-importe-economico-del-recorte-del-trasvase-con-la-grave-crisis-de-la-reconversion-industrial-de-los-anos-80-y-90\/#primaryimage"},"thumbnailUrl":"https:\/\/arealorcaradio.es\/wp-content\/uploads\/2025\/05\/foto1-17.jpeg","datePublished":"2025-05-15T11:52:44+00:00","author":{"@id":"https:\/\/arealorcaradio.es\/#\/schema\/person\/9fae605fc25b0f2c83c1ab207139bd27"},"breadcrumb":{"@id":"https:\/\/arealorcaradio.es\/index.php\/2025\/05\/15\/el-alcalde-de-lorca-compara-el-importe-economico-del-recorte-del-trasvase-con-la-grave-crisis-de-la-reconversion-industrial-de-los-anos-80-y-90\/#breadcrumb"},"inLanguage":"es","potentialAction":[{"@type":"ReadAction","target":["https:\/\/arealorcaradio.es\/index.php\/2025\/05\/15\/el-alcalde-de-lorca-compara-el-importe-economico-del-recorte-del-trasvase-con-la-grave-crisis-de-la-reconversion-industrial-de-los-anos-80-y-90\/"]}]},{"@type":"ImageObject","inLanguage":"es","@id":"https:\/\/arealorcaradio.es\/index.php\/2025\/05\/15\/el-alcalde-de-lorca-compara-el-importe-economico-del-recorte-del-trasvase-con-la-grave-crisis-de-la-reconversion-industrial-de-los-anos-80-y-90\/#primaryimage","url":"https:\/\/arealorcaradio.es\/wp-content\/uploads\/2025\/05\/foto1-17.jpeg","contentUrl":"https:\/\/arealorcaradio.es\/wp-content\/uploads\/2025\/05\/foto1-17.jpeg","width":1600,"height":1066},{"@type":"BreadcrumbList","@id":"https:\/\/arealorcaradio.es\/index.php\/2025\/05\/15\/el-alcalde-de-lorca-compara-el-importe-economico-del-recorte-del-trasvase-con-la-grave-crisis-de-la-reconversion-industrial-de-los-anos-80-y-90\/#breadcrumb","itemListElement":[{"@type":"ListItem","position":1,"name":"Portada","item":"https:\/\/arealorcaradio.es\/"},{"@type":"ListItem","position":2,"name":"El alcalde de Lorca compara el importe econ\u00f3mico del recorte del trasvase con la grave crisis de la reconversi\u00f3n industrial de los a\u00f1os 80 y 90"}]},{"@type":"WebSite","@id":"https:\/\/arealorcaradio.es\/#website","url":"https:\/\/arealorcaradio.es\/","name":"AREA LORCA RADIO","description":"Descubre la programaci\u00f3n actual en \u00c1rea Lorca Radio, tu fuente de entrenamiento y noticias locales. Sintoniza ahora y mantente conectado online.","potentialAction":[{"@type":"SearchAction","target":{"@type":"EntryPoint","urlTemplate":"https:\/\/arealorcaradio.es\/?s={search_term_string}"},"query-input":{"@type":"PropertyValueSpecification","valueRequired":true,"valueName":"search_term_string"}}],"inLanguage":"es"},{"@type":"Person","@id":"https:\/\/arealorcaradio.es\/#\/schema\/person\/9fae605fc25b0f2c83c1ab207139bd27","name":"Paco S\u00e1nchez","image":{"@type":"ImageObject","inLanguage":"es","@id":"https:\/\/secure.gravatar.com\/avatar\/d67144e966420fb74aa84c9f2a0103be4724fd14db52b52d3b6bca749f257e79?s=96&d=mm&r=g","url":"https:\/\/secure.gravatar.com\/avatar\/d67144e966420fb74aa84c9f2a0103be4724fd14db52b52d3b6bca749f257e79?s=96&d=mm&r=g","contentUrl":"https:\/\/secure.gravatar.com\/avatar\/d67144e966420fb74aa84c9f2a0103be4724fd14db52b52d3b6bca749f257e79?s=96&d=mm&r=g","caption":"Paco S\u00e1nchez"},"sameAs":["https:\/\/arealorcaradio.es"],"url":"https:\/\/arealorcaradio.es\/index.php\/author\/admin_alorcaradio\/"}]}},"_links":{"self":[{"href":"https:\/\/arealorcaradio.es\/index.php\/wp-json\/wp\/v2\/posts\/6580","targetHints":{"allow":["GET"]}}],"collection":[{"href":"https:\/\/arealorcaradio.es\/index.php\/wp-json\/wp\/v2\/posts"}],"about":[{"href":"https:\/\/arealorcaradio.es\/index.php\/wp-json\/wp\/v2\/types\/post"}],"author":[{"embeddable":true,"href":"https:\/\/arealorcaradio.es\/index.php\/wp-json\/wp\/v2\/users\/1"}],"replies":[{"embeddable":true,"href":"https:\/\/arealorcaradio.es\/index.php\/wp-json\/wp\/v2\/comments?post=6580"}],"version-history":[{"count":1,"href":"https:\/\/arealorcaradio.es\/index.php\/wp-json\/wp\/v2\/posts\/6580\/revisions"}],"predecessor-version":[{"id":6583,"href":"https:\/\/arealorcaradio.es\/index.php\/wp-json\/wp\/v2\/posts\/6580\/revisions\/6583"}],"wp:featuredmedia":[{"embeddable":true,"href":"https:\/\/arealorcaradio.es\/index.php\/wp-json\/wp\/v2\/media\/6582"}],"wp:attachment":[{"href":"https:\/\/arealorcaradio.es\/index.php\/wp-json\/wp\/v2\/media?parent=6580"}],"wp:term":[{"taxonomy":"category","embeddable":true,"href":"https:\/\/arealorcaradio.es\/index.php\/wp-json\/wp\/v2\/categories?post=6580"},{"taxonomy":"post_tag","embeddable":true,"href":"https:\/\/arealorcaradio.es\/index.php\/wp-json\/wp\/v2\/tags?post=6580"}],"curies":[{"name":"wp","href":"https:\/\/api.w.org\/{rel}","templated":true}]}}