{"id":6573,"date":"2025-05-15T10:57:29","date_gmt":"2025-05-15T10:57:29","guid":{"rendered":"https:\/\/arealorcaradio.es\/?p=6573"},"modified":"2025-05-15T10:57:29","modified_gmt":"2025-05-15T10:57:29","slug":"la-casa-del-artesano-acoge-la-exposicion-de-orfebreria-homenaje-al-maestro-lorquino-andres-barnes-sanchez-fortun","status":"publish","type":"post","link":"https:\/\/arealorcaradio.es\/index.php\/2025\/05\/15\/la-casa-del-artesano-acoge-la-exposicion-de-orfebreria-homenaje-al-maestro-lorquino-andres-barnes-sanchez-fortun\/","title":{"rendered":"La Casa del Artesano acoge la exposici\u00f3n de orfebrer\u00eda homenaje al maestro lorquino Andr\u00e9s Barn\u00e9s S\u00e1nchez-Fort\u00fan"},"content":{"rendered":"<p><strong>\u00c1REA LORCA RADIO. Artesan\u00eda.<\/strong><\/p>\n<p class=\"v1MsoNormal\"><b>Lorca, 15 de mayo de 2025.\u00a0<\/b>La edil de Comercio y Artesan\u00eda, Mayte Mart\u00ednez, ha inaugurado esta misma ma\u00f1ana, la exposici\u00f3n homenaje dedicada a la obra del afamado orfebre lorquino Andr\u00e9s Barn\u00e9s S\u00e1nchez \u2013 Fort\u00fan que se podr\u00e1 visitar hasta el pr\u00f3ximo 24 de mayo en la Casa del Artesano.<\/p>\n<p class=\"v1MsoNormal\">De la mano de ARTELOR, Asociaci\u00f3n de Artesanos de Lorca, en colaboraci\u00f3n con el Ayuntamiento, llega esta muestra con la finalidad de acercar a lorquinos y a visitantes una visi\u00f3n global de la orfebrer\u00eda lorquina y, concretamente, la reflejada en la vasta obra de este ilustre artesano lorquino, mostrando un recorrido cronol\u00f3gico a trav\u00e9s de su trayectoria.<\/p>\n<p class=\"v1MsoNormal\"><img loading=\"lazy\" decoding=\"async\" class=\"alignnone size-medium wp-image-6574\" src=\"https:\/\/arealorcaradio.es\/wp-content\/uploads\/2025\/05\/foto2-9-300x225.jpeg\" alt=\"\" width=\"300\" height=\"225\" srcset=\"https:\/\/arealorcaradio.es\/wp-content\/uploads\/2025\/05\/foto2-9-300x225.jpeg 300w, https:\/\/arealorcaradio.es\/wp-content\/uploads\/2025\/05\/foto2-9-1024x768.jpeg 1024w, https:\/\/arealorcaradio.es\/wp-content\/uploads\/2025\/05\/foto2-9-768x576.jpeg 768w, https:\/\/arealorcaradio.es\/wp-content\/uploads\/2025\/05\/foto2-9-1536x1152.jpeg 1536w, https:\/\/arealorcaradio.es\/wp-content\/uploads\/2025\/05\/foto2-9-86x64.jpeg 86w, https:\/\/arealorcaradio.es\/wp-content\/uploads\/2025\/05\/foto2-9.jpeg 2048w\" sizes=\"auto, (max-width: 300px) 100vw, 300px\" \/> <img loading=\"lazy\" decoding=\"async\" class=\"alignnone size-medium wp-image-6575\" src=\"https:\/\/arealorcaradio.es\/wp-content\/uploads\/2025\/05\/foto1-16-300x225.jpeg\" alt=\"\" width=\"300\" height=\"225\" srcset=\"https:\/\/arealorcaradio.es\/wp-content\/uploads\/2025\/05\/foto1-16-300x225.jpeg 300w, https:\/\/arealorcaradio.es\/wp-content\/uploads\/2025\/05\/foto1-16-1024x768.jpeg 1024w, https:\/\/arealorcaradio.es\/wp-content\/uploads\/2025\/05\/foto1-16-768x576.jpeg 768w, https:\/\/arealorcaradio.es\/wp-content\/uploads\/2025\/05\/foto1-16-1536x1152.jpeg 1536w, https:\/\/arealorcaradio.es\/wp-content\/uploads\/2025\/05\/foto1-16-86x64.jpeg 86w, https:\/\/arealorcaradio.es\/wp-content\/uploads\/2025\/05\/foto1-16.jpeg 2048w\" sizes=\"auto, (max-width: 300px) 100vw, 300px\" \/><\/p>\n<p class=\"v1MsoNormal\">\u00abSin duda, esta exposici\u00f3n, contemplada dentro de la programaci\u00f3n especial de actividades con motivo del XXV aniversario de ARTELOR, y con la inestimable colaboraci\u00f3n de la Federaci\u00f3n San Clemente, Paso Blanco y Paso Azul, constituir\u00e1 una excelente oportunidad para conocer la evoluci\u00f3n y apreciar la relevancia de la obra de este magn\u00edfico orfebre lorquino\u00bb, ha trasladado la edil.<\/p>\n<p class=\"v1MsoNormal\"><img loading=\"lazy\" decoding=\"async\" class=\"alignnone size-medium wp-image-6576\" src=\"https:\/\/arealorcaradio.es\/wp-content\/uploads\/2025\/05\/foto3-12-300x225.jpeg\" alt=\"\" width=\"300\" height=\"225\" srcset=\"https:\/\/arealorcaradio.es\/wp-content\/uploads\/2025\/05\/foto3-12-300x225.jpeg 300w, https:\/\/arealorcaradio.es\/wp-content\/uploads\/2025\/05\/foto3-12-1024x768.jpeg 1024w, https:\/\/arealorcaradio.es\/wp-content\/uploads\/2025\/05\/foto3-12-768x576.jpeg 768w, https:\/\/arealorcaradio.es\/wp-content\/uploads\/2025\/05\/foto3-12-1536x1152.jpeg 1536w, https:\/\/arealorcaradio.es\/wp-content\/uploads\/2025\/05\/foto3-12-86x64.jpeg 86w, https:\/\/arealorcaradio.es\/wp-content\/uploads\/2025\/05\/foto3-12.jpeg 2048w\" sizes=\"auto, (max-width: 300px) 100vw, 300px\" \/> <img loading=\"lazy\" decoding=\"async\" class=\"alignnone size-medium wp-image-6577\" src=\"https:\/\/arealorcaradio.es\/wp-content\/uploads\/2025\/05\/foto5-1-300x225.jpeg\" alt=\"\" width=\"300\" height=\"225\" srcset=\"https:\/\/arealorcaradio.es\/wp-content\/uploads\/2025\/05\/foto5-1-300x225.jpeg 300w, https:\/\/arealorcaradio.es\/wp-content\/uploads\/2025\/05\/foto5-1-1024x768.jpeg 1024w, https:\/\/arealorcaradio.es\/wp-content\/uploads\/2025\/05\/foto5-1-768x576.jpeg 768w, https:\/\/arealorcaradio.es\/wp-content\/uploads\/2025\/05\/foto5-1-1536x1152.jpeg 1536w, https:\/\/arealorcaradio.es\/wp-content\/uploads\/2025\/05\/foto5-1-86x64.jpeg 86w, https:\/\/arealorcaradio.es\/wp-content\/uploads\/2025\/05\/foto5-1.jpeg 2048w\" sizes=\"auto, (max-width: 300px) 100vw, 300px\" \/><\/p>\n<p class=\"v1MsoNormal\">Andr\u00e9s Barn\u00e9s S\u00e1nchez \u2013 Fort\u00fan, nacido en Lorca el 3 de septiembre de 1948, comenz\u00f3 su carrera como metal\u00fargico art\u00edstico en los bajos de su casa natal, ubicada en la Plaza de Don Juan Moreno, en La Alberca, lugar en el que se localizaba el negocio familiar conocido como \u00abEl Tinte\u00bb. Posteriormente, traslad\u00f3 definitivamente su taller a la conocida calle lorquina Carril de Caldereros.<\/p>\n<p class=\"v1MsoNormal\">Diversas obras de este ilustre lorquino forman parte del patrimonio art\u00edstico no s\u00f3lo de la ciudad de Lorca, sino de otras poblaciones cercanas como \u00c1guilas, Murcia y Pilar de la Horadada, entre otras; y destacados son sus trabajos para las cofrad\u00edas mayores de Lorca, Paso Blanco y Paso Azul, para diferentes cofrad\u00edas de \u00c1guilas, Paso Encarnado y San Juan Evangelista, Santa Mujer Ver\u00f3nica y el Cristo del Consuelo, y para la Cofrad\u00eda del Nazareno del Pilar de la Horadada.<\/p>\n<p class=\"v1MsoNormal\">No s\u00f3lo centr\u00f3 su producci\u00f3n art\u00edstica en el \u00e1mbito religioso, sino que tambi\u00e9n particip\u00f3 y colabor\u00f3 con instituciones y asociaciones civiles, como la Federaci\u00f3n Festivo Cultural de San Clemente, para la que comenz\u00f3 a materializar el dise\u00f1o de la r\u00e9plica de la \u00abCruz del Privilegio\u00bb, aunque tristemente, la enfermedad y su posterior fallecimiento, impidieron que pudiera concluirla.<\/p>\n<p class=\"v1MsoNormal\">Algunos de sus trabajos m\u00e1s destacados se realizaron con motivo del enlace, por aquel entonces, de SS. AA. RR. el Pr\u00edncipe de Asturias y D\u00aa. Letizia y, a partir de ah\u00ed, como proveedor de la Casa Real; concretamente, en la restauraci\u00f3n y ampliaci\u00f3n de un amplio abanico de piezas para la Guardia Real (Escuadr\u00f3n de Coraceros, Escuadr\u00f3n de Lanceros, Compa\u00f1\u00eda de Alabarderos, banderines y guiones y nueva bandera de la Guardia Real).<\/p>\n<p class=\"v1MsoNormal\">Las t\u00e9cnicas m\u00e1s empleadas de este c\u00e9lebre artesano fueron el\u00a0repujado, el cincelado, el segueteado, la estampaci\u00f3n en fr\u00edo, el repulsado, el torneado y el labrado en bajo y alto relieve.<\/p>\n<p class=\"v1MsoNormal\">La calidad art\u00edstica de Andr\u00e9s Barn\u00e9s fue reconocida en diversas ocasiones y desde diferentes organismos. Entre las distinciones m\u00e1s destacadas, se encuentran el &#8216;Premio a la Artesan\u00eda&#8217; otorgado por la C\u00e1mara de Comercio de Lorca, el \u00abRegni Clavis\u00bb entregado por la Federaci\u00f3n de San Clemente o el trofeo San Francisco impuesto por la Asociaci\u00f3n de Belenistas de Lorca.<\/p>\n<p class=\"v1MsoNormal\">Sus obras han sido expuestas en numerosas ocasiones, tanto en Murcia como en Cartagena; prueba de ello es su presencia en la Muestra celebrada en el Centro Regional de Artesan\u00eda de Murcia en octubre de 2007 y en la \u00abExposici\u00f3n Samaritana\u00bb de la cofrad\u00eda California de Cartagena en 2020.<\/p>\n<p class=\"v1MsoNormal\"><b>Detalle exposici\u00f3n:<\/b><\/p>\n<p class=\"v1MsoNormal\">FEDERACI\u00d3N SAN CLEMENTE:<\/p>\n<p class=\"v1MsoNormal\">\u25cf\u00a0\u00a0\u00a0\u00a0\u00a0\u00a0\u00a0\u00a0\u00a0\u00a0\u00a0\u00a0\u00a0\u00a0\u00a0\u00a0\u00a0\u00a0\u00a0\u00a0Corona de la reina Isabel I (2008)<\/p>\n<p class=\"v1MsoNormal\">\u25cf\u00a0\u00a0\u00a0\u00a0\u00a0\u00a0\u00a0\u00a0\u00a0\u00a0\u00a0\u00a0\u00a0\u00a0\u00a0\u00a0\u00a0\u00a0\u00a0\u00a0Cetro real de Isabel I (2009)<\/p>\n<p class=\"v1MsoNormal\">\u25cf\u00a0\u00a0\u00a0\u00a0\u00a0\u00a0\u00a0\u00a0\u00a0\u00a0\u00a0\u00a0\u00a0\u00a0\u00a0\u00a0\u00a0\u00a0\u00a0\u00a0Collar ceremonial de Fernando V (2010)<\/p>\n<p class=\"v1MsoNormal\">\u25cf\u00a0\u00a0\u00a0\u00a0\u00a0\u00a0\u00a0\u00a0\u00a0\u00a0\u00a0\u00a0\u00a0\u00a0\u00a0\u00a0\u00a0\u00a0\u00a0\u00a0Orbe de Fernando V (2011)<\/p>\n<p class=\"v1MsoNormal\">PASO BLANCO:<\/p>\n<p class=\"v1MsoNormal\">\u25cf\u00a0\u00a0\u00a0\u00a0\u00a0\u00a0\u00a0\u00a0\u00a0\u00a0\u00a0\u00a0\u00a0\u00a0\u00a0\u00a0\u00a0\u00a0\u00a0\u00a0Euterpe, coraza del capit\u00e1n de la banda romana (1996)<\/p>\n<p class=\"v1MsoNormal\">\u25cf\u00a0\u00a0\u00a0\u00a0\u00a0\u00a0\u00a0\u00a0\u00a0\u00a0\u00a0\u00a0\u00a0\u00a0\u00a0\u00a0\u00a0\u00a0\u00a0\u00a0Espada del c\u00f3nsul infanter\u00eda romana (1995)<\/p>\n<p class=\"v1MsoNormal\">\u25cf\u00a0\u00a0\u00a0\u00a0\u00a0\u00a0\u00a0\u00a0\u00a0\u00a0\u00a0\u00a0\u00a0\u00a0\u00a0\u00a0\u00a0\u00a0\u00a0\u00a0Espinillera y casco del arc\u00e1ngel San Miguel (carroza \u00abVisi\u00f3n de San Juan, la<\/p>\n<p class=\"v1MsoNormal\">\u25cf\u00a0\u00a0\u00a0\u00a0\u00a0\u00a0\u00a0\u00a0\u00a0\u00a0\u00a0\u00a0\u00a0\u00a0\u00a0\u00a0\u00a0\u00a0\u00a0bola\u00bb) (2001)<\/p>\n<p class=\"v1MsoNormal\">\u25cf\u00a0\u00a0\u00a0\u00a0\u00a0\u00a0\u00a0\u00a0\u00a0\u00a0\u00a0\u00a0\u00a0\u00a0\u00a0\u00a0\u00a0\u00a0\u00a0\u00a0Tocado \u00abkufiyas\u00bb, caballer\u00eda de Salom\u00f3n \u00abTafsa\u00bb (2009)<\/p>\n<p class=\"v1MsoNormal\">PASO AZUL:<\/p>\n<p class=\"v1MsoNormal\">\u25cf\u00a0\u00a0\u00a0\u00a0\u00a0\u00a0\u00a0\u00a0\u00a0\u00a0\u00a0\u00a0\u00a0\u00a0\u00a0\u00a0\u00a0\u00a0\u00a0\u00a0Casco escolta D\u00e9bora (2015)<\/p>\n<p class=\"v1MsoNormal\">\u25cf\u00a0\u00a0\u00a0\u00a0\u00a0\u00a0\u00a0\u00a0\u00a0\u00a0\u00a0\u00a0\u00a0\u00a0\u00a0\u00a0\u00a0\u00a0\u00a0\u00a0Farol del estandarte \u00abEl Reflejo\u00bb (1994)<\/p>\n<p class=\"v1MsoNormal\">\u25cf\u00a0\u00a0\u00a0\u00a0\u00a0\u00a0\u00a0\u00a0\u00a0\u00a0\u00a0\u00a0\u00a0\u00a0\u00a0\u00a0\u00a0\u00a0\u00a0\u00a0Cirial del estandarte del Cristo Yacente (2005)<\/p>\n<p class=\"v1MsoNormal\">\u25cf\u00a0\u00a0\u00a0\u00a0\u00a0\u00a0\u00a0\u00a0\u00a0\u00a0\u00a0\u00a0\u00a0\u00a0\u00a0\u00a0\u00a0\u00a0\u00a0\u00a0B\u00e1culo Nazareno Cristo Yacente (1988)<\/p>\n<p class=\"v1MsoNormal\">\n<p class=\"v1MsoNormal\">\n","protected":false},"excerpt":{"rendered":"<p>\u00c1REA LORCA RADIO. Artesan\u00eda. Lorca, 15 de mayo de 2025.\u00a0La edil de Comercio y Artesan\u00eda, Mayte Mart\u00ednez, ha inaugurado esta misma ma\u00f1ana, la exposici\u00f3n homenaje dedicada a la obra del afamado orfebre lorquino Andr\u00e9s Barn\u00e9s S\u00e1nchez \u2013 Fort\u00fan que se podr\u00e1 visitar hasta el pr\u00f3ximo 24 de mayo en la Casa del Artesano. De la [&hellip;]<\/p>\n","protected":false},"author":1,"featured_media":6578,"comment_status":"open","ping_status":"open","sticky":false,"template":"","format":"standard","meta":{"iawp_total_views":9,"footnotes":""},"categories":[5,7],"tags":[],"class_list":["post-6573","post","type-post","status-publish","format-standard","has-post-thumbnail","hentry","category-actualidad","category-lorca"],"yoast_head":"<!-- This site is optimized with the Yoast SEO plugin v27.5 - https:\/\/yoast.com\/product\/yoast-seo-wordpress\/ -->\n<title>La Casa del Artesano acoge la exposici\u00f3n de orfebrer\u00eda homenaje al maestro lorquino Andr\u00e9s Barn\u00e9s S\u00e1nchez-Fort\u00fan - AREA LORCA RADIO<\/title>\n<meta name=\"robots\" content=\"index, follow, max-snippet:-1, max-image-preview:large, max-video-preview:-1\" \/>\n<link rel=\"canonical\" href=\"https:\/\/arealorcaradio.es\/index.php\/2025\/05\/15\/la-casa-del-artesano-acoge-la-exposicion-de-orfebreria-homenaje-al-maestro-lorquino-andres-barnes-sanchez-fortun\/\" \/>\n<meta property=\"og:locale\" content=\"es_ES\" \/>\n<meta property=\"og:type\" content=\"article\" \/>\n<meta property=\"og:title\" content=\"La Casa del Artesano acoge la exposici\u00f3n de orfebrer\u00eda homenaje al maestro lorquino Andr\u00e9s Barn\u00e9s S\u00e1nchez-Fort\u00fan - AREA LORCA RADIO\" \/>\n<meta property=\"og:description\" content=\"\u00c1REA LORCA RADIO. Artesan\u00eda. Lorca, 15 de mayo de 2025.\u00a0La edil de Comercio y Artesan\u00eda, Mayte Mart\u00ednez, ha inaugurado esta misma ma\u00f1ana, la exposici\u00f3n homenaje dedicada a la obra del afamado orfebre lorquino Andr\u00e9s Barn\u00e9s S\u00e1nchez \u2013 Fort\u00fan que se podr\u00e1 visitar hasta el pr\u00f3ximo 24 de mayo en la Casa del Artesano. De la [&hellip;]\" \/>\n<meta property=\"og:url\" content=\"https:\/\/arealorcaradio.es\/index.php\/2025\/05\/15\/la-casa-del-artesano-acoge-la-exposicion-de-orfebreria-homenaje-al-maestro-lorquino-andres-barnes-sanchez-fortun\/\" \/>\n<meta property=\"og:site_name\" content=\"AREA LORCA RADIO\" \/>\n<meta property=\"article:published_time\" content=\"2025-05-15T10:57:29+00:00\" \/>\n<meta property=\"og:image\" content=\"https:\/\/arealorcaradio.es\/wp-content\/uploads\/2025\/05\/foto4-6.jpeg\" \/>\n\t<meta property=\"og:image:width\" content=\"2048\" \/>\n\t<meta property=\"og:image:height\" content=\"1536\" \/>\n\t<meta property=\"og:image:type\" content=\"image\/jpeg\" \/>\n<meta name=\"author\" content=\"Paco S\u00e1nchez\" \/>\n<meta name=\"twitter:card\" content=\"summary_large_image\" \/>\n<meta name=\"twitter:label1\" content=\"Escrito por\" \/>\n\t<meta name=\"twitter:data1\" content=\"Paco S\u00e1nchez\" \/>\n\t<meta name=\"twitter:label2\" content=\"Tiempo de lectura\" \/>\n\t<meta name=\"twitter:data2\" content=\"5 minutos\" \/>\n<script type=\"application\/ld+json\" class=\"yoast-schema-graph\">{\"@context\":\"https:\\\/\\\/schema.org\",\"@graph\":[{\"@type\":\"Article\",\"@id\":\"https:\\\/\\\/arealorcaradio.es\\\/index.php\\\/2025\\\/05\\\/15\\\/la-casa-del-artesano-acoge-la-exposicion-de-orfebreria-homenaje-al-maestro-lorquino-andres-barnes-sanchez-fortun\\\/#article\",\"isPartOf\":{\"@id\":\"https:\\\/\\\/arealorcaradio.es\\\/index.php\\\/2025\\\/05\\\/15\\\/la-casa-del-artesano-acoge-la-exposicion-de-orfebreria-homenaje-al-maestro-lorquino-andres-barnes-sanchez-fortun\\\/\"},\"author\":{\"name\":\"Paco S\u00e1nchez\",\"@id\":\"https:\\\/\\\/arealorcaradio.es\\\/#\\\/schema\\\/person\\\/9fae605fc25b0f2c83c1ab207139bd27\"},\"headline\":\"La Casa del Artesano acoge la exposici\u00f3n de orfebrer\u00eda homenaje al maestro lorquino Andr\u00e9s Barn\u00e9s S\u00e1nchez-Fort\u00fan\",\"datePublished\":\"2025-05-15T10:57:29+00:00\",\"mainEntityOfPage\":{\"@id\":\"https:\\\/\\\/arealorcaradio.es\\\/index.php\\\/2025\\\/05\\\/15\\\/la-casa-del-artesano-acoge-la-exposicion-de-orfebreria-homenaje-al-maestro-lorquino-andres-barnes-sanchez-fortun\\\/\"},\"wordCount\":747,\"commentCount\":0,\"image\":{\"@id\":\"https:\\\/\\\/arealorcaradio.es\\\/index.php\\\/2025\\\/05\\\/15\\\/la-casa-del-artesano-acoge-la-exposicion-de-orfebreria-homenaje-al-maestro-lorquino-andres-barnes-sanchez-fortun\\\/#primaryimage\"},\"thumbnailUrl\":\"https:\\\/\\\/arealorcaradio.es\\\/wp-content\\\/uploads\\\/2025\\\/05\\\/foto4-6.jpeg\",\"articleSection\":[\"ACTUALIDAD\",\"LORCA\"],\"inLanguage\":\"es\",\"potentialAction\":[{\"@type\":\"CommentAction\",\"name\":\"Comment\",\"target\":[\"https:\\\/\\\/arealorcaradio.es\\\/index.php\\\/2025\\\/05\\\/15\\\/la-casa-del-artesano-acoge-la-exposicion-de-orfebreria-homenaje-al-maestro-lorquino-andres-barnes-sanchez-fortun\\\/#respond\"]}]},{\"@type\":\"WebPage\",\"@id\":\"https:\\\/\\\/arealorcaradio.es\\\/index.php\\\/2025\\\/05\\\/15\\\/la-casa-del-artesano-acoge-la-exposicion-de-orfebreria-homenaje-al-maestro-lorquino-andres-barnes-sanchez-fortun\\\/\",\"url\":\"https:\\\/\\\/arealorcaradio.es\\\/index.php\\\/2025\\\/05\\\/15\\\/la-casa-del-artesano-acoge-la-exposicion-de-orfebreria-homenaje-al-maestro-lorquino-andres-barnes-sanchez-fortun\\\/\",\"name\":\"La Casa del Artesano acoge la exposici\u00f3n de orfebrer\u00eda homenaje al maestro lorquino Andr\u00e9s Barn\u00e9s S\u00e1nchez-Fort\u00fan - AREA LORCA RADIO\",\"isPartOf\":{\"@id\":\"https:\\\/\\\/arealorcaradio.es\\\/#website\"},\"primaryImageOfPage\":{\"@id\":\"https:\\\/\\\/arealorcaradio.es\\\/index.php\\\/2025\\\/05\\\/15\\\/la-casa-del-artesano-acoge-la-exposicion-de-orfebreria-homenaje-al-maestro-lorquino-andres-barnes-sanchez-fortun\\\/#primaryimage\"},\"image\":{\"@id\":\"https:\\\/\\\/arealorcaradio.es\\\/index.php\\\/2025\\\/05\\\/15\\\/la-casa-del-artesano-acoge-la-exposicion-de-orfebreria-homenaje-al-maestro-lorquino-andres-barnes-sanchez-fortun\\\/#primaryimage\"},\"thumbnailUrl\":\"https:\\\/\\\/arealorcaradio.es\\\/wp-content\\\/uploads\\\/2025\\\/05\\\/foto4-6.jpeg\",\"datePublished\":\"2025-05-15T10:57:29+00:00\",\"author\":{\"@id\":\"https:\\\/\\\/arealorcaradio.es\\\/#\\\/schema\\\/person\\\/9fae605fc25b0f2c83c1ab207139bd27\"},\"breadcrumb\":{\"@id\":\"https:\\\/\\\/arealorcaradio.es\\\/index.php\\\/2025\\\/05\\\/15\\\/la-casa-del-artesano-acoge-la-exposicion-de-orfebreria-homenaje-al-maestro-lorquino-andres-barnes-sanchez-fortun\\\/#breadcrumb\"},\"inLanguage\":\"es\",\"potentialAction\":[{\"@type\":\"ReadAction\",\"target\":[\"https:\\\/\\\/arealorcaradio.es\\\/index.php\\\/2025\\\/05\\\/15\\\/la-casa-del-artesano-acoge-la-exposicion-de-orfebreria-homenaje-al-maestro-lorquino-andres-barnes-sanchez-fortun\\\/\"]}]},{\"@type\":\"ImageObject\",\"inLanguage\":\"es\",\"@id\":\"https:\\\/\\\/arealorcaradio.es\\\/index.php\\\/2025\\\/05\\\/15\\\/la-casa-del-artesano-acoge-la-exposicion-de-orfebreria-homenaje-al-maestro-lorquino-andres-barnes-sanchez-fortun\\\/#primaryimage\",\"url\":\"https:\\\/\\\/arealorcaradio.es\\\/wp-content\\\/uploads\\\/2025\\\/05\\\/foto4-6.jpeg\",\"contentUrl\":\"https:\\\/\\\/arealorcaradio.es\\\/wp-content\\\/uploads\\\/2025\\\/05\\\/foto4-6.jpeg\",\"width\":2048,\"height\":1536},{\"@type\":\"BreadcrumbList\",\"@id\":\"https:\\\/\\\/arealorcaradio.es\\\/index.php\\\/2025\\\/05\\\/15\\\/la-casa-del-artesano-acoge-la-exposicion-de-orfebreria-homenaje-al-maestro-lorquino-andres-barnes-sanchez-fortun\\\/#breadcrumb\",\"itemListElement\":[{\"@type\":\"ListItem\",\"position\":1,\"name\":\"Portada\",\"item\":\"https:\\\/\\\/arealorcaradio.es\\\/\"},{\"@type\":\"ListItem\",\"position\":2,\"name\":\"La Casa del Artesano acoge la exposici\u00f3n de orfebrer\u00eda homenaje al maestro lorquino Andr\u00e9s Barn\u00e9s S\u00e1nchez-Fort\u00fan\"}]},{\"@type\":\"WebSite\",\"@id\":\"https:\\\/\\\/arealorcaradio.es\\\/#website\",\"url\":\"https:\\\/\\\/arealorcaradio.es\\\/\",\"name\":\"AREA LORCA RADIO\",\"description\":\"Descubre la programaci\u00f3n actual en \u00c1rea Lorca Radio, tu fuente de entrenamiento y noticias locales. Sintoniza ahora y mantente conectado online.\",\"potentialAction\":[{\"@type\":\"SearchAction\",\"target\":{\"@type\":\"EntryPoint\",\"urlTemplate\":\"https:\\\/\\\/arealorcaradio.es\\\/?s={search_term_string}\"},\"query-input\":{\"@type\":\"PropertyValueSpecification\",\"valueRequired\":true,\"valueName\":\"search_term_string\"}}],\"inLanguage\":\"es\"},{\"@type\":\"Person\",\"@id\":\"https:\\\/\\\/arealorcaradio.es\\\/#\\\/schema\\\/person\\\/9fae605fc25b0f2c83c1ab207139bd27\",\"name\":\"Paco S\u00e1nchez\",\"image\":{\"@type\":\"ImageObject\",\"inLanguage\":\"es\",\"@id\":\"https:\\\/\\\/secure.gravatar.com\\\/avatar\\\/d67144e966420fb74aa84c9f2a0103be4724fd14db52b52d3b6bca749f257e79?s=96&d=mm&r=g\",\"url\":\"https:\\\/\\\/secure.gravatar.com\\\/avatar\\\/d67144e966420fb74aa84c9f2a0103be4724fd14db52b52d3b6bca749f257e79?s=96&d=mm&r=g\",\"contentUrl\":\"https:\\\/\\\/secure.gravatar.com\\\/avatar\\\/d67144e966420fb74aa84c9f2a0103be4724fd14db52b52d3b6bca749f257e79?s=96&d=mm&r=g\",\"caption\":\"Paco S\u00e1nchez\"},\"sameAs\":[\"https:\\\/\\\/arealorcaradio.es\"],\"url\":\"https:\\\/\\\/arealorcaradio.es\\\/index.php\\\/author\\\/admin_alorcaradio\\\/\"}]}<\/script>\n<!-- \/ Yoast SEO plugin. -->","yoast_head_json":{"title":"La Casa del Artesano acoge la exposici\u00f3n de orfebrer\u00eda homenaje al maestro lorquino Andr\u00e9s Barn\u00e9s S\u00e1nchez-Fort\u00fan - AREA LORCA RADIO","robots":{"index":"index","follow":"follow","max-snippet":"max-snippet:-1","max-image-preview":"max-image-preview:large","max-video-preview":"max-video-preview:-1"},"canonical":"https:\/\/arealorcaradio.es\/index.php\/2025\/05\/15\/la-casa-del-artesano-acoge-la-exposicion-de-orfebreria-homenaje-al-maestro-lorquino-andres-barnes-sanchez-fortun\/","og_locale":"es_ES","og_type":"article","og_title":"La Casa del Artesano acoge la exposici\u00f3n de orfebrer\u00eda homenaje al maestro lorquino Andr\u00e9s Barn\u00e9s S\u00e1nchez-Fort\u00fan - AREA LORCA RADIO","og_description":"\u00c1REA LORCA RADIO. Artesan\u00eda. Lorca, 15 de mayo de 2025.\u00a0La edil de Comercio y Artesan\u00eda, Mayte Mart\u00ednez, ha inaugurado esta misma ma\u00f1ana, la exposici\u00f3n homenaje dedicada a la obra del afamado orfebre lorquino Andr\u00e9s Barn\u00e9s S\u00e1nchez \u2013 Fort\u00fan que se podr\u00e1 visitar hasta el pr\u00f3ximo 24 de mayo en la Casa del Artesano. De la [&hellip;]","og_url":"https:\/\/arealorcaradio.es\/index.php\/2025\/05\/15\/la-casa-del-artesano-acoge-la-exposicion-de-orfebreria-homenaje-al-maestro-lorquino-andres-barnes-sanchez-fortun\/","og_site_name":"AREA LORCA RADIO","article_published_time":"2025-05-15T10:57:29+00:00","og_image":[{"width":2048,"height":1536,"url":"https:\/\/arealorcaradio.es\/wp-content\/uploads\/2025\/05\/foto4-6.jpeg","type":"image\/jpeg"}],"author":"Paco S\u00e1nchez","twitter_card":"summary_large_image","twitter_misc":{"Escrito por":"Paco S\u00e1nchez","Tiempo de lectura":"5 minutos"},"schema":{"@context":"https:\/\/schema.org","@graph":[{"@type":"Article","@id":"https:\/\/arealorcaradio.es\/index.php\/2025\/05\/15\/la-casa-del-artesano-acoge-la-exposicion-de-orfebreria-homenaje-al-maestro-lorquino-andres-barnes-sanchez-fortun\/#article","isPartOf":{"@id":"https:\/\/arealorcaradio.es\/index.php\/2025\/05\/15\/la-casa-del-artesano-acoge-la-exposicion-de-orfebreria-homenaje-al-maestro-lorquino-andres-barnes-sanchez-fortun\/"},"author":{"name":"Paco S\u00e1nchez","@id":"https:\/\/arealorcaradio.es\/#\/schema\/person\/9fae605fc25b0f2c83c1ab207139bd27"},"headline":"La Casa del Artesano acoge la exposici\u00f3n de orfebrer\u00eda homenaje al maestro lorquino Andr\u00e9s Barn\u00e9s S\u00e1nchez-Fort\u00fan","datePublished":"2025-05-15T10:57:29+00:00","mainEntityOfPage":{"@id":"https:\/\/arealorcaradio.es\/index.php\/2025\/05\/15\/la-casa-del-artesano-acoge-la-exposicion-de-orfebreria-homenaje-al-maestro-lorquino-andres-barnes-sanchez-fortun\/"},"wordCount":747,"commentCount":0,"image":{"@id":"https:\/\/arealorcaradio.es\/index.php\/2025\/05\/15\/la-casa-del-artesano-acoge-la-exposicion-de-orfebreria-homenaje-al-maestro-lorquino-andres-barnes-sanchez-fortun\/#primaryimage"},"thumbnailUrl":"https:\/\/arealorcaradio.es\/wp-content\/uploads\/2025\/05\/foto4-6.jpeg","articleSection":["ACTUALIDAD","LORCA"],"inLanguage":"es","potentialAction":[{"@type":"CommentAction","name":"Comment","target":["https:\/\/arealorcaradio.es\/index.php\/2025\/05\/15\/la-casa-del-artesano-acoge-la-exposicion-de-orfebreria-homenaje-al-maestro-lorquino-andres-barnes-sanchez-fortun\/#respond"]}]},{"@type":"WebPage","@id":"https:\/\/arealorcaradio.es\/index.php\/2025\/05\/15\/la-casa-del-artesano-acoge-la-exposicion-de-orfebreria-homenaje-al-maestro-lorquino-andres-barnes-sanchez-fortun\/","url":"https:\/\/arealorcaradio.es\/index.php\/2025\/05\/15\/la-casa-del-artesano-acoge-la-exposicion-de-orfebreria-homenaje-al-maestro-lorquino-andres-barnes-sanchez-fortun\/","name":"La Casa del Artesano acoge la exposici\u00f3n de orfebrer\u00eda homenaje al maestro lorquino Andr\u00e9s Barn\u00e9s S\u00e1nchez-Fort\u00fan - AREA LORCA RADIO","isPartOf":{"@id":"https:\/\/arealorcaradio.es\/#website"},"primaryImageOfPage":{"@id":"https:\/\/arealorcaradio.es\/index.php\/2025\/05\/15\/la-casa-del-artesano-acoge-la-exposicion-de-orfebreria-homenaje-al-maestro-lorquino-andres-barnes-sanchez-fortun\/#primaryimage"},"image":{"@id":"https:\/\/arealorcaradio.es\/index.php\/2025\/05\/15\/la-casa-del-artesano-acoge-la-exposicion-de-orfebreria-homenaje-al-maestro-lorquino-andres-barnes-sanchez-fortun\/#primaryimage"},"thumbnailUrl":"https:\/\/arealorcaradio.es\/wp-content\/uploads\/2025\/05\/foto4-6.jpeg","datePublished":"2025-05-15T10:57:29+00:00","author":{"@id":"https:\/\/arealorcaradio.es\/#\/schema\/person\/9fae605fc25b0f2c83c1ab207139bd27"},"breadcrumb":{"@id":"https:\/\/arealorcaradio.es\/index.php\/2025\/05\/15\/la-casa-del-artesano-acoge-la-exposicion-de-orfebreria-homenaje-al-maestro-lorquino-andres-barnes-sanchez-fortun\/#breadcrumb"},"inLanguage":"es","potentialAction":[{"@type":"ReadAction","target":["https:\/\/arealorcaradio.es\/index.php\/2025\/05\/15\/la-casa-del-artesano-acoge-la-exposicion-de-orfebreria-homenaje-al-maestro-lorquino-andres-barnes-sanchez-fortun\/"]}]},{"@type":"ImageObject","inLanguage":"es","@id":"https:\/\/arealorcaradio.es\/index.php\/2025\/05\/15\/la-casa-del-artesano-acoge-la-exposicion-de-orfebreria-homenaje-al-maestro-lorquino-andres-barnes-sanchez-fortun\/#primaryimage","url":"https:\/\/arealorcaradio.es\/wp-content\/uploads\/2025\/05\/foto4-6.jpeg","contentUrl":"https:\/\/arealorcaradio.es\/wp-content\/uploads\/2025\/05\/foto4-6.jpeg","width":2048,"height":1536},{"@type":"BreadcrumbList","@id":"https:\/\/arealorcaradio.es\/index.php\/2025\/05\/15\/la-casa-del-artesano-acoge-la-exposicion-de-orfebreria-homenaje-al-maestro-lorquino-andres-barnes-sanchez-fortun\/#breadcrumb","itemListElement":[{"@type":"ListItem","position":1,"name":"Portada","item":"https:\/\/arealorcaradio.es\/"},{"@type":"ListItem","position":2,"name":"La Casa del Artesano acoge la exposici\u00f3n de orfebrer\u00eda homenaje al maestro lorquino Andr\u00e9s Barn\u00e9s S\u00e1nchez-Fort\u00fan"}]},{"@type":"WebSite","@id":"https:\/\/arealorcaradio.es\/#website","url":"https:\/\/arealorcaradio.es\/","name":"AREA LORCA RADIO","description":"Descubre la programaci\u00f3n actual en \u00c1rea Lorca Radio, tu fuente de entrenamiento y noticias locales. Sintoniza ahora y mantente conectado online.","potentialAction":[{"@type":"SearchAction","target":{"@type":"EntryPoint","urlTemplate":"https:\/\/arealorcaradio.es\/?s={search_term_string}"},"query-input":{"@type":"PropertyValueSpecification","valueRequired":true,"valueName":"search_term_string"}}],"inLanguage":"es"},{"@type":"Person","@id":"https:\/\/arealorcaradio.es\/#\/schema\/person\/9fae605fc25b0f2c83c1ab207139bd27","name":"Paco S\u00e1nchez","image":{"@type":"ImageObject","inLanguage":"es","@id":"https:\/\/secure.gravatar.com\/avatar\/d67144e966420fb74aa84c9f2a0103be4724fd14db52b52d3b6bca749f257e79?s=96&d=mm&r=g","url":"https:\/\/secure.gravatar.com\/avatar\/d67144e966420fb74aa84c9f2a0103be4724fd14db52b52d3b6bca749f257e79?s=96&d=mm&r=g","contentUrl":"https:\/\/secure.gravatar.com\/avatar\/d67144e966420fb74aa84c9f2a0103be4724fd14db52b52d3b6bca749f257e79?s=96&d=mm&r=g","caption":"Paco S\u00e1nchez"},"sameAs":["https:\/\/arealorcaradio.es"],"url":"https:\/\/arealorcaradio.es\/index.php\/author\/admin_alorcaradio\/"}]}},"_links":{"self":[{"href":"https:\/\/arealorcaradio.es\/index.php\/wp-json\/wp\/v2\/posts\/6573","targetHints":{"allow":["GET"]}}],"collection":[{"href":"https:\/\/arealorcaradio.es\/index.php\/wp-json\/wp\/v2\/posts"}],"about":[{"href":"https:\/\/arealorcaradio.es\/index.php\/wp-json\/wp\/v2\/types\/post"}],"author":[{"embeddable":true,"href":"https:\/\/arealorcaradio.es\/index.php\/wp-json\/wp\/v2\/users\/1"}],"replies":[{"embeddable":true,"href":"https:\/\/arealorcaradio.es\/index.php\/wp-json\/wp\/v2\/comments?post=6573"}],"version-history":[{"count":1,"href":"https:\/\/arealorcaradio.es\/index.php\/wp-json\/wp\/v2\/posts\/6573\/revisions"}],"predecessor-version":[{"id":6579,"href":"https:\/\/arealorcaradio.es\/index.php\/wp-json\/wp\/v2\/posts\/6573\/revisions\/6579"}],"wp:featuredmedia":[{"embeddable":true,"href":"https:\/\/arealorcaradio.es\/index.php\/wp-json\/wp\/v2\/media\/6578"}],"wp:attachment":[{"href":"https:\/\/arealorcaradio.es\/index.php\/wp-json\/wp\/v2\/media?parent=6573"}],"wp:term":[{"taxonomy":"category","embeddable":true,"href":"https:\/\/arealorcaradio.es\/index.php\/wp-json\/wp\/v2\/categories?post=6573"},{"taxonomy":"post_tag","embeddable":true,"href":"https:\/\/arealorcaradio.es\/index.php\/wp-json\/wp\/v2\/tags?post=6573"}],"curies":[{"name":"wp","href":"https:\/\/api.w.org\/{rel}","templated":true}]}}