{"id":6486,"date":"2025-05-09T16:59:45","date_gmt":"2025-05-09T16:59:45","guid":{"rendered":"https:\/\/arealorcaradio.es\/?p=6486"},"modified":"2025-05-09T16:59:45","modified_gmt":"2025-05-09T16:59:45","slug":"sebas-lopez-hemos-conseguido-lograr-un-ascenso-muy-importante-para-lorca-gracias-al-trabajo-de-los-jugadores-cuerpo-tecnico-y-la-ilusion-de-los-duenos","status":"publish","type":"post","link":"https:\/\/arealorcaradio.es\/index.php\/2025\/05\/09\/sebas-lopez-hemos-conseguido-lograr-un-ascenso-muy-importante-para-lorca-gracias-al-trabajo-de-los-jugadores-cuerpo-tecnico-y-la-ilusion-de-los-duenos\/","title":{"rendered":"Sebas L\u00f3pez: \u00abHemos conseguido lograr un ascenso muy importante para Lorca gracias al trabajo de los jugadores, cuerpo t\u00e9cnico y la ilusi\u00f3n de los due\u00f1os\u00bb"},"content":{"rendered":"<p><strong>\u00c1REA LORCA RADIO. Deportes.<\/strong><\/p>\n<p>Este viernes nos acompa\u00f1aba en el estudio de \u00c1rea Lorca Radio el t\u00e9cnico Sebas L\u00f3pez, qui\u00e9n ha hecho balance de la temporada desde su llegada al Lorca Deportiva que a falta de una jornada ya es campe\u00f3n y equipo de Segunda RFEF. Escucha aqu\u00ed la entrevista que ha concedido Sebas L\u00f3pez a Paco S\u00e1nchez.<\/p>\n<audio class=\"wp-audio-shortcode\" id=\"audio-6486-1\" preload=\"none\" style=\"width: 100%;\" controls=\"controls\"><source type=\"audio\/mpeg\" src=\"https:\/\/arealorcaradio.es\/wp-content\/uploads\/2025\/05\/090525-SEBAS-LOPEZ.-ESTUDIO-BALANCE-TEMPORADA.mp3?_=1\" \/><a href=\"https:\/\/arealorcaradio.es\/wp-content\/uploads\/2025\/05\/090525-SEBAS-LOPEZ.-ESTUDIO-BALANCE-TEMPORADA.mp3\">https:\/\/arealorcaradio.es\/wp-content\/uploads\/2025\/05\/090525-SEBAS-LOPEZ.-ESTUDIO-BALANCE-TEMPORADA.mp3<\/a><\/audio>\n<p><img loading=\"lazy\" decoding=\"async\" class=\"alignnone size-medium wp-image-6488\" src=\"https:\/\/arealorcaradio.es\/wp-content\/uploads\/2025\/05\/20250509_095847-300x225.jpg\" alt=\"\" width=\"300\" height=\"225\" srcset=\"https:\/\/arealorcaradio.es\/wp-content\/uploads\/2025\/05\/20250509_095847-300x225.jpg 300w, https:\/\/arealorcaradio.es\/wp-content\/uploads\/2025\/05\/20250509_095847-1024x768.jpg 1024w, https:\/\/arealorcaradio.es\/wp-content\/uploads\/2025\/05\/20250509_095847-768x576.jpg 768w, https:\/\/arealorcaradio.es\/wp-content\/uploads\/2025\/05\/20250509_095847-1536x1152.jpg 1536w, https:\/\/arealorcaradio.es\/wp-content\/uploads\/2025\/05\/20250509_095847-2048x1536.jpg 2048w, https:\/\/arealorcaradio.es\/wp-content\/uploads\/2025\/05\/20250509_095847-86x64.jpg 86w\" sizes=\"auto, (max-width: 300px) 100vw, 300px\" \/> \u00a0<img loading=\"lazy\" decoding=\"async\" class=\"alignnone size-medium wp-image-6489\" src=\"https:\/\/arealorcaradio.es\/wp-content\/uploads\/2025\/05\/20250509_095740-300x225.jpg\" alt=\"\" width=\"300\" height=\"225\" srcset=\"https:\/\/arealorcaradio.es\/wp-content\/uploads\/2025\/05\/20250509_095740-300x225.jpg 300w, https:\/\/arealorcaradio.es\/wp-content\/uploads\/2025\/05\/20250509_095740-1024x768.jpg 1024w, https:\/\/arealorcaradio.es\/wp-content\/uploads\/2025\/05\/20250509_095740-768x576.jpg 768w, https:\/\/arealorcaradio.es\/wp-content\/uploads\/2025\/05\/20250509_095740-1536x1152.jpg 1536w, https:\/\/arealorcaradio.es\/wp-content\/uploads\/2025\/05\/20250509_095740-2048x1536.jpg 2048w, https:\/\/arealorcaradio.es\/wp-content\/uploads\/2025\/05\/20250509_095740-86x64.jpg 86w\" sizes=\"auto, (max-width: 300px) 100vw, 300px\" \/><\/p>\n","protected":false},"excerpt":{"rendered":"<p>\u00c1REA LORCA RADIO. Deportes. Este viernes nos acompa\u00f1aba en el estudio de \u00c1rea Lorca Radio el t\u00e9cnico Sebas L\u00f3pez, qui\u00e9n ha hecho balance de la temporada desde su llegada al Lorca Deportiva que a falta de una jornada ya es campe\u00f3n y equipo de Segunda RFEF. Escucha aqu\u00ed la entrevista que ha concedido Sebas L\u00f3pez [&hellip;]<\/p>\n","protected":false},"author":1,"featured_media":6488,"comment_status":"open","ping_status":"open","sticky":false,"template":"","format":"standard","meta":{"iawp_total_views":95,"footnotes":""},"categories":[4,7],"tags":[],"class_list":["post-6486","post","type-post","status-publish","format-standard","has-post-thumbnail","hentry","category-deportes","category-lorca"],"yoast_head":"<!-- This site is optimized with the Yoast SEO plugin v27.5 - https:\/\/yoast.com\/product\/yoast-seo-wordpress\/ -->\n<title>Sebas L\u00f3pez: &quot;Hemos conseguido lograr un ascenso muy importante para Lorca gracias al trabajo de los jugadores, cuerpo t\u00e9cnico y la ilusi\u00f3n de los due\u00f1os&quot; - AREA LORCA RADIO<\/title>\n<meta name=\"robots\" content=\"index, follow, max-snippet:-1, max-image-preview:large, max-video-preview:-1\" \/>\n<link rel=\"canonical\" href=\"https:\/\/arealorcaradio.es\/index.php\/2025\/05\/09\/sebas-lopez-hemos-conseguido-lograr-un-ascenso-muy-importante-para-lorca-gracias-al-trabajo-de-los-jugadores-cuerpo-tecnico-y-la-ilusion-de-los-duenos\/\" \/>\n<meta property=\"og:locale\" content=\"es_ES\" \/>\n<meta property=\"og:type\" content=\"article\" \/>\n<meta property=\"og:title\" content=\"Sebas L\u00f3pez: &quot;Hemos conseguido lograr un ascenso muy importante para Lorca gracias al trabajo de los jugadores, cuerpo t\u00e9cnico y la ilusi\u00f3n de los due\u00f1os&quot; - AREA LORCA RADIO\" \/>\n<meta property=\"og:description\" content=\"\u00c1REA LORCA RADIO. Deportes. Este viernes nos acompa\u00f1aba en el estudio de \u00c1rea Lorca Radio el t\u00e9cnico Sebas L\u00f3pez, qui\u00e9n ha hecho balance de la temporada desde su llegada al Lorca Deportiva que a falta de una jornada ya es campe\u00f3n y equipo de Segunda RFEF. Escucha aqu\u00ed la entrevista que ha concedido Sebas L\u00f3pez [&hellip;]\" \/>\n<meta property=\"og:url\" content=\"https:\/\/arealorcaradio.es\/index.php\/2025\/05\/09\/sebas-lopez-hemos-conseguido-lograr-un-ascenso-muy-importante-para-lorca-gracias-al-trabajo-de-los-jugadores-cuerpo-tecnico-y-la-ilusion-de-los-duenos\/\" \/>\n<meta property=\"og:site_name\" content=\"AREA LORCA RADIO\" \/>\n<meta property=\"article:published_time\" content=\"2025-05-09T16:59:45+00:00\" \/>\n<meta property=\"og:image\" content=\"https:\/\/arealorcaradio.es\/wp-content\/uploads\/2025\/05\/20250509_095847-scaled.jpg\" \/>\n\t<meta property=\"og:image:width\" content=\"2560\" \/>\n\t<meta property=\"og:image:height\" content=\"1920\" \/>\n\t<meta property=\"og:image:type\" content=\"image\/jpeg\" \/>\n<meta name=\"author\" content=\"Paco S\u00e1nchez\" \/>\n<meta name=\"twitter:card\" content=\"summary_large_image\" \/>\n<meta name=\"twitter:label1\" content=\"Escrito por\" \/>\n\t<meta name=\"twitter:data1\" content=\"Paco S\u00e1nchez\" \/>\n\t<meta name=\"twitter:label2\" content=\"Tiempo de lectura\" \/>\n\t<meta name=\"twitter:data2\" content=\"1 minuto\" \/>\n<script type=\"application\/ld+json\" class=\"yoast-schema-graph\">{\"@context\":\"https:\\\/\\\/schema.org\",\"@graph\":[{\"@type\":\"Article\",\"@id\":\"https:\\\/\\\/arealorcaradio.es\\\/index.php\\\/2025\\\/05\\\/09\\\/sebas-lopez-hemos-conseguido-lograr-un-ascenso-muy-importante-para-lorca-gracias-al-trabajo-de-los-jugadores-cuerpo-tecnico-y-la-ilusion-de-los-duenos\\\/#article\",\"isPartOf\":{\"@id\":\"https:\\\/\\\/arealorcaradio.es\\\/index.php\\\/2025\\\/05\\\/09\\\/sebas-lopez-hemos-conseguido-lograr-un-ascenso-muy-importante-para-lorca-gracias-al-trabajo-de-los-jugadores-cuerpo-tecnico-y-la-ilusion-de-los-duenos\\\/\"},\"author\":{\"name\":\"Paco S\u00e1nchez\",\"@id\":\"https:\\\/\\\/arealorcaradio.es\\\/#\\\/schema\\\/person\\\/9fae605fc25b0f2c83c1ab207139bd27\"},\"headline\":\"Sebas L\u00f3pez: \u00abHemos conseguido lograr un ascenso muy importante para Lorca gracias al trabajo de los jugadores, cuerpo t\u00e9cnico y la ilusi\u00f3n de los due\u00f1os\u00bb\",\"datePublished\":\"2025-05-09T16:59:45+00:00\",\"mainEntityOfPage\":{\"@id\":\"https:\\\/\\\/arealorcaradio.es\\\/index.php\\\/2025\\\/05\\\/09\\\/sebas-lopez-hemos-conseguido-lograr-un-ascenso-muy-importante-para-lorca-gracias-al-trabajo-de-los-jugadores-cuerpo-tecnico-y-la-ilusion-de-los-duenos\\\/\"},\"wordCount\":105,\"commentCount\":0,\"image\":{\"@id\":\"https:\\\/\\\/arealorcaradio.es\\\/index.php\\\/2025\\\/05\\\/09\\\/sebas-lopez-hemos-conseguido-lograr-un-ascenso-muy-importante-para-lorca-gracias-al-trabajo-de-los-jugadores-cuerpo-tecnico-y-la-ilusion-de-los-duenos\\\/#primaryimage\"},\"thumbnailUrl\":\"https:\\\/\\\/arealorcaradio.es\\\/wp-content\\\/uploads\\\/2025\\\/05\\\/20250509_095847-scaled.jpg\",\"articleSection\":[\"DEPORTES\",\"LORCA\"],\"inLanguage\":\"es\",\"potentialAction\":[{\"@type\":\"CommentAction\",\"name\":\"Comment\",\"target\":[\"https:\\\/\\\/arealorcaradio.es\\\/index.php\\\/2025\\\/05\\\/09\\\/sebas-lopez-hemos-conseguido-lograr-un-ascenso-muy-importante-para-lorca-gracias-al-trabajo-de-los-jugadores-cuerpo-tecnico-y-la-ilusion-de-los-duenos\\\/#respond\"]}]},{\"@type\":\"WebPage\",\"@id\":\"https:\\\/\\\/arealorcaradio.es\\\/index.php\\\/2025\\\/05\\\/09\\\/sebas-lopez-hemos-conseguido-lograr-un-ascenso-muy-importante-para-lorca-gracias-al-trabajo-de-los-jugadores-cuerpo-tecnico-y-la-ilusion-de-los-duenos\\\/\",\"url\":\"https:\\\/\\\/arealorcaradio.es\\\/index.php\\\/2025\\\/05\\\/09\\\/sebas-lopez-hemos-conseguido-lograr-un-ascenso-muy-importante-para-lorca-gracias-al-trabajo-de-los-jugadores-cuerpo-tecnico-y-la-ilusion-de-los-duenos\\\/\",\"name\":\"Sebas L\u00f3pez: \\\"Hemos conseguido lograr un ascenso muy importante para Lorca gracias al trabajo de los jugadores, cuerpo t\u00e9cnico y la ilusi\u00f3n de los due\u00f1os\\\" - AREA LORCA RADIO\",\"isPartOf\":{\"@id\":\"https:\\\/\\\/arealorcaradio.es\\\/#website\"},\"primaryImageOfPage\":{\"@id\":\"https:\\\/\\\/arealorcaradio.es\\\/index.php\\\/2025\\\/05\\\/09\\\/sebas-lopez-hemos-conseguido-lograr-un-ascenso-muy-importante-para-lorca-gracias-al-trabajo-de-los-jugadores-cuerpo-tecnico-y-la-ilusion-de-los-duenos\\\/#primaryimage\"},\"image\":{\"@id\":\"https:\\\/\\\/arealorcaradio.es\\\/index.php\\\/2025\\\/05\\\/09\\\/sebas-lopez-hemos-conseguido-lograr-un-ascenso-muy-importante-para-lorca-gracias-al-trabajo-de-los-jugadores-cuerpo-tecnico-y-la-ilusion-de-los-duenos\\\/#primaryimage\"},\"thumbnailUrl\":\"https:\\\/\\\/arealorcaradio.es\\\/wp-content\\\/uploads\\\/2025\\\/05\\\/20250509_095847-scaled.jpg\",\"datePublished\":\"2025-05-09T16:59:45+00:00\",\"author\":{\"@id\":\"https:\\\/\\\/arealorcaradio.es\\\/#\\\/schema\\\/person\\\/9fae605fc25b0f2c83c1ab207139bd27\"},\"breadcrumb\":{\"@id\":\"https:\\\/\\\/arealorcaradio.es\\\/index.php\\\/2025\\\/05\\\/09\\\/sebas-lopez-hemos-conseguido-lograr-un-ascenso-muy-importante-para-lorca-gracias-al-trabajo-de-los-jugadores-cuerpo-tecnico-y-la-ilusion-de-los-duenos\\\/#breadcrumb\"},\"inLanguage\":\"es\",\"potentialAction\":[{\"@type\":\"ReadAction\",\"target\":[\"https:\\\/\\\/arealorcaradio.es\\\/index.php\\\/2025\\\/05\\\/09\\\/sebas-lopez-hemos-conseguido-lograr-un-ascenso-muy-importante-para-lorca-gracias-al-trabajo-de-los-jugadores-cuerpo-tecnico-y-la-ilusion-de-los-duenos\\\/\"]}]},{\"@type\":\"ImageObject\",\"inLanguage\":\"es\",\"@id\":\"https:\\\/\\\/arealorcaradio.es\\\/index.php\\\/2025\\\/05\\\/09\\\/sebas-lopez-hemos-conseguido-lograr-un-ascenso-muy-importante-para-lorca-gracias-al-trabajo-de-los-jugadores-cuerpo-tecnico-y-la-ilusion-de-los-duenos\\\/#primaryimage\",\"url\":\"https:\\\/\\\/arealorcaradio.es\\\/wp-content\\\/uploads\\\/2025\\\/05\\\/20250509_095847-scaled.jpg\",\"contentUrl\":\"https:\\\/\\\/arealorcaradio.es\\\/wp-content\\\/uploads\\\/2025\\\/05\\\/20250509_095847-scaled.jpg\",\"width\":2560,\"height\":1920},{\"@type\":\"BreadcrumbList\",\"@id\":\"https:\\\/\\\/arealorcaradio.es\\\/index.php\\\/2025\\\/05\\\/09\\\/sebas-lopez-hemos-conseguido-lograr-un-ascenso-muy-importante-para-lorca-gracias-al-trabajo-de-los-jugadores-cuerpo-tecnico-y-la-ilusion-de-los-duenos\\\/#breadcrumb\",\"itemListElement\":[{\"@type\":\"ListItem\",\"position\":1,\"name\":\"Portada\",\"item\":\"https:\\\/\\\/arealorcaradio.es\\\/\"},{\"@type\":\"ListItem\",\"position\":2,\"name\":\"Sebas L\u00f3pez: \u00abHemos conseguido lograr un ascenso muy importante para Lorca gracias al trabajo de los jugadores, cuerpo t\u00e9cnico y la ilusi\u00f3n de los due\u00f1os\u00bb\"}]},{\"@type\":\"WebSite\",\"@id\":\"https:\\\/\\\/arealorcaradio.es\\\/#website\",\"url\":\"https:\\\/\\\/arealorcaradio.es\\\/\",\"name\":\"AREA LORCA RADIO\",\"description\":\"Descubre la programaci\u00f3n actual en \u00c1rea Lorca Radio, tu fuente de entrenamiento y noticias locales. Sintoniza ahora y mantente conectado online.\",\"potentialAction\":[{\"@type\":\"SearchAction\",\"target\":{\"@type\":\"EntryPoint\",\"urlTemplate\":\"https:\\\/\\\/arealorcaradio.es\\\/?s={search_term_string}\"},\"query-input\":{\"@type\":\"PropertyValueSpecification\",\"valueRequired\":true,\"valueName\":\"search_term_string\"}}],\"inLanguage\":\"es\"},{\"@type\":\"Person\",\"@id\":\"https:\\\/\\\/arealorcaradio.es\\\/#\\\/schema\\\/person\\\/9fae605fc25b0f2c83c1ab207139bd27\",\"name\":\"Paco S\u00e1nchez\",\"image\":{\"@type\":\"ImageObject\",\"inLanguage\":\"es\",\"@id\":\"https:\\\/\\\/secure.gravatar.com\\\/avatar\\\/d67144e966420fb74aa84c9f2a0103be4724fd14db52b52d3b6bca749f257e79?s=96&d=mm&r=g\",\"url\":\"https:\\\/\\\/secure.gravatar.com\\\/avatar\\\/d67144e966420fb74aa84c9f2a0103be4724fd14db52b52d3b6bca749f257e79?s=96&d=mm&r=g\",\"contentUrl\":\"https:\\\/\\\/secure.gravatar.com\\\/avatar\\\/d67144e966420fb74aa84c9f2a0103be4724fd14db52b52d3b6bca749f257e79?s=96&d=mm&r=g\",\"caption\":\"Paco S\u00e1nchez\"},\"sameAs\":[\"https:\\\/\\\/arealorcaradio.es\"],\"url\":\"https:\\\/\\\/arealorcaradio.es\\\/index.php\\\/author\\\/admin_alorcaradio\\\/\"}]}<\/script>\n<!-- \/ Yoast SEO plugin. -->","yoast_head_json":{"title":"Sebas L\u00f3pez: \"Hemos conseguido lograr un ascenso muy importante para Lorca gracias al trabajo de los jugadores, cuerpo t\u00e9cnico y la ilusi\u00f3n de los due\u00f1os\" - AREA LORCA RADIO","robots":{"index":"index","follow":"follow","max-snippet":"max-snippet:-1","max-image-preview":"max-image-preview:large","max-video-preview":"max-video-preview:-1"},"canonical":"https:\/\/arealorcaradio.es\/index.php\/2025\/05\/09\/sebas-lopez-hemos-conseguido-lograr-un-ascenso-muy-importante-para-lorca-gracias-al-trabajo-de-los-jugadores-cuerpo-tecnico-y-la-ilusion-de-los-duenos\/","og_locale":"es_ES","og_type":"article","og_title":"Sebas L\u00f3pez: \"Hemos conseguido lograr un ascenso muy importante para Lorca gracias al trabajo de los jugadores, cuerpo t\u00e9cnico y la ilusi\u00f3n de los due\u00f1os\" - AREA LORCA RADIO","og_description":"\u00c1REA LORCA RADIO. Deportes. Este viernes nos acompa\u00f1aba en el estudio de \u00c1rea Lorca Radio el t\u00e9cnico Sebas L\u00f3pez, qui\u00e9n ha hecho balance de la temporada desde su llegada al Lorca Deportiva que a falta de una jornada ya es campe\u00f3n y equipo de Segunda RFEF. Escucha aqu\u00ed la entrevista que ha concedido Sebas L\u00f3pez [&hellip;]","og_url":"https:\/\/arealorcaradio.es\/index.php\/2025\/05\/09\/sebas-lopez-hemos-conseguido-lograr-un-ascenso-muy-importante-para-lorca-gracias-al-trabajo-de-los-jugadores-cuerpo-tecnico-y-la-ilusion-de-los-duenos\/","og_site_name":"AREA LORCA RADIO","article_published_time":"2025-05-09T16:59:45+00:00","og_image":[{"width":2560,"height":1920,"url":"https:\/\/arealorcaradio.es\/wp-content\/uploads\/2025\/05\/20250509_095847-scaled.jpg","type":"image\/jpeg"}],"author":"Paco S\u00e1nchez","twitter_card":"summary_large_image","twitter_misc":{"Escrito por":"Paco S\u00e1nchez","Tiempo de lectura":"1 minuto"},"schema":{"@context":"https:\/\/schema.org","@graph":[{"@type":"Article","@id":"https:\/\/arealorcaradio.es\/index.php\/2025\/05\/09\/sebas-lopez-hemos-conseguido-lograr-un-ascenso-muy-importante-para-lorca-gracias-al-trabajo-de-los-jugadores-cuerpo-tecnico-y-la-ilusion-de-los-duenos\/#article","isPartOf":{"@id":"https:\/\/arealorcaradio.es\/index.php\/2025\/05\/09\/sebas-lopez-hemos-conseguido-lograr-un-ascenso-muy-importante-para-lorca-gracias-al-trabajo-de-los-jugadores-cuerpo-tecnico-y-la-ilusion-de-los-duenos\/"},"author":{"name":"Paco S\u00e1nchez","@id":"https:\/\/arealorcaradio.es\/#\/schema\/person\/9fae605fc25b0f2c83c1ab207139bd27"},"headline":"Sebas L\u00f3pez: \u00abHemos conseguido lograr un ascenso muy importante para Lorca gracias al trabajo de los jugadores, cuerpo t\u00e9cnico y la ilusi\u00f3n de los due\u00f1os\u00bb","datePublished":"2025-05-09T16:59:45+00:00","mainEntityOfPage":{"@id":"https:\/\/arealorcaradio.es\/index.php\/2025\/05\/09\/sebas-lopez-hemos-conseguido-lograr-un-ascenso-muy-importante-para-lorca-gracias-al-trabajo-de-los-jugadores-cuerpo-tecnico-y-la-ilusion-de-los-duenos\/"},"wordCount":105,"commentCount":0,"image":{"@id":"https:\/\/arealorcaradio.es\/index.php\/2025\/05\/09\/sebas-lopez-hemos-conseguido-lograr-un-ascenso-muy-importante-para-lorca-gracias-al-trabajo-de-los-jugadores-cuerpo-tecnico-y-la-ilusion-de-los-duenos\/#primaryimage"},"thumbnailUrl":"https:\/\/arealorcaradio.es\/wp-content\/uploads\/2025\/05\/20250509_095847-scaled.jpg","articleSection":["DEPORTES","LORCA"],"inLanguage":"es","potentialAction":[{"@type":"CommentAction","name":"Comment","target":["https:\/\/arealorcaradio.es\/index.php\/2025\/05\/09\/sebas-lopez-hemos-conseguido-lograr-un-ascenso-muy-importante-para-lorca-gracias-al-trabajo-de-los-jugadores-cuerpo-tecnico-y-la-ilusion-de-los-duenos\/#respond"]}]},{"@type":"WebPage","@id":"https:\/\/arealorcaradio.es\/index.php\/2025\/05\/09\/sebas-lopez-hemos-conseguido-lograr-un-ascenso-muy-importante-para-lorca-gracias-al-trabajo-de-los-jugadores-cuerpo-tecnico-y-la-ilusion-de-los-duenos\/","url":"https:\/\/arealorcaradio.es\/index.php\/2025\/05\/09\/sebas-lopez-hemos-conseguido-lograr-un-ascenso-muy-importante-para-lorca-gracias-al-trabajo-de-los-jugadores-cuerpo-tecnico-y-la-ilusion-de-los-duenos\/","name":"Sebas L\u00f3pez: \"Hemos conseguido lograr un ascenso muy importante para Lorca gracias al trabajo de los jugadores, cuerpo t\u00e9cnico y la ilusi\u00f3n de los due\u00f1os\" - AREA LORCA RADIO","isPartOf":{"@id":"https:\/\/arealorcaradio.es\/#website"},"primaryImageOfPage":{"@id":"https:\/\/arealorcaradio.es\/index.php\/2025\/05\/09\/sebas-lopez-hemos-conseguido-lograr-un-ascenso-muy-importante-para-lorca-gracias-al-trabajo-de-los-jugadores-cuerpo-tecnico-y-la-ilusion-de-los-duenos\/#primaryimage"},"image":{"@id":"https:\/\/arealorcaradio.es\/index.php\/2025\/05\/09\/sebas-lopez-hemos-conseguido-lograr-un-ascenso-muy-importante-para-lorca-gracias-al-trabajo-de-los-jugadores-cuerpo-tecnico-y-la-ilusion-de-los-duenos\/#primaryimage"},"thumbnailUrl":"https:\/\/arealorcaradio.es\/wp-content\/uploads\/2025\/05\/20250509_095847-scaled.jpg","datePublished":"2025-05-09T16:59:45+00:00","author":{"@id":"https:\/\/arealorcaradio.es\/#\/schema\/person\/9fae605fc25b0f2c83c1ab207139bd27"},"breadcrumb":{"@id":"https:\/\/arealorcaradio.es\/index.php\/2025\/05\/09\/sebas-lopez-hemos-conseguido-lograr-un-ascenso-muy-importante-para-lorca-gracias-al-trabajo-de-los-jugadores-cuerpo-tecnico-y-la-ilusion-de-los-duenos\/#breadcrumb"},"inLanguage":"es","potentialAction":[{"@type":"ReadAction","target":["https:\/\/arealorcaradio.es\/index.php\/2025\/05\/09\/sebas-lopez-hemos-conseguido-lograr-un-ascenso-muy-importante-para-lorca-gracias-al-trabajo-de-los-jugadores-cuerpo-tecnico-y-la-ilusion-de-los-duenos\/"]}]},{"@type":"ImageObject","inLanguage":"es","@id":"https:\/\/arealorcaradio.es\/index.php\/2025\/05\/09\/sebas-lopez-hemos-conseguido-lograr-un-ascenso-muy-importante-para-lorca-gracias-al-trabajo-de-los-jugadores-cuerpo-tecnico-y-la-ilusion-de-los-duenos\/#primaryimage","url":"https:\/\/arealorcaradio.es\/wp-content\/uploads\/2025\/05\/20250509_095847-scaled.jpg","contentUrl":"https:\/\/arealorcaradio.es\/wp-content\/uploads\/2025\/05\/20250509_095847-scaled.jpg","width":2560,"height":1920},{"@type":"BreadcrumbList","@id":"https:\/\/arealorcaradio.es\/index.php\/2025\/05\/09\/sebas-lopez-hemos-conseguido-lograr-un-ascenso-muy-importante-para-lorca-gracias-al-trabajo-de-los-jugadores-cuerpo-tecnico-y-la-ilusion-de-los-duenos\/#breadcrumb","itemListElement":[{"@type":"ListItem","position":1,"name":"Portada","item":"https:\/\/arealorcaradio.es\/"},{"@type":"ListItem","position":2,"name":"Sebas L\u00f3pez: \u00abHemos conseguido lograr un ascenso muy importante para Lorca gracias al trabajo de los jugadores, cuerpo t\u00e9cnico y la ilusi\u00f3n de los due\u00f1os\u00bb"}]},{"@type":"WebSite","@id":"https:\/\/arealorcaradio.es\/#website","url":"https:\/\/arealorcaradio.es\/","name":"AREA LORCA RADIO","description":"Descubre la programaci\u00f3n actual en \u00c1rea Lorca Radio, tu fuente de entrenamiento y noticias locales. Sintoniza ahora y mantente conectado online.","potentialAction":[{"@type":"SearchAction","target":{"@type":"EntryPoint","urlTemplate":"https:\/\/arealorcaradio.es\/?s={search_term_string}"},"query-input":{"@type":"PropertyValueSpecification","valueRequired":true,"valueName":"search_term_string"}}],"inLanguage":"es"},{"@type":"Person","@id":"https:\/\/arealorcaradio.es\/#\/schema\/person\/9fae605fc25b0f2c83c1ab207139bd27","name":"Paco S\u00e1nchez","image":{"@type":"ImageObject","inLanguage":"es","@id":"https:\/\/secure.gravatar.com\/avatar\/d67144e966420fb74aa84c9f2a0103be4724fd14db52b52d3b6bca749f257e79?s=96&d=mm&r=g","url":"https:\/\/secure.gravatar.com\/avatar\/d67144e966420fb74aa84c9f2a0103be4724fd14db52b52d3b6bca749f257e79?s=96&d=mm&r=g","contentUrl":"https:\/\/secure.gravatar.com\/avatar\/d67144e966420fb74aa84c9f2a0103be4724fd14db52b52d3b6bca749f257e79?s=96&d=mm&r=g","caption":"Paco S\u00e1nchez"},"sameAs":["https:\/\/arealorcaradio.es"],"url":"https:\/\/arealorcaradio.es\/index.php\/author\/admin_alorcaradio\/"}]}},"_links":{"self":[{"href":"https:\/\/arealorcaradio.es\/index.php\/wp-json\/wp\/v2\/posts\/6486","targetHints":{"allow":["GET"]}}],"collection":[{"href":"https:\/\/arealorcaradio.es\/index.php\/wp-json\/wp\/v2\/posts"}],"about":[{"href":"https:\/\/arealorcaradio.es\/index.php\/wp-json\/wp\/v2\/types\/post"}],"author":[{"embeddable":true,"href":"https:\/\/arealorcaradio.es\/index.php\/wp-json\/wp\/v2\/users\/1"}],"replies":[{"embeddable":true,"href":"https:\/\/arealorcaradio.es\/index.php\/wp-json\/wp\/v2\/comments?post=6486"}],"version-history":[{"count":3,"href":"https:\/\/arealorcaradio.es\/index.php\/wp-json\/wp\/v2\/posts\/6486\/revisions"}],"predecessor-version":[{"id":6492,"href":"https:\/\/arealorcaradio.es\/index.php\/wp-json\/wp\/v2\/posts\/6486\/revisions\/6492"}],"wp:featuredmedia":[{"embeddable":true,"href":"https:\/\/arealorcaradio.es\/index.php\/wp-json\/wp\/v2\/media\/6488"}],"wp:attachment":[{"href":"https:\/\/arealorcaradio.es\/index.php\/wp-json\/wp\/v2\/media?parent=6486"}],"wp:term":[{"taxonomy":"category","embeddable":true,"href":"https:\/\/arealorcaradio.es\/index.php\/wp-json\/wp\/v2\/categories?post=6486"},{"taxonomy":"post_tag","embeddable":true,"href":"https:\/\/arealorcaradio.es\/index.php\/wp-json\/wp\/v2\/tags?post=6486"}],"curies":[{"name":"wp","href":"https:\/\/api.w.org\/{rel}","templated":true}]}}