{"id":6458,"date":"2025-05-08T17:06:09","date_gmt":"2025-05-08T17:06:09","guid":{"rendered":"https:\/\/arealorcaradio.es\/?p=6458"},"modified":"2025-05-08T17:06:09","modified_gmt":"2025-05-08T17:06:09","slug":"el-hospital-rafael-mendez-y-el-campus-universitario-de-lorca-acogen-una-jornada-de-donacion-de-medula-osea-con-motivo-del-dia-regional-del-donante-de-organos","status":"publish","type":"post","link":"https:\/\/arealorcaradio.es\/index.php\/2025\/05\/08\/el-hospital-rafael-mendez-y-el-campus-universitario-de-lorca-acogen-una-jornada-de-donacion-de-medula-osea-con-motivo-del-dia-regional-del-donante-de-organos\/","title":{"rendered":"El Hospital Rafael M\u00e9ndez y el Campus Universitario de Lorca acogen una jornada de donaci\u00f3n de m\u00e9dula \u00f3sea con motivo del D\u00eda Regional del Donante de \u00d3rganos"},"content":{"rendered":"<p><strong>\u00c1REA LORCA RADIO. Sanidad y Solidaridad.<\/strong><\/p>\n<p>Escucha aqu\u00ed la entrevista que ha concedido a Paco S\u00e1nchez en el programa magazine de \u00c1rea Lorca Radio, la coordinadora del Centro Regional de Hemodonaci\u00f3n, To\u00f1i G\u00f3mez, qui\u00e9n pide a los lorquinos y ciudadanos del Valle del Guadalent\u00edn que asistan el pr\u00f3ximo martes 13 de mayo a donar m\u00e9dula \u00f3sea.<\/p>\n<audio class=\"wp-audio-shortcode\" id=\"audio-6458-1\" preload=\"none\" style=\"width: 100%;\" controls=\"controls\"><source type=\"audio\/mpeg\" src=\"https:\/\/arealorcaradio.es\/wp-content\/uploads\/2025\/05\/080525-TONI-GOMEZ.-DONACION-MEDULA-OSEA.mp3?_=1\" \/><a href=\"https:\/\/arealorcaradio.es\/wp-content\/uploads\/2025\/05\/080525-TONI-GOMEZ.-DONACION-MEDULA-OSEA.mp3\">https:\/\/arealorcaradio.es\/wp-content\/uploads\/2025\/05\/080525-TONI-GOMEZ.-DONACION-MEDULA-OSEA.mp3<\/a><\/audio>\n<p class=\"v1MsoNormal\">\u00a0<img loading=\"lazy\" decoding=\"async\" class=\"alignnone size-medium wp-image-6464\" src=\"https:\/\/arealorcaradio.es\/wp-content\/uploads\/2025\/05\/FOTO1-11-230x300.jpeg\" alt=\"\" width=\"230\" height=\"300\" srcset=\"https:\/\/arealorcaradio.es\/wp-content\/uploads\/2025\/05\/FOTO1-11-230x300.jpeg 230w, https:\/\/arealorcaradio.es\/wp-content\/uploads\/2025\/05\/FOTO1-11.jpeg 634w\" sizes=\"auto, (max-width: 230px) 100vw, 230px\" \/> <img loading=\"lazy\" decoding=\"async\" class=\"alignnone size-medium wp-image-6465\" src=\"https:\/\/arealorcaradio.es\/wp-content\/uploads\/2025\/05\/FOTO3-9-300x300.jpeg\" alt=\"\" width=\"300\" height=\"300\" srcset=\"https:\/\/arealorcaradio.es\/wp-content\/uploads\/2025\/05\/FOTO3-9-300x300.jpeg 300w, https:\/\/arealorcaradio.es\/wp-content\/uploads\/2025\/05\/FOTO3-9-1024x1024.jpeg 1024w, https:\/\/arealorcaradio.es\/wp-content\/uploads\/2025\/05\/FOTO3-9-150x150.jpeg 150w, https:\/\/arealorcaradio.es\/wp-content\/uploads\/2025\/05\/FOTO3-9-768x768.jpeg 768w, https:\/\/arealorcaradio.es\/wp-content\/uploads\/2025\/05\/FOTO3-9-1536x1536.jpeg 1536w, https:\/\/arealorcaradio.es\/wp-content\/uploads\/2025\/05\/FOTO3-9.jpeg 1600w\" sizes=\"auto, (max-width: 300px) 100vw, 300px\" \/> <img loading=\"lazy\" decoding=\"async\" class=\"alignnone size-medium wp-image-6466\" src=\"https:\/\/arealorcaradio.es\/wp-content\/uploads\/2025\/05\/FOTO2-4-300x300.jpeg\" alt=\"\" width=\"300\" height=\"300\" srcset=\"https:\/\/arealorcaradio.es\/wp-content\/uploads\/2025\/05\/FOTO2-4-300x300.jpeg 300w, https:\/\/arealorcaradio.es\/wp-content\/uploads\/2025\/05\/FOTO2-4-1024x1024.jpeg 1024w, https:\/\/arealorcaradio.es\/wp-content\/uploads\/2025\/05\/FOTO2-4-150x150.jpeg 150w, https:\/\/arealorcaradio.es\/wp-content\/uploads\/2025\/05\/FOTO2-4-768x768.jpeg 768w, https:\/\/arealorcaradio.es\/wp-content\/uploads\/2025\/05\/FOTO2-4.jpeg 1080w\" sizes=\"auto, (max-width: 300px) 100vw, 300px\" \/> <img loading=\"lazy\" decoding=\"async\" class=\"alignnone size-medium wp-image-6463\" src=\"https:\/\/arealorcaradio.es\/wp-content\/uploads\/2025\/05\/IMG-20250508-WA0045-225x300.jpg\" alt=\"\" width=\"225\" height=\"300\" srcset=\"https:\/\/arealorcaradio.es\/wp-content\/uploads\/2025\/05\/IMG-20250508-WA0045-225x300.jpg 225w, https:\/\/arealorcaradio.es\/wp-content\/uploads\/2025\/05\/IMG-20250508-WA0045-768x1024.jpg 768w, https:\/\/arealorcaradio.es\/wp-content\/uploads\/2025\/05\/IMG-20250508-WA0045.jpg 960w\" sizes=\"auto, (max-width: 225px) 100vw, 225px\" \/><\/p>\n<p class=\"v1MsoNormal\">Dentro de los actos programados por el Gobierno regional, el Campus Universitario y el Hospital Rafael M\u00e9ndez de Lorca ser\u00e1n dos de los puntos habilitados para la extracci\u00f3n de muestras destinadas al registro de donantes de m\u00e9dula \u00f3sea.<\/p>\n<p class=\"v1MsoNormal\">Todos los lorquinos y aquellos ciudadanos del Valle del Guadalent\u00edn podr\u00e1n participar en esta iniciativa solidaria, destacando que es un llamamiento a los j\u00f3venes de entre 18 y 40 a\u00f1os para que se acerquen al Hospital o al Campus y se informen sobre c\u00f3mo ser donantes. Un simple gesto puede suponer una segunda oportunidad para muchas personas. Hacer &#8216;un match&#8217; es dar vida.<\/p>\n<p class=\"v1MsoNormal\">Hay que destacar el papel crucial que tiene la donaci\u00f3n en la lucha contra enfermedades graves, puesto que \u00abla donaci\u00f3n de \u00f3rganos y, especialmente, la de m\u00e9dula \u00f3sea, representa una esperanza real para miles de personas que esperan una segunda oportunidad. Muchas veces, encontrar un donante compatible es la \u00fanica alternativa de vida para pacientes con leucemia u otras enfermedades hematol\u00f3gicas. Donar m\u00e9dula es sencillo y puede cambiar el destino de una familia entera.<\/p>\n<p class=\"v1MsoNormal\">El punto de extracci\u00f3n estar\u00e1 ubicado en la\u00a0<strong>planta baja del Pabell\u00f3n A de la Facultad de Ciencias Sociosanitarias<\/strong>\u00a0y en el <strong>vest\u00edbulo del Hospital Rafael M\u00e9ndez<\/strong> y estar\u00e1 operativo <strong>de\u00a09:30 a 14 horas<\/strong>. La campa\u00f1a lleva por lema\u00a0\u00abUn match x una vida\u00bb, destacando as\u00ed la importancia de encontrar compatibilidades que pueden salvar vidas.<\/p>\n<p class=\"v1MsoNormal\">Este evento cuenta con la colaboraci\u00f3n de entidades como el Instituto Murciano de Investigaci\u00f3n Biosanitaria (IMIB), la Fundaci\u00f3n Josep Carreras, la Organizaci\u00f3n Nacional de Trasplantes (ONT), la Red de Donantes de M\u00e9dula \u00d3sea (REDMO), y la Consejer\u00eda de Salud de la Regi\u00f3n de Murcia, entre otros.<\/p>\n<p class=\"v1MsoNormal\">\n","protected":false},"excerpt":{"rendered":"<p>\u00c1REA LORCA RADIO. Sanidad y Solidaridad. Escucha aqu\u00ed la entrevista que ha concedido a Paco S\u00e1nchez en el programa magazine de \u00c1rea Lorca Radio, la coordinadora del Centro Regional de Hemodonaci\u00f3n, To\u00f1i G\u00f3mez, qui\u00e9n pide a los lorquinos y ciudadanos del Valle del Guadalent\u00edn que asistan el pr\u00f3ximo martes 13 de mayo a donar m\u00e9dula [&hellip;]<\/p>\n","protected":false},"author":1,"featured_media":6461,"comment_status":"open","ping_status":"open","sticky":false,"template":"","format":"standard","meta":{"iawp_total_views":7,"footnotes":""},"categories":[5,7],"tags":[],"class_list":["post-6458","post","type-post","status-publish","format-standard","has-post-thumbnail","hentry","category-actualidad","category-lorca"],"yoast_head":"<!-- This site is optimized with the Yoast SEO plugin v27.5 - https:\/\/yoast.com\/product\/yoast-seo-wordpress\/ -->\n<title>El Hospital Rafael M\u00e9ndez y el Campus Universitario de Lorca acogen una jornada de donaci\u00f3n de m\u00e9dula \u00f3sea con motivo del D\u00eda Regional del Donante de \u00d3rganos - AREA LORCA RADIO<\/title>\n<meta name=\"robots\" content=\"index, follow, max-snippet:-1, max-image-preview:large, max-video-preview:-1\" \/>\n<link rel=\"canonical\" href=\"https:\/\/arealorcaradio.es\/index.php\/2025\/05\/08\/el-hospital-rafael-mendez-y-el-campus-universitario-de-lorca-acogen-una-jornada-de-donacion-de-medula-osea-con-motivo-del-dia-regional-del-donante-de-organos\/\" \/>\n<meta property=\"og:locale\" content=\"es_ES\" \/>\n<meta property=\"og:type\" content=\"article\" \/>\n<meta property=\"og:title\" content=\"El Hospital Rafael M\u00e9ndez y el Campus Universitario de Lorca acogen una jornada de donaci\u00f3n de m\u00e9dula \u00f3sea con motivo del D\u00eda Regional del Donante de \u00d3rganos - AREA LORCA RADIO\" \/>\n<meta property=\"og:description\" content=\"\u00c1REA LORCA RADIO. Sanidad y Solidaridad. Escucha aqu\u00ed la entrevista que ha concedido a Paco S\u00e1nchez en el programa magazine de \u00c1rea Lorca Radio, la coordinadora del Centro Regional de Hemodonaci\u00f3n, To\u00f1i G\u00f3mez, qui\u00e9n pide a los lorquinos y ciudadanos del Valle del Guadalent\u00edn que asistan el pr\u00f3ximo martes 13 de mayo a donar m\u00e9dula [&hellip;]\" \/>\n<meta property=\"og:url\" content=\"https:\/\/arealorcaradio.es\/index.php\/2025\/05\/08\/el-hospital-rafael-mendez-y-el-campus-universitario-de-lorca-acogen-una-jornada-de-donacion-de-medula-osea-con-motivo-del-dia-regional-del-donante-de-organos\/\" \/>\n<meta property=\"og:site_name\" content=\"AREA LORCA RADIO\" \/>\n<meta property=\"article:published_time\" content=\"2025-05-08T17:06:09+00:00\" \/>\n<meta property=\"og:image\" content=\"https:\/\/arealorcaradio.es\/wp-content\/uploads\/2025\/05\/IMG-20250508-WA0044-1.jpg\" \/>\n\t<meta property=\"og:image:width\" content=\"1280\" \/>\n\t<meta property=\"og:image:height\" content=\"853\" \/>\n\t<meta property=\"og:image:type\" content=\"image\/jpeg\" \/>\n<meta name=\"author\" content=\"Paco S\u00e1nchez\" \/>\n<meta name=\"twitter:card\" content=\"summary_large_image\" \/>\n<meta name=\"twitter:label1\" content=\"Escrito por\" \/>\n\t<meta name=\"twitter:data1\" content=\"Paco S\u00e1nchez\" \/>\n\t<meta name=\"twitter:label2\" content=\"Tiempo de lectura\" \/>\n\t<meta name=\"twitter:data2\" content=\"3 minutos\" \/>\n<script type=\"application\/ld+json\" class=\"yoast-schema-graph\">{\"@context\":\"https:\\\/\\\/schema.org\",\"@graph\":[{\"@type\":\"Article\",\"@id\":\"https:\\\/\\\/arealorcaradio.es\\\/index.php\\\/2025\\\/05\\\/08\\\/el-hospital-rafael-mendez-y-el-campus-universitario-de-lorca-acogen-una-jornada-de-donacion-de-medula-osea-con-motivo-del-dia-regional-del-donante-de-organos\\\/#article\",\"isPartOf\":{\"@id\":\"https:\\\/\\\/arealorcaradio.es\\\/index.php\\\/2025\\\/05\\\/08\\\/el-hospital-rafael-mendez-y-el-campus-universitario-de-lorca-acogen-una-jornada-de-donacion-de-medula-osea-con-motivo-del-dia-regional-del-donante-de-organos\\\/\"},\"author\":{\"name\":\"Paco S\u00e1nchez\",\"@id\":\"https:\\\/\\\/arealorcaradio.es\\\/#\\\/schema\\\/person\\\/9fae605fc25b0f2c83c1ab207139bd27\"},\"headline\":\"El Hospital Rafael M\u00e9ndez y el Campus Universitario de Lorca acogen una jornada de donaci\u00f3n de m\u00e9dula \u00f3sea con motivo del D\u00eda Regional del Donante de \u00d3rganos\",\"datePublished\":\"2025-05-08T17:06:09+00:00\",\"mainEntityOfPage\":{\"@id\":\"https:\\\/\\\/arealorcaradio.es\\\/index.php\\\/2025\\\/05\\\/08\\\/el-hospital-rafael-mendez-y-el-campus-universitario-de-lorca-acogen-una-jornada-de-donacion-de-medula-osea-con-motivo-del-dia-regional-del-donante-de-organos\\\/\"},\"wordCount\":404,\"commentCount\":0,\"image\":{\"@id\":\"https:\\\/\\\/arealorcaradio.es\\\/index.php\\\/2025\\\/05\\\/08\\\/el-hospital-rafael-mendez-y-el-campus-universitario-de-lorca-acogen-una-jornada-de-donacion-de-medula-osea-con-motivo-del-dia-regional-del-donante-de-organos\\\/#primaryimage\"},\"thumbnailUrl\":\"https:\\\/\\\/arealorcaradio.es\\\/wp-content\\\/uploads\\\/2025\\\/05\\\/IMG-20250508-WA0044-1.jpg\",\"articleSection\":[\"ACTUALIDAD\",\"LORCA\"],\"inLanguage\":\"es\",\"potentialAction\":[{\"@type\":\"CommentAction\",\"name\":\"Comment\",\"target\":[\"https:\\\/\\\/arealorcaradio.es\\\/index.php\\\/2025\\\/05\\\/08\\\/el-hospital-rafael-mendez-y-el-campus-universitario-de-lorca-acogen-una-jornada-de-donacion-de-medula-osea-con-motivo-del-dia-regional-del-donante-de-organos\\\/#respond\"]}]},{\"@type\":\"WebPage\",\"@id\":\"https:\\\/\\\/arealorcaradio.es\\\/index.php\\\/2025\\\/05\\\/08\\\/el-hospital-rafael-mendez-y-el-campus-universitario-de-lorca-acogen-una-jornada-de-donacion-de-medula-osea-con-motivo-del-dia-regional-del-donante-de-organos\\\/\",\"url\":\"https:\\\/\\\/arealorcaradio.es\\\/index.php\\\/2025\\\/05\\\/08\\\/el-hospital-rafael-mendez-y-el-campus-universitario-de-lorca-acogen-una-jornada-de-donacion-de-medula-osea-con-motivo-del-dia-regional-del-donante-de-organos\\\/\",\"name\":\"El Hospital Rafael M\u00e9ndez y el Campus Universitario de Lorca acogen una jornada de donaci\u00f3n de m\u00e9dula \u00f3sea con motivo del D\u00eda Regional del Donante de \u00d3rganos - AREA LORCA RADIO\",\"isPartOf\":{\"@id\":\"https:\\\/\\\/arealorcaradio.es\\\/#website\"},\"primaryImageOfPage\":{\"@id\":\"https:\\\/\\\/arealorcaradio.es\\\/index.php\\\/2025\\\/05\\\/08\\\/el-hospital-rafael-mendez-y-el-campus-universitario-de-lorca-acogen-una-jornada-de-donacion-de-medula-osea-con-motivo-del-dia-regional-del-donante-de-organos\\\/#primaryimage\"},\"image\":{\"@id\":\"https:\\\/\\\/arealorcaradio.es\\\/index.php\\\/2025\\\/05\\\/08\\\/el-hospital-rafael-mendez-y-el-campus-universitario-de-lorca-acogen-una-jornada-de-donacion-de-medula-osea-con-motivo-del-dia-regional-del-donante-de-organos\\\/#primaryimage\"},\"thumbnailUrl\":\"https:\\\/\\\/arealorcaradio.es\\\/wp-content\\\/uploads\\\/2025\\\/05\\\/IMG-20250508-WA0044-1.jpg\",\"datePublished\":\"2025-05-08T17:06:09+00:00\",\"author\":{\"@id\":\"https:\\\/\\\/arealorcaradio.es\\\/#\\\/schema\\\/person\\\/9fae605fc25b0f2c83c1ab207139bd27\"},\"breadcrumb\":{\"@id\":\"https:\\\/\\\/arealorcaradio.es\\\/index.php\\\/2025\\\/05\\\/08\\\/el-hospital-rafael-mendez-y-el-campus-universitario-de-lorca-acogen-una-jornada-de-donacion-de-medula-osea-con-motivo-del-dia-regional-del-donante-de-organos\\\/#breadcrumb\"},\"inLanguage\":\"es\",\"potentialAction\":[{\"@type\":\"ReadAction\",\"target\":[\"https:\\\/\\\/arealorcaradio.es\\\/index.php\\\/2025\\\/05\\\/08\\\/el-hospital-rafael-mendez-y-el-campus-universitario-de-lorca-acogen-una-jornada-de-donacion-de-medula-osea-con-motivo-del-dia-regional-del-donante-de-organos\\\/\"]}]},{\"@type\":\"ImageObject\",\"inLanguage\":\"es\",\"@id\":\"https:\\\/\\\/arealorcaradio.es\\\/index.php\\\/2025\\\/05\\\/08\\\/el-hospital-rafael-mendez-y-el-campus-universitario-de-lorca-acogen-una-jornada-de-donacion-de-medula-osea-con-motivo-del-dia-regional-del-donante-de-organos\\\/#primaryimage\",\"url\":\"https:\\\/\\\/arealorcaradio.es\\\/wp-content\\\/uploads\\\/2025\\\/05\\\/IMG-20250508-WA0044-1.jpg\",\"contentUrl\":\"https:\\\/\\\/arealorcaradio.es\\\/wp-content\\\/uploads\\\/2025\\\/05\\\/IMG-20250508-WA0044-1.jpg\",\"width\":1280,\"height\":853},{\"@type\":\"BreadcrumbList\",\"@id\":\"https:\\\/\\\/arealorcaradio.es\\\/index.php\\\/2025\\\/05\\\/08\\\/el-hospital-rafael-mendez-y-el-campus-universitario-de-lorca-acogen-una-jornada-de-donacion-de-medula-osea-con-motivo-del-dia-regional-del-donante-de-organos\\\/#breadcrumb\",\"itemListElement\":[{\"@type\":\"ListItem\",\"position\":1,\"name\":\"Portada\",\"item\":\"https:\\\/\\\/arealorcaradio.es\\\/\"},{\"@type\":\"ListItem\",\"position\":2,\"name\":\"El Hospital Rafael M\u00e9ndez y el Campus Universitario de Lorca acogen una jornada de donaci\u00f3n de m\u00e9dula \u00f3sea con motivo del D\u00eda Regional del Donante de \u00d3rganos\"}]},{\"@type\":\"WebSite\",\"@id\":\"https:\\\/\\\/arealorcaradio.es\\\/#website\",\"url\":\"https:\\\/\\\/arealorcaradio.es\\\/\",\"name\":\"AREA LORCA RADIO\",\"description\":\"Descubre la programaci\u00f3n actual en \u00c1rea Lorca Radio, tu fuente de entrenamiento y noticias locales. Sintoniza ahora y mantente conectado online.\",\"potentialAction\":[{\"@type\":\"SearchAction\",\"target\":{\"@type\":\"EntryPoint\",\"urlTemplate\":\"https:\\\/\\\/arealorcaradio.es\\\/?s={search_term_string}\"},\"query-input\":{\"@type\":\"PropertyValueSpecification\",\"valueRequired\":true,\"valueName\":\"search_term_string\"}}],\"inLanguage\":\"es\"},{\"@type\":\"Person\",\"@id\":\"https:\\\/\\\/arealorcaradio.es\\\/#\\\/schema\\\/person\\\/9fae605fc25b0f2c83c1ab207139bd27\",\"name\":\"Paco S\u00e1nchez\",\"image\":{\"@type\":\"ImageObject\",\"inLanguage\":\"es\",\"@id\":\"https:\\\/\\\/secure.gravatar.com\\\/avatar\\\/d67144e966420fb74aa84c9f2a0103be4724fd14db52b52d3b6bca749f257e79?s=96&d=mm&r=g\",\"url\":\"https:\\\/\\\/secure.gravatar.com\\\/avatar\\\/d67144e966420fb74aa84c9f2a0103be4724fd14db52b52d3b6bca749f257e79?s=96&d=mm&r=g\",\"contentUrl\":\"https:\\\/\\\/secure.gravatar.com\\\/avatar\\\/d67144e966420fb74aa84c9f2a0103be4724fd14db52b52d3b6bca749f257e79?s=96&d=mm&r=g\",\"caption\":\"Paco S\u00e1nchez\"},\"sameAs\":[\"https:\\\/\\\/arealorcaradio.es\"],\"url\":\"https:\\\/\\\/arealorcaradio.es\\\/index.php\\\/author\\\/admin_alorcaradio\\\/\"}]}<\/script>\n<!-- \/ Yoast SEO plugin. -->","yoast_head_json":{"title":"El Hospital Rafael M\u00e9ndez y el Campus Universitario de Lorca acogen una jornada de donaci\u00f3n de m\u00e9dula \u00f3sea con motivo del D\u00eda Regional del Donante de \u00d3rganos - AREA LORCA RADIO","robots":{"index":"index","follow":"follow","max-snippet":"max-snippet:-1","max-image-preview":"max-image-preview:large","max-video-preview":"max-video-preview:-1"},"canonical":"https:\/\/arealorcaradio.es\/index.php\/2025\/05\/08\/el-hospital-rafael-mendez-y-el-campus-universitario-de-lorca-acogen-una-jornada-de-donacion-de-medula-osea-con-motivo-del-dia-regional-del-donante-de-organos\/","og_locale":"es_ES","og_type":"article","og_title":"El Hospital Rafael M\u00e9ndez y el Campus Universitario de Lorca acogen una jornada de donaci\u00f3n de m\u00e9dula \u00f3sea con motivo del D\u00eda Regional del Donante de \u00d3rganos - AREA LORCA RADIO","og_description":"\u00c1REA LORCA RADIO. Sanidad y Solidaridad. Escucha aqu\u00ed la entrevista que ha concedido a Paco S\u00e1nchez en el programa magazine de \u00c1rea Lorca Radio, la coordinadora del Centro Regional de Hemodonaci\u00f3n, To\u00f1i G\u00f3mez, qui\u00e9n pide a los lorquinos y ciudadanos del Valle del Guadalent\u00edn que asistan el pr\u00f3ximo martes 13 de mayo a donar m\u00e9dula [&hellip;]","og_url":"https:\/\/arealorcaradio.es\/index.php\/2025\/05\/08\/el-hospital-rafael-mendez-y-el-campus-universitario-de-lorca-acogen-una-jornada-de-donacion-de-medula-osea-con-motivo-del-dia-regional-del-donante-de-organos\/","og_site_name":"AREA LORCA RADIO","article_published_time":"2025-05-08T17:06:09+00:00","og_image":[{"width":1280,"height":853,"url":"https:\/\/arealorcaradio.es\/wp-content\/uploads\/2025\/05\/IMG-20250508-WA0044-1.jpg","type":"image\/jpeg"}],"author":"Paco S\u00e1nchez","twitter_card":"summary_large_image","twitter_misc":{"Escrito por":"Paco S\u00e1nchez","Tiempo de lectura":"3 minutos"},"schema":{"@context":"https:\/\/schema.org","@graph":[{"@type":"Article","@id":"https:\/\/arealorcaradio.es\/index.php\/2025\/05\/08\/el-hospital-rafael-mendez-y-el-campus-universitario-de-lorca-acogen-una-jornada-de-donacion-de-medula-osea-con-motivo-del-dia-regional-del-donante-de-organos\/#article","isPartOf":{"@id":"https:\/\/arealorcaradio.es\/index.php\/2025\/05\/08\/el-hospital-rafael-mendez-y-el-campus-universitario-de-lorca-acogen-una-jornada-de-donacion-de-medula-osea-con-motivo-del-dia-regional-del-donante-de-organos\/"},"author":{"name":"Paco S\u00e1nchez","@id":"https:\/\/arealorcaradio.es\/#\/schema\/person\/9fae605fc25b0f2c83c1ab207139bd27"},"headline":"El Hospital Rafael M\u00e9ndez y el Campus Universitario de Lorca acogen una jornada de donaci\u00f3n de m\u00e9dula \u00f3sea con motivo del D\u00eda Regional del Donante de \u00d3rganos","datePublished":"2025-05-08T17:06:09+00:00","mainEntityOfPage":{"@id":"https:\/\/arealorcaradio.es\/index.php\/2025\/05\/08\/el-hospital-rafael-mendez-y-el-campus-universitario-de-lorca-acogen-una-jornada-de-donacion-de-medula-osea-con-motivo-del-dia-regional-del-donante-de-organos\/"},"wordCount":404,"commentCount":0,"image":{"@id":"https:\/\/arealorcaradio.es\/index.php\/2025\/05\/08\/el-hospital-rafael-mendez-y-el-campus-universitario-de-lorca-acogen-una-jornada-de-donacion-de-medula-osea-con-motivo-del-dia-regional-del-donante-de-organos\/#primaryimage"},"thumbnailUrl":"https:\/\/arealorcaradio.es\/wp-content\/uploads\/2025\/05\/IMG-20250508-WA0044-1.jpg","articleSection":["ACTUALIDAD","LORCA"],"inLanguage":"es","potentialAction":[{"@type":"CommentAction","name":"Comment","target":["https:\/\/arealorcaradio.es\/index.php\/2025\/05\/08\/el-hospital-rafael-mendez-y-el-campus-universitario-de-lorca-acogen-una-jornada-de-donacion-de-medula-osea-con-motivo-del-dia-regional-del-donante-de-organos\/#respond"]}]},{"@type":"WebPage","@id":"https:\/\/arealorcaradio.es\/index.php\/2025\/05\/08\/el-hospital-rafael-mendez-y-el-campus-universitario-de-lorca-acogen-una-jornada-de-donacion-de-medula-osea-con-motivo-del-dia-regional-del-donante-de-organos\/","url":"https:\/\/arealorcaradio.es\/index.php\/2025\/05\/08\/el-hospital-rafael-mendez-y-el-campus-universitario-de-lorca-acogen-una-jornada-de-donacion-de-medula-osea-con-motivo-del-dia-regional-del-donante-de-organos\/","name":"El Hospital Rafael M\u00e9ndez y el Campus Universitario de Lorca acogen una jornada de donaci\u00f3n de m\u00e9dula \u00f3sea con motivo del D\u00eda Regional del Donante de \u00d3rganos - AREA LORCA RADIO","isPartOf":{"@id":"https:\/\/arealorcaradio.es\/#website"},"primaryImageOfPage":{"@id":"https:\/\/arealorcaradio.es\/index.php\/2025\/05\/08\/el-hospital-rafael-mendez-y-el-campus-universitario-de-lorca-acogen-una-jornada-de-donacion-de-medula-osea-con-motivo-del-dia-regional-del-donante-de-organos\/#primaryimage"},"image":{"@id":"https:\/\/arealorcaradio.es\/index.php\/2025\/05\/08\/el-hospital-rafael-mendez-y-el-campus-universitario-de-lorca-acogen-una-jornada-de-donacion-de-medula-osea-con-motivo-del-dia-regional-del-donante-de-organos\/#primaryimage"},"thumbnailUrl":"https:\/\/arealorcaradio.es\/wp-content\/uploads\/2025\/05\/IMG-20250508-WA0044-1.jpg","datePublished":"2025-05-08T17:06:09+00:00","author":{"@id":"https:\/\/arealorcaradio.es\/#\/schema\/person\/9fae605fc25b0f2c83c1ab207139bd27"},"breadcrumb":{"@id":"https:\/\/arealorcaradio.es\/index.php\/2025\/05\/08\/el-hospital-rafael-mendez-y-el-campus-universitario-de-lorca-acogen-una-jornada-de-donacion-de-medula-osea-con-motivo-del-dia-regional-del-donante-de-organos\/#breadcrumb"},"inLanguage":"es","potentialAction":[{"@type":"ReadAction","target":["https:\/\/arealorcaradio.es\/index.php\/2025\/05\/08\/el-hospital-rafael-mendez-y-el-campus-universitario-de-lorca-acogen-una-jornada-de-donacion-de-medula-osea-con-motivo-del-dia-regional-del-donante-de-organos\/"]}]},{"@type":"ImageObject","inLanguage":"es","@id":"https:\/\/arealorcaradio.es\/index.php\/2025\/05\/08\/el-hospital-rafael-mendez-y-el-campus-universitario-de-lorca-acogen-una-jornada-de-donacion-de-medula-osea-con-motivo-del-dia-regional-del-donante-de-organos\/#primaryimage","url":"https:\/\/arealorcaradio.es\/wp-content\/uploads\/2025\/05\/IMG-20250508-WA0044-1.jpg","contentUrl":"https:\/\/arealorcaradio.es\/wp-content\/uploads\/2025\/05\/IMG-20250508-WA0044-1.jpg","width":1280,"height":853},{"@type":"BreadcrumbList","@id":"https:\/\/arealorcaradio.es\/index.php\/2025\/05\/08\/el-hospital-rafael-mendez-y-el-campus-universitario-de-lorca-acogen-una-jornada-de-donacion-de-medula-osea-con-motivo-del-dia-regional-del-donante-de-organos\/#breadcrumb","itemListElement":[{"@type":"ListItem","position":1,"name":"Portada","item":"https:\/\/arealorcaradio.es\/"},{"@type":"ListItem","position":2,"name":"El Hospital Rafael M\u00e9ndez y el Campus Universitario de Lorca acogen una jornada de donaci\u00f3n de m\u00e9dula \u00f3sea con motivo del D\u00eda Regional del Donante de \u00d3rganos"}]},{"@type":"WebSite","@id":"https:\/\/arealorcaradio.es\/#website","url":"https:\/\/arealorcaradio.es\/","name":"AREA LORCA RADIO","description":"Descubre la programaci\u00f3n actual en \u00c1rea Lorca Radio, tu fuente de entrenamiento y noticias locales. Sintoniza ahora y mantente conectado online.","potentialAction":[{"@type":"SearchAction","target":{"@type":"EntryPoint","urlTemplate":"https:\/\/arealorcaradio.es\/?s={search_term_string}"},"query-input":{"@type":"PropertyValueSpecification","valueRequired":true,"valueName":"search_term_string"}}],"inLanguage":"es"},{"@type":"Person","@id":"https:\/\/arealorcaradio.es\/#\/schema\/person\/9fae605fc25b0f2c83c1ab207139bd27","name":"Paco S\u00e1nchez","image":{"@type":"ImageObject","inLanguage":"es","@id":"https:\/\/secure.gravatar.com\/avatar\/d67144e966420fb74aa84c9f2a0103be4724fd14db52b52d3b6bca749f257e79?s=96&d=mm&r=g","url":"https:\/\/secure.gravatar.com\/avatar\/d67144e966420fb74aa84c9f2a0103be4724fd14db52b52d3b6bca749f257e79?s=96&d=mm&r=g","contentUrl":"https:\/\/secure.gravatar.com\/avatar\/d67144e966420fb74aa84c9f2a0103be4724fd14db52b52d3b6bca749f257e79?s=96&d=mm&r=g","caption":"Paco S\u00e1nchez"},"sameAs":["https:\/\/arealorcaradio.es"],"url":"https:\/\/arealorcaradio.es\/index.php\/author\/admin_alorcaradio\/"}]}},"_links":{"self":[{"href":"https:\/\/arealorcaradio.es\/index.php\/wp-json\/wp\/v2\/posts\/6458","targetHints":{"allow":["GET"]}}],"collection":[{"href":"https:\/\/arealorcaradio.es\/index.php\/wp-json\/wp\/v2\/posts"}],"about":[{"href":"https:\/\/arealorcaradio.es\/index.php\/wp-json\/wp\/v2\/types\/post"}],"author":[{"embeddable":true,"href":"https:\/\/arealorcaradio.es\/index.php\/wp-json\/wp\/v2\/users\/1"}],"replies":[{"embeddable":true,"href":"https:\/\/arealorcaradio.es\/index.php\/wp-json\/wp\/v2\/comments?post=6458"}],"version-history":[{"count":2,"href":"https:\/\/arealorcaradio.es\/index.php\/wp-json\/wp\/v2\/posts\/6458\/revisions"}],"predecessor-version":[{"id":6467,"href":"https:\/\/arealorcaradio.es\/index.php\/wp-json\/wp\/v2\/posts\/6458\/revisions\/6467"}],"wp:featuredmedia":[{"embeddable":true,"href":"https:\/\/arealorcaradio.es\/index.php\/wp-json\/wp\/v2\/media\/6461"}],"wp:attachment":[{"href":"https:\/\/arealorcaradio.es\/index.php\/wp-json\/wp\/v2\/media?parent=6458"}],"wp:term":[{"taxonomy":"category","embeddable":true,"href":"https:\/\/arealorcaradio.es\/index.php\/wp-json\/wp\/v2\/categories?post=6458"},{"taxonomy":"post_tag","embeddable":true,"href":"https:\/\/arealorcaradio.es\/index.php\/wp-json\/wp\/v2\/tags?post=6458"}],"curies":[{"name":"wp","href":"https:\/\/api.w.org\/{rel}","templated":true}]}}