{"id":6450,"date":"2025-05-08T10:43:15","date_gmt":"2025-05-08T10:43:15","guid":{"rendered":"https:\/\/arealorcaradio.es\/?p=6450"},"modified":"2025-05-08T10:43:15","modified_gmt":"2025-05-08T10:43:15","slug":"exito-en-la-convocatoria-de-subvenciones-para-actuaciones-arqueologicas-y-estudios-geotecnicos-en-solares-del-recinto-historico-de-lorca","status":"publish","type":"post","link":"https:\/\/arealorcaradio.es\/index.php\/2025\/05\/08\/exito-en-la-convocatoria-de-subvenciones-para-actuaciones-arqueologicas-y-estudios-geotecnicos-en-solares-del-recinto-historico-de-lorca\/","title":{"rendered":"\u00c9xito en la convocatoria de subvenciones para actuaciones arqueol\u00f3gicas y estudios geot\u00e9cnicos en solares del recinto hist\u00f3rico de Lorca"},"content":{"rendered":"<p><strong>\u00c1REA LORCA RADIO. Actualidad.<\/strong><\/p>\n<p class=\"v1MsoNormal\"><b>Lorca, 8 de mayo de 2025. \u00ab<\/b>Estamos muy ilusionados y satisfechos por la respuesta que ha tenido esta convocatoria entre los propietarios del casco hist\u00f3rico de Lorca. Tras su publicaci\u00f3n en el BORM y la reuni\u00f3n convocada por el Ayuntamiento, junto con CECLOR y la C\u00e1mara de Comercio de Lorca a finales de febrero, m\u00e1s de una veintena de titulares se han presentado, mostrando su inter\u00e9s en la financiaci\u00f3n para la ejecuci\u00f3n de actuaciones arqueol\u00f3gicas y estudios geot\u00e9cnicos, que permitan nuevas rehabilitaciones y edificaciones de viviendas, potenciando el desarrollo urban\u00edstico en el casco antiguo del municipio\u00bb.<\/p>\n<p class=\"v1MsoNormal\">As\u00ed lo ha trasladado la edil de Urbanismo del Ayuntamiento de Lorca, Mar\u00eda Hern\u00e1ndez, junto con el director general de Ordenaci\u00f3n del Territorio y Arquitectura, Javier Roll\u00e1n, y el presidente de la Confederaci\u00f3n Comarcal de Organizaciones Empresariales de Lorca (CECLOR), Juan J\u00f3dar.<\/p>\n<p class=\"v1MsoNormal\"><img loading=\"lazy\" decoding=\"async\" class=\"alignnone size-medium wp-image-6451\" src=\"https:\/\/arealorcaradio.es\/wp-content\/uploads\/2025\/05\/foto1-10-300x225.jpeg\" alt=\"\" width=\"300\" height=\"225\" srcset=\"https:\/\/arealorcaradio.es\/wp-content\/uploads\/2025\/05\/foto1-10-300x225.jpeg 300w, https:\/\/arealorcaradio.es\/wp-content\/uploads\/2025\/05\/foto1-10-1024x768.jpeg 1024w, https:\/\/arealorcaradio.es\/wp-content\/uploads\/2025\/05\/foto1-10-768x576.jpeg 768w, https:\/\/arealorcaradio.es\/wp-content\/uploads\/2025\/05\/foto1-10-1536x1152.jpeg 1536w, https:\/\/arealorcaradio.es\/wp-content\/uploads\/2025\/05\/foto1-10-2048x1536.jpeg 2048w, https:\/\/arealorcaradio.es\/wp-content\/uploads\/2025\/05\/foto1-10-86x64.jpeg 86w\" sizes=\"auto, (max-width: 300px) 100vw, 300px\" \/><\/p>\n<p class=\"v1MsoNormal\">\u00abEsta convocatoria regional de subvenciones por un montante de 200.000 euros fue publicada el pasado 28 de febrero y el plazo para solicitar las ayudas finaliz\u00f3 el pasado d\u00eda 6 de mayo. En este periodo (dos meses desde la publicaci\u00f3n en el BORM) se han presentado un total de 21 solicitudes en el registro del Ayuntamiento de Lorca. Esos expedientes atienden, concretamente, a 21 solares sitos en los ejes definidos en la Calle \u00c1lamo, Cava y Selgas, con un total de gasto subvencionable solicitado que asciende a cerca de 700.000 euros; lo que pone de manifiesto el \u00e9xito de la iniciativa\u00bb, ha apuntado Mar\u00eda Hern\u00e1ndez.<\/p>\n<p class=\"v1MsoNormal\">Por su parte, Javier Roll\u00e1n, ha rese\u00f1ado que \u00abel objetivo principal de la misma caracterizar los solares en desuso, ya que uno de los mayores inconvenientes para construir en el casco hist\u00f3rico de Lorca es el sobrecoste que conlleva tanto para el promotor, constructor, como para el comprador final\u00bb.<\/p>\n<p class=\"v1MsoNormal\">\u00abLo que buscamos es la reconstrucci\u00f3n por parte de iniciativa privada cumpliendo con los objetivos marcados en el Plan\u00a0Director, que contempla 13 acciones y 58 medidas para rehabilitar el patrimonio arquitect\u00f3nico, hist\u00f3rico y cultural del casco antiguo de Lorca, dinamizando, entre otros, el comercio y el turismo en la localidad. Luchamos por\u00a0convertir la zona hist\u00f3rica en motor econ\u00f3mico, potenciando el comercio, el turismo, la hosteler\u00eda, adem\u00e1s de fomentar su urbanizaci\u00f3n\u00bb, ha sumado Juan J\u00f3dar.<\/p>\n<p class=\"v1MsoNormal\">Concretamente, la convocatoria regula las ayudas destinadas a sufragar el coste de las actuaciones necesarias para la elaboraci\u00f3n de estudios pormenorizados de los suelos urbanos vacantes existentes y\/o edificados con proyecto de demolici\u00f3n y rehabilitaci\u00f3n presentado, con el fin de determinar las caracter\u00edsticas geot\u00e9cnicas y arqueol\u00f3gicas de dichos suelos, para la edificaci\u00f3n de los solares, priorizando aquellos existentes en los ejes definidos en la Calle \u00c1lamo, Cava y Selgas.<\/p>\n<p class=\"v1MsoNormal\">En los pr\u00f3ximos d\u00edas se reunir\u00e1 la Comisi\u00f3n calificadora para revisar las solicitudes presentadas, que de conformidad con las Bases se conceder\u00e1n bajo el r\u00e9gimen de concurrencia competitiva, mediante una comparaci\u00f3n de las mismas en la que se aplicar\u00e1n los siguiente criterios de prelaci\u00f3n, respetando los l\u00edmites presupuestarios:<\/p>\n<p class=\"v1MsoNormal\">1.- Ubicaci\u00f3n prioritaria. Tendr\u00e1n preferencia las solicitudes ubicadas en los ejes definidos en la calle \u00c1lamo, Cava y Selgas.<\/p>\n<p class=\"v1MsoNormal\">2.- Proyecto de Edificaci\u00f3n. Tendr\u00e1n preferencia, en segundo lugar, las solicitudes que vayan acompa\u00f1adas de solicitud de licencia y &#8216;Proyecto de Edificaci\u00f3n&#8217;.<\/p>\n<p class=\"v1MsoNormal\">3.- Orden de solicitud. Se atender\u00e1 a la fecha en que la solicitud, debidamente cumplimentada y acompa\u00f1ada de todos los documentos exigidos en esta convocatoria, hubiere tenido entrada en el registro del Ayuntamiento.<\/p>\n<p class=\"v1MsoNormal\">Para concluir,\u00a0la edil de Urbanismo ha querido reiterar su agradecimiento al ejecutivo regional y la Consejer\u00eda de Fomento e Infraestructuras, recordando que esta dotaci\u00f3n se suma a los m\u00e1s de 1,6 millones euros en ayudas europeas concedidas a la Comunidad Aut\u00f3noma y transferidas al consistorio lorquino, con el objetivo de mejorar el acceso a la vivienda y la eficiencia energ\u00e9tica del parque inmobiliario de la ciudad; y a CECLOR, al sumarse y compartir\u00a0el\u00a0compromiso del gobierno de Lorca por fomentar y mejorar la dimensi\u00f3n urban\u00edstica del casco hist\u00f3rico de la localidad y su recuperaci\u00f3n como proyecto de inter\u00e9s estrat\u00e9gico regional\u00bb<b>.\u00a0<\/b><\/p>\n<p>&nbsp;<\/p>\n","protected":false},"excerpt":{"rendered":"<p>\u00c1REA LORCA RADIO. Actualidad. Lorca, 8 de mayo de 2025. \u00abEstamos muy ilusionados y satisfechos por la respuesta que ha tenido esta convocatoria entre los propietarios del casco hist\u00f3rico de Lorca. Tras su publicaci\u00f3n en el BORM y la reuni\u00f3n convocada por el Ayuntamiento, junto con CECLOR y la C\u00e1mara de Comercio de Lorca a [&hellip;]<\/p>\n","protected":false},"author":1,"featured_media":6453,"comment_status":"open","ping_status":"open","sticky":false,"template":"","format":"standard","meta":{"iawp_total_views":4,"footnotes":""},"categories":[5,7],"tags":[],"class_list":["post-6450","post","type-post","status-publish","format-standard","has-post-thumbnail","hentry","category-actualidad","category-lorca"],"yoast_head":"<!-- This site is optimized with the Yoast SEO plugin v27.5 - https:\/\/yoast.com\/product\/yoast-seo-wordpress\/ -->\n<title>\u00c9xito en la convocatoria de subvenciones para actuaciones arqueol\u00f3gicas y estudios geot\u00e9cnicos en solares del recinto hist\u00f3rico de Lorca - AREA LORCA RADIO<\/title>\n<meta name=\"robots\" content=\"index, follow, max-snippet:-1, max-image-preview:large, max-video-preview:-1\" \/>\n<link rel=\"canonical\" href=\"https:\/\/arealorcaradio.es\/index.php\/2025\/05\/08\/exito-en-la-convocatoria-de-subvenciones-para-actuaciones-arqueologicas-y-estudios-geotecnicos-en-solares-del-recinto-historico-de-lorca\/\" \/>\n<meta property=\"og:locale\" content=\"es_ES\" \/>\n<meta property=\"og:type\" content=\"article\" \/>\n<meta property=\"og:title\" content=\"\u00c9xito en la convocatoria de subvenciones para actuaciones arqueol\u00f3gicas y estudios geot\u00e9cnicos en solares del recinto hist\u00f3rico de Lorca - AREA LORCA RADIO\" \/>\n<meta property=\"og:description\" content=\"\u00c1REA LORCA RADIO. Actualidad. Lorca, 8 de mayo de 2025. \u00abEstamos muy ilusionados y satisfechos por la respuesta que ha tenido esta convocatoria entre los propietarios del casco hist\u00f3rico de Lorca. Tras su publicaci\u00f3n en el BORM y la reuni\u00f3n convocada por el Ayuntamiento, junto con CECLOR y la C\u00e1mara de Comercio de Lorca a [&hellip;]\" \/>\n<meta property=\"og:url\" content=\"https:\/\/arealorcaradio.es\/index.php\/2025\/05\/08\/exito-en-la-convocatoria-de-subvenciones-para-actuaciones-arqueologicas-y-estudios-geotecnicos-en-solares-del-recinto-historico-de-lorca\/\" \/>\n<meta property=\"og:site_name\" content=\"AREA LORCA RADIO\" \/>\n<meta property=\"article:published_time\" content=\"2025-05-08T10:43:15+00:00\" \/>\n<meta property=\"og:image\" content=\"https:\/\/arealorcaradio.es\/wp-content\/uploads\/2025\/05\/foto3-8.jpeg\" \/>\n\t<meta property=\"og:image:width\" content=\"1600\" \/>\n\t<meta property=\"og:image:height\" content=\"1066\" \/>\n\t<meta property=\"og:image:type\" content=\"image\/jpeg\" \/>\n<meta name=\"author\" content=\"Paco S\u00e1nchez\" \/>\n<meta name=\"twitter:card\" content=\"summary_large_image\" \/>\n<meta name=\"twitter:label1\" content=\"Escrito por\" \/>\n\t<meta name=\"twitter:data1\" content=\"Paco S\u00e1nchez\" \/>\n\t<meta name=\"twitter:label2\" content=\"Tiempo de lectura\" \/>\n\t<meta name=\"twitter:data2\" content=\"4 minutos\" \/>\n<script type=\"application\/ld+json\" class=\"yoast-schema-graph\">{\"@context\":\"https:\\\/\\\/schema.org\",\"@graph\":[{\"@type\":\"Article\",\"@id\":\"https:\\\/\\\/arealorcaradio.es\\\/index.php\\\/2025\\\/05\\\/08\\\/exito-en-la-convocatoria-de-subvenciones-para-actuaciones-arqueologicas-y-estudios-geotecnicos-en-solares-del-recinto-historico-de-lorca\\\/#article\",\"isPartOf\":{\"@id\":\"https:\\\/\\\/arealorcaradio.es\\\/index.php\\\/2025\\\/05\\\/08\\\/exito-en-la-convocatoria-de-subvenciones-para-actuaciones-arqueologicas-y-estudios-geotecnicos-en-solares-del-recinto-historico-de-lorca\\\/\"},\"author\":{\"name\":\"Paco S\u00e1nchez\",\"@id\":\"https:\\\/\\\/arealorcaradio.es\\\/#\\\/schema\\\/person\\\/9fae605fc25b0f2c83c1ab207139bd27\"},\"headline\":\"\u00c9xito en la convocatoria de subvenciones para actuaciones arqueol\u00f3gicas y estudios geot\u00e9cnicos en solares del recinto hist\u00f3rico de Lorca\",\"datePublished\":\"2025-05-08T10:43:15+00:00\",\"mainEntityOfPage\":{\"@id\":\"https:\\\/\\\/arealorcaradio.es\\\/index.php\\\/2025\\\/05\\\/08\\\/exito-en-la-convocatoria-de-subvenciones-para-actuaciones-arqueologicas-y-estudios-geotecnicos-en-solares-del-recinto-historico-de-lorca\\\/\"},\"wordCount\":745,\"commentCount\":0,\"image\":{\"@id\":\"https:\\\/\\\/arealorcaradio.es\\\/index.php\\\/2025\\\/05\\\/08\\\/exito-en-la-convocatoria-de-subvenciones-para-actuaciones-arqueologicas-y-estudios-geotecnicos-en-solares-del-recinto-historico-de-lorca\\\/#primaryimage\"},\"thumbnailUrl\":\"https:\\\/\\\/arealorcaradio.es\\\/wp-content\\\/uploads\\\/2025\\\/05\\\/foto3-8.jpeg\",\"articleSection\":[\"ACTUALIDAD\",\"LORCA\"],\"inLanguage\":\"es\",\"potentialAction\":[{\"@type\":\"CommentAction\",\"name\":\"Comment\",\"target\":[\"https:\\\/\\\/arealorcaradio.es\\\/index.php\\\/2025\\\/05\\\/08\\\/exito-en-la-convocatoria-de-subvenciones-para-actuaciones-arqueologicas-y-estudios-geotecnicos-en-solares-del-recinto-historico-de-lorca\\\/#respond\"]}]},{\"@type\":\"WebPage\",\"@id\":\"https:\\\/\\\/arealorcaradio.es\\\/index.php\\\/2025\\\/05\\\/08\\\/exito-en-la-convocatoria-de-subvenciones-para-actuaciones-arqueologicas-y-estudios-geotecnicos-en-solares-del-recinto-historico-de-lorca\\\/\",\"url\":\"https:\\\/\\\/arealorcaradio.es\\\/index.php\\\/2025\\\/05\\\/08\\\/exito-en-la-convocatoria-de-subvenciones-para-actuaciones-arqueologicas-y-estudios-geotecnicos-en-solares-del-recinto-historico-de-lorca\\\/\",\"name\":\"\u00c9xito en la convocatoria de subvenciones para actuaciones arqueol\u00f3gicas y estudios geot\u00e9cnicos en solares del recinto hist\u00f3rico de Lorca - AREA LORCA RADIO\",\"isPartOf\":{\"@id\":\"https:\\\/\\\/arealorcaradio.es\\\/#website\"},\"primaryImageOfPage\":{\"@id\":\"https:\\\/\\\/arealorcaradio.es\\\/index.php\\\/2025\\\/05\\\/08\\\/exito-en-la-convocatoria-de-subvenciones-para-actuaciones-arqueologicas-y-estudios-geotecnicos-en-solares-del-recinto-historico-de-lorca\\\/#primaryimage\"},\"image\":{\"@id\":\"https:\\\/\\\/arealorcaradio.es\\\/index.php\\\/2025\\\/05\\\/08\\\/exito-en-la-convocatoria-de-subvenciones-para-actuaciones-arqueologicas-y-estudios-geotecnicos-en-solares-del-recinto-historico-de-lorca\\\/#primaryimage\"},\"thumbnailUrl\":\"https:\\\/\\\/arealorcaradio.es\\\/wp-content\\\/uploads\\\/2025\\\/05\\\/foto3-8.jpeg\",\"datePublished\":\"2025-05-08T10:43:15+00:00\",\"author\":{\"@id\":\"https:\\\/\\\/arealorcaradio.es\\\/#\\\/schema\\\/person\\\/9fae605fc25b0f2c83c1ab207139bd27\"},\"breadcrumb\":{\"@id\":\"https:\\\/\\\/arealorcaradio.es\\\/index.php\\\/2025\\\/05\\\/08\\\/exito-en-la-convocatoria-de-subvenciones-para-actuaciones-arqueologicas-y-estudios-geotecnicos-en-solares-del-recinto-historico-de-lorca\\\/#breadcrumb\"},\"inLanguage\":\"es\",\"potentialAction\":[{\"@type\":\"ReadAction\",\"target\":[\"https:\\\/\\\/arealorcaradio.es\\\/index.php\\\/2025\\\/05\\\/08\\\/exito-en-la-convocatoria-de-subvenciones-para-actuaciones-arqueologicas-y-estudios-geotecnicos-en-solares-del-recinto-historico-de-lorca\\\/\"]}]},{\"@type\":\"ImageObject\",\"inLanguage\":\"es\",\"@id\":\"https:\\\/\\\/arealorcaradio.es\\\/index.php\\\/2025\\\/05\\\/08\\\/exito-en-la-convocatoria-de-subvenciones-para-actuaciones-arqueologicas-y-estudios-geotecnicos-en-solares-del-recinto-historico-de-lorca\\\/#primaryimage\",\"url\":\"https:\\\/\\\/arealorcaradio.es\\\/wp-content\\\/uploads\\\/2025\\\/05\\\/foto3-8.jpeg\",\"contentUrl\":\"https:\\\/\\\/arealorcaradio.es\\\/wp-content\\\/uploads\\\/2025\\\/05\\\/foto3-8.jpeg\",\"width\":1600,\"height\":1066},{\"@type\":\"BreadcrumbList\",\"@id\":\"https:\\\/\\\/arealorcaradio.es\\\/index.php\\\/2025\\\/05\\\/08\\\/exito-en-la-convocatoria-de-subvenciones-para-actuaciones-arqueologicas-y-estudios-geotecnicos-en-solares-del-recinto-historico-de-lorca\\\/#breadcrumb\",\"itemListElement\":[{\"@type\":\"ListItem\",\"position\":1,\"name\":\"Portada\",\"item\":\"https:\\\/\\\/arealorcaradio.es\\\/\"},{\"@type\":\"ListItem\",\"position\":2,\"name\":\"\u00c9xito en la convocatoria de subvenciones para actuaciones arqueol\u00f3gicas y estudios geot\u00e9cnicos en solares del recinto hist\u00f3rico de Lorca\"}]},{\"@type\":\"WebSite\",\"@id\":\"https:\\\/\\\/arealorcaradio.es\\\/#website\",\"url\":\"https:\\\/\\\/arealorcaradio.es\\\/\",\"name\":\"AREA LORCA RADIO\",\"description\":\"Descubre la programaci\u00f3n actual en \u00c1rea Lorca Radio, tu fuente de entrenamiento y noticias locales. Sintoniza ahora y mantente conectado online.\",\"potentialAction\":[{\"@type\":\"SearchAction\",\"target\":{\"@type\":\"EntryPoint\",\"urlTemplate\":\"https:\\\/\\\/arealorcaradio.es\\\/?s={search_term_string}\"},\"query-input\":{\"@type\":\"PropertyValueSpecification\",\"valueRequired\":true,\"valueName\":\"search_term_string\"}}],\"inLanguage\":\"es\"},{\"@type\":\"Person\",\"@id\":\"https:\\\/\\\/arealorcaradio.es\\\/#\\\/schema\\\/person\\\/9fae605fc25b0f2c83c1ab207139bd27\",\"name\":\"Paco S\u00e1nchez\",\"image\":{\"@type\":\"ImageObject\",\"inLanguage\":\"es\",\"@id\":\"https:\\\/\\\/secure.gravatar.com\\\/avatar\\\/d67144e966420fb74aa84c9f2a0103be4724fd14db52b52d3b6bca749f257e79?s=96&d=mm&r=g\",\"url\":\"https:\\\/\\\/secure.gravatar.com\\\/avatar\\\/d67144e966420fb74aa84c9f2a0103be4724fd14db52b52d3b6bca749f257e79?s=96&d=mm&r=g\",\"contentUrl\":\"https:\\\/\\\/secure.gravatar.com\\\/avatar\\\/d67144e966420fb74aa84c9f2a0103be4724fd14db52b52d3b6bca749f257e79?s=96&d=mm&r=g\",\"caption\":\"Paco S\u00e1nchez\"},\"sameAs\":[\"https:\\\/\\\/arealorcaradio.es\"],\"url\":\"https:\\\/\\\/arealorcaradio.es\\\/index.php\\\/author\\\/admin_alorcaradio\\\/\"}]}<\/script>\n<!-- \/ Yoast SEO plugin. -->","yoast_head_json":{"title":"\u00c9xito en la convocatoria de subvenciones para actuaciones arqueol\u00f3gicas y estudios geot\u00e9cnicos en solares del recinto hist\u00f3rico de Lorca - AREA LORCA RADIO","robots":{"index":"index","follow":"follow","max-snippet":"max-snippet:-1","max-image-preview":"max-image-preview:large","max-video-preview":"max-video-preview:-1"},"canonical":"https:\/\/arealorcaradio.es\/index.php\/2025\/05\/08\/exito-en-la-convocatoria-de-subvenciones-para-actuaciones-arqueologicas-y-estudios-geotecnicos-en-solares-del-recinto-historico-de-lorca\/","og_locale":"es_ES","og_type":"article","og_title":"\u00c9xito en la convocatoria de subvenciones para actuaciones arqueol\u00f3gicas y estudios geot\u00e9cnicos en solares del recinto hist\u00f3rico de Lorca - AREA LORCA RADIO","og_description":"\u00c1REA LORCA RADIO. Actualidad. Lorca, 8 de mayo de 2025. \u00abEstamos muy ilusionados y satisfechos por la respuesta que ha tenido esta convocatoria entre los propietarios del casco hist\u00f3rico de Lorca. Tras su publicaci\u00f3n en el BORM y la reuni\u00f3n convocada por el Ayuntamiento, junto con CECLOR y la C\u00e1mara de Comercio de Lorca a [&hellip;]","og_url":"https:\/\/arealorcaradio.es\/index.php\/2025\/05\/08\/exito-en-la-convocatoria-de-subvenciones-para-actuaciones-arqueologicas-y-estudios-geotecnicos-en-solares-del-recinto-historico-de-lorca\/","og_site_name":"AREA LORCA RADIO","article_published_time":"2025-05-08T10:43:15+00:00","og_image":[{"width":1600,"height":1066,"url":"https:\/\/arealorcaradio.es\/wp-content\/uploads\/2025\/05\/foto3-8.jpeg","type":"image\/jpeg"}],"author":"Paco S\u00e1nchez","twitter_card":"summary_large_image","twitter_misc":{"Escrito por":"Paco S\u00e1nchez","Tiempo de lectura":"4 minutos"},"schema":{"@context":"https:\/\/schema.org","@graph":[{"@type":"Article","@id":"https:\/\/arealorcaradio.es\/index.php\/2025\/05\/08\/exito-en-la-convocatoria-de-subvenciones-para-actuaciones-arqueologicas-y-estudios-geotecnicos-en-solares-del-recinto-historico-de-lorca\/#article","isPartOf":{"@id":"https:\/\/arealorcaradio.es\/index.php\/2025\/05\/08\/exito-en-la-convocatoria-de-subvenciones-para-actuaciones-arqueologicas-y-estudios-geotecnicos-en-solares-del-recinto-historico-de-lorca\/"},"author":{"name":"Paco S\u00e1nchez","@id":"https:\/\/arealorcaradio.es\/#\/schema\/person\/9fae605fc25b0f2c83c1ab207139bd27"},"headline":"\u00c9xito en la convocatoria de subvenciones para actuaciones arqueol\u00f3gicas y estudios geot\u00e9cnicos en solares del recinto hist\u00f3rico de Lorca","datePublished":"2025-05-08T10:43:15+00:00","mainEntityOfPage":{"@id":"https:\/\/arealorcaradio.es\/index.php\/2025\/05\/08\/exito-en-la-convocatoria-de-subvenciones-para-actuaciones-arqueologicas-y-estudios-geotecnicos-en-solares-del-recinto-historico-de-lorca\/"},"wordCount":745,"commentCount":0,"image":{"@id":"https:\/\/arealorcaradio.es\/index.php\/2025\/05\/08\/exito-en-la-convocatoria-de-subvenciones-para-actuaciones-arqueologicas-y-estudios-geotecnicos-en-solares-del-recinto-historico-de-lorca\/#primaryimage"},"thumbnailUrl":"https:\/\/arealorcaradio.es\/wp-content\/uploads\/2025\/05\/foto3-8.jpeg","articleSection":["ACTUALIDAD","LORCA"],"inLanguage":"es","potentialAction":[{"@type":"CommentAction","name":"Comment","target":["https:\/\/arealorcaradio.es\/index.php\/2025\/05\/08\/exito-en-la-convocatoria-de-subvenciones-para-actuaciones-arqueologicas-y-estudios-geotecnicos-en-solares-del-recinto-historico-de-lorca\/#respond"]}]},{"@type":"WebPage","@id":"https:\/\/arealorcaradio.es\/index.php\/2025\/05\/08\/exito-en-la-convocatoria-de-subvenciones-para-actuaciones-arqueologicas-y-estudios-geotecnicos-en-solares-del-recinto-historico-de-lorca\/","url":"https:\/\/arealorcaradio.es\/index.php\/2025\/05\/08\/exito-en-la-convocatoria-de-subvenciones-para-actuaciones-arqueologicas-y-estudios-geotecnicos-en-solares-del-recinto-historico-de-lorca\/","name":"\u00c9xito en la convocatoria de subvenciones para actuaciones arqueol\u00f3gicas y estudios geot\u00e9cnicos en solares del recinto hist\u00f3rico de Lorca - AREA LORCA RADIO","isPartOf":{"@id":"https:\/\/arealorcaradio.es\/#website"},"primaryImageOfPage":{"@id":"https:\/\/arealorcaradio.es\/index.php\/2025\/05\/08\/exito-en-la-convocatoria-de-subvenciones-para-actuaciones-arqueologicas-y-estudios-geotecnicos-en-solares-del-recinto-historico-de-lorca\/#primaryimage"},"image":{"@id":"https:\/\/arealorcaradio.es\/index.php\/2025\/05\/08\/exito-en-la-convocatoria-de-subvenciones-para-actuaciones-arqueologicas-y-estudios-geotecnicos-en-solares-del-recinto-historico-de-lorca\/#primaryimage"},"thumbnailUrl":"https:\/\/arealorcaradio.es\/wp-content\/uploads\/2025\/05\/foto3-8.jpeg","datePublished":"2025-05-08T10:43:15+00:00","author":{"@id":"https:\/\/arealorcaradio.es\/#\/schema\/person\/9fae605fc25b0f2c83c1ab207139bd27"},"breadcrumb":{"@id":"https:\/\/arealorcaradio.es\/index.php\/2025\/05\/08\/exito-en-la-convocatoria-de-subvenciones-para-actuaciones-arqueologicas-y-estudios-geotecnicos-en-solares-del-recinto-historico-de-lorca\/#breadcrumb"},"inLanguage":"es","potentialAction":[{"@type":"ReadAction","target":["https:\/\/arealorcaradio.es\/index.php\/2025\/05\/08\/exito-en-la-convocatoria-de-subvenciones-para-actuaciones-arqueologicas-y-estudios-geotecnicos-en-solares-del-recinto-historico-de-lorca\/"]}]},{"@type":"ImageObject","inLanguage":"es","@id":"https:\/\/arealorcaradio.es\/index.php\/2025\/05\/08\/exito-en-la-convocatoria-de-subvenciones-para-actuaciones-arqueologicas-y-estudios-geotecnicos-en-solares-del-recinto-historico-de-lorca\/#primaryimage","url":"https:\/\/arealorcaradio.es\/wp-content\/uploads\/2025\/05\/foto3-8.jpeg","contentUrl":"https:\/\/arealorcaradio.es\/wp-content\/uploads\/2025\/05\/foto3-8.jpeg","width":1600,"height":1066},{"@type":"BreadcrumbList","@id":"https:\/\/arealorcaradio.es\/index.php\/2025\/05\/08\/exito-en-la-convocatoria-de-subvenciones-para-actuaciones-arqueologicas-y-estudios-geotecnicos-en-solares-del-recinto-historico-de-lorca\/#breadcrumb","itemListElement":[{"@type":"ListItem","position":1,"name":"Portada","item":"https:\/\/arealorcaradio.es\/"},{"@type":"ListItem","position":2,"name":"\u00c9xito en la convocatoria de subvenciones para actuaciones arqueol\u00f3gicas y estudios geot\u00e9cnicos en solares del recinto hist\u00f3rico de Lorca"}]},{"@type":"WebSite","@id":"https:\/\/arealorcaradio.es\/#website","url":"https:\/\/arealorcaradio.es\/","name":"AREA LORCA RADIO","description":"Descubre la programaci\u00f3n actual en \u00c1rea Lorca Radio, tu fuente de entrenamiento y noticias locales. Sintoniza ahora y mantente conectado online.","potentialAction":[{"@type":"SearchAction","target":{"@type":"EntryPoint","urlTemplate":"https:\/\/arealorcaradio.es\/?s={search_term_string}"},"query-input":{"@type":"PropertyValueSpecification","valueRequired":true,"valueName":"search_term_string"}}],"inLanguage":"es"},{"@type":"Person","@id":"https:\/\/arealorcaradio.es\/#\/schema\/person\/9fae605fc25b0f2c83c1ab207139bd27","name":"Paco S\u00e1nchez","image":{"@type":"ImageObject","inLanguage":"es","@id":"https:\/\/secure.gravatar.com\/avatar\/d67144e966420fb74aa84c9f2a0103be4724fd14db52b52d3b6bca749f257e79?s=96&d=mm&r=g","url":"https:\/\/secure.gravatar.com\/avatar\/d67144e966420fb74aa84c9f2a0103be4724fd14db52b52d3b6bca749f257e79?s=96&d=mm&r=g","contentUrl":"https:\/\/secure.gravatar.com\/avatar\/d67144e966420fb74aa84c9f2a0103be4724fd14db52b52d3b6bca749f257e79?s=96&d=mm&r=g","caption":"Paco S\u00e1nchez"},"sameAs":["https:\/\/arealorcaradio.es"],"url":"https:\/\/arealorcaradio.es\/index.php\/author\/admin_alorcaradio\/"}]}},"_links":{"self":[{"href":"https:\/\/arealorcaradio.es\/index.php\/wp-json\/wp\/v2\/posts\/6450","targetHints":{"allow":["GET"]}}],"collection":[{"href":"https:\/\/arealorcaradio.es\/index.php\/wp-json\/wp\/v2\/posts"}],"about":[{"href":"https:\/\/arealorcaradio.es\/index.php\/wp-json\/wp\/v2\/types\/post"}],"author":[{"embeddable":true,"href":"https:\/\/arealorcaradio.es\/index.php\/wp-json\/wp\/v2\/users\/1"}],"replies":[{"embeddable":true,"href":"https:\/\/arealorcaradio.es\/index.php\/wp-json\/wp\/v2\/comments?post=6450"}],"version-history":[{"count":1,"href":"https:\/\/arealorcaradio.es\/index.php\/wp-json\/wp\/v2\/posts\/6450\/revisions"}],"predecessor-version":[{"id":6452,"href":"https:\/\/arealorcaradio.es\/index.php\/wp-json\/wp\/v2\/posts\/6450\/revisions\/6452"}],"wp:featuredmedia":[{"embeddable":true,"href":"https:\/\/arealorcaradio.es\/index.php\/wp-json\/wp\/v2\/media\/6453"}],"wp:attachment":[{"href":"https:\/\/arealorcaradio.es\/index.php\/wp-json\/wp\/v2\/media?parent=6450"}],"wp:term":[{"taxonomy":"category","embeddable":true,"href":"https:\/\/arealorcaradio.es\/index.php\/wp-json\/wp\/v2\/categories?post=6450"},{"taxonomy":"post_tag","embeddable":true,"href":"https:\/\/arealorcaradio.es\/index.php\/wp-json\/wp\/v2\/tags?post=6450"}],"curies":[{"name":"wp","href":"https:\/\/api.w.org\/{rel}","templated":true}]}}