{"id":6446,"date":"2025-05-08T10:23:46","date_gmt":"2025-05-08T10:23:46","guid":{"rendered":"https:\/\/arealorcaradio.es\/?p=6446"},"modified":"2025-05-08T10:23:46","modified_gmt":"2025-05-08T10:23:46","slug":"lorca-acoge-este-fin-de-semana-la-final-regional-de-atletismo-del-programa-de-actividad-fisica-y-deporte-en-edad-escolar","status":"publish","type":"post","link":"https:\/\/arealorcaradio.es\/index.php\/2025\/05\/08\/lorca-acoge-este-fin-de-semana-la-final-regional-de-atletismo-del-programa-de-actividad-fisica-y-deporte-en-edad-escolar\/","title":{"rendered":"Lorca acoge este fin de semana la final regional de atletismo del &#8216;Programa de Actividad F\u00edsica y Deporte en Edad Escolar&#8217;"},"content":{"rendered":"<p><strong>\u00c1REA LORCA RADIO. Deportes.<\/strong><\/p>\n<p class=\"v1MsoNormal\"><b>Lorca, 8 de mayo de 2025.\u00a0<\/b>El programa regional &#8216;Actividad F\u00edsica y Deporte en Edad Escolar&#8217; (AFDEE) tiene este fin de semana una cita importante en Lorca con la final regional de atletismo para las categor\u00edas alev\u00edn, infantil, juvenil y cadete. La pista de atletismo &#8216;\u00darsula Ruiz&#8217; del complejo deportivo Gin\u00e9s Antonio Vidal-La Torrecilla ser\u00e1 escenario ma\u00f1ana viernes por la tarde y el s\u00e1bado por la ma\u00f1ana de este evento deportivo, que reunir\u00e1 a cerca de 500 escolares de una veintena de municipios de toda la Regi\u00f3n de Murcia que se clasificaron en sus respectivas fases locales. La Direcci\u00f3n General de Deportes de la Regi\u00f3n de Murcia, la Federaci\u00f3n de Atletismo de la Regi\u00f3n de Murcia (FAMU) y la Concejal\u00eda de Deportes del Ayuntamiento de Lorca organizan esta jornada que representa el cierre regional del programa escolar de atletismo y tiene como objetivo fomentar valores como el juego limpio, el respeto y la convivencia, en un entorno competitivo y saludable.<\/p>\n<p class=\"v1MsoNormal\">La categor\u00eda alev\u00edn e infantil ser\u00e1 la encargada de &#8216;romper el hielo&#8217; ma\u00f1ana viernes a partir de las 16.30 horas tras la recogida de dorsales, que dar\u00e1 comienzo media hora antes. Los m\u00e1s j\u00f3venes de la competici\u00f3n tendr\u00e1n que realizar pruebas de peso, longitud, velocidad (80 ML, 60 ML) y resistencia (800 ML, 1000 ML) y la divertida fase de relevos (4&#215;60 ML y 4x80ML). Cadetes y juveniles competir\u00e1n el s\u00e1bado 10 de mayo a partir de las 10.00 horas con distancias en velocidad (100 ML) y resistencia de (1.000 ML y 1.500 ML). Los relevos en ambas categor\u00edas ser\u00e1n de 4&#215;100 ML. Tambi\u00e9n realizar\u00e1n las disciplinas de peso y longitud.<\/p>\n<p class=\"v1MsoNormal\">Desde la organizaci\u00f3n de la prueba se ha solicitado a todos los participantes, as\u00ed como a sus responsables educativos, que contribuyan al \u00f3ptimo desarrollo de la prueba apostando por el juego limpio y el respeto entre participantes, con el p\u00fablico, los entrenadores y los \u00e1rbitros, as\u00ed como con el personal organizador y con el entorno deportivo, manteniendo limpia la instalaci\u00f3n.<\/p>\n<p class=\"v1MsoNormal\">El concejal de Deportes de Lorca, Juan Miguel Bayonas, ha destacado \u00abla relevancia\u00bb de esta cita deportiva. \u00ab<strong>Este fin de semana acogemos en Lorca la final regional de atletismo escolar<\/strong><b>,\u00a0<\/b>una cita posible gracias a las excelentes condiciones de la pista de atletismo &#8216;\u00darsula Ruiz&#8217; y a la gran labor t\u00e9cnica de organizaci\u00f3n. Desde la Concejal\u00eda de Deportes\u00a0<strong>apostamos firmemente por el deporte escolar<\/strong>, ya que representa una base fundamental para que muchos menores contin\u00faen practicando deporte en el futuro y adopten\u00a0<strong>h\u00e1bitos saludables que les acompa\u00f1en toda la vida<\/strong><b>.\u00a0<\/b>Esta final es una muestra m\u00e1s del\u00a0<strong>compromiso de Lorca con el deporte en edades tempranas<\/strong>, por los m\u00faltiples beneficios f\u00edsicos, emocionales y sociales que conlleva\u00bb.<\/p>\n<p class=\"v1MsoNormal\"><img loading=\"lazy\" decoding=\"async\" class=\"alignnone size-medium wp-image-6447\" src=\"https:\/\/arealorcaradio.es\/wp-content\/uploads\/2025\/05\/CARTEL-1-212x300.jpeg\" alt=\"\" width=\"212\" height=\"300\" srcset=\"https:\/\/arealorcaradio.es\/wp-content\/uploads\/2025\/05\/CARTEL-1-212x300.jpeg 212w, https:\/\/arealorcaradio.es\/wp-content\/uploads\/2025\/05\/CARTEL-1-724x1024.jpeg 724w, https:\/\/arealorcaradio.es\/wp-content\/uploads\/2025\/05\/CARTEL-1-768x1086.jpeg 768w, https:\/\/arealorcaradio.es\/wp-content\/uploads\/2025\/05\/CARTEL-1-1086x1536.jpeg 1086w, https:\/\/arealorcaradio.es\/wp-content\/uploads\/2025\/05\/CARTEL-1.jpeg 1131w\" sizes=\"auto, (max-width: 212px) 100vw, 212px\" \/><\/p>\n","protected":false},"excerpt":{"rendered":"<p>\u00c1REA LORCA RADIO. Deportes. Lorca, 8 de mayo de 2025.\u00a0El programa regional &#8216;Actividad F\u00edsica y Deporte en Edad Escolar&#8217; (AFDEE) tiene este fin de semana una cita importante en Lorca con la final regional de atletismo para las categor\u00edas alev\u00edn, infantil, juvenil y cadete. La pista de atletismo &#8216;\u00darsula Ruiz&#8217; del complejo deportivo Gin\u00e9s Antonio [&hellip;]<\/p>\n","protected":false},"author":1,"featured_media":6448,"comment_status":"open","ping_status":"open","sticky":false,"template":"","format":"standard","meta":{"iawp_total_views":2,"footnotes":""},"categories":[4,7],"tags":[],"class_list":["post-6446","post","type-post","status-publish","format-standard","has-post-thumbnail","hentry","category-deportes","category-lorca"],"yoast_head":"<!-- This site is optimized with the Yoast SEO plugin v27.5 - https:\/\/yoast.com\/product\/yoast-seo-wordpress\/ -->\n<title>Lorca acoge este fin de semana la final regional de atletismo del &#039;Programa de Actividad F\u00edsica y Deporte en Edad Escolar&#039; - AREA LORCA RADIO<\/title>\n<meta name=\"robots\" content=\"index, follow, max-snippet:-1, max-image-preview:large, max-video-preview:-1\" \/>\n<link rel=\"canonical\" href=\"https:\/\/arealorcaradio.es\/index.php\/2025\/05\/08\/lorca-acoge-este-fin-de-semana-la-final-regional-de-atletismo-del-programa-de-actividad-fisica-y-deporte-en-edad-escolar\/\" \/>\n<meta property=\"og:locale\" content=\"es_ES\" \/>\n<meta property=\"og:type\" content=\"article\" \/>\n<meta property=\"og:title\" content=\"Lorca acoge este fin de semana la final regional de atletismo del &#039;Programa de Actividad F\u00edsica y Deporte en Edad Escolar&#039; - AREA LORCA RADIO\" \/>\n<meta property=\"og:description\" content=\"\u00c1REA LORCA RADIO. Deportes. Lorca, 8 de mayo de 2025.\u00a0El programa regional &#8216;Actividad F\u00edsica y Deporte en Edad Escolar&#8217; (AFDEE) tiene este fin de semana una cita importante en Lorca con la final regional de atletismo para las categor\u00edas alev\u00edn, infantil, juvenil y cadete. La pista de atletismo &#8216;\u00darsula Ruiz&#8217; del complejo deportivo Gin\u00e9s Antonio [&hellip;]\" \/>\n<meta property=\"og:url\" content=\"https:\/\/arealorcaradio.es\/index.php\/2025\/05\/08\/lorca-acoge-este-fin-de-semana-la-final-regional-de-atletismo-del-programa-de-actividad-fisica-y-deporte-en-edad-escolar\/\" \/>\n<meta property=\"og:site_name\" content=\"AREA LORCA RADIO\" \/>\n<meta property=\"article:published_time\" content=\"2025-05-08T10:23:46+00:00\" \/>\n<meta property=\"og:image\" content=\"https:\/\/arealorcaradio.es\/wp-content\/uploads\/2025\/05\/FOTO1-9.jpeg\" \/>\n\t<meta property=\"og:image:width\" content=\"1600\" \/>\n\t<meta property=\"og:image:height\" content=\"900\" \/>\n\t<meta property=\"og:image:type\" content=\"image\/jpeg\" \/>\n<meta name=\"author\" content=\"Paco S\u00e1nchez\" \/>\n<meta name=\"twitter:card\" content=\"summary_large_image\" \/>\n<meta name=\"twitter:label1\" content=\"Escrito por\" \/>\n\t<meta name=\"twitter:data1\" content=\"Paco S\u00e1nchez\" \/>\n\t<meta name=\"twitter:label2\" content=\"Tiempo de lectura\" \/>\n\t<meta name=\"twitter:data2\" content=\"3 minutos\" \/>\n<script type=\"application\/ld+json\" class=\"yoast-schema-graph\">{\"@context\":\"https:\\\/\\\/schema.org\",\"@graph\":[{\"@type\":\"Article\",\"@id\":\"https:\\\/\\\/arealorcaradio.es\\\/index.php\\\/2025\\\/05\\\/08\\\/lorca-acoge-este-fin-de-semana-la-final-regional-de-atletismo-del-programa-de-actividad-fisica-y-deporte-en-edad-escolar\\\/#article\",\"isPartOf\":{\"@id\":\"https:\\\/\\\/arealorcaradio.es\\\/index.php\\\/2025\\\/05\\\/08\\\/lorca-acoge-este-fin-de-semana-la-final-regional-de-atletismo-del-programa-de-actividad-fisica-y-deporte-en-edad-escolar\\\/\"},\"author\":{\"name\":\"Paco S\u00e1nchez\",\"@id\":\"https:\\\/\\\/arealorcaradio.es\\\/#\\\/schema\\\/person\\\/9fae605fc25b0f2c83c1ab207139bd27\"},\"headline\":\"Lorca acoge este fin de semana la final regional de atletismo del &#8216;Programa de Actividad F\u00edsica y Deporte en Edad Escolar&#8217;\",\"datePublished\":\"2025-05-08T10:23:46+00:00\",\"mainEntityOfPage\":{\"@id\":\"https:\\\/\\\/arealorcaradio.es\\\/index.php\\\/2025\\\/05\\\/08\\\/lorca-acoge-este-fin-de-semana-la-final-regional-de-atletismo-del-programa-de-actividad-fisica-y-deporte-en-edad-escolar\\\/\"},\"wordCount\":499,\"commentCount\":0,\"image\":{\"@id\":\"https:\\\/\\\/arealorcaradio.es\\\/index.php\\\/2025\\\/05\\\/08\\\/lorca-acoge-este-fin-de-semana-la-final-regional-de-atletismo-del-programa-de-actividad-fisica-y-deporte-en-edad-escolar\\\/#primaryimage\"},\"thumbnailUrl\":\"https:\\\/\\\/arealorcaradio.es\\\/wp-content\\\/uploads\\\/2025\\\/05\\\/FOTO1-9.jpeg\",\"articleSection\":[\"DEPORTES\",\"LORCA\"],\"inLanguage\":\"es\",\"potentialAction\":[{\"@type\":\"CommentAction\",\"name\":\"Comment\",\"target\":[\"https:\\\/\\\/arealorcaradio.es\\\/index.php\\\/2025\\\/05\\\/08\\\/lorca-acoge-este-fin-de-semana-la-final-regional-de-atletismo-del-programa-de-actividad-fisica-y-deporte-en-edad-escolar\\\/#respond\"]}]},{\"@type\":\"WebPage\",\"@id\":\"https:\\\/\\\/arealorcaradio.es\\\/index.php\\\/2025\\\/05\\\/08\\\/lorca-acoge-este-fin-de-semana-la-final-regional-de-atletismo-del-programa-de-actividad-fisica-y-deporte-en-edad-escolar\\\/\",\"url\":\"https:\\\/\\\/arealorcaradio.es\\\/index.php\\\/2025\\\/05\\\/08\\\/lorca-acoge-este-fin-de-semana-la-final-regional-de-atletismo-del-programa-de-actividad-fisica-y-deporte-en-edad-escolar\\\/\",\"name\":\"Lorca acoge este fin de semana la final regional de atletismo del 'Programa de Actividad F\u00edsica y Deporte en Edad Escolar' - AREA LORCA RADIO\",\"isPartOf\":{\"@id\":\"https:\\\/\\\/arealorcaradio.es\\\/#website\"},\"primaryImageOfPage\":{\"@id\":\"https:\\\/\\\/arealorcaradio.es\\\/index.php\\\/2025\\\/05\\\/08\\\/lorca-acoge-este-fin-de-semana-la-final-regional-de-atletismo-del-programa-de-actividad-fisica-y-deporte-en-edad-escolar\\\/#primaryimage\"},\"image\":{\"@id\":\"https:\\\/\\\/arealorcaradio.es\\\/index.php\\\/2025\\\/05\\\/08\\\/lorca-acoge-este-fin-de-semana-la-final-regional-de-atletismo-del-programa-de-actividad-fisica-y-deporte-en-edad-escolar\\\/#primaryimage\"},\"thumbnailUrl\":\"https:\\\/\\\/arealorcaradio.es\\\/wp-content\\\/uploads\\\/2025\\\/05\\\/FOTO1-9.jpeg\",\"datePublished\":\"2025-05-08T10:23:46+00:00\",\"author\":{\"@id\":\"https:\\\/\\\/arealorcaradio.es\\\/#\\\/schema\\\/person\\\/9fae605fc25b0f2c83c1ab207139bd27\"},\"breadcrumb\":{\"@id\":\"https:\\\/\\\/arealorcaradio.es\\\/index.php\\\/2025\\\/05\\\/08\\\/lorca-acoge-este-fin-de-semana-la-final-regional-de-atletismo-del-programa-de-actividad-fisica-y-deporte-en-edad-escolar\\\/#breadcrumb\"},\"inLanguage\":\"es\",\"potentialAction\":[{\"@type\":\"ReadAction\",\"target\":[\"https:\\\/\\\/arealorcaradio.es\\\/index.php\\\/2025\\\/05\\\/08\\\/lorca-acoge-este-fin-de-semana-la-final-regional-de-atletismo-del-programa-de-actividad-fisica-y-deporte-en-edad-escolar\\\/\"]}]},{\"@type\":\"ImageObject\",\"inLanguage\":\"es\",\"@id\":\"https:\\\/\\\/arealorcaradio.es\\\/index.php\\\/2025\\\/05\\\/08\\\/lorca-acoge-este-fin-de-semana-la-final-regional-de-atletismo-del-programa-de-actividad-fisica-y-deporte-en-edad-escolar\\\/#primaryimage\",\"url\":\"https:\\\/\\\/arealorcaradio.es\\\/wp-content\\\/uploads\\\/2025\\\/05\\\/FOTO1-9.jpeg\",\"contentUrl\":\"https:\\\/\\\/arealorcaradio.es\\\/wp-content\\\/uploads\\\/2025\\\/05\\\/FOTO1-9.jpeg\",\"width\":1600,\"height\":900},{\"@type\":\"BreadcrumbList\",\"@id\":\"https:\\\/\\\/arealorcaradio.es\\\/index.php\\\/2025\\\/05\\\/08\\\/lorca-acoge-este-fin-de-semana-la-final-regional-de-atletismo-del-programa-de-actividad-fisica-y-deporte-en-edad-escolar\\\/#breadcrumb\",\"itemListElement\":[{\"@type\":\"ListItem\",\"position\":1,\"name\":\"Portada\",\"item\":\"https:\\\/\\\/arealorcaradio.es\\\/\"},{\"@type\":\"ListItem\",\"position\":2,\"name\":\"Lorca acoge este fin de semana la final regional de atletismo del &#8216;Programa de Actividad F\u00edsica y Deporte en Edad Escolar&#8217;\"}]},{\"@type\":\"WebSite\",\"@id\":\"https:\\\/\\\/arealorcaradio.es\\\/#website\",\"url\":\"https:\\\/\\\/arealorcaradio.es\\\/\",\"name\":\"AREA LORCA RADIO\",\"description\":\"Descubre la programaci\u00f3n actual en \u00c1rea Lorca Radio, tu fuente de entrenamiento y noticias locales. Sintoniza ahora y mantente conectado online.\",\"potentialAction\":[{\"@type\":\"SearchAction\",\"target\":{\"@type\":\"EntryPoint\",\"urlTemplate\":\"https:\\\/\\\/arealorcaradio.es\\\/?s={search_term_string}\"},\"query-input\":{\"@type\":\"PropertyValueSpecification\",\"valueRequired\":true,\"valueName\":\"search_term_string\"}}],\"inLanguage\":\"es\"},{\"@type\":\"Person\",\"@id\":\"https:\\\/\\\/arealorcaradio.es\\\/#\\\/schema\\\/person\\\/9fae605fc25b0f2c83c1ab207139bd27\",\"name\":\"Paco S\u00e1nchez\",\"image\":{\"@type\":\"ImageObject\",\"inLanguage\":\"es\",\"@id\":\"https:\\\/\\\/secure.gravatar.com\\\/avatar\\\/d67144e966420fb74aa84c9f2a0103be4724fd14db52b52d3b6bca749f257e79?s=96&d=mm&r=g\",\"url\":\"https:\\\/\\\/secure.gravatar.com\\\/avatar\\\/d67144e966420fb74aa84c9f2a0103be4724fd14db52b52d3b6bca749f257e79?s=96&d=mm&r=g\",\"contentUrl\":\"https:\\\/\\\/secure.gravatar.com\\\/avatar\\\/d67144e966420fb74aa84c9f2a0103be4724fd14db52b52d3b6bca749f257e79?s=96&d=mm&r=g\",\"caption\":\"Paco S\u00e1nchez\"},\"sameAs\":[\"https:\\\/\\\/arealorcaradio.es\"],\"url\":\"https:\\\/\\\/arealorcaradio.es\\\/index.php\\\/author\\\/admin_alorcaradio\\\/\"}]}<\/script>\n<!-- \/ Yoast SEO plugin. -->","yoast_head_json":{"title":"Lorca acoge este fin de semana la final regional de atletismo del 'Programa de Actividad F\u00edsica y Deporte en Edad Escolar' - AREA LORCA RADIO","robots":{"index":"index","follow":"follow","max-snippet":"max-snippet:-1","max-image-preview":"max-image-preview:large","max-video-preview":"max-video-preview:-1"},"canonical":"https:\/\/arealorcaradio.es\/index.php\/2025\/05\/08\/lorca-acoge-este-fin-de-semana-la-final-regional-de-atletismo-del-programa-de-actividad-fisica-y-deporte-en-edad-escolar\/","og_locale":"es_ES","og_type":"article","og_title":"Lorca acoge este fin de semana la final regional de atletismo del 'Programa de Actividad F\u00edsica y Deporte en Edad Escolar' - AREA LORCA RADIO","og_description":"\u00c1REA LORCA RADIO. Deportes. Lorca, 8 de mayo de 2025.\u00a0El programa regional &#8216;Actividad F\u00edsica y Deporte en Edad Escolar&#8217; (AFDEE) tiene este fin de semana una cita importante en Lorca con la final regional de atletismo para las categor\u00edas alev\u00edn, infantil, juvenil y cadete. La pista de atletismo &#8216;\u00darsula Ruiz&#8217; del complejo deportivo Gin\u00e9s Antonio [&hellip;]","og_url":"https:\/\/arealorcaradio.es\/index.php\/2025\/05\/08\/lorca-acoge-este-fin-de-semana-la-final-regional-de-atletismo-del-programa-de-actividad-fisica-y-deporte-en-edad-escolar\/","og_site_name":"AREA LORCA RADIO","article_published_time":"2025-05-08T10:23:46+00:00","og_image":[{"width":1600,"height":900,"url":"https:\/\/arealorcaradio.es\/wp-content\/uploads\/2025\/05\/FOTO1-9.jpeg","type":"image\/jpeg"}],"author":"Paco S\u00e1nchez","twitter_card":"summary_large_image","twitter_misc":{"Escrito por":"Paco S\u00e1nchez","Tiempo de lectura":"3 minutos"},"schema":{"@context":"https:\/\/schema.org","@graph":[{"@type":"Article","@id":"https:\/\/arealorcaradio.es\/index.php\/2025\/05\/08\/lorca-acoge-este-fin-de-semana-la-final-regional-de-atletismo-del-programa-de-actividad-fisica-y-deporte-en-edad-escolar\/#article","isPartOf":{"@id":"https:\/\/arealorcaradio.es\/index.php\/2025\/05\/08\/lorca-acoge-este-fin-de-semana-la-final-regional-de-atletismo-del-programa-de-actividad-fisica-y-deporte-en-edad-escolar\/"},"author":{"name":"Paco S\u00e1nchez","@id":"https:\/\/arealorcaradio.es\/#\/schema\/person\/9fae605fc25b0f2c83c1ab207139bd27"},"headline":"Lorca acoge este fin de semana la final regional de atletismo del &#8216;Programa de Actividad F\u00edsica y Deporte en Edad Escolar&#8217;","datePublished":"2025-05-08T10:23:46+00:00","mainEntityOfPage":{"@id":"https:\/\/arealorcaradio.es\/index.php\/2025\/05\/08\/lorca-acoge-este-fin-de-semana-la-final-regional-de-atletismo-del-programa-de-actividad-fisica-y-deporte-en-edad-escolar\/"},"wordCount":499,"commentCount":0,"image":{"@id":"https:\/\/arealorcaradio.es\/index.php\/2025\/05\/08\/lorca-acoge-este-fin-de-semana-la-final-regional-de-atletismo-del-programa-de-actividad-fisica-y-deporte-en-edad-escolar\/#primaryimage"},"thumbnailUrl":"https:\/\/arealorcaradio.es\/wp-content\/uploads\/2025\/05\/FOTO1-9.jpeg","articleSection":["DEPORTES","LORCA"],"inLanguage":"es","potentialAction":[{"@type":"CommentAction","name":"Comment","target":["https:\/\/arealorcaradio.es\/index.php\/2025\/05\/08\/lorca-acoge-este-fin-de-semana-la-final-regional-de-atletismo-del-programa-de-actividad-fisica-y-deporte-en-edad-escolar\/#respond"]}]},{"@type":"WebPage","@id":"https:\/\/arealorcaradio.es\/index.php\/2025\/05\/08\/lorca-acoge-este-fin-de-semana-la-final-regional-de-atletismo-del-programa-de-actividad-fisica-y-deporte-en-edad-escolar\/","url":"https:\/\/arealorcaradio.es\/index.php\/2025\/05\/08\/lorca-acoge-este-fin-de-semana-la-final-regional-de-atletismo-del-programa-de-actividad-fisica-y-deporte-en-edad-escolar\/","name":"Lorca acoge este fin de semana la final regional de atletismo del 'Programa de Actividad F\u00edsica y Deporte en Edad Escolar' - AREA LORCA RADIO","isPartOf":{"@id":"https:\/\/arealorcaradio.es\/#website"},"primaryImageOfPage":{"@id":"https:\/\/arealorcaradio.es\/index.php\/2025\/05\/08\/lorca-acoge-este-fin-de-semana-la-final-regional-de-atletismo-del-programa-de-actividad-fisica-y-deporte-en-edad-escolar\/#primaryimage"},"image":{"@id":"https:\/\/arealorcaradio.es\/index.php\/2025\/05\/08\/lorca-acoge-este-fin-de-semana-la-final-regional-de-atletismo-del-programa-de-actividad-fisica-y-deporte-en-edad-escolar\/#primaryimage"},"thumbnailUrl":"https:\/\/arealorcaradio.es\/wp-content\/uploads\/2025\/05\/FOTO1-9.jpeg","datePublished":"2025-05-08T10:23:46+00:00","author":{"@id":"https:\/\/arealorcaradio.es\/#\/schema\/person\/9fae605fc25b0f2c83c1ab207139bd27"},"breadcrumb":{"@id":"https:\/\/arealorcaradio.es\/index.php\/2025\/05\/08\/lorca-acoge-este-fin-de-semana-la-final-regional-de-atletismo-del-programa-de-actividad-fisica-y-deporte-en-edad-escolar\/#breadcrumb"},"inLanguage":"es","potentialAction":[{"@type":"ReadAction","target":["https:\/\/arealorcaradio.es\/index.php\/2025\/05\/08\/lorca-acoge-este-fin-de-semana-la-final-regional-de-atletismo-del-programa-de-actividad-fisica-y-deporte-en-edad-escolar\/"]}]},{"@type":"ImageObject","inLanguage":"es","@id":"https:\/\/arealorcaradio.es\/index.php\/2025\/05\/08\/lorca-acoge-este-fin-de-semana-la-final-regional-de-atletismo-del-programa-de-actividad-fisica-y-deporte-en-edad-escolar\/#primaryimage","url":"https:\/\/arealorcaradio.es\/wp-content\/uploads\/2025\/05\/FOTO1-9.jpeg","contentUrl":"https:\/\/arealorcaradio.es\/wp-content\/uploads\/2025\/05\/FOTO1-9.jpeg","width":1600,"height":900},{"@type":"BreadcrumbList","@id":"https:\/\/arealorcaradio.es\/index.php\/2025\/05\/08\/lorca-acoge-este-fin-de-semana-la-final-regional-de-atletismo-del-programa-de-actividad-fisica-y-deporte-en-edad-escolar\/#breadcrumb","itemListElement":[{"@type":"ListItem","position":1,"name":"Portada","item":"https:\/\/arealorcaradio.es\/"},{"@type":"ListItem","position":2,"name":"Lorca acoge este fin de semana la final regional de atletismo del &#8216;Programa de Actividad F\u00edsica y Deporte en Edad Escolar&#8217;"}]},{"@type":"WebSite","@id":"https:\/\/arealorcaradio.es\/#website","url":"https:\/\/arealorcaradio.es\/","name":"AREA LORCA RADIO","description":"Descubre la programaci\u00f3n actual en \u00c1rea Lorca Radio, tu fuente de entrenamiento y noticias locales. Sintoniza ahora y mantente conectado online.","potentialAction":[{"@type":"SearchAction","target":{"@type":"EntryPoint","urlTemplate":"https:\/\/arealorcaradio.es\/?s={search_term_string}"},"query-input":{"@type":"PropertyValueSpecification","valueRequired":true,"valueName":"search_term_string"}}],"inLanguage":"es"},{"@type":"Person","@id":"https:\/\/arealorcaradio.es\/#\/schema\/person\/9fae605fc25b0f2c83c1ab207139bd27","name":"Paco S\u00e1nchez","image":{"@type":"ImageObject","inLanguage":"es","@id":"https:\/\/secure.gravatar.com\/avatar\/d67144e966420fb74aa84c9f2a0103be4724fd14db52b52d3b6bca749f257e79?s=96&d=mm&r=g","url":"https:\/\/secure.gravatar.com\/avatar\/d67144e966420fb74aa84c9f2a0103be4724fd14db52b52d3b6bca749f257e79?s=96&d=mm&r=g","contentUrl":"https:\/\/secure.gravatar.com\/avatar\/d67144e966420fb74aa84c9f2a0103be4724fd14db52b52d3b6bca749f257e79?s=96&d=mm&r=g","caption":"Paco S\u00e1nchez"},"sameAs":["https:\/\/arealorcaradio.es"],"url":"https:\/\/arealorcaradio.es\/index.php\/author\/admin_alorcaradio\/"}]}},"_links":{"self":[{"href":"https:\/\/arealorcaradio.es\/index.php\/wp-json\/wp\/v2\/posts\/6446","targetHints":{"allow":["GET"]}}],"collection":[{"href":"https:\/\/arealorcaradio.es\/index.php\/wp-json\/wp\/v2\/posts"}],"about":[{"href":"https:\/\/arealorcaradio.es\/index.php\/wp-json\/wp\/v2\/types\/post"}],"author":[{"embeddable":true,"href":"https:\/\/arealorcaradio.es\/index.php\/wp-json\/wp\/v2\/users\/1"}],"replies":[{"embeddable":true,"href":"https:\/\/arealorcaradio.es\/index.php\/wp-json\/wp\/v2\/comments?post=6446"}],"version-history":[{"count":1,"href":"https:\/\/arealorcaradio.es\/index.php\/wp-json\/wp\/v2\/posts\/6446\/revisions"}],"predecessor-version":[{"id":6449,"href":"https:\/\/arealorcaradio.es\/index.php\/wp-json\/wp\/v2\/posts\/6446\/revisions\/6449"}],"wp:featuredmedia":[{"embeddable":true,"href":"https:\/\/arealorcaradio.es\/index.php\/wp-json\/wp\/v2\/media\/6448"}],"wp:attachment":[{"href":"https:\/\/arealorcaradio.es\/index.php\/wp-json\/wp\/v2\/media?parent=6446"}],"wp:term":[{"taxonomy":"category","embeddable":true,"href":"https:\/\/arealorcaradio.es\/index.php\/wp-json\/wp\/v2\/categories?post=6446"},{"taxonomy":"post_tag","embeddable":true,"href":"https:\/\/arealorcaradio.es\/index.php\/wp-json\/wp\/v2\/tags?post=6446"}],"curies":[{"name":"wp","href":"https:\/\/api.w.org\/{rel}","templated":true}]}}