{"id":6443,"date":"2025-05-08T10:15:05","date_gmt":"2025-05-08T10:15:05","guid":{"rendered":"https:\/\/arealorcaradio.es\/?p=6443"},"modified":"2025-05-08T10:15:05","modified_gmt":"2025-05-08T10:15:05","slug":"isabel-casalduero-presenta-su-candidatura-a-la-secretaria-general-al-del-partido-socialista-en-lorca","status":"publish","type":"post","link":"https:\/\/arealorcaradio.es\/index.php\/2025\/05\/08\/isabel-casalduero-presenta-su-candidatura-a-la-secretaria-general-al-del-partido-socialista-en-lorca\/","title":{"rendered":"Isabel Casalduero presenta su candidatura a la Secretar\u00eda General al del Partido Socialista en Lorca"},"content":{"rendered":"<p><strong>\u00c1REA LORCA RADIO. Actualidad.<\/strong><\/p>\n<p><strong>Lorca, 07 de mayo de 2025. <\/strong>En el marco de la reuni\u00f3n celebrada por la Comisi\u00f3n Ejecutiva del Partido Socialista de Lorca, se acord\u00f3 la convocatoria de la pr\u00f3xima Asamblea para la elecci\u00f3n de una nueva direcci\u00f3n del partido, fijada para el viernes 16 de mayo. En este contexto, Isabel Casalduero, actual portavoz del Grupo Municipal Socialista, ha anunciado su intenci\u00f3n de presentarse como candidata a la Secretar\u00eda General del PSOE lorquino.<\/p>\n<p dir=\"ltr\">\u201cHe tomado esta decisi\u00f3n desde la m\u00e1s profunda responsabilidad y con toda la ilusi\u00f3n\u201d, ha declarado Casalduero, quien ha subrayado su compromiso con la militancia y con la ciudadan\u00eda de Lorca. \u201cMe presento a este reto llena de energ\u00eda, de ilusi\u00f3n y de compromiso, respaldada por el impulso de compa\u00f1eros, militantes y vecinos y vecinas que creen en un proyecto integrador y de futuro\u201d, ha a\u00f1adido.<\/p>\n<p dir=\"ltr\">Casalduero ha expresado su respeto por el valor hist\u00f3rico de la agrupaci\u00f3n socialista en Lorca y ha apelado a la esperanza de iniciar una nueva etapa ilusionante para la militancia y para toda la sociedad lorquina. \u201cNuestro objetivo es recuperar la pasi\u00f3n por Lorca y que el PSOE vuelva a ser un referente para la ciudadan\u00eda\u201d, ha afirmado.<\/p>\n<p dir=\"ltr\">La candidata ha insistido en su voluntad de abrir un nuevo tiempo para la agrupaci\u00f3n socialista, \u201cun proyecto sin etiquetas, sin distinciones, donde todas las voces cuenten: desde la experiencia hasta la energ\u00eda de los m\u00e1s j\u00f3venes\u201d. Ha defendido un partido fuerte, plural, alejado de la polarizaci\u00f3n, y centrado en el respeto, el entendimiento y la construcci\u00f3n colectiva.<\/p>\n<p dir=\"ltr\">Isabel Casalduero ha destacado adem\u00e1s el significado de su candidatura como posible primera mujer en liderar el PSOE de Lorca. \u201cMe honra ser parte de este momento hist\u00f3rico. Mi objetivo, si logro la confianza de la militancia, es que el partido vuelva a ser ese instrumento transformador que tanto necesita nuestra ciudad\u201d, ha se\u00f1alado. \u201cUn proyecto, que mire por los j\u00f3venes, por los mayores, por la cultura y por la maravillosa diversidad territorial de nuestro municipio como se\u00f1a de identidad de Lorca\u201d.<\/p>\n<p dir=\"ltr\">Finalmente, Casalduero ha defendido la necesidad de una voz reivindicativa y firme ante todas las administraciones, \u201cgobierne quien gobierne\u201d. Ha cerrado su intervenci\u00f3n reafirmando su compromiso con una pol\u00edtica \u00fatil, cercana y centrada en las verdaderas preocupaciones de los ciudadanos. \u201cNo son tiempos f\u00e1ciles, pero este partido est\u00e1 preparado. Tenemos la valent\u00eda y el compromiso necesarios para ser la voz que construya una Lorca mejor para todas y todos, para volver a ser\u201d, ha concluido.<\/p>\n","protected":false},"excerpt":{"rendered":"<p>\u00c1REA LORCA RADIO. Actualidad. Lorca, 07 de mayo de 2025. En el marco de la reuni\u00f3n celebrada por la Comisi\u00f3n Ejecutiva del Partido Socialista de Lorca, se acord\u00f3 la convocatoria de la pr\u00f3xima Asamblea para la elecci\u00f3n de una nueva direcci\u00f3n del partido, fijada para el viernes 16 de mayo. En este contexto, Isabel Casalduero, [&hellip;]<\/p>\n","protected":false},"author":1,"featured_media":6444,"comment_status":"open","ping_status":"open","sticky":false,"template":"","format":"standard","meta":{"iawp_total_views":1,"footnotes":""},"categories":[5,7],"tags":[],"class_list":["post-6443","post","type-post","status-publish","format-standard","has-post-thumbnail","hentry","category-actualidad","category-lorca"],"yoast_head":"<!-- This site is optimized with the Yoast SEO plugin v27.5 - https:\/\/yoast.com\/product\/yoast-seo-wordpress\/ -->\n<title>Isabel Casalduero presenta su candidatura a la Secretar\u00eda General al del Partido Socialista en Lorca - AREA LORCA RADIO<\/title>\n<meta name=\"robots\" content=\"index, follow, max-snippet:-1, max-image-preview:large, max-video-preview:-1\" \/>\n<link rel=\"canonical\" href=\"https:\/\/arealorcaradio.es\/index.php\/2025\/05\/08\/isabel-casalduero-presenta-su-candidatura-a-la-secretaria-general-al-del-partido-socialista-en-lorca\/\" \/>\n<meta property=\"og:locale\" content=\"es_ES\" \/>\n<meta property=\"og:type\" content=\"article\" \/>\n<meta property=\"og:title\" content=\"Isabel Casalduero presenta su candidatura a la Secretar\u00eda General al del Partido Socialista en Lorca - AREA LORCA RADIO\" \/>\n<meta property=\"og:description\" content=\"\u00c1REA LORCA RADIO. Actualidad. Lorca, 07 de mayo de 2025. En el marco de la reuni\u00f3n celebrada por la Comisi\u00f3n Ejecutiva del Partido Socialista de Lorca, se acord\u00f3 la convocatoria de la pr\u00f3xima Asamblea para la elecci\u00f3n de una nueva direcci\u00f3n del partido, fijada para el viernes 16 de mayo. En este contexto, Isabel Casalduero, [&hellip;]\" \/>\n<meta property=\"og:url\" content=\"https:\/\/arealorcaradio.es\/index.php\/2025\/05\/08\/isabel-casalduero-presenta-su-candidatura-a-la-secretaria-general-al-del-partido-socialista-en-lorca\/\" \/>\n<meta property=\"og:site_name\" content=\"AREA LORCA RADIO\" \/>\n<meta property=\"article:published_time\" content=\"2025-05-08T10:15:05+00:00\" \/>\n<meta property=\"og:image\" content=\"https:\/\/arealorcaradio.es\/wp-content\/uploads\/2025\/05\/WhatsApp-Image-2025-05-07-at-12.40.09.jpeg\" \/>\n\t<meta property=\"og:image:width\" content=\"1620\" \/>\n\t<meta property=\"og:image:height\" content=\"1080\" \/>\n\t<meta property=\"og:image:type\" content=\"image\/jpeg\" \/>\n<meta name=\"author\" content=\"Paco S\u00e1nchez\" \/>\n<meta name=\"twitter:card\" content=\"summary_large_image\" \/>\n<meta name=\"twitter:label1\" content=\"Escrito por\" \/>\n\t<meta name=\"twitter:data1\" content=\"Paco S\u00e1nchez\" \/>\n\t<meta name=\"twitter:label2\" content=\"Tiempo de lectura\" \/>\n\t<meta name=\"twitter:data2\" content=\"3 minutos\" \/>\n<script type=\"application\/ld+json\" class=\"yoast-schema-graph\">{\"@context\":\"https:\\\/\\\/schema.org\",\"@graph\":[{\"@type\":\"Article\",\"@id\":\"https:\\\/\\\/arealorcaradio.es\\\/index.php\\\/2025\\\/05\\\/08\\\/isabel-casalduero-presenta-su-candidatura-a-la-secretaria-general-al-del-partido-socialista-en-lorca\\\/#article\",\"isPartOf\":{\"@id\":\"https:\\\/\\\/arealorcaradio.es\\\/index.php\\\/2025\\\/05\\\/08\\\/isabel-casalduero-presenta-su-candidatura-a-la-secretaria-general-al-del-partido-socialista-en-lorca\\\/\"},\"author\":{\"name\":\"Paco S\u00e1nchez\",\"@id\":\"https:\\\/\\\/arealorcaradio.es\\\/#\\\/schema\\\/person\\\/9fae605fc25b0f2c83c1ab207139bd27\"},\"headline\":\"Isabel Casalduero presenta su candidatura a la Secretar\u00eda General al del Partido Socialista en Lorca\",\"datePublished\":\"2025-05-08T10:15:05+00:00\",\"mainEntityOfPage\":{\"@id\":\"https:\\\/\\\/arealorcaradio.es\\\/index.php\\\/2025\\\/05\\\/08\\\/isabel-casalduero-presenta-su-candidatura-a-la-secretaria-general-al-del-partido-socialista-en-lorca\\\/\"},\"wordCount\":462,\"commentCount\":0,\"image\":{\"@id\":\"https:\\\/\\\/arealorcaradio.es\\\/index.php\\\/2025\\\/05\\\/08\\\/isabel-casalduero-presenta-su-candidatura-a-la-secretaria-general-al-del-partido-socialista-en-lorca\\\/#primaryimage\"},\"thumbnailUrl\":\"https:\\\/\\\/arealorcaradio.es\\\/wp-content\\\/uploads\\\/2025\\\/05\\\/WhatsApp-Image-2025-05-07-at-12.40.09.jpeg\",\"articleSection\":[\"ACTUALIDAD\",\"LORCA\"],\"inLanguage\":\"es\",\"potentialAction\":[{\"@type\":\"CommentAction\",\"name\":\"Comment\",\"target\":[\"https:\\\/\\\/arealorcaradio.es\\\/index.php\\\/2025\\\/05\\\/08\\\/isabel-casalduero-presenta-su-candidatura-a-la-secretaria-general-al-del-partido-socialista-en-lorca\\\/#respond\"]}]},{\"@type\":\"WebPage\",\"@id\":\"https:\\\/\\\/arealorcaradio.es\\\/index.php\\\/2025\\\/05\\\/08\\\/isabel-casalduero-presenta-su-candidatura-a-la-secretaria-general-al-del-partido-socialista-en-lorca\\\/\",\"url\":\"https:\\\/\\\/arealorcaradio.es\\\/index.php\\\/2025\\\/05\\\/08\\\/isabel-casalduero-presenta-su-candidatura-a-la-secretaria-general-al-del-partido-socialista-en-lorca\\\/\",\"name\":\"Isabel Casalduero presenta su candidatura a la Secretar\u00eda General al del Partido Socialista en Lorca - AREA LORCA RADIO\",\"isPartOf\":{\"@id\":\"https:\\\/\\\/arealorcaradio.es\\\/#website\"},\"primaryImageOfPage\":{\"@id\":\"https:\\\/\\\/arealorcaradio.es\\\/index.php\\\/2025\\\/05\\\/08\\\/isabel-casalduero-presenta-su-candidatura-a-la-secretaria-general-al-del-partido-socialista-en-lorca\\\/#primaryimage\"},\"image\":{\"@id\":\"https:\\\/\\\/arealorcaradio.es\\\/index.php\\\/2025\\\/05\\\/08\\\/isabel-casalduero-presenta-su-candidatura-a-la-secretaria-general-al-del-partido-socialista-en-lorca\\\/#primaryimage\"},\"thumbnailUrl\":\"https:\\\/\\\/arealorcaradio.es\\\/wp-content\\\/uploads\\\/2025\\\/05\\\/WhatsApp-Image-2025-05-07-at-12.40.09.jpeg\",\"datePublished\":\"2025-05-08T10:15:05+00:00\",\"author\":{\"@id\":\"https:\\\/\\\/arealorcaradio.es\\\/#\\\/schema\\\/person\\\/9fae605fc25b0f2c83c1ab207139bd27\"},\"breadcrumb\":{\"@id\":\"https:\\\/\\\/arealorcaradio.es\\\/index.php\\\/2025\\\/05\\\/08\\\/isabel-casalduero-presenta-su-candidatura-a-la-secretaria-general-al-del-partido-socialista-en-lorca\\\/#breadcrumb\"},\"inLanguage\":\"es\",\"potentialAction\":[{\"@type\":\"ReadAction\",\"target\":[\"https:\\\/\\\/arealorcaradio.es\\\/index.php\\\/2025\\\/05\\\/08\\\/isabel-casalduero-presenta-su-candidatura-a-la-secretaria-general-al-del-partido-socialista-en-lorca\\\/\"]}]},{\"@type\":\"ImageObject\",\"inLanguage\":\"es\",\"@id\":\"https:\\\/\\\/arealorcaradio.es\\\/index.php\\\/2025\\\/05\\\/08\\\/isabel-casalduero-presenta-su-candidatura-a-la-secretaria-general-al-del-partido-socialista-en-lorca\\\/#primaryimage\",\"url\":\"https:\\\/\\\/arealorcaradio.es\\\/wp-content\\\/uploads\\\/2025\\\/05\\\/WhatsApp-Image-2025-05-07-at-12.40.09.jpeg\",\"contentUrl\":\"https:\\\/\\\/arealorcaradio.es\\\/wp-content\\\/uploads\\\/2025\\\/05\\\/WhatsApp-Image-2025-05-07-at-12.40.09.jpeg\",\"width\":1620,\"height\":1080},{\"@type\":\"BreadcrumbList\",\"@id\":\"https:\\\/\\\/arealorcaradio.es\\\/index.php\\\/2025\\\/05\\\/08\\\/isabel-casalduero-presenta-su-candidatura-a-la-secretaria-general-al-del-partido-socialista-en-lorca\\\/#breadcrumb\",\"itemListElement\":[{\"@type\":\"ListItem\",\"position\":1,\"name\":\"Portada\",\"item\":\"https:\\\/\\\/arealorcaradio.es\\\/\"},{\"@type\":\"ListItem\",\"position\":2,\"name\":\"Isabel Casalduero presenta su candidatura a la Secretar\u00eda General al del Partido Socialista en Lorca\"}]},{\"@type\":\"WebSite\",\"@id\":\"https:\\\/\\\/arealorcaradio.es\\\/#website\",\"url\":\"https:\\\/\\\/arealorcaradio.es\\\/\",\"name\":\"AREA LORCA RADIO\",\"description\":\"Descubre la programaci\u00f3n actual en \u00c1rea Lorca Radio, tu fuente de entrenamiento y noticias locales. Sintoniza ahora y mantente conectado online.\",\"potentialAction\":[{\"@type\":\"SearchAction\",\"target\":{\"@type\":\"EntryPoint\",\"urlTemplate\":\"https:\\\/\\\/arealorcaradio.es\\\/?s={search_term_string}\"},\"query-input\":{\"@type\":\"PropertyValueSpecification\",\"valueRequired\":true,\"valueName\":\"search_term_string\"}}],\"inLanguage\":\"es\"},{\"@type\":\"Person\",\"@id\":\"https:\\\/\\\/arealorcaradio.es\\\/#\\\/schema\\\/person\\\/9fae605fc25b0f2c83c1ab207139bd27\",\"name\":\"Paco S\u00e1nchez\",\"image\":{\"@type\":\"ImageObject\",\"inLanguage\":\"es\",\"@id\":\"https:\\\/\\\/secure.gravatar.com\\\/avatar\\\/d67144e966420fb74aa84c9f2a0103be4724fd14db52b52d3b6bca749f257e79?s=96&d=mm&r=g\",\"url\":\"https:\\\/\\\/secure.gravatar.com\\\/avatar\\\/d67144e966420fb74aa84c9f2a0103be4724fd14db52b52d3b6bca749f257e79?s=96&d=mm&r=g\",\"contentUrl\":\"https:\\\/\\\/secure.gravatar.com\\\/avatar\\\/d67144e966420fb74aa84c9f2a0103be4724fd14db52b52d3b6bca749f257e79?s=96&d=mm&r=g\",\"caption\":\"Paco S\u00e1nchez\"},\"sameAs\":[\"https:\\\/\\\/arealorcaradio.es\"],\"url\":\"https:\\\/\\\/arealorcaradio.es\\\/index.php\\\/author\\\/admin_alorcaradio\\\/\"}]}<\/script>\n<!-- \/ Yoast SEO plugin. -->","yoast_head_json":{"title":"Isabel Casalduero presenta su candidatura a la Secretar\u00eda General al del Partido Socialista en Lorca - AREA LORCA RADIO","robots":{"index":"index","follow":"follow","max-snippet":"max-snippet:-1","max-image-preview":"max-image-preview:large","max-video-preview":"max-video-preview:-1"},"canonical":"https:\/\/arealorcaradio.es\/index.php\/2025\/05\/08\/isabel-casalduero-presenta-su-candidatura-a-la-secretaria-general-al-del-partido-socialista-en-lorca\/","og_locale":"es_ES","og_type":"article","og_title":"Isabel Casalduero presenta su candidatura a la Secretar\u00eda General al del Partido Socialista en Lorca - AREA LORCA RADIO","og_description":"\u00c1REA LORCA RADIO. Actualidad. Lorca, 07 de mayo de 2025. En el marco de la reuni\u00f3n celebrada por la Comisi\u00f3n Ejecutiva del Partido Socialista de Lorca, se acord\u00f3 la convocatoria de la pr\u00f3xima Asamblea para la elecci\u00f3n de una nueva direcci\u00f3n del partido, fijada para el viernes 16 de mayo. En este contexto, Isabel Casalduero, [&hellip;]","og_url":"https:\/\/arealorcaradio.es\/index.php\/2025\/05\/08\/isabel-casalduero-presenta-su-candidatura-a-la-secretaria-general-al-del-partido-socialista-en-lorca\/","og_site_name":"AREA LORCA RADIO","article_published_time":"2025-05-08T10:15:05+00:00","og_image":[{"width":1620,"height":1080,"url":"https:\/\/arealorcaradio.es\/wp-content\/uploads\/2025\/05\/WhatsApp-Image-2025-05-07-at-12.40.09.jpeg","type":"image\/jpeg"}],"author":"Paco S\u00e1nchez","twitter_card":"summary_large_image","twitter_misc":{"Escrito por":"Paco S\u00e1nchez","Tiempo de lectura":"3 minutos"},"schema":{"@context":"https:\/\/schema.org","@graph":[{"@type":"Article","@id":"https:\/\/arealorcaradio.es\/index.php\/2025\/05\/08\/isabel-casalduero-presenta-su-candidatura-a-la-secretaria-general-al-del-partido-socialista-en-lorca\/#article","isPartOf":{"@id":"https:\/\/arealorcaradio.es\/index.php\/2025\/05\/08\/isabel-casalduero-presenta-su-candidatura-a-la-secretaria-general-al-del-partido-socialista-en-lorca\/"},"author":{"name":"Paco S\u00e1nchez","@id":"https:\/\/arealorcaradio.es\/#\/schema\/person\/9fae605fc25b0f2c83c1ab207139bd27"},"headline":"Isabel Casalduero presenta su candidatura a la Secretar\u00eda General al del Partido Socialista en Lorca","datePublished":"2025-05-08T10:15:05+00:00","mainEntityOfPage":{"@id":"https:\/\/arealorcaradio.es\/index.php\/2025\/05\/08\/isabel-casalduero-presenta-su-candidatura-a-la-secretaria-general-al-del-partido-socialista-en-lorca\/"},"wordCount":462,"commentCount":0,"image":{"@id":"https:\/\/arealorcaradio.es\/index.php\/2025\/05\/08\/isabel-casalduero-presenta-su-candidatura-a-la-secretaria-general-al-del-partido-socialista-en-lorca\/#primaryimage"},"thumbnailUrl":"https:\/\/arealorcaradio.es\/wp-content\/uploads\/2025\/05\/WhatsApp-Image-2025-05-07-at-12.40.09.jpeg","articleSection":["ACTUALIDAD","LORCA"],"inLanguage":"es","potentialAction":[{"@type":"CommentAction","name":"Comment","target":["https:\/\/arealorcaradio.es\/index.php\/2025\/05\/08\/isabel-casalduero-presenta-su-candidatura-a-la-secretaria-general-al-del-partido-socialista-en-lorca\/#respond"]}]},{"@type":"WebPage","@id":"https:\/\/arealorcaradio.es\/index.php\/2025\/05\/08\/isabel-casalduero-presenta-su-candidatura-a-la-secretaria-general-al-del-partido-socialista-en-lorca\/","url":"https:\/\/arealorcaradio.es\/index.php\/2025\/05\/08\/isabel-casalduero-presenta-su-candidatura-a-la-secretaria-general-al-del-partido-socialista-en-lorca\/","name":"Isabel Casalduero presenta su candidatura a la Secretar\u00eda General al del Partido Socialista en Lorca - AREA LORCA RADIO","isPartOf":{"@id":"https:\/\/arealorcaradio.es\/#website"},"primaryImageOfPage":{"@id":"https:\/\/arealorcaradio.es\/index.php\/2025\/05\/08\/isabel-casalduero-presenta-su-candidatura-a-la-secretaria-general-al-del-partido-socialista-en-lorca\/#primaryimage"},"image":{"@id":"https:\/\/arealorcaradio.es\/index.php\/2025\/05\/08\/isabel-casalduero-presenta-su-candidatura-a-la-secretaria-general-al-del-partido-socialista-en-lorca\/#primaryimage"},"thumbnailUrl":"https:\/\/arealorcaradio.es\/wp-content\/uploads\/2025\/05\/WhatsApp-Image-2025-05-07-at-12.40.09.jpeg","datePublished":"2025-05-08T10:15:05+00:00","author":{"@id":"https:\/\/arealorcaradio.es\/#\/schema\/person\/9fae605fc25b0f2c83c1ab207139bd27"},"breadcrumb":{"@id":"https:\/\/arealorcaradio.es\/index.php\/2025\/05\/08\/isabel-casalduero-presenta-su-candidatura-a-la-secretaria-general-al-del-partido-socialista-en-lorca\/#breadcrumb"},"inLanguage":"es","potentialAction":[{"@type":"ReadAction","target":["https:\/\/arealorcaradio.es\/index.php\/2025\/05\/08\/isabel-casalduero-presenta-su-candidatura-a-la-secretaria-general-al-del-partido-socialista-en-lorca\/"]}]},{"@type":"ImageObject","inLanguage":"es","@id":"https:\/\/arealorcaradio.es\/index.php\/2025\/05\/08\/isabel-casalduero-presenta-su-candidatura-a-la-secretaria-general-al-del-partido-socialista-en-lorca\/#primaryimage","url":"https:\/\/arealorcaradio.es\/wp-content\/uploads\/2025\/05\/WhatsApp-Image-2025-05-07-at-12.40.09.jpeg","contentUrl":"https:\/\/arealorcaradio.es\/wp-content\/uploads\/2025\/05\/WhatsApp-Image-2025-05-07-at-12.40.09.jpeg","width":1620,"height":1080},{"@type":"BreadcrumbList","@id":"https:\/\/arealorcaradio.es\/index.php\/2025\/05\/08\/isabel-casalduero-presenta-su-candidatura-a-la-secretaria-general-al-del-partido-socialista-en-lorca\/#breadcrumb","itemListElement":[{"@type":"ListItem","position":1,"name":"Portada","item":"https:\/\/arealorcaradio.es\/"},{"@type":"ListItem","position":2,"name":"Isabel Casalduero presenta su candidatura a la Secretar\u00eda General al del Partido Socialista en Lorca"}]},{"@type":"WebSite","@id":"https:\/\/arealorcaradio.es\/#website","url":"https:\/\/arealorcaradio.es\/","name":"AREA LORCA RADIO","description":"Descubre la programaci\u00f3n actual en \u00c1rea Lorca Radio, tu fuente de entrenamiento y noticias locales. Sintoniza ahora y mantente conectado online.","potentialAction":[{"@type":"SearchAction","target":{"@type":"EntryPoint","urlTemplate":"https:\/\/arealorcaradio.es\/?s={search_term_string}"},"query-input":{"@type":"PropertyValueSpecification","valueRequired":true,"valueName":"search_term_string"}}],"inLanguage":"es"},{"@type":"Person","@id":"https:\/\/arealorcaradio.es\/#\/schema\/person\/9fae605fc25b0f2c83c1ab207139bd27","name":"Paco S\u00e1nchez","image":{"@type":"ImageObject","inLanguage":"es","@id":"https:\/\/secure.gravatar.com\/avatar\/d67144e966420fb74aa84c9f2a0103be4724fd14db52b52d3b6bca749f257e79?s=96&d=mm&r=g","url":"https:\/\/secure.gravatar.com\/avatar\/d67144e966420fb74aa84c9f2a0103be4724fd14db52b52d3b6bca749f257e79?s=96&d=mm&r=g","contentUrl":"https:\/\/secure.gravatar.com\/avatar\/d67144e966420fb74aa84c9f2a0103be4724fd14db52b52d3b6bca749f257e79?s=96&d=mm&r=g","caption":"Paco S\u00e1nchez"},"sameAs":["https:\/\/arealorcaradio.es"],"url":"https:\/\/arealorcaradio.es\/index.php\/author\/admin_alorcaradio\/"}]}},"_links":{"self":[{"href":"https:\/\/arealorcaradio.es\/index.php\/wp-json\/wp\/v2\/posts\/6443","targetHints":{"allow":["GET"]}}],"collection":[{"href":"https:\/\/arealorcaradio.es\/index.php\/wp-json\/wp\/v2\/posts"}],"about":[{"href":"https:\/\/arealorcaradio.es\/index.php\/wp-json\/wp\/v2\/types\/post"}],"author":[{"embeddable":true,"href":"https:\/\/arealorcaradio.es\/index.php\/wp-json\/wp\/v2\/users\/1"}],"replies":[{"embeddable":true,"href":"https:\/\/arealorcaradio.es\/index.php\/wp-json\/wp\/v2\/comments?post=6443"}],"version-history":[{"count":1,"href":"https:\/\/arealorcaradio.es\/index.php\/wp-json\/wp\/v2\/posts\/6443\/revisions"}],"predecessor-version":[{"id":6445,"href":"https:\/\/arealorcaradio.es\/index.php\/wp-json\/wp\/v2\/posts\/6443\/revisions\/6445"}],"wp:featuredmedia":[{"embeddable":true,"href":"https:\/\/arealorcaradio.es\/index.php\/wp-json\/wp\/v2\/media\/6444"}],"wp:attachment":[{"href":"https:\/\/arealorcaradio.es\/index.php\/wp-json\/wp\/v2\/media?parent=6443"}],"wp:term":[{"taxonomy":"category","embeddable":true,"href":"https:\/\/arealorcaradio.es\/index.php\/wp-json\/wp\/v2\/categories?post=6443"},{"taxonomy":"post_tag","embeddable":true,"href":"https:\/\/arealorcaradio.es\/index.php\/wp-json\/wp\/v2\/tags?post=6443"}],"curies":[{"name":"wp","href":"https:\/\/api.w.org\/{rel}","templated":true}]}}