{"id":6416,"date":"2025-05-07T09:10:37","date_gmt":"2025-05-07T09:10:37","guid":{"rendered":"https:\/\/arealorcaradio.es\/?p=6416"},"modified":"2025-05-07T09:17:48","modified_gmt":"2025-05-07T09:17:48","slug":"este-sabado-10-de-mayo-el-parque-de-la-rambla-de-las-senoritas-de-la-vina-acoge-el-iv-entero-rock","status":"publish","type":"post","link":"https:\/\/arealorcaradio.es\/index.php\/2025\/05\/07\/este-sabado-10-de-mayo-el-parque-de-la-rambla-de-las-senoritas-de-la-vina-acoge-el-iv-entero-rock\/","title":{"rendered":"Este s\u00e1bado 10 de mayo el Parque de la Rambla de las Se\u00f1oritas de La Vi\u00f1a acoge el \u00abIV Entero Rock\u00bb"},"content":{"rendered":"<p><strong>\u00c1REA LORCA RADIO. Cultura y Sociedad.<\/strong><\/p>\n<p>Escucha aqu\u00ed la entrevista que han concedido a Paco S\u00e1nchez dos de los componentes de la Asociaci\u00f3n Cultural Jos\u00e9 Alberto Lario Bastida \u00abEl Flori\u00bb, por un lado L\u00e1zaro M\u00e9ndez, por otro Antonio Vidal, tambi\u00e9n componente de la banda lorquina Debaho Band. Ambos nos cuentan con detalle en el programa magazine de \u00c1rea Lorca Radio, como transcurrir\u00e1 una jornada que comenzar\u00e1 a las 11 horas con la entrega de Premios del 4\u00ba Certamen de Relatos Cortos en sus tres categor\u00edas. Posteriormente sobre las 14 horas ser\u00e1 el turno para la gastronom\u00eda con paella y bebida por 5 euros. A las 15 horas comenzar\u00e1 el IV Entero Rock con participaci\u00f3n de grupos que seguro han que los asistentes lo pasen en grande. Esta jornada de convivencia es ben\u00e9fica por lo que la recaudaci\u00f3n ser\u00e1 destinada en un 50% a la AECC, un 25% a la Asociaci\u00f3n Down Lorca y el 25% restante al Tel\u00e9fono de la Esperanza de Lorca. Hasta pasada la media noche habr\u00e1 buena m\u00fasica con servicio de barra para todos los asistentes.<\/p>\n<audio class=\"wp-audio-shortcode\" id=\"audio-6416-1\" preload=\"none\" style=\"width: 100%;\" controls=\"controls\"><source type=\"audio\/mpeg\" src=\"https:\/\/arealorcaradio.es\/wp-content\/uploads\/2025\/05\/060525-LAZARO-MENDEZ-Y-ANTONIO-VIDAL.-ENTERO-ROCK.mp3?_=1\" \/><a href=\"https:\/\/arealorcaradio.es\/wp-content\/uploads\/2025\/05\/060525-LAZARO-MENDEZ-Y-ANTONIO-VIDAL.-ENTERO-ROCK.mp3\">https:\/\/arealorcaradio.es\/wp-content\/uploads\/2025\/05\/060525-LAZARO-MENDEZ-Y-ANTONIO-VIDAL.-ENTERO-ROCK.mp3<\/a><\/audio>\n<p><img loading=\"lazy\" decoding=\"async\" class=\"alignnone size-medium wp-image-6418\" src=\"https:\/\/arealorcaradio.es\/wp-content\/uploads\/2025\/05\/20250506_173019-225x300.jpg\" alt=\"\" width=\"225\" height=\"300\" srcset=\"https:\/\/arealorcaradio.es\/wp-content\/uploads\/2025\/05\/20250506_173019-225x300.jpg 225w, https:\/\/arealorcaradio.es\/wp-content\/uploads\/2025\/05\/20250506_173019-768x1024.jpg 768w, https:\/\/arealorcaradio.es\/wp-content\/uploads\/2025\/05\/20250506_173019-1152x1536.jpg 1152w, https:\/\/arealorcaradio.es\/wp-content\/uploads\/2025\/05\/20250506_173019-1536x2048.jpg 1536w, https:\/\/arealorcaradio.es\/wp-content\/uploads\/2025\/05\/20250506_173019-scaled.jpg 1920w\" sizes=\"auto, (max-width: 225px) 100vw, 225px\" \/> \u00a0<img loading=\"lazy\" decoding=\"async\" class=\"alignnone size-medium wp-image-6419\" src=\"https:\/\/arealorcaradio.es\/wp-content\/uploads\/2025\/05\/IMG-20250206-WA0040-212x300.jpg\" alt=\"\" width=\"212\" height=\"300\" srcset=\"https:\/\/arealorcaradio.es\/wp-content\/uploads\/2025\/05\/IMG-20250206-WA0040-212x300.jpg 212w, https:\/\/arealorcaradio.es\/wp-content\/uploads\/2025\/05\/IMG-20250206-WA0040-724x1024.jpg 724w, https:\/\/arealorcaradio.es\/wp-content\/uploads\/2025\/05\/IMG-20250206-WA0040-768x1086.jpg 768w, https:\/\/arealorcaradio.es\/wp-content\/uploads\/2025\/05\/IMG-20250206-WA0040-1086x1536.jpg 1086w, https:\/\/arealorcaradio.es\/wp-content\/uploads\/2025\/05\/IMG-20250206-WA0040.jpg 1131w\" sizes=\"auto, (max-width: 212px) 100vw, 212px\" \/><\/p>\n","protected":false},"excerpt":{"rendered":"<p>\u00c1REA LORCA RADIO. Cultura y Sociedad. Escucha aqu\u00ed la entrevista que han concedido a Paco S\u00e1nchez dos de los componentes de la Asociaci\u00f3n Cultural Jos\u00e9 Alberto Lario Bastida \u00abEl Flori\u00bb, por un lado L\u00e1zaro M\u00e9ndez, por otro Antonio Vidal, tambi\u00e9n componente de la banda lorquina Debaho Band. Ambos nos cuentan con detalle en el programa [&hellip;]<\/p>\n","protected":false},"author":1,"featured_media":6420,"comment_status":"open","ping_status":"open","sticky":false,"template":"","format":"standard","meta":{"iawp_total_views":130,"footnotes":""},"categories":[5,7],"tags":[],"class_list":["post-6416","post","type-post","status-publish","format-standard","has-post-thumbnail","hentry","category-actualidad","category-lorca"],"yoast_head":"<!-- This site is optimized with the Yoast SEO plugin v27.5 - https:\/\/yoast.com\/product\/yoast-seo-wordpress\/ -->\n<title>Este s\u00e1bado 10 de mayo el Parque de la Rambla de las Se\u00f1oritas de La Vi\u00f1a acoge el &quot;IV Entero Rock&quot; - AREA LORCA RADIO<\/title>\n<meta name=\"robots\" content=\"index, follow, max-snippet:-1, max-image-preview:large, max-video-preview:-1\" \/>\n<link rel=\"canonical\" href=\"https:\/\/arealorcaradio.es\/index.php\/2025\/05\/07\/este-sabado-10-de-mayo-el-parque-de-la-rambla-de-las-senoritas-de-la-vina-acoge-el-iv-entero-rock\/\" \/>\n<meta property=\"og:locale\" content=\"es_ES\" \/>\n<meta property=\"og:type\" content=\"article\" \/>\n<meta property=\"og:title\" content=\"Este s\u00e1bado 10 de mayo el Parque de la Rambla de las Se\u00f1oritas de La Vi\u00f1a acoge el &quot;IV Entero Rock&quot; - AREA LORCA RADIO\" \/>\n<meta property=\"og:description\" content=\"\u00c1REA LORCA RADIO. Cultura y Sociedad. Escucha aqu\u00ed la entrevista que han concedido a Paco S\u00e1nchez dos de los componentes de la Asociaci\u00f3n Cultural Jos\u00e9 Alberto Lario Bastida \u00abEl Flori\u00bb, por un lado L\u00e1zaro M\u00e9ndez, por otro Antonio Vidal, tambi\u00e9n componente de la banda lorquina Debaho Band. Ambos nos cuentan con detalle en el programa [&hellip;]\" \/>\n<meta property=\"og:url\" content=\"https:\/\/arealorcaradio.es\/index.php\/2025\/05\/07\/este-sabado-10-de-mayo-el-parque-de-la-rambla-de-las-senoritas-de-la-vina-acoge-el-iv-entero-rock\/\" \/>\n<meta property=\"og:site_name\" content=\"AREA LORCA RADIO\" \/>\n<meta property=\"article:published_time\" content=\"2025-05-07T09:10:37+00:00\" \/>\n<meta property=\"article:modified_time\" content=\"2025-05-07T09:17:48+00:00\" \/>\n<meta property=\"og:image\" content=\"https:\/\/arealorcaradio.es\/wp-content\/uploads\/2025\/05\/20250506_173010-scaled.jpg\" \/>\n\t<meta property=\"og:image:width\" content=\"2560\" \/>\n\t<meta property=\"og:image:height\" content=\"1920\" \/>\n\t<meta property=\"og:image:type\" content=\"image\/jpeg\" \/>\n<meta name=\"author\" content=\"Paco S\u00e1nchez\" \/>\n<meta name=\"twitter:card\" content=\"summary_large_image\" \/>\n<meta name=\"twitter:label1\" content=\"Escrito por\" \/>\n\t<meta name=\"twitter:data1\" content=\"Paco S\u00e1nchez\" \/>\n\t<meta name=\"twitter:label2\" content=\"Tiempo de lectura\" \/>\n\t<meta name=\"twitter:data2\" content=\"2 minutos\" \/>\n<script type=\"application\/ld+json\" class=\"yoast-schema-graph\">{\"@context\":\"https:\\\/\\\/schema.org\",\"@graph\":[{\"@type\":\"Article\",\"@id\":\"https:\\\/\\\/arealorcaradio.es\\\/index.php\\\/2025\\\/05\\\/07\\\/este-sabado-10-de-mayo-el-parque-de-la-rambla-de-las-senoritas-de-la-vina-acoge-el-iv-entero-rock\\\/#article\",\"isPartOf\":{\"@id\":\"https:\\\/\\\/arealorcaradio.es\\\/index.php\\\/2025\\\/05\\\/07\\\/este-sabado-10-de-mayo-el-parque-de-la-rambla-de-las-senoritas-de-la-vina-acoge-el-iv-entero-rock\\\/\"},\"author\":{\"name\":\"Paco S\u00e1nchez\",\"@id\":\"https:\\\/\\\/arealorcaradio.es\\\/#\\\/schema\\\/person\\\/9fae605fc25b0f2c83c1ab207139bd27\"},\"headline\":\"Este s\u00e1bado 10 de mayo el Parque de la Rambla de las Se\u00f1oritas de La Vi\u00f1a acoge el \u00abIV Entero Rock\u00bb\",\"datePublished\":\"2025-05-07T09:10:37+00:00\",\"dateModified\":\"2025-05-07T09:17:48+00:00\",\"mainEntityOfPage\":{\"@id\":\"https:\\\/\\\/arealorcaradio.es\\\/index.php\\\/2025\\\/05\\\/07\\\/este-sabado-10-de-mayo-el-parque-de-la-rambla-de-las-senoritas-de-la-vina-acoge-el-iv-entero-rock\\\/\"},\"wordCount\":218,\"commentCount\":0,\"image\":{\"@id\":\"https:\\\/\\\/arealorcaradio.es\\\/index.php\\\/2025\\\/05\\\/07\\\/este-sabado-10-de-mayo-el-parque-de-la-rambla-de-las-senoritas-de-la-vina-acoge-el-iv-entero-rock\\\/#primaryimage\"},\"thumbnailUrl\":\"https:\\\/\\\/arealorcaradio.es\\\/wp-content\\\/uploads\\\/2025\\\/05\\\/20250506_173010-scaled.jpg\",\"articleSection\":[\"ACTUALIDAD\",\"LORCA\"],\"inLanguage\":\"es\",\"potentialAction\":[{\"@type\":\"CommentAction\",\"name\":\"Comment\",\"target\":[\"https:\\\/\\\/arealorcaradio.es\\\/index.php\\\/2025\\\/05\\\/07\\\/este-sabado-10-de-mayo-el-parque-de-la-rambla-de-las-senoritas-de-la-vina-acoge-el-iv-entero-rock\\\/#respond\"]}]},{\"@type\":\"WebPage\",\"@id\":\"https:\\\/\\\/arealorcaradio.es\\\/index.php\\\/2025\\\/05\\\/07\\\/este-sabado-10-de-mayo-el-parque-de-la-rambla-de-las-senoritas-de-la-vina-acoge-el-iv-entero-rock\\\/\",\"url\":\"https:\\\/\\\/arealorcaradio.es\\\/index.php\\\/2025\\\/05\\\/07\\\/este-sabado-10-de-mayo-el-parque-de-la-rambla-de-las-senoritas-de-la-vina-acoge-el-iv-entero-rock\\\/\",\"name\":\"Este s\u00e1bado 10 de mayo el Parque de la Rambla de las Se\u00f1oritas de La Vi\u00f1a acoge el \\\"IV Entero Rock\\\" - AREA LORCA RADIO\",\"isPartOf\":{\"@id\":\"https:\\\/\\\/arealorcaradio.es\\\/#website\"},\"primaryImageOfPage\":{\"@id\":\"https:\\\/\\\/arealorcaradio.es\\\/index.php\\\/2025\\\/05\\\/07\\\/este-sabado-10-de-mayo-el-parque-de-la-rambla-de-las-senoritas-de-la-vina-acoge-el-iv-entero-rock\\\/#primaryimage\"},\"image\":{\"@id\":\"https:\\\/\\\/arealorcaradio.es\\\/index.php\\\/2025\\\/05\\\/07\\\/este-sabado-10-de-mayo-el-parque-de-la-rambla-de-las-senoritas-de-la-vina-acoge-el-iv-entero-rock\\\/#primaryimage\"},\"thumbnailUrl\":\"https:\\\/\\\/arealorcaradio.es\\\/wp-content\\\/uploads\\\/2025\\\/05\\\/20250506_173010-scaled.jpg\",\"datePublished\":\"2025-05-07T09:10:37+00:00\",\"dateModified\":\"2025-05-07T09:17:48+00:00\",\"author\":{\"@id\":\"https:\\\/\\\/arealorcaradio.es\\\/#\\\/schema\\\/person\\\/9fae605fc25b0f2c83c1ab207139bd27\"},\"breadcrumb\":{\"@id\":\"https:\\\/\\\/arealorcaradio.es\\\/index.php\\\/2025\\\/05\\\/07\\\/este-sabado-10-de-mayo-el-parque-de-la-rambla-de-las-senoritas-de-la-vina-acoge-el-iv-entero-rock\\\/#breadcrumb\"},\"inLanguage\":\"es\",\"potentialAction\":[{\"@type\":\"ReadAction\",\"target\":[\"https:\\\/\\\/arealorcaradio.es\\\/index.php\\\/2025\\\/05\\\/07\\\/este-sabado-10-de-mayo-el-parque-de-la-rambla-de-las-senoritas-de-la-vina-acoge-el-iv-entero-rock\\\/\"]}]},{\"@type\":\"ImageObject\",\"inLanguage\":\"es\",\"@id\":\"https:\\\/\\\/arealorcaradio.es\\\/index.php\\\/2025\\\/05\\\/07\\\/este-sabado-10-de-mayo-el-parque-de-la-rambla-de-las-senoritas-de-la-vina-acoge-el-iv-entero-rock\\\/#primaryimage\",\"url\":\"https:\\\/\\\/arealorcaradio.es\\\/wp-content\\\/uploads\\\/2025\\\/05\\\/20250506_173010-scaled.jpg\",\"contentUrl\":\"https:\\\/\\\/arealorcaradio.es\\\/wp-content\\\/uploads\\\/2025\\\/05\\\/20250506_173010-scaled.jpg\",\"width\":2560,\"height\":1920},{\"@type\":\"BreadcrumbList\",\"@id\":\"https:\\\/\\\/arealorcaradio.es\\\/index.php\\\/2025\\\/05\\\/07\\\/este-sabado-10-de-mayo-el-parque-de-la-rambla-de-las-senoritas-de-la-vina-acoge-el-iv-entero-rock\\\/#breadcrumb\",\"itemListElement\":[{\"@type\":\"ListItem\",\"position\":1,\"name\":\"Portada\",\"item\":\"https:\\\/\\\/arealorcaradio.es\\\/\"},{\"@type\":\"ListItem\",\"position\":2,\"name\":\"Este s\u00e1bado 10 de mayo el Parque de la Rambla de las Se\u00f1oritas de La Vi\u00f1a acoge el \u00abIV Entero Rock\u00bb\"}]},{\"@type\":\"WebSite\",\"@id\":\"https:\\\/\\\/arealorcaradio.es\\\/#website\",\"url\":\"https:\\\/\\\/arealorcaradio.es\\\/\",\"name\":\"AREA LORCA RADIO\",\"description\":\"Descubre la programaci\u00f3n actual en \u00c1rea Lorca Radio, tu fuente de entrenamiento y noticias locales. Sintoniza ahora y mantente conectado online.\",\"potentialAction\":[{\"@type\":\"SearchAction\",\"target\":{\"@type\":\"EntryPoint\",\"urlTemplate\":\"https:\\\/\\\/arealorcaradio.es\\\/?s={search_term_string}\"},\"query-input\":{\"@type\":\"PropertyValueSpecification\",\"valueRequired\":true,\"valueName\":\"search_term_string\"}}],\"inLanguage\":\"es\"},{\"@type\":\"Person\",\"@id\":\"https:\\\/\\\/arealorcaradio.es\\\/#\\\/schema\\\/person\\\/9fae605fc25b0f2c83c1ab207139bd27\",\"name\":\"Paco S\u00e1nchez\",\"image\":{\"@type\":\"ImageObject\",\"inLanguage\":\"es\",\"@id\":\"https:\\\/\\\/secure.gravatar.com\\\/avatar\\\/d67144e966420fb74aa84c9f2a0103be4724fd14db52b52d3b6bca749f257e79?s=96&d=mm&r=g\",\"url\":\"https:\\\/\\\/secure.gravatar.com\\\/avatar\\\/d67144e966420fb74aa84c9f2a0103be4724fd14db52b52d3b6bca749f257e79?s=96&d=mm&r=g\",\"contentUrl\":\"https:\\\/\\\/secure.gravatar.com\\\/avatar\\\/d67144e966420fb74aa84c9f2a0103be4724fd14db52b52d3b6bca749f257e79?s=96&d=mm&r=g\",\"caption\":\"Paco S\u00e1nchez\"},\"sameAs\":[\"https:\\\/\\\/arealorcaradio.es\"],\"url\":\"https:\\\/\\\/arealorcaradio.es\\\/index.php\\\/author\\\/admin_alorcaradio\\\/\"}]}<\/script>\n<!-- \/ Yoast SEO plugin. -->","yoast_head_json":{"title":"Este s\u00e1bado 10 de mayo el Parque de la Rambla de las Se\u00f1oritas de La Vi\u00f1a acoge el \"IV Entero Rock\" - AREA LORCA RADIO","robots":{"index":"index","follow":"follow","max-snippet":"max-snippet:-1","max-image-preview":"max-image-preview:large","max-video-preview":"max-video-preview:-1"},"canonical":"https:\/\/arealorcaradio.es\/index.php\/2025\/05\/07\/este-sabado-10-de-mayo-el-parque-de-la-rambla-de-las-senoritas-de-la-vina-acoge-el-iv-entero-rock\/","og_locale":"es_ES","og_type":"article","og_title":"Este s\u00e1bado 10 de mayo el Parque de la Rambla de las Se\u00f1oritas de La Vi\u00f1a acoge el \"IV Entero Rock\" - AREA LORCA RADIO","og_description":"\u00c1REA LORCA RADIO. Cultura y Sociedad. Escucha aqu\u00ed la entrevista que han concedido a Paco S\u00e1nchez dos de los componentes de la Asociaci\u00f3n Cultural Jos\u00e9 Alberto Lario Bastida \u00abEl Flori\u00bb, por un lado L\u00e1zaro M\u00e9ndez, por otro Antonio Vidal, tambi\u00e9n componente de la banda lorquina Debaho Band. Ambos nos cuentan con detalle en el programa [&hellip;]","og_url":"https:\/\/arealorcaradio.es\/index.php\/2025\/05\/07\/este-sabado-10-de-mayo-el-parque-de-la-rambla-de-las-senoritas-de-la-vina-acoge-el-iv-entero-rock\/","og_site_name":"AREA LORCA RADIO","article_published_time":"2025-05-07T09:10:37+00:00","article_modified_time":"2025-05-07T09:17:48+00:00","og_image":[{"width":2560,"height":1920,"url":"https:\/\/arealorcaradio.es\/wp-content\/uploads\/2025\/05\/20250506_173010-scaled.jpg","type":"image\/jpeg"}],"author":"Paco S\u00e1nchez","twitter_card":"summary_large_image","twitter_misc":{"Escrito por":"Paco S\u00e1nchez","Tiempo de lectura":"2 minutos"},"schema":{"@context":"https:\/\/schema.org","@graph":[{"@type":"Article","@id":"https:\/\/arealorcaradio.es\/index.php\/2025\/05\/07\/este-sabado-10-de-mayo-el-parque-de-la-rambla-de-las-senoritas-de-la-vina-acoge-el-iv-entero-rock\/#article","isPartOf":{"@id":"https:\/\/arealorcaradio.es\/index.php\/2025\/05\/07\/este-sabado-10-de-mayo-el-parque-de-la-rambla-de-las-senoritas-de-la-vina-acoge-el-iv-entero-rock\/"},"author":{"name":"Paco S\u00e1nchez","@id":"https:\/\/arealorcaradio.es\/#\/schema\/person\/9fae605fc25b0f2c83c1ab207139bd27"},"headline":"Este s\u00e1bado 10 de mayo el Parque de la Rambla de las Se\u00f1oritas de La Vi\u00f1a acoge el \u00abIV Entero Rock\u00bb","datePublished":"2025-05-07T09:10:37+00:00","dateModified":"2025-05-07T09:17:48+00:00","mainEntityOfPage":{"@id":"https:\/\/arealorcaradio.es\/index.php\/2025\/05\/07\/este-sabado-10-de-mayo-el-parque-de-la-rambla-de-las-senoritas-de-la-vina-acoge-el-iv-entero-rock\/"},"wordCount":218,"commentCount":0,"image":{"@id":"https:\/\/arealorcaradio.es\/index.php\/2025\/05\/07\/este-sabado-10-de-mayo-el-parque-de-la-rambla-de-las-senoritas-de-la-vina-acoge-el-iv-entero-rock\/#primaryimage"},"thumbnailUrl":"https:\/\/arealorcaradio.es\/wp-content\/uploads\/2025\/05\/20250506_173010-scaled.jpg","articleSection":["ACTUALIDAD","LORCA"],"inLanguage":"es","potentialAction":[{"@type":"CommentAction","name":"Comment","target":["https:\/\/arealorcaradio.es\/index.php\/2025\/05\/07\/este-sabado-10-de-mayo-el-parque-de-la-rambla-de-las-senoritas-de-la-vina-acoge-el-iv-entero-rock\/#respond"]}]},{"@type":"WebPage","@id":"https:\/\/arealorcaradio.es\/index.php\/2025\/05\/07\/este-sabado-10-de-mayo-el-parque-de-la-rambla-de-las-senoritas-de-la-vina-acoge-el-iv-entero-rock\/","url":"https:\/\/arealorcaradio.es\/index.php\/2025\/05\/07\/este-sabado-10-de-mayo-el-parque-de-la-rambla-de-las-senoritas-de-la-vina-acoge-el-iv-entero-rock\/","name":"Este s\u00e1bado 10 de mayo el Parque de la Rambla de las Se\u00f1oritas de La Vi\u00f1a acoge el \"IV Entero Rock\" - AREA LORCA RADIO","isPartOf":{"@id":"https:\/\/arealorcaradio.es\/#website"},"primaryImageOfPage":{"@id":"https:\/\/arealorcaradio.es\/index.php\/2025\/05\/07\/este-sabado-10-de-mayo-el-parque-de-la-rambla-de-las-senoritas-de-la-vina-acoge-el-iv-entero-rock\/#primaryimage"},"image":{"@id":"https:\/\/arealorcaradio.es\/index.php\/2025\/05\/07\/este-sabado-10-de-mayo-el-parque-de-la-rambla-de-las-senoritas-de-la-vina-acoge-el-iv-entero-rock\/#primaryimage"},"thumbnailUrl":"https:\/\/arealorcaradio.es\/wp-content\/uploads\/2025\/05\/20250506_173010-scaled.jpg","datePublished":"2025-05-07T09:10:37+00:00","dateModified":"2025-05-07T09:17:48+00:00","author":{"@id":"https:\/\/arealorcaradio.es\/#\/schema\/person\/9fae605fc25b0f2c83c1ab207139bd27"},"breadcrumb":{"@id":"https:\/\/arealorcaradio.es\/index.php\/2025\/05\/07\/este-sabado-10-de-mayo-el-parque-de-la-rambla-de-las-senoritas-de-la-vina-acoge-el-iv-entero-rock\/#breadcrumb"},"inLanguage":"es","potentialAction":[{"@type":"ReadAction","target":["https:\/\/arealorcaradio.es\/index.php\/2025\/05\/07\/este-sabado-10-de-mayo-el-parque-de-la-rambla-de-las-senoritas-de-la-vina-acoge-el-iv-entero-rock\/"]}]},{"@type":"ImageObject","inLanguage":"es","@id":"https:\/\/arealorcaradio.es\/index.php\/2025\/05\/07\/este-sabado-10-de-mayo-el-parque-de-la-rambla-de-las-senoritas-de-la-vina-acoge-el-iv-entero-rock\/#primaryimage","url":"https:\/\/arealorcaradio.es\/wp-content\/uploads\/2025\/05\/20250506_173010-scaled.jpg","contentUrl":"https:\/\/arealorcaradio.es\/wp-content\/uploads\/2025\/05\/20250506_173010-scaled.jpg","width":2560,"height":1920},{"@type":"BreadcrumbList","@id":"https:\/\/arealorcaradio.es\/index.php\/2025\/05\/07\/este-sabado-10-de-mayo-el-parque-de-la-rambla-de-las-senoritas-de-la-vina-acoge-el-iv-entero-rock\/#breadcrumb","itemListElement":[{"@type":"ListItem","position":1,"name":"Portada","item":"https:\/\/arealorcaradio.es\/"},{"@type":"ListItem","position":2,"name":"Este s\u00e1bado 10 de mayo el Parque de la Rambla de las Se\u00f1oritas de La Vi\u00f1a acoge el \u00abIV Entero Rock\u00bb"}]},{"@type":"WebSite","@id":"https:\/\/arealorcaradio.es\/#website","url":"https:\/\/arealorcaradio.es\/","name":"AREA LORCA RADIO","description":"Descubre la programaci\u00f3n actual en \u00c1rea Lorca Radio, tu fuente de entrenamiento y noticias locales. Sintoniza ahora y mantente conectado online.","potentialAction":[{"@type":"SearchAction","target":{"@type":"EntryPoint","urlTemplate":"https:\/\/arealorcaradio.es\/?s={search_term_string}"},"query-input":{"@type":"PropertyValueSpecification","valueRequired":true,"valueName":"search_term_string"}}],"inLanguage":"es"},{"@type":"Person","@id":"https:\/\/arealorcaradio.es\/#\/schema\/person\/9fae605fc25b0f2c83c1ab207139bd27","name":"Paco S\u00e1nchez","image":{"@type":"ImageObject","inLanguage":"es","@id":"https:\/\/secure.gravatar.com\/avatar\/d67144e966420fb74aa84c9f2a0103be4724fd14db52b52d3b6bca749f257e79?s=96&d=mm&r=g","url":"https:\/\/secure.gravatar.com\/avatar\/d67144e966420fb74aa84c9f2a0103be4724fd14db52b52d3b6bca749f257e79?s=96&d=mm&r=g","contentUrl":"https:\/\/secure.gravatar.com\/avatar\/d67144e966420fb74aa84c9f2a0103be4724fd14db52b52d3b6bca749f257e79?s=96&d=mm&r=g","caption":"Paco S\u00e1nchez"},"sameAs":["https:\/\/arealorcaradio.es"],"url":"https:\/\/arealorcaradio.es\/index.php\/author\/admin_alorcaradio\/"}]}},"_links":{"self":[{"href":"https:\/\/arealorcaradio.es\/index.php\/wp-json\/wp\/v2\/posts\/6416","targetHints":{"allow":["GET"]}}],"collection":[{"href":"https:\/\/arealorcaradio.es\/index.php\/wp-json\/wp\/v2\/posts"}],"about":[{"href":"https:\/\/arealorcaradio.es\/index.php\/wp-json\/wp\/v2\/types\/post"}],"author":[{"embeddable":true,"href":"https:\/\/arealorcaradio.es\/index.php\/wp-json\/wp\/v2\/users\/1"}],"replies":[{"embeddable":true,"href":"https:\/\/arealorcaradio.es\/index.php\/wp-json\/wp\/v2\/comments?post=6416"}],"version-history":[{"count":2,"href":"https:\/\/arealorcaradio.es\/index.php\/wp-json\/wp\/v2\/posts\/6416\/revisions"}],"predecessor-version":[{"id":6422,"href":"https:\/\/arealorcaradio.es\/index.php\/wp-json\/wp\/v2\/posts\/6416\/revisions\/6422"}],"wp:featuredmedia":[{"embeddable":true,"href":"https:\/\/arealorcaradio.es\/index.php\/wp-json\/wp\/v2\/media\/6420"}],"wp:attachment":[{"href":"https:\/\/arealorcaradio.es\/index.php\/wp-json\/wp\/v2\/media?parent=6416"}],"wp:term":[{"taxonomy":"category","embeddable":true,"href":"https:\/\/arealorcaradio.es\/index.php\/wp-json\/wp\/v2\/categories?post=6416"},{"taxonomy":"post_tag","embeddable":true,"href":"https:\/\/arealorcaradio.es\/index.php\/wp-json\/wp\/v2\/tags?post=6416"}],"curies":[{"name":"wp","href":"https:\/\/api.w.org\/{rel}","templated":true}]}}