{"id":6405,"date":"2025-05-06T11:17:00","date_gmt":"2025-05-06T11:17:00","guid":{"rendered":"https:\/\/arealorcaradio.es\/?p=6405"},"modified":"2025-05-06T11:17:00","modified_gmt":"2025-05-06T11:17:00","slug":"el-centro-caser-residencial-alameda-de-lorca-amplia-sus-plazas-psicogeriatricas","status":"publish","type":"post","link":"https:\/\/arealorcaradio.es\/index.php\/2025\/05\/06\/el-centro-caser-residencial-alameda-de-lorca-amplia-sus-plazas-psicogeriatricas\/","title":{"rendered":"El centro Caser Residencial Alameda de Lorca ampl\u00eda sus\u00a0plazas psicogeri\u00e1tricas"},"content":{"rendered":"<p><strong>\u00c1REA LORCA RADIO. Mayores.<\/strong><\/p>\n<p class=\"v1MsoNormal\"><b>Lorca, 6 de mayo de 2025.\u00a0<\/b>El centro Caser Residencial Alameda de Lorca aumentar\u00e1 sus plazas psicogeri\u00e1tricas, pasando de 14 a 19 plazas, una ampliaci\u00f3n que llega de la mano del Gobierno regional, a trav\u00e9s de la Consejer\u00eda de Pol\u00edtica Social, Familias e Igualdad.<\/p>\n<p class=\"v1MsoNormal\">Este incremento ha sido posible gracias a la financiaci\u00f3n de 95.000 euros que la Comunidad ha destinado a la entidad para la mejora de infraestructuras y de servicios, as\u00ed como para la adquisici\u00f3n de nuevos equipamientos dirigidos a fomentar la autonom\u00eda y el envejecimiento activo de sus cerca de 150 residentes de Lorca.<\/p>\n<p class=\"v1MsoNormal\">Una ayuda que tambi\u00e9n est\u00e1 permitiendo mejorar la eficiencia energ\u00e9tica del centro y la creaci\u00f3n de zonas m\u00e1s independientes para generar mayor intimidad a los residentes.<\/p>\n<p class=\"v1MsoNormal\">As\u00ed lo ha trasladado la edil del Mayor, Mayte Mart\u00ednez, durante su visita a la nueva unidad de psicogeriatr\u00eda de la residencia, que tambi\u00e9n se ha visto remodelada con esta financiaci\u00f3n, enmarcada dentro del plan regional &#8216;M\u00e1s que un Hogar&#8217;, y en la que ha estado acompa\u00f1ada, por la consejera de Pol\u00edtica Social, Conchita Ruiz, el director territorial Zona Sur Caser Residencial, Arturo \u00dabeda, y la directora de la residencia, Paz Campos.<\/p>\n<p class=\"v1MsoNormal\"><img loading=\"lazy\" decoding=\"async\" class=\"alignnone size-medium wp-image-6406\" src=\"https:\/\/arealorcaradio.es\/wp-content\/uploads\/2025\/05\/foto3-7-300x200.jpeg\" alt=\"\" width=\"300\" height=\"200\" srcset=\"https:\/\/arealorcaradio.es\/wp-content\/uploads\/2025\/05\/foto3-7-300x200.jpeg 300w, https:\/\/arealorcaradio.es\/wp-content\/uploads\/2025\/05\/foto3-7-1024x683.jpeg 1024w, https:\/\/arealorcaradio.es\/wp-content\/uploads\/2025\/05\/foto3-7-768x512.jpeg 768w, https:\/\/arealorcaradio.es\/wp-content\/uploads\/2025\/05\/foto3-7-1536x1024.jpeg 1536w, https:\/\/arealorcaradio.es\/wp-content\/uploads\/2025\/05\/foto3-7-2048x1365.jpeg 2048w\" sizes=\"auto, (max-width: 300px) 100vw, 300px\" \/> <img loading=\"lazy\" decoding=\"async\" class=\"alignnone size-medium wp-image-6407\" src=\"https:\/\/arealorcaradio.es\/wp-content\/uploads\/2025\/05\/foto4-3-300x200.jpeg\" alt=\"\" width=\"300\" height=\"200\" srcset=\"https:\/\/arealorcaradio.es\/wp-content\/uploads\/2025\/05\/foto4-3-300x200.jpeg 300w, https:\/\/arealorcaradio.es\/wp-content\/uploads\/2025\/05\/foto4-3-1024x683.jpeg 1024w, https:\/\/arealorcaradio.es\/wp-content\/uploads\/2025\/05\/foto4-3-768x512.jpeg 768w, https:\/\/arealorcaradio.es\/wp-content\/uploads\/2025\/05\/foto4-3-1536x1024.jpeg 1536w, https:\/\/arealorcaradio.es\/wp-content\/uploads\/2025\/05\/foto4-3-2048x1365.jpeg 2048w\" sizes=\"auto, (max-width: 300px) 100vw, 300px\" \/><\/p>\n<p class=\"v1MsoNormal\">Conchita Ruiz ha destacado que \u00abestamos reconvirtiendo las residencias de la Regi\u00f3n en espacios cada vez m\u00e1s confortables y adaptados a las necesidades de las personas. Ya no s\u00f3lo se trata de ofrecer apoyo especializado, atendiendo al historial personal y cl\u00ednico de cada residente, sino de que se sientan como en casa, rodeados de comodidades y de la privacidad que necesitan\u00bb.<\/p>\n<p class=\"v1MsoNormal\">La edil ha querido agradecer a la Comunidad Aut\u00f3noma \u00absu apuesta incondicional por pol\u00edticas e iniciativas dirigidas a mejorar el bienestar de nuestros mayores mediante l\u00edneas de financiaci\u00f3n que posibiliten nuevos servicios y ampl\u00eden la oferta en el municipio\u00bb.<\/p>\n<p class=\"v1MsoNormal\">El plan regional &#8216;M\u00e1s que un Hogar&#8217; est\u00e1 llegando a m\u00e1s de 200 centros residenciales y de d\u00eda de personas mayores y de discapacidad. El prop\u00f3sito es que el nuevo modelo de cuidados de larga duraci\u00f3n se vaya implantando de forma progresiva en todos los centros de la Regi\u00f3n de Murcia, poniendo el bienestar y deseos de los residentes en el centro de todas las actuaciones.<\/p>\n<p class=\"v1MsoNormal\">Otras acciones financiadas con este plan dentro de la residencia Caser Alameda ha sido la instalaci\u00f3n de la red wifi para promover el uso de herramientas digitales, la creaci\u00f3n de una nueva sala de visitas para mejorar el encuentro entre familiares y residentes, la separaci\u00f3n de ambientes en el sal\u00f3n \u2013 comedor para una mayor privacidad, as\u00ed como la adquisici\u00f3n de nuevo mobiliario.<\/p>\n","protected":false},"excerpt":{"rendered":"<p>\u00c1REA LORCA RADIO. Mayores. Lorca, 6 de mayo de 2025.\u00a0El centro Caser Residencial Alameda de Lorca aumentar\u00e1 sus plazas psicogeri\u00e1tricas, pasando de 14 a 19 plazas, una ampliaci\u00f3n que llega de la mano del Gobierno regional, a trav\u00e9s de la Consejer\u00eda de Pol\u00edtica Social, Familias e Igualdad. Este incremento ha sido posible gracias a la [&hellip;]<\/p>\n","protected":false},"author":1,"featured_media":6408,"comment_status":"open","ping_status":"open","sticky":false,"template":"","format":"standard","meta":{"iawp_total_views":6,"footnotes":""},"categories":[5,7],"tags":[],"class_list":["post-6405","post","type-post","status-publish","format-standard","has-post-thumbnail","hentry","category-actualidad","category-lorca"],"yoast_head":"<!-- This site is optimized with the Yoast SEO plugin v27.5 - https:\/\/yoast.com\/product\/yoast-seo-wordpress\/ -->\n<title>El centro Caser Residencial Alameda de Lorca ampl\u00eda sus\u00a0plazas psicogeri\u00e1tricas - AREA LORCA RADIO<\/title>\n<meta name=\"robots\" content=\"index, follow, max-snippet:-1, max-image-preview:large, max-video-preview:-1\" \/>\n<link rel=\"canonical\" href=\"https:\/\/arealorcaradio.es\/index.php\/2025\/05\/06\/el-centro-caser-residencial-alameda-de-lorca-amplia-sus-plazas-psicogeriatricas\/\" \/>\n<meta property=\"og:locale\" content=\"es_ES\" \/>\n<meta property=\"og:type\" content=\"article\" \/>\n<meta property=\"og:title\" content=\"El centro Caser Residencial Alameda de Lorca ampl\u00eda sus\u00a0plazas psicogeri\u00e1tricas - AREA LORCA RADIO\" \/>\n<meta property=\"og:description\" content=\"\u00c1REA LORCA RADIO. Mayores. Lorca, 6 de mayo de 2025.\u00a0El centro Caser Residencial Alameda de Lorca aumentar\u00e1 sus plazas psicogeri\u00e1tricas, pasando de 14 a 19 plazas, una ampliaci\u00f3n que llega de la mano del Gobierno regional, a trav\u00e9s de la Consejer\u00eda de Pol\u00edtica Social, Familias e Igualdad. Este incremento ha sido posible gracias a la [&hellip;]\" \/>\n<meta property=\"og:url\" content=\"https:\/\/arealorcaradio.es\/index.php\/2025\/05\/06\/el-centro-caser-residencial-alameda-de-lorca-amplia-sus-plazas-psicogeriatricas\/\" \/>\n<meta property=\"og:site_name\" content=\"AREA LORCA RADIO\" \/>\n<meta property=\"article:published_time\" content=\"2025-05-06T11:17:00+00:00\" \/>\n<meta property=\"og:image\" content=\"https:\/\/arealorcaradio.es\/wp-content\/uploads\/2025\/05\/foto2-3-scaled.jpeg\" \/>\n\t<meta property=\"og:image:width\" content=\"2560\" \/>\n\t<meta property=\"og:image:height\" content=\"1707\" \/>\n\t<meta property=\"og:image:type\" content=\"image\/jpeg\" \/>\n<meta name=\"author\" content=\"Paco S\u00e1nchez\" \/>\n<meta name=\"twitter:card\" content=\"summary_large_image\" \/>\n<meta name=\"twitter:label1\" content=\"Escrito por\" \/>\n\t<meta name=\"twitter:data1\" content=\"Paco S\u00e1nchez\" \/>\n\t<meta name=\"twitter:label2\" content=\"Tiempo de lectura\" \/>\n\t<meta name=\"twitter:data2\" content=\"3 minutos\" \/>\n<script type=\"application\/ld+json\" class=\"yoast-schema-graph\">{\"@context\":\"https:\\\/\\\/schema.org\",\"@graph\":[{\"@type\":\"Article\",\"@id\":\"https:\\\/\\\/arealorcaradio.es\\\/index.php\\\/2025\\\/05\\\/06\\\/el-centro-caser-residencial-alameda-de-lorca-amplia-sus-plazas-psicogeriatricas\\\/#article\",\"isPartOf\":{\"@id\":\"https:\\\/\\\/arealorcaradio.es\\\/index.php\\\/2025\\\/05\\\/06\\\/el-centro-caser-residencial-alameda-de-lorca-amplia-sus-plazas-psicogeriatricas\\\/\"},\"author\":{\"name\":\"Paco S\u00e1nchez\",\"@id\":\"https:\\\/\\\/arealorcaradio.es\\\/#\\\/schema\\\/person\\\/9fae605fc25b0f2c83c1ab207139bd27\"},\"headline\":\"El centro Caser Residencial Alameda de Lorca ampl\u00eda sus\u00a0plazas psicogeri\u00e1tricas\",\"datePublished\":\"2025-05-06T11:17:00+00:00\",\"mainEntityOfPage\":{\"@id\":\"https:\\\/\\\/arealorcaradio.es\\\/index.php\\\/2025\\\/05\\\/06\\\/el-centro-caser-residencial-alameda-de-lorca-amplia-sus-plazas-psicogeriatricas\\\/\"},\"wordCount\":472,\"commentCount\":0,\"image\":{\"@id\":\"https:\\\/\\\/arealorcaradio.es\\\/index.php\\\/2025\\\/05\\\/06\\\/el-centro-caser-residencial-alameda-de-lorca-amplia-sus-plazas-psicogeriatricas\\\/#primaryimage\"},\"thumbnailUrl\":\"https:\\\/\\\/arealorcaradio.es\\\/wp-content\\\/uploads\\\/2025\\\/05\\\/foto2-3-scaled.jpeg\",\"articleSection\":[\"ACTUALIDAD\",\"LORCA\"],\"inLanguage\":\"es\",\"potentialAction\":[{\"@type\":\"CommentAction\",\"name\":\"Comment\",\"target\":[\"https:\\\/\\\/arealorcaradio.es\\\/index.php\\\/2025\\\/05\\\/06\\\/el-centro-caser-residencial-alameda-de-lorca-amplia-sus-plazas-psicogeriatricas\\\/#respond\"]}]},{\"@type\":\"WebPage\",\"@id\":\"https:\\\/\\\/arealorcaradio.es\\\/index.php\\\/2025\\\/05\\\/06\\\/el-centro-caser-residencial-alameda-de-lorca-amplia-sus-plazas-psicogeriatricas\\\/\",\"url\":\"https:\\\/\\\/arealorcaradio.es\\\/index.php\\\/2025\\\/05\\\/06\\\/el-centro-caser-residencial-alameda-de-lorca-amplia-sus-plazas-psicogeriatricas\\\/\",\"name\":\"El centro Caser Residencial Alameda de Lorca ampl\u00eda sus\u00a0plazas psicogeri\u00e1tricas - AREA LORCA RADIO\",\"isPartOf\":{\"@id\":\"https:\\\/\\\/arealorcaradio.es\\\/#website\"},\"primaryImageOfPage\":{\"@id\":\"https:\\\/\\\/arealorcaradio.es\\\/index.php\\\/2025\\\/05\\\/06\\\/el-centro-caser-residencial-alameda-de-lorca-amplia-sus-plazas-psicogeriatricas\\\/#primaryimage\"},\"image\":{\"@id\":\"https:\\\/\\\/arealorcaradio.es\\\/index.php\\\/2025\\\/05\\\/06\\\/el-centro-caser-residencial-alameda-de-lorca-amplia-sus-plazas-psicogeriatricas\\\/#primaryimage\"},\"thumbnailUrl\":\"https:\\\/\\\/arealorcaradio.es\\\/wp-content\\\/uploads\\\/2025\\\/05\\\/foto2-3-scaled.jpeg\",\"datePublished\":\"2025-05-06T11:17:00+00:00\",\"author\":{\"@id\":\"https:\\\/\\\/arealorcaradio.es\\\/#\\\/schema\\\/person\\\/9fae605fc25b0f2c83c1ab207139bd27\"},\"breadcrumb\":{\"@id\":\"https:\\\/\\\/arealorcaradio.es\\\/index.php\\\/2025\\\/05\\\/06\\\/el-centro-caser-residencial-alameda-de-lorca-amplia-sus-plazas-psicogeriatricas\\\/#breadcrumb\"},\"inLanguage\":\"es\",\"potentialAction\":[{\"@type\":\"ReadAction\",\"target\":[\"https:\\\/\\\/arealorcaradio.es\\\/index.php\\\/2025\\\/05\\\/06\\\/el-centro-caser-residencial-alameda-de-lorca-amplia-sus-plazas-psicogeriatricas\\\/\"]}]},{\"@type\":\"ImageObject\",\"inLanguage\":\"es\",\"@id\":\"https:\\\/\\\/arealorcaradio.es\\\/index.php\\\/2025\\\/05\\\/06\\\/el-centro-caser-residencial-alameda-de-lorca-amplia-sus-plazas-psicogeriatricas\\\/#primaryimage\",\"url\":\"https:\\\/\\\/arealorcaradio.es\\\/wp-content\\\/uploads\\\/2025\\\/05\\\/foto2-3-scaled.jpeg\",\"contentUrl\":\"https:\\\/\\\/arealorcaradio.es\\\/wp-content\\\/uploads\\\/2025\\\/05\\\/foto2-3-scaled.jpeg\",\"width\":2560,\"height\":1707},{\"@type\":\"BreadcrumbList\",\"@id\":\"https:\\\/\\\/arealorcaradio.es\\\/index.php\\\/2025\\\/05\\\/06\\\/el-centro-caser-residencial-alameda-de-lorca-amplia-sus-plazas-psicogeriatricas\\\/#breadcrumb\",\"itemListElement\":[{\"@type\":\"ListItem\",\"position\":1,\"name\":\"Portada\",\"item\":\"https:\\\/\\\/arealorcaradio.es\\\/\"},{\"@type\":\"ListItem\",\"position\":2,\"name\":\"El centro Caser Residencial Alameda de Lorca ampl\u00eda sus\u00a0plazas psicogeri\u00e1tricas\"}]},{\"@type\":\"WebSite\",\"@id\":\"https:\\\/\\\/arealorcaradio.es\\\/#website\",\"url\":\"https:\\\/\\\/arealorcaradio.es\\\/\",\"name\":\"AREA LORCA RADIO\",\"description\":\"Descubre la programaci\u00f3n actual en \u00c1rea Lorca Radio, tu fuente de entrenamiento y noticias locales. Sintoniza ahora y mantente conectado online.\",\"potentialAction\":[{\"@type\":\"SearchAction\",\"target\":{\"@type\":\"EntryPoint\",\"urlTemplate\":\"https:\\\/\\\/arealorcaradio.es\\\/?s={search_term_string}\"},\"query-input\":{\"@type\":\"PropertyValueSpecification\",\"valueRequired\":true,\"valueName\":\"search_term_string\"}}],\"inLanguage\":\"es\"},{\"@type\":\"Person\",\"@id\":\"https:\\\/\\\/arealorcaradio.es\\\/#\\\/schema\\\/person\\\/9fae605fc25b0f2c83c1ab207139bd27\",\"name\":\"Paco S\u00e1nchez\",\"image\":{\"@type\":\"ImageObject\",\"inLanguage\":\"es\",\"@id\":\"https:\\\/\\\/secure.gravatar.com\\\/avatar\\\/d67144e966420fb74aa84c9f2a0103be4724fd14db52b52d3b6bca749f257e79?s=96&d=mm&r=g\",\"url\":\"https:\\\/\\\/secure.gravatar.com\\\/avatar\\\/d67144e966420fb74aa84c9f2a0103be4724fd14db52b52d3b6bca749f257e79?s=96&d=mm&r=g\",\"contentUrl\":\"https:\\\/\\\/secure.gravatar.com\\\/avatar\\\/d67144e966420fb74aa84c9f2a0103be4724fd14db52b52d3b6bca749f257e79?s=96&d=mm&r=g\",\"caption\":\"Paco S\u00e1nchez\"},\"sameAs\":[\"https:\\\/\\\/arealorcaradio.es\"],\"url\":\"https:\\\/\\\/arealorcaradio.es\\\/index.php\\\/author\\\/admin_alorcaradio\\\/\"}]}<\/script>\n<!-- \/ Yoast SEO plugin. -->","yoast_head_json":{"title":"El centro Caser Residencial Alameda de Lorca ampl\u00eda sus\u00a0plazas psicogeri\u00e1tricas - AREA LORCA RADIO","robots":{"index":"index","follow":"follow","max-snippet":"max-snippet:-1","max-image-preview":"max-image-preview:large","max-video-preview":"max-video-preview:-1"},"canonical":"https:\/\/arealorcaradio.es\/index.php\/2025\/05\/06\/el-centro-caser-residencial-alameda-de-lorca-amplia-sus-plazas-psicogeriatricas\/","og_locale":"es_ES","og_type":"article","og_title":"El centro Caser Residencial Alameda de Lorca ampl\u00eda sus\u00a0plazas psicogeri\u00e1tricas - AREA LORCA RADIO","og_description":"\u00c1REA LORCA RADIO. Mayores. Lorca, 6 de mayo de 2025.\u00a0El centro Caser Residencial Alameda de Lorca aumentar\u00e1 sus plazas psicogeri\u00e1tricas, pasando de 14 a 19 plazas, una ampliaci\u00f3n que llega de la mano del Gobierno regional, a trav\u00e9s de la Consejer\u00eda de Pol\u00edtica Social, Familias e Igualdad. Este incremento ha sido posible gracias a la [&hellip;]","og_url":"https:\/\/arealorcaradio.es\/index.php\/2025\/05\/06\/el-centro-caser-residencial-alameda-de-lorca-amplia-sus-plazas-psicogeriatricas\/","og_site_name":"AREA LORCA RADIO","article_published_time":"2025-05-06T11:17:00+00:00","og_image":[{"width":2560,"height":1707,"url":"https:\/\/arealorcaradio.es\/wp-content\/uploads\/2025\/05\/foto2-3-scaled.jpeg","type":"image\/jpeg"}],"author":"Paco S\u00e1nchez","twitter_card":"summary_large_image","twitter_misc":{"Escrito por":"Paco S\u00e1nchez","Tiempo de lectura":"3 minutos"},"schema":{"@context":"https:\/\/schema.org","@graph":[{"@type":"Article","@id":"https:\/\/arealorcaradio.es\/index.php\/2025\/05\/06\/el-centro-caser-residencial-alameda-de-lorca-amplia-sus-plazas-psicogeriatricas\/#article","isPartOf":{"@id":"https:\/\/arealorcaradio.es\/index.php\/2025\/05\/06\/el-centro-caser-residencial-alameda-de-lorca-amplia-sus-plazas-psicogeriatricas\/"},"author":{"name":"Paco S\u00e1nchez","@id":"https:\/\/arealorcaradio.es\/#\/schema\/person\/9fae605fc25b0f2c83c1ab207139bd27"},"headline":"El centro Caser Residencial Alameda de Lorca ampl\u00eda sus\u00a0plazas psicogeri\u00e1tricas","datePublished":"2025-05-06T11:17:00+00:00","mainEntityOfPage":{"@id":"https:\/\/arealorcaradio.es\/index.php\/2025\/05\/06\/el-centro-caser-residencial-alameda-de-lorca-amplia-sus-plazas-psicogeriatricas\/"},"wordCount":472,"commentCount":0,"image":{"@id":"https:\/\/arealorcaradio.es\/index.php\/2025\/05\/06\/el-centro-caser-residencial-alameda-de-lorca-amplia-sus-plazas-psicogeriatricas\/#primaryimage"},"thumbnailUrl":"https:\/\/arealorcaradio.es\/wp-content\/uploads\/2025\/05\/foto2-3-scaled.jpeg","articleSection":["ACTUALIDAD","LORCA"],"inLanguage":"es","potentialAction":[{"@type":"CommentAction","name":"Comment","target":["https:\/\/arealorcaradio.es\/index.php\/2025\/05\/06\/el-centro-caser-residencial-alameda-de-lorca-amplia-sus-plazas-psicogeriatricas\/#respond"]}]},{"@type":"WebPage","@id":"https:\/\/arealorcaradio.es\/index.php\/2025\/05\/06\/el-centro-caser-residencial-alameda-de-lorca-amplia-sus-plazas-psicogeriatricas\/","url":"https:\/\/arealorcaradio.es\/index.php\/2025\/05\/06\/el-centro-caser-residencial-alameda-de-lorca-amplia-sus-plazas-psicogeriatricas\/","name":"El centro Caser Residencial Alameda de Lorca ampl\u00eda sus\u00a0plazas psicogeri\u00e1tricas - AREA LORCA RADIO","isPartOf":{"@id":"https:\/\/arealorcaradio.es\/#website"},"primaryImageOfPage":{"@id":"https:\/\/arealorcaradio.es\/index.php\/2025\/05\/06\/el-centro-caser-residencial-alameda-de-lorca-amplia-sus-plazas-psicogeriatricas\/#primaryimage"},"image":{"@id":"https:\/\/arealorcaradio.es\/index.php\/2025\/05\/06\/el-centro-caser-residencial-alameda-de-lorca-amplia-sus-plazas-psicogeriatricas\/#primaryimage"},"thumbnailUrl":"https:\/\/arealorcaradio.es\/wp-content\/uploads\/2025\/05\/foto2-3-scaled.jpeg","datePublished":"2025-05-06T11:17:00+00:00","author":{"@id":"https:\/\/arealorcaradio.es\/#\/schema\/person\/9fae605fc25b0f2c83c1ab207139bd27"},"breadcrumb":{"@id":"https:\/\/arealorcaradio.es\/index.php\/2025\/05\/06\/el-centro-caser-residencial-alameda-de-lorca-amplia-sus-plazas-psicogeriatricas\/#breadcrumb"},"inLanguage":"es","potentialAction":[{"@type":"ReadAction","target":["https:\/\/arealorcaradio.es\/index.php\/2025\/05\/06\/el-centro-caser-residencial-alameda-de-lorca-amplia-sus-plazas-psicogeriatricas\/"]}]},{"@type":"ImageObject","inLanguage":"es","@id":"https:\/\/arealorcaradio.es\/index.php\/2025\/05\/06\/el-centro-caser-residencial-alameda-de-lorca-amplia-sus-plazas-psicogeriatricas\/#primaryimage","url":"https:\/\/arealorcaradio.es\/wp-content\/uploads\/2025\/05\/foto2-3-scaled.jpeg","contentUrl":"https:\/\/arealorcaradio.es\/wp-content\/uploads\/2025\/05\/foto2-3-scaled.jpeg","width":2560,"height":1707},{"@type":"BreadcrumbList","@id":"https:\/\/arealorcaradio.es\/index.php\/2025\/05\/06\/el-centro-caser-residencial-alameda-de-lorca-amplia-sus-plazas-psicogeriatricas\/#breadcrumb","itemListElement":[{"@type":"ListItem","position":1,"name":"Portada","item":"https:\/\/arealorcaradio.es\/"},{"@type":"ListItem","position":2,"name":"El centro Caser Residencial Alameda de Lorca ampl\u00eda sus\u00a0plazas psicogeri\u00e1tricas"}]},{"@type":"WebSite","@id":"https:\/\/arealorcaradio.es\/#website","url":"https:\/\/arealorcaradio.es\/","name":"AREA LORCA RADIO","description":"Descubre la programaci\u00f3n actual en \u00c1rea Lorca Radio, tu fuente de entrenamiento y noticias locales. Sintoniza ahora y mantente conectado online.","potentialAction":[{"@type":"SearchAction","target":{"@type":"EntryPoint","urlTemplate":"https:\/\/arealorcaradio.es\/?s={search_term_string}"},"query-input":{"@type":"PropertyValueSpecification","valueRequired":true,"valueName":"search_term_string"}}],"inLanguage":"es"},{"@type":"Person","@id":"https:\/\/arealorcaradio.es\/#\/schema\/person\/9fae605fc25b0f2c83c1ab207139bd27","name":"Paco S\u00e1nchez","image":{"@type":"ImageObject","inLanguage":"es","@id":"https:\/\/secure.gravatar.com\/avatar\/d67144e966420fb74aa84c9f2a0103be4724fd14db52b52d3b6bca749f257e79?s=96&d=mm&r=g","url":"https:\/\/secure.gravatar.com\/avatar\/d67144e966420fb74aa84c9f2a0103be4724fd14db52b52d3b6bca749f257e79?s=96&d=mm&r=g","contentUrl":"https:\/\/secure.gravatar.com\/avatar\/d67144e966420fb74aa84c9f2a0103be4724fd14db52b52d3b6bca749f257e79?s=96&d=mm&r=g","caption":"Paco S\u00e1nchez"},"sameAs":["https:\/\/arealorcaradio.es"],"url":"https:\/\/arealorcaradio.es\/index.php\/author\/admin_alorcaradio\/"}]}},"_links":{"self":[{"href":"https:\/\/arealorcaradio.es\/index.php\/wp-json\/wp\/v2\/posts\/6405","targetHints":{"allow":["GET"]}}],"collection":[{"href":"https:\/\/arealorcaradio.es\/index.php\/wp-json\/wp\/v2\/posts"}],"about":[{"href":"https:\/\/arealorcaradio.es\/index.php\/wp-json\/wp\/v2\/types\/post"}],"author":[{"embeddable":true,"href":"https:\/\/arealorcaradio.es\/index.php\/wp-json\/wp\/v2\/users\/1"}],"replies":[{"embeddable":true,"href":"https:\/\/arealorcaradio.es\/index.php\/wp-json\/wp\/v2\/comments?post=6405"}],"version-history":[{"count":1,"href":"https:\/\/arealorcaradio.es\/index.php\/wp-json\/wp\/v2\/posts\/6405\/revisions"}],"predecessor-version":[{"id":6409,"href":"https:\/\/arealorcaradio.es\/index.php\/wp-json\/wp\/v2\/posts\/6405\/revisions\/6409"}],"wp:featuredmedia":[{"embeddable":true,"href":"https:\/\/arealorcaradio.es\/index.php\/wp-json\/wp\/v2\/media\/6408"}],"wp:attachment":[{"href":"https:\/\/arealorcaradio.es\/index.php\/wp-json\/wp\/v2\/media?parent=6405"}],"wp:term":[{"taxonomy":"category","embeddable":true,"href":"https:\/\/arealorcaradio.es\/index.php\/wp-json\/wp\/v2\/categories?post=6405"},{"taxonomy":"post_tag","embeddable":true,"href":"https:\/\/arealorcaradio.es\/index.php\/wp-json\/wp\/v2\/tags?post=6405"}],"curies":[{"name":"wp","href":"https:\/\/api.w.org\/{rel}","templated":true}]}}