{"id":6400,"date":"2025-05-06T11:06:37","date_gmt":"2025-05-06T11:06:37","guid":{"rendered":"https:\/\/arealorcaradio.es\/?p=6400"},"modified":"2025-05-06T11:06:37","modified_gmt":"2025-05-06T11:06:37","slug":"los-31o-encuentros-deportivos-de-mujeres-arrancan-este-jueves-8-de-mayo-con-una-ruta-de-senderismo-urbano-de-4-km","status":"publish","type":"post","link":"https:\/\/arealorcaradio.es\/index.php\/2025\/05\/06\/los-31o-encuentros-deportivos-de-mujeres-arrancan-este-jueves-8-de-mayo-con-una-ruta-de-senderismo-urbano-de-4-km\/","title":{"rendered":"Los 31\u00ba Encuentros Deportivos de Mujeres arrancan este jueves, 8 de mayo, con una ruta de senderismo urbano de 4 km"},"content":{"rendered":"<p><strong>\u00c1REA LORCA RADIO. Mujer y Deporte.<\/strong><\/p>\n<p class=\"v1MsoNormal\"><b>Lorca, 6 de mayo de 2025. <\/b>La trig\u00e9simo primera edici\u00f3n de los Encuentros Deportivos de Mujeres, que organizan las concejal\u00edas de Mujer y de Deportes del Ayuntamiento de Lorca, arranca el pr\u00f3ximo jueves 8 de mayo con una ruta de senderismo urbano. La edil de Mujer, Maria de las Huertas Garc\u00eda, y el concejal de Deportes, Juan Miguel Bayonas, han presentado hoy el programa de actividades que se prolongar\u00e1 hasta el pr\u00f3ximo 30 de mayo y que tiene como objetivo principal fomentar la actividad f\u00edsica entre toda la poblaci\u00f3n, especialmente entre el colectivo femenino sin h\u00e1bitos de pr\u00e1ctica deportiva.<\/p>\n<p class=\"v1MsoNormal\"><img loading=\"lazy\" decoding=\"async\" class=\"alignnone size-medium wp-image-6401\" src=\"https:\/\/arealorcaradio.es\/wp-content\/uploads\/2025\/05\/Cartel-Encuentros-Deportivos-de-Mujeres-217x300.jpg\" alt=\"\" width=\"217\" height=\"300\" srcset=\"https:\/\/arealorcaradio.es\/wp-content\/uploads\/2025\/05\/Cartel-Encuentros-Deportivos-de-Mujeres-217x300.jpg 217w, https:\/\/arealorcaradio.es\/wp-content\/uploads\/2025\/05\/Cartel-Encuentros-Deportivos-de-Mujeres-742x1024.jpg 742w, https:\/\/arealorcaradio.es\/wp-content\/uploads\/2025\/05\/Cartel-Encuentros-Deportivos-de-Mujeres-768x1060.jpg 768w, https:\/\/arealorcaradio.es\/wp-content\/uploads\/2025\/05\/Cartel-Encuentros-Deportivos-de-Mujeres-1113x1536.jpg 1113w, https:\/\/arealorcaradio.es\/wp-content\/uploads\/2025\/05\/Cartel-Encuentros-Deportivos-de-Mujeres-1484x2048.jpg 1484w, https:\/\/arealorcaradio.es\/wp-content\/uploads\/2025\/05\/Cartel-Encuentros-Deportivos-de-Mujeres-scaled.jpg 1855w\" sizes=\"auto, (max-width: 217px) 100vw, 217px\" \/><\/p>\n<p class=\"v1MsoNormal\">El recorrido inaugural, de cuatro kil\u00f3metros, partir\u00e1 a las\u00a0<strong>19:30 h<\/strong>\u00a0desde la\u00a0<strong>Plaza de Espa\u00f1a<\/strong>, con inscripciones abiertas desde una hora antes en el mismo lugar. A partir de esa fecha, Lorca se llenar\u00e1 de propuestas saludables como\u00a0<strong>sesiones de tiro con arco, yoga<\/strong>,\u00a0<strong>gimnasia<\/strong>,\u00a0<strong>aquagym, zumba<\/strong>\u00a0y la participaci\u00f3n en la carrera ben\u00e9fica\u00a0<strong>CorrexLorca<\/strong>, el pr\u00f3ximo domingo\u00a0<strong>11 de mayo<\/strong>\u00a0en la\u00a0<strong>Alameda de las Columnas, este a\u00f1o a beneficio de la Asociaci\u00f3n de Familiares de Enfermos Mentales (ASOFEM)<\/strong>.<\/p>\n<p class=\"v1gmail-MsoBodyText\">Como en ediciones anteriores, la programaci\u00f3n incluye actividades al aire libre en emplazamientos emblem\u00e1ticos como la\u00a0<strong>explanada del Calvario,\u00a0<\/strong>la\u00a0<strong>Ermita de San L\u00e1zaro y el parque Pepe Plazas y Mar\u00eda Carrillo (San Jos\u00e9). Propuestas de actividad saludable<\/strong>\u00a0que se extienden a las pedan\u00edas de\u00a0<strong>Zarcilla de Ramos<\/strong>\u00a0(20 de mayo) y\u00a0<strong>La Parroquia<\/strong>\u00a0(13 de mayo), acercando as\u00ed el deporte a mujeres de todas las zonas del t\u00e9rmino municipal.<\/p>\n<p class=\"v1gmail-MsoBodyText\">Como broche final, el\u00a0<strong>viernes 30 de mayo<\/strong>\u00a0tendr\u00e1 lugar la\u00a0<strong>ruta costera por Puntas de Calnegre<\/strong>, con salida a las\u00a0<strong>9:15 h<\/strong>\u00a0desde el aparcamiento del Complejo Deportivo Felipe VI. Esta actividad tiene un coste simb\u00f3lico de\u00a0<strong>2 euros<\/strong>, y las inscripciones estar\u00e1n abiertas hasta el\u00a0<strong>23 de mayo<\/strong>. La jornada culminar\u00e1 con una\u00a0<strong>comida de convivencia<\/strong>\u00a0en los Salones\u00a0<strong>Antonia Navarro<\/strong>\u00a0(precio:\u00a0<strong>23 euros<\/strong>).<\/p>\n<p class=\"v1gmail-MsoBodyText\">La concejal de Mujer, Maria de las Huertas Garc\u00eda, ha remarcado que \u00abcon estos Encuentros seguimos apostando por el bienestar y la participaci\u00f3n activa de las mujeres de Lorca, no solo en el centro urbano, sino tambi\u00e9n en nuestras pedan\u00edas. Es una forma de crear comunidad, romper rutinas y fomentar h\u00e1bitos saludables\u00bb.<\/p>\n<p class=\"v1gmail-MsoBodyText\">Por su parte, el concejal de Deportes, Juan Miguel Bayonas, ha explicado que este programa \u00abdemuestra que el deporte es una herramienta clave para mejorar la calidad de vida. Queremos que cada vez m\u00e1s mujeres se animen a implementar h\u00e1bitos saludables y descubrir en la actividad f\u00edsica una forma de disfrutar y cuidarse al mismo tiempo.\u00bb<\/p>\n<p class=\"v1gmail-MsoBodyText\"><b><u>Calendario de actividades<\/u><\/b><\/p>\n<p class=\"v1gmail-MsoBodyText\"><b>Apertura de los \u00abXXXI Encuentros Deportivos de Mujeres\u00bb.<\/b><\/p>\n<p class=\"v1MsoNormal\">Fecha: jueves, 8 de mayo de 2025.<\/p>\n<p class=\"v1MsoNormal\">Hora de salida: 19.30 horas. Plaza de Espa\u00f1a.<\/p>\n<p class=\"v1MsoNormal\">Recorrido:\u00a0 Aproximadamente 4 km<\/p>\n<p class=\"v1MsoNormal\">Lugar de inscripci\u00f3n: En la zona de salida el mismo d\u00eda, a partir de las 18:30 h.<\/p>\n<p>&nbsp;<\/p>\n<p class=\"v1MsoNormal\"><b>Carrera Popular \u00abCorre por Lorca\u00bb. Premio Especial\u00a0<i>\u00abConcejal\u00eda de Mujer\u00bb<\/i>\u00a0a la primera mujer clasificada en la categor\u00eda general absoluta.<\/b><\/p>\n<p class=\"v1MsoNormal\">Fecha: domingo 11 de mayo.<\/p>\n<p class=\"v1MsoNormal\">Hora: 10:30 h. Avda. Juan Carlos I.<\/p>\n<p class=\"v1MsoNormal\">Lugar de inscripci\u00f3n:\u00a0<i><a href=\"http:\/\/www.asuspuestos.com\/\" target=\"_blank\" rel=\"noopener noreferrer\">www.asuspuestos.com<\/a><\/i><\/p>\n<p class=\"v1MsoNormal\">Plazo de inscripci\u00f3n: hasta el jueves 8 de mayo.<\/p>\n<p>&nbsp;<\/p>\n<p class=\"v1MsoNormal\"><b>Taller de Gimnasia en La Parroquia.<\/b><\/p>\n<p class=\"v1MsoNormal\">Fecha: martes, 13 de mayo de 2025.<\/p>\n<p class=\"v1MsoNormal\">Hora: 19.00 horas. Explanada de la Iglesia Nuestra Se\u00f1ora de la Asunci\u00f3n.<\/p>\n<p class=\"v1MsoNormal\">Lugar de inscripci\u00f3n: Concejal\u00eda de Mujer (agente.igualdad<span class=\"v1gmail-MsoHyperlink\">@<a href=\"http:\/\/lorca.es\/\" target=\"_blank\" rel=\"noopener noreferrer\">lorca.es<\/a><\/span>\u00a0Telef. 659868855).<\/p>\n<p class=\"v1MsoNormal\">Plazo de inscripci\u00f3n: hasta 15 minutos antes del inicio de la sesi\u00f3n.<\/p>\n<p class=\"v1MsoNormal\"><b>\u00a0<\/b><\/p>\n<p class=\"v1MsoNormal\"><b>Taller de Flechas Rosas (Tiro con Arco).<\/b><\/p>\n<p class=\"v1MsoNormal\">Fecha: martes, 13 de mayo de 2025.<\/p>\n<p class=\"v1MsoNormal\">Hora: 18.00 horas. Bajos del Pabell\u00f3n de Deportes Antonio Ba\u00f1os (Alamedas).<\/p>\n<p class=\"v1MsoNormal\">Lugar de inscripci\u00f3n: Concejal\u00eda de Mujer (agente.igualdad<span class=\"v1gmail-MsoHyperlink\">@<a href=\"http:\/\/lorca.es\/\" target=\"_blank\" rel=\"noopener noreferrer\">lorca.es<\/a><\/span>\u00a0Telef. 659868855).<\/p>\n<p class=\"v1MsoNormal\">Aforo m\u00e1ximo: 15 personas.<\/p>\n<p class=\"v1MsoNormal\">Plazo de inscripci\u00f3n: hasta el mi\u00e9rcoles 14 de mayo.<\/p>\n<p class=\"v1MsoNormal\"><b>\u00a0<\/b><\/p>\n<p class=\"v1MsoNormal\"><b>Taller de Yoga en la Ermita de San L\u00e1zaro.<\/b><\/p>\n<p class=\"v1MsoNormal\">Fecha: viernes, 16 de mayo de 2025.<\/p>\n<p class=\"v1MsoNormal\">Hora: 20.30 horas. Ermita de San L\u00e1zaro.<\/p>\n<p class=\"v1MsoNormal\">Lugar de inscripci\u00f3n: Concejal\u00eda de Mujer (agente.igualdad<span class=\"v1gmail-MsoHyperlink\">@<a href=\"http:\/\/lorca.es\/\" target=\"_blank\" rel=\"noopener noreferrer\">lorca.es<\/a><\/span>\u00a0Telef. 659868855).<\/p>\n<p class=\"v1MsoNormal\">Plazo de inscripci\u00f3n: hasta el lunes 5 de mayo.<\/p>\n<p class=\"v1MsoNormal\">\n<p class=\"v1MsoNormal\"><b>Taller de Gimnasia en Zarcilla de Ramos.<\/b><\/p>\n<p class=\"v1MsoNormal\">Fecha: martes, 20 de mayo de 2025.<\/p>\n<p class=\"v1MsoNormal\">Hora: 19.00 horas. Parque de Zarcilla de Ramos.<\/p>\n<p class=\"v1MsoNormal\">Lugar de inscripci\u00f3n: Concejal\u00eda de Mujer (agente.igualdad<span class=\"v1gmail-MsoHyperlink\">@<a href=\"http:\/\/lorca.es\/\" target=\"_blank\" rel=\"noopener noreferrer\">lorca.es<\/a><\/span>\u00a0Telef. 659868855).<\/p>\n<p class=\"v1MsoNormal\">Plazo de inscripci\u00f3n: hasta 15 minutos antes del inicio de la sesi\u00f3n.<\/p>\n<p class=\"v1MsoNormal\">\n<p class=\"v1MsoNormal\"><b>Ruta Lorca Taller del Tiempo.<\/b><\/p>\n<p class=\"v1MsoNormal\">Fecha: jueves, 22 de mayo de 2025.<\/p>\n<p class=\"v1MsoNormal\">Hora: 10.30 horas. La Merced.<\/p>\n<p class=\"v1MsoNormal\">Lugar de inscripci\u00f3n: Concejal\u00eda de Mujer (agente.igualdad<span class=\"v1gmail-MsoHyperlink\">@<a href=\"http:\/\/lorca.es\/\" target=\"_blank\" rel=\"noopener noreferrer\">lorca.es<\/a><\/span>\u00a0Telef. 659868855).<\/p>\n<p class=\"v1MsoNormal\">Plazo de inscripci\u00f3n: hasta el o o hasta completar aforo. (40 plazas).<\/p>\n<p class=\"v1MsoNormal\">\n<p class=\"v1MsoNormal\"><b>Taller de Yoga en el Calvario.<\/b><\/p>\n<p class=\"v1MsoNormal\">Fecha: viernes, 23 de mayo de 2025.<\/p>\n<p class=\"v1MsoNormal\">Hora: 20.30 horas. Explanada del Calvario.<\/p>\n<p class=\"v1MsoNormal\">Lugar de inscripci\u00f3n: Concejal\u00eda de Mujer (agente.igualdad<span class=\"v1gmail-MsoHyperlink\">@<a href=\"http:\/\/lorca.es\/\" target=\"_blank\" rel=\"noopener noreferrer\">lorca.es<\/a><\/span>\u00a0Telef. 659868855).<\/p>\n<p class=\"v1MsoNormal\">Plazo de inscripci\u00f3n: hasta 30 minutos antes de iniciar la sesi\u00f3n o completar aforo.<\/p>\n<p class=\"v1MsoNormal\"><b>Taller de Zumba<\/b><\/p>\n<p class=\"v1MsoNormal\">Fecha: martes, 27 de mayo de 2025.<\/p>\n<p class=\"v1MsoNormal\">Hora: 20.00 horas. Parque de Pepe Plazas y Mar\u00eda Carrillo (Parque de San Jos\u00e9).<\/p>\n<p class=\"v1MsoNormal\">Lugar de inscripci\u00f3n: Concejal\u00eda de Mujer (agente.igualdad<span class=\"v1gmail-MsoHyperlink\">@<a href=\"http:\/\/lorca.es\/\" target=\"_blank\" rel=\"noopener noreferrer\">lorca.es<\/a><\/span>\u00a0Telef. 659868855).<\/p>\n<p class=\"v1MsoNormal\">Plazo de inscripci\u00f3n: hasta 15 minutos antes del inicio de la sesi\u00f3n.<\/p>\n<p class=\"v1MsoNormal\">\n<p class=\"v1MsoNormal\"><b>Taller de Aquagym.<\/b><\/p>\n<p class=\"v1MsoNormal\">Fecha: jueves, 29 de mayo de 2025.<\/p>\n<p class=\"v1MsoNormal\">Hora: 9:30 horas. Complejo Deportivo Felipe VI.<\/p>\n<p class=\"v1MsoNormal\">Lugar de inscripci\u00f3n: Concejal\u00eda de Mujer (agente.igualdad<span class=\"v1gmail-MsoHyperlink\">@<a href=\"http:\/\/lorca.es\/\" target=\"_blank\" rel=\"noopener noreferrer\">lorca.es<\/a><\/span>\u00a0Telef. 659868855).<\/p>\n<p class=\"v1MsoNormal\">Plazo de inscripci\u00f3n: hasta el mi\u00e9rcoles 28 de mayo, antes de\u00a0 14:00 h.<\/p>\n<p class=\"v1MsoNormal\">\n<p class=\"v1MsoNormal\"><b>Clausura. Ruta de senderismo Percheles-Puntas de Calnegre.<\/b><\/p>\n<p class=\"v1MsoNormal\">Fecha: viernes, 30 de mayo de 2025.<\/p>\n<p class=\"v1MsoNormal\">Hora de salida: 9:15 h. Complejo Deportivo \u00abFelipe VI\u00bb.<\/p>\n<p class=\"v1MsoNormal\">Lugar de inscripci\u00f3n: Concejal\u00eda de Mujer (agente.igualdad<span class=\"v1gmail-MsoHyperlink\">@<a href=\"http:\/\/lorca.es\/\" target=\"_blank\" rel=\"noopener noreferrer\">lorca.es<\/a><\/span>\u00a0Telef. 659868855).<\/p>\n<p class=\"v1MsoNormal\">Plazo de inscripci\u00f3n: hasta el viernes 23 de mayo de 2025.<\/p>\n<p class=\"v1MsoNormal\">Precio de la actividad: 2 euros.<\/p>\n<p class=\"v1MsoNormal\">\n<p class=\"v1MsoNormal\"><b>Comida de clausura:<\/b><\/p>\n<p class=\"v1MsoNormal\">Lugar: Salones Antonia Navarro.<\/p>\n<p class=\"v1MsoNormal\">Precio por persona: 23 \u20ac.<\/p>\n<p class=\"v1MsoNormal\">N\u00famero de Cuenta: ES93 2100 6285 5913 0011 7694.<\/p>\n<p class=\"v1MsoNormal\">Plazo m\u00e1ximo de ingreso: (Entregar justificante de ingreso bancario en Concejal\u00eda de Mujer hasta el viernes 23 de mayo de 2025).<\/p>\n<p class=\"v1MsoNormal\">\n","protected":false},"excerpt":{"rendered":"<p>\u00c1REA LORCA RADIO. Mujer y Deporte. Lorca, 6 de mayo de 2025. La trig\u00e9simo primera edici\u00f3n de los Encuentros Deportivos de Mujeres, que organizan las concejal\u00edas de Mujer y de Deportes del Ayuntamiento de Lorca, arranca el pr\u00f3ximo jueves 8 de mayo con una ruta de senderismo urbano. La edil de Mujer, Maria de las [&hellip;]<\/p>\n","protected":false},"author":1,"featured_media":6402,"comment_status":"open","ping_status":"open","sticky":false,"template":"","format":"standard","meta":{"iawp_total_views":2,"footnotes":""},"categories":[4],"tags":[],"class_list":["post-6400","post","type-post","status-publish","format-standard","has-post-thumbnail","hentry","category-deportes"],"yoast_head":"<!-- This site is optimized with the Yoast SEO plugin v27.5 - https:\/\/yoast.com\/product\/yoast-seo-wordpress\/ -->\n<title>Los 31\u00ba Encuentros Deportivos de Mujeres arrancan este jueves, 8 de mayo, con una ruta de senderismo urbano de 4 km - AREA LORCA RADIO<\/title>\n<meta name=\"robots\" content=\"index, follow, max-snippet:-1, max-image-preview:large, max-video-preview:-1\" \/>\n<link rel=\"canonical\" href=\"https:\/\/arealorcaradio.es\/index.php\/2025\/05\/06\/los-31o-encuentros-deportivos-de-mujeres-arrancan-este-jueves-8-de-mayo-con-una-ruta-de-senderismo-urbano-de-4-km\/\" \/>\n<meta property=\"og:locale\" content=\"es_ES\" \/>\n<meta property=\"og:type\" content=\"article\" \/>\n<meta property=\"og:title\" content=\"Los 31\u00ba Encuentros Deportivos de Mujeres arrancan este jueves, 8 de mayo, con una ruta de senderismo urbano de 4 km - AREA LORCA RADIO\" \/>\n<meta property=\"og:description\" content=\"\u00c1REA LORCA RADIO. Mujer y Deporte. Lorca, 6 de mayo de 2025. La trig\u00e9simo primera edici\u00f3n de los Encuentros Deportivos de Mujeres, que organizan las concejal\u00edas de Mujer y de Deportes del Ayuntamiento de Lorca, arranca el pr\u00f3ximo jueves 8 de mayo con una ruta de senderismo urbano. La edil de Mujer, Maria de las [&hellip;]\" \/>\n<meta property=\"og:url\" content=\"https:\/\/arealorcaradio.es\/index.php\/2025\/05\/06\/los-31o-encuentros-deportivos-de-mujeres-arrancan-este-jueves-8-de-mayo-con-una-ruta-de-senderismo-urbano-de-4-km\/\" \/>\n<meta property=\"og:site_name\" content=\"AREA LORCA RADIO\" \/>\n<meta property=\"article:published_time\" content=\"2025-05-06T11:06:37+00:00\" \/>\n<meta property=\"og:image\" content=\"https:\/\/arealorcaradio.es\/wp-content\/uploads\/2025\/05\/FOTO1-8.jpeg\" \/>\n\t<meta property=\"og:image:width\" content=\"2048\" \/>\n\t<meta property=\"og:image:height\" content=\"1536\" \/>\n\t<meta property=\"og:image:type\" content=\"image\/jpeg\" \/>\n<meta name=\"author\" content=\"Paco S\u00e1nchez\" \/>\n<meta name=\"twitter:card\" content=\"summary_large_image\" \/>\n<meta name=\"twitter:label1\" content=\"Escrito por\" \/>\n\t<meta name=\"twitter:data1\" content=\"Paco S\u00e1nchez\" \/>\n\t<meta name=\"twitter:label2\" content=\"Tiempo de lectura\" \/>\n\t<meta name=\"twitter:data2\" content=\"5 minutos\" \/>\n<script type=\"application\/ld+json\" class=\"yoast-schema-graph\">{\"@context\":\"https:\\\/\\\/schema.org\",\"@graph\":[{\"@type\":\"Article\",\"@id\":\"https:\\\/\\\/arealorcaradio.es\\\/index.php\\\/2025\\\/05\\\/06\\\/los-31o-encuentros-deportivos-de-mujeres-arrancan-este-jueves-8-de-mayo-con-una-ruta-de-senderismo-urbano-de-4-km\\\/#article\",\"isPartOf\":{\"@id\":\"https:\\\/\\\/arealorcaradio.es\\\/index.php\\\/2025\\\/05\\\/06\\\/los-31o-encuentros-deportivos-de-mujeres-arrancan-este-jueves-8-de-mayo-con-una-ruta-de-senderismo-urbano-de-4-km\\\/\"},\"author\":{\"name\":\"Paco S\u00e1nchez\",\"@id\":\"https:\\\/\\\/arealorcaradio.es\\\/#\\\/schema\\\/person\\\/9fae605fc25b0f2c83c1ab207139bd27\"},\"headline\":\"Los 31\u00ba Encuentros Deportivos de Mujeres arrancan este jueves, 8 de mayo, con una ruta de senderismo urbano de 4 km\",\"datePublished\":\"2025-05-06T11:06:37+00:00\",\"mainEntityOfPage\":{\"@id\":\"https:\\\/\\\/arealorcaradio.es\\\/index.php\\\/2025\\\/05\\\/06\\\/los-31o-encuentros-deportivos-de-mujeres-arrancan-este-jueves-8-de-mayo-con-una-ruta-de-senderismo-urbano-de-4-km\\\/\"},\"wordCount\":1008,\"commentCount\":0,\"image\":{\"@id\":\"https:\\\/\\\/arealorcaradio.es\\\/index.php\\\/2025\\\/05\\\/06\\\/los-31o-encuentros-deportivos-de-mujeres-arrancan-este-jueves-8-de-mayo-con-una-ruta-de-senderismo-urbano-de-4-km\\\/#primaryimage\"},\"thumbnailUrl\":\"https:\\\/\\\/arealorcaradio.es\\\/wp-content\\\/uploads\\\/2025\\\/05\\\/FOTO1-8.jpeg\",\"articleSection\":[\"DEPORTES\"],\"inLanguage\":\"es\",\"potentialAction\":[{\"@type\":\"CommentAction\",\"name\":\"Comment\",\"target\":[\"https:\\\/\\\/arealorcaradio.es\\\/index.php\\\/2025\\\/05\\\/06\\\/los-31o-encuentros-deportivos-de-mujeres-arrancan-este-jueves-8-de-mayo-con-una-ruta-de-senderismo-urbano-de-4-km\\\/#respond\"]}]},{\"@type\":\"WebPage\",\"@id\":\"https:\\\/\\\/arealorcaradio.es\\\/index.php\\\/2025\\\/05\\\/06\\\/los-31o-encuentros-deportivos-de-mujeres-arrancan-este-jueves-8-de-mayo-con-una-ruta-de-senderismo-urbano-de-4-km\\\/\",\"url\":\"https:\\\/\\\/arealorcaradio.es\\\/index.php\\\/2025\\\/05\\\/06\\\/los-31o-encuentros-deportivos-de-mujeres-arrancan-este-jueves-8-de-mayo-con-una-ruta-de-senderismo-urbano-de-4-km\\\/\",\"name\":\"Los 31\u00ba Encuentros Deportivos de Mujeres arrancan este jueves, 8 de mayo, con una ruta de senderismo urbano de 4 km - AREA LORCA RADIO\",\"isPartOf\":{\"@id\":\"https:\\\/\\\/arealorcaradio.es\\\/#website\"},\"primaryImageOfPage\":{\"@id\":\"https:\\\/\\\/arealorcaradio.es\\\/index.php\\\/2025\\\/05\\\/06\\\/los-31o-encuentros-deportivos-de-mujeres-arrancan-este-jueves-8-de-mayo-con-una-ruta-de-senderismo-urbano-de-4-km\\\/#primaryimage\"},\"image\":{\"@id\":\"https:\\\/\\\/arealorcaradio.es\\\/index.php\\\/2025\\\/05\\\/06\\\/los-31o-encuentros-deportivos-de-mujeres-arrancan-este-jueves-8-de-mayo-con-una-ruta-de-senderismo-urbano-de-4-km\\\/#primaryimage\"},\"thumbnailUrl\":\"https:\\\/\\\/arealorcaradio.es\\\/wp-content\\\/uploads\\\/2025\\\/05\\\/FOTO1-8.jpeg\",\"datePublished\":\"2025-05-06T11:06:37+00:00\",\"author\":{\"@id\":\"https:\\\/\\\/arealorcaradio.es\\\/#\\\/schema\\\/person\\\/9fae605fc25b0f2c83c1ab207139bd27\"},\"breadcrumb\":{\"@id\":\"https:\\\/\\\/arealorcaradio.es\\\/index.php\\\/2025\\\/05\\\/06\\\/los-31o-encuentros-deportivos-de-mujeres-arrancan-este-jueves-8-de-mayo-con-una-ruta-de-senderismo-urbano-de-4-km\\\/#breadcrumb\"},\"inLanguage\":\"es\",\"potentialAction\":[{\"@type\":\"ReadAction\",\"target\":[\"https:\\\/\\\/arealorcaradio.es\\\/index.php\\\/2025\\\/05\\\/06\\\/los-31o-encuentros-deportivos-de-mujeres-arrancan-este-jueves-8-de-mayo-con-una-ruta-de-senderismo-urbano-de-4-km\\\/\"]}]},{\"@type\":\"ImageObject\",\"inLanguage\":\"es\",\"@id\":\"https:\\\/\\\/arealorcaradio.es\\\/index.php\\\/2025\\\/05\\\/06\\\/los-31o-encuentros-deportivos-de-mujeres-arrancan-este-jueves-8-de-mayo-con-una-ruta-de-senderismo-urbano-de-4-km\\\/#primaryimage\",\"url\":\"https:\\\/\\\/arealorcaradio.es\\\/wp-content\\\/uploads\\\/2025\\\/05\\\/FOTO1-8.jpeg\",\"contentUrl\":\"https:\\\/\\\/arealorcaradio.es\\\/wp-content\\\/uploads\\\/2025\\\/05\\\/FOTO1-8.jpeg\",\"width\":2048,\"height\":1536},{\"@type\":\"BreadcrumbList\",\"@id\":\"https:\\\/\\\/arealorcaradio.es\\\/index.php\\\/2025\\\/05\\\/06\\\/los-31o-encuentros-deportivos-de-mujeres-arrancan-este-jueves-8-de-mayo-con-una-ruta-de-senderismo-urbano-de-4-km\\\/#breadcrumb\",\"itemListElement\":[{\"@type\":\"ListItem\",\"position\":1,\"name\":\"Portada\",\"item\":\"https:\\\/\\\/arealorcaradio.es\\\/\"},{\"@type\":\"ListItem\",\"position\":2,\"name\":\"Los 31\u00ba Encuentros Deportivos de Mujeres arrancan este jueves, 8 de mayo, con una ruta de senderismo urbano de 4 km\"}]},{\"@type\":\"WebSite\",\"@id\":\"https:\\\/\\\/arealorcaradio.es\\\/#website\",\"url\":\"https:\\\/\\\/arealorcaradio.es\\\/\",\"name\":\"AREA LORCA RADIO\",\"description\":\"Descubre la programaci\u00f3n actual en \u00c1rea Lorca Radio, tu fuente de entrenamiento y noticias locales. Sintoniza ahora y mantente conectado online.\",\"potentialAction\":[{\"@type\":\"SearchAction\",\"target\":{\"@type\":\"EntryPoint\",\"urlTemplate\":\"https:\\\/\\\/arealorcaradio.es\\\/?s={search_term_string}\"},\"query-input\":{\"@type\":\"PropertyValueSpecification\",\"valueRequired\":true,\"valueName\":\"search_term_string\"}}],\"inLanguage\":\"es\"},{\"@type\":\"Person\",\"@id\":\"https:\\\/\\\/arealorcaradio.es\\\/#\\\/schema\\\/person\\\/9fae605fc25b0f2c83c1ab207139bd27\",\"name\":\"Paco S\u00e1nchez\",\"image\":{\"@type\":\"ImageObject\",\"inLanguage\":\"es\",\"@id\":\"https:\\\/\\\/secure.gravatar.com\\\/avatar\\\/d67144e966420fb74aa84c9f2a0103be4724fd14db52b52d3b6bca749f257e79?s=96&d=mm&r=g\",\"url\":\"https:\\\/\\\/secure.gravatar.com\\\/avatar\\\/d67144e966420fb74aa84c9f2a0103be4724fd14db52b52d3b6bca749f257e79?s=96&d=mm&r=g\",\"contentUrl\":\"https:\\\/\\\/secure.gravatar.com\\\/avatar\\\/d67144e966420fb74aa84c9f2a0103be4724fd14db52b52d3b6bca749f257e79?s=96&d=mm&r=g\",\"caption\":\"Paco S\u00e1nchez\"},\"sameAs\":[\"https:\\\/\\\/arealorcaradio.es\"],\"url\":\"https:\\\/\\\/arealorcaradio.es\\\/index.php\\\/author\\\/admin_alorcaradio\\\/\"}]}<\/script>\n<!-- \/ Yoast SEO plugin. -->","yoast_head_json":{"title":"Los 31\u00ba Encuentros Deportivos de Mujeres arrancan este jueves, 8 de mayo, con una ruta de senderismo urbano de 4 km - AREA LORCA RADIO","robots":{"index":"index","follow":"follow","max-snippet":"max-snippet:-1","max-image-preview":"max-image-preview:large","max-video-preview":"max-video-preview:-1"},"canonical":"https:\/\/arealorcaradio.es\/index.php\/2025\/05\/06\/los-31o-encuentros-deportivos-de-mujeres-arrancan-este-jueves-8-de-mayo-con-una-ruta-de-senderismo-urbano-de-4-km\/","og_locale":"es_ES","og_type":"article","og_title":"Los 31\u00ba Encuentros Deportivos de Mujeres arrancan este jueves, 8 de mayo, con una ruta de senderismo urbano de 4 km - AREA LORCA RADIO","og_description":"\u00c1REA LORCA RADIO. Mujer y Deporte. Lorca, 6 de mayo de 2025. La trig\u00e9simo primera edici\u00f3n de los Encuentros Deportivos de Mujeres, que organizan las concejal\u00edas de Mujer y de Deportes del Ayuntamiento de Lorca, arranca el pr\u00f3ximo jueves 8 de mayo con una ruta de senderismo urbano. La edil de Mujer, Maria de las [&hellip;]","og_url":"https:\/\/arealorcaradio.es\/index.php\/2025\/05\/06\/los-31o-encuentros-deportivos-de-mujeres-arrancan-este-jueves-8-de-mayo-con-una-ruta-de-senderismo-urbano-de-4-km\/","og_site_name":"AREA LORCA RADIO","article_published_time":"2025-05-06T11:06:37+00:00","og_image":[{"width":2048,"height":1536,"url":"https:\/\/arealorcaradio.es\/wp-content\/uploads\/2025\/05\/FOTO1-8.jpeg","type":"image\/jpeg"}],"author":"Paco S\u00e1nchez","twitter_card":"summary_large_image","twitter_misc":{"Escrito por":"Paco S\u00e1nchez","Tiempo de lectura":"5 minutos"},"schema":{"@context":"https:\/\/schema.org","@graph":[{"@type":"Article","@id":"https:\/\/arealorcaradio.es\/index.php\/2025\/05\/06\/los-31o-encuentros-deportivos-de-mujeres-arrancan-este-jueves-8-de-mayo-con-una-ruta-de-senderismo-urbano-de-4-km\/#article","isPartOf":{"@id":"https:\/\/arealorcaradio.es\/index.php\/2025\/05\/06\/los-31o-encuentros-deportivos-de-mujeres-arrancan-este-jueves-8-de-mayo-con-una-ruta-de-senderismo-urbano-de-4-km\/"},"author":{"name":"Paco S\u00e1nchez","@id":"https:\/\/arealorcaradio.es\/#\/schema\/person\/9fae605fc25b0f2c83c1ab207139bd27"},"headline":"Los 31\u00ba Encuentros Deportivos de Mujeres arrancan este jueves, 8 de mayo, con una ruta de senderismo urbano de 4 km","datePublished":"2025-05-06T11:06:37+00:00","mainEntityOfPage":{"@id":"https:\/\/arealorcaradio.es\/index.php\/2025\/05\/06\/los-31o-encuentros-deportivos-de-mujeres-arrancan-este-jueves-8-de-mayo-con-una-ruta-de-senderismo-urbano-de-4-km\/"},"wordCount":1008,"commentCount":0,"image":{"@id":"https:\/\/arealorcaradio.es\/index.php\/2025\/05\/06\/los-31o-encuentros-deportivos-de-mujeres-arrancan-este-jueves-8-de-mayo-con-una-ruta-de-senderismo-urbano-de-4-km\/#primaryimage"},"thumbnailUrl":"https:\/\/arealorcaradio.es\/wp-content\/uploads\/2025\/05\/FOTO1-8.jpeg","articleSection":["DEPORTES"],"inLanguage":"es","potentialAction":[{"@type":"CommentAction","name":"Comment","target":["https:\/\/arealorcaradio.es\/index.php\/2025\/05\/06\/los-31o-encuentros-deportivos-de-mujeres-arrancan-este-jueves-8-de-mayo-con-una-ruta-de-senderismo-urbano-de-4-km\/#respond"]}]},{"@type":"WebPage","@id":"https:\/\/arealorcaradio.es\/index.php\/2025\/05\/06\/los-31o-encuentros-deportivos-de-mujeres-arrancan-este-jueves-8-de-mayo-con-una-ruta-de-senderismo-urbano-de-4-km\/","url":"https:\/\/arealorcaradio.es\/index.php\/2025\/05\/06\/los-31o-encuentros-deportivos-de-mujeres-arrancan-este-jueves-8-de-mayo-con-una-ruta-de-senderismo-urbano-de-4-km\/","name":"Los 31\u00ba Encuentros Deportivos de Mujeres arrancan este jueves, 8 de mayo, con una ruta de senderismo urbano de 4 km - AREA LORCA RADIO","isPartOf":{"@id":"https:\/\/arealorcaradio.es\/#website"},"primaryImageOfPage":{"@id":"https:\/\/arealorcaradio.es\/index.php\/2025\/05\/06\/los-31o-encuentros-deportivos-de-mujeres-arrancan-este-jueves-8-de-mayo-con-una-ruta-de-senderismo-urbano-de-4-km\/#primaryimage"},"image":{"@id":"https:\/\/arealorcaradio.es\/index.php\/2025\/05\/06\/los-31o-encuentros-deportivos-de-mujeres-arrancan-este-jueves-8-de-mayo-con-una-ruta-de-senderismo-urbano-de-4-km\/#primaryimage"},"thumbnailUrl":"https:\/\/arealorcaradio.es\/wp-content\/uploads\/2025\/05\/FOTO1-8.jpeg","datePublished":"2025-05-06T11:06:37+00:00","author":{"@id":"https:\/\/arealorcaradio.es\/#\/schema\/person\/9fae605fc25b0f2c83c1ab207139bd27"},"breadcrumb":{"@id":"https:\/\/arealorcaradio.es\/index.php\/2025\/05\/06\/los-31o-encuentros-deportivos-de-mujeres-arrancan-este-jueves-8-de-mayo-con-una-ruta-de-senderismo-urbano-de-4-km\/#breadcrumb"},"inLanguage":"es","potentialAction":[{"@type":"ReadAction","target":["https:\/\/arealorcaradio.es\/index.php\/2025\/05\/06\/los-31o-encuentros-deportivos-de-mujeres-arrancan-este-jueves-8-de-mayo-con-una-ruta-de-senderismo-urbano-de-4-km\/"]}]},{"@type":"ImageObject","inLanguage":"es","@id":"https:\/\/arealorcaradio.es\/index.php\/2025\/05\/06\/los-31o-encuentros-deportivos-de-mujeres-arrancan-este-jueves-8-de-mayo-con-una-ruta-de-senderismo-urbano-de-4-km\/#primaryimage","url":"https:\/\/arealorcaradio.es\/wp-content\/uploads\/2025\/05\/FOTO1-8.jpeg","contentUrl":"https:\/\/arealorcaradio.es\/wp-content\/uploads\/2025\/05\/FOTO1-8.jpeg","width":2048,"height":1536},{"@type":"BreadcrumbList","@id":"https:\/\/arealorcaradio.es\/index.php\/2025\/05\/06\/los-31o-encuentros-deportivos-de-mujeres-arrancan-este-jueves-8-de-mayo-con-una-ruta-de-senderismo-urbano-de-4-km\/#breadcrumb","itemListElement":[{"@type":"ListItem","position":1,"name":"Portada","item":"https:\/\/arealorcaradio.es\/"},{"@type":"ListItem","position":2,"name":"Los 31\u00ba Encuentros Deportivos de Mujeres arrancan este jueves, 8 de mayo, con una ruta de senderismo urbano de 4 km"}]},{"@type":"WebSite","@id":"https:\/\/arealorcaradio.es\/#website","url":"https:\/\/arealorcaradio.es\/","name":"AREA LORCA RADIO","description":"Descubre la programaci\u00f3n actual en \u00c1rea Lorca Radio, tu fuente de entrenamiento y noticias locales. Sintoniza ahora y mantente conectado online.","potentialAction":[{"@type":"SearchAction","target":{"@type":"EntryPoint","urlTemplate":"https:\/\/arealorcaradio.es\/?s={search_term_string}"},"query-input":{"@type":"PropertyValueSpecification","valueRequired":true,"valueName":"search_term_string"}}],"inLanguage":"es"},{"@type":"Person","@id":"https:\/\/arealorcaradio.es\/#\/schema\/person\/9fae605fc25b0f2c83c1ab207139bd27","name":"Paco S\u00e1nchez","image":{"@type":"ImageObject","inLanguage":"es","@id":"https:\/\/secure.gravatar.com\/avatar\/d67144e966420fb74aa84c9f2a0103be4724fd14db52b52d3b6bca749f257e79?s=96&d=mm&r=g","url":"https:\/\/secure.gravatar.com\/avatar\/d67144e966420fb74aa84c9f2a0103be4724fd14db52b52d3b6bca749f257e79?s=96&d=mm&r=g","contentUrl":"https:\/\/secure.gravatar.com\/avatar\/d67144e966420fb74aa84c9f2a0103be4724fd14db52b52d3b6bca749f257e79?s=96&d=mm&r=g","caption":"Paco S\u00e1nchez"},"sameAs":["https:\/\/arealorcaradio.es"],"url":"https:\/\/arealorcaradio.es\/index.php\/author\/admin_alorcaradio\/"}]}},"_links":{"self":[{"href":"https:\/\/arealorcaradio.es\/index.php\/wp-json\/wp\/v2\/posts\/6400","targetHints":{"allow":["GET"]}}],"collection":[{"href":"https:\/\/arealorcaradio.es\/index.php\/wp-json\/wp\/v2\/posts"}],"about":[{"href":"https:\/\/arealorcaradio.es\/index.php\/wp-json\/wp\/v2\/types\/post"}],"author":[{"embeddable":true,"href":"https:\/\/arealorcaradio.es\/index.php\/wp-json\/wp\/v2\/users\/1"}],"replies":[{"embeddable":true,"href":"https:\/\/arealorcaradio.es\/index.php\/wp-json\/wp\/v2\/comments?post=6400"}],"version-history":[{"count":1,"href":"https:\/\/arealorcaradio.es\/index.php\/wp-json\/wp\/v2\/posts\/6400\/revisions"}],"predecessor-version":[{"id":6403,"href":"https:\/\/arealorcaradio.es\/index.php\/wp-json\/wp\/v2\/posts\/6400\/revisions\/6403"}],"wp:featuredmedia":[{"embeddable":true,"href":"https:\/\/arealorcaradio.es\/index.php\/wp-json\/wp\/v2\/media\/6402"}],"wp:attachment":[{"href":"https:\/\/arealorcaradio.es\/index.php\/wp-json\/wp\/v2\/media?parent=6400"}],"wp:term":[{"taxonomy":"category","embeddable":true,"href":"https:\/\/arealorcaradio.es\/index.php\/wp-json\/wp\/v2\/categories?post=6400"},{"taxonomy":"post_tag","embeddable":true,"href":"https:\/\/arealorcaradio.es\/index.php\/wp-json\/wp\/v2\/tags?post=6400"}],"curies":[{"name":"wp","href":"https:\/\/api.w.org\/{rel}","templated":true}]}}