{"id":6389,"date":"2025-05-06T10:43:34","date_gmt":"2025-05-06T10:43:34","guid":{"rendered":"https:\/\/arealorcaradio.es\/?p=6389"},"modified":"2025-05-06T10:43:34","modified_gmt":"2025-05-06T10:43:34","slug":"lorca-acoge-la-segunda-non-stop-lorcaxtriana-una-prueba-de-300-kilometros-para-recaudar-fondos-contra-el-cancer-infantil","status":"publish","type":"post","link":"https:\/\/arealorcaradio.es\/index.php\/2025\/05\/06\/lorca-acoge-la-segunda-non-stop-lorcaxtriana-una-prueba-de-300-kilometros-para-recaudar-fondos-contra-el-cancer-infantil\/","title":{"rendered":"Lorca acoge la segunda &#8216;Non Stop LorcaXTriana&#8217;, una prueba de 300 kil\u00f3metros para recaudar fondos contra el c\u00e1ncer infantil"},"content":{"rendered":"<p><strong>\u00c1REA LORCA RADIO. Deportes.<\/strong><\/p>\n<div>\n<p class=\"v1MsoNormal\"><b>Lorca, 6 de mayo de 2025.<\/b>\u00a0Los pr\u00f3ximos d\u00edas 17 y 18 de mayo, el t\u00e9rmino municipal de Lorca ser\u00e1 escenario de la &#8216;II Non Stop LorcaXTriana&#8217;, una prueba deportiva no competitiva que unir\u00e1 el esfuerzo f\u00edsico con la causa solidaria: apoyar la investigaci\u00f3n y concienciaci\u00f3n sobre el c\u00e1ncer infantil. Organizada por las asociaciones T-elevamos, Lorca-Santiago y el club Senderista La Carrasca, en colaboraci\u00f3n con la Concejal\u00eda de Deportes de Lorca, el evento ofrece dos modalidades de participaci\u00f3n: carrera por equipos (300 km en relevos); y senderismo popular (12 km y 6 km). El concejal de Deportes, Juan Miguel Bayonas; la concejal de ONG&#8217;s, Bel\u00e9n D\u00edaz; el representante de Lorca-Santiago, Roque Moya; el presidente de La Carrasca, Francisco Javier Gonz\u00e1lez; y la presidenta de la Asociaci\u00f3n T-elevamos, Adriana Ramos Ib\u00e1\u00f1ez, han presentado hoy la segunda edici\u00f3n de esta propuesta deportiva ben\u00e9fica que naci\u00f3 en 2024 motivada por la familia de la peque\u00f1a lorquina Triana Ramos, diagnosticada de un tumor endod\u00e9rmico.<\/p>\n<p class=\"v1MsoNormal\"><img loading=\"lazy\" decoding=\"async\" class=\"alignnone size-medium wp-image-6390\" src=\"https:\/\/arealorcaradio.es\/wp-content\/uploads\/2025\/05\/CORREXTRIANA-1-300x225.jpeg\" alt=\"\" width=\"300\" height=\"225\" srcset=\"https:\/\/arealorcaradio.es\/wp-content\/uploads\/2025\/05\/CORREXTRIANA-1-300x225.jpeg 300w, https:\/\/arealorcaradio.es\/wp-content\/uploads\/2025\/05\/CORREXTRIANA-1-1024x768.jpeg 1024w, https:\/\/arealorcaradio.es\/wp-content\/uploads\/2025\/05\/CORREXTRIANA-1-768x576.jpeg 768w, https:\/\/arealorcaradio.es\/wp-content\/uploads\/2025\/05\/CORREXTRIANA-1-1536x1152.jpeg 1536w, https:\/\/arealorcaradio.es\/wp-content\/uploads\/2025\/05\/CORREXTRIANA-1-86x64.jpeg 86w, https:\/\/arealorcaradio.es\/wp-content\/uploads\/2025\/05\/CORREXTRIANA-1.jpeg 2048w\" sizes=\"auto, (max-width: 300px) 100vw, 300px\" \/><\/p>\n<p class=\"v1MsoNormal\">La salida de la prueba tendr\u00e1 lugar el s\u00e1bado 17 de mayo a las 8:00 horas y la llegada est\u00e1 prevista para las 13:30 horas del domingo 18 de mayo, ambas en la Avenida Juan Carlos I. El recorrido de la carrera cubrir\u00e1 300 km con 24 relevos (diurnos y nocturnos) y un desnivel acumulado de 5.660 metros, mientras que la modalidad de senderismo ser\u00e1 accesible a participantes de todas las edades, con autorizaci\u00f3n paterna para menores. Toda la recaudaci\u00f3n se destinar\u00e1 al Grupo de Cirug\u00eda Pedi\u00e1trica Oncol\u00f3gica y Malformaciones Cong\u00e9nitas del Instituto Murciano de Investigaci\u00f3n Biom\u00e9dica-Hospital Virgen de La Arrixaca.<\/p>\n<p class=\"v1MsoNormal\">Las inscripciones estar\u00e1n abiertas en la plataforma\u00a0<a href=\"http:\/\/montureventos.com\/\" target=\"_blank\" rel=\"noopener noreferrer\">montureventos.com<\/a>\u00a0hasta el pr\u00f3ximo 12 de mayo. Tambi\u00e9n se puede colaborar a trav\u00e9s del Dorsal 0, haciendo un donativo directo a la cuenta bancaria con IBAN ES80 2100 1545 1545 8002 0047 7495.<\/p>\n<p class=\"v1MsoNormal\">\u00abDetr\u00e1s de cada relevo de esta carrera hay una historia de esfuerzo y detr\u00e1s de cada kil\u00f3metro, un mensaje de apoyo a las familias que luchan contra el c\u00e1ncer infantil. En Lorca creemos en un deporte con valores, y esta prueba lo representa a la perfecci\u00f3n, as\u00ed como las que anualmente se suceden en nuestro municipio. Este evento es mucho m\u00e1s que una prueba deportiva, es un movimiento social y as\u00ed qued\u00f3 reflejado en la primera edici\u00f3n, que fue todo un \u00e9xito de participaci\u00f3n y colaboraci\u00f3n. Queremos invitar a todos los lorquinos y visitantes a participar, ya sea corriendo, caminando o con donativos al Dorsal 0, porque cada paso que demos juntos es un paso m\u00e1s hacia la esperanza y la investigaci\u00f3n m\u00e9dica\u00bb, ha apuntado el concejal de Deportes, Juan Miguel Bayonas.<\/p>\n<p class=\"v1MsoNormal\">Toda la informaci\u00f3n as\u00ed como las actualizaciones de recorridos y horarios se puede consultar a trav\u00e9s de los perfiles de redes sociales de la prueba.<\/p>\n<\/div>\n<div><\/div>\n","protected":false},"excerpt":{"rendered":"<p>\u00c1REA LORCA RADIO. Deportes. Lorca, 6 de mayo de 2025.\u00a0Los pr\u00f3ximos d\u00edas 17 y 18 de mayo, el t\u00e9rmino municipal de Lorca ser\u00e1 escenario de la &#8216;II Non Stop LorcaXTriana&#8217;, una prueba deportiva no competitiva que unir\u00e1 el esfuerzo f\u00edsico con la causa solidaria: apoyar la investigaci\u00f3n y concienciaci\u00f3n sobre el c\u00e1ncer infantil. Organizada por [&hellip;]<\/p>\n","protected":false},"author":1,"featured_media":6391,"comment_status":"open","ping_status":"open","sticky":false,"template":"","format":"standard","meta":{"iawp_total_views":2,"footnotes":""},"categories":[4,7],"tags":[],"class_list":["post-6389","post","type-post","status-publish","format-standard","has-post-thumbnail","hentry","category-deportes","category-lorca"],"yoast_head":"<!-- This site is optimized with the Yoast SEO plugin v27.5 - https:\/\/yoast.com\/product\/yoast-seo-wordpress\/ -->\n<title>Lorca acoge la segunda &#039;Non Stop LorcaXTriana&#039;, una prueba de 300 kil\u00f3metros para recaudar fondos contra el c\u00e1ncer infantil - AREA LORCA RADIO<\/title>\n<meta name=\"robots\" content=\"index, follow, max-snippet:-1, max-image-preview:large, max-video-preview:-1\" \/>\n<link rel=\"canonical\" href=\"https:\/\/arealorcaradio.es\/index.php\/2025\/05\/06\/lorca-acoge-la-segunda-non-stop-lorcaxtriana-una-prueba-de-300-kilometros-para-recaudar-fondos-contra-el-cancer-infantil\/\" \/>\n<meta property=\"og:locale\" content=\"es_ES\" \/>\n<meta property=\"og:type\" content=\"article\" \/>\n<meta property=\"og:title\" content=\"Lorca acoge la segunda &#039;Non Stop LorcaXTriana&#039;, una prueba de 300 kil\u00f3metros para recaudar fondos contra el c\u00e1ncer infantil - AREA LORCA RADIO\" \/>\n<meta property=\"og:description\" content=\"\u00c1REA LORCA RADIO. Deportes. Lorca, 6 de mayo de 2025.\u00a0Los pr\u00f3ximos d\u00edas 17 y 18 de mayo, el t\u00e9rmino municipal de Lorca ser\u00e1 escenario de la &#8216;II Non Stop LorcaXTriana&#8217;, una prueba deportiva no competitiva que unir\u00e1 el esfuerzo f\u00edsico con la causa solidaria: apoyar la investigaci\u00f3n y concienciaci\u00f3n sobre el c\u00e1ncer infantil. Organizada por [&hellip;]\" \/>\n<meta property=\"og:url\" content=\"https:\/\/arealorcaradio.es\/index.php\/2025\/05\/06\/lorca-acoge-la-segunda-non-stop-lorcaxtriana-una-prueba-de-300-kilometros-para-recaudar-fondos-contra-el-cancer-infantil\/\" \/>\n<meta property=\"og:site_name\" content=\"AREA LORCA RADIO\" \/>\n<meta property=\"article:published_time\" content=\"2025-05-06T10:43:34+00:00\" \/>\n<meta property=\"og:image\" content=\"https:\/\/arealorcaradio.es\/wp-content\/uploads\/2025\/05\/CORREXTRIANA-3.jpeg\" \/>\n\t<meta property=\"og:image:width\" content=\"2048\" \/>\n\t<meta property=\"og:image:height\" content=\"1536\" \/>\n\t<meta property=\"og:image:type\" content=\"image\/jpeg\" \/>\n<meta name=\"author\" content=\"Paco S\u00e1nchez\" \/>\n<meta name=\"twitter:card\" content=\"summary_large_image\" \/>\n<meta name=\"twitter:label1\" content=\"Escrito por\" \/>\n\t<meta name=\"twitter:data1\" content=\"Paco S\u00e1nchez\" \/>\n\t<meta name=\"twitter:label2\" content=\"Tiempo de lectura\" \/>\n\t<meta name=\"twitter:data2\" content=\"3 minutos\" \/>\n<script type=\"application\/ld+json\" class=\"yoast-schema-graph\">{\"@context\":\"https:\\\/\\\/schema.org\",\"@graph\":[{\"@type\":\"Article\",\"@id\":\"https:\\\/\\\/arealorcaradio.es\\\/index.php\\\/2025\\\/05\\\/06\\\/lorca-acoge-la-segunda-non-stop-lorcaxtriana-una-prueba-de-300-kilometros-para-recaudar-fondos-contra-el-cancer-infantil\\\/#article\",\"isPartOf\":{\"@id\":\"https:\\\/\\\/arealorcaradio.es\\\/index.php\\\/2025\\\/05\\\/06\\\/lorca-acoge-la-segunda-non-stop-lorcaxtriana-una-prueba-de-300-kilometros-para-recaudar-fondos-contra-el-cancer-infantil\\\/\"},\"author\":{\"name\":\"Paco S\u00e1nchez\",\"@id\":\"https:\\\/\\\/arealorcaradio.es\\\/#\\\/schema\\\/person\\\/9fae605fc25b0f2c83c1ab207139bd27\"},\"headline\":\"Lorca acoge la segunda &#8216;Non Stop LorcaXTriana&#8217;, una prueba de 300 kil\u00f3metros para recaudar fondos contra el c\u00e1ncer infantil\",\"datePublished\":\"2025-05-06T10:43:34+00:00\",\"mainEntityOfPage\":{\"@id\":\"https:\\\/\\\/arealorcaradio.es\\\/index.php\\\/2025\\\/05\\\/06\\\/lorca-acoge-la-segunda-non-stop-lorcaxtriana-una-prueba-de-300-kilometros-para-recaudar-fondos-contra-el-cancer-infantil\\\/\"},\"wordCount\":506,\"commentCount\":0,\"image\":{\"@id\":\"https:\\\/\\\/arealorcaradio.es\\\/index.php\\\/2025\\\/05\\\/06\\\/lorca-acoge-la-segunda-non-stop-lorcaxtriana-una-prueba-de-300-kilometros-para-recaudar-fondos-contra-el-cancer-infantil\\\/#primaryimage\"},\"thumbnailUrl\":\"https:\\\/\\\/arealorcaradio.es\\\/wp-content\\\/uploads\\\/2025\\\/05\\\/CORREXTRIANA-3.jpeg\",\"articleSection\":[\"DEPORTES\",\"LORCA\"],\"inLanguage\":\"es\",\"potentialAction\":[{\"@type\":\"CommentAction\",\"name\":\"Comment\",\"target\":[\"https:\\\/\\\/arealorcaradio.es\\\/index.php\\\/2025\\\/05\\\/06\\\/lorca-acoge-la-segunda-non-stop-lorcaxtriana-una-prueba-de-300-kilometros-para-recaudar-fondos-contra-el-cancer-infantil\\\/#respond\"]}]},{\"@type\":\"WebPage\",\"@id\":\"https:\\\/\\\/arealorcaradio.es\\\/index.php\\\/2025\\\/05\\\/06\\\/lorca-acoge-la-segunda-non-stop-lorcaxtriana-una-prueba-de-300-kilometros-para-recaudar-fondos-contra-el-cancer-infantil\\\/\",\"url\":\"https:\\\/\\\/arealorcaradio.es\\\/index.php\\\/2025\\\/05\\\/06\\\/lorca-acoge-la-segunda-non-stop-lorcaxtriana-una-prueba-de-300-kilometros-para-recaudar-fondos-contra-el-cancer-infantil\\\/\",\"name\":\"Lorca acoge la segunda 'Non Stop LorcaXTriana', una prueba de 300 kil\u00f3metros para recaudar fondos contra el c\u00e1ncer infantil - AREA LORCA RADIO\",\"isPartOf\":{\"@id\":\"https:\\\/\\\/arealorcaradio.es\\\/#website\"},\"primaryImageOfPage\":{\"@id\":\"https:\\\/\\\/arealorcaradio.es\\\/index.php\\\/2025\\\/05\\\/06\\\/lorca-acoge-la-segunda-non-stop-lorcaxtriana-una-prueba-de-300-kilometros-para-recaudar-fondos-contra-el-cancer-infantil\\\/#primaryimage\"},\"image\":{\"@id\":\"https:\\\/\\\/arealorcaradio.es\\\/index.php\\\/2025\\\/05\\\/06\\\/lorca-acoge-la-segunda-non-stop-lorcaxtriana-una-prueba-de-300-kilometros-para-recaudar-fondos-contra-el-cancer-infantil\\\/#primaryimage\"},\"thumbnailUrl\":\"https:\\\/\\\/arealorcaradio.es\\\/wp-content\\\/uploads\\\/2025\\\/05\\\/CORREXTRIANA-3.jpeg\",\"datePublished\":\"2025-05-06T10:43:34+00:00\",\"author\":{\"@id\":\"https:\\\/\\\/arealorcaradio.es\\\/#\\\/schema\\\/person\\\/9fae605fc25b0f2c83c1ab207139bd27\"},\"breadcrumb\":{\"@id\":\"https:\\\/\\\/arealorcaradio.es\\\/index.php\\\/2025\\\/05\\\/06\\\/lorca-acoge-la-segunda-non-stop-lorcaxtriana-una-prueba-de-300-kilometros-para-recaudar-fondos-contra-el-cancer-infantil\\\/#breadcrumb\"},\"inLanguage\":\"es\",\"potentialAction\":[{\"@type\":\"ReadAction\",\"target\":[\"https:\\\/\\\/arealorcaradio.es\\\/index.php\\\/2025\\\/05\\\/06\\\/lorca-acoge-la-segunda-non-stop-lorcaxtriana-una-prueba-de-300-kilometros-para-recaudar-fondos-contra-el-cancer-infantil\\\/\"]}]},{\"@type\":\"ImageObject\",\"inLanguage\":\"es\",\"@id\":\"https:\\\/\\\/arealorcaradio.es\\\/index.php\\\/2025\\\/05\\\/06\\\/lorca-acoge-la-segunda-non-stop-lorcaxtriana-una-prueba-de-300-kilometros-para-recaudar-fondos-contra-el-cancer-infantil\\\/#primaryimage\",\"url\":\"https:\\\/\\\/arealorcaradio.es\\\/wp-content\\\/uploads\\\/2025\\\/05\\\/CORREXTRIANA-3.jpeg\",\"contentUrl\":\"https:\\\/\\\/arealorcaradio.es\\\/wp-content\\\/uploads\\\/2025\\\/05\\\/CORREXTRIANA-3.jpeg\",\"width\":2048,\"height\":1536},{\"@type\":\"BreadcrumbList\",\"@id\":\"https:\\\/\\\/arealorcaradio.es\\\/index.php\\\/2025\\\/05\\\/06\\\/lorca-acoge-la-segunda-non-stop-lorcaxtriana-una-prueba-de-300-kilometros-para-recaudar-fondos-contra-el-cancer-infantil\\\/#breadcrumb\",\"itemListElement\":[{\"@type\":\"ListItem\",\"position\":1,\"name\":\"Portada\",\"item\":\"https:\\\/\\\/arealorcaradio.es\\\/\"},{\"@type\":\"ListItem\",\"position\":2,\"name\":\"Lorca acoge la segunda &#8216;Non Stop LorcaXTriana&#8217;, una prueba de 300 kil\u00f3metros para recaudar fondos contra el c\u00e1ncer infantil\"}]},{\"@type\":\"WebSite\",\"@id\":\"https:\\\/\\\/arealorcaradio.es\\\/#website\",\"url\":\"https:\\\/\\\/arealorcaradio.es\\\/\",\"name\":\"AREA LORCA RADIO\",\"description\":\"Descubre la programaci\u00f3n actual en \u00c1rea Lorca Radio, tu fuente de entrenamiento y noticias locales. Sintoniza ahora y mantente conectado online.\",\"potentialAction\":[{\"@type\":\"SearchAction\",\"target\":{\"@type\":\"EntryPoint\",\"urlTemplate\":\"https:\\\/\\\/arealorcaradio.es\\\/?s={search_term_string}\"},\"query-input\":{\"@type\":\"PropertyValueSpecification\",\"valueRequired\":true,\"valueName\":\"search_term_string\"}}],\"inLanguage\":\"es\"},{\"@type\":\"Person\",\"@id\":\"https:\\\/\\\/arealorcaradio.es\\\/#\\\/schema\\\/person\\\/9fae605fc25b0f2c83c1ab207139bd27\",\"name\":\"Paco S\u00e1nchez\",\"image\":{\"@type\":\"ImageObject\",\"inLanguage\":\"es\",\"@id\":\"https:\\\/\\\/secure.gravatar.com\\\/avatar\\\/d67144e966420fb74aa84c9f2a0103be4724fd14db52b52d3b6bca749f257e79?s=96&d=mm&r=g\",\"url\":\"https:\\\/\\\/secure.gravatar.com\\\/avatar\\\/d67144e966420fb74aa84c9f2a0103be4724fd14db52b52d3b6bca749f257e79?s=96&d=mm&r=g\",\"contentUrl\":\"https:\\\/\\\/secure.gravatar.com\\\/avatar\\\/d67144e966420fb74aa84c9f2a0103be4724fd14db52b52d3b6bca749f257e79?s=96&d=mm&r=g\",\"caption\":\"Paco S\u00e1nchez\"},\"sameAs\":[\"https:\\\/\\\/arealorcaradio.es\"],\"url\":\"https:\\\/\\\/arealorcaradio.es\\\/index.php\\\/author\\\/admin_alorcaradio\\\/\"}]}<\/script>\n<!-- \/ Yoast SEO plugin. -->","yoast_head_json":{"title":"Lorca acoge la segunda 'Non Stop LorcaXTriana', una prueba de 300 kil\u00f3metros para recaudar fondos contra el c\u00e1ncer infantil - AREA LORCA RADIO","robots":{"index":"index","follow":"follow","max-snippet":"max-snippet:-1","max-image-preview":"max-image-preview:large","max-video-preview":"max-video-preview:-1"},"canonical":"https:\/\/arealorcaradio.es\/index.php\/2025\/05\/06\/lorca-acoge-la-segunda-non-stop-lorcaxtriana-una-prueba-de-300-kilometros-para-recaudar-fondos-contra-el-cancer-infantil\/","og_locale":"es_ES","og_type":"article","og_title":"Lorca acoge la segunda 'Non Stop LorcaXTriana', una prueba de 300 kil\u00f3metros para recaudar fondos contra el c\u00e1ncer infantil - AREA LORCA RADIO","og_description":"\u00c1REA LORCA RADIO. Deportes. Lorca, 6 de mayo de 2025.\u00a0Los pr\u00f3ximos d\u00edas 17 y 18 de mayo, el t\u00e9rmino municipal de Lorca ser\u00e1 escenario de la &#8216;II Non Stop LorcaXTriana&#8217;, una prueba deportiva no competitiva que unir\u00e1 el esfuerzo f\u00edsico con la causa solidaria: apoyar la investigaci\u00f3n y concienciaci\u00f3n sobre el c\u00e1ncer infantil. Organizada por [&hellip;]","og_url":"https:\/\/arealorcaradio.es\/index.php\/2025\/05\/06\/lorca-acoge-la-segunda-non-stop-lorcaxtriana-una-prueba-de-300-kilometros-para-recaudar-fondos-contra-el-cancer-infantil\/","og_site_name":"AREA LORCA RADIO","article_published_time":"2025-05-06T10:43:34+00:00","og_image":[{"width":2048,"height":1536,"url":"https:\/\/arealorcaradio.es\/wp-content\/uploads\/2025\/05\/CORREXTRIANA-3.jpeg","type":"image\/jpeg"}],"author":"Paco S\u00e1nchez","twitter_card":"summary_large_image","twitter_misc":{"Escrito por":"Paco S\u00e1nchez","Tiempo de lectura":"3 minutos"},"schema":{"@context":"https:\/\/schema.org","@graph":[{"@type":"Article","@id":"https:\/\/arealorcaradio.es\/index.php\/2025\/05\/06\/lorca-acoge-la-segunda-non-stop-lorcaxtriana-una-prueba-de-300-kilometros-para-recaudar-fondos-contra-el-cancer-infantil\/#article","isPartOf":{"@id":"https:\/\/arealorcaradio.es\/index.php\/2025\/05\/06\/lorca-acoge-la-segunda-non-stop-lorcaxtriana-una-prueba-de-300-kilometros-para-recaudar-fondos-contra-el-cancer-infantil\/"},"author":{"name":"Paco S\u00e1nchez","@id":"https:\/\/arealorcaradio.es\/#\/schema\/person\/9fae605fc25b0f2c83c1ab207139bd27"},"headline":"Lorca acoge la segunda &#8216;Non Stop LorcaXTriana&#8217;, una prueba de 300 kil\u00f3metros para recaudar fondos contra el c\u00e1ncer infantil","datePublished":"2025-05-06T10:43:34+00:00","mainEntityOfPage":{"@id":"https:\/\/arealorcaradio.es\/index.php\/2025\/05\/06\/lorca-acoge-la-segunda-non-stop-lorcaxtriana-una-prueba-de-300-kilometros-para-recaudar-fondos-contra-el-cancer-infantil\/"},"wordCount":506,"commentCount":0,"image":{"@id":"https:\/\/arealorcaradio.es\/index.php\/2025\/05\/06\/lorca-acoge-la-segunda-non-stop-lorcaxtriana-una-prueba-de-300-kilometros-para-recaudar-fondos-contra-el-cancer-infantil\/#primaryimage"},"thumbnailUrl":"https:\/\/arealorcaradio.es\/wp-content\/uploads\/2025\/05\/CORREXTRIANA-3.jpeg","articleSection":["DEPORTES","LORCA"],"inLanguage":"es","potentialAction":[{"@type":"CommentAction","name":"Comment","target":["https:\/\/arealorcaradio.es\/index.php\/2025\/05\/06\/lorca-acoge-la-segunda-non-stop-lorcaxtriana-una-prueba-de-300-kilometros-para-recaudar-fondos-contra-el-cancer-infantil\/#respond"]}]},{"@type":"WebPage","@id":"https:\/\/arealorcaradio.es\/index.php\/2025\/05\/06\/lorca-acoge-la-segunda-non-stop-lorcaxtriana-una-prueba-de-300-kilometros-para-recaudar-fondos-contra-el-cancer-infantil\/","url":"https:\/\/arealorcaradio.es\/index.php\/2025\/05\/06\/lorca-acoge-la-segunda-non-stop-lorcaxtriana-una-prueba-de-300-kilometros-para-recaudar-fondos-contra-el-cancer-infantil\/","name":"Lorca acoge la segunda 'Non Stop LorcaXTriana', una prueba de 300 kil\u00f3metros para recaudar fondos contra el c\u00e1ncer infantil - AREA LORCA RADIO","isPartOf":{"@id":"https:\/\/arealorcaradio.es\/#website"},"primaryImageOfPage":{"@id":"https:\/\/arealorcaradio.es\/index.php\/2025\/05\/06\/lorca-acoge-la-segunda-non-stop-lorcaxtriana-una-prueba-de-300-kilometros-para-recaudar-fondos-contra-el-cancer-infantil\/#primaryimage"},"image":{"@id":"https:\/\/arealorcaradio.es\/index.php\/2025\/05\/06\/lorca-acoge-la-segunda-non-stop-lorcaxtriana-una-prueba-de-300-kilometros-para-recaudar-fondos-contra-el-cancer-infantil\/#primaryimage"},"thumbnailUrl":"https:\/\/arealorcaradio.es\/wp-content\/uploads\/2025\/05\/CORREXTRIANA-3.jpeg","datePublished":"2025-05-06T10:43:34+00:00","author":{"@id":"https:\/\/arealorcaradio.es\/#\/schema\/person\/9fae605fc25b0f2c83c1ab207139bd27"},"breadcrumb":{"@id":"https:\/\/arealorcaradio.es\/index.php\/2025\/05\/06\/lorca-acoge-la-segunda-non-stop-lorcaxtriana-una-prueba-de-300-kilometros-para-recaudar-fondos-contra-el-cancer-infantil\/#breadcrumb"},"inLanguage":"es","potentialAction":[{"@type":"ReadAction","target":["https:\/\/arealorcaradio.es\/index.php\/2025\/05\/06\/lorca-acoge-la-segunda-non-stop-lorcaxtriana-una-prueba-de-300-kilometros-para-recaudar-fondos-contra-el-cancer-infantil\/"]}]},{"@type":"ImageObject","inLanguage":"es","@id":"https:\/\/arealorcaradio.es\/index.php\/2025\/05\/06\/lorca-acoge-la-segunda-non-stop-lorcaxtriana-una-prueba-de-300-kilometros-para-recaudar-fondos-contra-el-cancer-infantil\/#primaryimage","url":"https:\/\/arealorcaradio.es\/wp-content\/uploads\/2025\/05\/CORREXTRIANA-3.jpeg","contentUrl":"https:\/\/arealorcaradio.es\/wp-content\/uploads\/2025\/05\/CORREXTRIANA-3.jpeg","width":2048,"height":1536},{"@type":"BreadcrumbList","@id":"https:\/\/arealorcaradio.es\/index.php\/2025\/05\/06\/lorca-acoge-la-segunda-non-stop-lorcaxtriana-una-prueba-de-300-kilometros-para-recaudar-fondos-contra-el-cancer-infantil\/#breadcrumb","itemListElement":[{"@type":"ListItem","position":1,"name":"Portada","item":"https:\/\/arealorcaradio.es\/"},{"@type":"ListItem","position":2,"name":"Lorca acoge la segunda &#8216;Non Stop LorcaXTriana&#8217;, una prueba de 300 kil\u00f3metros para recaudar fondos contra el c\u00e1ncer infantil"}]},{"@type":"WebSite","@id":"https:\/\/arealorcaradio.es\/#website","url":"https:\/\/arealorcaradio.es\/","name":"AREA LORCA RADIO","description":"Descubre la programaci\u00f3n actual en \u00c1rea Lorca Radio, tu fuente de entrenamiento y noticias locales. Sintoniza ahora y mantente conectado online.","potentialAction":[{"@type":"SearchAction","target":{"@type":"EntryPoint","urlTemplate":"https:\/\/arealorcaradio.es\/?s={search_term_string}"},"query-input":{"@type":"PropertyValueSpecification","valueRequired":true,"valueName":"search_term_string"}}],"inLanguage":"es"},{"@type":"Person","@id":"https:\/\/arealorcaradio.es\/#\/schema\/person\/9fae605fc25b0f2c83c1ab207139bd27","name":"Paco S\u00e1nchez","image":{"@type":"ImageObject","inLanguage":"es","@id":"https:\/\/secure.gravatar.com\/avatar\/d67144e966420fb74aa84c9f2a0103be4724fd14db52b52d3b6bca749f257e79?s=96&d=mm&r=g","url":"https:\/\/secure.gravatar.com\/avatar\/d67144e966420fb74aa84c9f2a0103be4724fd14db52b52d3b6bca749f257e79?s=96&d=mm&r=g","contentUrl":"https:\/\/secure.gravatar.com\/avatar\/d67144e966420fb74aa84c9f2a0103be4724fd14db52b52d3b6bca749f257e79?s=96&d=mm&r=g","caption":"Paco S\u00e1nchez"},"sameAs":["https:\/\/arealorcaradio.es"],"url":"https:\/\/arealorcaradio.es\/index.php\/author\/admin_alorcaradio\/"}]}},"_links":{"self":[{"href":"https:\/\/arealorcaradio.es\/index.php\/wp-json\/wp\/v2\/posts\/6389","targetHints":{"allow":["GET"]}}],"collection":[{"href":"https:\/\/arealorcaradio.es\/index.php\/wp-json\/wp\/v2\/posts"}],"about":[{"href":"https:\/\/arealorcaradio.es\/index.php\/wp-json\/wp\/v2\/types\/post"}],"author":[{"embeddable":true,"href":"https:\/\/arealorcaradio.es\/index.php\/wp-json\/wp\/v2\/users\/1"}],"replies":[{"embeddable":true,"href":"https:\/\/arealorcaradio.es\/index.php\/wp-json\/wp\/v2\/comments?post=6389"}],"version-history":[{"count":1,"href":"https:\/\/arealorcaradio.es\/index.php\/wp-json\/wp\/v2\/posts\/6389\/revisions"}],"predecessor-version":[{"id":6392,"href":"https:\/\/arealorcaradio.es\/index.php\/wp-json\/wp\/v2\/posts\/6389\/revisions\/6392"}],"wp:featuredmedia":[{"embeddable":true,"href":"https:\/\/arealorcaradio.es\/index.php\/wp-json\/wp\/v2\/media\/6391"}],"wp:attachment":[{"href":"https:\/\/arealorcaradio.es\/index.php\/wp-json\/wp\/v2\/media?parent=6389"}],"wp:term":[{"taxonomy":"category","embeddable":true,"href":"https:\/\/arealorcaradio.es\/index.php\/wp-json\/wp\/v2\/categories?post=6389"},{"taxonomy":"post_tag","embeddable":true,"href":"https:\/\/arealorcaradio.es\/index.php\/wp-json\/wp\/v2\/tags?post=6389"}],"curies":[{"name":"wp","href":"https:\/\/api.w.org\/{rel}","templated":true}]}}