{"id":6379,"date":"2025-05-06T10:35:13","date_gmt":"2025-05-06T10:35:13","guid":{"rendered":"https:\/\/arealorcaradio.es\/?p=6379"},"modified":"2025-05-06T10:35:13","modified_gmt":"2025-05-06T10:35:13","slug":"cerca-de-1-000-escolares-lorquinos-aprenden-el-trabajo-que-se-realiza-en-las-granjas-de-la-mano-de-un-comic","status":"publish","type":"post","link":"https:\/\/arealorcaradio.es\/index.php\/2025\/05\/06\/cerca-de-1-000-escolares-lorquinos-aprenden-el-trabajo-que-se-realiza-en-las-granjas-de-la-mano-de-un-comic\/","title":{"rendered":"Cerca de 1.000 escolares lorquinos aprenden el trabajo que se realiza en las granjas de la mano de un c\u00f3mic"},"content":{"rendered":"<p><strong>\u00c1REA LORCA RADIO. Actualidad. Lorca 6 de mayo de 2025.<\/strong><\/p>\n<p>Cerca de 1.000 escolares de 23 colegios de Lorca podr\u00e1n conocer y comprender un poco mejor el trabajo que se realiza diariamente en las granjas de la Regi\u00f3n de Murcia a trav\u00e9s de un c\u00f3mic, que ser\u00e1 divulgado en las aulas, hasta finales del mes de mayo.<\/p>\n<p class=\"v1MsoNormal\">As\u00ed lo han trasladado los ediles de Educaci\u00f3n y Ganader\u00eda del Ayuntamiento de Lorca, Rosa Mar\u00eda Medina y \u00c1ngel Meca, respectivamente, junto a los directores generales de Producci\u00f3n Agraria, Ganadera y Pesquera y de Centros Educativos e Infraestructuras, Juan Pedro Vera y Luis Eduardo G\u00f3mez, respectivamente, en la presentaci\u00f3n de la segunda edici\u00f3n del proyecto &#8216;Somos los Mart\u00ednez y somos Ganaderos&#8217;, que ha tenido lugar, en la ma\u00f1ana de este martes, en el CEIP Alfonso X El Sabio.<\/p>\n<p class=\"v1MsoNormal\"><img loading=\"lazy\" decoding=\"async\" class=\"alignnone size-medium wp-image-6380\" src=\"https:\/\/arealorcaradio.es\/wp-content\/uploads\/2025\/05\/foto3-6-300x192.jpeg\" alt=\"\" width=\"300\" height=\"192\" srcset=\"https:\/\/arealorcaradio.es\/wp-content\/uploads\/2025\/05\/foto3-6-300x192.jpeg 300w, https:\/\/arealorcaradio.es\/wp-content\/uploads\/2025\/05\/foto3-6-1024x656.jpeg 1024w, https:\/\/arealorcaradio.es\/wp-content\/uploads\/2025\/05\/foto3-6-768x492.jpeg 768w, https:\/\/arealorcaradio.es\/wp-content\/uploads\/2025\/05\/foto3-6-1536x985.jpeg 1536w, https:\/\/arealorcaradio.es\/wp-content\/uploads\/2025\/05\/foto3-6-2048x1313.jpeg 2048w\" sizes=\"auto, (max-width: 300px) 100vw, 300px\" \/> <img loading=\"lazy\" decoding=\"async\" class=\"alignnone  wp-image-6382\" src=\"https:\/\/arealorcaradio.es\/wp-content\/uploads\/2025\/05\/foto4-2-300x225.jpeg\" alt=\"\" width=\"256\" height=\"192\" srcset=\"https:\/\/arealorcaradio.es\/wp-content\/uploads\/2025\/05\/foto4-2-300x225.jpeg 300w, https:\/\/arealorcaradio.es\/wp-content\/uploads\/2025\/05\/foto4-2-1024x768.jpeg 1024w, https:\/\/arealorcaradio.es\/wp-content\/uploads\/2025\/05\/foto4-2-768x576.jpeg 768w, https:\/\/arealorcaradio.es\/wp-content\/uploads\/2025\/05\/foto4-2-1536x1152.jpeg 1536w, https:\/\/arealorcaradio.es\/wp-content\/uploads\/2025\/05\/foto4-2-2048x1536.jpeg 2048w, https:\/\/arealorcaradio.es\/wp-content\/uploads\/2025\/05\/foto4-2-86x64.jpeg 86w\" sizes=\"auto, (max-width: 256px) 100vw, 256px\" \/><\/p>\n<p class=\"v1MsoNormal\">\u00abQueremos agradecer al Gobierno regional que contin\u00fae con esta iniciativa, dirigida a alumnos de Primaria que busca, fundamentalmente, incentivar el relevo generacional acercando a los escolares el trabajo que realizan los ganaderos de la Regi\u00f3n de Murcia\u00bb, ha trasladado \u00c1ngel Meca, que ha destacado \u00abla apuesta continua del Gobierno regional\u00a0por el\u00a0fomento y el desarrollo de este sector, sin olvidar iniciativas dirigidas a los m\u00e1s\u00a0peque\u00f1os\u00bb.<\/p>\n<p class=\"v1MsoNormal\">Este c\u00f3mic presenta c\u00f3mo es la vida en las granjas, permitiendo a los alumnos interiorizar de manera directa, sencilla y entretenida las claves para entender desde los horarios hasta los cuidados que necesitan los animales. Adem\u00e1s, contar\u00e1 con la participaci\u00f3n de un veterinario, que explicar\u00e1 a los menores cu\u00e1les son las atenciones que deben recibir los animales, representando el trabajo tanto en explotaciones porcinas, como ovinas, caprinas, equinas, cun\u00edcolas o av\u00edcolas.<\/p>\n<p class=\"v1MsoNormal\">La actividad se completar\u00e1 con una visita al Centro Integrado de Formaci\u00f3n y Experiencias Agrarias (CIFEA) de Lorca, donde los escolares podr\u00e1n ver de cerca estos animales y conocer el centro y que puedan concebir la ganader\u00eda como una opci\u00f3n laboral.<\/p>\n<p class=\"v1MsoNormal\">\u00abEs fundamental que los m\u00e1s peque\u00f1os conozcan, realmente, cu\u00e1l es el trabajo que realiza un ganadero en su d\u00eda a d\u00eda y lo hagan de una manera divertida y amena, pero tambi\u00e9n formativa, de tal manera que propicie su inter\u00e9s por este sector tan fundamental en nuestro municipio. La continuidad de la profesi\u00f3n ganadera est\u00e1 en las manos de nuestros j\u00f3venes. Por nuestra parte, apostamos por la formaci\u00f3n y la profesionalizaci\u00f3n como palancas de acceso de estos peque\u00f1os al mercado laboral en un futuro\u00bb, ha apuntado Rosa Mar\u00eda Medina.<\/p>\n<p class=\"v1MsoNormal\">Por su parte, Juan Pedro Vera ha destacado que \u00abLorca tiene una gran tradici\u00f3n ganadera y el CIFEA es uno de los centros de referencia de la regi\u00f3n para formar a los ganaderos del futuro. Pensamos que esta actividad puede ser una buena f\u00f3rmula para fomentar el relevo generacional\u00bb.<\/p>\n<p class=\"v1MsoNormal\">Luis Eduardo G\u00f3mez ha rese\u00f1ado que \u00abeste a\u00f1o, adem\u00e1s de Lorca, se ampl\u00eda la presentaci\u00f3n a colegios de Fuente \u00c1lamo, con 10 colegios que suman 483 alumnos, siendo los alumnos de 3\u00ba\u00a0y 4\u00ba\u00a0de la ESO los implicados, lo que demuestra el \u00e9xito del proyecto\u00bb.<\/p>\n<p><img loading=\"lazy\" decoding=\"async\" class=\"alignnone size-medium wp-image-6383\" src=\"https:\/\/arealorcaradio.es\/wp-content\/uploads\/2025\/05\/foto2-2-300x225.jpeg\" alt=\"\" width=\"300\" height=\"225\" srcset=\"https:\/\/arealorcaradio.es\/wp-content\/uploads\/2025\/05\/foto2-2-300x225.jpeg 300w, https:\/\/arealorcaradio.es\/wp-content\/uploads\/2025\/05\/foto2-2-1024x768.jpeg 1024w, https:\/\/arealorcaradio.es\/wp-content\/uploads\/2025\/05\/foto2-2-768x576.jpeg 768w, https:\/\/arealorcaradio.es\/wp-content\/uploads\/2025\/05\/foto2-2-1536x1152.jpeg 1536w, https:\/\/arealorcaradio.es\/wp-content\/uploads\/2025\/05\/foto2-2-2048x1536.jpeg 2048w, https:\/\/arealorcaradio.es\/wp-content\/uploads\/2025\/05\/foto2-2-86x64.jpeg 86w\" sizes=\"auto, (max-width: 300px) 100vw, 300px\" \/><\/p>\n","protected":false},"excerpt":{"rendered":"<p>\u00c1REA LORCA RADIO. Actualidad. Lorca 6 de mayo de 2025. Cerca de 1.000 escolares de 23 colegios de Lorca podr\u00e1n conocer y comprender un poco mejor el trabajo que se realiza diariamente en las granjas de la Regi\u00f3n de Murcia a trav\u00e9s de un c\u00f3mic, que ser\u00e1 divulgado en las aulas, hasta finales del mes [&hellip;]<\/p>\n","protected":false},"author":1,"featured_media":6384,"comment_status":"open","ping_status":"open","sticky":false,"template":"","format":"standard","meta":{"iawp_total_views":2,"footnotes":""},"categories":[5,7],"tags":[],"class_list":["post-6379","post","type-post","status-publish","format-standard","has-post-thumbnail","hentry","category-actualidad","category-lorca"],"yoast_head":"<!-- This site is optimized with the Yoast SEO plugin v27.5 - https:\/\/yoast.com\/product\/yoast-seo-wordpress\/ -->\n<title>Cerca de 1.000 escolares lorquinos aprenden el trabajo que se realiza en las granjas de la mano de un c\u00f3mic - AREA LORCA RADIO<\/title>\n<meta name=\"robots\" content=\"index, follow, max-snippet:-1, max-image-preview:large, max-video-preview:-1\" \/>\n<link rel=\"canonical\" href=\"https:\/\/arealorcaradio.es\/index.php\/2025\/05\/06\/cerca-de-1-000-escolares-lorquinos-aprenden-el-trabajo-que-se-realiza-en-las-granjas-de-la-mano-de-un-comic\/\" \/>\n<meta property=\"og:locale\" content=\"es_ES\" \/>\n<meta property=\"og:type\" content=\"article\" \/>\n<meta property=\"og:title\" content=\"Cerca de 1.000 escolares lorquinos aprenden el trabajo que se realiza en las granjas de la mano de un c\u00f3mic - AREA LORCA RADIO\" \/>\n<meta property=\"og:description\" content=\"\u00c1REA LORCA RADIO. Actualidad. Lorca 6 de mayo de 2025. Cerca de 1.000 escolares de 23 colegios de Lorca podr\u00e1n conocer y comprender un poco mejor el trabajo que se realiza diariamente en las granjas de la Regi\u00f3n de Murcia a trav\u00e9s de un c\u00f3mic, que ser\u00e1 divulgado en las aulas, hasta finales del mes [&hellip;]\" \/>\n<meta property=\"og:url\" content=\"https:\/\/arealorcaradio.es\/index.php\/2025\/05\/06\/cerca-de-1-000-escolares-lorquinos-aprenden-el-trabajo-que-se-realiza-en-las-granjas-de-la-mano-de-un-comic\/\" \/>\n<meta property=\"og:site_name\" content=\"AREA LORCA RADIO\" \/>\n<meta property=\"article:published_time\" content=\"2025-05-06T10:35:13+00:00\" \/>\n<meta property=\"og:image\" content=\"https:\/\/arealorcaradio.es\/wp-content\/uploads\/2025\/05\/foto1-7-scaled.jpeg\" \/>\n\t<meta property=\"og:image:width\" content=\"2560\" \/>\n\t<meta property=\"og:image:height\" content=\"1920\" \/>\n\t<meta property=\"og:image:type\" content=\"image\/jpeg\" \/>\n<meta name=\"author\" content=\"Paco S\u00e1nchez\" \/>\n<meta name=\"twitter:card\" content=\"summary_large_image\" \/>\n<meta name=\"twitter:label1\" content=\"Escrito por\" \/>\n\t<meta name=\"twitter:data1\" content=\"Paco S\u00e1nchez\" \/>\n\t<meta name=\"twitter:label2\" content=\"Tiempo de lectura\" \/>\n\t<meta name=\"twitter:data2\" content=\"4 minutos\" \/>\n<script type=\"application\/ld+json\" class=\"yoast-schema-graph\">{\"@context\":\"https:\\\/\\\/schema.org\",\"@graph\":[{\"@type\":\"Article\",\"@id\":\"https:\\\/\\\/arealorcaradio.es\\\/index.php\\\/2025\\\/05\\\/06\\\/cerca-de-1-000-escolares-lorquinos-aprenden-el-trabajo-que-se-realiza-en-las-granjas-de-la-mano-de-un-comic\\\/#article\",\"isPartOf\":{\"@id\":\"https:\\\/\\\/arealorcaradio.es\\\/index.php\\\/2025\\\/05\\\/06\\\/cerca-de-1-000-escolares-lorquinos-aprenden-el-trabajo-que-se-realiza-en-las-granjas-de-la-mano-de-un-comic\\\/\"},\"author\":{\"name\":\"Paco S\u00e1nchez\",\"@id\":\"https:\\\/\\\/arealorcaradio.es\\\/#\\\/schema\\\/person\\\/9fae605fc25b0f2c83c1ab207139bd27\"},\"headline\":\"Cerca de 1.000 escolares lorquinos aprenden el trabajo que se realiza en las granjas de la mano de un c\u00f3mic\",\"datePublished\":\"2025-05-06T10:35:13+00:00\",\"mainEntityOfPage\":{\"@id\":\"https:\\\/\\\/arealorcaradio.es\\\/index.php\\\/2025\\\/05\\\/06\\\/cerca-de-1-000-escolares-lorquinos-aprenden-el-trabajo-que-se-realiza-en-las-granjas-de-la-mano-de-un-comic\\\/\"},\"wordCount\":560,\"commentCount\":0,\"image\":{\"@id\":\"https:\\\/\\\/arealorcaradio.es\\\/index.php\\\/2025\\\/05\\\/06\\\/cerca-de-1-000-escolares-lorquinos-aprenden-el-trabajo-que-se-realiza-en-las-granjas-de-la-mano-de-un-comic\\\/#primaryimage\"},\"thumbnailUrl\":\"https:\\\/\\\/arealorcaradio.es\\\/wp-content\\\/uploads\\\/2025\\\/05\\\/foto1-7-scaled.jpeg\",\"articleSection\":[\"ACTUALIDAD\",\"LORCA\"],\"inLanguage\":\"es\",\"potentialAction\":[{\"@type\":\"CommentAction\",\"name\":\"Comment\",\"target\":[\"https:\\\/\\\/arealorcaradio.es\\\/index.php\\\/2025\\\/05\\\/06\\\/cerca-de-1-000-escolares-lorquinos-aprenden-el-trabajo-que-se-realiza-en-las-granjas-de-la-mano-de-un-comic\\\/#respond\"]}]},{\"@type\":\"WebPage\",\"@id\":\"https:\\\/\\\/arealorcaradio.es\\\/index.php\\\/2025\\\/05\\\/06\\\/cerca-de-1-000-escolares-lorquinos-aprenden-el-trabajo-que-se-realiza-en-las-granjas-de-la-mano-de-un-comic\\\/\",\"url\":\"https:\\\/\\\/arealorcaradio.es\\\/index.php\\\/2025\\\/05\\\/06\\\/cerca-de-1-000-escolares-lorquinos-aprenden-el-trabajo-que-se-realiza-en-las-granjas-de-la-mano-de-un-comic\\\/\",\"name\":\"Cerca de 1.000 escolares lorquinos aprenden el trabajo que se realiza en las granjas de la mano de un c\u00f3mic - AREA LORCA RADIO\",\"isPartOf\":{\"@id\":\"https:\\\/\\\/arealorcaradio.es\\\/#website\"},\"primaryImageOfPage\":{\"@id\":\"https:\\\/\\\/arealorcaradio.es\\\/index.php\\\/2025\\\/05\\\/06\\\/cerca-de-1-000-escolares-lorquinos-aprenden-el-trabajo-que-se-realiza-en-las-granjas-de-la-mano-de-un-comic\\\/#primaryimage\"},\"image\":{\"@id\":\"https:\\\/\\\/arealorcaradio.es\\\/index.php\\\/2025\\\/05\\\/06\\\/cerca-de-1-000-escolares-lorquinos-aprenden-el-trabajo-que-se-realiza-en-las-granjas-de-la-mano-de-un-comic\\\/#primaryimage\"},\"thumbnailUrl\":\"https:\\\/\\\/arealorcaradio.es\\\/wp-content\\\/uploads\\\/2025\\\/05\\\/foto1-7-scaled.jpeg\",\"datePublished\":\"2025-05-06T10:35:13+00:00\",\"author\":{\"@id\":\"https:\\\/\\\/arealorcaradio.es\\\/#\\\/schema\\\/person\\\/9fae605fc25b0f2c83c1ab207139bd27\"},\"breadcrumb\":{\"@id\":\"https:\\\/\\\/arealorcaradio.es\\\/index.php\\\/2025\\\/05\\\/06\\\/cerca-de-1-000-escolares-lorquinos-aprenden-el-trabajo-que-se-realiza-en-las-granjas-de-la-mano-de-un-comic\\\/#breadcrumb\"},\"inLanguage\":\"es\",\"potentialAction\":[{\"@type\":\"ReadAction\",\"target\":[\"https:\\\/\\\/arealorcaradio.es\\\/index.php\\\/2025\\\/05\\\/06\\\/cerca-de-1-000-escolares-lorquinos-aprenden-el-trabajo-que-se-realiza-en-las-granjas-de-la-mano-de-un-comic\\\/\"]}]},{\"@type\":\"ImageObject\",\"inLanguage\":\"es\",\"@id\":\"https:\\\/\\\/arealorcaradio.es\\\/index.php\\\/2025\\\/05\\\/06\\\/cerca-de-1-000-escolares-lorquinos-aprenden-el-trabajo-que-se-realiza-en-las-granjas-de-la-mano-de-un-comic\\\/#primaryimage\",\"url\":\"https:\\\/\\\/arealorcaradio.es\\\/wp-content\\\/uploads\\\/2025\\\/05\\\/foto1-7-scaled.jpeg\",\"contentUrl\":\"https:\\\/\\\/arealorcaradio.es\\\/wp-content\\\/uploads\\\/2025\\\/05\\\/foto1-7-scaled.jpeg\",\"width\":2560,\"height\":1920},{\"@type\":\"BreadcrumbList\",\"@id\":\"https:\\\/\\\/arealorcaradio.es\\\/index.php\\\/2025\\\/05\\\/06\\\/cerca-de-1-000-escolares-lorquinos-aprenden-el-trabajo-que-se-realiza-en-las-granjas-de-la-mano-de-un-comic\\\/#breadcrumb\",\"itemListElement\":[{\"@type\":\"ListItem\",\"position\":1,\"name\":\"Portada\",\"item\":\"https:\\\/\\\/arealorcaradio.es\\\/\"},{\"@type\":\"ListItem\",\"position\":2,\"name\":\"Cerca de 1.000 escolares lorquinos aprenden el trabajo que se realiza en las granjas de la mano de un c\u00f3mic\"}]},{\"@type\":\"WebSite\",\"@id\":\"https:\\\/\\\/arealorcaradio.es\\\/#website\",\"url\":\"https:\\\/\\\/arealorcaradio.es\\\/\",\"name\":\"AREA LORCA RADIO\",\"description\":\"Descubre la programaci\u00f3n actual en \u00c1rea Lorca Radio, tu fuente de entrenamiento y noticias locales. Sintoniza ahora y mantente conectado online.\",\"potentialAction\":[{\"@type\":\"SearchAction\",\"target\":{\"@type\":\"EntryPoint\",\"urlTemplate\":\"https:\\\/\\\/arealorcaradio.es\\\/?s={search_term_string}\"},\"query-input\":{\"@type\":\"PropertyValueSpecification\",\"valueRequired\":true,\"valueName\":\"search_term_string\"}}],\"inLanguage\":\"es\"},{\"@type\":\"Person\",\"@id\":\"https:\\\/\\\/arealorcaradio.es\\\/#\\\/schema\\\/person\\\/9fae605fc25b0f2c83c1ab207139bd27\",\"name\":\"Paco S\u00e1nchez\",\"image\":{\"@type\":\"ImageObject\",\"inLanguage\":\"es\",\"@id\":\"https:\\\/\\\/secure.gravatar.com\\\/avatar\\\/d67144e966420fb74aa84c9f2a0103be4724fd14db52b52d3b6bca749f257e79?s=96&d=mm&r=g\",\"url\":\"https:\\\/\\\/secure.gravatar.com\\\/avatar\\\/d67144e966420fb74aa84c9f2a0103be4724fd14db52b52d3b6bca749f257e79?s=96&d=mm&r=g\",\"contentUrl\":\"https:\\\/\\\/secure.gravatar.com\\\/avatar\\\/d67144e966420fb74aa84c9f2a0103be4724fd14db52b52d3b6bca749f257e79?s=96&d=mm&r=g\",\"caption\":\"Paco S\u00e1nchez\"},\"sameAs\":[\"https:\\\/\\\/arealorcaradio.es\"],\"url\":\"https:\\\/\\\/arealorcaradio.es\\\/index.php\\\/author\\\/admin_alorcaradio\\\/\"}]}<\/script>\n<!-- \/ Yoast SEO plugin. -->","yoast_head_json":{"title":"Cerca de 1.000 escolares lorquinos aprenden el trabajo que se realiza en las granjas de la mano de un c\u00f3mic - AREA LORCA RADIO","robots":{"index":"index","follow":"follow","max-snippet":"max-snippet:-1","max-image-preview":"max-image-preview:large","max-video-preview":"max-video-preview:-1"},"canonical":"https:\/\/arealorcaradio.es\/index.php\/2025\/05\/06\/cerca-de-1-000-escolares-lorquinos-aprenden-el-trabajo-que-se-realiza-en-las-granjas-de-la-mano-de-un-comic\/","og_locale":"es_ES","og_type":"article","og_title":"Cerca de 1.000 escolares lorquinos aprenden el trabajo que se realiza en las granjas de la mano de un c\u00f3mic - AREA LORCA RADIO","og_description":"\u00c1REA LORCA RADIO. Actualidad. Lorca 6 de mayo de 2025. Cerca de 1.000 escolares de 23 colegios de Lorca podr\u00e1n conocer y comprender un poco mejor el trabajo que se realiza diariamente en las granjas de la Regi\u00f3n de Murcia a trav\u00e9s de un c\u00f3mic, que ser\u00e1 divulgado en las aulas, hasta finales del mes [&hellip;]","og_url":"https:\/\/arealorcaradio.es\/index.php\/2025\/05\/06\/cerca-de-1-000-escolares-lorquinos-aprenden-el-trabajo-que-se-realiza-en-las-granjas-de-la-mano-de-un-comic\/","og_site_name":"AREA LORCA RADIO","article_published_time":"2025-05-06T10:35:13+00:00","og_image":[{"width":2560,"height":1920,"url":"https:\/\/arealorcaradio.es\/wp-content\/uploads\/2025\/05\/foto1-7-scaled.jpeg","type":"image\/jpeg"}],"author":"Paco S\u00e1nchez","twitter_card":"summary_large_image","twitter_misc":{"Escrito por":"Paco S\u00e1nchez","Tiempo de lectura":"4 minutos"},"schema":{"@context":"https:\/\/schema.org","@graph":[{"@type":"Article","@id":"https:\/\/arealorcaradio.es\/index.php\/2025\/05\/06\/cerca-de-1-000-escolares-lorquinos-aprenden-el-trabajo-que-se-realiza-en-las-granjas-de-la-mano-de-un-comic\/#article","isPartOf":{"@id":"https:\/\/arealorcaradio.es\/index.php\/2025\/05\/06\/cerca-de-1-000-escolares-lorquinos-aprenden-el-trabajo-que-se-realiza-en-las-granjas-de-la-mano-de-un-comic\/"},"author":{"name":"Paco S\u00e1nchez","@id":"https:\/\/arealorcaradio.es\/#\/schema\/person\/9fae605fc25b0f2c83c1ab207139bd27"},"headline":"Cerca de 1.000 escolares lorquinos aprenden el trabajo que se realiza en las granjas de la mano de un c\u00f3mic","datePublished":"2025-05-06T10:35:13+00:00","mainEntityOfPage":{"@id":"https:\/\/arealorcaradio.es\/index.php\/2025\/05\/06\/cerca-de-1-000-escolares-lorquinos-aprenden-el-trabajo-que-se-realiza-en-las-granjas-de-la-mano-de-un-comic\/"},"wordCount":560,"commentCount":0,"image":{"@id":"https:\/\/arealorcaradio.es\/index.php\/2025\/05\/06\/cerca-de-1-000-escolares-lorquinos-aprenden-el-trabajo-que-se-realiza-en-las-granjas-de-la-mano-de-un-comic\/#primaryimage"},"thumbnailUrl":"https:\/\/arealorcaradio.es\/wp-content\/uploads\/2025\/05\/foto1-7-scaled.jpeg","articleSection":["ACTUALIDAD","LORCA"],"inLanguage":"es","potentialAction":[{"@type":"CommentAction","name":"Comment","target":["https:\/\/arealorcaradio.es\/index.php\/2025\/05\/06\/cerca-de-1-000-escolares-lorquinos-aprenden-el-trabajo-que-se-realiza-en-las-granjas-de-la-mano-de-un-comic\/#respond"]}]},{"@type":"WebPage","@id":"https:\/\/arealorcaradio.es\/index.php\/2025\/05\/06\/cerca-de-1-000-escolares-lorquinos-aprenden-el-trabajo-que-se-realiza-en-las-granjas-de-la-mano-de-un-comic\/","url":"https:\/\/arealorcaradio.es\/index.php\/2025\/05\/06\/cerca-de-1-000-escolares-lorquinos-aprenden-el-trabajo-que-se-realiza-en-las-granjas-de-la-mano-de-un-comic\/","name":"Cerca de 1.000 escolares lorquinos aprenden el trabajo que se realiza en las granjas de la mano de un c\u00f3mic - AREA LORCA RADIO","isPartOf":{"@id":"https:\/\/arealorcaradio.es\/#website"},"primaryImageOfPage":{"@id":"https:\/\/arealorcaradio.es\/index.php\/2025\/05\/06\/cerca-de-1-000-escolares-lorquinos-aprenden-el-trabajo-que-se-realiza-en-las-granjas-de-la-mano-de-un-comic\/#primaryimage"},"image":{"@id":"https:\/\/arealorcaradio.es\/index.php\/2025\/05\/06\/cerca-de-1-000-escolares-lorquinos-aprenden-el-trabajo-que-se-realiza-en-las-granjas-de-la-mano-de-un-comic\/#primaryimage"},"thumbnailUrl":"https:\/\/arealorcaradio.es\/wp-content\/uploads\/2025\/05\/foto1-7-scaled.jpeg","datePublished":"2025-05-06T10:35:13+00:00","author":{"@id":"https:\/\/arealorcaradio.es\/#\/schema\/person\/9fae605fc25b0f2c83c1ab207139bd27"},"breadcrumb":{"@id":"https:\/\/arealorcaradio.es\/index.php\/2025\/05\/06\/cerca-de-1-000-escolares-lorquinos-aprenden-el-trabajo-que-se-realiza-en-las-granjas-de-la-mano-de-un-comic\/#breadcrumb"},"inLanguage":"es","potentialAction":[{"@type":"ReadAction","target":["https:\/\/arealorcaradio.es\/index.php\/2025\/05\/06\/cerca-de-1-000-escolares-lorquinos-aprenden-el-trabajo-que-se-realiza-en-las-granjas-de-la-mano-de-un-comic\/"]}]},{"@type":"ImageObject","inLanguage":"es","@id":"https:\/\/arealorcaradio.es\/index.php\/2025\/05\/06\/cerca-de-1-000-escolares-lorquinos-aprenden-el-trabajo-que-se-realiza-en-las-granjas-de-la-mano-de-un-comic\/#primaryimage","url":"https:\/\/arealorcaradio.es\/wp-content\/uploads\/2025\/05\/foto1-7-scaled.jpeg","contentUrl":"https:\/\/arealorcaradio.es\/wp-content\/uploads\/2025\/05\/foto1-7-scaled.jpeg","width":2560,"height":1920},{"@type":"BreadcrumbList","@id":"https:\/\/arealorcaradio.es\/index.php\/2025\/05\/06\/cerca-de-1-000-escolares-lorquinos-aprenden-el-trabajo-que-se-realiza-en-las-granjas-de-la-mano-de-un-comic\/#breadcrumb","itemListElement":[{"@type":"ListItem","position":1,"name":"Portada","item":"https:\/\/arealorcaradio.es\/"},{"@type":"ListItem","position":2,"name":"Cerca de 1.000 escolares lorquinos aprenden el trabajo que se realiza en las granjas de la mano de un c\u00f3mic"}]},{"@type":"WebSite","@id":"https:\/\/arealorcaradio.es\/#website","url":"https:\/\/arealorcaradio.es\/","name":"AREA LORCA RADIO","description":"Descubre la programaci\u00f3n actual en \u00c1rea Lorca Radio, tu fuente de entrenamiento y noticias locales. Sintoniza ahora y mantente conectado online.","potentialAction":[{"@type":"SearchAction","target":{"@type":"EntryPoint","urlTemplate":"https:\/\/arealorcaradio.es\/?s={search_term_string}"},"query-input":{"@type":"PropertyValueSpecification","valueRequired":true,"valueName":"search_term_string"}}],"inLanguage":"es"},{"@type":"Person","@id":"https:\/\/arealorcaradio.es\/#\/schema\/person\/9fae605fc25b0f2c83c1ab207139bd27","name":"Paco S\u00e1nchez","image":{"@type":"ImageObject","inLanguage":"es","@id":"https:\/\/secure.gravatar.com\/avatar\/d67144e966420fb74aa84c9f2a0103be4724fd14db52b52d3b6bca749f257e79?s=96&d=mm&r=g","url":"https:\/\/secure.gravatar.com\/avatar\/d67144e966420fb74aa84c9f2a0103be4724fd14db52b52d3b6bca749f257e79?s=96&d=mm&r=g","contentUrl":"https:\/\/secure.gravatar.com\/avatar\/d67144e966420fb74aa84c9f2a0103be4724fd14db52b52d3b6bca749f257e79?s=96&d=mm&r=g","caption":"Paco S\u00e1nchez"},"sameAs":["https:\/\/arealorcaradio.es"],"url":"https:\/\/arealorcaradio.es\/index.php\/author\/admin_alorcaradio\/"}]}},"_links":{"self":[{"href":"https:\/\/arealorcaradio.es\/index.php\/wp-json\/wp\/v2\/posts\/6379","targetHints":{"allow":["GET"]}}],"collection":[{"href":"https:\/\/arealorcaradio.es\/index.php\/wp-json\/wp\/v2\/posts"}],"about":[{"href":"https:\/\/arealorcaradio.es\/index.php\/wp-json\/wp\/v2\/types\/post"}],"author":[{"embeddable":true,"href":"https:\/\/arealorcaradio.es\/index.php\/wp-json\/wp\/v2\/users\/1"}],"replies":[{"embeddable":true,"href":"https:\/\/arealorcaradio.es\/index.php\/wp-json\/wp\/v2\/comments?post=6379"}],"version-history":[{"count":3,"href":"https:\/\/arealorcaradio.es\/index.php\/wp-json\/wp\/v2\/posts\/6379\/revisions"}],"predecessor-version":[{"id":6386,"href":"https:\/\/arealorcaradio.es\/index.php\/wp-json\/wp\/v2\/posts\/6379\/revisions\/6386"}],"wp:featuredmedia":[{"embeddable":true,"href":"https:\/\/arealorcaradio.es\/index.php\/wp-json\/wp\/v2\/media\/6384"}],"wp:attachment":[{"href":"https:\/\/arealorcaradio.es\/index.php\/wp-json\/wp\/v2\/media?parent=6379"}],"wp:term":[{"taxonomy":"category","embeddable":true,"href":"https:\/\/arealorcaradio.es\/index.php\/wp-json\/wp\/v2\/categories?post=6379"},{"taxonomy":"post_tag","embeddable":true,"href":"https:\/\/arealorcaradio.es\/index.php\/wp-json\/wp\/v2\/tags?post=6379"}],"curies":[{"name":"wp","href":"https:\/\/api.w.org\/{rel}","templated":true}]}}