{"id":6361,"date":"2025-05-02T17:48:44","date_gmt":"2025-05-02T17:48:44","guid":{"rendered":"https:\/\/arealorcaradio.es\/?p=6361"},"modified":"2025-05-02T17:48:44","modified_gmt":"2025-05-02T17:48:44","slug":"el-presidente-del-paso-morado-de-lorca-lidera-la-iniciativa-del-viaje-de-aficionados-del-lorca-deportiva-a-puerto-de-mazarron","status":"publish","type":"post","link":"https:\/\/arealorcaradio.es\/index.php\/2025\/05\/02\/el-presidente-del-paso-morado-de-lorca-lidera-la-iniciativa-del-viaje-de-aficionados-del-lorca-deportiva-a-puerto-de-mazarron\/","title":{"rendered":"El presidente del Paso Morado de Lorca lidera la iniciativa del viaje de aficionados del Lorca Deportiva a Puerto de Mazarr\u00f3n"},"content":{"rendered":"<p><strong>\u00c1REA LORCA RADIO. Deportes.<\/strong><\/p>\n<p>Hasta el momento del cierre de esta noticia son ocho los autobuses que se han completado, lo que indica que 440 aficionados m\u00e1s los muchos que viajan en veh\u00edculo particular estar\u00e1n este domingo por la tarde en el Puerto de Mazarr\u00f3n. El Lorca Deportiva contar\u00e1 con al menos 700 seguidores en las gradas del Playasol.<\/p>\n<p>Este s\u00e1bado la Casa del Paso Morado tambi\u00e9n permanecer\u00e1 abierta en horario de ma\u00f1ana y tarde de 10:30 a 13:00 horas y de 18:00 a 20:30 horas. El domingo partir\u00e1n los autobuses desde junto al Supermercado DIA a las 16:00 por lo que se ruega m\u00e1xima puntualidad de los aficionados.<\/p>\n<p><img loading=\"lazy\" decoding=\"async\" class=\"alignnone size-medium wp-image-6364\" src=\"https:\/\/arealorcaradio.es\/wp-content\/uploads\/2025\/05\/IMG-20250502-WA0055-300x200.jpg\" alt=\"\" width=\"300\" height=\"200\" srcset=\"https:\/\/arealorcaradio.es\/wp-content\/uploads\/2025\/05\/IMG-20250502-WA0055-300x200.jpg 300w, https:\/\/arealorcaradio.es\/wp-content\/uploads\/2025\/05\/IMG-20250502-WA0055-1024x683.jpg 1024w, https:\/\/arealorcaradio.es\/wp-content\/uploads\/2025\/05\/IMG-20250502-WA0055-768x512.jpg 768w, https:\/\/arealorcaradio.es\/wp-content\/uploads\/2025\/05\/IMG-20250502-WA0055-1536x1024.jpg 1536w, https:\/\/arealorcaradio.es\/wp-content\/uploads\/2025\/05\/IMG-20250502-WA0055.jpg 1920w\" sizes=\"auto, (max-width: 300px) 100vw, 300px\" \/> \u00a0 <img loading=\"lazy\" decoding=\"async\" class=\"alignnone size-medium wp-image-6366\" src=\"https:\/\/arealorcaradio.es\/wp-content\/uploads\/2025\/05\/IMG-20250502-WA0058-300x200.jpg\" alt=\"\" width=\"300\" height=\"200\" srcset=\"https:\/\/arealorcaradio.es\/wp-content\/uploads\/2025\/05\/IMG-20250502-WA0058-300x200.jpg 300w, https:\/\/arealorcaradio.es\/wp-content\/uploads\/2025\/05\/IMG-20250502-WA0058-1024x683.jpg 1024w, https:\/\/arealorcaradio.es\/wp-content\/uploads\/2025\/05\/IMG-20250502-WA0058-768x512.jpg 768w, https:\/\/arealorcaradio.es\/wp-content\/uploads\/2025\/05\/IMG-20250502-WA0058-1536x1024.jpg 1536w, https:\/\/arealorcaradio.es\/wp-content\/uploads\/2025\/05\/IMG-20250502-WA0058.jpg 1920w\" sizes=\"auto, (max-width: 300px) 100vw, 300px\" \/><\/p>\n<p>Esta iniciativa fue desde el minuto uno, iniciativa del Paso Morado de Lorca, cuyo presidente \u00c1ngel Latorre tambi\u00e9n moviliz\u00f3 al resto de cofrad\u00edas de semana Santa de Lorca, empresas particulares y el propio club para llevar al m\u00e1ximo de aficionados posible al Municipal Playasol de Puerto de Mazarr\u00f3n.<\/p>\n<p>Escucha aqu\u00ed la entrevista que ha concedido a Paco S\u00e1nchez en el programa deportivo de \u00c1rea Lorca Radio, \u00c1ngel Latorre presidente del Paso Morado.<\/p>\n<audio class=\"wp-audio-shortcode\" id=\"audio-6361-1\" preload=\"none\" style=\"width: 100%;\" controls=\"controls\"><source type=\"audio\/mpeg\" src=\"https:\/\/arealorcaradio.es\/wp-content\/uploads\/2025\/05\/020525-ANGEL-LATORRE-VIAJE-BALA-AZUL.mp3?_=1\" \/><a href=\"https:\/\/arealorcaradio.es\/wp-content\/uploads\/2025\/05\/020525-ANGEL-LATORRE-VIAJE-BALA-AZUL.mp3\">https:\/\/arealorcaradio.es\/wp-content\/uploads\/2025\/05\/020525-ANGEL-LATORRE-VIAJE-BALA-AZUL.mp3<\/a><\/audio>\n<p><img loading=\"lazy\" decoding=\"async\" class=\"alignnone size-medium wp-image-6363\" src=\"https:\/\/arealorcaradio.es\/wp-content\/uploads\/2025\/05\/IMG-20250410-WA0077-300x200.jpg\" alt=\"\" width=\"300\" height=\"200\" srcset=\"https:\/\/arealorcaradio.es\/wp-content\/uploads\/2025\/05\/IMG-20250410-WA0077-300x200.jpg 300w, https:\/\/arealorcaradio.es\/wp-content\/uploads\/2025\/05\/IMG-20250410-WA0077-1024x683.jpg 1024w, https:\/\/arealorcaradio.es\/wp-content\/uploads\/2025\/05\/IMG-20250410-WA0077-768x512.jpg 768w, https:\/\/arealorcaradio.es\/wp-content\/uploads\/2025\/05\/IMG-20250410-WA0077-1536x1024.jpg 1536w, https:\/\/arealorcaradio.es\/wp-content\/uploads\/2025\/05\/IMG-20250410-WA0077.jpg 1920w\" sizes=\"auto, (max-width: 300px) 100vw, 300px\" \/><\/p>\n<p><strong>El Lorca Deportiva cuenta con dos oportunidades para conseguir el ascenso.<\/strong><\/p>\n<p>Para conseguir ascender este fin de semana el Lorca Deportiva debe ganar al CD Bala Azul y que el CD Cieza no gane ante el UCAM B. Otra posibilidad de ascenso para los lorquinos es el empate en el Playasol y la derrota del CD Cieza en La Arboleja. A falta de dos jornadas para el final de la temporada regular el conjunto lorquino no puede perder frente al CD Bala Azul porque si esto ocurre y el CD Cieza consigue la victoria en esta pen\u00faltima jornada depender\u00eda de si mismo en la \u00faltima jornada para ascender como campe\u00f3n. Si ganan tanto el Lorca Deportiva como CD Cieza se llegar\u00eda a la jornada final valiendo el empate al Lorca Deportiva en el Artes Carrasco frente al CD Bullense el domingo 11 de mayo, fecha muy marcada para los lorquinos.<\/p>\n","protected":false},"excerpt":{"rendered":"<p>\u00c1REA LORCA RADIO. Deportes. Hasta el momento del cierre de esta noticia son ocho los autobuses que se han completado, lo que indica que 440 aficionados m\u00e1s los muchos que viajan en veh\u00edculo particular estar\u00e1n este domingo por la tarde en el Puerto de Mazarr\u00f3n. El Lorca Deportiva contar\u00e1 con al menos 700 seguidores en [&hellip;]<\/p>\n","protected":false},"author":1,"featured_media":6367,"comment_status":"open","ping_status":"open","sticky":false,"template":"","format":"standard","meta":{"iawp_total_views":87,"footnotes":""},"categories":[4,7],"tags":[],"class_list":["post-6361","post","type-post","status-publish","format-standard","has-post-thumbnail","hentry","category-deportes","category-lorca"],"yoast_head":"<!-- This site is optimized with the Yoast SEO plugin v27.5 - https:\/\/yoast.com\/product\/yoast-seo-wordpress\/ -->\n<title>El presidente del Paso Morado de Lorca lidera la iniciativa del viaje de aficionados del Lorca Deportiva a Puerto de Mazarr\u00f3n - AREA LORCA RADIO<\/title>\n<meta name=\"robots\" content=\"index, follow, max-snippet:-1, max-image-preview:large, max-video-preview:-1\" \/>\n<link rel=\"canonical\" href=\"https:\/\/arealorcaradio.es\/index.php\/2025\/05\/02\/el-presidente-del-paso-morado-de-lorca-lidera-la-iniciativa-del-viaje-de-aficionados-del-lorca-deportiva-a-puerto-de-mazarron\/\" \/>\n<meta property=\"og:locale\" content=\"es_ES\" \/>\n<meta property=\"og:type\" content=\"article\" \/>\n<meta property=\"og:title\" content=\"El presidente del Paso Morado de Lorca lidera la iniciativa del viaje de aficionados del Lorca Deportiva a Puerto de Mazarr\u00f3n - AREA LORCA RADIO\" \/>\n<meta property=\"og:description\" content=\"\u00c1REA LORCA RADIO. Deportes. Hasta el momento del cierre de esta noticia son ocho los autobuses que se han completado, lo que indica que 440 aficionados m\u00e1s los muchos que viajan en veh\u00edculo particular estar\u00e1n este domingo por la tarde en el Puerto de Mazarr\u00f3n. El Lorca Deportiva contar\u00e1 con al menos 700 seguidores en [&hellip;]\" \/>\n<meta property=\"og:url\" content=\"https:\/\/arealorcaradio.es\/index.php\/2025\/05\/02\/el-presidente-del-paso-morado-de-lorca-lidera-la-iniciativa-del-viaje-de-aficionados-del-lorca-deportiva-a-puerto-de-mazarron\/\" \/>\n<meta property=\"og:site_name\" content=\"AREA LORCA RADIO\" \/>\n<meta property=\"article:published_time\" content=\"2025-05-02T17:48:44+00:00\" \/>\n<meta property=\"og:image\" content=\"https:\/\/arealorcaradio.es\/wp-content\/uploads\/2025\/05\/IMG-20250502-WA0056-1.jpg\" \/>\n\t<meta property=\"og:image:width\" content=\"1920\" \/>\n\t<meta property=\"og:image:height\" content=\"1280\" \/>\n\t<meta property=\"og:image:type\" content=\"image\/jpeg\" \/>\n<meta name=\"author\" content=\"Paco S\u00e1nchez\" \/>\n<meta name=\"twitter:card\" content=\"summary_large_image\" \/>\n<meta name=\"twitter:label1\" content=\"Escrito por\" \/>\n\t<meta name=\"twitter:data1\" content=\"Paco S\u00e1nchez\" \/>\n\t<meta name=\"twitter:label2\" content=\"Tiempo de lectura\" \/>\n\t<meta name=\"twitter:data2\" content=\"3 minutos\" \/>\n<script type=\"application\/ld+json\" class=\"yoast-schema-graph\">{\"@context\":\"https:\\\/\\\/schema.org\",\"@graph\":[{\"@type\":\"Article\",\"@id\":\"https:\\\/\\\/arealorcaradio.es\\\/index.php\\\/2025\\\/05\\\/02\\\/el-presidente-del-paso-morado-de-lorca-lidera-la-iniciativa-del-viaje-de-aficionados-del-lorca-deportiva-a-puerto-de-mazarron\\\/#article\",\"isPartOf\":{\"@id\":\"https:\\\/\\\/arealorcaradio.es\\\/index.php\\\/2025\\\/05\\\/02\\\/el-presidente-del-paso-morado-de-lorca-lidera-la-iniciativa-del-viaje-de-aficionados-del-lorca-deportiva-a-puerto-de-mazarron\\\/\"},\"author\":{\"name\":\"Paco S\u00e1nchez\",\"@id\":\"https:\\\/\\\/arealorcaradio.es\\\/#\\\/schema\\\/person\\\/9fae605fc25b0f2c83c1ab207139bd27\"},\"headline\":\"El presidente del Paso Morado de Lorca lidera la iniciativa del viaje de aficionados del Lorca Deportiva a Puerto de Mazarr\u00f3n\",\"datePublished\":\"2025-05-02T17:48:44+00:00\",\"mainEntityOfPage\":{\"@id\":\"https:\\\/\\\/arealorcaradio.es\\\/index.php\\\/2025\\\/05\\\/02\\\/el-presidente-del-paso-morado-de-lorca-lidera-la-iniciativa-del-viaje-de-aficionados-del-lorca-deportiva-a-puerto-de-mazarron\\\/\"},\"wordCount\":373,\"commentCount\":0,\"image\":{\"@id\":\"https:\\\/\\\/arealorcaradio.es\\\/index.php\\\/2025\\\/05\\\/02\\\/el-presidente-del-paso-morado-de-lorca-lidera-la-iniciativa-del-viaje-de-aficionados-del-lorca-deportiva-a-puerto-de-mazarron\\\/#primaryimage\"},\"thumbnailUrl\":\"https:\\\/\\\/arealorcaradio.es\\\/wp-content\\\/uploads\\\/2025\\\/05\\\/IMG-20250502-WA0056-1.jpg\",\"articleSection\":[\"DEPORTES\",\"LORCA\"],\"inLanguage\":\"es\",\"potentialAction\":[{\"@type\":\"CommentAction\",\"name\":\"Comment\",\"target\":[\"https:\\\/\\\/arealorcaradio.es\\\/index.php\\\/2025\\\/05\\\/02\\\/el-presidente-del-paso-morado-de-lorca-lidera-la-iniciativa-del-viaje-de-aficionados-del-lorca-deportiva-a-puerto-de-mazarron\\\/#respond\"]}]},{\"@type\":\"WebPage\",\"@id\":\"https:\\\/\\\/arealorcaradio.es\\\/index.php\\\/2025\\\/05\\\/02\\\/el-presidente-del-paso-morado-de-lorca-lidera-la-iniciativa-del-viaje-de-aficionados-del-lorca-deportiva-a-puerto-de-mazarron\\\/\",\"url\":\"https:\\\/\\\/arealorcaradio.es\\\/index.php\\\/2025\\\/05\\\/02\\\/el-presidente-del-paso-morado-de-lorca-lidera-la-iniciativa-del-viaje-de-aficionados-del-lorca-deportiva-a-puerto-de-mazarron\\\/\",\"name\":\"El presidente del Paso Morado de Lorca lidera la iniciativa del viaje de aficionados del Lorca Deportiva a Puerto de Mazarr\u00f3n - AREA LORCA RADIO\",\"isPartOf\":{\"@id\":\"https:\\\/\\\/arealorcaradio.es\\\/#website\"},\"primaryImageOfPage\":{\"@id\":\"https:\\\/\\\/arealorcaradio.es\\\/index.php\\\/2025\\\/05\\\/02\\\/el-presidente-del-paso-morado-de-lorca-lidera-la-iniciativa-del-viaje-de-aficionados-del-lorca-deportiva-a-puerto-de-mazarron\\\/#primaryimage\"},\"image\":{\"@id\":\"https:\\\/\\\/arealorcaradio.es\\\/index.php\\\/2025\\\/05\\\/02\\\/el-presidente-del-paso-morado-de-lorca-lidera-la-iniciativa-del-viaje-de-aficionados-del-lorca-deportiva-a-puerto-de-mazarron\\\/#primaryimage\"},\"thumbnailUrl\":\"https:\\\/\\\/arealorcaradio.es\\\/wp-content\\\/uploads\\\/2025\\\/05\\\/IMG-20250502-WA0056-1.jpg\",\"datePublished\":\"2025-05-02T17:48:44+00:00\",\"author\":{\"@id\":\"https:\\\/\\\/arealorcaradio.es\\\/#\\\/schema\\\/person\\\/9fae605fc25b0f2c83c1ab207139bd27\"},\"breadcrumb\":{\"@id\":\"https:\\\/\\\/arealorcaradio.es\\\/index.php\\\/2025\\\/05\\\/02\\\/el-presidente-del-paso-morado-de-lorca-lidera-la-iniciativa-del-viaje-de-aficionados-del-lorca-deportiva-a-puerto-de-mazarron\\\/#breadcrumb\"},\"inLanguage\":\"es\",\"potentialAction\":[{\"@type\":\"ReadAction\",\"target\":[\"https:\\\/\\\/arealorcaradio.es\\\/index.php\\\/2025\\\/05\\\/02\\\/el-presidente-del-paso-morado-de-lorca-lidera-la-iniciativa-del-viaje-de-aficionados-del-lorca-deportiva-a-puerto-de-mazarron\\\/\"]}]},{\"@type\":\"ImageObject\",\"inLanguage\":\"es\",\"@id\":\"https:\\\/\\\/arealorcaradio.es\\\/index.php\\\/2025\\\/05\\\/02\\\/el-presidente-del-paso-morado-de-lorca-lidera-la-iniciativa-del-viaje-de-aficionados-del-lorca-deportiva-a-puerto-de-mazarron\\\/#primaryimage\",\"url\":\"https:\\\/\\\/arealorcaradio.es\\\/wp-content\\\/uploads\\\/2025\\\/05\\\/IMG-20250502-WA0056-1.jpg\",\"contentUrl\":\"https:\\\/\\\/arealorcaradio.es\\\/wp-content\\\/uploads\\\/2025\\\/05\\\/IMG-20250502-WA0056-1.jpg\",\"width\":1920,\"height\":1280},{\"@type\":\"BreadcrumbList\",\"@id\":\"https:\\\/\\\/arealorcaradio.es\\\/index.php\\\/2025\\\/05\\\/02\\\/el-presidente-del-paso-morado-de-lorca-lidera-la-iniciativa-del-viaje-de-aficionados-del-lorca-deportiva-a-puerto-de-mazarron\\\/#breadcrumb\",\"itemListElement\":[{\"@type\":\"ListItem\",\"position\":1,\"name\":\"Portada\",\"item\":\"https:\\\/\\\/arealorcaradio.es\\\/\"},{\"@type\":\"ListItem\",\"position\":2,\"name\":\"El presidente del Paso Morado de Lorca lidera la iniciativa del viaje de aficionados del Lorca Deportiva a Puerto de Mazarr\u00f3n\"}]},{\"@type\":\"WebSite\",\"@id\":\"https:\\\/\\\/arealorcaradio.es\\\/#website\",\"url\":\"https:\\\/\\\/arealorcaradio.es\\\/\",\"name\":\"AREA LORCA RADIO\",\"description\":\"Descubre la programaci\u00f3n actual en \u00c1rea Lorca Radio, tu fuente de entrenamiento y noticias locales. Sintoniza ahora y mantente conectado online.\",\"potentialAction\":[{\"@type\":\"SearchAction\",\"target\":{\"@type\":\"EntryPoint\",\"urlTemplate\":\"https:\\\/\\\/arealorcaradio.es\\\/?s={search_term_string}\"},\"query-input\":{\"@type\":\"PropertyValueSpecification\",\"valueRequired\":true,\"valueName\":\"search_term_string\"}}],\"inLanguage\":\"es\"},{\"@type\":\"Person\",\"@id\":\"https:\\\/\\\/arealorcaradio.es\\\/#\\\/schema\\\/person\\\/9fae605fc25b0f2c83c1ab207139bd27\",\"name\":\"Paco S\u00e1nchez\",\"image\":{\"@type\":\"ImageObject\",\"inLanguage\":\"es\",\"@id\":\"https:\\\/\\\/secure.gravatar.com\\\/avatar\\\/d67144e966420fb74aa84c9f2a0103be4724fd14db52b52d3b6bca749f257e79?s=96&d=mm&r=g\",\"url\":\"https:\\\/\\\/secure.gravatar.com\\\/avatar\\\/d67144e966420fb74aa84c9f2a0103be4724fd14db52b52d3b6bca749f257e79?s=96&d=mm&r=g\",\"contentUrl\":\"https:\\\/\\\/secure.gravatar.com\\\/avatar\\\/d67144e966420fb74aa84c9f2a0103be4724fd14db52b52d3b6bca749f257e79?s=96&d=mm&r=g\",\"caption\":\"Paco S\u00e1nchez\"},\"sameAs\":[\"https:\\\/\\\/arealorcaradio.es\"],\"url\":\"https:\\\/\\\/arealorcaradio.es\\\/index.php\\\/author\\\/admin_alorcaradio\\\/\"}]}<\/script>\n<!-- \/ Yoast SEO plugin. -->","yoast_head_json":{"title":"El presidente del Paso Morado de Lorca lidera la iniciativa del viaje de aficionados del Lorca Deportiva a Puerto de Mazarr\u00f3n - AREA LORCA RADIO","robots":{"index":"index","follow":"follow","max-snippet":"max-snippet:-1","max-image-preview":"max-image-preview:large","max-video-preview":"max-video-preview:-1"},"canonical":"https:\/\/arealorcaradio.es\/index.php\/2025\/05\/02\/el-presidente-del-paso-morado-de-lorca-lidera-la-iniciativa-del-viaje-de-aficionados-del-lorca-deportiva-a-puerto-de-mazarron\/","og_locale":"es_ES","og_type":"article","og_title":"El presidente del Paso Morado de Lorca lidera la iniciativa del viaje de aficionados del Lorca Deportiva a Puerto de Mazarr\u00f3n - AREA LORCA RADIO","og_description":"\u00c1REA LORCA RADIO. Deportes. Hasta el momento del cierre de esta noticia son ocho los autobuses que se han completado, lo que indica que 440 aficionados m\u00e1s los muchos que viajan en veh\u00edculo particular estar\u00e1n este domingo por la tarde en el Puerto de Mazarr\u00f3n. El Lorca Deportiva contar\u00e1 con al menos 700 seguidores en [&hellip;]","og_url":"https:\/\/arealorcaradio.es\/index.php\/2025\/05\/02\/el-presidente-del-paso-morado-de-lorca-lidera-la-iniciativa-del-viaje-de-aficionados-del-lorca-deportiva-a-puerto-de-mazarron\/","og_site_name":"AREA LORCA RADIO","article_published_time":"2025-05-02T17:48:44+00:00","og_image":[{"width":1920,"height":1280,"url":"https:\/\/arealorcaradio.es\/wp-content\/uploads\/2025\/05\/IMG-20250502-WA0056-1.jpg","type":"image\/jpeg"}],"author":"Paco S\u00e1nchez","twitter_card":"summary_large_image","twitter_misc":{"Escrito por":"Paco S\u00e1nchez","Tiempo de lectura":"3 minutos"},"schema":{"@context":"https:\/\/schema.org","@graph":[{"@type":"Article","@id":"https:\/\/arealorcaradio.es\/index.php\/2025\/05\/02\/el-presidente-del-paso-morado-de-lorca-lidera-la-iniciativa-del-viaje-de-aficionados-del-lorca-deportiva-a-puerto-de-mazarron\/#article","isPartOf":{"@id":"https:\/\/arealorcaradio.es\/index.php\/2025\/05\/02\/el-presidente-del-paso-morado-de-lorca-lidera-la-iniciativa-del-viaje-de-aficionados-del-lorca-deportiva-a-puerto-de-mazarron\/"},"author":{"name":"Paco S\u00e1nchez","@id":"https:\/\/arealorcaradio.es\/#\/schema\/person\/9fae605fc25b0f2c83c1ab207139bd27"},"headline":"El presidente del Paso Morado de Lorca lidera la iniciativa del viaje de aficionados del Lorca Deportiva a Puerto de Mazarr\u00f3n","datePublished":"2025-05-02T17:48:44+00:00","mainEntityOfPage":{"@id":"https:\/\/arealorcaradio.es\/index.php\/2025\/05\/02\/el-presidente-del-paso-morado-de-lorca-lidera-la-iniciativa-del-viaje-de-aficionados-del-lorca-deportiva-a-puerto-de-mazarron\/"},"wordCount":373,"commentCount":0,"image":{"@id":"https:\/\/arealorcaradio.es\/index.php\/2025\/05\/02\/el-presidente-del-paso-morado-de-lorca-lidera-la-iniciativa-del-viaje-de-aficionados-del-lorca-deportiva-a-puerto-de-mazarron\/#primaryimage"},"thumbnailUrl":"https:\/\/arealorcaradio.es\/wp-content\/uploads\/2025\/05\/IMG-20250502-WA0056-1.jpg","articleSection":["DEPORTES","LORCA"],"inLanguage":"es","potentialAction":[{"@type":"CommentAction","name":"Comment","target":["https:\/\/arealorcaradio.es\/index.php\/2025\/05\/02\/el-presidente-del-paso-morado-de-lorca-lidera-la-iniciativa-del-viaje-de-aficionados-del-lorca-deportiva-a-puerto-de-mazarron\/#respond"]}]},{"@type":"WebPage","@id":"https:\/\/arealorcaradio.es\/index.php\/2025\/05\/02\/el-presidente-del-paso-morado-de-lorca-lidera-la-iniciativa-del-viaje-de-aficionados-del-lorca-deportiva-a-puerto-de-mazarron\/","url":"https:\/\/arealorcaradio.es\/index.php\/2025\/05\/02\/el-presidente-del-paso-morado-de-lorca-lidera-la-iniciativa-del-viaje-de-aficionados-del-lorca-deportiva-a-puerto-de-mazarron\/","name":"El presidente del Paso Morado de Lorca lidera la iniciativa del viaje de aficionados del Lorca Deportiva a Puerto de Mazarr\u00f3n - AREA LORCA RADIO","isPartOf":{"@id":"https:\/\/arealorcaradio.es\/#website"},"primaryImageOfPage":{"@id":"https:\/\/arealorcaradio.es\/index.php\/2025\/05\/02\/el-presidente-del-paso-morado-de-lorca-lidera-la-iniciativa-del-viaje-de-aficionados-del-lorca-deportiva-a-puerto-de-mazarron\/#primaryimage"},"image":{"@id":"https:\/\/arealorcaradio.es\/index.php\/2025\/05\/02\/el-presidente-del-paso-morado-de-lorca-lidera-la-iniciativa-del-viaje-de-aficionados-del-lorca-deportiva-a-puerto-de-mazarron\/#primaryimage"},"thumbnailUrl":"https:\/\/arealorcaradio.es\/wp-content\/uploads\/2025\/05\/IMG-20250502-WA0056-1.jpg","datePublished":"2025-05-02T17:48:44+00:00","author":{"@id":"https:\/\/arealorcaradio.es\/#\/schema\/person\/9fae605fc25b0f2c83c1ab207139bd27"},"breadcrumb":{"@id":"https:\/\/arealorcaradio.es\/index.php\/2025\/05\/02\/el-presidente-del-paso-morado-de-lorca-lidera-la-iniciativa-del-viaje-de-aficionados-del-lorca-deportiva-a-puerto-de-mazarron\/#breadcrumb"},"inLanguage":"es","potentialAction":[{"@type":"ReadAction","target":["https:\/\/arealorcaradio.es\/index.php\/2025\/05\/02\/el-presidente-del-paso-morado-de-lorca-lidera-la-iniciativa-del-viaje-de-aficionados-del-lorca-deportiva-a-puerto-de-mazarron\/"]}]},{"@type":"ImageObject","inLanguage":"es","@id":"https:\/\/arealorcaradio.es\/index.php\/2025\/05\/02\/el-presidente-del-paso-morado-de-lorca-lidera-la-iniciativa-del-viaje-de-aficionados-del-lorca-deportiva-a-puerto-de-mazarron\/#primaryimage","url":"https:\/\/arealorcaradio.es\/wp-content\/uploads\/2025\/05\/IMG-20250502-WA0056-1.jpg","contentUrl":"https:\/\/arealorcaradio.es\/wp-content\/uploads\/2025\/05\/IMG-20250502-WA0056-1.jpg","width":1920,"height":1280},{"@type":"BreadcrumbList","@id":"https:\/\/arealorcaradio.es\/index.php\/2025\/05\/02\/el-presidente-del-paso-morado-de-lorca-lidera-la-iniciativa-del-viaje-de-aficionados-del-lorca-deportiva-a-puerto-de-mazarron\/#breadcrumb","itemListElement":[{"@type":"ListItem","position":1,"name":"Portada","item":"https:\/\/arealorcaradio.es\/"},{"@type":"ListItem","position":2,"name":"El presidente del Paso Morado de Lorca lidera la iniciativa del viaje de aficionados del Lorca Deportiva a Puerto de Mazarr\u00f3n"}]},{"@type":"WebSite","@id":"https:\/\/arealorcaradio.es\/#website","url":"https:\/\/arealorcaradio.es\/","name":"AREA LORCA RADIO","description":"Descubre la programaci\u00f3n actual en \u00c1rea Lorca Radio, tu fuente de entrenamiento y noticias locales. Sintoniza ahora y mantente conectado online.","potentialAction":[{"@type":"SearchAction","target":{"@type":"EntryPoint","urlTemplate":"https:\/\/arealorcaradio.es\/?s={search_term_string}"},"query-input":{"@type":"PropertyValueSpecification","valueRequired":true,"valueName":"search_term_string"}}],"inLanguage":"es"},{"@type":"Person","@id":"https:\/\/arealorcaradio.es\/#\/schema\/person\/9fae605fc25b0f2c83c1ab207139bd27","name":"Paco S\u00e1nchez","image":{"@type":"ImageObject","inLanguage":"es","@id":"https:\/\/secure.gravatar.com\/avatar\/d67144e966420fb74aa84c9f2a0103be4724fd14db52b52d3b6bca749f257e79?s=96&d=mm&r=g","url":"https:\/\/secure.gravatar.com\/avatar\/d67144e966420fb74aa84c9f2a0103be4724fd14db52b52d3b6bca749f257e79?s=96&d=mm&r=g","contentUrl":"https:\/\/secure.gravatar.com\/avatar\/d67144e966420fb74aa84c9f2a0103be4724fd14db52b52d3b6bca749f257e79?s=96&d=mm&r=g","caption":"Paco S\u00e1nchez"},"sameAs":["https:\/\/arealorcaradio.es"],"url":"https:\/\/arealorcaradio.es\/index.php\/author\/admin_alorcaradio\/"}]}},"_links":{"self":[{"href":"https:\/\/arealorcaradio.es\/index.php\/wp-json\/wp\/v2\/posts\/6361","targetHints":{"allow":["GET"]}}],"collection":[{"href":"https:\/\/arealorcaradio.es\/index.php\/wp-json\/wp\/v2\/posts"}],"about":[{"href":"https:\/\/arealorcaradio.es\/index.php\/wp-json\/wp\/v2\/types\/post"}],"author":[{"embeddable":true,"href":"https:\/\/arealorcaradio.es\/index.php\/wp-json\/wp\/v2\/users\/1"}],"replies":[{"embeddable":true,"href":"https:\/\/arealorcaradio.es\/index.php\/wp-json\/wp\/v2\/comments?post=6361"}],"version-history":[{"count":1,"href":"https:\/\/arealorcaradio.es\/index.php\/wp-json\/wp\/v2\/posts\/6361\/revisions"}],"predecessor-version":[{"id":6368,"href":"https:\/\/arealorcaradio.es\/index.php\/wp-json\/wp\/v2\/posts\/6361\/revisions\/6368"}],"wp:featuredmedia":[{"embeddable":true,"href":"https:\/\/arealorcaradio.es\/index.php\/wp-json\/wp\/v2\/media\/6367"}],"wp:attachment":[{"href":"https:\/\/arealorcaradio.es\/index.php\/wp-json\/wp\/v2\/media?parent=6361"}],"wp:term":[{"taxonomy":"category","embeddable":true,"href":"https:\/\/arealorcaradio.es\/index.php\/wp-json\/wp\/v2\/categories?post=6361"},{"taxonomy":"post_tag","embeddable":true,"href":"https:\/\/arealorcaradio.es\/index.php\/wp-json\/wp\/v2\/tags?post=6361"}],"curies":[{"name":"wp","href":"https:\/\/api.w.org\/{rel}","templated":true}]}}