{"id":6351,"date":"2025-04-30T11:20:38","date_gmt":"2025-04-30T11:20:38","guid":{"rendered":"https:\/\/arealorcaradio.es\/?p=6351"},"modified":"2025-04-30T11:20:38","modified_gmt":"2025-04-30T11:20:38","slug":"mas-de-un-millar-de-jovenes-de-las-cofradias-de-semana-santa-tomaran-la-calle-corredera-de-lorca-para-desfilar-en-la-procesion-de-papel","status":"publish","type":"post","link":"https:\/\/arealorcaradio.es\/index.php\/2025\/04\/30\/mas-de-un-millar-de-jovenes-de-las-cofradias-de-semana-santa-tomaran-la-calle-corredera-de-lorca-para-desfilar-en-la-procesion-de-papel\/","title":{"rendered":"M\u00e1s de un millar de j\u00f3venes de las cofrad\u00edas de Semana Santa tomar\u00e1n la calle Corredera de Lorca para desfilar en la Procesi\u00f3n de Papel"},"content":{"rendered":"<p><strong>\u00c1REA LORCA RADIO. Actualidad.<\/strong><\/p>\n<p class=\"v1MsoNormal\"><b><span lang=\"EN-US\">30 de abril de 2025.<\/span><\/b><span lang=\"EN-US\">\u00a0<\/span><span lang=\"EN-US\">Los actos comenzar\u00e1n este viernes, 2 de mayo, en la Iglesia del Carmen con el preg\u00f3n infantil, que correr\u00e1 a cargo de un joven procesionista del Paso Morado, que est\u00e1 poniendo en el mismo toda su ilusi\u00f3n y dedicaci\u00f3n. En este sentido, cabe recordar que la primera edici\u00f3n de este preg\u00f3n fue en 2017, y desde entonces, cada a\u00f1o un representante de los distintos pasos es el encargado de realizarlo en la sede religiosa de su cofrad\u00eda.<\/span><\/p>\n<p class=\"v1MsoNormal\"><span lang=\"EN-US\">El desfile principal tendr\u00e1 lugar el pr\u00f3ximo viernes, 9 de mayo a partir de las siete de la tarde, y est\u00e1 previsto que participen de m\u00e1s de mil j\u00f3venes lorquinos que recrear\u00e1n la manifestaci\u00f3n religiosa y cultural m\u00e1s importante de Lorca: los desfiles b\u00edblico pasionales de Semana Santa. El recorrido se inicia en la calle Corredera, en direcci\u00f3n a la Iglesia de San Francisco. \u00abSe podr\u00e1 disfrutar de este desfile que es una representaci\u00f3n de los desfiles b\u00edblico pasionales de la Semana Santa de Lorca, pero con la peculiaridad de que todos los trajes, carros y carrozas est\u00e1n realizados por ni\u00f1os y ni\u00f1as, utilizando materiales como cart\u00f3n, pl\u00e1stico y papel\u00bb, ha se\u00f1alado Antonio David S\u00e1nchez Alcaraz.<\/span><\/p>\n<p class=\"v1MsoNormal\"><span lang=\"EN-US\">En la procesi\u00f3n participan las asociaciones juveniles de las seis cofrad\u00edas lorquinas: Paso Blanco, Encarnado, Morado y los j\u00f3venes del Paso Azul y la Curia y el Resucitado, \u00abquienes llevan ya varios meses de trabajo, desarrollando su creatividad, creando nuevos mantos, carrozas o estandartes y demostrando as\u00ed su implicaci\u00f3n con nuestra Semana Santa, lo que hace posible que esta representaci\u00f3n pueda ser mostrada tanto a lorquinos como visitantes, manteniendo en las nuevas generaciones el esp\u00edritu procesionista\u00bb.<\/span><\/p>\n<p class=\"v1MsoNormal\"><span lang=\"EN-US\">Tambi\u00e9n el s\u00e1bado, 10 de mayo a las 19 horas, se realizar\u00e1 la tradicional bajada del Cristo de la Misericordia del Calvario hasta la Iglesia del Carmen; y el viernes, 16 de mayo a las 19 horas, en el Barrio de San Crist\u00f3bal, se llevar\u00e1 a cabo la Procesi\u00f3n del Silencio del Jueves Santo. Como novedad, este a\u00f1o, al finalizar este desfile se llevar\u00e1 a cabo una Fiesta Cofrade Joven en el pub Plaza Cool Beat, ubicado en la Plaza de Arco\u00edris, con el objetivo de que una vez terminadas todas las actividades los j\u00f3venes se re\u00fanan para celebrar el \u00e9xito de las procesiones y tambi\u00e9n como muestra de reconocimiento a su implicaci\u00f3n.<\/span><\/p>\n<p class=\"v1MsoNormal\"><span lang=\"EN-US\">Por \u00faltimo, S\u00e1nchez Alcaraz ha destacado la labor que realizan los componentes de las cofrad\u00edas en la elaboraci\u00f3n y puesta en marcha de la Procesi\u00f3n del Papel durante todo el a\u00f1o para que en esta fecha luzcan y hagan referencia a la Semana Santa de Lorca, en la que a\u00f1o tras a\u00f1o se sigue reforzando el tejido asociativo juvenil, con la regeneraci\u00f3n, ilusi\u00f3n y nuevos proyectos dentro de estos colectivos. \u00abDesde el Ayuntamiento, desde cada una de las cofrad\u00edas y desde el Consejo de la Juventud, que ha intervenido como mediador y facilitador de algunos aspectos de la organizaci\u00f3n del evento, animamos, un a\u00f1o m\u00e1s, a que los lorquinos se vuelquen en participar y disfrutar de esta peculiar procesi\u00f3n, que saca a la calle la cantera de nuestra Semana Santa y ayuda a que los m\u00e1s peque\u00f1os valoren el arte de nuestro bordado y nuestras tradiciones m\u00e1s arraigadas\u00bb, ha concluido el concejal.<\/span><\/p>\n","protected":false},"excerpt":{"rendered":"<p>\u00c1REA LORCA RADIO. Actualidad. 30 de abril de 2025.\u00a0Los actos comenzar\u00e1n este viernes, 2 de mayo, en la Iglesia del Carmen con el preg\u00f3n infantil, que correr\u00e1 a cargo de un joven procesionista del Paso Morado, que est\u00e1 poniendo en el mismo toda su ilusi\u00f3n y dedicaci\u00f3n. En este sentido, cabe recordar que la primera [&hellip;]<\/p>\n","protected":false},"author":1,"featured_media":6352,"comment_status":"open","ping_status":"open","sticky":false,"template":"","format":"standard","meta":{"iawp_total_views":8,"footnotes":""},"categories":[5,7],"tags":[],"class_list":["post-6351","post","type-post","status-publish","format-standard","has-post-thumbnail","hentry","category-actualidad","category-lorca"],"yoast_head":"<!-- This site is optimized with the Yoast SEO plugin v27.5 - https:\/\/yoast.com\/product\/yoast-seo-wordpress\/ -->\n<title>M\u00e1s de un millar de j\u00f3venes de las cofrad\u00edas de Semana Santa tomar\u00e1n la calle Corredera de Lorca para desfilar en la Procesi\u00f3n de Papel - AREA LORCA RADIO<\/title>\n<meta name=\"robots\" content=\"index, follow, max-snippet:-1, max-image-preview:large, max-video-preview:-1\" \/>\n<link rel=\"canonical\" href=\"https:\/\/arealorcaradio.es\/index.php\/2025\/04\/30\/mas-de-un-millar-de-jovenes-de-las-cofradias-de-semana-santa-tomaran-la-calle-corredera-de-lorca-para-desfilar-en-la-procesion-de-papel\/\" \/>\n<meta property=\"og:locale\" content=\"es_ES\" \/>\n<meta property=\"og:type\" content=\"article\" \/>\n<meta property=\"og:title\" content=\"M\u00e1s de un millar de j\u00f3venes de las cofrad\u00edas de Semana Santa tomar\u00e1n la calle Corredera de Lorca para desfilar en la Procesi\u00f3n de Papel - AREA LORCA RADIO\" \/>\n<meta property=\"og:description\" content=\"\u00c1REA LORCA RADIO. Actualidad. 30 de abril de 2025.\u00a0Los actos comenzar\u00e1n este viernes, 2 de mayo, en la Iglesia del Carmen con el preg\u00f3n infantil, que correr\u00e1 a cargo de un joven procesionista del Paso Morado, que est\u00e1 poniendo en el mismo toda su ilusi\u00f3n y dedicaci\u00f3n. En este sentido, cabe recordar que la primera [&hellip;]\" \/>\n<meta property=\"og:url\" content=\"https:\/\/arealorcaradio.es\/index.php\/2025\/04\/30\/mas-de-un-millar-de-jovenes-de-las-cofradias-de-semana-santa-tomaran-la-calle-corredera-de-lorca-para-desfilar-en-la-procesion-de-papel\/\" \/>\n<meta property=\"og:site_name\" content=\"AREA LORCA RADIO\" \/>\n<meta property=\"article:published_time\" content=\"2025-04-30T11:20:38+00:00\" \/>\n<meta property=\"og:image\" content=\"https:\/\/arealorcaradio.es\/wp-content\/uploads\/2025\/04\/foto1-6.jpeg\" \/>\n\t<meta property=\"og:image:width\" content=\"2048\" \/>\n\t<meta property=\"og:image:height\" content=\"1536\" \/>\n\t<meta property=\"og:image:type\" content=\"image\/jpeg\" \/>\n<meta name=\"author\" content=\"Paco S\u00e1nchez\" \/>\n<meta name=\"twitter:card\" content=\"summary_large_image\" \/>\n<meta name=\"twitter:label1\" content=\"Escrito por\" \/>\n\t<meta name=\"twitter:data1\" content=\"Paco S\u00e1nchez\" \/>\n\t<meta name=\"twitter:label2\" content=\"Tiempo de lectura\" \/>\n\t<meta name=\"twitter:data2\" content=\"3 minutos\" \/>\n<script type=\"application\/ld+json\" class=\"yoast-schema-graph\">{\"@context\":\"https:\\\/\\\/schema.org\",\"@graph\":[{\"@type\":\"Article\",\"@id\":\"https:\\\/\\\/arealorcaradio.es\\\/index.php\\\/2025\\\/04\\\/30\\\/mas-de-un-millar-de-jovenes-de-las-cofradias-de-semana-santa-tomaran-la-calle-corredera-de-lorca-para-desfilar-en-la-procesion-de-papel\\\/#article\",\"isPartOf\":{\"@id\":\"https:\\\/\\\/arealorcaradio.es\\\/index.php\\\/2025\\\/04\\\/30\\\/mas-de-un-millar-de-jovenes-de-las-cofradias-de-semana-santa-tomaran-la-calle-corredera-de-lorca-para-desfilar-en-la-procesion-de-papel\\\/\"},\"author\":{\"name\":\"Paco S\u00e1nchez\",\"@id\":\"https:\\\/\\\/arealorcaradio.es\\\/#\\\/schema\\\/person\\\/9fae605fc25b0f2c83c1ab207139bd27\"},\"headline\":\"M\u00e1s de un millar de j\u00f3venes de las cofrad\u00edas de Semana Santa tomar\u00e1n la calle Corredera de Lorca para desfilar en la Procesi\u00f3n de Papel\",\"datePublished\":\"2025-04-30T11:20:38+00:00\",\"mainEntityOfPage\":{\"@id\":\"https:\\\/\\\/arealorcaradio.es\\\/index.php\\\/2025\\\/04\\\/30\\\/mas-de-un-millar-de-jovenes-de-las-cofradias-de-semana-santa-tomaran-la-calle-corredera-de-lorca-para-desfilar-en-la-procesion-de-papel\\\/\"},\"wordCount\":622,\"commentCount\":0,\"image\":{\"@id\":\"https:\\\/\\\/arealorcaradio.es\\\/index.php\\\/2025\\\/04\\\/30\\\/mas-de-un-millar-de-jovenes-de-las-cofradias-de-semana-santa-tomaran-la-calle-corredera-de-lorca-para-desfilar-en-la-procesion-de-papel\\\/#primaryimage\"},\"thumbnailUrl\":\"https:\\\/\\\/arealorcaradio.es\\\/wp-content\\\/uploads\\\/2025\\\/04\\\/foto1-6.jpeg\",\"articleSection\":[\"ACTUALIDAD\",\"LORCA\"],\"inLanguage\":\"es\",\"potentialAction\":[{\"@type\":\"CommentAction\",\"name\":\"Comment\",\"target\":[\"https:\\\/\\\/arealorcaradio.es\\\/index.php\\\/2025\\\/04\\\/30\\\/mas-de-un-millar-de-jovenes-de-las-cofradias-de-semana-santa-tomaran-la-calle-corredera-de-lorca-para-desfilar-en-la-procesion-de-papel\\\/#respond\"]}]},{\"@type\":\"WebPage\",\"@id\":\"https:\\\/\\\/arealorcaradio.es\\\/index.php\\\/2025\\\/04\\\/30\\\/mas-de-un-millar-de-jovenes-de-las-cofradias-de-semana-santa-tomaran-la-calle-corredera-de-lorca-para-desfilar-en-la-procesion-de-papel\\\/\",\"url\":\"https:\\\/\\\/arealorcaradio.es\\\/index.php\\\/2025\\\/04\\\/30\\\/mas-de-un-millar-de-jovenes-de-las-cofradias-de-semana-santa-tomaran-la-calle-corredera-de-lorca-para-desfilar-en-la-procesion-de-papel\\\/\",\"name\":\"M\u00e1s de un millar de j\u00f3venes de las cofrad\u00edas de Semana Santa tomar\u00e1n la calle Corredera de Lorca para desfilar en la Procesi\u00f3n de Papel - AREA LORCA RADIO\",\"isPartOf\":{\"@id\":\"https:\\\/\\\/arealorcaradio.es\\\/#website\"},\"primaryImageOfPage\":{\"@id\":\"https:\\\/\\\/arealorcaradio.es\\\/index.php\\\/2025\\\/04\\\/30\\\/mas-de-un-millar-de-jovenes-de-las-cofradias-de-semana-santa-tomaran-la-calle-corredera-de-lorca-para-desfilar-en-la-procesion-de-papel\\\/#primaryimage\"},\"image\":{\"@id\":\"https:\\\/\\\/arealorcaradio.es\\\/index.php\\\/2025\\\/04\\\/30\\\/mas-de-un-millar-de-jovenes-de-las-cofradias-de-semana-santa-tomaran-la-calle-corredera-de-lorca-para-desfilar-en-la-procesion-de-papel\\\/#primaryimage\"},\"thumbnailUrl\":\"https:\\\/\\\/arealorcaradio.es\\\/wp-content\\\/uploads\\\/2025\\\/04\\\/foto1-6.jpeg\",\"datePublished\":\"2025-04-30T11:20:38+00:00\",\"author\":{\"@id\":\"https:\\\/\\\/arealorcaradio.es\\\/#\\\/schema\\\/person\\\/9fae605fc25b0f2c83c1ab207139bd27\"},\"breadcrumb\":{\"@id\":\"https:\\\/\\\/arealorcaradio.es\\\/index.php\\\/2025\\\/04\\\/30\\\/mas-de-un-millar-de-jovenes-de-las-cofradias-de-semana-santa-tomaran-la-calle-corredera-de-lorca-para-desfilar-en-la-procesion-de-papel\\\/#breadcrumb\"},\"inLanguage\":\"es\",\"potentialAction\":[{\"@type\":\"ReadAction\",\"target\":[\"https:\\\/\\\/arealorcaradio.es\\\/index.php\\\/2025\\\/04\\\/30\\\/mas-de-un-millar-de-jovenes-de-las-cofradias-de-semana-santa-tomaran-la-calle-corredera-de-lorca-para-desfilar-en-la-procesion-de-papel\\\/\"]}]},{\"@type\":\"ImageObject\",\"inLanguage\":\"es\",\"@id\":\"https:\\\/\\\/arealorcaradio.es\\\/index.php\\\/2025\\\/04\\\/30\\\/mas-de-un-millar-de-jovenes-de-las-cofradias-de-semana-santa-tomaran-la-calle-corredera-de-lorca-para-desfilar-en-la-procesion-de-papel\\\/#primaryimage\",\"url\":\"https:\\\/\\\/arealorcaradio.es\\\/wp-content\\\/uploads\\\/2025\\\/04\\\/foto1-6.jpeg\",\"contentUrl\":\"https:\\\/\\\/arealorcaradio.es\\\/wp-content\\\/uploads\\\/2025\\\/04\\\/foto1-6.jpeg\",\"width\":2048,\"height\":1536},{\"@type\":\"BreadcrumbList\",\"@id\":\"https:\\\/\\\/arealorcaradio.es\\\/index.php\\\/2025\\\/04\\\/30\\\/mas-de-un-millar-de-jovenes-de-las-cofradias-de-semana-santa-tomaran-la-calle-corredera-de-lorca-para-desfilar-en-la-procesion-de-papel\\\/#breadcrumb\",\"itemListElement\":[{\"@type\":\"ListItem\",\"position\":1,\"name\":\"Portada\",\"item\":\"https:\\\/\\\/arealorcaradio.es\\\/\"},{\"@type\":\"ListItem\",\"position\":2,\"name\":\"M\u00e1s de un millar de j\u00f3venes de las cofrad\u00edas de Semana Santa tomar\u00e1n la calle Corredera de Lorca para desfilar en la Procesi\u00f3n de Papel\"}]},{\"@type\":\"WebSite\",\"@id\":\"https:\\\/\\\/arealorcaradio.es\\\/#website\",\"url\":\"https:\\\/\\\/arealorcaradio.es\\\/\",\"name\":\"AREA LORCA RADIO\",\"description\":\"Descubre la programaci\u00f3n actual en \u00c1rea Lorca Radio, tu fuente de entrenamiento y noticias locales. Sintoniza ahora y mantente conectado online.\",\"potentialAction\":[{\"@type\":\"SearchAction\",\"target\":{\"@type\":\"EntryPoint\",\"urlTemplate\":\"https:\\\/\\\/arealorcaradio.es\\\/?s={search_term_string}\"},\"query-input\":{\"@type\":\"PropertyValueSpecification\",\"valueRequired\":true,\"valueName\":\"search_term_string\"}}],\"inLanguage\":\"es\"},{\"@type\":\"Person\",\"@id\":\"https:\\\/\\\/arealorcaradio.es\\\/#\\\/schema\\\/person\\\/9fae605fc25b0f2c83c1ab207139bd27\",\"name\":\"Paco S\u00e1nchez\",\"image\":{\"@type\":\"ImageObject\",\"inLanguage\":\"es\",\"@id\":\"https:\\\/\\\/secure.gravatar.com\\\/avatar\\\/d67144e966420fb74aa84c9f2a0103be4724fd14db52b52d3b6bca749f257e79?s=96&d=mm&r=g\",\"url\":\"https:\\\/\\\/secure.gravatar.com\\\/avatar\\\/d67144e966420fb74aa84c9f2a0103be4724fd14db52b52d3b6bca749f257e79?s=96&d=mm&r=g\",\"contentUrl\":\"https:\\\/\\\/secure.gravatar.com\\\/avatar\\\/d67144e966420fb74aa84c9f2a0103be4724fd14db52b52d3b6bca749f257e79?s=96&d=mm&r=g\",\"caption\":\"Paco S\u00e1nchez\"},\"sameAs\":[\"https:\\\/\\\/arealorcaradio.es\"],\"url\":\"https:\\\/\\\/arealorcaradio.es\\\/index.php\\\/author\\\/admin_alorcaradio\\\/\"}]}<\/script>\n<!-- \/ Yoast SEO plugin. -->","yoast_head_json":{"title":"M\u00e1s de un millar de j\u00f3venes de las cofrad\u00edas de Semana Santa tomar\u00e1n la calle Corredera de Lorca para desfilar en la Procesi\u00f3n de Papel - AREA LORCA RADIO","robots":{"index":"index","follow":"follow","max-snippet":"max-snippet:-1","max-image-preview":"max-image-preview:large","max-video-preview":"max-video-preview:-1"},"canonical":"https:\/\/arealorcaradio.es\/index.php\/2025\/04\/30\/mas-de-un-millar-de-jovenes-de-las-cofradias-de-semana-santa-tomaran-la-calle-corredera-de-lorca-para-desfilar-en-la-procesion-de-papel\/","og_locale":"es_ES","og_type":"article","og_title":"M\u00e1s de un millar de j\u00f3venes de las cofrad\u00edas de Semana Santa tomar\u00e1n la calle Corredera de Lorca para desfilar en la Procesi\u00f3n de Papel - AREA LORCA RADIO","og_description":"\u00c1REA LORCA RADIO. Actualidad. 30 de abril de 2025.\u00a0Los actos comenzar\u00e1n este viernes, 2 de mayo, en la Iglesia del Carmen con el preg\u00f3n infantil, que correr\u00e1 a cargo de un joven procesionista del Paso Morado, que est\u00e1 poniendo en el mismo toda su ilusi\u00f3n y dedicaci\u00f3n. En este sentido, cabe recordar que la primera [&hellip;]","og_url":"https:\/\/arealorcaradio.es\/index.php\/2025\/04\/30\/mas-de-un-millar-de-jovenes-de-las-cofradias-de-semana-santa-tomaran-la-calle-corredera-de-lorca-para-desfilar-en-la-procesion-de-papel\/","og_site_name":"AREA LORCA RADIO","article_published_time":"2025-04-30T11:20:38+00:00","og_image":[{"width":2048,"height":1536,"url":"https:\/\/arealorcaradio.es\/wp-content\/uploads\/2025\/04\/foto1-6.jpeg","type":"image\/jpeg"}],"author":"Paco S\u00e1nchez","twitter_card":"summary_large_image","twitter_misc":{"Escrito por":"Paco S\u00e1nchez","Tiempo de lectura":"3 minutos"},"schema":{"@context":"https:\/\/schema.org","@graph":[{"@type":"Article","@id":"https:\/\/arealorcaradio.es\/index.php\/2025\/04\/30\/mas-de-un-millar-de-jovenes-de-las-cofradias-de-semana-santa-tomaran-la-calle-corredera-de-lorca-para-desfilar-en-la-procesion-de-papel\/#article","isPartOf":{"@id":"https:\/\/arealorcaradio.es\/index.php\/2025\/04\/30\/mas-de-un-millar-de-jovenes-de-las-cofradias-de-semana-santa-tomaran-la-calle-corredera-de-lorca-para-desfilar-en-la-procesion-de-papel\/"},"author":{"name":"Paco S\u00e1nchez","@id":"https:\/\/arealorcaradio.es\/#\/schema\/person\/9fae605fc25b0f2c83c1ab207139bd27"},"headline":"M\u00e1s de un millar de j\u00f3venes de las cofrad\u00edas de Semana Santa tomar\u00e1n la calle Corredera de Lorca para desfilar en la Procesi\u00f3n de Papel","datePublished":"2025-04-30T11:20:38+00:00","mainEntityOfPage":{"@id":"https:\/\/arealorcaradio.es\/index.php\/2025\/04\/30\/mas-de-un-millar-de-jovenes-de-las-cofradias-de-semana-santa-tomaran-la-calle-corredera-de-lorca-para-desfilar-en-la-procesion-de-papel\/"},"wordCount":622,"commentCount":0,"image":{"@id":"https:\/\/arealorcaradio.es\/index.php\/2025\/04\/30\/mas-de-un-millar-de-jovenes-de-las-cofradias-de-semana-santa-tomaran-la-calle-corredera-de-lorca-para-desfilar-en-la-procesion-de-papel\/#primaryimage"},"thumbnailUrl":"https:\/\/arealorcaradio.es\/wp-content\/uploads\/2025\/04\/foto1-6.jpeg","articleSection":["ACTUALIDAD","LORCA"],"inLanguage":"es","potentialAction":[{"@type":"CommentAction","name":"Comment","target":["https:\/\/arealorcaradio.es\/index.php\/2025\/04\/30\/mas-de-un-millar-de-jovenes-de-las-cofradias-de-semana-santa-tomaran-la-calle-corredera-de-lorca-para-desfilar-en-la-procesion-de-papel\/#respond"]}]},{"@type":"WebPage","@id":"https:\/\/arealorcaradio.es\/index.php\/2025\/04\/30\/mas-de-un-millar-de-jovenes-de-las-cofradias-de-semana-santa-tomaran-la-calle-corredera-de-lorca-para-desfilar-en-la-procesion-de-papel\/","url":"https:\/\/arealorcaradio.es\/index.php\/2025\/04\/30\/mas-de-un-millar-de-jovenes-de-las-cofradias-de-semana-santa-tomaran-la-calle-corredera-de-lorca-para-desfilar-en-la-procesion-de-papel\/","name":"M\u00e1s de un millar de j\u00f3venes de las cofrad\u00edas de Semana Santa tomar\u00e1n la calle Corredera de Lorca para desfilar en la Procesi\u00f3n de Papel - AREA LORCA RADIO","isPartOf":{"@id":"https:\/\/arealorcaradio.es\/#website"},"primaryImageOfPage":{"@id":"https:\/\/arealorcaradio.es\/index.php\/2025\/04\/30\/mas-de-un-millar-de-jovenes-de-las-cofradias-de-semana-santa-tomaran-la-calle-corredera-de-lorca-para-desfilar-en-la-procesion-de-papel\/#primaryimage"},"image":{"@id":"https:\/\/arealorcaradio.es\/index.php\/2025\/04\/30\/mas-de-un-millar-de-jovenes-de-las-cofradias-de-semana-santa-tomaran-la-calle-corredera-de-lorca-para-desfilar-en-la-procesion-de-papel\/#primaryimage"},"thumbnailUrl":"https:\/\/arealorcaradio.es\/wp-content\/uploads\/2025\/04\/foto1-6.jpeg","datePublished":"2025-04-30T11:20:38+00:00","author":{"@id":"https:\/\/arealorcaradio.es\/#\/schema\/person\/9fae605fc25b0f2c83c1ab207139bd27"},"breadcrumb":{"@id":"https:\/\/arealorcaradio.es\/index.php\/2025\/04\/30\/mas-de-un-millar-de-jovenes-de-las-cofradias-de-semana-santa-tomaran-la-calle-corredera-de-lorca-para-desfilar-en-la-procesion-de-papel\/#breadcrumb"},"inLanguage":"es","potentialAction":[{"@type":"ReadAction","target":["https:\/\/arealorcaradio.es\/index.php\/2025\/04\/30\/mas-de-un-millar-de-jovenes-de-las-cofradias-de-semana-santa-tomaran-la-calle-corredera-de-lorca-para-desfilar-en-la-procesion-de-papel\/"]}]},{"@type":"ImageObject","inLanguage":"es","@id":"https:\/\/arealorcaradio.es\/index.php\/2025\/04\/30\/mas-de-un-millar-de-jovenes-de-las-cofradias-de-semana-santa-tomaran-la-calle-corredera-de-lorca-para-desfilar-en-la-procesion-de-papel\/#primaryimage","url":"https:\/\/arealorcaradio.es\/wp-content\/uploads\/2025\/04\/foto1-6.jpeg","contentUrl":"https:\/\/arealorcaradio.es\/wp-content\/uploads\/2025\/04\/foto1-6.jpeg","width":2048,"height":1536},{"@type":"BreadcrumbList","@id":"https:\/\/arealorcaradio.es\/index.php\/2025\/04\/30\/mas-de-un-millar-de-jovenes-de-las-cofradias-de-semana-santa-tomaran-la-calle-corredera-de-lorca-para-desfilar-en-la-procesion-de-papel\/#breadcrumb","itemListElement":[{"@type":"ListItem","position":1,"name":"Portada","item":"https:\/\/arealorcaradio.es\/"},{"@type":"ListItem","position":2,"name":"M\u00e1s de un millar de j\u00f3venes de las cofrad\u00edas de Semana Santa tomar\u00e1n la calle Corredera de Lorca para desfilar en la Procesi\u00f3n de Papel"}]},{"@type":"WebSite","@id":"https:\/\/arealorcaradio.es\/#website","url":"https:\/\/arealorcaradio.es\/","name":"AREA LORCA RADIO","description":"Descubre la programaci\u00f3n actual en \u00c1rea Lorca Radio, tu fuente de entrenamiento y noticias locales. Sintoniza ahora y mantente conectado online.","potentialAction":[{"@type":"SearchAction","target":{"@type":"EntryPoint","urlTemplate":"https:\/\/arealorcaradio.es\/?s={search_term_string}"},"query-input":{"@type":"PropertyValueSpecification","valueRequired":true,"valueName":"search_term_string"}}],"inLanguage":"es"},{"@type":"Person","@id":"https:\/\/arealorcaradio.es\/#\/schema\/person\/9fae605fc25b0f2c83c1ab207139bd27","name":"Paco S\u00e1nchez","image":{"@type":"ImageObject","inLanguage":"es","@id":"https:\/\/secure.gravatar.com\/avatar\/d67144e966420fb74aa84c9f2a0103be4724fd14db52b52d3b6bca749f257e79?s=96&d=mm&r=g","url":"https:\/\/secure.gravatar.com\/avatar\/d67144e966420fb74aa84c9f2a0103be4724fd14db52b52d3b6bca749f257e79?s=96&d=mm&r=g","contentUrl":"https:\/\/secure.gravatar.com\/avatar\/d67144e966420fb74aa84c9f2a0103be4724fd14db52b52d3b6bca749f257e79?s=96&d=mm&r=g","caption":"Paco S\u00e1nchez"},"sameAs":["https:\/\/arealorcaradio.es"],"url":"https:\/\/arealorcaradio.es\/index.php\/author\/admin_alorcaradio\/"}]}},"_links":{"self":[{"href":"https:\/\/arealorcaradio.es\/index.php\/wp-json\/wp\/v2\/posts\/6351","targetHints":{"allow":["GET"]}}],"collection":[{"href":"https:\/\/arealorcaradio.es\/index.php\/wp-json\/wp\/v2\/posts"}],"about":[{"href":"https:\/\/arealorcaradio.es\/index.php\/wp-json\/wp\/v2\/types\/post"}],"author":[{"embeddable":true,"href":"https:\/\/arealorcaradio.es\/index.php\/wp-json\/wp\/v2\/users\/1"}],"replies":[{"embeddable":true,"href":"https:\/\/arealorcaradio.es\/index.php\/wp-json\/wp\/v2\/comments?post=6351"}],"version-history":[{"count":1,"href":"https:\/\/arealorcaradio.es\/index.php\/wp-json\/wp\/v2\/posts\/6351\/revisions"}],"predecessor-version":[{"id":6353,"href":"https:\/\/arealorcaradio.es\/index.php\/wp-json\/wp\/v2\/posts\/6351\/revisions\/6353"}],"wp:featuredmedia":[{"embeddable":true,"href":"https:\/\/arealorcaradio.es\/index.php\/wp-json\/wp\/v2\/media\/6352"}],"wp:attachment":[{"href":"https:\/\/arealorcaradio.es\/index.php\/wp-json\/wp\/v2\/media?parent=6351"}],"wp:term":[{"taxonomy":"category","embeddable":true,"href":"https:\/\/arealorcaradio.es\/index.php\/wp-json\/wp\/v2\/categories?post=6351"},{"taxonomy":"post_tag","embeddable":true,"href":"https:\/\/arealorcaradio.es\/index.php\/wp-json\/wp\/v2\/tags?post=6351"}],"curies":[{"name":"wp","href":"https:\/\/api.w.org\/{rel}","templated":true}]}}