{"id":6346,"date":"2025-04-30T11:15:29","date_gmt":"2025-04-30T11:15:29","guid":{"rendered":"https:\/\/arealorcaradio.es\/?p=6346"},"modified":"2025-04-30T11:15:29","modified_gmt":"2025-04-30T11:15:29","slug":"lorca-da-un-paso-clave-hacia-la-sostenibilidad-hidrica-mediante-la-reutilizacion-de-las-aguas-del-curtido-para-uso-agricola-tras-un-doble-tratamiento","status":"publish","type":"post","link":"https:\/\/arealorcaradio.es\/index.php\/2025\/04\/30\/lorca-da-un-paso-clave-hacia-la-sostenibilidad-hidrica-mediante-la-reutilizacion-de-las-aguas-del-curtido-para-uso-agricola-tras-un-doble-tratamiento\/","title":{"rendered":"Lorca da un paso clave hacia la sostenibilidad h\u00eddrica mediante la reutilizaci\u00f3n de las aguas del curtido para uso agr\u00edcola tras un doble tratamiento"},"content":{"rendered":"<p><strong>\u00c1REA LORCA RADIO. Actualidad.<\/strong><\/p>\n<p class=\"v1MsoNormal\"><b>Lorca, 30 de abril de 2025.\u00a0<\/b>\u00abHan sido muchos los esfuerzos para llegar hasta hoy.<b>\u00a0<\/b>Esta nueva configuraci\u00f3n del tratamiento de aguas residuales beneficia de forma directa a los regantes lorquinos, que dispondr\u00e1n de recursos h\u00eddricos adicionales, regenerados y de calidad para el uso agr\u00edcola, y al municipio, posicion\u00e1ndolo como referente en la reutilizaci\u00f3n de aguas regeneradas\u00bb.<\/p>\n<p class=\"v1MsoNormal\">As\u00ed lo ha trasladado el alcalde Lorca, Fulgencio Gil J\u00f3dar, que ha anunciado \u00abun nuevo y destacado avance en el tratamiento de las aguas residuales para su posterior utilizaci\u00f3n en beneficio de los empresarios y el sector industrial de nuestra comarca\u00bb.<\/p>\n<p class=\"v1MsoNormal\">Y es que la Confederaci\u00f3n Hidrogr\u00e1fica del Segura (CHS) ha autorizado la interconexi\u00f3n de la Estaci\u00f3n Depuradora de Aguas Residuales Industriales (EDARI) del sector del curtido al sistema de saneamiento de la Estaci\u00f3n Depuradora de Aguas Residuales (EDAR) de La Hoya, gestionada por Aguas de Lorca. Esta conexi\u00f3n permitir\u00e1 que las aguas residuales industriales y de forma progresiva, ya tratadas en la EDARI, reciban un segundo tratamiento adicional en la EDAR de La Hoya.<\/p>\n<p class=\"v1MsoNormal\"><a name=\"v1_heading=h.u15v02qens0\"><\/a><img loading=\"lazy\" decoding=\"async\" class=\"alignnone size-medium wp-image-6349\" src=\"https:\/\/arealorcaradio.es\/wp-content\/uploads\/2025\/04\/FOTO1-5-300x225.jpeg\" alt=\"\" width=\"300\" height=\"225\" srcset=\"https:\/\/arealorcaradio.es\/wp-content\/uploads\/2025\/04\/FOTO1-5-300x225.jpeg 300w, https:\/\/arealorcaradio.es\/wp-content\/uploads\/2025\/04\/FOTO1-5-1024x768.jpeg 1024w, https:\/\/arealorcaradio.es\/wp-content\/uploads\/2025\/04\/FOTO1-5-768x576.jpeg 768w, https:\/\/arealorcaradio.es\/wp-content\/uploads\/2025\/04\/FOTO1-5-1536x1152.jpeg 1536w, https:\/\/arealorcaradio.es\/wp-content\/uploads\/2025\/04\/FOTO1-5-2048x1536.jpeg 2048w, https:\/\/arealorcaradio.es\/wp-content\/uploads\/2025\/04\/FOTO1-5-86x64.jpeg 86w\" sizes=\"auto, (max-width: 300px) 100vw, 300px\" \/><\/p>\n<p class=\"v1MsoNormal\">Un\u00a0importante hito ambiental y t\u00e9cnico para el municipio, ya que permitir\u00e1 que el agua residual procedente del sector del curtido, tras un primer tratamiento en la depuradora industrial, sea sometida a una segunda depuraci\u00f3n m\u00e1s completa antes de su reutilizaci\u00f3n agr\u00edcola. \u00abEste avance conlleva un beneficio directo, no s\u00f3lo para regantes, sino tambi\u00e9n para esas empresas del sector del curtido, que refuerzan su compromiso con el cumplimiento ambiental y la econom\u00eda circular; adem\u00e1s de la propia entidad Aguas de Lorca, al permitir la integraci\u00f3n de infraestructuras existentes en un sistema m\u00e1s eficiente y optimizado. Por eso, queremos agradecer a la Confederaci\u00f3n su compromiso y colaboraci\u00f3n para poder llevar a buen t\u00e9rmino esta gran apuesta\u00bb, ha apuntado Gil\u00a0 J\u00f3dar.<\/p>\n<p class=\"v1MsoNormal\">Por su parte, el gerente de Aguas de Lorca, Francisco Reyes, ha rese\u00f1ado que \u00abesta autorizaci\u00f3n es una excelente noticia para nuestro municipio. Llevamos a\u00f1os trabajando en esta soluci\u00f3n, que nos permite aprovechar mejor los recursos, reducir el impacto ambiental de los vertidos y ofrecer agua regenerada de calidad para el regad\u00edo\u00bb.<\/p>\n<p class=\"v1MsoNormal\">El procedimiento administrativo para llevar a cabo esta conexi\u00f3n comenz\u00f3 hace cuatro a\u00f1os y su activaci\u00f3n representa un elemento clave para la sostenibilidad y eficiencia del sistema de depuraci\u00f3n en Lorca. Adem\u00e1s, refleja el compromiso de colaboraci\u00f3n entre las distintas administraciones, las empresas del sector curtido y el Ayuntamiento, a trav\u00e9s de Aguas de Lorca, con el objetivo com\u00fan de proteger los recursos h\u00eddricos y optimizar su uso.<\/p>\n<p class=\"v1MsoNormal\">Concretamente, el proceso se ejecutar\u00e1 en dos etapas. Durante la primera, se trasladar\u00e1 gradualmente a la EDAR de La Hoya el volumen tratado en la depuradora industrial, hasta completar el 100% en un periodo de doce meses. La segunda etapa consistir\u00e1 en la operaci\u00f3n regular de la EDAR Urbana, que tratar\u00e1 la totalidad del caudal anteriormente tratado en la depuradora de Curtidos, incrementando el volumen depurado en la depuradora urbana de 3.900.000 m\u00b3 anuales a 4.200.000 m\u00b3 por a\u00f1o.<\/p>\n<p class=\"v1MsoNormal\">La calidad de las aguas tratadas estar\u00e1 respaldada por un riguroso Plan de Control Analit\u00edco. Los an\u00e1lisis correspondientes a la primera etapa\u00a0 del proyecto de tratamiento se integran\u00a0 dentro del proyecto Lorqua2026, iniciativa que ha sido seleccionado\u00a0 para recibir financiaci\u00f3n a trav\u00e9s de los fondos del PERTE de Digitalizaci\u00f3n del Ciclo del Agua. Este proyecto estrat\u00e9gico, impulsado por Aguas de Lorca, busca modernizar y optimizar el ciclo integral del agua en el municipio, haci\u00e9ndolo m\u00e1s eficiente y ambientalmente sostenible.<\/p>\n","protected":false},"excerpt":{"rendered":"<p>\u00c1REA LORCA RADIO. Actualidad. Lorca, 30 de abril de 2025.\u00a0\u00abHan sido muchos los esfuerzos para llegar hasta hoy.\u00a0Esta nueva configuraci\u00f3n del tratamiento de aguas residuales beneficia de forma directa a los regantes lorquinos, que dispondr\u00e1n de recursos h\u00eddricos adicionales, regenerados y de calidad para el uso agr\u00edcola, y al municipio, posicion\u00e1ndolo como referente en la [&hellip;]<\/p>\n","protected":false},"author":1,"featured_media":6347,"comment_status":"open","ping_status":"open","sticky":false,"template":"","format":"standard","meta":{"iawp_total_views":2,"footnotes":""},"categories":[5,7],"tags":[],"class_list":["post-6346","post","type-post","status-publish","format-standard","has-post-thumbnail","hentry","category-actualidad","category-lorca"],"yoast_head":"<!-- This site is optimized with the Yoast SEO plugin v27.5 - https:\/\/yoast.com\/product\/yoast-seo-wordpress\/ -->\n<title>Lorca da un paso clave hacia la sostenibilidad h\u00eddrica mediante la reutilizaci\u00f3n de las aguas del curtido para uso agr\u00edcola tras un doble tratamiento - AREA LORCA RADIO<\/title>\n<meta name=\"robots\" content=\"index, follow, max-snippet:-1, max-image-preview:large, max-video-preview:-1\" \/>\n<link rel=\"canonical\" href=\"https:\/\/arealorcaradio.es\/index.php\/2025\/04\/30\/lorca-da-un-paso-clave-hacia-la-sostenibilidad-hidrica-mediante-la-reutilizacion-de-las-aguas-del-curtido-para-uso-agricola-tras-un-doble-tratamiento\/\" \/>\n<meta property=\"og:locale\" content=\"es_ES\" \/>\n<meta property=\"og:type\" content=\"article\" \/>\n<meta property=\"og:title\" content=\"Lorca da un paso clave hacia la sostenibilidad h\u00eddrica mediante la reutilizaci\u00f3n de las aguas del curtido para uso agr\u00edcola tras un doble tratamiento - AREA LORCA RADIO\" \/>\n<meta property=\"og:description\" content=\"\u00c1REA LORCA RADIO. Actualidad. Lorca, 30 de abril de 2025.\u00a0\u00abHan sido muchos los esfuerzos para llegar hasta hoy.\u00a0Esta nueva configuraci\u00f3n del tratamiento de aguas residuales beneficia de forma directa a los regantes lorquinos, que dispondr\u00e1n de recursos h\u00eddricos adicionales, regenerados y de calidad para el uso agr\u00edcola, y al municipio, posicion\u00e1ndolo como referente en la [&hellip;]\" \/>\n<meta property=\"og:url\" content=\"https:\/\/arealorcaradio.es\/index.php\/2025\/04\/30\/lorca-da-un-paso-clave-hacia-la-sostenibilidad-hidrica-mediante-la-reutilizacion-de-las-aguas-del-curtido-para-uso-agricola-tras-un-doble-tratamiento\/\" \/>\n<meta property=\"og:site_name\" content=\"AREA LORCA RADIO\" \/>\n<meta property=\"article:published_time\" content=\"2025-04-30T11:15:29+00:00\" \/>\n<meta property=\"og:image\" content=\"https:\/\/arealorcaradio.es\/wp-content\/uploads\/2025\/04\/FOTO3-5-scaled.jpeg\" \/>\n\t<meta property=\"og:image:width\" content=\"2560\" \/>\n\t<meta property=\"og:image:height\" content=\"1920\" \/>\n\t<meta property=\"og:image:type\" content=\"image\/jpeg\" \/>\n<meta name=\"author\" content=\"Paco S\u00e1nchez\" \/>\n<meta name=\"twitter:card\" content=\"summary_large_image\" \/>\n<meta name=\"twitter:label1\" content=\"Escrito por\" \/>\n\t<meta name=\"twitter:data1\" content=\"Paco S\u00e1nchez\" \/>\n\t<meta name=\"twitter:label2\" content=\"Tiempo de lectura\" \/>\n\t<meta name=\"twitter:data2\" content=\"4 minutos\" \/>\n<script type=\"application\/ld+json\" class=\"yoast-schema-graph\">{\"@context\":\"https:\\\/\\\/schema.org\",\"@graph\":[{\"@type\":\"Article\",\"@id\":\"https:\\\/\\\/arealorcaradio.es\\\/index.php\\\/2025\\\/04\\\/30\\\/lorca-da-un-paso-clave-hacia-la-sostenibilidad-hidrica-mediante-la-reutilizacion-de-las-aguas-del-curtido-para-uso-agricola-tras-un-doble-tratamiento\\\/#article\",\"isPartOf\":{\"@id\":\"https:\\\/\\\/arealorcaradio.es\\\/index.php\\\/2025\\\/04\\\/30\\\/lorca-da-un-paso-clave-hacia-la-sostenibilidad-hidrica-mediante-la-reutilizacion-de-las-aguas-del-curtido-para-uso-agricola-tras-un-doble-tratamiento\\\/\"},\"author\":{\"name\":\"Paco S\u00e1nchez\",\"@id\":\"https:\\\/\\\/arealorcaradio.es\\\/#\\\/schema\\\/person\\\/9fae605fc25b0f2c83c1ab207139bd27\"},\"headline\":\"Lorca da un paso clave hacia la sostenibilidad h\u00eddrica mediante la reutilizaci\u00f3n de las aguas del curtido para uso agr\u00edcola tras un doble tratamiento\",\"datePublished\":\"2025-04-30T11:15:29+00:00\",\"mainEntityOfPage\":{\"@id\":\"https:\\\/\\\/arealorcaradio.es\\\/index.php\\\/2025\\\/04\\\/30\\\/lorca-da-un-paso-clave-hacia-la-sostenibilidad-hidrica-mediante-la-reutilizacion-de-las-aguas-del-curtido-para-uso-agricola-tras-un-doble-tratamiento\\\/\"},\"wordCount\":648,\"commentCount\":0,\"image\":{\"@id\":\"https:\\\/\\\/arealorcaradio.es\\\/index.php\\\/2025\\\/04\\\/30\\\/lorca-da-un-paso-clave-hacia-la-sostenibilidad-hidrica-mediante-la-reutilizacion-de-las-aguas-del-curtido-para-uso-agricola-tras-un-doble-tratamiento\\\/#primaryimage\"},\"thumbnailUrl\":\"https:\\\/\\\/arealorcaradio.es\\\/wp-content\\\/uploads\\\/2025\\\/04\\\/FOTO3-5-scaled.jpeg\",\"articleSection\":[\"ACTUALIDAD\",\"LORCA\"],\"inLanguage\":\"es\",\"potentialAction\":[{\"@type\":\"CommentAction\",\"name\":\"Comment\",\"target\":[\"https:\\\/\\\/arealorcaradio.es\\\/index.php\\\/2025\\\/04\\\/30\\\/lorca-da-un-paso-clave-hacia-la-sostenibilidad-hidrica-mediante-la-reutilizacion-de-las-aguas-del-curtido-para-uso-agricola-tras-un-doble-tratamiento\\\/#respond\"]}]},{\"@type\":\"WebPage\",\"@id\":\"https:\\\/\\\/arealorcaradio.es\\\/index.php\\\/2025\\\/04\\\/30\\\/lorca-da-un-paso-clave-hacia-la-sostenibilidad-hidrica-mediante-la-reutilizacion-de-las-aguas-del-curtido-para-uso-agricola-tras-un-doble-tratamiento\\\/\",\"url\":\"https:\\\/\\\/arealorcaradio.es\\\/index.php\\\/2025\\\/04\\\/30\\\/lorca-da-un-paso-clave-hacia-la-sostenibilidad-hidrica-mediante-la-reutilizacion-de-las-aguas-del-curtido-para-uso-agricola-tras-un-doble-tratamiento\\\/\",\"name\":\"Lorca da un paso clave hacia la sostenibilidad h\u00eddrica mediante la reutilizaci\u00f3n de las aguas del curtido para uso agr\u00edcola tras un doble tratamiento - AREA LORCA RADIO\",\"isPartOf\":{\"@id\":\"https:\\\/\\\/arealorcaradio.es\\\/#website\"},\"primaryImageOfPage\":{\"@id\":\"https:\\\/\\\/arealorcaradio.es\\\/index.php\\\/2025\\\/04\\\/30\\\/lorca-da-un-paso-clave-hacia-la-sostenibilidad-hidrica-mediante-la-reutilizacion-de-las-aguas-del-curtido-para-uso-agricola-tras-un-doble-tratamiento\\\/#primaryimage\"},\"image\":{\"@id\":\"https:\\\/\\\/arealorcaradio.es\\\/index.php\\\/2025\\\/04\\\/30\\\/lorca-da-un-paso-clave-hacia-la-sostenibilidad-hidrica-mediante-la-reutilizacion-de-las-aguas-del-curtido-para-uso-agricola-tras-un-doble-tratamiento\\\/#primaryimage\"},\"thumbnailUrl\":\"https:\\\/\\\/arealorcaradio.es\\\/wp-content\\\/uploads\\\/2025\\\/04\\\/FOTO3-5-scaled.jpeg\",\"datePublished\":\"2025-04-30T11:15:29+00:00\",\"author\":{\"@id\":\"https:\\\/\\\/arealorcaradio.es\\\/#\\\/schema\\\/person\\\/9fae605fc25b0f2c83c1ab207139bd27\"},\"breadcrumb\":{\"@id\":\"https:\\\/\\\/arealorcaradio.es\\\/index.php\\\/2025\\\/04\\\/30\\\/lorca-da-un-paso-clave-hacia-la-sostenibilidad-hidrica-mediante-la-reutilizacion-de-las-aguas-del-curtido-para-uso-agricola-tras-un-doble-tratamiento\\\/#breadcrumb\"},\"inLanguage\":\"es\",\"potentialAction\":[{\"@type\":\"ReadAction\",\"target\":[\"https:\\\/\\\/arealorcaradio.es\\\/index.php\\\/2025\\\/04\\\/30\\\/lorca-da-un-paso-clave-hacia-la-sostenibilidad-hidrica-mediante-la-reutilizacion-de-las-aguas-del-curtido-para-uso-agricola-tras-un-doble-tratamiento\\\/\"]}]},{\"@type\":\"ImageObject\",\"inLanguage\":\"es\",\"@id\":\"https:\\\/\\\/arealorcaradio.es\\\/index.php\\\/2025\\\/04\\\/30\\\/lorca-da-un-paso-clave-hacia-la-sostenibilidad-hidrica-mediante-la-reutilizacion-de-las-aguas-del-curtido-para-uso-agricola-tras-un-doble-tratamiento\\\/#primaryimage\",\"url\":\"https:\\\/\\\/arealorcaradio.es\\\/wp-content\\\/uploads\\\/2025\\\/04\\\/FOTO3-5-scaled.jpeg\",\"contentUrl\":\"https:\\\/\\\/arealorcaradio.es\\\/wp-content\\\/uploads\\\/2025\\\/04\\\/FOTO3-5-scaled.jpeg\",\"width\":2560,\"height\":1920},{\"@type\":\"BreadcrumbList\",\"@id\":\"https:\\\/\\\/arealorcaradio.es\\\/index.php\\\/2025\\\/04\\\/30\\\/lorca-da-un-paso-clave-hacia-la-sostenibilidad-hidrica-mediante-la-reutilizacion-de-las-aguas-del-curtido-para-uso-agricola-tras-un-doble-tratamiento\\\/#breadcrumb\",\"itemListElement\":[{\"@type\":\"ListItem\",\"position\":1,\"name\":\"Portada\",\"item\":\"https:\\\/\\\/arealorcaradio.es\\\/\"},{\"@type\":\"ListItem\",\"position\":2,\"name\":\"Lorca da un paso clave hacia la sostenibilidad h\u00eddrica mediante la reutilizaci\u00f3n de las aguas del curtido para uso agr\u00edcola tras un doble tratamiento\"}]},{\"@type\":\"WebSite\",\"@id\":\"https:\\\/\\\/arealorcaradio.es\\\/#website\",\"url\":\"https:\\\/\\\/arealorcaradio.es\\\/\",\"name\":\"AREA LORCA RADIO\",\"description\":\"Descubre la programaci\u00f3n actual en \u00c1rea Lorca Radio, tu fuente de entrenamiento y noticias locales. Sintoniza ahora y mantente conectado online.\",\"potentialAction\":[{\"@type\":\"SearchAction\",\"target\":{\"@type\":\"EntryPoint\",\"urlTemplate\":\"https:\\\/\\\/arealorcaradio.es\\\/?s={search_term_string}\"},\"query-input\":{\"@type\":\"PropertyValueSpecification\",\"valueRequired\":true,\"valueName\":\"search_term_string\"}}],\"inLanguage\":\"es\"},{\"@type\":\"Person\",\"@id\":\"https:\\\/\\\/arealorcaradio.es\\\/#\\\/schema\\\/person\\\/9fae605fc25b0f2c83c1ab207139bd27\",\"name\":\"Paco S\u00e1nchez\",\"image\":{\"@type\":\"ImageObject\",\"inLanguage\":\"es\",\"@id\":\"https:\\\/\\\/secure.gravatar.com\\\/avatar\\\/d67144e966420fb74aa84c9f2a0103be4724fd14db52b52d3b6bca749f257e79?s=96&d=mm&r=g\",\"url\":\"https:\\\/\\\/secure.gravatar.com\\\/avatar\\\/d67144e966420fb74aa84c9f2a0103be4724fd14db52b52d3b6bca749f257e79?s=96&d=mm&r=g\",\"contentUrl\":\"https:\\\/\\\/secure.gravatar.com\\\/avatar\\\/d67144e966420fb74aa84c9f2a0103be4724fd14db52b52d3b6bca749f257e79?s=96&d=mm&r=g\",\"caption\":\"Paco S\u00e1nchez\"},\"sameAs\":[\"https:\\\/\\\/arealorcaradio.es\"],\"url\":\"https:\\\/\\\/arealorcaradio.es\\\/index.php\\\/author\\\/admin_alorcaradio\\\/\"}]}<\/script>\n<!-- \/ Yoast SEO plugin. -->","yoast_head_json":{"title":"Lorca da un paso clave hacia la sostenibilidad h\u00eddrica mediante la reutilizaci\u00f3n de las aguas del curtido para uso agr\u00edcola tras un doble tratamiento - AREA LORCA RADIO","robots":{"index":"index","follow":"follow","max-snippet":"max-snippet:-1","max-image-preview":"max-image-preview:large","max-video-preview":"max-video-preview:-1"},"canonical":"https:\/\/arealorcaradio.es\/index.php\/2025\/04\/30\/lorca-da-un-paso-clave-hacia-la-sostenibilidad-hidrica-mediante-la-reutilizacion-de-las-aguas-del-curtido-para-uso-agricola-tras-un-doble-tratamiento\/","og_locale":"es_ES","og_type":"article","og_title":"Lorca da un paso clave hacia la sostenibilidad h\u00eddrica mediante la reutilizaci\u00f3n de las aguas del curtido para uso agr\u00edcola tras un doble tratamiento - AREA LORCA RADIO","og_description":"\u00c1REA LORCA RADIO. Actualidad. Lorca, 30 de abril de 2025.\u00a0\u00abHan sido muchos los esfuerzos para llegar hasta hoy.\u00a0Esta nueva configuraci\u00f3n del tratamiento de aguas residuales beneficia de forma directa a los regantes lorquinos, que dispondr\u00e1n de recursos h\u00eddricos adicionales, regenerados y de calidad para el uso agr\u00edcola, y al municipio, posicion\u00e1ndolo como referente en la [&hellip;]","og_url":"https:\/\/arealorcaradio.es\/index.php\/2025\/04\/30\/lorca-da-un-paso-clave-hacia-la-sostenibilidad-hidrica-mediante-la-reutilizacion-de-las-aguas-del-curtido-para-uso-agricola-tras-un-doble-tratamiento\/","og_site_name":"AREA LORCA RADIO","article_published_time":"2025-04-30T11:15:29+00:00","og_image":[{"width":2560,"height":1920,"url":"https:\/\/arealorcaradio.es\/wp-content\/uploads\/2025\/04\/FOTO3-5-scaled.jpeg","type":"image\/jpeg"}],"author":"Paco S\u00e1nchez","twitter_card":"summary_large_image","twitter_misc":{"Escrito por":"Paco S\u00e1nchez","Tiempo de lectura":"4 minutos"},"schema":{"@context":"https:\/\/schema.org","@graph":[{"@type":"Article","@id":"https:\/\/arealorcaradio.es\/index.php\/2025\/04\/30\/lorca-da-un-paso-clave-hacia-la-sostenibilidad-hidrica-mediante-la-reutilizacion-de-las-aguas-del-curtido-para-uso-agricola-tras-un-doble-tratamiento\/#article","isPartOf":{"@id":"https:\/\/arealorcaradio.es\/index.php\/2025\/04\/30\/lorca-da-un-paso-clave-hacia-la-sostenibilidad-hidrica-mediante-la-reutilizacion-de-las-aguas-del-curtido-para-uso-agricola-tras-un-doble-tratamiento\/"},"author":{"name":"Paco S\u00e1nchez","@id":"https:\/\/arealorcaradio.es\/#\/schema\/person\/9fae605fc25b0f2c83c1ab207139bd27"},"headline":"Lorca da un paso clave hacia la sostenibilidad h\u00eddrica mediante la reutilizaci\u00f3n de las aguas del curtido para uso agr\u00edcola tras un doble tratamiento","datePublished":"2025-04-30T11:15:29+00:00","mainEntityOfPage":{"@id":"https:\/\/arealorcaradio.es\/index.php\/2025\/04\/30\/lorca-da-un-paso-clave-hacia-la-sostenibilidad-hidrica-mediante-la-reutilizacion-de-las-aguas-del-curtido-para-uso-agricola-tras-un-doble-tratamiento\/"},"wordCount":648,"commentCount":0,"image":{"@id":"https:\/\/arealorcaradio.es\/index.php\/2025\/04\/30\/lorca-da-un-paso-clave-hacia-la-sostenibilidad-hidrica-mediante-la-reutilizacion-de-las-aguas-del-curtido-para-uso-agricola-tras-un-doble-tratamiento\/#primaryimage"},"thumbnailUrl":"https:\/\/arealorcaradio.es\/wp-content\/uploads\/2025\/04\/FOTO3-5-scaled.jpeg","articleSection":["ACTUALIDAD","LORCA"],"inLanguage":"es","potentialAction":[{"@type":"CommentAction","name":"Comment","target":["https:\/\/arealorcaradio.es\/index.php\/2025\/04\/30\/lorca-da-un-paso-clave-hacia-la-sostenibilidad-hidrica-mediante-la-reutilizacion-de-las-aguas-del-curtido-para-uso-agricola-tras-un-doble-tratamiento\/#respond"]}]},{"@type":"WebPage","@id":"https:\/\/arealorcaradio.es\/index.php\/2025\/04\/30\/lorca-da-un-paso-clave-hacia-la-sostenibilidad-hidrica-mediante-la-reutilizacion-de-las-aguas-del-curtido-para-uso-agricola-tras-un-doble-tratamiento\/","url":"https:\/\/arealorcaradio.es\/index.php\/2025\/04\/30\/lorca-da-un-paso-clave-hacia-la-sostenibilidad-hidrica-mediante-la-reutilizacion-de-las-aguas-del-curtido-para-uso-agricola-tras-un-doble-tratamiento\/","name":"Lorca da un paso clave hacia la sostenibilidad h\u00eddrica mediante la reutilizaci\u00f3n de las aguas del curtido para uso agr\u00edcola tras un doble tratamiento - AREA LORCA RADIO","isPartOf":{"@id":"https:\/\/arealorcaradio.es\/#website"},"primaryImageOfPage":{"@id":"https:\/\/arealorcaradio.es\/index.php\/2025\/04\/30\/lorca-da-un-paso-clave-hacia-la-sostenibilidad-hidrica-mediante-la-reutilizacion-de-las-aguas-del-curtido-para-uso-agricola-tras-un-doble-tratamiento\/#primaryimage"},"image":{"@id":"https:\/\/arealorcaradio.es\/index.php\/2025\/04\/30\/lorca-da-un-paso-clave-hacia-la-sostenibilidad-hidrica-mediante-la-reutilizacion-de-las-aguas-del-curtido-para-uso-agricola-tras-un-doble-tratamiento\/#primaryimage"},"thumbnailUrl":"https:\/\/arealorcaradio.es\/wp-content\/uploads\/2025\/04\/FOTO3-5-scaled.jpeg","datePublished":"2025-04-30T11:15:29+00:00","author":{"@id":"https:\/\/arealorcaradio.es\/#\/schema\/person\/9fae605fc25b0f2c83c1ab207139bd27"},"breadcrumb":{"@id":"https:\/\/arealorcaradio.es\/index.php\/2025\/04\/30\/lorca-da-un-paso-clave-hacia-la-sostenibilidad-hidrica-mediante-la-reutilizacion-de-las-aguas-del-curtido-para-uso-agricola-tras-un-doble-tratamiento\/#breadcrumb"},"inLanguage":"es","potentialAction":[{"@type":"ReadAction","target":["https:\/\/arealorcaradio.es\/index.php\/2025\/04\/30\/lorca-da-un-paso-clave-hacia-la-sostenibilidad-hidrica-mediante-la-reutilizacion-de-las-aguas-del-curtido-para-uso-agricola-tras-un-doble-tratamiento\/"]}]},{"@type":"ImageObject","inLanguage":"es","@id":"https:\/\/arealorcaradio.es\/index.php\/2025\/04\/30\/lorca-da-un-paso-clave-hacia-la-sostenibilidad-hidrica-mediante-la-reutilizacion-de-las-aguas-del-curtido-para-uso-agricola-tras-un-doble-tratamiento\/#primaryimage","url":"https:\/\/arealorcaradio.es\/wp-content\/uploads\/2025\/04\/FOTO3-5-scaled.jpeg","contentUrl":"https:\/\/arealorcaradio.es\/wp-content\/uploads\/2025\/04\/FOTO3-5-scaled.jpeg","width":2560,"height":1920},{"@type":"BreadcrumbList","@id":"https:\/\/arealorcaradio.es\/index.php\/2025\/04\/30\/lorca-da-un-paso-clave-hacia-la-sostenibilidad-hidrica-mediante-la-reutilizacion-de-las-aguas-del-curtido-para-uso-agricola-tras-un-doble-tratamiento\/#breadcrumb","itemListElement":[{"@type":"ListItem","position":1,"name":"Portada","item":"https:\/\/arealorcaradio.es\/"},{"@type":"ListItem","position":2,"name":"Lorca da un paso clave hacia la sostenibilidad h\u00eddrica mediante la reutilizaci\u00f3n de las aguas del curtido para uso agr\u00edcola tras un doble tratamiento"}]},{"@type":"WebSite","@id":"https:\/\/arealorcaradio.es\/#website","url":"https:\/\/arealorcaradio.es\/","name":"AREA LORCA RADIO","description":"Descubre la programaci\u00f3n actual en \u00c1rea Lorca Radio, tu fuente de entrenamiento y noticias locales. Sintoniza ahora y mantente conectado online.","potentialAction":[{"@type":"SearchAction","target":{"@type":"EntryPoint","urlTemplate":"https:\/\/arealorcaradio.es\/?s={search_term_string}"},"query-input":{"@type":"PropertyValueSpecification","valueRequired":true,"valueName":"search_term_string"}}],"inLanguage":"es"},{"@type":"Person","@id":"https:\/\/arealorcaradio.es\/#\/schema\/person\/9fae605fc25b0f2c83c1ab207139bd27","name":"Paco S\u00e1nchez","image":{"@type":"ImageObject","inLanguage":"es","@id":"https:\/\/secure.gravatar.com\/avatar\/d67144e966420fb74aa84c9f2a0103be4724fd14db52b52d3b6bca749f257e79?s=96&d=mm&r=g","url":"https:\/\/secure.gravatar.com\/avatar\/d67144e966420fb74aa84c9f2a0103be4724fd14db52b52d3b6bca749f257e79?s=96&d=mm&r=g","contentUrl":"https:\/\/secure.gravatar.com\/avatar\/d67144e966420fb74aa84c9f2a0103be4724fd14db52b52d3b6bca749f257e79?s=96&d=mm&r=g","caption":"Paco S\u00e1nchez"},"sameAs":["https:\/\/arealorcaradio.es"],"url":"https:\/\/arealorcaradio.es\/index.php\/author\/admin_alorcaradio\/"}]}},"_links":{"self":[{"href":"https:\/\/arealorcaradio.es\/index.php\/wp-json\/wp\/v2\/posts\/6346","targetHints":{"allow":["GET"]}}],"collection":[{"href":"https:\/\/arealorcaradio.es\/index.php\/wp-json\/wp\/v2\/posts"}],"about":[{"href":"https:\/\/arealorcaradio.es\/index.php\/wp-json\/wp\/v2\/types\/post"}],"author":[{"embeddable":true,"href":"https:\/\/arealorcaradio.es\/index.php\/wp-json\/wp\/v2\/users\/1"}],"replies":[{"embeddable":true,"href":"https:\/\/arealorcaradio.es\/index.php\/wp-json\/wp\/v2\/comments?post=6346"}],"version-history":[{"count":2,"href":"https:\/\/arealorcaradio.es\/index.php\/wp-json\/wp\/v2\/posts\/6346\/revisions"}],"predecessor-version":[{"id":6350,"href":"https:\/\/arealorcaradio.es\/index.php\/wp-json\/wp\/v2\/posts\/6346\/revisions\/6350"}],"wp:featuredmedia":[{"embeddable":true,"href":"https:\/\/arealorcaradio.es\/index.php\/wp-json\/wp\/v2\/media\/6347"}],"wp:attachment":[{"href":"https:\/\/arealorcaradio.es\/index.php\/wp-json\/wp\/v2\/media?parent=6346"}],"wp:term":[{"taxonomy":"category","embeddable":true,"href":"https:\/\/arealorcaradio.es\/index.php\/wp-json\/wp\/v2\/categories?post=6346"},{"taxonomy":"post_tag","embeddable":true,"href":"https:\/\/arealorcaradio.es\/index.php\/wp-json\/wp\/v2\/tags?post=6346"}],"curies":[{"name":"wp","href":"https:\/\/api.w.org\/{rel}","templated":true}]}}