{"id":6340,"date":"2025-04-24T17:45:14","date_gmt":"2025-04-24T17:45:14","guid":{"rendered":"https:\/\/arealorcaradio.es\/?p=6340"},"modified":"2025-04-24T17:47:29","modified_gmt":"2025-04-24T17:47:29","slug":"manuel-munoz-clares-a-lo-largo-de-la-historia-de-lorca-muy-pocas-mujeres-han-dado-su-nombre-al-callejero-de-la-ciudad","status":"publish","type":"post","link":"https:\/\/arealorcaradio.es\/index.php\/2025\/04\/24\/manuel-munoz-clares-a-lo-largo-de-la-historia-de-lorca-muy-pocas-mujeres-han-dado-su-nombre-al-callejero-de-la-ciudad\/","title":{"rendered":"Manuel Mu\u00f1oz Clares: \u00abA lo largo de la historia de Lorca muy pocas mujeres han dado su nombre al callejero de la ciudad\u00bb"},"content":{"rendered":"<p><strong>\u00c1REA LORCA RADIO. Historia.<\/strong><\/p>\n<p>Escucha la secci\u00f3n del archivero del Ayuntamiento de Lorca Manuel Mu\u00f1oz Clares en el magazine de \u00c1rea Lorca Radio donde da buena cuenta de algunos detalles que tienen que ver con Lorca, las mujeres que dejaron una huella casi imperceptible en siglos pasados, a excepci\u00f3n de algunos nombres de santas.<\/p>\n<audio class=\"wp-audio-shortcode\" id=\"audio-6340-1\" preload=\"none\" style=\"width: 100%;\" controls=\"controls\"><source type=\"audio\/mpeg\" src=\"https:\/\/arealorcaradio.es\/wp-content\/uploads\/2025\/04\/240425-MANUEL-MUNOZ-CLARES.-MUJERES-DEL-CALLEJERO.mp3?_=1\" \/><a href=\"https:\/\/arealorcaradio.es\/wp-content\/uploads\/2025\/04\/240425-MANUEL-MUNOZ-CLARES.-MUJERES-DEL-CALLEJERO.mp3\">https:\/\/arealorcaradio.es\/wp-content\/uploads\/2025\/04\/240425-MANUEL-MUNOZ-CLARES.-MUJERES-DEL-CALLEJERO.mp3<\/a><\/audio>\n<p>&nbsp;<\/p>\n<p>&nbsp;<\/p>\n","protected":false},"excerpt":{"rendered":"<p>\u00c1REA LORCA RADIO. Historia. Escucha la secci\u00f3n del archivero del Ayuntamiento de Lorca Manuel Mu\u00f1oz Clares en el magazine de \u00c1rea Lorca Radio donde da buena cuenta de algunos detalles que tienen que ver con Lorca, las mujeres que dejaron una huella casi imperceptible en siglos pasados, a excepci\u00f3n de algunos nombres de santas. &nbsp; [&hellip;]<\/p>\n","protected":false},"author":1,"featured_media":6343,"comment_status":"open","ping_status":"open","sticky":false,"template":"","format":"standard","meta":{"iawp_total_views":36,"footnotes":""},"categories":[5,7],"tags":[],"class_list":["post-6340","post","type-post","status-publish","format-standard","has-post-thumbnail","hentry","category-actualidad","category-lorca"],"yoast_head":"<!-- This site is optimized with the Yoast SEO plugin v27.5 - https:\/\/yoast.com\/product\/yoast-seo-wordpress\/ -->\n<title>Manuel Mu\u00f1oz Clares: &quot;A lo largo de la historia de Lorca muy pocas mujeres han dado su nombre al callejero de la ciudad&quot; - AREA LORCA RADIO<\/title>\n<meta name=\"robots\" content=\"index, follow, max-snippet:-1, max-image-preview:large, max-video-preview:-1\" \/>\n<link rel=\"canonical\" href=\"https:\/\/arealorcaradio.es\/index.php\/2025\/04\/24\/manuel-munoz-clares-a-lo-largo-de-la-historia-de-lorca-muy-pocas-mujeres-han-dado-su-nombre-al-callejero-de-la-ciudad\/\" \/>\n<meta property=\"og:locale\" content=\"es_ES\" \/>\n<meta property=\"og:type\" content=\"article\" \/>\n<meta property=\"og:title\" content=\"Manuel Mu\u00f1oz Clares: &quot;A lo largo de la historia de Lorca muy pocas mujeres han dado su nombre al callejero de la ciudad&quot; - AREA LORCA RADIO\" \/>\n<meta property=\"og:description\" content=\"\u00c1REA LORCA RADIO. Historia. Escucha la secci\u00f3n del archivero del Ayuntamiento de Lorca Manuel Mu\u00f1oz Clares en el magazine de \u00c1rea Lorca Radio donde da buena cuenta de algunos detalles que tienen que ver con Lorca, las mujeres que dejaron una huella casi imperceptible en siglos pasados, a excepci\u00f3n de algunos nombres de santas. &nbsp; [&hellip;]\" \/>\n<meta property=\"og:url\" content=\"https:\/\/arealorcaradio.es\/index.php\/2025\/04\/24\/manuel-munoz-clares-a-lo-largo-de-la-historia-de-lorca-muy-pocas-mujeres-han-dado-su-nombre-al-callejero-de-la-ciudad\/\" \/>\n<meta property=\"og:site_name\" content=\"AREA LORCA RADIO\" \/>\n<meta property=\"article:published_time\" content=\"2025-04-24T17:45:14+00:00\" \/>\n<meta property=\"article:modified_time\" content=\"2025-04-24T17:47:29+00:00\" \/>\n<meta property=\"og:image\" content=\"https:\/\/arealorcaradio.es\/wp-content\/uploads\/2025\/04\/20250424_174240-1-scaled.jpg\" \/>\n\t<meta property=\"og:image:width\" content=\"2560\" \/>\n\t<meta property=\"og:image:height\" content=\"1920\" \/>\n\t<meta property=\"og:image:type\" content=\"image\/jpeg\" \/>\n<meta name=\"author\" content=\"Paco S\u00e1nchez\" \/>\n<meta name=\"twitter:card\" content=\"summary_large_image\" \/>\n<meta name=\"twitter:label1\" content=\"Escrito por\" \/>\n\t<meta name=\"twitter:data1\" content=\"Paco S\u00e1nchez\" \/>\n\t<meta name=\"twitter:label2\" content=\"Tiempo de lectura\" \/>\n\t<meta name=\"twitter:data2\" content=\"1 minuto\" \/>\n<script type=\"application\/ld+json\" class=\"yoast-schema-graph\">{\"@context\":\"https:\\\/\\\/schema.org\",\"@graph\":[{\"@type\":\"Article\",\"@id\":\"https:\\\/\\\/arealorcaradio.es\\\/index.php\\\/2025\\\/04\\\/24\\\/manuel-munoz-clares-a-lo-largo-de-la-historia-de-lorca-muy-pocas-mujeres-han-dado-su-nombre-al-callejero-de-la-ciudad\\\/#article\",\"isPartOf\":{\"@id\":\"https:\\\/\\\/arealorcaradio.es\\\/index.php\\\/2025\\\/04\\\/24\\\/manuel-munoz-clares-a-lo-largo-de-la-historia-de-lorca-muy-pocas-mujeres-han-dado-su-nombre-al-callejero-de-la-ciudad\\\/\"},\"author\":{\"name\":\"Paco S\u00e1nchez\",\"@id\":\"https:\\\/\\\/arealorcaradio.es\\\/#\\\/schema\\\/person\\\/9fae605fc25b0f2c83c1ab207139bd27\"},\"headline\":\"Manuel Mu\u00f1oz Clares: \u00abA lo largo de la historia de Lorca muy pocas mujeres han dado su nombre al callejero de la ciudad\u00bb\",\"datePublished\":\"2025-04-24T17:45:14+00:00\",\"dateModified\":\"2025-04-24T17:47:29+00:00\",\"mainEntityOfPage\":{\"@id\":\"https:\\\/\\\/arealorcaradio.es\\\/index.php\\\/2025\\\/04\\\/24\\\/manuel-munoz-clares-a-lo-largo-de-la-historia-de-lorca-muy-pocas-mujeres-han-dado-su-nombre-al-callejero-de-la-ciudad\\\/\"},\"wordCount\":94,\"commentCount\":0,\"image\":{\"@id\":\"https:\\\/\\\/arealorcaradio.es\\\/index.php\\\/2025\\\/04\\\/24\\\/manuel-munoz-clares-a-lo-largo-de-la-historia-de-lorca-muy-pocas-mujeres-han-dado-su-nombre-al-callejero-de-la-ciudad\\\/#primaryimage\"},\"thumbnailUrl\":\"https:\\\/\\\/arealorcaradio.es\\\/wp-content\\\/uploads\\\/2025\\\/04\\\/20250424_174240-1-scaled.jpg\",\"articleSection\":[\"ACTUALIDAD\",\"LORCA\"],\"inLanguage\":\"es\",\"potentialAction\":[{\"@type\":\"CommentAction\",\"name\":\"Comment\",\"target\":[\"https:\\\/\\\/arealorcaradio.es\\\/index.php\\\/2025\\\/04\\\/24\\\/manuel-munoz-clares-a-lo-largo-de-la-historia-de-lorca-muy-pocas-mujeres-han-dado-su-nombre-al-callejero-de-la-ciudad\\\/#respond\"]}]},{\"@type\":\"WebPage\",\"@id\":\"https:\\\/\\\/arealorcaradio.es\\\/index.php\\\/2025\\\/04\\\/24\\\/manuel-munoz-clares-a-lo-largo-de-la-historia-de-lorca-muy-pocas-mujeres-han-dado-su-nombre-al-callejero-de-la-ciudad\\\/\",\"url\":\"https:\\\/\\\/arealorcaradio.es\\\/index.php\\\/2025\\\/04\\\/24\\\/manuel-munoz-clares-a-lo-largo-de-la-historia-de-lorca-muy-pocas-mujeres-han-dado-su-nombre-al-callejero-de-la-ciudad\\\/\",\"name\":\"Manuel Mu\u00f1oz Clares: \\\"A lo largo de la historia de Lorca muy pocas mujeres han dado su nombre al callejero de la ciudad\\\" - AREA LORCA RADIO\",\"isPartOf\":{\"@id\":\"https:\\\/\\\/arealorcaradio.es\\\/#website\"},\"primaryImageOfPage\":{\"@id\":\"https:\\\/\\\/arealorcaradio.es\\\/index.php\\\/2025\\\/04\\\/24\\\/manuel-munoz-clares-a-lo-largo-de-la-historia-de-lorca-muy-pocas-mujeres-han-dado-su-nombre-al-callejero-de-la-ciudad\\\/#primaryimage\"},\"image\":{\"@id\":\"https:\\\/\\\/arealorcaradio.es\\\/index.php\\\/2025\\\/04\\\/24\\\/manuel-munoz-clares-a-lo-largo-de-la-historia-de-lorca-muy-pocas-mujeres-han-dado-su-nombre-al-callejero-de-la-ciudad\\\/#primaryimage\"},\"thumbnailUrl\":\"https:\\\/\\\/arealorcaradio.es\\\/wp-content\\\/uploads\\\/2025\\\/04\\\/20250424_174240-1-scaled.jpg\",\"datePublished\":\"2025-04-24T17:45:14+00:00\",\"dateModified\":\"2025-04-24T17:47:29+00:00\",\"author\":{\"@id\":\"https:\\\/\\\/arealorcaradio.es\\\/#\\\/schema\\\/person\\\/9fae605fc25b0f2c83c1ab207139bd27\"},\"breadcrumb\":{\"@id\":\"https:\\\/\\\/arealorcaradio.es\\\/index.php\\\/2025\\\/04\\\/24\\\/manuel-munoz-clares-a-lo-largo-de-la-historia-de-lorca-muy-pocas-mujeres-han-dado-su-nombre-al-callejero-de-la-ciudad\\\/#breadcrumb\"},\"inLanguage\":\"es\",\"potentialAction\":[{\"@type\":\"ReadAction\",\"target\":[\"https:\\\/\\\/arealorcaradio.es\\\/index.php\\\/2025\\\/04\\\/24\\\/manuel-munoz-clares-a-lo-largo-de-la-historia-de-lorca-muy-pocas-mujeres-han-dado-su-nombre-al-callejero-de-la-ciudad\\\/\"]}]},{\"@type\":\"ImageObject\",\"inLanguage\":\"es\",\"@id\":\"https:\\\/\\\/arealorcaradio.es\\\/index.php\\\/2025\\\/04\\\/24\\\/manuel-munoz-clares-a-lo-largo-de-la-historia-de-lorca-muy-pocas-mujeres-han-dado-su-nombre-al-callejero-de-la-ciudad\\\/#primaryimage\",\"url\":\"https:\\\/\\\/arealorcaradio.es\\\/wp-content\\\/uploads\\\/2025\\\/04\\\/20250424_174240-1-scaled.jpg\",\"contentUrl\":\"https:\\\/\\\/arealorcaradio.es\\\/wp-content\\\/uploads\\\/2025\\\/04\\\/20250424_174240-1-scaled.jpg\",\"width\":2560,\"height\":1920},{\"@type\":\"BreadcrumbList\",\"@id\":\"https:\\\/\\\/arealorcaradio.es\\\/index.php\\\/2025\\\/04\\\/24\\\/manuel-munoz-clares-a-lo-largo-de-la-historia-de-lorca-muy-pocas-mujeres-han-dado-su-nombre-al-callejero-de-la-ciudad\\\/#breadcrumb\",\"itemListElement\":[{\"@type\":\"ListItem\",\"position\":1,\"name\":\"Portada\",\"item\":\"https:\\\/\\\/arealorcaradio.es\\\/\"},{\"@type\":\"ListItem\",\"position\":2,\"name\":\"Manuel Mu\u00f1oz Clares: \u00abA lo largo de la historia de Lorca muy pocas mujeres han dado su nombre al callejero de la ciudad\u00bb\"}]},{\"@type\":\"WebSite\",\"@id\":\"https:\\\/\\\/arealorcaradio.es\\\/#website\",\"url\":\"https:\\\/\\\/arealorcaradio.es\\\/\",\"name\":\"AREA LORCA RADIO\",\"description\":\"Descubre la programaci\u00f3n actual en \u00c1rea Lorca Radio, tu fuente de entrenamiento y noticias locales. Sintoniza ahora y mantente conectado online.\",\"potentialAction\":[{\"@type\":\"SearchAction\",\"target\":{\"@type\":\"EntryPoint\",\"urlTemplate\":\"https:\\\/\\\/arealorcaradio.es\\\/?s={search_term_string}\"},\"query-input\":{\"@type\":\"PropertyValueSpecification\",\"valueRequired\":true,\"valueName\":\"search_term_string\"}}],\"inLanguage\":\"es\"},{\"@type\":\"Person\",\"@id\":\"https:\\\/\\\/arealorcaradio.es\\\/#\\\/schema\\\/person\\\/9fae605fc25b0f2c83c1ab207139bd27\",\"name\":\"Paco S\u00e1nchez\",\"image\":{\"@type\":\"ImageObject\",\"inLanguage\":\"es\",\"@id\":\"https:\\\/\\\/secure.gravatar.com\\\/avatar\\\/d67144e966420fb74aa84c9f2a0103be4724fd14db52b52d3b6bca749f257e79?s=96&d=mm&r=g\",\"url\":\"https:\\\/\\\/secure.gravatar.com\\\/avatar\\\/d67144e966420fb74aa84c9f2a0103be4724fd14db52b52d3b6bca749f257e79?s=96&d=mm&r=g\",\"contentUrl\":\"https:\\\/\\\/secure.gravatar.com\\\/avatar\\\/d67144e966420fb74aa84c9f2a0103be4724fd14db52b52d3b6bca749f257e79?s=96&d=mm&r=g\",\"caption\":\"Paco S\u00e1nchez\"},\"sameAs\":[\"https:\\\/\\\/arealorcaradio.es\"],\"url\":\"https:\\\/\\\/arealorcaradio.es\\\/index.php\\\/author\\\/admin_alorcaradio\\\/\"}]}<\/script>\n<!-- \/ Yoast SEO plugin. -->","yoast_head_json":{"title":"Manuel Mu\u00f1oz Clares: \"A lo largo de la historia de Lorca muy pocas mujeres han dado su nombre al callejero de la ciudad\" - AREA LORCA RADIO","robots":{"index":"index","follow":"follow","max-snippet":"max-snippet:-1","max-image-preview":"max-image-preview:large","max-video-preview":"max-video-preview:-1"},"canonical":"https:\/\/arealorcaradio.es\/index.php\/2025\/04\/24\/manuel-munoz-clares-a-lo-largo-de-la-historia-de-lorca-muy-pocas-mujeres-han-dado-su-nombre-al-callejero-de-la-ciudad\/","og_locale":"es_ES","og_type":"article","og_title":"Manuel Mu\u00f1oz Clares: \"A lo largo de la historia de Lorca muy pocas mujeres han dado su nombre al callejero de la ciudad\" - AREA LORCA RADIO","og_description":"\u00c1REA LORCA RADIO. Historia. Escucha la secci\u00f3n del archivero del Ayuntamiento de Lorca Manuel Mu\u00f1oz Clares en el magazine de \u00c1rea Lorca Radio donde da buena cuenta de algunos detalles que tienen que ver con Lorca, las mujeres que dejaron una huella casi imperceptible en siglos pasados, a excepci\u00f3n de algunos nombres de santas. &nbsp; [&hellip;]","og_url":"https:\/\/arealorcaradio.es\/index.php\/2025\/04\/24\/manuel-munoz-clares-a-lo-largo-de-la-historia-de-lorca-muy-pocas-mujeres-han-dado-su-nombre-al-callejero-de-la-ciudad\/","og_site_name":"AREA LORCA RADIO","article_published_time":"2025-04-24T17:45:14+00:00","article_modified_time":"2025-04-24T17:47:29+00:00","og_image":[{"width":2560,"height":1920,"url":"https:\/\/arealorcaradio.es\/wp-content\/uploads\/2025\/04\/20250424_174240-1-scaled.jpg","type":"image\/jpeg"}],"author":"Paco S\u00e1nchez","twitter_card":"summary_large_image","twitter_misc":{"Escrito por":"Paco S\u00e1nchez","Tiempo de lectura":"1 minuto"},"schema":{"@context":"https:\/\/schema.org","@graph":[{"@type":"Article","@id":"https:\/\/arealorcaradio.es\/index.php\/2025\/04\/24\/manuel-munoz-clares-a-lo-largo-de-la-historia-de-lorca-muy-pocas-mujeres-han-dado-su-nombre-al-callejero-de-la-ciudad\/#article","isPartOf":{"@id":"https:\/\/arealorcaradio.es\/index.php\/2025\/04\/24\/manuel-munoz-clares-a-lo-largo-de-la-historia-de-lorca-muy-pocas-mujeres-han-dado-su-nombre-al-callejero-de-la-ciudad\/"},"author":{"name":"Paco S\u00e1nchez","@id":"https:\/\/arealorcaradio.es\/#\/schema\/person\/9fae605fc25b0f2c83c1ab207139bd27"},"headline":"Manuel Mu\u00f1oz Clares: \u00abA lo largo de la historia de Lorca muy pocas mujeres han dado su nombre al callejero de la ciudad\u00bb","datePublished":"2025-04-24T17:45:14+00:00","dateModified":"2025-04-24T17:47:29+00:00","mainEntityOfPage":{"@id":"https:\/\/arealorcaradio.es\/index.php\/2025\/04\/24\/manuel-munoz-clares-a-lo-largo-de-la-historia-de-lorca-muy-pocas-mujeres-han-dado-su-nombre-al-callejero-de-la-ciudad\/"},"wordCount":94,"commentCount":0,"image":{"@id":"https:\/\/arealorcaradio.es\/index.php\/2025\/04\/24\/manuel-munoz-clares-a-lo-largo-de-la-historia-de-lorca-muy-pocas-mujeres-han-dado-su-nombre-al-callejero-de-la-ciudad\/#primaryimage"},"thumbnailUrl":"https:\/\/arealorcaradio.es\/wp-content\/uploads\/2025\/04\/20250424_174240-1-scaled.jpg","articleSection":["ACTUALIDAD","LORCA"],"inLanguage":"es","potentialAction":[{"@type":"CommentAction","name":"Comment","target":["https:\/\/arealorcaradio.es\/index.php\/2025\/04\/24\/manuel-munoz-clares-a-lo-largo-de-la-historia-de-lorca-muy-pocas-mujeres-han-dado-su-nombre-al-callejero-de-la-ciudad\/#respond"]}]},{"@type":"WebPage","@id":"https:\/\/arealorcaradio.es\/index.php\/2025\/04\/24\/manuel-munoz-clares-a-lo-largo-de-la-historia-de-lorca-muy-pocas-mujeres-han-dado-su-nombre-al-callejero-de-la-ciudad\/","url":"https:\/\/arealorcaradio.es\/index.php\/2025\/04\/24\/manuel-munoz-clares-a-lo-largo-de-la-historia-de-lorca-muy-pocas-mujeres-han-dado-su-nombre-al-callejero-de-la-ciudad\/","name":"Manuel Mu\u00f1oz Clares: \"A lo largo de la historia de Lorca muy pocas mujeres han dado su nombre al callejero de la ciudad\" - AREA LORCA RADIO","isPartOf":{"@id":"https:\/\/arealorcaradio.es\/#website"},"primaryImageOfPage":{"@id":"https:\/\/arealorcaradio.es\/index.php\/2025\/04\/24\/manuel-munoz-clares-a-lo-largo-de-la-historia-de-lorca-muy-pocas-mujeres-han-dado-su-nombre-al-callejero-de-la-ciudad\/#primaryimage"},"image":{"@id":"https:\/\/arealorcaradio.es\/index.php\/2025\/04\/24\/manuel-munoz-clares-a-lo-largo-de-la-historia-de-lorca-muy-pocas-mujeres-han-dado-su-nombre-al-callejero-de-la-ciudad\/#primaryimage"},"thumbnailUrl":"https:\/\/arealorcaradio.es\/wp-content\/uploads\/2025\/04\/20250424_174240-1-scaled.jpg","datePublished":"2025-04-24T17:45:14+00:00","dateModified":"2025-04-24T17:47:29+00:00","author":{"@id":"https:\/\/arealorcaradio.es\/#\/schema\/person\/9fae605fc25b0f2c83c1ab207139bd27"},"breadcrumb":{"@id":"https:\/\/arealorcaradio.es\/index.php\/2025\/04\/24\/manuel-munoz-clares-a-lo-largo-de-la-historia-de-lorca-muy-pocas-mujeres-han-dado-su-nombre-al-callejero-de-la-ciudad\/#breadcrumb"},"inLanguage":"es","potentialAction":[{"@type":"ReadAction","target":["https:\/\/arealorcaradio.es\/index.php\/2025\/04\/24\/manuel-munoz-clares-a-lo-largo-de-la-historia-de-lorca-muy-pocas-mujeres-han-dado-su-nombre-al-callejero-de-la-ciudad\/"]}]},{"@type":"ImageObject","inLanguage":"es","@id":"https:\/\/arealorcaradio.es\/index.php\/2025\/04\/24\/manuel-munoz-clares-a-lo-largo-de-la-historia-de-lorca-muy-pocas-mujeres-han-dado-su-nombre-al-callejero-de-la-ciudad\/#primaryimage","url":"https:\/\/arealorcaradio.es\/wp-content\/uploads\/2025\/04\/20250424_174240-1-scaled.jpg","contentUrl":"https:\/\/arealorcaradio.es\/wp-content\/uploads\/2025\/04\/20250424_174240-1-scaled.jpg","width":2560,"height":1920},{"@type":"BreadcrumbList","@id":"https:\/\/arealorcaradio.es\/index.php\/2025\/04\/24\/manuel-munoz-clares-a-lo-largo-de-la-historia-de-lorca-muy-pocas-mujeres-han-dado-su-nombre-al-callejero-de-la-ciudad\/#breadcrumb","itemListElement":[{"@type":"ListItem","position":1,"name":"Portada","item":"https:\/\/arealorcaradio.es\/"},{"@type":"ListItem","position":2,"name":"Manuel Mu\u00f1oz Clares: \u00abA lo largo de la historia de Lorca muy pocas mujeres han dado su nombre al callejero de la ciudad\u00bb"}]},{"@type":"WebSite","@id":"https:\/\/arealorcaradio.es\/#website","url":"https:\/\/arealorcaradio.es\/","name":"AREA LORCA RADIO","description":"Descubre la programaci\u00f3n actual en \u00c1rea Lorca Radio, tu fuente de entrenamiento y noticias locales. Sintoniza ahora y mantente conectado online.","potentialAction":[{"@type":"SearchAction","target":{"@type":"EntryPoint","urlTemplate":"https:\/\/arealorcaradio.es\/?s={search_term_string}"},"query-input":{"@type":"PropertyValueSpecification","valueRequired":true,"valueName":"search_term_string"}}],"inLanguage":"es"},{"@type":"Person","@id":"https:\/\/arealorcaradio.es\/#\/schema\/person\/9fae605fc25b0f2c83c1ab207139bd27","name":"Paco S\u00e1nchez","image":{"@type":"ImageObject","inLanguage":"es","@id":"https:\/\/secure.gravatar.com\/avatar\/d67144e966420fb74aa84c9f2a0103be4724fd14db52b52d3b6bca749f257e79?s=96&d=mm&r=g","url":"https:\/\/secure.gravatar.com\/avatar\/d67144e966420fb74aa84c9f2a0103be4724fd14db52b52d3b6bca749f257e79?s=96&d=mm&r=g","contentUrl":"https:\/\/secure.gravatar.com\/avatar\/d67144e966420fb74aa84c9f2a0103be4724fd14db52b52d3b6bca749f257e79?s=96&d=mm&r=g","caption":"Paco S\u00e1nchez"},"sameAs":["https:\/\/arealorcaradio.es"],"url":"https:\/\/arealorcaradio.es\/index.php\/author\/admin_alorcaradio\/"}]}},"_links":{"self":[{"href":"https:\/\/arealorcaradio.es\/index.php\/wp-json\/wp\/v2\/posts\/6340","targetHints":{"allow":["GET"]}}],"collection":[{"href":"https:\/\/arealorcaradio.es\/index.php\/wp-json\/wp\/v2\/posts"}],"about":[{"href":"https:\/\/arealorcaradio.es\/index.php\/wp-json\/wp\/v2\/types\/post"}],"author":[{"embeddable":true,"href":"https:\/\/arealorcaradio.es\/index.php\/wp-json\/wp\/v2\/users\/1"}],"replies":[{"embeddable":true,"href":"https:\/\/arealorcaradio.es\/index.php\/wp-json\/wp\/v2\/comments?post=6340"}],"version-history":[{"count":2,"href":"https:\/\/arealorcaradio.es\/index.php\/wp-json\/wp\/v2\/posts\/6340\/revisions"}],"predecessor-version":[{"id":6345,"href":"https:\/\/arealorcaradio.es\/index.php\/wp-json\/wp\/v2\/posts\/6340\/revisions\/6345"}],"wp:featuredmedia":[{"embeddable":true,"href":"https:\/\/arealorcaradio.es\/index.php\/wp-json\/wp\/v2\/media\/6343"}],"wp:attachment":[{"href":"https:\/\/arealorcaradio.es\/index.php\/wp-json\/wp\/v2\/media?parent=6340"}],"wp:term":[{"taxonomy":"category","embeddable":true,"href":"https:\/\/arealorcaradio.es\/index.php\/wp-json\/wp\/v2\/categories?post=6340"},{"taxonomy":"post_tag","embeddable":true,"href":"https:\/\/arealorcaradio.es\/index.php\/wp-json\/wp\/v2\/tags?post=6340"}],"curies":[{"name":"wp","href":"https:\/\/api.w.org\/{rel}","templated":true}]}}