{"id":6333,"date":"2025-04-24T17:30:44","date_gmt":"2025-04-24T17:30:44","guid":{"rendered":"https:\/\/arealorcaradio.es\/?p=6333"},"modified":"2025-04-24T17:30:44","modified_gmt":"2025-04-24T17:30:44","slug":"maria-jesus-caro-presenta-este-viernes-la-segunda-edicion-del-poemario-bailar-sobre-las-aguas","status":"publish","type":"post","link":"https:\/\/arealorcaradio.es\/index.php\/2025\/04\/24\/maria-jesus-caro-presenta-este-viernes-la-segunda-edicion-del-poemario-bailar-sobre-las-aguas\/","title":{"rendered":"Mar\u00eda Jes\u00fas Caro presenta este viernes la segunda edici\u00f3n del Poemario \u00abBailar sobre las aguas\u00bb"},"content":{"rendered":"<p><strong>\u00c1REA LORCA RADIO. Cultura.<\/strong><\/p>\n<p>La autora del Poemario que lleva por t\u00edtulo \u00abBailar sobre las aguas\u00bb, Mar\u00eda Jes\u00fas Caro ha pasado en la tarde de este jueves por el magazine de \u00c1rea Lorca Radio donde ha contado a Paco S\u00e1nchez como surgi\u00f3 esta segunda edici\u00f3n que da continuidad a una primera presentada en 2021. Escucha aqu\u00ed la entrevista.<\/p>\n<audio class=\"wp-audio-shortcode\" id=\"audio-6333-1\" preload=\"none\" style=\"width: 100%;\" controls=\"controls\"><source type=\"audio\/mpeg\" src=\"https:\/\/arealorcaradio.es\/wp-content\/uploads\/2025\/04\/240425-MARIA-JESUS-CARO.-POEMARIO.mp3?_=1\" \/><a href=\"https:\/\/arealorcaradio.es\/wp-content\/uploads\/2025\/04\/240425-MARIA-JESUS-CARO.-POEMARIO.mp3\">https:\/\/arealorcaradio.es\/wp-content\/uploads\/2025\/04\/240425-MARIA-JESUS-CARO.-POEMARIO.mp3<\/a><\/audio>\n<p><img loading=\"lazy\" decoding=\"async\" class=\"alignnone size-medium wp-image-6335\" src=\"https:\/\/arealorcaradio.es\/wp-content\/uploads\/2025\/04\/IMG-20250424-WA0001-212x300.jpg\" alt=\"\" width=\"212\" height=\"300\" srcset=\"https:\/\/arealorcaradio.es\/wp-content\/uploads\/2025\/04\/IMG-20250424-WA0001-212x300.jpg 212w, https:\/\/arealorcaradio.es\/wp-content\/uploads\/2025\/04\/IMG-20250424-WA0001-725x1024.jpg 725w, https:\/\/arealorcaradio.es\/wp-content\/uploads\/2025\/04\/IMG-20250424-WA0001-768x1085.jpg 768w, https:\/\/arealorcaradio.es\/wp-content\/uploads\/2025\/04\/IMG-20250424-WA0001.jpg 843w\" sizes=\"auto, (max-width: 212px) 100vw, 212px\" \/> <img loading=\"lazy\" decoding=\"async\" class=\"alignnone size-medium wp-image-6336\" src=\"https:\/\/arealorcaradio.es\/wp-content\/uploads\/2025\/04\/IMG-20250422-WA0011-300x229.jpg\" alt=\"\" width=\"300\" height=\"229\" srcset=\"https:\/\/arealorcaradio.es\/wp-content\/uploads\/2025\/04\/IMG-20250422-WA0011-300x229.jpg 300w, https:\/\/arealorcaradio.es\/wp-content\/uploads\/2025\/04\/IMG-20250422-WA0011-1024x781.jpg 1024w, https:\/\/arealorcaradio.es\/wp-content\/uploads\/2025\/04\/IMG-20250422-WA0011-768x586.jpg 768w, https:\/\/arealorcaradio.es\/wp-content\/uploads\/2025\/04\/IMG-20250422-WA0011-1536x1172.jpg 1536w, https:\/\/arealorcaradio.es\/wp-content\/uploads\/2025\/04\/IMG-20250422-WA0011.jpg 2048w\" sizes=\"auto, (max-width: 300px) 100vw, 300px\" \/> <img loading=\"lazy\" decoding=\"async\" class=\"alignnone size-medium wp-image-6337\" src=\"https:\/\/arealorcaradio.es\/wp-content\/uploads\/2025\/04\/20250424_181543-300x225.jpg\" alt=\"\" width=\"300\" height=\"225\" srcset=\"https:\/\/arealorcaradio.es\/wp-content\/uploads\/2025\/04\/20250424_181543-300x225.jpg 300w, https:\/\/arealorcaradio.es\/wp-content\/uploads\/2025\/04\/20250424_181543-1024x768.jpg 1024w, https:\/\/arealorcaradio.es\/wp-content\/uploads\/2025\/04\/20250424_181543-768x576.jpg 768w, https:\/\/arealorcaradio.es\/wp-content\/uploads\/2025\/04\/20250424_181543-1536x1152.jpg 1536w, https:\/\/arealorcaradio.es\/wp-content\/uploads\/2025\/04\/20250424_181543-2048x1536.jpg 2048w, https:\/\/arealorcaradio.es\/wp-content\/uploads\/2025\/04\/20250424_181543-86x64.jpg 86w\" sizes=\"auto, (max-width: 300px) 100vw, 300px\" \/><\/p>\n","protected":false},"excerpt":{"rendered":"<p>\u00c1REA LORCA RADIO. Cultura. La autora del Poemario que lleva por t\u00edtulo \u00abBailar sobre las aguas\u00bb, Mar\u00eda Jes\u00fas Caro ha pasado en la tarde de este jueves por el magazine de \u00c1rea Lorca Radio donde ha contado a Paco S\u00e1nchez como surgi\u00f3 esta segunda edici\u00f3n que da continuidad a una primera presentada en 2021. Escucha [&hellip;]<\/p>\n","protected":false},"author":1,"featured_media":6339,"comment_status":"open","ping_status":"open","sticky":false,"template":"","format":"standard","meta":{"iawp_total_views":5,"footnotes":""},"categories":[5,7],"tags":[],"class_list":["post-6333","post","type-post","status-publish","format-standard","has-post-thumbnail","hentry","category-actualidad","category-lorca"],"yoast_head":"<!-- This site is optimized with the Yoast SEO plugin v27.5 - https:\/\/yoast.com\/product\/yoast-seo-wordpress\/ -->\n<title>Mar\u00eda Jes\u00fas Caro presenta este viernes la segunda edici\u00f3n del Poemario &quot;Bailar sobre las aguas&quot; - AREA LORCA RADIO<\/title>\n<meta name=\"robots\" content=\"index, follow, max-snippet:-1, max-image-preview:large, max-video-preview:-1\" \/>\n<link rel=\"canonical\" href=\"https:\/\/arealorcaradio.es\/index.php\/2025\/04\/24\/maria-jesus-caro-presenta-este-viernes-la-segunda-edicion-del-poemario-bailar-sobre-las-aguas\/\" \/>\n<meta property=\"og:locale\" content=\"es_ES\" \/>\n<meta property=\"og:type\" content=\"article\" \/>\n<meta property=\"og:title\" content=\"Mar\u00eda Jes\u00fas Caro presenta este viernes la segunda edici\u00f3n del Poemario &quot;Bailar sobre las aguas&quot; - AREA LORCA RADIO\" \/>\n<meta property=\"og:description\" content=\"\u00c1REA LORCA RADIO. Cultura. La autora del Poemario que lleva por t\u00edtulo \u00abBailar sobre las aguas\u00bb, Mar\u00eda Jes\u00fas Caro ha pasado en la tarde de este jueves por el magazine de \u00c1rea Lorca Radio donde ha contado a Paco S\u00e1nchez como surgi\u00f3 esta segunda edici\u00f3n que da continuidad a una primera presentada en 2021. Escucha [&hellip;]\" \/>\n<meta property=\"og:url\" content=\"https:\/\/arealorcaradio.es\/index.php\/2025\/04\/24\/maria-jesus-caro-presenta-este-viernes-la-segunda-edicion-del-poemario-bailar-sobre-las-aguas\/\" \/>\n<meta property=\"og:site_name\" content=\"AREA LORCA RADIO\" \/>\n<meta property=\"article:published_time\" content=\"2025-04-24T17:30:44+00:00\" \/>\n<meta property=\"og:image\" content=\"https:\/\/arealorcaradio.es\/wp-content\/uploads\/2025\/04\/20250424_182615-scaled.jpg\" \/>\n\t<meta property=\"og:image:width\" content=\"2560\" \/>\n\t<meta property=\"og:image:height\" content=\"1920\" \/>\n\t<meta property=\"og:image:type\" content=\"image\/jpeg\" \/>\n<meta name=\"author\" content=\"Paco S\u00e1nchez\" \/>\n<meta name=\"twitter:card\" content=\"summary_large_image\" \/>\n<meta name=\"twitter:label1\" content=\"Escrito por\" \/>\n\t<meta name=\"twitter:data1\" content=\"Paco S\u00e1nchez\" \/>\n\t<meta name=\"twitter:label2\" content=\"Tiempo de lectura\" \/>\n\t<meta name=\"twitter:data2\" content=\"2 minutos\" \/>\n<script type=\"application\/ld+json\" class=\"yoast-schema-graph\">{\"@context\":\"https:\\\/\\\/schema.org\",\"@graph\":[{\"@type\":\"Article\",\"@id\":\"https:\\\/\\\/arealorcaradio.es\\\/index.php\\\/2025\\\/04\\\/24\\\/maria-jesus-caro-presenta-este-viernes-la-segunda-edicion-del-poemario-bailar-sobre-las-aguas\\\/#article\",\"isPartOf\":{\"@id\":\"https:\\\/\\\/arealorcaradio.es\\\/index.php\\\/2025\\\/04\\\/24\\\/maria-jesus-caro-presenta-este-viernes-la-segunda-edicion-del-poemario-bailar-sobre-las-aguas\\\/\"},\"author\":{\"name\":\"Paco S\u00e1nchez\",\"@id\":\"https:\\\/\\\/arealorcaradio.es\\\/#\\\/schema\\\/person\\\/9fae605fc25b0f2c83c1ab207139bd27\"},\"headline\":\"Mar\u00eda Jes\u00fas Caro presenta este viernes la segunda edici\u00f3n del Poemario \u00abBailar sobre las aguas\u00bb\",\"datePublished\":\"2025-04-24T17:30:44+00:00\",\"mainEntityOfPage\":{\"@id\":\"https:\\\/\\\/arealorcaradio.es\\\/index.php\\\/2025\\\/04\\\/24\\\/maria-jesus-caro-presenta-este-viernes-la-segunda-edicion-del-poemario-bailar-sobre-las-aguas\\\/\"},\"wordCount\":91,\"commentCount\":0,\"image\":{\"@id\":\"https:\\\/\\\/arealorcaradio.es\\\/index.php\\\/2025\\\/04\\\/24\\\/maria-jesus-caro-presenta-este-viernes-la-segunda-edicion-del-poemario-bailar-sobre-las-aguas\\\/#primaryimage\"},\"thumbnailUrl\":\"https:\\\/\\\/arealorcaradio.es\\\/wp-content\\\/uploads\\\/2025\\\/04\\\/20250424_182615-scaled.jpg\",\"articleSection\":[\"ACTUALIDAD\",\"LORCA\"],\"inLanguage\":\"es\",\"potentialAction\":[{\"@type\":\"CommentAction\",\"name\":\"Comment\",\"target\":[\"https:\\\/\\\/arealorcaradio.es\\\/index.php\\\/2025\\\/04\\\/24\\\/maria-jesus-caro-presenta-este-viernes-la-segunda-edicion-del-poemario-bailar-sobre-las-aguas\\\/#respond\"]}]},{\"@type\":\"WebPage\",\"@id\":\"https:\\\/\\\/arealorcaradio.es\\\/index.php\\\/2025\\\/04\\\/24\\\/maria-jesus-caro-presenta-este-viernes-la-segunda-edicion-del-poemario-bailar-sobre-las-aguas\\\/\",\"url\":\"https:\\\/\\\/arealorcaradio.es\\\/index.php\\\/2025\\\/04\\\/24\\\/maria-jesus-caro-presenta-este-viernes-la-segunda-edicion-del-poemario-bailar-sobre-las-aguas\\\/\",\"name\":\"Mar\u00eda Jes\u00fas Caro presenta este viernes la segunda edici\u00f3n del Poemario \\\"Bailar sobre las aguas\\\" - AREA LORCA RADIO\",\"isPartOf\":{\"@id\":\"https:\\\/\\\/arealorcaradio.es\\\/#website\"},\"primaryImageOfPage\":{\"@id\":\"https:\\\/\\\/arealorcaradio.es\\\/index.php\\\/2025\\\/04\\\/24\\\/maria-jesus-caro-presenta-este-viernes-la-segunda-edicion-del-poemario-bailar-sobre-las-aguas\\\/#primaryimage\"},\"image\":{\"@id\":\"https:\\\/\\\/arealorcaradio.es\\\/index.php\\\/2025\\\/04\\\/24\\\/maria-jesus-caro-presenta-este-viernes-la-segunda-edicion-del-poemario-bailar-sobre-las-aguas\\\/#primaryimage\"},\"thumbnailUrl\":\"https:\\\/\\\/arealorcaradio.es\\\/wp-content\\\/uploads\\\/2025\\\/04\\\/20250424_182615-scaled.jpg\",\"datePublished\":\"2025-04-24T17:30:44+00:00\",\"author\":{\"@id\":\"https:\\\/\\\/arealorcaradio.es\\\/#\\\/schema\\\/person\\\/9fae605fc25b0f2c83c1ab207139bd27\"},\"breadcrumb\":{\"@id\":\"https:\\\/\\\/arealorcaradio.es\\\/index.php\\\/2025\\\/04\\\/24\\\/maria-jesus-caro-presenta-este-viernes-la-segunda-edicion-del-poemario-bailar-sobre-las-aguas\\\/#breadcrumb\"},\"inLanguage\":\"es\",\"potentialAction\":[{\"@type\":\"ReadAction\",\"target\":[\"https:\\\/\\\/arealorcaradio.es\\\/index.php\\\/2025\\\/04\\\/24\\\/maria-jesus-caro-presenta-este-viernes-la-segunda-edicion-del-poemario-bailar-sobre-las-aguas\\\/\"]}]},{\"@type\":\"ImageObject\",\"inLanguage\":\"es\",\"@id\":\"https:\\\/\\\/arealorcaradio.es\\\/index.php\\\/2025\\\/04\\\/24\\\/maria-jesus-caro-presenta-este-viernes-la-segunda-edicion-del-poemario-bailar-sobre-las-aguas\\\/#primaryimage\",\"url\":\"https:\\\/\\\/arealorcaradio.es\\\/wp-content\\\/uploads\\\/2025\\\/04\\\/20250424_182615-scaled.jpg\",\"contentUrl\":\"https:\\\/\\\/arealorcaradio.es\\\/wp-content\\\/uploads\\\/2025\\\/04\\\/20250424_182615-scaled.jpg\",\"width\":2560,\"height\":1920},{\"@type\":\"BreadcrumbList\",\"@id\":\"https:\\\/\\\/arealorcaradio.es\\\/index.php\\\/2025\\\/04\\\/24\\\/maria-jesus-caro-presenta-este-viernes-la-segunda-edicion-del-poemario-bailar-sobre-las-aguas\\\/#breadcrumb\",\"itemListElement\":[{\"@type\":\"ListItem\",\"position\":1,\"name\":\"Portada\",\"item\":\"https:\\\/\\\/arealorcaradio.es\\\/\"},{\"@type\":\"ListItem\",\"position\":2,\"name\":\"Mar\u00eda Jes\u00fas Caro presenta este viernes la segunda edici\u00f3n del Poemario \u00abBailar sobre las aguas\u00bb\"}]},{\"@type\":\"WebSite\",\"@id\":\"https:\\\/\\\/arealorcaradio.es\\\/#website\",\"url\":\"https:\\\/\\\/arealorcaradio.es\\\/\",\"name\":\"AREA LORCA RADIO\",\"description\":\"Descubre la programaci\u00f3n actual en \u00c1rea Lorca Radio, tu fuente de entrenamiento y noticias locales. Sintoniza ahora y mantente conectado online.\",\"potentialAction\":[{\"@type\":\"SearchAction\",\"target\":{\"@type\":\"EntryPoint\",\"urlTemplate\":\"https:\\\/\\\/arealorcaradio.es\\\/?s={search_term_string}\"},\"query-input\":{\"@type\":\"PropertyValueSpecification\",\"valueRequired\":true,\"valueName\":\"search_term_string\"}}],\"inLanguage\":\"es\"},{\"@type\":\"Person\",\"@id\":\"https:\\\/\\\/arealorcaradio.es\\\/#\\\/schema\\\/person\\\/9fae605fc25b0f2c83c1ab207139bd27\",\"name\":\"Paco S\u00e1nchez\",\"image\":{\"@type\":\"ImageObject\",\"inLanguage\":\"es\",\"@id\":\"https:\\\/\\\/secure.gravatar.com\\\/avatar\\\/d67144e966420fb74aa84c9f2a0103be4724fd14db52b52d3b6bca749f257e79?s=96&d=mm&r=g\",\"url\":\"https:\\\/\\\/secure.gravatar.com\\\/avatar\\\/d67144e966420fb74aa84c9f2a0103be4724fd14db52b52d3b6bca749f257e79?s=96&d=mm&r=g\",\"contentUrl\":\"https:\\\/\\\/secure.gravatar.com\\\/avatar\\\/d67144e966420fb74aa84c9f2a0103be4724fd14db52b52d3b6bca749f257e79?s=96&d=mm&r=g\",\"caption\":\"Paco S\u00e1nchez\"},\"sameAs\":[\"https:\\\/\\\/arealorcaradio.es\"],\"url\":\"https:\\\/\\\/arealorcaradio.es\\\/index.php\\\/author\\\/admin_alorcaradio\\\/\"}]}<\/script>\n<!-- \/ Yoast SEO plugin. -->","yoast_head_json":{"title":"Mar\u00eda Jes\u00fas Caro presenta este viernes la segunda edici\u00f3n del Poemario \"Bailar sobre las aguas\" - AREA LORCA RADIO","robots":{"index":"index","follow":"follow","max-snippet":"max-snippet:-1","max-image-preview":"max-image-preview:large","max-video-preview":"max-video-preview:-1"},"canonical":"https:\/\/arealorcaradio.es\/index.php\/2025\/04\/24\/maria-jesus-caro-presenta-este-viernes-la-segunda-edicion-del-poemario-bailar-sobre-las-aguas\/","og_locale":"es_ES","og_type":"article","og_title":"Mar\u00eda Jes\u00fas Caro presenta este viernes la segunda edici\u00f3n del Poemario \"Bailar sobre las aguas\" - AREA LORCA RADIO","og_description":"\u00c1REA LORCA RADIO. Cultura. La autora del Poemario que lleva por t\u00edtulo \u00abBailar sobre las aguas\u00bb, Mar\u00eda Jes\u00fas Caro ha pasado en la tarde de este jueves por el magazine de \u00c1rea Lorca Radio donde ha contado a Paco S\u00e1nchez como surgi\u00f3 esta segunda edici\u00f3n que da continuidad a una primera presentada en 2021. Escucha [&hellip;]","og_url":"https:\/\/arealorcaradio.es\/index.php\/2025\/04\/24\/maria-jesus-caro-presenta-este-viernes-la-segunda-edicion-del-poemario-bailar-sobre-las-aguas\/","og_site_name":"AREA LORCA RADIO","article_published_time":"2025-04-24T17:30:44+00:00","og_image":[{"width":2560,"height":1920,"url":"https:\/\/arealorcaradio.es\/wp-content\/uploads\/2025\/04\/20250424_182615-scaled.jpg","type":"image\/jpeg"}],"author":"Paco S\u00e1nchez","twitter_card":"summary_large_image","twitter_misc":{"Escrito por":"Paco S\u00e1nchez","Tiempo de lectura":"2 minutos"},"schema":{"@context":"https:\/\/schema.org","@graph":[{"@type":"Article","@id":"https:\/\/arealorcaradio.es\/index.php\/2025\/04\/24\/maria-jesus-caro-presenta-este-viernes-la-segunda-edicion-del-poemario-bailar-sobre-las-aguas\/#article","isPartOf":{"@id":"https:\/\/arealorcaradio.es\/index.php\/2025\/04\/24\/maria-jesus-caro-presenta-este-viernes-la-segunda-edicion-del-poemario-bailar-sobre-las-aguas\/"},"author":{"name":"Paco S\u00e1nchez","@id":"https:\/\/arealorcaradio.es\/#\/schema\/person\/9fae605fc25b0f2c83c1ab207139bd27"},"headline":"Mar\u00eda Jes\u00fas Caro presenta este viernes la segunda edici\u00f3n del Poemario \u00abBailar sobre las aguas\u00bb","datePublished":"2025-04-24T17:30:44+00:00","mainEntityOfPage":{"@id":"https:\/\/arealorcaradio.es\/index.php\/2025\/04\/24\/maria-jesus-caro-presenta-este-viernes-la-segunda-edicion-del-poemario-bailar-sobre-las-aguas\/"},"wordCount":91,"commentCount":0,"image":{"@id":"https:\/\/arealorcaradio.es\/index.php\/2025\/04\/24\/maria-jesus-caro-presenta-este-viernes-la-segunda-edicion-del-poemario-bailar-sobre-las-aguas\/#primaryimage"},"thumbnailUrl":"https:\/\/arealorcaradio.es\/wp-content\/uploads\/2025\/04\/20250424_182615-scaled.jpg","articleSection":["ACTUALIDAD","LORCA"],"inLanguage":"es","potentialAction":[{"@type":"CommentAction","name":"Comment","target":["https:\/\/arealorcaradio.es\/index.php\/2025\/04\/24\/maria-jesus-caro-presenta-este-viernes-la-segunda-edicion-del-poemario-bailar-sobre-las-aguas\/#respond"]}]},{"@type":"WebPage","@id":"https:\/\/arealorcaradio.es\/index.php\/2025\/04\/24\/maria-jesus-caro-presenta-este-viernes-la-segunda-edicion-del-poemario-bailar-sobre-las-aguas\/","url":"https:\/\/arealorcaradio.es\/index.php\/2025\/04\/24\/maria-jesus-caro-presenta-este-viernes-la-segunda-edicion-del-poemario-bailar-sobre-las-aguas\/","name":"Mar\u00eda Jes\u00fas Caro presenta este viernes la segunda edici\u00f3n del Poemario \"Bailar sobre las aguas\" - AREA LORCA RADIO","isPartOf":{"@id":"https:\/\/arealorcaradio.es\/#website"},"primaryImageOfPage":{"@id":"https:\/\/arealorcaradio.es\/index.php\/2025\/04\/24\/maria-jesus-caro-presenta-este-viernes-la-segunda-edicion-del-poemario-bailar-sobre-las-aguas\/#primaryimage"},"image":{"@id":"https:\/\/arealorcaradio.es\/index.php\/2025\/04\/24\/maria-jesus-caro-presenta-este-viernes-la-segunda-edicion-del-poemario-bailar-sobre-las-aguas\/#primaryimage"},"thumbnailUrl":"https:\/\/arealorcaradio.es\/wp-content\/uploads\/2025\/04\/20250424_182615-scaled.jpg","datePublished":"2025-04-24T17:30:44+00:00","author":{"@id":"https:\/\/arealorcaradio.es\/#\/schema\/person\/9fae605fc25b0f2c83c1ab207139bd27"},"breadcrumb":{"@id":"https:\/\/arealorcaradio.es\/index.php\/2025\/04\/24\/maria-jesus-caro-presenta-este-viernes-la-segunda-edicion-del-poemario-bailar-sobre-las-aguas\/#breadcrumb"},"inLanguage":"es","potentialAction":[{"@type":"ReadAction","target":["https:\/\/arealorcaradio.es\/index.php\/2025\/04\/24\/maria-jesus-caro-presenta-este-viernes-la-segunda-edicion-del-poemario-bailar-sobre-las-aguas\/"]}]},{"@type":"ImageObject","inLanguage":"es","@id":"https:\/\/arealorcaradio.es\/index.php\/2025\/04\/24\/maria-jesus-caro-presenta-este-viernes-la-segunda-edicion-del-poemario-bailar-sobre-las-aguas\/#primaryimage","url":"https:\/\/arealorcaradio.es\/wp-content\/uploads\/2025\/04\/20250424_182615-scaled.jpg","contentUrl":"https:\/\/arealorcaradio.es\/wp-content\/uploads\/2025\/04\/20250424_182615-scaled.jpg","width":2560,"height":1920},{"@type":"BreadcrumbList","@id":"https:\/\/arealorcaradio.es\/index.php\/2025\/04\/24\/maria-jesus-caro-presenta-este-viernes-la-segunda-edicion-del-poemario-bailar-sobre-las-aguas\/#breadcrumb","itemListElement":[{"@type":"ListItem","position":1,"name":"Portada","item":"https:\/\/arealorcaradio.es\/"},{"@type":"ListItem","position":2,"name":"Mar\u00eda Jes\u00fas Caro presenta este viernes la segunda edici\u00f3n del Poemario \u00abBailar sobre las aguas\u00bb"}]},{"@type":"WebSite","@id":"https:\/\/arealorcaradio.es\/#website","url":"https:\/\/arealorcaradio.es\/","name":"AREA LORCA RADIO","description":"Descubre la programaci\u00f3n actual en \u00c1rea Lorca Radio, tu fuente de entrenamiento y noticias locales. Sintoniza ahora y mantente conectado online.","potentialAction":[{"@type":"SearchAction","target":{"@type":"EntryPoint","urlTemplate":"https:\/\/arealorcaradio.es\/?s={search_term_string}"},"query-input":{"@type":"PropertyValueSpecification","valueRequired":true,"valueName":"search_term_string"}}],"inLanguage":"es"},{"@type":"Person","@id":"https:\/\/arealorcaradio.es\/#\/schema\/person\/9fae605fc25b0f2c83c1ab207139bd27","name":"Paco S\u00e1nchez","image":{"@type":"ImageObject","inLanguage":"es","@id":"https:\/\/secure.gravatar.com\/avatar\/d67144e966420fb74aa84c9f2a0103be4724fd14db52b52d3b6bca749f257e79?s=96&d=mm&r=g","url":"https:\/\/secure.gravatar.com\/avatar\/d67144e966420fb74aa84c9f2a0103be4724fd14db52b52d3b6bca749f257e79?s=96&d=mm&r=g","contentUrl":"https:\/\/secure.gravatar.com\/avatar\/d67144e966420fb74aa84c9f2a0103be4724fd14db52b52d3b6bca749f257e79?s=96&d=mm&r=g","caption":"Paco S\u00e1nchez"},"sameAs":["https:\/\/arealorcaradio.es"],"url":"https:\/\/arealorcaradio.es\/index.php\/author\/admin_alorcaradio\/"}]}},"_links":{"self":[{"href":"https:\/\/arealorcaradio.es\/index.php\/wp-json\/wp\/v2\/posts\/6333","targetHints":{"allow":["GET"]}}],"collection":[{"href":"https:\/\/arealorcaradio.es\/index.php\/wp-json\/wp\/v2\/posts"}],"about":[{"href":"https:\/\/arealorcaradio.es\/index.php\/wp-json\/wp\/v2\/types\/post"}],"author":[{"embeddable":true,"href":"https:\/\/arealorcaradio.es\/index.php\/wp-json\/wp\/v2\/users\/1"}],"replies":[{"embeddable":true,"href":"https:\/\/arealorcaradio.es\/index.php\/wp-json\/wp\/v2\/comments?post=6333"}],"version-history":[{"count":1,"href":"https:\/\/arealorcaradio.es\/index.php\/wp-json\/wp\/v2\/posts\/6333\/revisions"}],"predecessor-version":[{"id":6338,"href":"https:\/\/arealorcaradio.es\/index.php\/wp-json\/wp\/v2\/posts\/6333\/revisions\/6338"}],"wp:featuredmedia":[{"embeddable":true,"href":"https:\/\/arealorcaradio.es\/index.php\/wp-json\/wp\/v2\/media\/6339"}],"wp:attachment":[{"href":"https:\/\/arealorcaradio.es\/index.php\/wp-json\/wp\/v2\/media?parent=6333"}],"wp:term":[{"taxonomy":"category","embeddable":true,"href":"https:\/\/arealorcaradio.es\/index.php\/wp-json\/wp\/v2\/categories?post=6333"},{"taxonomy":"post_tag","embeddable":true,"href":"https:\/\/arealorcaradio.es\/index.php\/wp-json\/wp\/v2\/tags?post=6333"}],"curies":[{"name":"wp","href":"https:\/\/api.w.org\/{rel}","templated":true}]}}