{"id":6309,"date":"2025-04-22T18:03:04","date_gmt":"2025-04-22T18:03:04","guid":{"rendered":"https:\/\/arealorcaradio.es\/?p=6309"},"modified":"2025-04-22T18:03:04","modified_gmt":"2025-04-22T18:03:04","slug":"puerto-lumbreras-acoge-este-fin-de-semana-la-x-feria-del-coleccionismo-y-antiguedades-con-record-de-expositores","status":"publish","type":"post","link":"https:\/\/arealorcaradio.es\/index.php\/2025\/04\/22\/puerto-lumbreras-acoge-este-fin-de-semana-la-x-feria-del-coleccionismo-y-antiguedades-con-record-de-expositores\/","title":{"rendered":"Puerto Lumbreras acoge este fin de semana la X Feria del Coleccionismo y Antig\u00fcedades con r\u00e9cord de expositores"},"content":{"rendered":"<p><strong>\u00c1REA LORCA RADIO.\u00a0<\/strong><\/p>\n<p>En Centro Deportivo Municipal de Puerto Lumbreras acoger\u00e1 este s\u00e1bado en jornada completa e ininterrumpida y domingo hasta las 15 horas una nueva edici\u00f3n de la Feria de Coleccionismo y Antig\u00fcedades en la que se podr\u00e1n ver todo tipo de colecciones y objetos.<\/p>\n<p>El presidente de la Asociaci\u00f3n de Coleccionistas \u00abRecuerdos\u00bb, Juan Antonio Mart\u00ednez hablaba con Paco S\u00e1nchez en el magazine de \u00c1rea Lorca Radio de lo que podr\u00e1n ver este fin de semana en Puerto Lumbreras, con una concentraci\u00f3n y ruta de veh\u00edculos antiguos en la jornada matinal de domingo.<\/p>\n<audio class=\"wp-audio-shortcode\" id=\"audio-6309-1\" preload=\"none\" style=\"width: 100%;\" controls=\"controls\"><source type=\"audio\/mpeg\" src=\"https:\/\/arealorcaradio.es\/wp-content\/uploads\/2025\/04\/220425-JUAN-ANTONIO-MARTINEZ.-COLECCIONISMO.mp3?_=1\" \/><a href=\"https:\/\/arealorcaradio.es\/wp-content\/uploads\/2025\/04\/220425-JUAN-ANTONIO-MARTINEZ.-COLECCIONISMO.mp3\">https:\/\/arealorcaradio.es\/wp-content\/uploads\/2025\/04\/220425-JUAN-ANTONIO-MARTINEZ.-COLECCIONISMO.mp3<\/a><\/audio>\n<p><img loading=\"lazy\" decoding=\"async\" class=\"alignnone size-medium wp-image-6311\" src=\"https:\/\/arealorcaradio.es\/wp-content\/uploads\/2025\/04\/IMG-20250408-WA0039-240x300.jpg\" alt=\"\" width=\"240\" height=\"300\" srcset=\"https:\/\/arealorcaradio.es\/wp-content\/uploads\/2025\/04\/IMG-20250408-WA0039-240x300.jpg 240w, https:\/\/arealorcaradio.es\/wp-content\/uploads\/2025\/04\/IMG-20250408-WA0039-819x1024.jpg 819w, https:\/\/arealorcaradio.es\/wp-content\/uploads\/2025\/04\/IMG-20250408-WA0039-768x960.jpg 768w, https:\/\/arealorcaradio.es\/wp-content\/uploads\/2025\/04\/IMG-20250408-WA0039.jpg 1080w\" sizes=\"auto, (max-width: 240px) 100vw, 240px\" \/>\u00a0 <img loading=\"lazy\" decoding=\"async\" class=\"alignnone size-medium wp-image-6312\" src=\"https:\/\/arealorcaradio.es\/wp-content\/uploads\/2025\/04\/IMG-20250408-WA0040-240x300.jpg\" alt=\"\" width=\"240\" height=\"300\" srcset=\"https:\/\/arealorcaradio.es\/wp-content\/uploads\/2025\/04\/IMG-20250408-WA0040-240x300.jpg 240w, https:\/\/arealorcaradio.es\/wp-content\/uploads\/2025\/04\/IMG-20250408-WA0040-819x1024.jpg 819w, https:\/\/arealorcaradio.es\/wp-content\/uploads\/2025\/04\/IMG-20250408-WA0040-768x960.jpg 768w, https:\/\/arealorcaradio.es\/wp-content\/uploads\/2025\/04\/IMG-20250408-WA0040.jpg 1080w\" sizes=\"auto, (max-width: 240px) 100vw, 240px\" \/><\/p>\n","protected":false},"excerpt":{"rendered":"<p>\u00c1REA LORCA RADIO.\u00a0 En Centro Deportivo Municipal de Puerto Lumbreras acoger\u00e1 este s\u00e1bado en jornada completa e ininterrumpida y domingo hasta las 15 horas una nueva edici\u00f3n de la Feria de Coleccionismo y Antig\u00fcedades en la que se podr\u00e1n ver todo tipo de colecciones y objetos. El presidente de la Asociaci\u00f3n de Coleccionistas \u00abRecuerdos\u00bb, Juan [&hellip;]<\/p>\n","protected":false},"author":1,"featured_media":6313,"comment_status":"open","ping_status":"open","sticky":false,"template":"","format":"standard","meta":{"iawp_total_views":51,"footnotes":""},"categories":[5,7],"tags":[],"class_list":["post-6309","post","type-post","status-publish","format-standard","has-post-thumbnail","hentry","category-actualidad","category-lorca"],"yoast_head":"<!-- This site is optimized with the Yoast SEO plugin v27.5 - https:\/\/yoast.com\/product\/yoast-seo-wordpress\/ -->\n<title>Puerto Lumbreras acoge este fin de semana la X Feria del Coleccionismo y Antig\u00fcedades con r\u00e9cord de expositores - AREA LORCA RADIO<\/title>\n<meta name=\"robots\" content=\"index, follow, max-snippet:-1, max-image-preview:large, max-video-preview:-1\" \/>\n<link rel=\"canonical\" href=\"https:\/\/arealorcaradio.es\/index.php\/2025\/04\/22\/puerto-lumbreras-acoge-este-fin-de-semana-la-x-feria-del-coleccionismo-y-antiguedades-con-record-de-expositores\/\" \/>\n<meta property=\"og:locale\" content=\"es_ES\" \/>\n<meta property=\"og:type\" content=\"article\" \/>\n<meta property=\"og:title\" content=\"Puerto Lumbreras acoge este fin de semana la X Feria del Coleccionismo y Antig\u00fcedades con r\u00e9cord de expositores - AREA LORCA RADIO\" \/>\n<meta property=\"og:description\" content=\"\u00c1REA LORCA RADIO.\u00a0 En Centro Deportivo Municipal de Puerto Lumbreras acoger\u00e1 este s\u00e1bado en jornada completa e ininterrumpida y domingo hasta las 15 horas una nueva edici\u00f3n de la Feria de Coleccionismo y Antig\u00fcedades en la que se podr\u00e1n ver todo tipo de colecciones y objetos. El presidente de la Asociaci\u00f3n de Coleccionistas \u00abRecuerdos\u00bb, Juan [&hellip;]\" \/>\n<meta property=\"og:url\" content=\"https:\/\/arealorcaradio.es\/index.php\/2025\/04\/22\/puerto-lumbreras-acoge-este-fin-de-semana-la-x-feria-del-coleccionismo-y-antiguedades-con-record-de-expositores\/\" \/>\n<meta property=\"og:site_name\" content=\"AREA LORCA RADIO\" \/>\n<meta property=\"article:published_time\" content=\"2025-04-22T18:03:04+00:00\" \/>\n<meta property=\"og:image\" content=\"https:\/\/arealorcaradio.es\/wp-content\/uploads\/2025\/04\/20250422_174755-scaled.jpg\" \/>\n\t<meta property=\"og:image:width\" content=\"2560\" \/>\n\t<meta property=\"og:image:height\" content=\"1920\" \/>\n\t<meta property=\"og:image:type\" content=\"image\/jpeg\" \/>\n<meta name=\"author\" content=\"Paco S\u00e1nchez\" \/>\n<meta name=\"twitter:card\" content=\"summary_large_image\" \/>\n<meta name=\"twitter:label1\" content=\"Escrito por\" \/>\n\t<meta name=\"twitter:data1\" content=\"Paco S\u00e1nchez\" \/>\n\t<meta name=\"twitter:label2\" content=\"Tiempo de lectura\" \/>\n\t<meta name=\"twitter:data2\" content=\"2 minutos\" \/>\n<script type=\"application\/ld+json\" class=\"yoast-schema-graph\">{\"@context\":\"https:\\\/\\\/schema.org\",\"@graph\":[{\"@type\":\"Article\",\"@id\":\"https:\\\/\\\/arealorcaradio.es\\\/index.php\\\/2025\\\/04\\\/22\\\/puerto-lumbreras-acoge-este-fin-de-semana-la-x-feria-del-coleccionismo-y-antiguedades-con-record-de-expositores\\\/#article\",\"isPartOf\":{\"@id\":\"https:\\\/\\\/arealorcaradio.es\\\/index.php\\\/2025\\\/04\\\/22\\\/puerto-lumbreras-acoge-este-fin-de-semana-la-x-feria-del-coleccionismo-y-antiguedades-con-record-de-expositores\\\/\"},\"author\":{\"name\":\"Paco S\u00e1nchez\",\"@id\":\"https:\\\/\\\/arealorcaradio.es\\\/#\\\/schema\\\/person\\\/9fae605fc25b0f2c83c1ab207139bd27\"},\"headline\":\"Puerto Lumbreras acoge este fin de semana la X Feria del Coleccionismo y Antig\u00fcedades con r\u00e9cord de expositores\",\"datePublished\":\"2025-04-22T18:03:04+00:00\",\"mainEntityOfPage\":{\"@id\":\"https:\\\/\\\/arealorcaradio.es\\\/index.php\\\/2025\\\/04\\\/22\\\/puerto-lumbreras-acoge-este-fin-de-semana-la-x-feria-del-coleccionismo-y-antiguedades-con-record-de-expositores\\\/\"},\"wordCount\":134,\"commentCount\":0,\"image\":{\"@id\":\"https:\\\/\\\/arealorcaradio.es\\\/index.php\\\/2025\\\/04\\\/22\\\/puerto-lumbreras-acoge-este-fin-de-semana-la-x-feria-del-coleccionismo-y-antiguedades-con-record-de-expositores\\\/#primaryimage\"},\"thumbnailUrl\":\"https:\\\/\\\/arealorcaradio.es\\\/wp-content\\\/uploads\\\/2025\\\/04\\\/20250422_174755-scaled.jpg\",\"articleSection\":[\"ACTUALIDAD\",\"LORCA\"],\"inLanguage\":\"es\",\"potentialAction\":[{\"@type\":\"CommentAction\",\"name\":\"Comment\",\"target\":[\"https:\\\/\\\/arealorcaradio.es\\\/index.php\\\/2025\\\/04\\\/22\\\/puerto-lumbreras-acoge-este-fin-de-semana-la-x-feria-del-coleccionismo-y-antiguedades-con-record-de-expositores\\\/#respond\"]}]},{\"@type\":\"WebPage\",\"@id\":\"https:\\\/\\\/arealorcaradio.es\\\/index.php\\\/2025\\\/04\\\/22\\\/puerto-lumbreras-acoge-este-fin-de-semana-la-x-feria-del-coleccionismo-y-antiguedades-con-record-de-expositores\\\/\",\"url\":\"https:\\\/\\\/arealorcaradio.es\\\/index.php\\\/2025\\\/04\\\/22\\\/puerto-lumbreras-acoge-este-fin-de-semana-la-x-feria-del-coleccionismo-y-antiguedades-con-record-de-expositores\\\/\",\"name\":\"Puerto Lumbreras acoge este fin de semana la X Feria del Coleccionismo y Antig\u00fcedades con r\u00e9cord de expositores - AREA LORCA RADIO\",\"isPartOf\":{\"@id\":\"https:\\\/\\\/arealorcaradio.es\\\/#website\"},\"primaryImageOfPage\":{\"@id\":\"https:\\\/\\\/arealorcaradio.es\\\/index.php\\\/2025\\\/04\\\/22\\\/puerto-lumbreras-acoge-este-fin-de-semana-la-x-feria-del-coleccionismo-y-antiguedades-con-record-de-expositores\\\/#primaryimage\"},\"image\":{\"@id\":\"https:\\\/\\\/arealorcaradio.es\\\/index.php\\\/2025\\\/04\\\/22\\\/puerto-lumbreras-acoge-este-fin-de-semana-la-x-feria-del-coleccionismo-y-antiguedades-con-record-de-expositores\\\/#primaryimage\"},\"thumbnailUrl\":\"https:\\\/\\\/arealorcaradio.es\\\/wp-content\\\/uploads\\\/2025\\\/04\\\/20250422_174755-scaled.jpg\",\"datePublished\":\"2025-04-22T18:03:04+00:00\",\"author\":{\"@id\":\"https:\\\/\\\/arealorcaradio.es\\\/#\\\/schema\\\/person\\\/9fae605fc25b0f2c83c1ab207139bd27\"},\"breadcrumb\":{\"@id\":\"https:\\\/\\\/arealorcaradio.es\\\/index.php\\\/2025\\\/04\\\/22\\\/puerto-lumbreras-acoge-este-fin-de-semana-la-x-feria-del-coleccionismo-y-antiguedades-con-record-de-expositores\\\/#breadcrumb\"},\"inLanguage\":\"es\",\"potentialAction\":[{\"@type\":\"ReadAction\",\"target\":[\"https:\\\/\\\/arealorcaradio.es\\\/index.php\\\/2025\\\/04\\\/22\\\/puerto-lumbreras-acoge-este-fin-de-semana-la-x-feria-del-coleccionismo-y-antiguedades-con-record-de-expositores\\\/\"]}]},{\"@type\":\"ImageObject\",\"inLanguage\":\"es\",\"@id\":\"https:\\\/\\\/arealorcaradio.es\\\/index.php\\\/2025\\\/04\\\/22\\\/puerto-lumbreras-acoge-este-fin-de-semana-la-x-feria-del-coleccionismo-y-antiguedades-con-record-de-expositores\\\/#primaryimage\",\"url\":\"https:\\\/\\\/arealorcaradio.es\\\/wp-content\\\/uploads\\\/2025\\\/04\\\/20250422_174755-scaled.jpg\",\"contentUrl\":\"https:\\\/\\\/arealorcaradio.es\\\/wp-content\\\/uploads\\\/2025\\\/04\\\/20250422_174755-scaled.jpg\",\"width\":2560,\"height\":1920},{\"@type\":\"BreadcrumbList\",\"@id\":\"https:\\\/\\\/arealorcaradio.es\\\/index.php\\\/2025\\\/04\\\/22\\\/puerto-lumbreras-acoge-este-fin-de-semana-la-x-feria-del-coleccionismo-y-antiguedades-con-record-de-expositores\\\/#breadcrumb\",\"itemListElement\":[{\"@type\":\"ListItem\",\"position\":1,\"name\":\"Portada\",\"item\":\"https:\\\/\\\/arealorcaradio.es\\\/\"},{\"@type\":\"ListItem\",\"position\":2,\"name\":\"Puerto Lumbreras acoge este fin de semana la X Feria del Coleccionismo y Antig\u00fcedades con r\u00e9cord de expositores\"}]},{\"@type\":\"WebSite\",\"@id\":\"https:\\\/\\\/arealorcaradio.es\\\/#website\",\"url\":\"https:\\\/\\\/arealorcaradio.es\\\/\",\"name\":\"AREA LORCA RADIO\",\"description\":\"Descubre la programaci\u00f3n actual en \u00c1rea Lorca Radio, tu fuente de entrenamiento y noticias locales. Sintoniza ahora y mantente conectado online.\",\"potentialAction\":[{\"@type\":\"SearchAction\",\"target\":{\"@type\":\"EntryPoint\",\"urlTemplate\":\"https:\\\/\\\/arealorcaradio.es\\\/?s={search_term_string}\"},\"query-input\":{\"@type\":\"PropertyValueSpecification\",\"valueRequired\":true,\"valueName\":\"search_term_string\"}}],\"inLanguage\":\"es\"},{\"@type\":\"Person\",\"@id\":\"https:\\\/\\\/arealorcaradio.es\\\/#\\\/schema\\\/person\\\/9fae605fc25b0f2c83c1ab207139bd27\",\"name\":\"Paco S\u00e1nchez\",\"image\":{\"@type\":\"ImageObject\",\"inLanguage\":\"es\",\"@id\":\"https:\\\/\\\/secure.gravatar.com\\\/avatar\\\/d67144e966420fb74aa84c9f2a0103be4724fd14db52b52d3b6bca749f257e79?s=96&d=mm&r=g\",\"url\":\"https:\\\/\\\/secure.gravatar.com\\\/avatar\\\/d67144e966420fb74aa84c9f2a0103be4724fd14db52b52d3b6bca749f257e79?s=96&d=mm&r=g\",\"contentUrl\":\"https:\\\/\\\/secure.gravatar.com\\\/avatar\\\/d67144e966420fb74aa84c9f2a0103be4724fd14db52b52d3b6bca749f257e79?s=96&d=mm&r=g\",\"caption\":\"Paco S\u00e1nchez\"},\"sameAs\":[\"https:\\\/\\\/arealorcaradio.es\"],\"url\":\"https:\\\/\\\/arealorcaradio.es\\\/index.php\\\/author\\\/admin_alorcaradio\\\/\"}]}<\/script>\n<!-- \/ Yoast SEO plugin. -->","yoast_head_json":{"title":"Puerto Lumbreras acoge este fin de semana la X Feria del Coleccionismo y Antig\u00fcedades con r\u00e9cord de expositores - AREA LORCA RADIO","robots":{"index":"index","follow":"follow","max-snippet":"max-snippet:-1","max-image-preview":"max-image-preview:large","max-video-preview":"max-video-preview:-1"},"canonical":"https:\/\/arealorcaradio.es\/index.php\/2025\/04\/22\/puerto-lumbreras-acoge-este-fin-de-semana-la-x-feria-del-coleccionismo-y-antiguedades-con-record-de-expositores\/","og_locale":"es_ES","og_type":"article","og_title":"Puerto Lumbreras acoge este fin de semana la X Feria del Coleccionismo y Antig\u00fcedades con r\u00e9cord de expositores - AREA LORCA RADIO","og_description":"\u00c1REA LORCA RADIO.\u00a0 En Centro Deportivo Municipal de Puerto Lumbreras acoger\u00e1 este s\u00e1bado en jornada completa e ininterrumpida y domingo hasta las 15 horas una nueva edici\u00f3n de la Feria de Coleccionismo y Antig\u00fcedades en la que se podr\u00e1n ver todo tipo de colecciones y objetos. El presidente de la Asociaci\u00f3n de Coleccionistas \u00abRecuerdos\u00bb, Juan [&hellip;]","og_url":"https:\/\/arealorcaradio.es\/index.php\/2025\/04\/22\/puerto-lumbreras-acoge-este-fin-de-semana-la-x-feria-del-coleccionismo-y-antiguedades-con-record-de-expositores\/","og_site_name":"AREA LORCA RADIO","article_published_time":"2025-04-22T18:03:04+00:00","og_image":[{"width":2560,"height":1920,"url":"https:\/\/arealorcaradio.es\/wp-content\/uploads\/2025\/04\/20250422_174755-scaled.jpg","type":"image\/jpeg"}],"author":"Paco S\u00e1nchez","twitter_card":"summary_large_image","twitter_misc":{"Escrito por":"Paco S\u00e1nchez","Tiempo de lectura":"2 minutos"},"schema":{"@context":"https:\/\/schema.org","@graph":[{"@type":"Article","@id":"https:\/\/arealorcaradio.es\/index.php\/2025\/04\/22\/puerto-lumbreras-acoge-este-fin-de-semana-la-x-feria-del-coleccionismo-y-antiguedades-con-record-de-expositores\/#article","isPartOf":{"@id":"https:\/\/arealorcaradio.es\/index.php\/2025\/04\/22\/puerto-lumbreras-acoge-este-fin-de-semana-la-x-feria-del-coleccionismo-y-antiguedades-con-record-de-expositores\/"},"author":{"name":"Paco S\u00e1nchez","@id":"https:\/\/arealorcaradio.es\/#\/schema\/person\/9fae605fc25b0f2c83c1ab207139bd27"},"headline":"Puerto Lumbreras acoge este fin de semana la X Feria del Coleccionismo y Antig\u00fcedades con r\u00e9cord de expositores","datePublished":"2025-04-22T18:03:04+00:00","mainEntityOfPage":{"@id":"https:\/\/arealorcaradio.es\/index.php\/2025\/04\/22\/puerto-lumbreras-acoge-este-fin-de-semana-la-x-feria-del-coleccionismo-y-antiguedades-con-record-de-expositores\/"},"wordCount":134,"commentCount":0,"image":{"@id":"https:\/\/arealorcaradio.es\/index.php\/2025\/04\/22\/puerto-lumbreras-acoge-este-fin-de-semana-la-x-feria-del-coleccionismo-y-antiguedades-con-record-de-expositores\/#primaryimage"},"thumbnailUrl":"https:\/\/arealorcaradio.es\/wp-content\/uploads\/2025\/04\/20250422_174755-scaled.jpg","articleSection":["ACTUALIDAD","LORCA"],"inLanguage":"es","potentialAction":[{"@type":"CommentAction","name":"Comment","target":["https:\/\/arealorcaradio.es\/index.php\/2025\/04\/22\/puerto-lumbreras-acoge-este-fin-de-semana-la-x-feria-del-coleccionismo-y-antiguedades-con-record-de-expositores\/#respond"]}]},{"@type":"WebPage","@id":"https:\/\/arealorcaradio.es\/index.php\/2025\/04\/22\/puerto-lumbreras-acoge-este-fin-de-semana-la-x-feria-del-coleccionismo-y-antiguedades-con-record-de-expositores\/","url":"https:\/\/arealorcaradio.es\/index.php\/2025\/04\/22\/puerto-lumbreras-acoge-este-fin-de-semana-la-x-feria-del-coleccionismo-y-antiguedades-con-record-de-expositores\/","name":"Puerto Lumbreras acoge este fin de semana la X Feria del Coleccionismo y Antig\u00fcedades con r\u00e9cord de expositores - AREA LORCA RADIO","isPartOf":{"@id":"https:\/\/arealorcaradio.es\/#website"},"primaryImageOfPage":{"@id":"https:\/\/arealorcaradio.es\/index.php\/2025\/04\/22\/puerto-lumbreras-acoge-este-fin-de-semana-la-x-feria-del-coleccionismo-y-antiguedades-con-record-de-expositores\/#primaryimage"},"image":{"@id":"https:\/\/arealorcaradio.es\/index.php\/2025\/04\/22\/puerto-lumbreras-acoge-este-fin-de-semana-la-x-feria-del-coleccionismo-y-antiguedades-con-record-de-expositores\/#primaryimage"},"thumbnailUrl":"https:\/\/arealorcaradio.es\/wp-content\/uploads\/2025\/04\/20250422_174755-scaled.jpg","datePublished":"2025-04-22T18:03:04+00:00","author":{"@id":"https:\/\/arealorcaradio.es\/#\/schema\/person\/9fae605fc25b0f2c83c1ab207139bd27"},"breadcrumb":{"@id":"https:\/\/arealorcaradio.es\/index.php\/2025\/04\/22\/puerto-lumbreras-acoge-este-fin-de-semana-la-x-feria-del-coleccionismo-y-antiguedades-con-record-de-expositores\/#breadcrumb"},"inLanguage":"es","potentialAction":[{"@type":"ReadAction","target":["https:\/\/arealorcaradio.es\/index.php\/2025\/04\/22\/puerto-lumbreras-acoge-este-fin-de-semana-la-x-feria-del-coleccionismo-y-antiguedades-con-record-de-expositores\/"]}]},{"@type":"ImageObject","inLanguage":"es","@id":"https:\/\/arealorcaradio.es\/index.php\/2025\/04\/22\/puerto-lumbreras-acoge-este-fin-de-semana-la-x-feria-del-coleccionismo-y-antiguedades-con-record-de-expositores\/#primaryimage","url":"https:\/\/arealorcaradio.es\/wp-content\/uploads\/2025\/04\/20250422_174755-scaled.jpg","contentUrl":"https:\/\/arealorcaradio.es\/wp-content\/uploads\/2025\/04\/20250422_174755-scaled.jpg","width":2560,"height":1920},{"@type":"BreadcrumbList","@id":"https:\/\/arealorcaradio.es\/index.php\/2025\/04\/22\/puerto-lumbreras-acoge-este-fin-de-semana-la-x-feria-del-coleccionismo-y-antiguedades-con-record-de-expositores\/#breadcrumb","itemListElement":[{"@type":"ListItem","position":1,"name":"Portada","item":"https:\/\/arealorcaradio.es\/"},{"@type":"ListItem","position":2,"name":"Puerto Lumbreras acoge este fin de semana la X Feria del Coleccionismo y Antig\u00fcedades con r\u00e9cord de expositores"}]},{"@type":"WebSite","@id":"https:\/\/arealorcaradio.es\/#website","url":"https:\/\/arealorcaradio.es\/","name":"AREA LORCA RADIO","description":"Descubre la programaci\u00f3n actual en \u00c1rea Lorca Radio, tu fuente de entrenamiento y noticias locales. Sintoniza ahora y mantente conectado online.","potentialAction":[{"@type":"SearchAction","target":{"@type":"EntryPoint","urlTemplate":"https:\/\/arealorcaradio.es\/?s={search_term_string}"},"query-input":{"@type":"PropertyValueSpecification","valueRequired":true,"valueName":"search_term_string"}}],"inLanguage":"es"},{"@type":"Person","@id":"https:\/\/arealorcaradio.es\/#\/schema\/person\/9fae605fc25b0f2c83c1ab207139bd27","name":"Paco S\u00e1nchez","image":{"@type":"ImageObject","inLanguage":"es","@id":"https:\/\/secure.gravatar.com\/avatar\/d67144e966420fb74aa84c9f2a0103be4724fd14db52b52d3b6bca749f257e79?s=96&d=mm&r=g","url":"https:\/\/secure.gravatar.com\/avatar\/d67144e966420fb74aa84c9f2a0103be4724fd14db52b52d3b6bca749f257e79?s=96&d=mm&r=g","contentUrl":"https:\/\/secure.gravatar.com\/avatar\/d67144e966420fb74aa84c9f2a0103be4724fd14db52b52d3b6bca749f257e79?s=96&d=mm&r=g","caption":"Paco S\u00e1nchez"},"sameAs":["https:\/\/arealorcaradio.es"],"url":"https:\/\/arealorcaradio.es\/index.php\/author\/admin_alorcaradio\/"}]}},"_links":{"self":[{"href":"https:\/\/arealorcaradio.es\/index.php\/wp-json\/wp\/v2\/posts\/6309","targetHints":{"allow":["GET"]}}],"collection":[{"href":"https:\/\/arealorcaradio.es\/index.php\/wp-json\/wp\/v2\/posts"}],"about":[{"href":"https:\/\/arealorcaradio.es\/index.php\/wp-json\/wp\/v2\/types\/post"}],"author":[{"embeddable":true,"href":"https:\/\/arealorcaradio.es\/index.php\/wp-json\/wp\/v2\/users\/1"}],"replies":[{"embeddable":true,"href":"https:\/\/arealorcaradio.es\/index.php\/wp-json\/wp\/v2\/comments?post=6309"}],"version-history":[{"count":2,"href":"https:\/\/arealorcaradio.es\/index.php\/wp-json\/wp\/v2\/posts\/6309\/revisions"}],"predecessor-version":[{"id":6315,"href":"https:\/\/arealorcaradio.es\/index.php\/wp-json\/wp\/v2\/posts\/6309\/revisions\/6315"}],"wp:featuredmedia":[{"embeddable":true,"href":"https:\/\/arealorcaradio.es\/index.php\/wp-json\/wp\/v2\/media\/6313"}],"wp:attachment":[{"href":"https:\/\/arealorcaradio.es\/index.php\/wp-json\/wp\/v2\/media?parent=6309"}],"wp:term":[{"taxonomy":"category","embeddable":true,"href":"https:\/\/arealorcaradio.es\/index.php\/wp-json\/wp\/v2\/categories?post=6309"},{"taxonomy":"post_tag","embeddable":true,"href":"https:\/\/arealorcaradio.es\/index.php\/wp-json\/wp\/v2\/tags?post=6309"}],"curies":[{"name":"wp","href":"https:\/\/api.w.org\/{rel}","templated":true}]}}