{"id":6302,"date":"2025-04-22T18:12:29","date_gmt":"2025-04-22T18:12:29","guid":{"rendered":"https:\/\/arealorcaradio.es\/?p=6302"},"modified":"2025-04-22T18:12:29","modified_gmt":"2025-04-22T18:12:29","slug":"este-viernes-se-celebra-la-ii-edicion-del-desfile-lorca-es-moda-a-beneficio-de-la-asociacion-televamos-y-la-fundacion-martin-alvarez-muelas","status":"publish","type":"post","link":"https:\/\/arealorcaradio.es\/index.php\/2025\/04\/22\/este-viernes-se-celebra-la-ii-edicion-del-desfile-lorca-es-moda-a-beneficio-de-la-asociacion-televamos-y-la-fundacion-martin-alvarez-muelas\/","title":{"rendered":"Este viernes se celebra la II Edici\u00f3n del Desfile \u00abLorca es Moda\u00bb a beneficio de la Asociaci\u00f3n T\u00b4elevamos y la Fundaci\u00f3n Mart\u00edn \u00c1lvarez Muelas"},"content":{"rendered":"<p><strong>\u00c1REA LORCA RADIO. Sociedad.<\/strong><\/p>\n<p>La Asociaci\u00f3n T\u00b4elevamos y la Fundaci\u00f3n Mart\u00edn \u00c1lvarez Muelas, que luchan contra el c\u00e1ncer infantil ser\u00e1n las destinatarias de la recaudaci\u00f3n integra del evento cuya entrada tiene un precio de 10 euros. Adriana Ramos, presidenta de T\u00b4elevamos, Isabel Muelas, presidenta de la Fundaci\u00f3n Mart\u00edn \u00c1lvarez Muelas y la organizadora del Desfile de Moda, M\u00f3nica Navarro han contado los principales detalles a Paco S\u00e1nchez en el magazine de \u00c1rea Lorca Radio. Escucha aqu\u00ed la entrevista.<\/p>\n<audio class=\"wp-audio-shortcode\" id=\"audio-6302-1\" preload=\"none\" style=\"width: 100%;\" controls=\"controls\"><source type=\"audio\/mpeg\" src=\"https:\/\/arealorcaradio.es\/wp-content\/uploads\/2025\/04\/220425-ADRIANA-MONICA-E-ISABEL.-DESFILE-DE-MODA.mp3?_=1\" \/><a href=\"https:\/\/arealorcaradio.es\/wp-content\/uploads\/2025\/04\/220425-ADRIANA-MONICA-E-ISABEL.-DESFILE-DE-MODA.mp3\">https:\/\/arealorcaradio.es\/wp-content\/uploads\/2025\/04\/220425-ADRIANA-MONICA-E-ISABEL.-DESFILE-DE-MODA.mp3<\/a><\/audio>\n<p><img loading=\"lazy\" decoding=\"async\" class=\"alignnone size-medium wp-image-6304\" src=\"https:\/\/arealorcaradio.es\/wp-content\/uploads\/2025\/04\/20250422_163024-300x225.jpg\" alt=\"\" width=\"300\" height=\"225\" srcset=\"https:\/\/arealorcaradio.es\/wp-content\/uploads\/2025\/04\/20250422_163024-300x225.jpg 300w, https:\/\/arealorcaradio.es\/wp-content\/uploads\/2025\/04\/20250422_163024-1024x768.jpg 1024w, https:\/\/arealorcaradio.es\/wp-content\/uploads\/2025\/04\/20250422_163024-768x576.jpg 768w, https:\/\/arealorcaradio.es\/wp-content\/uploads\/2025\/04\/20250422_163024-1536x1152.jpg 1536w, https:\/\/arealorcaradio.es\/wp-content\/uploads\/2025\/04\/20250422_163024-2048x1536.jpg 2048w, https:\/\/arealorcaradio.es\/wp-content\/uploads\/2025\/04\/20250422_163024-86x64.jpg 86w\" sizes=\"auto, (max-width: 300px) 100vw, 300px\" \/><\/p>\n","protected":false},"excerpt":{"rendered":"<p>\u00c1REA LORCA RADIO. Sociedad. La Asociaci\u00f3n T\u00b4elevamos y la Fundaci\u00f3n Mart\u00edn \u00c1lvarez Muelas, que luchan contra el c\u00e1ncer infantil ser\u00e1n las destinatarias de la recaudaci\u00f3n integra del evento cuya entrada tiene un precio de 10 euros. Adriana Ramos, presidenta de T\u00b4elevamos, Isabel Muelas, presidenta de la Fundaci\u00f3n Mart\u00edn \u00c1lvarez Muelas y la organizadora del Desfile [&hellip;]<\/p>\n","protected":false},"author":1,"featured_media":6306,"comment_status":"open","ping_status":"open","sticky":false,"template":"","format":"standard","meta":{"iawp_total_views":83,"footnotes":""},"categories":[5,7],"tags":[],"class_list":["post-6302","post","type-post","status-publish","format-standard","has-post-thumbnail","hentry","category-actualidad","category-lorca"],"yoast_head":"<!-- This site is optimized with the Yoast SEO plugin v27.5 - https:\/\/yoast.com\/product\/yoast-seo-wordpress\/ -->\n<title>Este viernes se celebra la II Edici\u00f3n del Desfile &quot;Lorca es Moda&quot; a beneficio de la Asociaci\u00f3n T\u00b4elevamos y la Fundaci\u00f3n Mart\u00edn \u00c1lvarez Muelas - AREA LORCA RADIO<\/title>\n<meta name=\"robots\" content=\"index, follow, max-snippet:-1, max-image-preview:large, max-video-preview:-1\" \/>\n<link rel=\"canonical\" href=\"https:\/\/arealorcaradio.es\/index.php\/2025\/04\/22\/este-viernes-se-celebra-la-ii-edicion-del-desfile-lorca-es-moda-a-beneficio-de-la-asociacion-televamos-y-la-fundacion-martin-alvarez-muelas\/\" \/>\n<meta property=\"og:locale\" content=\"es_ES\" \/>\n<meta property=\"og:type\" content=\"article\" \/>\n<meta property=\"og:title\" content=\"Este viernes se celebra la II Edici\u00f3n del Desfile &quot;Lorca es Moda&quot; a beneficio de la Asociaci\u00f3n T\u00b4elevamos y la Fundaci\u00f3n Mart\u00edn \u00c1lvarez Muelas - AREA LORCA RADIO\" \/>\n<meta property=\"og:description\" content=\"\u00c1REA LORCA RADIO. Sociedad. La Asociaci\u00f3n T\u00b4elevamos y la Fundaci\u00f3n Mart\u00edn \u00c1lvarez Muelas, que luchan contra el c\u00e1ncer infantil ser\u00e1n las destinatarias de la recaudaci\u00f3n integra del evento cuya entrada tiene un precio de 10 euros. Adriana Ramos, presidenta de T\u00b4elevamos, Isabel Muelas, presidenta de la Fundaci\u00f3n Mart\u00edn \u00c1lvarez Muelas y la organizadora del Desfile [&hellip;]\" \/>\n<meta property=\"og:url\" content=\"https:\/\/arealorcaradio.es\/index.php\/2025\/04\/22\/este-viernes-se-celebra-la-ii-edicion-del-desfile-lorca-es-moda-a-beneficio-de-la-asociacion-televamos-y-la-fundacion-martin-alvarez-muelas\/\" \/>\n<meta property=\"og:site_name\" content=\"AREA LORCA RADIO\" \/>\n<meta property=\"article:published_time\" content=\"2025-04-22T18:12:29+00:00\" \/>\n<meta property=\"og:image\" content=\"https:\/\/arealorcaradio.es\/wp-content\/uploads\/2025\/04\/20250422_163135-1-scaled.jpg\" \/>\n\t<meta property=\"og:image:width\" content=\"2560\" \/>\n\t<meta property=\"og:image:height\" content=\"1920\" \/>\n\t<meta property=\"og:image:type\" content=\"image\/jpeg\" \/>\n<meta name=\"author\" content=\"Paco S\u00e1nchez\" \/>\n<meta name=\"twitter:card\" content=\"summary_large_image\" \/>\n<meta name=\"twitter:label1\" content=\"Escrito por\" \/>\n\t<meta name=\"twitter:data1\" content=\"Paco S\u00e1nchez\" \/>\n\t<meta name=\"twitter:label2\" content=\"Tiempo de lectura\" \/>\n\t<meta name=\"twitter:data2\" content=\"1 minuto\" \/>\n<script type=\"application\/ld+json\" class=\"yoast-schema-graph\">{\"@context\":\"https:\\\/\\\/schema.org\",\"@graph\":[{\"@type\":\"Article\",\"@id\":\"https:\\\/\\\/arealorcaradio.es\\\/index.php\\\/2025\\\/04\\\/22\\\/este-viernes-se-celebra-la-ii-edicion-del-desfile-lorca-es-moda-a-beneficio-de-la-asociacion-televamos-y-la-fundacion-martin-alvarez-muelas\\\/#article\",\"isPartOf\":{\"@id\":\"https:\\\/\\\/arealorcaradio.es\\\/index.php\\\/2025\\\/04\\\/22\\\/este-viernes-se-celebra-la-ii-edicion-del-desfile-lorca-es-moda-a-beneficio-de-la-asociacion-televamos-y-la-fundacion-martin-alvarez-muelas\\\/\"},\"author\":{\"name\":\"Paco S\u00e1nchez\",\"@id\":\"https:\\\/\\\/arealorcaradio.es\\\/#\\\/schema\\\/person\\\/9fae605fc25b0f2c83c1ab207139bd27\"},\"headline\":\"Este viernes se celebra la II Edici\u00f3n del Desfile \u00abLorca es Moda\u00bb a beneficio de la Asociaci\u00f3n T\u00b4elevamos y la Fundaci\u00f3n Mart\u00edn \u00c1lvarez Muelas\",\"datePublished\":\"2025-04-22T18:12:29+00:00\",\"mainEntityOfPage\":{\"@id\":\"https:\\\/\\\/arealorcaradio.es\\\/index.php\\\/2025\\\/04\\\/22\\\/este-viernes-se-celebra-la-ii-edicion-del-desfile-lorca-es-moda-a-beneficio-de-la-asociacion-televamos-y-la-fundacion-martin-alvarez-muelas\\\/\"},\"wordCount\":129,\"commentCount\":0,\"image\":{\"@id\":\"https:\\\/\\\/arealorcaradio.es\\\/index.php\\\/2025\\\/04\\\/22\\\/este-viernes-se-celebra-la-ii-edicion-del-desfile-lorca-es-moda-a-beneficio-de-la-asociacion-televamos-y-la-fundacion-martin-alvarez-muelas\\\/#primaryimage\"},\"thumbnailUrl\":\"https:\\\/\\\/arealorcaradio.es\\\/wp-content\\\/uploads\\\/2025\\\/04\\\/20250422_163135-1-scaled.jpg\",\"articleSection\":[\"ACTUALIDAD\",\"LORCA\"],\"inLanguage\":\"es\",\"potentialAction\":[{\"@type\":\"CommentAction\",\"name\":\"Comment\",\"target\":[\"https:\\\/\\\/arealorcaradio.es\\\/index.php\\\/2025\\\/04\\\/22\\\/este-viernes-se-celebra-la-ii-edicion-del-desfile-lorca-es-moda-a-beneficio-de-la-asociacion-televamos-y-la-fundacion-martin-alvarez-muelas\\\/#respond\"]}]},{\"@type\":\"WebPage\",\"@id\":\"https:\\\/\\\/arealorcaradio.es\\\/index.php\\\/2025\\\/04\\\/22\\\/este-viernes-se-celebra-la-ii-edicion-del-desfile-lorca-es-moda-a-beneficio-de-la-asociacion-televamos-y-la-fundacion-martin-alvarez-muelas\\\/\",\"url\":\"https:\\\/\\\/arealorcaradio.es\\\/index.php\\\/2025\\\/04\\\/22\\\/este-viernes-se-celebra-la-ii-edicion-del-desfile-lorca-es-moda-a-beneficio-de-la-asociacion-televamos-y-la-fundacion-martin-alvarez-muelas\\\/\",\"name\":\"Este viernes se celebra la II Edici\u00f3n del Desfile \\\"Lorca es Moda\\\" a beneficio de la Asociaci\u00f3n T\u00b4elevamos y la Fundaci\u00f3n Mart\u00edn \u00c1lvarez Muelas - AREA LORCA RADIO\",\"isPartOf\":{\"@id\":\"https:\\\/\\\/arealorcaradio.es\\\/#website\"},\"primaryImageOfPage\":{\"@id\":\"https:\\\/\\\/arealorcaradio.es\\\/index.php\\\/2025\\\/04\\\/22\\\/este-viernes-se-celebra-la-ii-edicion-del-desfile-lorca-es-moda-a-beneficio-de-la-asociacion-televamos-y-la-fundacion-martin-alvarez-muelas\\\/#primaryimage\"},\"image\":{\"@id\":\"https:\\\/\\\/arealorcaradio.es\\\/index.php\\\/2025\\\/04\\\/22\\\/este-viernes-se-celebra-la-ii-edicion-del-desfile-lorca-es-moda-a-beneficio-de-la-asociacion-televamos-y-la-fundacion-martin-alvarez-muelas\\\/#primaryimage\"},\"thumbnailUrl\":\"https:\\\/\\\/arealorcaradio.es\\\/wp-content\\\/uploads\\\/2025\\\/04\\\/20250422_163135-1-scaled.jpg\",\"datePublished\":\"2025-04-22T18:12:29+00:00\",\"author\":{\"@id\":\"https:\\\/\\\/arealorcaradio.es\\\/#\\\/schema\\\/person\\\/9fae605fc25b0f2c83c1ab207139bd27\"},\"breadcrumb\":{\"@id\":\"https:\\\/\\\/arealorcaradio.es\\\/index.php\\\/2025\\\/04\\\/22\\\/este-viernes-se-celebra-la-ii-edicion-del-desfile-lorca-es-moda-a-beneficio-de-la-asociacion-televamos-y-la-fundacion-martin-alvarez-muelas\\\/#breadcrumb\"},\"inLanguage\":\"es\",\"potentialAction\":[{\"@type\":\"ReadAction\",\"target\":[\"https:\\\/\\\/arealorcaradio.es\\\/index.php\\\/2025\\\/04\\\/22\\\/este-viernes-se-celebra-la-ii-edicion-del-desfile-lorca-es-moda-a-beneficio-de-la-asociacion-televamos-y-la-fundacion-martin-alvarez-muelas\\\/\"]}]},{\"@type\":\"ImageObject\",\"inLanguage\":\"es\",\"@id\":\"https:\\\/\\\/arealorcaradio.es\\\/index.php\\\/2025\\\/04\\\/22\\\/este-viernes-se-celebra-la-ii-edicion-del-desfile-lorca-es-moda-a-beneficio-de-la-asociacion-televamos-y-la-fundacion-martin-alvarez-muelas\\\/#primaryimage\",\"url\":\"https:\\\/\\\/arealorcaradio.es\\\/wp-content\\\/uploads\\\/2025\\\/04\\\/20250422_163135-1-scaled.jpg\",\"contentUrl\":\"https:\\\/\\\/arealorcaradio.es\\\/wp-content\\\/uploads\\\/2025\\\/04\\\/20250422_163135-1-scaled.jpg\",\"width\":2560,\"height\":1920},{\"@type\":\"BreadcrumbList\",\"@id\":\"https:\\\/\\\/arealorcaradio.es\\\/index.php\\\/2025\\\/04\\\/22\\\/este-viernes-se-celebra-la-ii-edicion-del-desfile-lorca-es-moda-a-beneficio-de-la-asociacion-televamos-y-la-fundacion-martin-alvarez-muelas\\\/#breadcrumb\",\"itemListElement\":[{\"@type\":\"ListItem\",\"position\":1,\"name\":\"Portada\",\"item\":\"https:\\\/\\\/arealorcaradio.es\\\/\"},{\"@type\":\"ListItem\",\"position\":2,\"name\":\"Este viernes se celebra la II Edici\u00f3n del Desfile \u00abLorca es Moda\u00bb a beneficio de la Asociaci\u00f3n T\u00b4elevamos y la Fundaci\u00f3n Mart\u00edn \u00c1lvarez Muelas\"}]},{\"@type\":\"WebSite\",\"@id\":\"https:\\\/\\\/arealorcaradio.es\\\/#website\",\"url\":\"https:\\\/\\\/arealorcaradio.es\\\/\",\"name\":\"AREA LORCA RADIO\",\"description\":\"Descubre la programaci\u00f3n actual en \u00c1rea Lorca Radio, tu fuente de entrenamiento y noticias locales. Sintoniza ahora y mantente conectado online.\",\"potentialAction\":[{\"@type\":\"SearchAction\",\"target\":{\"@type\":\"EntryPoint\",\"urlTemplate\":\"https:\\\/\\\/arealorcaradio.es\\\/?s={search_term_string}\"},\"query-input\":{\"@type\":\"PropertyValueSpecification\",\"valueRequired\":true,\"valueName\":\"search_term_string\"}}],\"inLanguage\":\"es\"},{\"@type\":\"Person\",\"@id\":\"https:\\\/\\\/arealorcaradio.es\\\/#\\\/schema\\\/person\\\/9fae605fc25b0f2c83c1ab207139bd27\",\"name\":\"Paco S\u00e1nchez\",\"image\":{\"@type\":\"ImageObject\",\"inLanguage\":\"es\",\"@id\":\"https:\\\/\\\/secure.gravatar.com\\\/avatar\\\/d67144e966420fb74aa84c9f2a0103be4724fd14db52b52d3b6bca749f257e79?s=96&d=mm&r=g\",\"url\":\"https:\\\/\\\/secure.gravatar.com\\\/avatar\\\/d67144e966420fb74aa84c9f2a0103be4724fd14db52b52d3b6bca749f257e79?s=96&d=mm&r=g\",\"contentUrl\":\"https:\\\/\\\/secure.gravatar.com\\\/avatar\\\/d67144e966420fb74aa84c9f2a0103be4724fd14db52b52d3b6bca749f257e79?s=96&d=mm&r=g\",\"caption\":\"Paco S\u00e1nchez\"},\"sameAs\":[\"https:\\\/\\\/arealorcaradio.es\"],\"url\":\"https:\\\/\\\/arealorcaradio.es\\\/index.php\\\/author\\\/admin_alorcaradio\\\/\"}]}<\/script>\n<!-- \/ Yoast SEO plugin. -->","yoast_head_json":{"title":"Este viernes se celebra la II Edici\u00f3n del Desfile \"Lorca es Moda\" a beneficio de la Asociaci\u00f3n T\u00b4elevamos y la Fundaci\u00f3n Mart\u00edn \u00c1lvarez Muelas - AREA LORCA RADIO","robots":{"index":"index","follow":"follow","max-snippet":"max-snippet:-1","max-image-preview":"max-image-preview:large","max-video-preview":"max-video-preview:-1"},"canonical":"https:\/\/arealorcaradio.es\/index.php\/2025\/04\/22\/este-viernes-se-celebra-la-ii-edicion-del-desfile-lorca-es-moda-a-beneficio-de-la-asociacion-televamos-y-la-fundacion-martin-alvarez-muelas\/","og_locale":"es_ES","og_type":"article","og_title":"Este viernes se celebra la II Edici\u00f3n del Desfile \"Lorca es Moda\" a beneficio de la Asociaci\u00f3n T\u00b4elevamos y la Fundaci\u00f3n Mart\u00edn \u00c1lvarez Muelas - AREA LORCA RADIO","og_description":"\u00c1REA LORCA RADIO. Sociedad. La Asociaci\u00f3n T\u00b4elevamos y la Fundaci\u00f3n Mart\u00edn \u00c1lvarez Muelas, que luchan contra el c\u00e1ncer infantil ser\u00e1n las destinatarias de la recaudaci\u00f3n integra del evento cuya entrada tiene un precio de 10 euros. Adriana Ramos, presidenta de T\u00b4elevamos, Isabel Muelas, presidenta de la Fundaci\u00f3n Mart\u00edn \u00c1lvarez Muelas y la organizadora del Desfile [&hellip;]","og_url":"https:\/\/arealorcaradio.es\/index.php\/2025\/04\/22\/este-viernes-se-celebra-la-ii-edicion-del-desfile-lorca-es-moda-a-beneficio-de-la-asociacion-televamos-y-la-fundacion-martin-alvarez-muelas\/","og_site_name":"AREA LORCA RADIO","article_published_time":"2025-04-22T18:12:29+00:00","og_image":[{"width":2560,"height":1920,"url":"https:\/\/arealorcaradio.es\/wp-content\/uploads\/2025\/04\/20250422_163135-1-scaled.jpg","type":"image\/jpeg"}],"author":"Paco S\u00e1nchez","twitter_card":"summary_large_image","twitter_misc":{"Escrito por":"Paco S\u00e1nchez","Tiempo de lectura":"1 minuto"},"schema":{"@context":"https:\/\/schema.org","@graph":[{"@type":"Article","@id":"https:\/\/arealorcaradio.es\/index.php\/2025\/04\/22\/este-viernes-se-celebra-la-ii-edicion-del-desfile-lorca-es-moda-a-beneficio-de-la-asociacion-televamos-y-la-fundacion-martin-alvarez-muelas\/#article","isPartOf":{"@id":"https:\/\/arealorcaradio.es\/index.php\/2025\/04\/22\/este-viernes-se-celebra-la-ii-edicion-del-desfile-lorca-es-moda-a-beneficio-de-la-asociacion-televamos-y-la-fundacion-martin-alvarez-muelas\/"},"author":{"name":"Paco S\u00e1nchez","@id":"https:\/\/arealorcaradio.es\/#\/schema\/person\/9fae605fc25b0f2c83c1ab207139bd27"},"headline":"Este viernes se celebra la II Edici\u00f3n del Desfile \u00abLorca es Moda\u00bb a beneficio de la Asociaci\u00f3n T\u00b4elevamos y la Fundaci\u00f3n Mart\u00edn \u00c1lvarez Muelas","datePublished":"2025-04-22T18:12:29+00:00","mainEntityOfPage":{"@id":"https:\/\/arealorcaradio.es\/index.php\/2025\/04\/22\/este-viernes-se-celebra-la-ii-edicion-del-desfile-lorca-es-moda-a-beneficio-de-la-asociacion-televamos-y-la-fundacion-martin-alvarez-muelas\/"},"wordCount":129,"commentCount":0,"image":{"@id":"https:\/\/arealorcaradio.es\/index.php\/2025\/04\/22\/este-viernes-se-celebra-la-ii-edicion-del-desfile-lorca-es-moda-a-beneficio-de-la-asociacion-televamos-y-la-fundacion-martin-alvarez-muelas\/#primaryimage"},"thumbnailUrl":"https:\/\/arealorcaradio.es\/wp-content\/uploads\/2025\/04\/20250422_163135-1-scaled.jpg","articleSection":["ACTUALIDAD","LORCA"],"inLanguage":"es","potentialAction":[{"@type":"CommentAction","name":"Comment","target":["https:\/\/arealorcaradio.es\/index.php\/2025\/04\/22\/este-viernes-se-celebra-la-ii-edicion-del-desfile-lorca-es-moda-a-beneficio-de-la-asociacion-televamos-y-la-fundacion-martin-alvarez-muelas\/#respond"]}]},{"@type":"WebPage","@id":"https:\/\/arealorcaradio.es\/index.php\/2025\/04\/22\/este-viernes-se-celebra-la-ii-edicion-del-desfile-lorca-es-moda-a-beneficio-de-la-asociacion-televamos-y-la-fundacion-martin-alvarez-muelas\/","url":"https:\/\/arealorcaradio.es\/index.php\/2025\/04\/22\/este-viernes-se-celebra-la-ii-edicion-del-desfile-lorca-es-moda-a-beneficio-de-la-asociacion-televamos-y-la-fundacion-martin-alvarez-muelas\/","name":"Este viernes se celebra la II Edici\u00f3n del Desfile \"Lorca es Moda\" a beneficio de la Asociaci\u00f3n T\u00b4elevamos y la Fundaci\u00f3n Mart\u00edn \u00c1lvarez Muelas - AREA LORCA RADIO","isPartOf":{"@id":"https:\/\/arealorcaradio.es\/#website"},"primaryImageOfPage":{"@id":"https:\/\/arealorcaradio.es\/index.php\/2025\/04\/22\/este-viernes-se-celebra-la-ii-edicion-del-desfile-lorca-es-moda-a-beneficio-de-la-asociacion-televamos-y-la-fundacion-martin-alvarez-muelas\/#primaryimage"},"image":{"@id":"https:\/\/arealorcaradio.es\/index.php\/2025\/04\/22\/este-viernes-se-celebra-la-ii-edicion-del-desfile-lorca-es-moda-a-beneficio-de-la-asociacion-televamos-y-la-fundacion-martin-alvarez-muelas\/#primaryimage"},"thumbnailUrl":"https:\/\/arealorcaradio.es\/wp-content\/uploads\/2025\/04\/20250422_163135-1-scaled.jpg","datePublished":"2025-04-22T18:12:29+00:00","author":{"@id":"https:\/\/arealorcaradio.es\/#\/schema\/person\/9fae605fc25b0f2c83c1ab207139bd27"},"breadcrumb":{"@id":"https:\/\/arealorcaradio.es\/index.php\/2025\/04\/22\/este-viernes-se-celebra-la-ii-edicion-del-desfile-lorca-es-moda-a-beneficio-de-la-asociacion-televamos-y-la-fundacion-martin-alvarez-muelas\/#breadcrumb"},"inLanguage":"es","potentialAction":[{"@type":"ReadAction","target":["https:\/\/arealorcaradio.es\/index.php\/2025\/04\/22\/este-viernes-se-celebra-la-ii-edicion-del-desfile-lorca-es-moda-a-beneficio-de-la-asociacion-televamos-y-la-fundacion-martin-alvarez-muelas\/"]}]},{"@type":"ImageObject","inLanguage":"es","@id":"https:\/\/arealorcaradio.es\/index.php\/2025\/04\/22\/este-viernes-se-celebra-la-ii-edicion-del-desfile-lorca-es-moda-a-beneficio-de-la-asociacion-televamos-y-la-fundacion-martin-alvarez-muelas\/#primaryimage","url":"https:\/\/arealorcaradio.es\/wp-content\/uploads\/2025\/04\/20250422_163135-1-scaled.jpg","contentUrl":"https:\/\/arealorcaradio.es\/wp-content\/uploads\/2025\/04\/20250422_163135-1-scaled.jpg","width":2560,"height":1920},{"@type":"BreadcrumbList","@id":"https:\/\/arealorcaradio.es\/index.php\/2025\/04\/22\/este-viernes-se-celebra-la-ii-edicion-del-desfile-lorca-es-moda-a-beneficio-de-la-asociacion-televamos-y-la-fundacion-martin-alvarez-muelas\/#breadcrumb","itemListElement":[{"@type":"ListItem","position":1,"name":"Portada","item":"https:\/\/arealorcaradio.es\/"},{"@type":"ListItem","position":2,"name":"Este viernes se celebra la II Edici\u00f3n del Desfile \u00abLorca es Moda\u00bb a beneficio de la Asociaci\u00f3n T\u00b4elevamos y la Fundaci\u00f3n Mart\u00edn \u00c1lvarez Muelas"}]},{"@type":"WebSite","@id":"https:\/\/arealorcaradio.es\/#website","url":"https:\/\/arealorcaradio.es\/","name":"AREA LORCA RADIO","description":"Descubre la programaci\u00f3n actual en \u00c1rea Lorca Radio, tu fuente de entrenamiento y noticias locales. Sintoniza ahora y mantente conectado online.","potentialAction":[{"@type":"SearchAction","target":{"@type":"EntryPoint","urlTemplate":"https:\/\/arealorcaradio.es\/?s={search_term_string}"},"query-input":{"@type":"PropertyValueSpecification","valueRequired":true,"valueName":"search_term_string"}}],"inLanguage":"es"},{"@type":"Person","@id":"https:\/\/arealorcaradio.es\/#\/schema\/person\/9fae605fc25b0f2c83c1ab207139bd27","name":"Paco S\u00e1nchez","image":{"@type":"ImageObject","inLanguage":"es","@id":"https:\/\/secure.gravatar.com\/avatar\/d67144e966420fb74aa84c9f2a0103be4724fd14db52b52d3b6bca749f257e79?s=96&d=mm&r=g","url":"https:\/\/secure.gravatar.com\/avatar\/d67144e966420fb74aa84c9f2a0103be4724fd14db52b52d3b6bca749f257e79?s=96&d=mm&r=g","contentUrl":"https:\/\/secure.gravatar.com\/avatar\/d67144e966420fb74aa84c9f2a0103be4724fd14db52b52d3b6bca749f257e79?s=96&d=mm&r=g","caption":"Paco S\u00e1nchez"},"sameAs":["https:\/\/arealorcaradio.es"],"url":"https:\/\/arealorcaradio.es\/index.php\/author\/admin_alorcaradio\/"}]}},"_links":{"self":[{"href":"https:\/\/arealorcaradio.es\/index.php\/wp-json\/wp\/v2\/posts\/6302","targetHints":{"allow":["GET"]}}],"collection":[{"href":"https:\/\/arealorcaradio.es\/index.php\/wp-json\/wp\/v2\/posts"}],"about":[{"href":"https:\/\/arealorcaradio.es\/index.php\/wp-json\/wp\/v2\/types\/post"}],"author":[{"embeddable":true,"href":"https:\/\/arealorcaradio.es\/index.php\/wp-json\/wp\/v2\/users\/1"}],"replies":[{"embeddable":true,"href":"https:\/\/arealorcaradio.es\/index.php\/wp-json\/wp\/v2\/comments?post=6302"}],"version-history":[{"count":3,"href":"https:\/\/arealorcaradio.es\/index.php\/wp-json\/wp\/v2\/posts\/6302\/revisions"}],"predecessor-version":[{"id":6316,"href":"https:\/\/arealorcaradio.es\/index.php\/wp-json\/wp\/v2\/posts\/6302\/revisions\/6316"}],"wp:featuredmedia":[{"embeddable":true,"href":"https:\/\/arealorcaradio.es\/index.php\/wp-json\/wp\/v2\/media\/6306"}],"wp:attachment":[{"href":"https:\/\/arealorcaradio.es\/index.php\/wp-json\/wp\/v2\/media?parent=6302"}],"wp:term":[{"taxonomy":"category","embeddable":true,"href":"https:\/\/arealorcaradio.es\/index.php\/wp-json\/wp\/v2\/categories?post=6302"},{"taxonomy":"post_tag","embeddable":true,"href":"https:\/\/arealorcaradio.es\/index.php\/wp-json\/wp\/v2\/tags?post=6302"}],"curies":[{"name":"wp","href":"https:\/\/api.w.org\/{rel}","templated":true}]}}