{"id":6297,"date":"2025-04-22T18:20:27","date_gmt":"2025-04-22T18:20:27","guid":{"rendered":"https:\/\/arealorcaradio.es\/?p=6297"},"modified":"2025-04-22T18:20:27","modified_gmt":"2025-04-22T18:20:27","slug":"letras-en-blanco-el-certamen-de-poesia-que-organiza-la-escuela-de-mayordomos-del-paso-blanco-y-la-red-de-bibliotecas-de-lorca","status":"publish","type":"post","link":"https:\/\/arealorcaradio.es\/index.php\/2025\/04\/22\/letras-en-blanco-el-certamen-de-poesia-que-organiza-la-escuela-de-mayordomos-del-paso-blanco-y-la-red-de-bibliotecas-de-lorca\/","title":{"rendered":"Letras en Blanco, el Certamen de Poes\u00eda que organiza la Escuela de Mayordomos del Paso Blanco y la Red de Bibliotecas de Lorca"},"content":{"rendered":"<p><strong>\u00c1REA LORCA RADIO. Cultura.<\/strong><\/p>\n<p>Lorca en Blanco es un Certamen de Poes\u00eda que se desarrollar\u00e1 este mi\u00e9rcoles coincidiendo con el d\u00eda del libro. El evento est\u00e1 coordinado por el profesor de Literatura Juan Antonio Fern\u00e1ndez Rubio y en el han trabajado de forma directa dos componentes del Paso Blanco, Blas Jes\u00fas Mart\u00ednez. maestro jubilado y director de la Escuela de Mayordomos y Gaspar L\u00f3pez Ayala, persona siempre vinculada al Paso Blanco y una de las personas que mas conoce los entresijos de la cofrad\u00eda blanca.<\/p>\n<p>Escucha aqu\u00ed la entrevista que han concedido a Paco S\u00e1nchez en el magazine de \u00c1rea Lorca Radio, Juan Antonio Fern\u00e1ndez Rubio, Blas Jes\u00fas Mart\u00ednez y Gaspar L\u00f3pez Ayala.<\/p>\n<audio class=\"wp-audio-shortcode\" id=\"audio-6297-1\" preload=\"none\" style=\"width: 100%;\" controls=\"controls\"><source type=\"audio\/mpeg\" src=\"https:\/\/arealorcaradio.es\/wp-content\/uploads\/2025\/04\/220425-JUAN-ANTONIO-BLAS-JESUS-Y-GASPAR.-PASO-BLANCO.mp3?_=1\" \/><a href=\"https:\/\/arealorcaradio.es\/wp-content\/uploads\/2025\/04\/220425-JUAN-ANTONIO-BLAS-JESUS-Y-GASPAR.-PASO-BLANCO.mp3\">https:\/\/arealorcaradio.es\/wp-content\/uploads\/2025\/04\/220425-JUAN-ANTONIO-BLAS-JESUS-Y-GASPAR.-PASO-BLANCO.mp3<\/a><\/audio>\n<p><img loading=\"lazy\" decoding=\"async\" class=\"alignnone size-medium wp-image-6299\" src=\"https:\/\/arealorcaradio.es\/wp-content\/uploads\/2025\/04\/IMG-20250421-WA0002-212x300.jpg\" alt=\"\" width=\"212\" height=\"300\" srcset=\"https:\/\/arealorcaradio.es\/wp-content\/uploads\/2025\/04\/IMG-20250421-WA0002-212x300.jpg 212w, https:\/\/arealorcaradio.es\/wp-content\/uploads\/2025\/04\/IMG-20250421-WA0002-724x1024.jpg 724w, https:\/\/arealorcaradio.es\/wp-content\/uploads\/2025\/04\/IMG-20250421-WA0002-768x1086.jpg 768w, https:\/\/arealorcaradio.es\/wp-content\/uploads\/2025\/04\/IMG-20250421-WA0002-1086x1536.jpg 1086w, https:\/\/arealorcaradio.es\/wp-content\/uploads\/2025\/04\/IMG-20250421-WA0002.jpg 1131w\" sizes=\"auto, (max-width: 212px) 100vw, 212px\" \/><\/p>\n","protected":false},"excerpt":{"rendered":"<p>\u00c1REA LORCA RADIO. Cultura. Lorca en Blanco es un Certamen de Poes\u00eda que se desarrollar\u00e1 este mi\u00e9rcoles coincidiendo con el d\u00eda del libro. El evento est\u00e1 coordinado por el profesor de Literatura Juan Antonio Fern\u00e1ndez Rubio y en el han trabajado de forma directa dos componentes del Paso Blanco, Blas Jes\u00fas Mart\u00ednez. maestro jubilado y [&hellip;]<\/p>\n","protected":false},"author":1,"featured_media":6300,"comment_status":"open","ping_status":"open","sticky":false,"template":"","format":"standard","meta":{"iawp_total_views":221,"footnotes":""},"categories":[5,7],"tags":[],"class_list":["post-6297","post","type-post","status-publish","format-standard","has-post-thumbnail","hentry","category-actualidad","category-lorca"],"yoast_head":"<!-- This site is optimized with the Yoast SEO plugin v27.5 - https:\/\/yoast.com\/product\/yoast-seo-wordpress\/ -->\n<title>Letras en Blanco, el Certamen de Poes\u00eda que organiza la Escuela de Mayordomos del Paso Blanco y la Red de Bibliotecas de Lorca - AREA LORCA RADIO<\/title>\n<meta name=\"robots\" content=\"index, follow, max-snippet:-1, max-image-preview:large, max-video-preview:-1\" \/>\n<link rel=\"canonical\" href=\"https:\/\/arealorcaradio.es\/index.php\/2025\/04\/22\/letras-en-blanco-el-certamen-de-poesia-que-organiza-la-escuela-de-mayordomos-del-paso-blanco-y-la-red-de-bibliotecas-de-lorca\/\" \/>\n<meta property=\"og:locale\" content=\"es_ES\" \/>\n<meta property=\"og:type\" content=\"article\" \/>\n<meta property=\"og:title\" content=\"Letras en Blanco, el Certamen de Poes\u00eda que organiza la Escuela de Mayordomos del Paso Blanco y la Red de Bibliotecas de Lorca - AREA LORCA RADIO\" \/>\n<meta property=\"og:description\" content=\"\u00c1REA LORCA RADIO. Cultura. Lorca en Blanco es un Certamen de Poes\u00eda que se desarrollar\u00e1 este mi\u00e9rcoles coincidiendo con el d\u00eda del libro. El evento est\u00e1 coordinado por el profesor de Literatura Juan Antonio Fern\u00e1ndez Rubio y en el han trabajado de forma directa dos componentes del Paso Blanco, Blas Jes\u00fas Mart\u00ednez. maestro jubilado y [&hellip;]\" \/>\n<meta property=\"og:url\" content=\"https:\/\/arealorcaradio.es\/index.php\/2025\/04\/22\/letras-en-blanco-el-certamen-de-poesia-que-organiza-la-escuela-de-mayordomos-del-paso-blanco-y-la-red-de-bibliotecas-de-lorca\/\" \/>\n<meta property=\"og:site_name\" content=\"AREA LORCA RADIO\" \/>\n<meta property=\"article:published_time\" content=\"2025-04-22T18:20:27+00:00\" \/>\n<meta property=\"og:image\" content=\"https:\/\/arealorcaradio.es\/wp-content\/uploads\/2025\/04\/20250422_165751-scaled.jpg\" \/>\n\t<meta property=\"og:image:width\" content=\"2560\" \/>\n\t<meta property=\"og:image:height\" content=\"1920\" \/>\n\t<meta property=\"og:image:type\" content=\"image\/jpeg\" \/>\n<meta name=\"author\" content=\"Paco S\u00e1nchez\" \/>\n<meta name=\"twitter:card\" content=\"summary_large_image\" \/>\n<meta name=\"twitter:label1\" content=\"Escrito por\" \/>\n\t<meta name=\"twitter:data1\" content=\"Paco S\u00e1nchez\" \/>\n\t<meta name=\"twitter:label2\" content=\"Tiempo de lectura\" \/>\n\t<meta name=\"twitter:data2\" content=\"1 minuto\" \/>\n<script type=\"application\/ld+json\" class=\"yoast-schema-graph\">{\"@context\":\"https:\\\/\\\/schema.org\",\"@graph\":[{\"@type\":\"Article\",\"@id\":\"https:\\\/\\\/arealorcaradio.es\\\/index.php\\\/2025\\\/04\\\/22\\\/letras-en-blanco-el-certamen-de-poesia-que-organiza-la-escuela-de-mayordomos-del-paso-blanco-y-la-red-de-bibliotecas-de-lorca\\\/#article\",\"isPartOf\":{\"@id\":\"https:\\\/\\\/arealorcaradio.es\\\/index.php\\\/2025\\\/04\\\/22\\\/letras-en-blanco-el-certamen-de-poesia-que-organiza-la-escuela-de-mayordomos-del-paso-blanco-y-la-red-de-bibliotecas-de-lorca\\\/\"},\"author\":{\"name\":\"Paco S\u00e1nchez\",\"@id\":\"https:\\\/\\\/arealorcaradio.es\\\/#\\\/schema\\\/person\\\/9fae605fc25b0f2c83c1ab207139bd27\"},\"headline\":\"Letras en Blanco, el Certamen de Poes\u00eda que organiza la Escuela de Mayordomos del Paso Blanco y la Red de Bibliotecas de Lorca\",\"datePublished\":\"2025-04-22T18:20:27+00:00\",\"mainEntityOfPage\":{\"@id\":\"https:\\\/\\\/arealorcaradio.es\\\/index.php\\\/2025\\\/04\\\/22\\\/letras-en-blanco-el-certamen-de-poesia-que-organiza-la-escuela-de-mayordomos-del-paso-blanco-y-la-red-de-bibliotecas-de-lorca\\\/\"},\"wordCount\":161,\"commentCount\":0,\"image\":{\"@id\":\"https:\\\/\\\/arealorcaradio.es\\\/index.php\\\/2025\\\/04\\\/22\\\/letras-en-blanco-el-certamen-de-poesia-que-organiza-la-escuela-de-mayordomos-del-paso-blanco-y-la-red-de-bibliotecas-de-lorca\\\/#primaryimage\"},\"thumbnailUrl\":\"https:\\\/\\\/arealorcaradio.es\\\/wp-content\\\/uploads\\\/2025\\\/04\\\/20250422_165751-scaled.jpg\",\"articleSection\":[\"ACTUALIDAD\",\"LORCA\"],\"inLanguage\":\"es\",\"potentialAction\":[{\"@type\":\"CommentAction\",\"name\":\"Comment\",\"target\":[\"https:\\\/\\\/arealorcaradio.es\\\/index.php\\\/2025\\\/04\\\/22\\\/letras-en-blanco-el-certamen-de-poesia-que-organiza-la-escuela-de-mayordomos-del-paso-blanco-y-la-red-de-bibliotecas-de-lorca\\\/#respond\"]}]},{\"@type\":\"WebPage\",\"@id\":\"https:\\\/\\\/arealorcaradio.es\\\/index.php\\\/2025\\\/04\\\/22\\\/letras-en-blanco-el-certamen-de-poesia-que-organiza-la-escuela-de-mayordomos-del-paso-blanco-y-la-red-de-bibliotecas-de-lorca\\\/\",\"url\":\"https:\\\/\\\/arealorcaradio.es\\\/index.php\\\/2025\\\/04\\\/22\\\/letras-en-blanco-el-certamen-de-poesia-que-organiza-la-escuela-de-mayordomos-del-paso-blanco-y-la-red-de-bibliotecas-de-lorca\\\/\",\"name\":\"Letras en Blanco, el Certamen de Poes\u00eda que organiza la Escuela de Mayordomos del Paso Blanco y la Red de Bibliotecas de Lorca - AREA LORCA RADIO\",\"isPartOf\":{\"@id\":\"https:\\\/\\\/arealorcaradio.es\\\/#website\"},\"primaryImageOfPage\":{\"@id\":\"https:\\\/\\\/arealorcaradio.es\\\/index.php\\\/2025\\\/04\\\/22\\\/letras-en-blanco-el-certamen-de-poesia-que-organiza-la-escuela-de-mayordomos-del-paso-blanco-y-la-red-de-bibliotecas-de-lorca\\\/#primaryimage\"},\"image\":{\"@id\":\"https:\\\/\\\/arealorcaradio.es\\\/index.php\\\/2025\\\/04\\\/22\\\/letras-en-blanco-el-certamen-de-poesia-que-organiza-la-escuela-de-mayordomos-del-paso-blanco-y-la-red-de-bibliotecas-de-lorca\\\/#primaryimage\"},\"thumbnailUrl\":\"https:\\\/\\\/arealorcaradio.es\\\/wp-content\\\/uploads\\\/2025\\\/04\\\/20250422_165751-scaled.jpg\",\"datePublished\":\"2025-04-22T18:20:27+00:00\",\"author\":{\"@id\":\"https:\\\/\\\/arealorcaradio.es\\\/#\\\/schema\\\/person\\\/9fae605fc25b0f2c83c1ab207139bd27\"},\"breadcrumb\":{\"@id\":\"https:\\\/\\\/arealorcaradio.es\\\/index.php\\\/2025\\\/04\\\/22\\\/letras-en-blanco-el-certamen-de-poesia-que-organiza-la-escuela-de-mayordomos-del-paso-blanco-y-la-red-de-bibliotecas-de-lorca\\\/#breadcrumb\"},\"inLanguage\":\"es\",\"potentialAction\":[{\"@type\":\"ReadAction\",\"target\":[\"https:\\\/\\\/arealorcaradio.es\\\/index.php\\\/2025\\\/04\\\/22\\\/letras-en-blanco-el-certamen-de-poesia-que-organiza-la-escuela-de-mayordomos-del-paso-blanco-y-la-red-de-bibliotecas-de-lorca\\\/\"]}]},{\"@type\":\"ImageObject\",\"inLanguage\":\"es\",\"@id\":\"https:\\\/\\\/arealorcaradio.es\\\/index.php\\\/2025\\\/04\\\/22\\\/letras-en-blanco-el-certamen-de-poesia-que-organiza-la-escuela-de-mayordomos-del-paso-blanco-y-la-red-de-bibliotecas-de-lorca\\\/#primaryimage\",\"url\":\"https:\\\/\\\/arealorcaradio.es\\\/wp-content\\\/uploads\\\/2025\\\/04\\\/20250422_165751-scaled.jpg\",\"contentUrl\":\"https:\\\/\\\/arealorcaradio.es\\\/wp-content\\\/uploads\\\/2025\\\/04\\\/20250422_165751-scaled.jpg\",\"width\":2560,\"height\":1920},{\"@type\":\"BreadcrumbList\",\"@id\":\"https:\\\/\\\/arealorcaradio.es\\\/index.php\\\/2025\\\/04\\\/22\\\/letras-en-blanco-el-certamen-de-poesia-que-organiza-la-escuela-de-mayordomos-del-paso-blanco-y-la-red-de-bibliotecas-de-lorca\\\/#breadcrumb\",\"itemListElement\":[{\"@type\":\"ListItem\",\"position\":1,\"name\":\"Portada\",\"item\":\"https:\\\/\\\/arealorcaradio.es\\\/\"},{\"@type\":\"ListItem\",\"position\":2,\"name\":\"Letras en Blanco, el Certamen de Poes\u00eda que organiza la Escuela de Mayordomos del Paso Blanco y la Red de Bibliotecas de Lorca\"}]},{\"@type\":\"WebSite\",\"@id\":\"https:\\\/\\\/arealorcaradio.es\\\/#website\",\"url\":\"https:\\\/\\\/arealorcaradio.es\\\/\",\"name\":\"AREA LORCA RADIO\",\"description\":\"Descubre la programaci\u00f3n actual en \u00c1rea Lorca Radio, tu fuente de entrenamiento y noticias locales. Sintoniza ahora y mantente conectado online.\",\"potentialAction\":[{\"@type\":\"SearchAction\",\"target\":{\"@type\":\"EntryPoint\",\"urlTemplate\":\"https:\\\/\\\/arealorcaradio.es\\\/?s={search_term_string}\"},\"query-input\":{\"@type\":\"PropertyValueSpecification\",\"valueRequired\":true,\"valueName\":\"search_term_string\"}}],\"inLanguage\":\"es\"},{\"@type\":\"Person\",\"@id\":\"https:\\\/\\\/arealorcaradio.es\\\/#\\\/schema\\\/person\\\/9fae605fc25b0f2c83c1ab207139bd27\",\"name\":\"Paco S\u00e1nchez\",\"image\":{\"@type\":\"ImageObject\",\"inLanguage\":\"es\",\"@id\":\"https:\\\/\\\/secure.gravatar.com\\\/avatar\\\/d67144e966420fb74aa84c9f2a0103be4724fd14db52b52d3b6bca749f257e79?s=96&d=mm&r=g\",\"url\":\"https:\\\/\\\/secure.gravatar.com\\\/avatar\\\/d67144e966420fb74aa84c9f2a0103be4724fd14db52b52d3b6bca749f257e79?s=96&d=mm&r=g\",\"contentUrl\":\"https:\\\/\\\/secure.gravatar.com\\\/avatar\\\/d67144e966420fb74aa84c9f2a0103be4724fd14db52b52d3b6bca749f257e79?s=96&d=mm&r=g\",\"caption\":\"Paco S\u00e1nchez\"},\"sameAs\":[\"https:\\\/\\\/arealorcaradio.es\"],\"url\":\"https:\\\/\\\/arealorcaradio.es\\\/index.php\\\/author\\\/admin_alorcaradio\\\/\"}]}<\/script>\n<!-- \/ Yoast SEO plugin. -->","yoast_head_json":{"title":"Letras en Blanco, el Certamen de Poes\u00eda que organiza la Escuela de Mayordomos del Paso Blanco y la Red de Bibliotecas de Lorca - AREA LORCA RADIO","robots":{"index":"index","follow":"follow","max-snippet":"max-snippet:-1","max-image-preview":"max-image-preview:large","max-video-preview":"max-video-preview:-1"},"canonical":"https:\/\/arealorcaradio.es\/index.php\/2025\/04\/22\/letras-en-blanco-el-certamen-de-poesia-que-organiza-la-escuela-de-mayordomos-del-paso-blanco-y-la-red-de-bibliotecas-de-lorca\/","og_locale":"es_ES","og_type":"article","og_title":"Letras en Blanco, el Certamen de Poes\u00eda que organiza la Escuela de Mayordomos del Paso Blanco y la Red de Bibliotecas de Lorca - AREA LORCA RADIO","og_description":"\u00c1REA LORCA RADIO. Cultura. Lorca en Blanco es un Certamen de Poes\u00eda que se desarrollar\u00e1 este mi\u00e9rcoles coincidiendo con el d\u00eda del libro. El evento est\u00e1 coordinado por el profesor de Literatura Juan Antonio Fern\u00e1ndez Rubio y en el han trabajado de forma directa dos componentes del Paso Blanco, Blas Jes\u00fas Mart\u00ednez. maestro jubilado y [&hellip;]","og_url":"https:\/\/arealorcaradio.es\/index.php\/2025\/04\/22\/letras-en-blanco-el-certamen-de-poesia-que-organiza-la-escuela-de-mayordomos-del-paso-blanco-y-la-red-de-bibliotecas-de-lorca\/","og_site_name":"AREA LORCA RADIO","article_published_time":"2025-04-22T18:20:27+00:00","og_image":[{"width":2560,"height":1920,"url":"https:\/\/arealorcaradio.es\/wp-content\/uploads\/2025\/04\/20250422_165751-scaled.jpg","type":"image\/jpeg"}],"author":"Paco S\u00e1nchez","twitter_card":"summary_large_image","twitter_misc":{"Escrito por":"Paco S\u00e1nchez","Tiempo de lectura":"1 minuto"},"schema":{"@context":"https:\/\/schema.org","@graph":[{"@type":"Article","@id":"https:\/\/arealorcaradio.es\/index.php\/2025\/04\/22\/letras-en-blanco-el-certamen-de-poesia-que-organiza-la-escuela-de-mayordomos-del-paso-blanco-y-la-red-de-bibliotecas-de-lorca\/#article","isPartOf":{"@id":"https:\/\/arealorcaradio.es\/index.php\/2025\/04\/22\/letras-en-blanco-el-certamen-de-poesia-que-organiza-la-escuela-de-mayordomos-del-paso-blanco-y-la-red-de-bibliotecas-de-lorca\/"},"author":{"name":"Paco S\u00e1nchez","@id":"https:\/\/arealorcaradio.es\/#\/schema\/person\/9fae605fc25b0f2c83c1ab207139bd27"},"headline":"Letras en Blanco, el Certamen de Poes\u00eda que organiza la Escuela de Mayordomos del Paso Blanco y la Red de Bibliotecas de Lorca","datePublished":"2025-04-22T18:20:27+00:00","mainEntityOfPage":{"@id":"https:\/\/arealorcaradio.es\/index.php\/2025\/04\/22\/letras-en-blanco-el-certamen-de-poesia-que-organiza-la-escuela-de-mayordomos-del-paso-blanco-y-la-red-de-bibliotecas-de-lorca\/"},"wordCount":161,"commentCount":0,"image":{"@id":"https:\/\/arealorcaradio.es\/index.php\/2025\/04\/22\/letras-en-blanco-el-certamen-de-poesia-que-organiza-la-escuela-de-mayordomos-del-paso-blanco-y-la-red-de-bibliotecas-de-lorca\/#primaryimage"},"thumbnailUrl":"https:\/\/arealorcaradio.es\/wp-content\/uploads\/2025\/04\/20250422_165751-scaled.jpg","articleSection":["ACTUALIDAD","LORCA"],"inLanguage":"es","potentialAction":[{"@type":"CommentAction","name":"Comment","target":["https:\/\/arealorcaradio.es\/index.php\/2025\/04\/22\/letras-en-blanco-el-certamen-de-poesia-que-organiza-la-escuela-de-mayordomos-del-paso-blanco-y-la-red-de-bibliotecas-de-lorca\/#respond"]}]},{"@type":"WebPage","@id":"https:\/\/arealorcaradio.es\/index.php\/2025\/04\/22\/letras-en-blanco-el-certamen-de-poesia-que-organiza-la-escuela-de-mayordomos-del-paso-blanco-y-la-red-de-bibliotecas-de-lorca\/","url":"https:\/\/arealorcaradio.es\/index.php\/2025\/04\/22\/letras-en-blanco-el-certamen-de-poesia-que-organiza-la-escuela-de-mayordomos-del-paso-blanco-y-la-red-de-bibliotecas-de-lorca\/","name":"Letras en Blanco, el Certamen de Poes\u00eda que organiza la Escuela de Mayordomos del Paso Blanco y la Red de Bibliotecas de Lorca - AREA LORCA RADIO","isPartOf":{"@id":"https:\/\/arealorcaradio.es\/#website"},"primaryImageOfPage":{"@id":"https:\/\/arealorcaradio.es\/index.php\/2025\/04\/22\/letras-en-blanco-el-certamen-de-poesia-que-organiza-la-escuela-de-mayordomos-del-paso-blanco-y-la-red-de-bibliotecas-de-lorca\/#primaryimage"},"image":{"@id":"https:\/\/arealorcaradio.es\/index.php\/2025\/04\/22\/letras-en-blanco-el-certamen-de-poesia-que-organiza-la-escuela-de-mayordomos-del-paso-blanco-y-la-red-de-bibliotecas-de-lorca\/#primaryimage"},"thumbnailUrl":"https:\/\/arealorcaradio.es\/wp-content\/uploads\/2025\/04\/20250422_165751-scaled.jpg","datePublished":"2025-04-22T18:20:27+00:00","author":{"@id":"https:\/\/arealorcaradio.es\/#\/schema\/person\/9fae605fc25b0f2c83c1ab207139bd27"},"breadcrumb":{"@id":"https:\/\/arealorcaradio.es\/index.php\/2025\/04\/22\/letras-en-blanco-el-certamen-de-poesia-que-organiza-la-escuela-de-mayordomos-del-paso-blanco-y-la-red-de-bibliotecas-de-lorca\/#breadcrumb"},"inLanguage":"es","potentialAction":[{"@type":"ReadAction","target":["https:\/\/arealorcaradio.es\/index.php\/2025\/04\/22\/letras-en-blanco-el-certamen-de-poesia-que-organiza-la-escuela-de-mayordomos-del-paso-blanco-y-la-red-de-bibliotecas-de-lorca\/"]}]},{"@type":"ImageObject","inLanguage":"es","@id":"https:\/\/arealorcaradio.es\/index.php\/2025\/04\/22\/letras-en-blanco-el-certamen-de-poesia-que-organiza-la-escuela-de-mayordomos-del-paso-blanco-y-la-red-de-bibliotecas-de-lorca\/#primaryimage","url":"https:\/\/arealorcaradio.es\/wp-content\/uploads\/2025\/04\/20250422_165751-scaled.jpg","contentUrl":"https:\/\/arealorcaradio.es\/wp-content\/uploads\/2025\/04\/20250422_165751-scaled.jpg","width":2560,"height":1920},{"@type":"BreadcrumbList","@id":"https:\/\/arealorcaradio.es\/index.php\/2025\/04\/22\/letras-en-blanco-el-certamen-de-poesia-que-organiza-la-escuela-de-mayordomos-del-paso-blanco-y-la-red-de-bibliotecas-de-lorca\/#breadcrumb","itemListElement":[{"@type":"ListItem","position":1,"name":"Portada","item":"https:\/\/arealorcaradio.es\/"},{"@type":"ListItem","position":2,"name":"Letras en Blanco, el Certamen de Poes\u00eda que organiza la Escuela de Mayordomos del Paso Blanco y la Red de Bibliotecas de Lorca"}]},{"@type":"WebSite","@id":"https:\/\/arealorcaradio.es\/#website","url":"https:\/\/arealorcaradio.es\/","name":"AREA LORCA RADIO","description":"Descubre la programaci\u00f3n actual en \u00c1rea Lorca Radio, tu fuente de entrenamiento y noticias locales. Sintoniza ahora y mantente conectado online.","potentialAction":[{"@type":"SearchAction","target":{"@type":"EntryPoint","urlTemplate":"https:\/\/arealorcaradio.es\/?s={search_term_string}"},"query-input":{"@type":"PropertyValueSpecification","valueRequired":true,"valueName":"search_term_string"}}],"inLanguage":"es"},{"@type":"Person","@id":"https:\/\/arealorcaradio.es\/#\/schema\/person\/9fae605fc25b0f2c83c1ab207139bd27","name":"Paco S\u00e1nchez","image":{"@type":"ImageObject","inLanguage":"es","@id":"https:\/\/secure.gravatar.com\/avatar\/d67144e966420fb74aa84c9f2a0103be4724fd14db52b52d3b6bca749f257e79?s=96&d=mm&r=g","url":"https:\/\/secure.gravatar.com\/avatar\/d67144e966420fb74aa84c9f2a0103be4724fd14db52b52d3b6bca749f257e79?s=96&d=mm&r=g","contentUrl":"https:\/\/secure.gravatar.com\/avatar\/d67144e966420fb74aa84c9f2a0103be4724fd14db52b52d3b6bca749f257e79?s=96&d=mm&r=g","caption":"Paco S\u00e1nchez"},"sameAs":["https:\/\/arealorcaradio.es"],"url":"https:\/\/arealorcaradio.es\/index.php\/author\/admin_alorcaradio\/"}]}},"_links":{"self":[{"href":"https:\/\/arealorcaradio.es\/index.php\/wp-json\/wp\/v2\/posts\/6297","targetHints":{"allow":["GET"]}}],"collection":[{"href":"https:\/\/arealorcaradio.es\/index.php\/wp-json\/wp\/v2\/posts"}],"about":[{"href":"https:\/\/arealorcaradio.es\/index.php\/wp-json\/wp\/v2\/types\/post"}],"author":[{"embeddable":true,"href":"https:\/\/arealorcaradio.es\/index.php\/wp-json\/wp\/v2\/users\/1"}],"replies":[{"embeddable":true,"href":"https:\/\/arealorcaradio.es\/index.php\/wp-json\/wp\/v2\/comments?post=6297"}],"version-history":[{"count":2,"href":"https:\/\/arealorcaradio.es\/index.php\/wp-json\/wp\/v2\/posts\/6297\/revisions"}],"predecessor-version":[{"id":6317,"href":"https:\/\/arealorcaradio.es\/index.php\/wp-json\/wp\/v2\/posts\/6297\/revisions\/6317"}],"wp:featuredmedia":[{"embeddable":true,"href":"https:\/\/arealorcaradio.es\/index.php\/wp-json\/wp\/v2\/media\/6300"}],"wp:attachment":[{"href":"https:\/\/arealorcaradio.es\/index.php\/wp-json\/wp\/v2\/media?parent=6297"}],"wp:term":[{"taxonomy":"category","embeddable":true,"href":"https:\/\/arealorcaradio.es\/index.php\/wp-json\/wp\/v2\/categories?post=6297"},{"taxonomy":"post_tag","embeddable":true,"href":"https:\/\/arealorcaradio.es\/index.php\/wp-json\/wp\/v2\/tags?post=6297"}],"curies":[{"name":"wp","href":"https:\/\/api.w.org\/{rel}","templated":true}]}}