{"id":6287,"date":"2025-04-22T18:29:53","date_gmt":"2025-04-22T18:29:53","guid":{"rendered":"https:\/\/arealorcaradio.es\/?p=6287"},"modified":"2025-04-22T18:29:53","modified_gmt":"2025-04-22T18:29:53","slug":"maravillas-artero-mi-pasion-por-la-cultura-y-en-especial-por-la-pintura-me-viene-desde-muy-pequena","status":"publish","type":"post","link":"https:\/\/arealorcaradio.es\/index.php\/2025\/04\/22\/maravillas-artero-mi-pasion-por-la-cultura-y-en-especial-por-la-pintura-me-viene-desde-muy-pequena\/","title":{"rendered":"Maravillas Artero: \u00abMi pasi\u00f3n por la cultura y en especial por la pintura me viene desde muy peque\u00f1a\u00bb"},"content":{"rendered":"<p><strong>\u00c1REA LORCA ACTUALIDAD. Cultura.<\/strong><\/p>\n<p>Maravillas Artero se ha dejado ver por Lorca como cada a\u00f1o en la pasada Semana Santa. Esta inquieta pintora lorquina nos ha contado como comenzaron sus inquietudes por la cultura y por la pintura en particular, afirmando que desde muy joven tuvo claro a lo que quer\u00eda dedicar su tiempo y que profesi\u00f3n ejercer. Escucha aqu\u00ed la entrevista que ha concedido a Paco S\u00e1nchez en el programa magazine de \u00c1rea Lorca Radio.<\/p>\n<audio class=\"wp-audio-shortcode\" id=\"audio-6287-1\" preload=\"none\" style=\"width: 100%;\" controls=\"controls\"><source type=\"audio\/mpeg\" src=\"https:\/\/arealorcaradio.es\/wp-content\/uploads\/2025\/04\/220425-MARAVILLAS-ARTERO.-PINTORA.mp3?_=1\" \/><a href=\"https:\/\/arealorcaradio.es\/wp-content\/uploads\/2025\/04\/220425-MARAVILLAS-ARTERO.-PINTORA.mp3\">https:\/\/arealorcaradio.es\/wp-content\/uploads\/2025\/04\/220425-MARAVILLAS-ARTERO.-PINTORA.mp3<\/a><\/audio>\n<p><img loading=\"lazy\" decoding=\"async\" class=\"alignnone  wp-image-6291\" src=\"https:\/\/arealorcaradio.es\/wp-content\/uploads\/2025\/04\/IMG-20240814-WA0012-232x300.jpg\" alt=\"\" width=\"232\" height=\"300\" srcset=\"https:\/\/arealorcaradio.es\/wp-content\/uploads\/2025\/04\/IMG-20240814-WA0012-232x300.jpg 232w, https:\/\/arealorcaradio.es\/wp-content\/uploads\/2025\/04\/IMG-20240814-WA0012-793x1024.jpg 793w, https:\/\/arealorcaradio.es\/wp-content\/uploads\/2025\/04\/IMG-20240814-WA0012-768x992.jpg 768w, https:\/\/arealorcaradio.es\/wp-content\/uploads\/2025\/04\/IMG-20240814-WA0012-1189x1536.jpg 1189w, https:\/\/arealorcaradio.es\/wp-content\/uploads\/2025\/04\/IMG-20240814-WA0012.jpg 1427w\" sizes=\"auto, (max-width: 232px) 100vw, 232px\" \/>\u00a0 <img loading=\"lazy\" decoding=\"async\" class=\"alignnone size-medium wp-image-6292\" src=\"https:\/\/arealorcaradio.es\/wp-content\/uploads\/2025\/04\/20241024_123607-240x300.jpg\" alt=\"\" width=\"240\" height=\"300\" srcset=\"https:\/\/arealorcaradio.es\/wp-content\/uploads\/2025\/04\/20241024_123607-240x300.jpg 240w, https:\/\/arealorcaradio.es\/wp-content\/uploads\/2025\/04\/20241024_123607-818x1024.jpg 818w, https:\/\/arealorcaradio.es\/wp-content\/uploads\/2025\/04\/20241024_123607-768x961.jpg 768w, https:\/\/arealorcaradio.es\/wp-content\/uploads\/2025\/04\/20241024_123607-1227x1536.jpg 1227w, https:\/\/arealorcaradio.es\/wp-content\/uploads\/2025\/04\/20241024_123607-1636x2048.jpg 1636w, https:\/\/arealorcaradio.es\/wp-content\/uploads\/2025\/04\/20241024_123607-scaled.jpg 2045w\" sizes=\"auto, (max-width: 240px) 100vw, 240px\" \/>\u00a0 <img loading=\"lazy\" decoding=\"async\" class=\"alignnone size-medium wp-image-6293\" src=\"https:\/\/arealorcaradio.es\/wp-content\/uploads\/2025\/04\/20241010_155756-1-234x300.jpg\" alt=\"\" width=\"234\" height=\"300\" srcset=\"https:\/\/arealorcaradio.es\/wp-content\/uploads\/2025\/04\/20241010_155756-1-234x300.jpg 234w, https:\/\/arealorcaradio.es\/wp-content\/uploads\/2025\/04\/20241010_155756-1-799x1024.jpg 799w, https:\/\/arealorcaradio.es\/wp-content\/uploads\/2025\/04\/20241010_155756-1-768x984.jpg 768w, https:\/\/arealorcaradio.es\/wp-content\/uploads\/2025\/04\/20241010_155756-1-1198x1536.jpg 1198w, https:\/\/arealorcaradio.es\/wp-content\/uploads\/2025\/04\/20241010_155756-1-1598x2048.jpg 1598w, https:\/\/arealorcaradio.es\/wp-content\/uploads\/2025\/04\/20241010_155756-1-scaled.jpg 1997w\" sizes=\"auto, (max-width: 234px) 100vw, 234px\" \/> <img loading=\"lazy\" decoding=\"async\" class=\"alignnone size-medium wp-image-6294\" src=\"https:\/\/arealorcaradio.es\/wp-content\/uploads\/2025\/04\/autodefinidos-print-bueno-237x300.jpg\" alt=\"\" width=\"237\" height=\"300\" srcset=\"https:\/\/arealorcaradio.es\/wp-content\/uploads\/2025\/04\/autodefinidos-print-bueno-237x300.jpg 237w, https:\/\/arealorcaradio.es\/wp-content\/uploads\/2025\/04\/autodefinidos-print-bueno-807x1024.jpg 807w, https:\/\/arealorcaradio.es\/wp-content\/uploads\/2025\/04\/autodefinidos-print-bueno-768x974.jpg 768w, https:\/\/arealorcaradio.es\/wp-content\/uploads\/2025\/04\/autodefinidos-print-bueno-1211x1536.jpg 1211w, https:\/\/arealorcaradio.es\/wp-content\/uploads\/2025\/04\/autodefinidos-print-bueno-1615x2048.jpg 1615w, https:\/\/arealorcaradio.es\/wp-content\/uploads\/2025\/04\/autodefinidos-print-bueno-scaled.jpg 2019w\" sizes=\"auto, (max-width: 237px) 100vw, 237px\" \/> \u00a0<img loading=\"lazy\" decoding=\"async\" class=\"alignnone size-medium wp-image-6295\" src=\"https:\/\/arealorcaradio.es\/wp-content\/uploads\/2025\/04\/20230524_134603-225x300.jpg\" alt=\"\" width=\"225\" height=\"300\" srcset=\"https:\/\/arealorcaradio.es\/wp-content\/uploads\/2025\/04\/20230524_134603-225x300.jpg 225w, https:\/\/arealorcaradio.es\/wp-content\/uploads\/2025\/04\/20230524_134603-768x1024.jpg 768w, https:\/\/arealorcaradio.es\/wp-content\/uploads\/2025\/04\/20230524_134603-1152x1536.jpg 1152w, https:\/\/arealorcaradio.es\/wp-content\/uploads\/2025\/04\/20230524_134603-1536x2048.jpg 1536w, https:\/\/arealorcaradio.es\/wp-content\/uploads\/2025\/04\/20230524_134603-scaled.jpg 1920w\" sizes=\"auto, (max-width: 225px) 100vw, 225px\" \/> \u00a0<img loading=\"lazy\" decoding=\"async\" class=\"alignnone size-medium wp-image-6318\" src=\"https:\/\/arealorcaradio.es\/wp-content\/uploads\/2025\/04\/20240405_112649-1-218x300.jpg\" alt=\"\" width=\"218\" height=\"300\" srcset=\"https:\/\/arealorcaradio.es\/wp-content\/uploads\/2025\/04\/20240405_112649-1-218x300.jpg 218w, https:\/\/arealorcaradio.es\/wp-content\/uploads\/2025\/04\/20240405_112649-1-745x1024.jpg 745w, https:\/\/arealorcaradio.es\/wp-content\/uploads\/2025\/04\/20240405_112649-1-768x1056.jpg 768w, https:\/\/arealorcaradio.es\/wp-content\/uploads\/2025\/04\/20240405_112649-1-1117x1536.jpg 1117w, https:\/\/arealorcaradio.es\/wp-content\/uploads\/2025\/04\/20240405_112649-1-1489x2048.jpg 1489w, https:\/\/arealorcaradio.es\/wp-content\/uploads\/2025\/04\/20240405_112649-1.jpg 1524w\" sizes=\"auto, (max-width: 218px) 100vw, 218px\" \/> <img loading=\"lazy\" decoding=\"async\" class=\"alignnone size-medium wp-image-6290\" src=\"https:\/\/arealorcaradio.es\/wp-content\/uploads\/2025\/04\/20250416_123947-300x225.jpg\" alt=\"\" width=\"300\" height=\"225\" srcset=\"https:\/\/arealorcaradio.es\/wp-content\/uploads\/2025\/04\/20250416_123947-300x225.jpg 300w, https:\/\/arealorcaradio.es\/wp-content\/uploads\/2025\/04\/20250416_123947-1024x768.jpg 1024w, https:\/\/arealorcaradio.es\/wp-content\/uploads\/2025\/04\/20250416_123947-768x576.jpg 768w, https:\/\/arealorcaradio.es\/wp-content\/uploads\/2025\/04\/20250416_123947-1536x1152.jpg 1536w, https:\/\/arealorcaradio.es\/wp-content\/uploads\/2025\/04\/20250416_123947-2048x1536.jpg 2048w, https:\/\/arealorcaradio.es\/wp-content\/uploads\/2025\/04\/20250416_123947-86x64.jpg 86w\" sizes=\"auto, (max-width: 300px) 100vw, 300px\" \/><\/p>\n","protected":false},"excerpt":{"rendered":"<p>\u00c1REA LORCA ACTUALIDAD. Cultura. Maravillas Artero se ha dejado ver por Lorca como cada a\u00f1o en la pasada Semana Santa. Esta inquieta pintora lorquina nos ha contado como comenzaron sus inquietudes por la cultura y por la pintura en particular, afirmando que desde muy joven tuvo claro a lo que quer\u00eda dedicar su tiempo y [&hellip;]<\/p>\n","protected":false},"author":1,"featured_media":6289,"comment_status":"open","ping_status":"open","sticky":false,"template":"","format":"standard","meta":{"iawp_total_views":188,"footnotes":""},"categories":[5,7],"tags":[],"class_list":["post-6287","post","type-post","status-publish","format-standard","has-post-thumbnail","hentry","category-actualidad","category-lorca"],"yoast_head":"<!-- This site is optimized with the Yoast SEO plugin v27.5 - https:\/\/yoast.com\/product\/yoast-seo-wordpress\/ -->\n<title>Maravillas Artero: &quot;Mi pasi\u00f3n por la cultura y en especial por la pintura me viene desde muy peque\u00f1a&quot; - AREA LORCA RADIO<\/title>\n<meta name=\"robots\" content=\"index, follow, max-snippet:-1, max-image-preview:large, max-video-preview:-1\" \/>\n<link rel=\"canonical\" href=\"https:\/\/arealorcaradio.es\/index.php\/2025\/04\/22\/maravillas-artero-mi-pasion-por-la-cultura-y-en-especial-por-la-pintura-me-viene-desde-muy-pequena\/\" \/>\n<meta property=\"og:locale\" content=\"es_ES\" \/>\n<meta property=\"og:type\" content=\"article\" \/>\n<meta property=\"og:title\" content=\"Maravillas Artero: &quot;Mi pasi\u00f3n por la cultura y en especial por la pintura me viene desde muy peque\u00f1a&quot; - AREA LORCA RADIO\" \/>\n<meta property=\"og:description\" content=\"\u00c1REA LORCA ACTUALIDAD. Cultura. Maravillas Artero se ha dejado ver por Lorca como cada a\u00f1o en la pasada Semana Santa. Esta inquieta pintora lorquina nos ha contado como comenzaron sus inquietudes por la cultura y por la pintura en particular, afirmando que desde muy joven tuvo claro a lo que quer\u00eda dedicar su tiempo y [&hellip;]\" \/>\n<meta property=\"og:url\" content=\"https:\/\/arealorcaradio.es\/index.php\/2025\/04\/22\/maravillas-artero-mi-pasion-por-la-cultura-y-en-especial-por-la-pintura-me-viene-desde-muy-pequena\/\" \/>\n<meta property=\"og:site_name\" content=\"AREA LORCA RADIO\" \/>\n<meta property=\"article:published_time\" content=\"2025-04-22T18:29:53+00:00\" \/>\n<meta property=\"og:image\" content=\"https:\/\/arealorcaradio.es\/wp-content\/uploads\/2025\/04\/20250416_123849-scaled.jpg\" \/>\n\t<meta property=\"og:image:width\" content=\"2560\" \/>\n\t<meta property=\"og:image:height\" content=\"1920\" \/>\n\t<meta property=\"og:image:type\" content=\"image\/jpeg\" \/>\n<meta name=\"author\" content=\"Paco S\u00e1nchez\" \/>\n<meta name=\"twitter:card\" content=\"summary_large_image\" \/>\n<meta name=\"twitter:label1\" content=\"Escrito por\" \/>\n\t<meta name=\"twitter:data1\" content=\"Paco S\u00e1nchez\" \/>\n\t<meta name=\"twitter:label2\" content=\"Tiempo de lectura\" \/>\n\t<meta name=\"twitter:data2\" content=\"2 minutos\" \/>\n<script type=\"application\/ld+json\" class=\"yoast-schema-graph\">{\"@context\":\"https:\\\/\\\/schema.org\",\"@graph\":[{\"@type\":\"Article\",\"@id\":\"https:\\\/\\\/arealorcaradio.es\\\/index.php\\\/2025\\\/04\\\/22\\\/maravillas-artero-mi-pasion-por-la-cultura-y-en-especial-por-la-pintura-me-viene-desde-muy-pequena\\\/#article\",\"isPartOf\":{\"@id\":\"https:\\\/\\\/arealorcaradio.es\\\/index.php\\\/2025\\\/04\\\/22\\\/maravillas-artero-mi-pasion-por-la-cultura-y-en-especial-por-la-pintura-me-viene-desde-muy-pequena\\\/\"},\"author\":{\"name\":\"Paco S\u00e1nchez\",\"@id\":\"https:\\\/\\\/arealorcaradio.es\\\/#\\\/schema\\\/person\\\/9fae605fc25b0f2c83c1ab207139bd27\"},\"headline\":\"Maravillas Artero: \u00abMi pasi\u00f3n por la cultura y en especial por la pintura me viene desde muy peque\u00f1a\u00bb\",\"datePublished\":\"2025-04-22T18:29:53+00:00\",\"mainEntityOfPage\":{\"@id\":\"https:\\\/\\\/arealorcaradio.es\\\/index.php\\\/2025\\\/04\\\/22\\\/maravillas-artero-mi-pasion-por-la-cultura-y-en-especial-por-la-pintura-me-viene-desde-muy-pequena\\\/\"},\"wordCount\":111,\"commentCount\":0,\"image\":{\"@id\":\"https:\\\/\\\/arealorcaradio.es\\\/index.php\\\/2025\\\/04\\\/22\\\/maravillas-artero-mi-pasion-por-la-cultura-y-en-especial-por-la-pintura-me-viene-desde-muy-pequena\\\/#primaryimage\"},\"thumbnailUrl\":\"https:\\\/\\\/arealorcaradio.es\\\/wp-content\\\/uploads\\\/2025\\\/04\\\/20250416_123849-scaled.jpg\",\"articleSection\":[\"ACTUALIDAD\",\"LORCA\"],\"inLanguage\":\"es\",\"potentialAction\":[{\"@type\":\"CommentAction\",\"name\":\"Comment\",\"target\":[\"https:\\\/\\\/arealorcaradio.es\\\/index.php\\\/2025\\\/04\\\/22\\\/maravillas-artero-mi-pasion-por-la-cultura-y-en-especial-por-la-pintura-me-viene-desde-muy-pequena\\\/#respond\"]}]},{\"@type\":\"WebPage\",\"@id\":\"https:\\\/\\\/arealorcaradio.es\\\/index.php\\\/2025\\\/04\\\/22\\\/maravillas-artero-mi-pasion-por-la-cultura-y-en-especial-por-la-pintura-me-viene-desde-muy-pequena\\\/\",\"url\":\"https:\\\/\\\/arealorcaradio.es\\\/index.php\\\/2025\\\/04\\\/22\\\/maravillas-artero-mi-pasion-por-la-cultura-y-en-especial-por-la-pintura-me-viene-desde-muy-pequena\\\/\",\"name\":\"Maravillas Artero: \\\"Mi pasi\u00f3n por la cultura y en especial por la pintura me viene desde muy peque\u00f1a\\\" - AREA LORCA RADIO\",\"isPartOf\":{\"@id\":\"https:\\\/\\\/arealorcaradio.es\\\/#website\"},\"primaryImageOfPage\":{\"@id\":\"https:\\\/\\\/arealorcaradio.es\\\/index.php\\\/2025\\\/04\\\/22\\\/maravillas-artero-mi-pasion-por-la-cultura-y-en-especial-por-la-pintura-me-viene-desde-muy-pequena\\\/#primaryimage\"},\"image\":{\"@id\":\"https:\\\/\\\/arealorcaradio.es\\\/index.php\\\/2025\\\/04\\\/22\\\/maravillas-artero-mi-pasion-por-la-cultura-y-en-especial-por-la-pintura-me-viene-desde-muy-pequena\\\/#primaryimage\"},\"thumbnailUrl\":\"https:\\\/\\\/arealorcaradio.es\\\/wp-content\\\/uploads\\\/2025\\\/04\\\/20250416_123849-scaled.jpg\",\"datePublished\":\"2025-04-22T18:29:53+00:00\",\"author\":{\"@id\":\"https:\\\/\\\/arealorcaradio.es\\\/#\\\/schema\\\/person\\\/9fae605fc25b0f2c83c1ab207139bd27\"},\"breadcrumb\":{\"@id\":\"https:\\\/\\\/arealorcaradio.es\\\/index.php\\\/2025\\\/04\\\/22\\\/maravillas-artero-mi-pasion-por-la-cultura-y-en-especial-por-la-pintura-me-viene-desde-muy-pequena\\\/#breadcrumb\"},\"inLanguage\":\"es\",\"potentialAction\":[{\"@type\":\"ReadAction\",\"target\":[\"https:\\\/\\\/arealorcaradio.es\\\/index.php\\\/2025\\\/04\\\/22\\\/maravillas-artero-mi-pasion-por-la-cultura-y-en-especial-por-la-pintura-me-viene-desde-muy-pequena\\\/\"]}]},{\"@type\":\"ImageObject\",\"inLanguage\":\"es\",\"@id\":\"https:\\\/\\\/arealorcaradio.es\\\/index.php\\\/2025\\\/04\\\/22\\\/maravillas-artero-mi-pasion-por-la-cultura-y-en-especial-por-la-pintura-me-viene-desde-muy-pequena\\\/#primaryimage\",\"url\":\"https:\\\/\\\/arealorcaradio.es\\\/wp-content\\\/uploads\\\/2025\\\/04\\\/20250416_123849-scaled.jpg\",\"contentUrl\":\"https:\\\/\\\/arealorcaradio.es\\\/wp-content\\\/uploads\\\/2025\\\/04\\\/20250416_123849-scaled.jpg\",\"width\":2560,\"height\":1920},{\"@type\":\"BreadcrumbList\",\"@id\":\"https:\\\/\\\/arealorcaradio.es\\\/index.php\\\/2025\\\/04\\\/22\\\/maravillas-artero-mi-pasion-por-la-cultura-y-en-especial-por-la-pintura-me-viene-desde-muy-pequena\\\/#breadcrumb\",\"itemListElement\":[{\"@type\":\"ListItem\",\"position\":1,\"name\":\"Portada\",\"item\":\"https:\\\/\\\/arealorcaradio.es\\\/\"},{\"@type\":\"ListItem\",\"position\":2,\"name\":\"Maravillas Artero: \u00abMi pasi\u00f3n por la cultura y en especial por la pintura me viene desde muy peque\u00f1a\u00bb\"}]},{\"@type\":\"WebSite\",\"@id\":\"https:\\\/\\\/arealorcaradio.es\\\/#website\",\"url\":\"https:\\\/\\\/arealorcaradio.es\\\/\",\"name\":\"AREA LORCA RADIO\",\"description\":\"Descubre la programaci\u00f3n actual en \u00c1rea Lorca Radio, tu fuente de entrenamiento y noticias locales. Sintoniza ahora y mantente conectado online.\",\"potentialAction\":[{\"@type\":\"SearchAction\",\"target\":{\"@type\":\"EntryPoint\",\"urlTemplate\":\"https:\\\/\\\/arealorcaradio.es\\\/?s={search_term_string}\"},\"query-input\":{\"@type\":\"PropertyValueSpecification\",\"valueRequired\":true,\"valueName\":\"search_term_string\"}}],\"inLanguage\":\"es\"},{\"@type\":\"Person\",\"@id\":\"https:\\\/\\\/arealorcaradio.es\\\/#\\\/schema\\\/person\\\/9fae605fc25b0f2c83c1ab207139bd27\",\"name\":\"Paco S\u00e1nchez\",\"image\":{\"@type\":\"ImageObject\",\"inLanguage\":\"es\",\"@id\":\"https:\\\/\\\/secure.gravatar.com\\\/avatar\\\/d67144e966420fb74aa84c9f2a0103be4724fd14db52b52d3b6bca749f257e79?s=96&d=mm&r=g\",\"url\":\"https:\\\/\\\/secure.gravatar.com\\\/avatar\\\/d67144e966420fb74aa84c9f2a0103be4724fd14db52b52d3b6bca749f257e79?s=96&d=mm&r=g\",\"contentUrl\":\"https:\\\/\\\/secure.gravatar.com\\\/avatar\\\/d67144e966420fb74aa84c9f2a0103be4724fd14db52b52d3b6bca749f257e79?s=96&d=mm&r=g\",\"caption\":\"Paco S\u00e1nchez\"},\"sameAs\":[\"https:\\\/\\\/arealorcaradio.es\"],\"url\":\"https:\\\/\\\/arealorcaradio.es\\\/index.php\\\/author\\\/admin_alorcaradio\\\/\"}]}<\/script>\n<!-- \/ Yoast SEO plugin. -->","yoast_head_json":{"title":"Maravillas Artero: \"Mi pasi\u00f3n por la cultura y en especial por la pintura me viene desde muy peque\u00f1a\" - AREA LORCA RADIO","robots":{"index":"index","follow":"follow","max-snippet":"max-snippet:-1","max-image-preview":"max-image-preview:large","max-video-preview":"max-video-preview:-1"},"canonical":"https:\/\/arealorcaradio.es\/index.php\/2025\/04\/22\/maravillas-artero-mi-pasion-por-la-cultura-y-en-especial-por-la-pintura-me-viene-desde-muy-pequena\/","og_locale":"es_ES","og_type":"article","og_title":"Maravillas Artero: \"Mi pasi\u00f3n por la cultura y en especial por la pintura me viene desde muy peque\u00f1a\" - AREA LORCA RADIO","og_description":"\u00c1REA LORCA ACTUALIDAD. Cultura. Maravillas Artero se ha dejado ver por Lorca como cada a\u00f1o en la pasada Semana Santa. Esta inquieta pintora lorquina nos ha contado como comenzaron sus inquietudes por la cultura y por la pintura en particular, afirmando que desde muy joven tuvo claro a lo que quer\u00eda dedicar su tiempo y [&hellip;]","og_url":"https:\/\/arealorcaradio.es\/index.php\/2025\/04\/22\/maravillas-artero-mi-pasion-por-la-cultura-y-en-especial-por-la-pintura-me-viene-desde-muy-pequena\/","og_site_name":"AREA LORCA RADIO","article_published_time":"2025-04-22T18:29:53+00:00","og_image":[{"width":2560,"height":1920,"url":"https:\/\/arealorcaradio.es\/wp-content\/uploads\/2025\/04\/20250416_123849-scaled.jpg","type":"image\/jpeg"}],"author":"Paco S\u00e1nchez","twitter_card":"summary_large_image","twitter_misc":{"Escrito por":"Paco S\u00e1nchez","Tiempo de lectura":"2 minutos"},"schema":{"@context":"https:\/\/schema.org","@graph":[{"@type":"Article","@id":"https:\/\/arealorcaradio.es\/index.php\/2025\/04\/22\/maravillas-artero-mi-pasion-por-la-cultura-y-en-especial-por-la-pintura-me-viene-desde-muy-pequena\/#article","isPartOf":{"@id":"https:\/\/arealorcaradio.es\/index.php\/2025\/04\/22\/maravillas-artero-mi-pasion-por-la-cultura-y-en-especial-por-la-pintura-me-viene-desde-muy-pequena\/"},"author":{"name":"Paco S\u00e1nchez","@id":"https:\/\/arealorcaradio.es\/#\/schema\/person\/9fae605fc25b0f2c83c1ab207139bd27"},"headline":"Maravillas Artero: \u00abMi pasi\u00f3n por la cultura y en especial por la pintura me viene desde muy peque\u00f1a\u00bb","datePublished":"2025-04-22T18:29:53+00:00","mainEntityOfPage":{"@id":"https:\/\/arealorcaradio.es\/index.php\/2025\/04\/22\/maravillas-artero-mi-pasion-por-la-cultura-y-en-especial-por-la-pintura-me-viene-desde-muy-pequena\/"},"wordCount":111,"commentCount":0,"image":{"@id":"https:\/\/arealorcaradio.es\/index.php\/2025\/04\/22\/maravillas-artero-mi-pasion-por-la-cultura-y-en-especial-por-la-pintura-me-viene-desde-muy-pequena\/#primaryimage"},"thumbnailUrl":"https:\/\/arealorcaradio.es\/wp-content\/uploads\/2025\/04\/20250416_123849-scaled.jpg","articleSection":["ACTUALIDAD","LORCA"],"inLanguage":"es","potentialAction":[{"@type":"CommentAction","name":"Comment","target":["https:\/\/arealorcaradio.es\/index.php\/2025\/04\/22\/maravillas-artero-mi-pasion-por-la-cultura-y-en-especial-por-la-pintura-me-viene-desde-muy-pequena\/#respond"]}]},{"@type":"WebPage","@id":"https:\/\/arealorcaradio.es\/index.php\/2025\/04\/22\/maravillas-artero-mi-pasion-por-la-cultura-y-en-especial-por-la-pintura-me-viene-desde-muy-pequena\/","url":"https:\/\/arealorcaradio.es\/index.php\/2025\/04\/22\/maravillas-artero-mi-pasion-por-la-cultura-y-en-especial-por-la-pintura-me-viene-desde-muy-pequena\/","name":"Maravillas Artero: \"Mi pasi\u00f3n por la cultura y en especial por la pintura me viene desde muy peque\u00f1a\" - AREA LORCA RADIO","isPartOf":{"@id":"https:\/\/arealorcaradio.es\/#website"},"primaryImageOfPage":{"@id":"https:\/\/arealorcaradio.es\/index.php\/2025\/04\/22\/maravillas-artero-mi-pasion-por-la-cultura-y-en-especial-por-la-pintura-me-viene-desde-muy-pequena\/#primaryimage"},"image":{"@id":"https:\/\/arealorcaradio.es\/index.php\/2025\/04\/22\/maravillas-artero-mi-pasion-por-la-cultura-y-en-especial-por-la-pintura-me-viene-desde-muy-pequena\/#primaryimage"},"thumbnailUrl":"https:\/\/arealorcaradio.es\/wp-content\/uploads\/2025\/04\/20250416_123849-scaled.jpg","datePublished":"2025-04-22T18:29:53+00:00","author":{"@id":"https:\/\/arealorcaradio.es\/#\/schema\/person\/9fae605fc25b0f2c83c1ab207139bd27"},"breadcrumb":{"@id":"https:\/\/arealorcaradio.es\/index.php\/2025\/04\/22\/maravillas-artero-mi-pasion-por-la-cultura-y-en-especial-por-la-pintura-me-viene-desde-muy-pequena\/#breadcrumb"},"inLanguage":"es","potentialAction":[{"@type":"ReadAction","target":["https:\/\/arealorcaradio.es\/index.php\/2025\/04\/22\/maravillas-artero-mi-pasion-por-la-cultura-y-en-especial-por-la-pintura-me-viene-desde-muy-pequena\/"]}]},{"@type":"ImageObject","inLanguage":"es","@id":"https:\/\/arealorcaradio.es\/index.php\/2025\/04\/22\/maravillas-artero-mi-pasion-por-la-cultura-y-en-especial-por-la-pintura-me-viene-desde-muy-pequena\/#primaryimage","url":"https:\/\/arealorcaradio.es\/wp-content\/uploads\/2025\/04\/20250416_123849-scaled.jpg","contentUrl":"https:\/\/arealorcaradio.es\/wp-content\/uploads\/2025\/04\/20250416_123849-scaled.jpg","width":2560,"height":1920},{"@type":"BreadcrumbList","@id":"https:\/\/arealorcaradio.es\/index.php\/2025\/04\/22\/maravillas-artero-mi-pasion-por-la-cultura-y-en-especial-por-la-pintura-me-viene-desde-muy-pequena\/#breadcrumb","itemListElement":[{"@type":"ListItem","position":1,"name":"Portada","item":"https:\/\/arealorcaradio.es\/"},{"@type":"ListItem","position":2,"name":"Maravillas Artero: \u00abMi pasi\u00f3n por la cultura y en especial por la pintura me viene desde muy peque\u00f1a\u00bb"}]},{"@type":"WebSite","@id":"https:\/\/arealorcaradio.es\/#website","url":"https:\/\/arealorcaradio.es\/","name":"AREA LORCA RADIO","description":"Descubre la programaci\u00f3n actual en \u00c1rea Lorca Radio, tu fuente de entrenamiento y noticias locales. Sintoniza ahora y mantente conectado online.","potentialAction":[{"@type":"SearchAction","target":{"@type":"EntryPoint","urlTemplate":"https:\/\/arealorcaradio.es\/?s={search_term_string}"},"query-input":{"@type":"PropertyValueSpecification","valueRequired":true,"valueName":"search_term_string"}}],"inLanguage":"es"},{"@type":"Person","@id":"https:\/\/arealorcaradio.es\/#\/schema\/person\/9fae605fc25b0f2c83c1ab207139bd27","name":"Paco S\u00e1nchez","image":{"@type":"ImageObject","inLanguage":"es","@id":"https:\/\/secure.gravatar.com\/avatar\/d67144e966420fb74aa84c9f2a0103be4724fd14db52b52d3b6bca749f257e79?s=96&d=mm&r=g","url":"https:\/\/secure.gravatar.com\/avatar\/d67144e966420fb74aa84c9f2a0103be4724fd14db52b52d3b6bca749f257e79?s=96&d=mm&r=g","contentUrl":"https:\/\/secure.gravatar.com\/avatar\/d67144e966420fb74aa84c9f2a0103be4724fd14db52b52d3b6bca749f257e79?s=96&d=mm&r=g","caption":"Paco S\u00e1nchez"},"sameAs":["https:\/\/arealorcaradio.es"],"url":"https:\/\/arealorcaradio.es\/index.php\/author\/admin_alorcaradio\/"}]}},"_links":{"self":[{"href":"https:\/\/arealorcaradio.es\/index.php\/wp-json\/wp\/v2\/posts\/6287","targetHints":{"allow":["GET"]}}],"collection":[{"href":"https:\/\/arealorcaradio.es\/index.php\/wp-json\/wp\/v2\/posts"}],"about":[{"href":"https:\/\/arealorcaradio.es\/index.php\/wp-json\/wp\/v2\/types\/post"}],"author":[{"embeddable":true,"href":"https:\/\/arealorcaradio.es\/index.php\/wp-json\/wp\/v2\/users\/1"}],"replies":[{"embeddable":true,"href":"https:\/\/arealorcaradio.es\/index.php\/wp-json\/wp\/v2\/comments?post=6287"}],"version-history":[{"count":2,"href":"https:\/\/arealorcaradio.es\/index.php\/wp-json\/wp\/v2\/posts\/6287\/revisions"}],"predecessor-version":[{"id":6319,"href":"https:\/\/arealorcaradio.es\/index.php\/wp-json\/wp\/v2\/posts\/6287\/revisions\/6319"}],"wp:featuredmedia":[{"embeddable":true,"href":"https:\/\/arealorcaradio.es\/index.php\/wp-json\/wp\/v2\/media\/6289"}],"wp:attachment":[{"href":"https:\/\/arealorcaradio.es\/index.php\/wp-json\/wp\/v2\/media?parent=6287"}],"wp:term":[{"taxonomy":"category","embeddable":true,"href":"https:\/\/arealorcaradio.es\/index.php\/wp-json\/wp\/v2\/categories?post=6287"},{"taxonomy":"post_tag","embeddable":true,"href":"https:\/\/arealorcaradio.es\/index.php\/wp-json\/wp\/v2\/tags?post=6287"}],"curies":[{"name":"wp","href":"https:\/\/api.w.org\/{rel}","templated":true}]}}