{"id":6277,"date":"2025-04-22T10:26:54","date_gmt":"2025-04-22T10:26:54","guid":{"rendered":"https:\/\/arealorcaradio.es\/?p=6277"},"modified":"2025-04-22T10:42:00","modified_gmt":"2025-04-22T10:42:00","slug":"el-olimpico-de-totana-vuelve-a-la-tercera-rfef-liderado-por-el-tecnico-jose-agustin-martinez","status":"publish","type":"post","link":"https:\/\/arealorcaradio.es\/index.php\/2025\/04\/22\/el-olimpico-de-totana-vuelve-a-la-tercera-rfef-liderado-por-el-tecnico-jose-agustin-martinez\/","title":{"rendered":"El Ol\u00edmpico de Totana vuelve a la Tercera RFEF liderado por el t\u00e9cnico Jos\u00e9 Agust\u00edn Mart\u00ednez"},"content":{"rendered":"<p><strong>\u00c1REA LORCA RADIO. Deportes.<\/strong><\/p>\n<p>El Club Ol\u00edmpico de Totana volver\u00e1 a competir la pr\u00f3xima temporada en Tercera RFEF. Tras la \u00faltima jornada en el Grupo 4 de Segunda Federaci\u00f3n en la que la Deportiva Minera certificaba su permanencia en la categor\u00eda ascend\u00edan de un tir\u00f3n pese a no haber competici\u00f3n en Preferente Auton\u00f3mica el pasado fin de semana el Mazarr\u00f3n FC, Ol\u00edmpico de Totana y Atl\u00e9tico Santa Cruz, mientras que un cuarto ascenso saldr\u00e1 de la promoci\u00f3n de ascenso que jugar\u00e1n del cuarto al s\u00e9ptimo clasificado de la categor\u00eda.<\/p>\n<p><img loading=\"lazy\" decoding=\"async\" class=\"alignnone size-medium wp-image-6284\" src=\"https:\/\/arealorcaradio.es\/wp-content\/uploads\/2025\/04\/20250422_100457-240x300.jpg\" alt=\"\" width=\"240\" height=\"300\" srcset=\"https:\/\/arealorcaradio.es\/wp-content\/uploads\/2025\/04\/20250422_100457-240x300.jpg 240w, https:\/\/arealorcaradio.es\/wp-content\/uploads\/2025\/04\/20250422_100457-819x1024.jpg 819w, https:\/\/arealorcaradio.es\/wp-content\/uploads\/2025\/04\/20250422_100457-768x960.jpg 768w, https:\/\/arealorcaradio.es\/wp-content\/uploads\/2025\/04\/20250422_100457.jpg 1080w\" sizes=\"auto, (max-width: 240px) 100vw, 240px\" \/><\/p>\n<p>Con un proyecto humilde pero a la vez muy serio, el bloque liderado por el t\u00e9cnico Jos\u00e9 Agust\u00edn Mart\u00ednez ha alcanzado una categor\u00eda de la que nunca tuvo que salir. Ahora queda finalizar la temporada de la mejor forma e ir pensando en confeccionar un equipo competitivo para intentar no volver a caer en el pozo de la Preferente Auton\u00f3mica. Desde \u00c1rea Lorca Radio nuestra m\u00e1s sincera enhorabuena al municipio de Totana, a la afici\u00f3n y en especial a la junta directiva, cuerpo t\u00e9cnico y plantilla del Ol\u00edmpico que vuelve a ser de Tercera.<\/p>\n<p>Escucha aqu\u00ed la entrevista que ha concedido el t\u00e9cnico Jos\u00e9 Agust\u00edn Mart\u00ednez a Paco S\u00e1nchez en el programa deportivo de \u00c1rea Lorca Radio.<\/p>\n<audio class=\"wp-audio-shortcode\" id=\"audio-6277-1\" preload=\"none\" style=\"width: 100%;\" controls=\"controls\"><source type=\"audio\/mpeg\" src=\"https:\/\/arealorcaradio.es\/wp-content\/uploads\/2025\/04\/210425-JOSE-AGUSTIN-MARTINEZ.-ASCENSO-OLIMPICO.mp3?_=1\" \/><a href=\"https:\/\/arealorcaradio.es\/wp-content\/uploads\/2025\/04\/210425-JOSE-AGUSTIN-MARTINEZ.-ASCENSO-OLIMPICO.mp3\">https:\/\/arealorcaradio.es\/wp-content\/uploads\/2025\/04\/210425-JOSE-AGUSTIN-MARTINEZ.-ASCENSO-OLIMPICO.mp3<\/a><\/audio>\n<p><img loading=\"lazy\" decoding=\"async\" class=\"alignnone wp-image-6279\" src=\"https:\/\/arealorcaradio.es\/wp-content\/uploads\/2025\/04\/IMG-20250422-WA0000-300x225.jpg\" alt=\"\" width=\"268\" height=\"201\" srcset=\"https:\/\/arealorcaradio.es\/wp-content\/uploads\/2025\/04\/IMG-20250422-WA0000-300x225.jpg 300w, https:\/\/arealorcaradio.es\/wp-content\/uploads\/2025\/04\/IMG-20250422-WA0000-768x576.jpg 768w, https:\/\/arealorcaradio.es\/wp-content\/uploads\/2025\/04\/IMG-20250422-WA0000-86x64.jpg 86w, https:\/\/arealorcaradio.es\/wp-content\/uploads\/2025\/04\/IMG-20250422-WA0000.jpg 988w\" sizes=\"auto, (max-width: 268px) 100vw, 268px\" \/> <img loading=\"lazy\" decoding=\"async\" class=\"alignnone wp-image-6282\" src=\"https:\/\/arealorcaradio.es\/wp-content\/uploads\/2025\/04\/IMG-20250422-WA0001-300x200.jpg\" alt=\"\" width=\"303\" height=\"202\" srcset=\"https:\/\/arealorcaradio.es\/wp-content\/uploads\/2025\/04\/IMG-20250422-WA0001-300x200.jpg 300w, https:\/\/arealorcaradio.es\/wp-content\/uploads\/2025\/04\/IMG-20250422-WA0001-768x512.jpg 768w, https:\/\/arealorcaradio.es\/wp-content\/uploads\/2025\/04\/IMG-20250422-WA0001.jpg 1011w\" sizes=\"auto, (max-width: 303px) 100vw, 303px\" \/><\/p>\n","protected":false},"excerpt":{"rendered":"<p>\u00c1REA LORCA RADIO. Deportes. El Club Ol\u00edmpico de Totana volver\u00e1 a competir la pr\u00f3xima temporada en Tercera RFEF. Tras la \u00faltima jornada en el Grupo 4 de Segunda Federaci\u00f3n en la que la Deportiva Minera certificaba su permanencia en la categor\u00eda ascend\u00edan de un tir\u00f3n pese a no haber competici\u00f3n en Preferente Auton\u00f3mica el pasado [&hellip;]<\/p>\n","protected":false},"author":1,"featured_media":6281,"comment_status":"open","ping_status":"open","sticky":false,"template":"","format":"standard","meta":{"iawp_total_views":199,"footnotes":""},"categories":[4,7],"tags":[],"class_list":["post-6277","post","type-post","status-publish","format-standard","has-post-thumbnail","hentry","category-deportes","category-lorca"],"yoast_head":"<!-- This site is optimized with the Yoast SEO plugin v27.5 - https:\/\/yoast.com\/product\/yoast-seo-wordpress\/ -->\n<title>El Ol\u00edmpico de Totana vuelve a la Tercera RFEF liderado por el t\u00e9cnico Jos\u00e9 Agust\u00edn Mart\u00ednez - AREA LORCA RADIO<\/title>\n<meta name=\"robots\" content=\"index, follow, max-snippet:-1, max-image-preview:large, max-video-preview:-1\" \/>\n<link rel=\"canonical\" href=\"https:\/\/arealorcaradio.es\/index.php\/2025\/04\/22\/el-olimpico-de-totana-vuelve-a-la-tercera-rfef-liderado-por-el-tecnico-jose-agustin-martinez\/\" \/>\n<meta property=\"og:locale\" content=\"es_ES\" \/>\n<meta property=\"og:type\" content=\"article\" \/>\n<meta property=\"og:title\" content=\"El Ol\u00edmpico de Totana vuelve a la Tercera RFEF liderado por el t\u00e9cnico Jos\u00e9 Agust\u00edn Mart\u00ednez - AREA LORCA RADIO\" \/>\n<meta property=\"og:description\" content=\"\u00c1REA LORCA RADIO. Deportes. El Club Ol\u00edmpico de Totana volver\u00e1 a competir la pr\u00f3xima temporada en Tercera RFEF. Tras la \u00faltima jornada en el Grupo 4 de Segunda Federaci\u00f3n en la que la Deportiva Minera certificaba su permanencia en la categor\u00eda ascend\u00edan de un tir\u00f3n pese a no haber competici\u00f3n en Preferente Auton\u00f3mica el pasado [&hellip;]\" \/>\n<meta property=\"og:url\" content=\"https:\/\/arealorcaradio.es\/index.php\/2025\/04\/22\/el-olimpico-de-totana-vuelve-a-la-tercera-rfef-liderado-por-el-tecnico-jose-agustin-martinez\/\" \/>\n<meta property=\"og:site_name\" content=\"AREA LORCA RADIO\" \/>\n<meta property=\"article:published_time\" content=\"2025-04-22T10:26:54+00:00\" \/>\n<meta property=\"article:modified_time\" content=\"2025-04-22T10:42:00+00:00\" \/>\n<meta property=\"og:image\" content=\"https:\/\/arealorcaradio.es\/wp-content\/uploads\/2025\/04\/IMG-20250422-WA0002.jpg\" \/>\n\t<meta property=\"og:image:width\" content=\"1013\" \/>\n\t<meta property=\"og:image:height\" content=\"675\" \/>\n\t<meta property=\"og:image:type\" content=\"image\/jpeg\" \/>\n<meta name=\"author\" content=\"Paco S\u00e1nchez\" \/>\n<meta name=\"twitter:card\" content=\"summary_large_image\" \/>\n<meta name=\"twitter:label1\" content=\"Escrito por\" \/>\n\t<meta name=\"twitter:data1\" content=\"Paco S\u00e1nchez\" \/>\n\t<meta name=\"twitter:label2\" content=\"Tiempo de lectura\" \/>\n\t<meta name=\"twitter:data2\" content=\"2 minutos\" \/>\n<script type=\"application\/ld+json\" class=\"yoast-schema-graph\">{\"@context\":\"https:\\\/\\\/schema.org\",\"@graph\":[{\"@type\":\"Article\",\"@id\":\"https:\\\/\\\/arealorcaradio.es\\\/index.php\\\/2025\\\/04\\\/22\\\/el-olimpico-de-totana-vuelve-a-la-tercera-rfef-liderado-por-el-tecnico-jose-agustin-martinez\\\/#article\",\"isPartOf\":{\"@id\":\"https:\\\/\\\/arealorcaradio.es\\\/index.php\\\/2025\\\/04\\\/22\\\/el-olimpico-de-totana-vuelve-a-la-tercera-rfef-liderado-por-el-tecnico-jose-agustin-martinez\\\/\"},\"author\":{\"name\":\"Paco S\u00e1nchez\",\"@id\":\"https:\\\/\\\/arealorcaradio.es\\\/#\\\/schema\\\/person\\\/9fae605fc25b0f2c83c1ab207139bd27\"},\"headline\":\"El Ol\u00edmpico de Totana vuelve a la Tercera RFEF liderado por el t\u00e9cnico Jos\u00e9 Agust\u00edn Mart\u00ednez\",\"datePublished\":\"2025-04-22T10:26:54+00:00\",\"dateModified\":\"2025-04-22T10:42:00+00:00\",\"mainEntityOfPage\":{\"@id\":\"https:\\\/\\\/arealorcaradio.es\\\/index.php\\\/2025\\\/04\\\/22\\\/el-olimpico-de-totana-vuelve-a-la-tercera-rfef-liderado-por-el-tecnico-jose-agustin-martinez\\\/\"},\"wordCount\":264,\"commentCount\":0,\"image\":{\"@id\":\"https:\\\/\\\/arealorcaradio.es\\\/index.php\\\/2025\\\/04\\\/22\\\/el-olimpico-de-totana-vuelve-a-la-tercera-rfef-liderado-por-el-tecnico-jose-agustin-martinez\\\/#primaryimage\"},\"thumbnailUrl\":\"https:\\\/\\\/arealorcaradio.es\\\/wp-content\\\/uploads\\\/2025\\\/04\\\/IMG-20250422-WA0002.jpg\",\"articleSection\":[\"DEPORTES\",\"LORCA\"],\"inLanguage\":\"es\",\"potentialAction\":[{\"@type\":\"CommentAction\",\"name\":\"Comment\",\"target\":[\"https:\\\/\\\/arealorcaradio.es\\\/index.php\\\/2025\\\/04\\\/22\\\/el-olimpico-de-totana-vuelve-a-la-tercera-rfef-liderado-por-el-tecnico-jose-agustin-martinez\\\/#respond\"]}]},{\"@type\":\"WebPage\",\"@id\":\"https:\\\/\\\/arealorcaradio.es\\\/index.php\\\/2025\\\/04\\\/22\\\/el-olimpico-de-totana-vuelve-a-la-tercera-rfef-liderado-por-el-tecnico-jose-agustin-martinez\\\/\",\"url\":\"https:\\\/\\\/arealorcaradio.es\\\/index.php\\\/2025\\\/04\\\/22\\\/el-olimpico-de-totana-vuelve-a-la-tercera-rfef-liderado-por-el-tecnico-jose-agustin-martinez\\\/\",\"name\":\"El Ol\u00edmpico de Totana vuelve a la Tercera RFEF liderado por el t\u00e9cnico Jos\u00e9 Agust\u00edn Mart\u00ednez - AREA LORCA RADIO\",\"isPartOf\":{\"@id\":\"https:\\\/\\\/arealorcaradio.es\\\/#website\"},\"primaryImageOfPage\":{\"@id\":\"https:\\\/\\\/arealorcaradio.es\\\/index.php\\\/2025\\\/04\\\/22\\\/el-olimpico-de-totana-vuelve-a-la-tercera-rfef-liderado-por-el-tecnico-jose-agustin-martinez\\\/#primaryimage\"},\"image\":{\"@id\":\"https:\\\/\\\/arealorcaradio.es\\\/index.php\\\/2025\\\/04\\\/22\\\/el-olimpico-de-totana-vuelve-a-la-tercera-rfef-liderado-por-el-tecnico-jose-agustin-martinez\\\/#primaryimage\"},\"thumbnailUrl\":\"https:\\\/\\\/arealorcaradio.es\\\/wp-content\\\/uploads\\\/2025\\\/04\\\/IMG-20250422-WA0002.jpg\",\"datePublished\":\"2025-04-22T10:26:54+00:00\",\"dateModified\":\"2025-04-22T10:42:00+00:00\",\"author\":{\"@id\":\"https:\\\/\\\/arealorcaradio.es\\\/#\\\/schema\\\/person\\\/9fae605fc25b0f2c83c1ab207139bd27\"},\"breadcrumb\":{\"@id\":\"https:\\\/\\\/arealorcaradio.es\\\/index.php\\\/2025\\\/04\\\/22\\\/el-olimpico-de-totana-vuelve-a-la-tercera-rfef-liderado-por-el-tecnico-jose-agustin-martinez\\\/#breadcrumb\"},\"inLanguage\":\"es\",\"potentialAction\":[{\"@type\":\"ReadAction\",\"target\":[\"https:\\\/\\\/arealorcaradio.es\\\/index.php\\\/2025\\\/04\\\/22\\\/el-olimpico-de-totana-vuelve-a-la-tercera-rfef-liderado-por-el-tecnico-jose-agustin-martinez\\\/\"]}]},{\"@type\":\"ImageObject\",\"inLanguage\":\"es\",\"@id\":\"https:\\\/\\\/arealorcaradio.es\\\/index.php\\\/2025\\\/04\\\/22\\\/el-olimpico-de-totana-vuelve-a-la-tercera-rfef-liderado-por-el-tecnico-jose-agustin-martinez\\\/#primaryimage\",\"url\":\"https:\\\/\\\/arealorcaradio.es\\\/wp-content\\\/uploads\\\/2025\\\/04\\\/IMG-20250422-WA0002.jpg\",\"contentUrl\":\"https:\\\/\\\/arealorcaradio.es\\\/wp-content\\\/uploads\\\/2025\\\/04\\\/IMG-20250422-WA0002.jpg\",\"width\":1013,\"height\":675},{\"@type\":\"BreadcrumbList\",\"@id\":\"https:\\\/\\\/arealorcaradio.es\\\/index.php\\\/2025\\\/04\\\/22\\\/el-olimpico-de-totana-vuelve-a-la-tercera-rfef-liderado-por-el-tecnico-jose-agustin-martinez\\\/#breadcrumb\",\"itemListElement\":[{\"@type\":\"ListItem\",\"position\":1,\"name\":\"Portada\",\"item\":\"https:\\\/\\\/arealorcaradio.es\\\/\"},{\"@type\":\"ListItem\",\"position\":2,\"name\":\"El Ol\u00edmpico de Totana vuelve a la Tercera RFEF liderado por el t\u00e9cnico Jos\u00e9 Agust\u00edn Mart\u00ednez\"}]},{\"@type\":\"WebSite\",\"@id\":\"https:\\\/\\\/arealorcaradio.es\\\/#website\",\"url\":\"https:\\\/\\\/arealorcaradio.es\\\/\",\"name\":\"AREA LORCA RADIO\",\"description\":\"Descubre la programaci\u00f3n actual en \u00c1rea Lorca Radio, tu fuente de entrenamiento y noticias locales. Sintoniza ahora y mantente conectado online.\",\"potentialAction\":[{\"@type\":\"SearchAction\",\"target\":{\"@type\":\"EntryPoint\",\"urlTemplate\":\"https:\\\/\\\/arealorcaradio.es\\\/?s={search_term_string}\"},\"query-input\":{\"@type\":\"PropertyValueSpecification\",\"valueRequired\":true,\"valueName\":\"search_term_string\"}}],\"inLanguage\":\"es\"},{\"@type\":\"Person\",\"@id\":\"https:\\\/\\\/arealorcaradio.es\\\/#\\\/schema\\\/person\\\/9fae605fc25b0f2c83c1ab207139bd27\",\"name\":\"Paco S\u00e1nchez\",\"image\":{\"@type\":\"ImageObject\",\"inLanguage\":\"es\",\"@id\":\"https:\\\/\\\/secure.gravatar.com\\\/avatar\\\/d67144e966420fb74aa84c9f2a0103be4724fd14db52b52d3b6bca749f257e79?s=96&d=mm&r=g\",\"url\":\"https:\\\/\\\/secure.gravatar.com\\\/avatar\\\/d67144e966420fb74aa84c9f2a0103be4724fd14db52b52d3b6bca749f257e79?s=96&d=mm&r=g\",\"contentUrl\":\"https:\\\/\\\/secure.gravatar.com\\\/avatar\\\/d67144e966420fb74aa84c9f2a0103be4724fd14db52b52d3b6bca749f257e79?s=96&d=mm&r=g\",\"caption\":\"Paco S\u00e1nchez\"},\"sameAs\":[\"https:\\\/\\\/arealorcaradio.es\"],\"url\":\"https:\\\/\\\/arealorcaradio.es\\\/index.php\\\/author\\\/admin_alorcaradio\\\/\"}]}<\/script>\n<!-- \/ Yoast SEO plugin. -->","yoast_head_json":{"title":"El Ol\u00edmpico de Totana vuelve a la Tercera RFEF liderado por el t\u00e9cnico Jos\u00e9 Agust\u00edn Mart\u00ednez - AREA LORCA RADIO","robots":{"index":"index","follow":"follow","max-snippet":"max-snippet:-1","max-image-preview":"max-image-preview:large","max-video-preview":"max-video-preview:-1"},"canonical":"https:\/\/arealorcaradio.es\/index.php\/2025\/04\/22\/el-olimpico-de-totana-vuelve-a-la-tercera-rfef-liderado-por-el-tecnico-jose-agustin-martinez\/","og_locale":"es_ES","og_type":"article","og_title":"El Ol\u00edmpico de Totana vuelve a la Tercera RFEF liderado por el t\u00e9cnico Jos\u00e9 Agust\u00edn Mart\u00ednez - AREA LORCA RADIO","og_description":"\u00c1REA LORCA RADIO. Deportes. El Club Ol\u00edmpico de Totana volver\u00e1 a competir la pr\u00f3xima temporada en Tercera RFEF. Tras la \u00faltima jornada en el Grupo 4 de Segunda Federaci\u00f3n en la que la Deportiva Minera certificaba su permanencia en la categor\u00eda ascend\u00edan de un tir\u00f3n pese a no haber competici\u00f3n en Preferente Auton\u00f3mica el pasado [&hellip;]","og_url":"https:\/\/arealorcaradio.es\/index.php\/2025\/04\/22\/el-olimpico-de-totana-vuelve-a-la-tercera-rfef-liderado-por-el-tecnico-jose-agustin-martinez\/","og_site_name":"AREA LORCA RADIO","article_published_time":"2025-04-22T10:26:54+00:00","article_modified_time":"2025-04-22T10:42:00+00:00","og_image":[{"width":1013,"height":675,"url":"https:\/\/arealorcaradio.es\/wp-content\/uploads\/2025\/04\/IMG-20250422-WA0002.jpg","type":"image\/jpeg"}],"author":"Paco S\u00e1nchez","twitter_card":"summary_large_image","twitter_misc":{"Escrito por":"Paco S\u00e1nchez","Tiempo de lectura":"2 minutos"},"schema":{"@context":"https:\/\/schema.org","@graph":[{"@type":"Article","@id":"https:\/\/arealorcaradio.es\/index.php\/2025\/04\/22\/el-olimpico-de-totana-vuelve-a-la-tercera-rfef-liderado-por-el-tecnico-jose-agustin-martinez\/#article","isPartOf":{"@id":"https:\/\/arealorcaradio.es\/index.php\/2025\/04\/22\/el-olimpico-de-totana-vuelve-a-la-tercera-rfef-liderado-por-el-tecnico-jose-agustin-martinez\/"},"author":{"name":"Paco S\u00e1nchez","@id":"https:\/\/arealorcaradio.es\/#\/schema\/person\/9fae605fc25b0f2c83c1ab207139bd27"},"headline":"El Ol\u00edmpico de Totana vuelve a la Tercera RFEF liderado por el t\u00e9cnico Jos\u00e9 Agust\u00edn Mart\u00ednez","datePublished":"2025-04-22T10:26:54+00:00","dateModified":"2025-04-22T10:42:00+00:00","mainEntityOfPage":{"@id":"https:\/\/arealorcaradio.es\/index.php\/2025\/04\/22\/el-olimpico-de-totana-vuelve-a-la-tercera-rfef-liderado-por-el-tecnico-jose-agustin-martinez\/"},"wordCount":264,"commentCount":0,"image":{"@id":"https:\/\/arealorcaradio.es\/index.php\/2025\/04\/22\/el-olimpico-de-totana-vuelve-a-la-tercera-rfef-liderado-por-el-tecnico-jose-agustin-martinez\/#primaryimage"},"thumbnailUrl":"https:\/\/arealorcaradio.es\/wp-content\/uploads\/2025\/04\/IMG-20250422-WA0002.jpg","articleSection":["DEPORTES","LORCA"],"inLanguage":"es","potentialAction":[{"@type":"CommentAction","name":"Comment","target":["https:\/\/arealorcaradio.es\/index.php\/2025\/04\/22\/el-olimpico-de-totana-vuelve-a-la-tercera-rfef-liderado-por-el-tecnico-jose-agustin-martinez\/#respond"]}]},{"@type":"WebPage","@id":"https:\/\/arealorcaradio.es\/index.php\/2025\/04\/22\/el-olimpico-de-totana-vuelve-a-la-tercera-rfef-liderado-por-el-tecnico-jose-agustin-martinez\/","url":"https:\/\/arealorcaradio.es\/index.php\/2025\/04\/22\/el-olimpico-de-totana-vuelve-a-la-tercera-rfef-liderado-por-el-tecnico-jose-agustin-martinez\/","name":"El Ol\u00edmpico de Totana vuelve a la Tercera RFEF liderado por el t\u00e9cnico Jos\u00e9 Agust\u00edn Mart\u00ednez - AREA LORCA RADIO","isPartOf":{"@id":"https:\/\/arealorcaradio.es\/#website"},"primaryImageOfPage":{"@id":"https:\/\/arealorcaradio.es\/index.php\/2025\/04\/22\/el-olimpico-de-totana-vuelve-a-la-tercera-rfef-liderado-por-el-tecnico-jose-agustin-martinez\/#primaryimage"},"image":{"@id":"https:\/\/arealorcaradio.es\/index.php\/2025\/04\/22\/el-olimpico-de-totana-vuelve-a-la-tercera-rfef-liderado-por-el-tecnico-jose-agustin-martinez\/#primaryimage"},"thumbnailUrl":"https:\/\/arealorcaradio.es\/wp-content\/uploads\/2025\/04\/IMG-20250422-WA0002.jpg","datePublished":"2025-04-22T10:26:54+00:00","dateModified":"2025-04-22T10:42:00+00:00","author":{"@id":"https:\/\/arealorcaradio.es\/#\/schema\/person\/9fae605fc25b0f2c83c1ab207139bd27"},"breadcrumb":{"@id":"https:\/\/arealorcaradio.es\/index.php\/2025\/04\/22\/el-olimpico-de-totana-vuelve-a-la-tercera-rfef-liderado-por-el-tecnico-jose-agustin-martinez\/#breadcrumb"},"inLanguage":"es","potentialAction":[{"@type":"ReadAction","target":["https:\/\/arealorcaradio.es\/index.php\/2025\/04\/22\/el-olimpico-de-totana-vuelve-a-la-tercera-rfef-liderado-por-el-tecnico-jose-agustin-martinez\/"]}]},{"@type":"ImageObject","inLanguage":"es","@id":"https:\/\/arealorcaradio.es\/index.php\/2025\/04\/22\/el-olimpico-de-totana-vuelve-a-la-tercera-rfef-liderado-por-el-tecnico-jose-agustin-martinez\/#primaryimage","url":"https:\/\/arealorcaradio.es\/wp-content\/uploads\/2025\/04\/IMG-20250422-WA0002.jpg","contentUrl":"https:\/\/arealorcaradio.es\/wp-content\/uploads\/2025\/04\/IMG-20250422-WA0002.jpg","width":1013,"height":675},{"@type":"BreadcrumbList","@id":"https:\/\/arealorcaradio.es\/index.php\/2025\/04\/22\/el-olimpico-de-totana-vuelve-a-la-tercera-rfef-liderado-por-el-tecnico-jose-agustin-martinez\/#breadcrumb","itemListElement":[{"@type":"ListItem","position":1,"name":"Portada","item":"https:\/\/arealorcaradio.es\/"},{"@type":"ListItem","position":2,"name":"El Ol\u00edmpico de Totana vuelve a la Tercera RFEF liderado por el t\u00e9cnico Jos\u00e9 Agust\u00edn Mart\u00ednez"}]},{"@type":"WebSite","@id":"https:\/\/arealorcaradio.es\/#website","url":"https:\/\/arealorcaradio.es\/","name":"AREA LORCA RADIO","description":"Descubre la programaci\u00f3n actual en \u00c1rea Lorca Radio, tu fuente de entrenamiento y noticias locales. Sintoniza ahora y mantente conectado online.","potentialAction":[{"@type":"SearchAction","target":{"@type":"EntryPoint","urlTemplate":"https:\/\/arealorcaradio.es\/?s={search_term_string}"},"query-input":{"@type":"PropertyValueSpecification","valueRequired":true,"valueName":"search_term_string"}}],"inLanguage":"es"},{"@type":"Person","@id":"https:\/\/arealorcaradio.es\/#\/schema\/person\/9fae605fc25b0f2c83c1ab207139bd27","name":"Paco S\u00e1nchez","image":{"@type":"ImageObject","inLanguage":"es","@id":"https:\/\/secure.gravatar.com\/avatar\/d67144e966420fb74aa84c9f2a0103be4724fd14db52b52d3b6bca749f257e79?s=96&d=mm&r=g","url":"https:\/\/secure.gravatar.com\/avatar\/d67144e966420fb74aa84c9f2a0103be4724fd14db52b52d3b6bca749f257e79?s=96&d=mm&r=g","contentUrl":"https:\/\/secure.gravatar.com\/avatar\/d67144e966420fb74aa84c9f2a0103be4724fd14db52b52d3b6bca749f257e79?s=96&d=mm&r=g","caption":"Paco S\u00e1nchez"},"sameAs":["https:\/\/arealorcaradio.es"],"url":"https:\/\/arealorcaradio.es\/index.php\/author\/admin_alorcaradio\/"}]}},"_links":{"self":[{"href":"https:\/\/arealorcaradio.es\/index.php\/wp-json\/wp\/v2\/posts\/6277","targetHints":{"allow":["GET"]}}],"collection":[{"href":"https:\/\/arealorcaradio.es\/index.php\/wp-json\/wp\/v2\/posts"}],"about":[{"href":"https:\/\/arealorcaradio.es\/index.php\/wp-json\/wp\/v2\/types\/post"}],"author":[{"embeddable":true,"href":"https:\/\/arealorcaradio.es\/index.php\/wp-json\/wp\/v2\/users\/1"}],"replies":[{"embeddable":true,"href":"https:\/\/arealorcaradio.es\/index.php\/wp-json\/wp\/v2\/comments?post=6277"}],"version-history":[{"count":3,"href":"https:\/\/arealorcaradio.es\/index.php\/wp-json\/wp\/v2\/posts\/6277\/revisions"}],"predecessor-version":[{"id":6285,"href":"https:\/\/arealorcaradio.es\/index.php\/wp-json\/wp\/v2\/posts\/6277\/revisions\/6285"}],"wp:featuredmedia":[{"embeddable":true,"href":"https:\/\/arealorcaradio.es\/index.php\/wp-json\/wp\/v2\/media\/6281"}],"wp:attachment":[{"href":"https:\/\/arealorcaradio.es\/index.php\/wp-json\/wp\/v2\/media?parent=6277"}],"wp:term":[{"taxonomy":"category","embeddable":true,"href":"https:\/\/arealorcaradio.es\/index.php\/wp-json\/wp\/v2\/categories?post=6277"},{"taxonomy":"post_tag","embeddable":true,"href":"https:\/\/arealorcaradio.es\/index.php\/wp-json\/wp\/v2\/tags?post=6277"}],"curies":[{"name":"wp","href":"https:\/\/api.w.org\/{rel}","templated":true}]}}