{"id":6270,"date":"2025-04-21T17:00:17","date_gmt":"2025-04-21T17:00:17","guid":{"rendered":"https:\/\/arealorcaradio.es\/?p=6270"},"modified":"2025-04-21T17:00:17","modified_gmt":"2025-04-21T17:00:17","slug":"el-lorca-deportiva-en-manos-de-sebas-lopez-y-arturo-latorre-ambos-con-experiencia-en-ascensos","status":"publish","type":"post","link":"https:\/\/arealorcaradio.es\/index.php\/2025\/04\/21\/el-lorca-deportiva-en-manos-de-sebas-lopez-y-arturo-latorre-ambos-con-experiencia-en-ascensos\/","title":{"rendered":"El Lorca Deportiva en manos de Sebas L\u00f3pez y Arturo Latorre ambos con experiencia en ascensos"},"content":{"rendered":"<p><strong>\u00c1REA LORCA RADIO. Deportes.<\/strong><\/p>\n<p>Escucha aqu\u00ed la intervenci\u00f3n de Sebas L\u00f3pez y Arturo Latorre en el programa deportivo de \u00c1rea Lorca Radio en el que ambos hablan con Paco S\u00e1nchez del trabajo desarrollado hasta ahora al frente del Lorca Deportiva con unos n\u00fameros que son un autentico esc\u00e1ndalo. Sebas\u00a0 L\u00f3pez es el m\u00e1ximo responsable del cuerpo t\u00e9cnico y Arturo Latorre es adjunto a ese cuerpo t\u00e9cnico.<\/p>\n<audio class=\"wp-audio-shortcode\" id=\"audio-6270-1\" preload=\"none\" style=\"width: 100%;\" controls=\"controls\"><source type=\"audio\/mpeg\" src=\"https:\/\/arealorcaradio.es\/wp-content\/uploads\/2025\/04\/210425-SEBAS-LOPEZ-Y-ARTURO-LATORRE.mp3?_=1\" \/><a href=\"https:\/\/arealorcaradio.es\/wp-content\/uploads\/2025\/04\/210425-SEBAS-LOPEZ-Y-ARTURO-LATORRE.mp3\">https:\/\/arealorcaradio.es\/wp-content\/uploads\/2025\/04\/210425-SEBAS-LOPEZ-Y-ARTURO-LATORRE.mp3<\/a><\/audio>\n<p><img loading=\"lazy\" decoding=\"async\" class=\"alignnone size-medium wp-image-6272\" src=\"https:\/\/arealorcaradio.es\/wp-content\/uploads\/2025\/04\/Arturo-Latorre-Estudio-2-300x225.jpg\" alt=\"\" width=\"300\" height=\"225\" srcset=\"https:\/\/arealorcaradio.es\/wp-content\/uploads\/2025\/04\/Arturo-Latorre-Estudio-2-300x225.jpg 300w, https:\/\/arealorcaradio.es\/wp-content\/uploads\/2025\/04\/Arturo-Latorre-Estudio-2-1024x768.jpg 1024w, https:\/\/arealorcaradio.es\/wp-content\/uploads\/2025\/04\/Arturo-Latorre-Estudio-2-768x576.jpg 768w, https:\/\/arealorcaradio.es\/wp-content\/uploads\/2025\/04\/Arturo-Latorre-Estudio-2-1536x1152.jpg 1536w, https:\/\/arealorcaradio.es\/wp-content\/uploads\/2025\/04\/Arturo-Latorre-Estudio-2-2048x1536.jpg 2048w, https:\/\/arealorcaradio.es\/wp-content\/uploads\/2025\/04\/Arturo-Latorre-Estudio-2-86x64.jpg 86w\" sizes=\"auto, (max-width: 300px) 100vw, 300px\" \/> \u00a0<img loading=\"lazy\" decoding=\"async\" class=\"alignnone size-medium wp-image-6273\" src=\"https:\/\/arealorcaradio.es\/wp-content\/uploads\/2025\/04\/20250421_122654-300x225.jpg\" alt=\"\" width=\"300\" height=\"225\" srcset=\"https:\/\/arealorcaradio.es\/wp-content\/uploads\/2025\/04\/20250421_122654-300x225.jpg 300w, https:\/\/arealorcaradio.es\/wp-content\/uploads\/2025\/04\/20250421_122654-1024x768.jpg 1024w, https:\/\/arealorcaradio.es\/wp-content\/uploads\/2025\/04\/20250421_122654-768x576.jpg 768w, https:\/\/arealorcaradio.es\/wp-content\/uploads\/2025\/04\/20250421_122654-1536x1152.jpg 1536w, https:\/\/arealorcaradio.es\/wp-content\/uploads\/2025\/04\/20250421_122654-2048x1536.jpg 2048w, https:\/\/arealorcaradio.es\/wp-content\/uploads\/2025\/04\/20250421_122654-86x64.jpg 86w\" sizes=\"auto, (max-width: 300px) 100vw, 300px\" \/><\/p>\n<p>En imagen Arturo Latorre, qui\u00e9n ha ascendido a\u00f1os pasados formando parte de diferentes cargos con Lorca Deportiva, Atl\u00e9tico Pulpile\u00f1o y \u00c1guilas FC.<\/p>\n","protected":false},"excerpt":{"rendered":"<p>\u00c1REA LORCA RADIO. Deportes. Escucha aqu\u00ed la intervenci\u00f3n de Sebas L\u00f3pez y Arturo Latorre en el programa deportivo de \u00c1rea Lorca Radio en el que ambos hablan con Paco S\u00e1nchez del trabajo desarrollado hasta ahora al frente del Lorca Deportiva con unos n\u00fameros que son un autentico esc\u00e1ndalo. Sebas\u00a0 L\u00f3pez es el m\u00e1ximo responsable del [&hellip;]<\/p>\n","protected":false},"author":1,"featured_media":6274,"comment_status":"open","ping_status":"open","sticky":false,"template":"","format":"standard","meta":{"iawp_total_views":248,"footnotes":""},"categories":[4,7],"tags":[],"class_list":["post-6270","post","type-post","status-publish","format-standard","has-post-thumbnail","hentry","category-deportes","category-lorca"],"yoast_head":"<!-- This site is optimized with the Yoast SEO plugin v27.5 - https:\/\/yoast.com\/product\/yoast-seo-wordpress\/ -->\n<title>El Lorca Deportiva en manos de Sebas L\u00f3pez y Arturo Latorre ambos con experiencia en ascensos - AREA LORCA RADIO<\/title>\n<meta name=\"robots\" content=\"index, follow, max-snippet:-1, max-image-preview:large, max-video-preview:-1\" \/>\n<link rel=\"canonical\" href=\"https:\/\/arealorcaradio.es\/index.php\/2025\/04\/21\/el-lorca-deportiva-en-manos-de-sebas-lopez-y-arturo-latorre-ambos-con-experiencia-en-ascensos\/\" \/>\n<meta property=\"og:locale\" content=\"es_ES\" \/>\n<meta property=\"og:type\" content=\"article\" \/>\n<meta property=\"og:title\" content=\"El Lorca Deportiva en manos de Sebas L\u00f3pez y Arturo Latorre ambos con experiencia en ascensos - AREA LORCA RADIO\" \/>\n<meta property=\"og:description\" content=\"\u00c1REA LORCA RADIO. Deportes. Escucha aqu\u00ed la intervenci\u00f3n de Sebas L\u00f3pez y Arturo Latorre en el programa deportivo de \u00c1rea Lorca Radio en el que ambos hablan con Paco S\u00e1nchez del trabajo desarrollado hasta ahora al frente del Lorca Deportiva con unos n\u00fameros que son un autentico esc\u00e1ndalo. Sebas\u00a0 L\u00f3pez es el m\u00e1ximo responsable del [&hellip;]\" \/>\n<meta property=\"og:url\" content=\"https:\/\/arealorcaradio.es\/index.php\/2025\/04\/21\/el-lorca-deportiva-en-manos-de-sebas-lopez-y-arturo-latorre-ambos-con-experiencia-en-ascensos\/\" \/>\n<meta property=\"og:site_name\" content=\"AREA LORCA RADIO\" \/>\n<meta property=\"article:published_time\" content=\"2025-04-21T17:00:17+00:00\" \/>\n<meta property=\"og:image\" content=\"https:\/\/arealorcaradio.es\/wp-content\/uploads\/2025\/04\/IMG-20250421-WA0022.jpg\" \/>\n\t<meta property=\"og:image:width\" content=\"1600\" \/>\n\t<meta property=\"og:image:height\" content=\"1066\" \/>\n\t<meta property=\"og:image:type\" content=\"image\/jpeg\" \/>\n<meta name=\"author\" content=\"Paco S\u00e1nchez\" \/>\n<meta name=\"twitter:card\" content=\"summary_large_image\" \/>\n<meta name=\"twitter:label1\" content=\"Escrito por\" \/>\n\t<meta name=\"twitter:data1\" content=\"Paco S\u00e1nchez\" \/>\n\t<meta name=\"twitter:label2\" content=\"Tiempo de lectura\" \/>\n\t<meta name=\"twitter:data2\" content=\"2 minutos\" \/>\n<script type=\"application\/ld+json\" class=\"yoast-schema-graph\">{\"@context\":\"https:\\\/\\\/schema.org\",\"@graph\":[{\"@type\":\"Article\",\"@id\":\"https:\\\/\\\/arealorcaradio.es\\\/index.php\\\/2025\\\/04\\\/21\\\/el-lorca-deportiva-en-manos-de-sebas-lopez-y-arturo-latorre-ambos-con-experiencia-en-ascensos\\\/#article\",\"isPartOf\":{\"@id\":\"https:\\\/\\\/arealorcaradio.es\\\/index.php\\\/2025\\\/04\\\/21\\\/el-lorca-deportiva-en-manos-de-sebas-lopez-y-arturo-latorre-ambos-con-experiencia-en-ascensos\\\/\"},\"author\":{\"name\":\"Paco S\u00e1nchez\",\"@id\":\"https:\\\/\\\/arealorcaradio.es\\\/#\\\/schema\\\/person\\\/9fae605fc25b0f2c83c1ab207139bd27\"},\"headline\":\"El Lorca Deportiva en manos de Sebas L\u00f3pez y Arturo Latorre ambos con experiencia en ascensos\",\"datePublished\":\"2025-04-21T17:00:17+00:00\",\"mainEntityOfPage\":{\"@id\":\"https:\\\/\\\/arealorcaradio.es\\\/index.php\\\/2025\\\/04\\\/21\\\/el-lorca-deportiva-en-manos-de-sebas-lopez-y-arturo-latorre-ambos-con-experiencia-en-ascensos\\\/\"},\"wordCount\":128,\"commentCount\":0,\"image\":{\"@id\":\"https:\\\/\\\/arealorcaradio.es\\\/index.php\\\/2025\\\/04\\\/21\\\/el-lorca-deportiva-en-manos-de-sebas-lopez-y-arturo-latorre-ambos-con-experiencia-en-ascensos\\\/#primaryimage\"},\"thumbnailUrl\":\"https:\\\/\\\/arealorcaradio.es\\\/wp-content\\\/uploads\\\/2025\\\/04\\\/IMG-20250421-WA0022.jpg\",\"articleSection\":[\"DEPORTES\",\"LORCA\"],\"inLanguage\":\"es\",\"potentialAction\":[{\"@type\":\"CommentAction\",\"name\":\"Comment\",\"target\":[\"https:\\\/\\\/arealorcaradio.es\\\/index.php\\\/2025\\\/04\\\/21\\\/el-lorca-deportiva-en-manos-de-sebas-lopez-y-arturo-latorre-ambos-con-experiencia-en-ascensos\\\/#respond\"]}]},{\"@type\":\"WebPage\",\"@id\":\"https:\\\/\\\/arealorcaradio.es\\\/index.php\\\/2025\\\/04\\\/21\\\/el-lorca-deportiva-en-manos-de-sebas-lopez-y-arturo-latorre-ambos-con-experiencia-en-ascensos\\\/\",\"url\":\"https:\\\/\\\/arealorcaradio.es\\\/index.php\\\/2025\\\/04\\\/21\\\/el-lorca-deportiva-en-manos-de-sebas-lopez-y-arturo-latorre-ambos-con-experiencia-en-ascensos\\\/\",\"name\":\"El Lorca Deportiva en manos de Sebas L\u00f3pez y Arturo Latorre ambos con experiencia en ascensos - AREA LORCA RADIO\",\"isPartOf\":{\"@id\":\"https:\\\/\\\/arealorcaradio.es\\\/#website\"},\"primaryImageOfPage\":{\"@id\":\"https:\\\/\\\/arealorcaradio.es\\\/index.php\\\/2025\\\/04\\\/21\\\/el-lorca-deportiva-en-manos-de-sebas-lopez-y-arturo-latorre-ambos-con-experiencia-en-ascensos\\\/#primaryimage\"},\"image\":{\"@id\":\"https:\\\/\\\/arealorcaradio.es\\\/index.php\\\/2025\\\/04\\\/21\\\/el-lorca-deportiva-en-manos-de-sebas-lopez-y-arturo-latorre-ambos-con-experiencia-en-ascensos\\\/#primaryimage\"},\"thumbnailUrl\":\"https:\\\/\\\/arealorcaradio.es\\\/wp-content\\\/uploads\\\/2025\\\/04\\\/IMG-20250421-WA0022.jpg\",\"datePublished\":\"2025-04-21T17:00:17+00:00\",\"author\":{\"@id\":\"https:\\\/\\\/arealorcaradio.es\\\/#\\\/schema\\\/person\\\/9fae605fc25b0f2c83c1ab207139bd27\"},\"breadcrumb\":{\"@id\":\"https:\\\/\\\/arealorcaradio.es\\\/index.php\\\/2025\\\/04\\\/21\\\/el-lorca-deportiva-en-manos-de-sebas-lopez-y-arturo-latorre-ambos-con-experiencia-en-ascensos\\\/#breadcrumb\"},\"inLanguage\":\"es\",\"potentialAction\":[{\"@type\":\"ReadAction\",\"target\":[\"https:\\\/\\\/arealorcaradio.es\\\/index.php\\\/2025\\\/04\\\/21\\\/el-lorca-deportiva-en-manos-de-sebas-lopez-y-arturo-latorre-ambos-con-experiencia-en-ascensos\\\/\"]}]},{\"@type\":\"ImageObject\",\"inLanguage\":\"es\",\"@id\":\"https:\\\/\\\/arealorcaradio.es\\\/index.php\\\/2025\\\/04\\\/21\\\/el-lorca-deportiva-en-manos-de-sebas-lopez-y-arturo-latorre-ambos-con-experiencia-en-ascensos\\\/#primaryimage\",\"url\":\"https:\\\/\\\/arealorcaradio.es\\\/wp-content\\\/uploads\\\/2025\\\/04\\\/IMG-20250421-WA0022.jpg\",\"contentUrl\":\"https:\\\/\\\/arealorcaradio.es\\\/wp-content\\\/uploads\\\/2025\\\/04\\\/IMG-20250421-WA0022.jpg\",\"width\":1600,\"height\":1066},{\"@type\":\"BreadcrumbList\",\"@id\":\"https:\\\/\\\/arealorcaradio.es\\\/index.php\\\/2025\\\/04\\\/21\\\/el-lorca-deportiva-en-manos-de-sebas-lopez-y-arturo-latorre-ambos-con-experiencia-en-ascensos\\\/#breadcrumb\",\"itemListElement\":[{\"@type\":\"ListItem\",\"position\":1,\"name\":\"Portada\",\"item\":\"https:\\\/\\\/arealorcaradio.es\\\/\"},{\"@type\":\"ListItem\",\"position\":2,\"name\":\"El Lorca Deportiva en manos de Sebas L\u00f3pez y Arturo Latorre ambos con experiencia en ascensos\"}]},{\"@type\":\"WebSite\",\"@id\":\"https:\\\/\\\/arealorcaradio.es\\\/#website\",\"url\":\"https:\\\/\\\/arealorcaradio.es\\\/\",\"name\":\"AREA LORCA RADIO\",\"description\":\"Descubre la programaci\u00f3n actual en \u00c1rea Lorca Radio, tu fuente de entrenamiento y noticias locales. Sintoniza ahora y mantente conectado online.\",\"potentialAction\":[{\"@type\":\"SearchAction\",\"target\":{\"@type\":\"EntryPoint\",\"urlTemplate\":\"https:\\\/\\\/arealorcaradio.es\\\/?s={search_term_string}\"},\"query-input\":{\"@type\":\"PropertyValueSpecification\",\"valueRequired\":true,\"valueName\":\"search_term_string\"}}],\"inLanguage\":\"es\"},{\"@type\":\"Person\",\"@id\":\"https:\\\/\\\/arealorcaradio.es\\\/#\\\/schema\\\/person\\\/9fae605fc25b0f2c83c1ab207139bd27\",\"name\":\"Paco S\u00e1nchez\",\"image\":{\"@type\":\"ImageObject\",\"inLanguage\":\"es\",\"@id\":\"https:\\\/\\\/secure.gravatar.com\\\/avatar\\\/d67144e966420fb74aa84c9f2a0103be4724fd14db52b52d3b6bca749f257e79?s=96&d=mm&r=g\",\"url\":\"https:\\\/\\\/secure.gravatar.com\\\/avatar\\\/d67144e966420fb74aa84c9f2a0103be4724fd14db52b52d3b6bca749f257e79?s=96&d=mm&r=g\",\"contentUrl\":\"https:\\\/\\\/secure.gravatar.com\\\/avatar\\\/d67144e966420fb74aa84c9f2a0103be4724fd14db52b52d3b6bca749f257e79?s=96&d=mm&r=g\",\"caption\":\"Paco S\u00e1nchez\"},\"sameAs\":[\"https:\\\/\\\/arealorcaradio.es\"],\"url\":\"https:\\\/\\\/arealorcaradio.es\\\/index.php\\\/author\\\/admin_alorcaradio\\\/\"}]}<\/script>\n<!-- \/ Yoast SEO plugin. -->","yoast_head_json":{"title":"El Lorca Deportiva en manos de Sebas L\u00f3pez y Arturo Latorre ambos con experiencia en ascensos - AREA LORCA RADIO","robots":{"index":"index","follow":"follow","max-snippet":"max-snippet:-1","max-image-preview":"max-image-preview:large","max-video-preview":"max-video-preview:-1"},"canonical":"https:\/\/arealorcaradio.es\/index.php\/2025\/04\/21\/el-lorca-deportiva-en-manos-de-sebas-lopez-y-arturo-latorre-ambos-con-experiencia-en-ascensos\/","og_locale":"es_ES","og_type":"article","og_title":"El Lorca Deportiva en manos de Sebas L\u00f3pez y Arturo Latorre ambos con experiencia en ascensos - AREA LORCA RADIO","og_description":"\u00c1REA LORCA RADIO. Deportes. Escucha aqu\u00ed la intervenci\u00f3n de Sebas L\u00f3pez y Arturo Latorre en el programa deportivo de \u00c1rea Lorca Radio en el que ambos hablan con Paco S\u00e1nchez del trabajo desarrollado hasta ahora al frente del Lorca Deportiva con unos n\u00fameros que son un autentico esc\u00e1ndalo. Sebas\u00a0 L\u00f3pez es el m\u00e1ximo responsable del [&hellip;]","og_url":"https:\/\/arealorcaradio.es\/index.php\/2025\/04\/21\/el-lorca-deportiva-en-manos-de-sebas-lopez-y-arturo-latorre-ambos-con-experiencia-en-ascensos\/","og_site_name":"AREA LORCA RADIO","article_published_time":"2025-04-21T17:00:17+00:00","og_image":[{"width":1600,"height":1066,"url":"https:\/\/arealorcaradio.es\/wp-content\/uploads\/2025\/04\/IMG-20250421-WA0022.jpg","type":"image\/jpeg"}],"author":"Paco S\u00e1nchez","twitter_card":"summary_large_image","twitter_misc":{"Escrito por":"Paco S\u00e1nchez","Tiempo de lectura":"2 minutos"},"schema":{"@context":"https:\/\/schema.org","@graph":[{"@type":"Article","@id":"https:\/\/arealorcaradio.es\/index.php\/2025\/04\/21\/el-lorca-deportiva-en-manos-de-sebas-lopez-y-arturo-latorre-ambos-con-experiencia-en-ascensos\/#article","isPartOf":{"@id":"https:\/\/arealorcaradio.es\/index.php\/2025\/04\/21\/el-lorca-deportiva-en-manos-de-sebas-lopez-y-arturo-latorre-ambos-con-experiencia-en-ascensos\/"},"author":{"name":"Paco S\u00e1nchez","@id":"https:\/\/arealorcaradio.es\/#\/schema\/person\/9fae605fc25b0f2c83c1ab207139bd27"},"headline":"El Lorca Deportiva en manos de Sebas L\u00f3pez y Arturo Latorre ambos con experiencia en ascensos","datePublished":"2025-04-21T17:00:17+00:00","mainEntityOfPage":{"@id":"https:\/\/arealorcaradio.es\/index.php\/2025\/04\/21\/el-lorca-deportiva-en-manos-de-sebas-lopez-y-arturo-latorre-ambos-con-experiencia-en-ascensos\/"},"wordCount":128,"commentCount":0,"image":{"@id":"https:\/\/arealorcaradio.es\/index.php\/2025\/04\/21\/el-lorca-deportiva-en-manos-de-sebas-lopez-y-arturo-latorre-ambos-con-experiencia-en-ascensos\/#primaryimage"},"thumbnailUrl":"https:\/\/arealorcaradio.es\/wp-content\/uploads\/2025\/04\/IMG-20250421-WA0022.jpg","articleSection":["DEPORTES","LORCA"],"inLanguage":"es","potentialAction":[{"@type":"CommentAction","name":"Comment","target":["https:\/\/arealorcaradio.es\/index.php\/2025\/04\/21\/el-lorca-deportiva-en-manos-de-sebas-lopez-y-arturo-latorre-ambos-con-experiencia-en-ascensos\/#respond"]}]},{"@type":"WebPage","@id":"https:\/\/arealorcaradio.es\/index.php\/2025\/04\/21\/el-lorca-deportiva-en-manos-de-sebas-lopez-y-arturo-latorre-ambos-con-experiencia-en-ascensos\/","url":"https:\/\/arealorcaradio.es\/index.php\/2025\/04\/21\/el-lorca-deportiva-en-manos-de-sebas-lopez-y-arturo-latorre-ambos-con-experiencia-en-ascensos\/","name":"El Lorca Deportiva en manos de Sebas L\u00f3pez y Arturo Latorre ambos con experiencia en ascensos - AREA LORCA RADIO","isPartOf":{"@id":"https:\/\/arealorcaradio.es\/#website"},"primaryImageOfPage":{"@id":"https:\/\/arealorcaradio.es\/index.php\/2025\/04\/21\/el-lorca-deportiva-en-manos-de-sebas-lopez-y-arturo-latorre-ambos-con-experiencia-en-ascensos\/#primaryimage"},"image":{"@id":"https:\/\/arealorcaradio.es\/index.php\/2025\/04\/21\/el-lorca-deportiva-en-manos-de-sebas-lopez-y-arturo-latorre-ambos-con-experiencia-en-ascensos\/#primaryimage"},"thumbnailUrl":"https:\/\/arealorcaradio.es\/wp-content\/uploads\/2025\/04\/IMG-20250421-WA0022.jpg","datePublished":"2025-04-21T17:00:17+00:00","author":{"@id":"https:\/\/arealorcaradio.es\/#\/schema\/person\/9fae605fc25b0f2c83c1ab207139bd27"},"breadcrumb":{"@id":"https:\/\/arealorcaradio.es\/index.php\/2025\/04\/21\/el-lorca-deportiva-en-manos-de-sebas-lopez-y-arturo-latorre-ambos-con-experiencia-en-ascensos\/#breadcrumb"},"inLanguage":"es","potentialAction":[{"@type":"ReadAction","target":["https:\/\/arealorcaradio.es\/index.php\/2025\/04\/21\/el-lorca-deportiva-en-manos-de-sebas-lopez-y-arturo-latorre-ambos-con-experiencia-en-ascensos\/"]}]},{"@type":"ImageObject","inLanguage":"es","@id":"https:\/\/arealorcaradio.es\/index.php\/2025\/04\/21\/el-lorca-deportiva-en-manos-de-sebas-lopez-y-arturo-latorre-ambos-con-experiencia-en-ascensos\/#primaryimage","url":"https:\/\/arealorcaradio.es\/wp-content\/uploads\/2025\/04\/IMG-20250421-WA0022.jpg","contentUrl":"https:\/\/arealorcaradio.es\/wp-content\/uploads\/2025\/04\/IMG-20250421-WA0022.jpg","width":1600,"height":1066},{"@type":"BreadcrumbList","@id":"https:\/\/arealorcaradio.es\/index.php\/2025\/04\/21\/el-lorca-deportiva-en-manos-de-sebas-lopez-y-arturo-latorre-ambos-con-experiencia-en-ascensos\/#breadcrumb","itemListElement":[{"@type":"ListItem","position":1,"name":"Portada","item":"https:\/\/arealorcaradio.es\/"},{"@type":"ListItem","position":2,"name":"El Lorca Deportiva en manos de Sebas L\u00f3pez y Arturo Latorre ambos con experiencia en ascensos"}]},{"@type":"WebSite","@id":"https:\/\/arealorcaradio.es\/#website","url":"https:\/\/arealorcaradio.es\/","name":"AREA LORCA RADIO","description":"Descubre la programaci\u00f3n actual en \u00c1rea Lorca Radio, tu fuente de entrenamiento y noticias locales. Sintoniza ahora y mantente conectado online.","potentialAction":[{"@type":"SearchAction","target":{"@type":"EntryPoint","urlTemplate":"https:\/\/arealorcaradio.es\/?s={search_term_string}"},"query-input":{"@type":"PropertyValueSpecification","valueRequired":true,"valueName":"search_term_string"}}],"inLanguage":"es"},{"@type":"Person","@id":"https:\/\/arealorcaradio.es\/#\/schema\/person\/9fae605fc25b0f2c83c1ab207139bd27","name":"Paco S\u00e1nchez","image":{"@type":"ImageObject","inLanguage":"es","@id":"https:\/\/secure.gravatar.com\/avatar\/d67144e966420fb74aa84c9f2a0103be4724fd14db52b52d3b6bca749f257e79?s=96&d=mm&r=g","url":"https:\/\/secure.gravatar.com\/avatar\/d67144e966420fb74aa84c9f2a0103be4724fd14db52b52d3b6bca749f257e79?s=96&d=mm&r=g","contentUrl":"https:\/\/secure.gravatar.com\/avatar\/d67144e966420fb74aa84c9f2a0103be4724fd14db52b52d3b6bca749f257e79?s=96&d=mm&r=g","caption":"Paco S\u00e1nchez"},"sameAs":["https:\/\/arealorcaradio.es"],"url":"https:\/\/arealorcaradio.es\/index.php\/author\/admin_alorcaradio\/"}]}},"_links":{"self":[{"href":"https:\/\/arealorcaradio.es\/index.php\/wp-json\/wp\/v2\/posts\/6270","targetHints":{"allow":["GET"]}}],"collection":[{"href":"https:\/\/arealorcaradio.es\/index.php\/wp-json\/wp\/v2\/posts"}],"about":[{"href":"https:\/\/arealorcaradio.es\/index.php\/wp-json\/wp\/v2\/types\/post"}],"author":[{"embeddable":true,"href":"https:\/\/arealorcaradio.es\/index.php\/wp-json\/wp\/v2\/users\/1"}],"replies":[{"embeddable":true,"href":"https:\/\/arealorcaradio.es\/index.php\/wp-json\/wp\/v2\/comments?post=6270"}],"version-history":[{"count":2,"href":"https:\/\/arealorcaradio.es\/index.php\/wp-json\/wp\/v2\/posts\/6270\/revisions"}],"predecessor-version":[{"id":6276,"href":"https:\/\/arealorcaradio.es\/index.php\/wp-json\/wp\/v2\/posts\/6270\/revisions\/6276"}],"wp:featuredmedia":[{"embeddable":true,"href":"https:\/\/arealorcaradio.es\/index.php\/wp-json\/wp\/v2\/media\/6274"}],"wp:attachment":[{"href":"https:\/\/arealorcaradio.es\/index.php\/wp-json\/wp\/v2\/media?parent=6270"}],"wp:term":[{"taxonomy":"category","embeddable":true,"href":"https:\/\/arealorcaradio.es\/index.php\/wp-json\/wp\/v2\/categories?post=6270"},{"taxonomy":"post_tag","embeddable":true,"href":"https:\/\/arealorcaradio.es\/index.php\/wp-json\/wp\/v2\/tags?post=6270"}],"curies":[{"name":"wp","href":"https:\/\/api.w.org\/{rel}","templated":true}]}}