{"id":6266,"date":"2025-04-16T11:05:19","date_gmt":"2025-04-16T11:05:19","guid":{"rendered":"https:\/\/arealorcaradio.es\/?p=6266"},"modified":"2025-04-16T11:05:19","modified_gmt":"2025-04-16T11:05:19","slug":"el-ciclo-lorca-emergente-ofrecera-conciertos-gratuitos-de-jovenes-musicos-locales-en-distintas-plazas-de-la-ciudad","status":"publish","type":"post","link":"https:\/\/arealorcaradio.es\/index.php\/2025\/04\/16\/el-ciclo-lorca-emergente-ofrecera-conciertos-gratuitos-de-jovenes-musicos-locales-en-distintas-plazas-de-la-ciudad\/","title":{"rendered":"El ciclo \u00abLorca Emergente\u00bb ofrecer\u00e1 conciertos gratuitos de j\u00f3venes m\u00fasicos locales en distintas plazas de la ciudad"},"content":{"rendered":"<p><strong>\u00c1REA LORCA RADIO. <\/strong><b>16 de abril de 2025.<\/b><\/p>\n<p>El Ayuntamiento de Lorca vuelve a organizar la segunda edici\u00f3n del ciclo de conciertos gratuitos de artistas lorquinos \u00abLorca Emergente\u00bb, con el objetivo de seguir dinamizando la hosteler\u00eda y el ocio en la ciudad, a la vez que apoyar el talento y el esfuerzo de j\u00f3venes bandas y cantantes locales, d\u00e1ndoles la oportunidad que merecen. As\u00ed lo ha anunciado este mi\u00e9rcoles el concejal de Talento Joven, Antonio David S\u00e1nchez, junto al presidente de Hostelor, Jes\u00fas Abellaneda, durante la presentaci\u00f3n de esta iniciativa que se llevar\u00e1 a cabo desde este s\u00e1bado 26 de abril hasta el \u00faltimo s\u00e1bado del mes de mayo.<\/p>\n<p class=\"v1MsoNormal\"><img loading=\"lazy\" decoding=\"async\" class=\"alignnone size-medium wp-image-6267\" src=\"https:\/\/arealorcaradio.es\/wp-content\/uploads\/2025\/04\/cartel-212x300.jpeg\" alt=\"\" width=\"212\" height=\"300\" srcset=\"https:\/\/arealorcaradio.es\/wp-content\/uploads\/2025\/04\/cartel-212x300.jpeg 212w, https:\/\/arealorcaradio.es\/wp-content\/uploads\/2025\/04\/cartel-724x1024.jpeg 724w, https:\/\/arealorcaradio.es\/wp-content\/uploads\/2025\/04\/cartel-768x1086.jpeg 768w, https:\/\/arealorcaradio.es\/wp-content\/uploads\/2025\/04\/cartel-1086x1536.jpeg 1086w, https:\/\/arealorcaradio.es\/wp-content\/uploads\/2025\/04\/cartel.jpeg 1448w\" sizes=\"auto, (max-width: 212px) 100vw, 212px\" \/><\/p>\n<p class=\"v1MsoNormal\">Antonio David S\u00e1nchez ha se\u00f1alado que \u00abdespu\u00e9s de las buenas sensaciones en la primera edici\u00f3n de &#8216;Lorca Emergente&#8217;, seguimos apostando por esta gran iniciativa cultural en la que damos la oportunidad de actuar en nuestras plazas y de darse a conocer m\u00e1s a algunas de las j\u00f3venes bandas y artistas lorquinos de estilos muy diversos, que sin duda adem\u00e1s de su pasi\u00f3n, esfuerzo y trabajo, tienen en com\u00fan un talento digno de ser reconocido por todos, y que est\u00e1n buscando su merecido hueco en el panorama musical\u00bb.<\/p>\n<p class=\"v1MsoNormal\">Y ha a\u00f1adido que \u00abcon esta iniciativa tambi\u00e9n seguimos apostando por dinamizar la vida social, cultural, gastron\u00f3mica y tur\u00edstica de Lorca, con el objetivo de convertirla de nuevo en epicentro de actividades de ocio dirigidas a todos los p\u00fablicos, especialmente, al p\u00fablico joven, siendo un revulsivo m\u00e1s dentro de la agenda de eventos para este 2025 que tenemos en nuestra localidad\u00bb.<\/p>\n<p class=\"v1MsoNormal\">El ciclo, cuyo todos sus conciertos comenzar\u00e1n a las 19 horas, se inaugura este 26 de abril con la actuaci\u00f3n de \u00abEstilo Misuri\u00bb en Plaza Calder\u00f3n. Una formaci\u00f3n de cuatro m\u00fasicos \u00abmel\u00f3manos, enamorados y empapados de la m\u00fasica espa\u00f1ola de los 90 y 2000, con pinceladas de estilos m\u00e1s modernos como el \u00abindie\u00bb, y que siempre aportan mucha energ\u00eda y toque personal a todas las canciones.<\/p>\n<p class=\"v1MsoNormal\">Seguir\u00e1 el s\u00e1bado 3 de mayo con el concierto de \u00abHot Manteca\u00bb en Plaza Arcoiris. Es una banda de rock de nueva creaci\u00f3n, con alma setentera y coraz\u00f3n de vinilo e influencias de leyendas de la m\u00fasica como Hendrix, Clapton, The Beatles o Led Zeppelin, mezclado con groove, energ\u00eda y mucho buen rollo. M\u00e1s all\u00e1 del sonido, Hot Manteca son tres amigos con una conexi\u00f3n enorme, que disfrutan a tope en el escenario y saben contagiar esa vibra al p\u00fablico.<\/p>\n<p class=\"v1MsoNormal\">El 10 de mayo disfrutaremos de \u00abCharlie Blue\u00bb en Plaza Real. Con una voz personal\u00edsima y con influencias indie-rock e indie-pop, Jos\u00e9 Carlos Alcolea se encuentra en pleno proceso de producci\u00f3n de su primer disco; \u00abEl viaje\u00bb, cuyas letras profundas y muy identificables y un sonido unas veces m\u00e1s mel\u00f3dico y otras m\u00e1s contundente y guitarrero, hacen que estemos ante un artista que transmite, totalmente apasionado por la m\u00fasica y que a buen seguro dar\u00e1 mucho que hablar.<\/p>\n<p class=\"v1MsoNormal\">El 17 de mayo ser\u00e1 el turno de \u00abLaza y Noe\u00bb, un dueto jovenc\u00edsimo a guitarra y piano con un alcance cada vez mayor en el mundo de la m\u00fasica, con canciones propias que transmiten mucha sensibilidad y emoci\u00f3n, y tambi\u00e9n &#8216;covers&#8217; de otros artistas del panorama nacional en los \u00faltimos tiempos, pero tambi\u00e9n de los 90 y 2000.<\/p>\n<p class=\"v1MsoNormal\">El 24 de mayo la Plaza Calder\u00f3n volver\u00e1 a ser escenario de este ciclo, albergando el concierto de \u00abTrepacerros\u00bb. Una banda totalmente diferente y festiva, con ritmos \u00abfolk, funky, hip hop y country\u00bb, entre otros. Seis j\u00f3venes originarios de las pedan\u00edas altas de Lorca, que prometen hacer divertirse y mucho al p\u00fablico con temas propios y un potente directo en el que el sonido y el constante cambio de instrumentos hace del show una experiencia \u00fanica.<\/p>\n<p class=\"v1MsoNormal\">Finalmente, el s\u00e1bado 31 de mayo ser\u00e1 el grupo \u00abPerssonas\u00bb el que ponga el broche de oro a esta actividad, con su actuaci\u00f3n en el Parque de San Jos\u00e9. Un grupo liderado por la cantante y compositora lorquina Joy V\u00e1zquez, que el pasado mes de noviembre public\u00f3 su primer EP; \u00abBajo la piel\u00bb, con influencias indie-rock, y que preparan ya su segundo trabajo discogr\u00e1fico y fechas en salas importantes de Murcia.<\/p>\n<p class=\"v1MsoNormal\">\n<p class=\"v1MsoNormal\">\n<p>&nbsp;<\/p>\n","protected":false},"excerpt":{"rendered":"<p>\u00c1REA LORCA RADIO. 16 de abril de 2025. El Ayuntamiento de Lorca vuelve a organizar la segunda edici\u00f3n del ciclo de conciertos gratuitos de artistas lorquinos \u00abLorca Emergente\u00bb, con el objetivo de seguir dinamizando la hosteler\u00eda y el ocio en la ciudad, a la vez que apoyar el talento y el esfuerzo de j\u00f3venes bandas [&hellip;]<\/p>\n","protected":false},"author":1,"featured_media":6268,"comment_status":"open","ping_status":"open","sticky":false,"template":"","format":"standard","meta":{"iawp_total_views":10,"footnotes":""},"categories":[5,7],"tags":[],"class_list":["post-6266","post","type-post","status-publish","format-standard","has-post-thumbnail","hentry","category-actualidad","category-lorca"],"yoast_head":"<!-- This site is optimized with the Yoast SEO plugin v27.5 - https:\/\/yoast.com\/product\/yoast-seo-wordpress\/ -->\n<title>El ciclo &quot;Lorca Emergente&quot; ofrecer\u00e1 conciertos gratuitos de j\u00f3venes m\u00fasicos locales en distintas plazas de la ciudad - AREA LORCA RADIO<\/title>\n<meta name=\"robots\" content=\"index, follow, max-snippet:-1, max-image-preview:large, max-video-preview:-1\" \/>\n<link rel=\"canonical\" href=\"https:\/\/arealorcaradio.es\/index.php\/2025\/04\/16\/el-ciclo-lorca-emergente-ofrecera-conciertos-gratuitos-de-jovenes-musicos-locales-en-distintas-plazas-de-la-ciudad\/\" \/>\n<meta property=\"og:locale\" content=\"es_ES\" \/>\n<meta property=\"og:type\" content=\"article\" \/>\n<meta property=\"og:title\" content=\"El ciclo &quot;Lorca Emergente&quot; ofrecer\u00e1 conciertos gratuitos de j\u00f3venes m\u00fasicos locales en distintas plazas de la ciudad - AREA LORCA RADIO\" \/>\n<meta property=\"og:description\" content=\"\u00c1REA LORCA RADIO. 16 de abril de 2025. El Ayuntamiento de Lorca vuelve a organizar la segunda edici\u00f3n del ciclo de conciertos gratuitos de artistas lorquinos \u00abLorca Emergente\u00bb, con el objetivo de seguir dinamizando la hosteler\u00eda y el ocio en la ciudad, a la vez que apoyar el talento y el esfuerzo de j\u00f3venes bandas [&hellip;]\" \/>\n<meta property=\"og:url\" content=\"https:\/\/arealorcaradio.es\/index.php\/2025\/04\/16\/el-ciclo-lorca-emergente-ofrecera-conciertos-gratuitos-de-jovenes-musicos-locales-en-distintas-plazas-de-la-ciudad\/\" \/>\n<meta property=\"og:site_name\" content=\"AREA LORCA RADIO\" \/>\n<meta property=\"article:published_time\" content=\"2025-04-16T11:05:19+00:00\" \/>\n<meta property=\"og:image\" content=\"https:\/\/arealorcaradio.es\/wp-content\/uploads\/2025\/04\/foto1-1.jpeg\" \/>\n\t<meta property=\"og:image:width\" content=\"2048\" \/>\n\t<meta property=\"og:image:height\" content=\"1536\" \/>\n\t<meta property=\"og:image:type\" content=\"image\/jpeg\" \/>\n<meta name=\"author\" content=\"Paco S\u00e1nchez\" \/>\n<meta name=\"twitter:card\" content=\"summary_large_image\" \/>\n<meta name=\"twitter:label1\" content=\"Escrito por\" \/>\n\t<meta name=\"twitter:data1\" content=\"Paco S\u00e1nchez\" \/>\n\t<meta name=\"twitter:label2\" content=\"Tiempo de lectura\" \/>\n\t<meta name=\"twitter:data2\" content=\"4 minutos\" \/>\n<script type=\"application\/ld+json\" class=\"yoast-schema-graph\">{\"@context\":\"https:\\\/\\\/schema.org\",\"@graph\":[{\"@type\":\"Article\",\"@id\":\"https:\\\/\\\/arealorcaradio.es\\\/index.php\\\/2025\\\/04\\\/16\\\/el-ciclo-lorca-emergente-ofrecera-conciertos-gratuitos-de-jovenes-musicos-locales-en-distintas-plazas-de-la-ciudad\\\/#article\",\"isPartOf\":{\"@id\":\"https:\\\/\\\/arealorcaradio.es\\\/index.php\\\/2025\\\/04\\\/16\\\/el-ciclo-lorca-emergente-ofrecera-conciertos-gratuitos-de-jovenes-musicos-locales-en-distintas-plazas-de-la-ciudad\\\/\"},\"author\":{\"name\":\"Paco S\u00e1nchez\",\"@id\":\"https:\\\/\\\/arealorcaradio.es\\\/#\\\/schema\\\/person\\\/9fae605fc25b0f2c83c1ab207139bd27\"},\"headline\":\"El ciclo \u00abLorca Emergente\u00bb ofrecer\u00e1 conciertos gratuitos de j\u00f3venes m\u00fasicos locales en distintas plazas de la ciudad\",\"datePublished\":\"2025-04-16T11:05:19+00:00\",\"mainEntityOfPage\":{\"@id\":\"https:\\\/\\\/arealorcaradio.es\\\/index.php\\\/2025\\\/04\\\/16\\\/el-ciclo-lorca-emergente-ofrecera-conciertos-gratuitos-de-jovenes-musicos-locales-en-distintas-plazas-de-la-ciudad\\\/\"},\"wordCount\":756,\"commentCount\":0,\"image\":{\"@id\":\"https:\\\/\\\/arealorcaradio.es\\\/index.php\\\/2025\\\/04\\\/16\\\/el-ciclo-lorca-emergente-ofrecera-conciertos-gratuitos-de-jovenes-musicos-locales-en-distintas-plazas-de-la-ciudad\\\/#primaryimage\"},\"thumbnailUrl\":\"https:\\\/\\\/arealorcaradio.es\\\/wp-content\\\/uploads\\\/2025\\\/04\\\/foto1-1.jpeg\",\"articleSection\":[\"ACTUALIDAD\",\"LORCA\"],\"inLanguage\":\"es\",\"potentialAction\":[{\"@type\":\"CommentAction\",\"name\":\"Comment\",\"target\":[\"https:\\\/\\\/arealorcaradio.es\\\/index.php\\\/2025\\\/04\\\/16\\\/el-ciclo-lorca-emergente-ofrecera-conciertos-gratuitos-de-jovenes-musicos-locales-en-distintas-plazas-de-la-ciudad\\\/#respond\"]}]},{\"@type\":\"WebPage\",\"@id\":\"https:\\\/\\\/arealorcaradio.es\\\/index.php\\\/2025\\\/04\\\/16\\\/el-ciclo-lorca-emergente-ofrecera-conciertos-gratuitos-de-jovenes-musicos-locales-en-distintas-plazas-de-la-ciudad\\\/\",\"url\":\"https:\\\/\\\/arealorcaradio.es\\\/index.php\\\/2025\\\/04\\\/16\\\/el-ciclo-lorca-emergente-ofrecera-conciertos-gratuitos-de-jovenes-musicos-locales-en-distintas-plazas-de-la-ciudad\\\/\",\"name\":\"El ciclo \\\"Lorca Emergente\\\" ofrecer\u00e1 conciertos gratuitos de j\u00f3venes m\u00fasicos locales en distintas plazas de la ciudad - AREA LORCA RADIO\",\"isPartOf\":{\"@id\":\"https:\\\/\\\/arealorcaradio.es\\\/#website\"},\"primaryImageOfPage\":{\"@id\":\"https:\\\/\\\/arealorcaradio.es\\\/index.php\\\/2025\\\/04\\\/16\\\/el-ciclo-lorca-emergente-ofrecera-conciertos-gratuitos-de-jovenes-musicos-locales-en-distintas-plazas-de-la-ciudad\\\/#primaryimage\"},\"image\":{\"@id\":\"https:\\\/\\\/arealorcaradio.es\\\/index.php\\\/2025\\\/04\\\/16\\\/el-ciclo-lorca-emergente-ofrecera-conciertos-gratuitos-de-jovenes-musicos-locales-en-distintas-plazas-de-la-ciudad\\\/#primaryimage\"},\"thumbnailUrl\":\"https:\\\/\\\/arealorcaradio.es\\\/wp-content\\\/uploads\\\/2025\\\/04\\\/foto1-1.jpeg\",\"datePublished\":\"2025-04-16T11:05:19+00:00\",\"author\":{\"@id\":\"https:\\\/\\\/arealorcaradio.es\\\/#\\\/schema\\\/person\\\/9fae605fc25b0f2c83c1ab207139bd27\"},\"breadcrumb\":{\"@id\":\"https:\\\/\\\/arealorcaradio.es\\\/index.php\\\/2025\\\/04\\\/16\\\/el-ciclo-lorca-emergente-ofrecera-conciertos-gratuitos-de-jovenes-musicos-locales-en-distintas-plazas-de-la-ciudad\\\/#breadcrumb\"},\"inLanguage\":\"es\",\"potentialAction\":[{\"@type\":\"ReadAction\",\"target\":[\"https:\\\/\\\/arealorcaradio.es\\\/index.php\\\/2025\\\/04\\\/16\\\/el-ciclo-lorca-emergente-ofrecera-conciertos-gratuitos-de-jovenes-musicos-locales-en-distintas-plazas-de-la-ciudad\\\/\"]}]},{\"@type\":\"ImageObject\",\"inLanguage\":\"es\",\"@id\":\"https:\\\/\\\/arealorcaradio.es\\\/index.php\\\/2025\\\/04\\\/16\\\/el-ciclo-lorca-emergente-ofrecera-conciertos-gratuitos-de-jovenes-musicos-locales-en-distintas-plazas-de-la-ciudad\\\/#primaryimage\",\"url\":\"https:\\\/\\\/arealorcaradio.es\\\/wp-content\\\/uploads\\\/2025\\\/04\\\/foto1-1.jpeg\",\"contentUrl\":\"https:\\\/\\\/arealorcaradio.es\\\/wp-content\\\/uploads\\\/2025\\\/04\\\/foto1-1.jpeg\",\"width\":2048,\"height\":1536},{\"@type\":\"BreadcrumbList\",\"@id\":\"https:\\\/\\\/arealorcaradio.es\\\/index.php\\\/2025\\\/04\\\/16\\\/el-ciclo-lorca-emergente-ofrecera-conciertos-gratuitos-de-jovenes-musicos-locales-en-distintas-plazas-de-la-ciudad\\\/#breadcrumb\",\"itemListElement\":[{\"@type\":\"ListItem\",\"position\":1,\"name\":\"Portada\",\"item\":\"https:\\\/\\\/arealorcaradio.es\\\/\"},{\"@type\":\"ListItem\",\"position\":2,\"name\":\"El ciclo \u00abLorca Emergente\u00bb ofrecer\u00e1 conciertos gratuitos de j\u00f3venes m\u00fasicos locales en distintas plazas de la ciudad\"}]},{\"@type\":\"WebSite\",\"@id\":\"https:\\\/\\\/arealorcaradio.es\\\/#website\",\"url\":\"https:\\\/\\\/arealorcaradio.es\\\/\",\"name\":\"AREA LORCA RADIO\",\"description\":\"Descubre la programaci\u00f3n actual en \u00c1rea Lorca Radio, tu fuente de entrenamiento y noticias locales. Sintoniza ahora y mantente conectado online.\",\"potentialAction\":[{\"@type\":\"SearchAction\",\"target\":{\"@type\":\"EntryPoint\",\"urlTemplate\":\"https:\\\/\\\/arealorcaradio.es\\\/?s={search_term_string}\"},\"query-input\":{\"@type\":\"PropertyValueSpecification\",\"valueRequired\":true,\"valueName\":\"search_term_string\"}}],\"inLanguage\":\"es\"},{\"@type\":\"Person\",\"@id\":\"https:\\\/\\\/arealorcaradio.es\\\/#\\\/schema\\\/person\\\/9fae605fc25b0f2c83c1ab207139bd27\",\"name\":\"Paco S\u00e1nchez\",\"image\":{\"@type\":\"ImageObject\",\"inLanguage\":\"es\",\"@id\":\"https:\\\/\\\/secure.gravatar.com\\\/avatar\\\/d67144e966420fb74aa84c9f2a0103be4724fd14db52b52d3b6bca749f257e79?s=96&d=mm&r=g\",\"url\":\"https:\\\/\\\/secure.gravatar.com\\\/avatar\\\/d67144e966420fb74aa84c9f2a0103be4724fd14db52b52d3b6bca749f257e79?s=96&d=mm&r=g\",\"contentUrl\":\"https:\\\/\\\/secure.gravatar.com\\\/avatar\\\/d67144e966420fb74aa84c9f2a0103be4724fd14db52b52d3b6bca749f257e79?s=96&d=mm&r=g\",\"caption\":\"Paco S\u00e1nchez\"},\"sameAs\":[\"https:\\\/\\\/arealorcaradio.es\"],\"url\":\"https:\\\/\\\/arealorcaradio.es\\\/index.php\\\/author\\\/admin_alorcaradio\\\/\"}]}<\/script>\n<!-- \/ Yoast SEO plugin. -->","yoast_head_json":{"title":"El ciclo \"Lorca Emergente\" ofrecer\u00e1 conciertos gratuitos de j\u00f3venes m\u00fasicos locales en distintas plazas de la ciudad - AREA LORCA RADIO","robots":{"index":"index","follow":"follow","max-snippet":"max-snippet:-1","max-image-preview":"max-image-preview:large","max-video-preview":"max-video-preview:-1"},"canonical":"https:\/\/arealorcaradio.es\/index.php\/2025\/04\/16\/el-ciclo-lorca-emergente-ofrecera-conciertos-gratuitos-de-jovenes-musicos-locales-en-distintas-plazas-de-la-ciudad\/","og_locale":"es_ES","og_type":"article","og_title":"El ciclo \"Lorca Emergente\" ofrecer\u00e1 conciertos gratuitos de j\u00f3venes m\u00fasicos locales en distintas plazas de la ciudad - AREA LORCA RADIO","og_description":"\u00c1REA LORCA RADIO. 16 de abril de 2025. El Ayuntamiento de Lorca vuelve a organizar la segunda edici\u00f3n del ciclo de conciertos gratuitos de artistas lorquinos \u00abLorca Emergente\u00bb, con el objetivo de seguir dinamizando la hosteler\u00eda y el ocio en la ciudad, a la vez que apoyar el talento y el esfuerzo de j\u00f3venes bandas [&hellip;]","og_url":"https:\/\/arealorcaradio.es\/index.php\/2025\/04\/16\/el-ciclo-lorca-emergente-ofrecera-conciertos-gratuitos-de-jovenes-musicos-locales-en-distintas-plazas-de-la-ciudad\/","og_site_name":"AREA LORCA RADIO","article_published_time":"2025-04-16T11:05:19+00:00","og_image":[{"width":2048,"height":1536,"url":"https:\/\/arealorcaradio.es\/wp-content\/uploads\/2025\/04\/foto1-1.jpeg","type":"image\/jpeg"}],"author":"Paco S\u00e1nchez","twitter_card":"summary_large_image","twitter_misc":{"Escrito por":"Paco S\u00e1nchez","Tiempo de lectura":"4 minutos"},"schema":{"@context":"https:\/\/schema.org","@graph":[{"@type":"Article","@id":"https:\/\/arealorcaradio.es\/index.php\/2025\/04\/16\/el-ciclo-lorca-emergente-ofrecera-conciertos-gratuitos-de-jovenes-musicos-locales-en-distintas-plazas-de-la-ciudad\/#article","isPartOf":{"@id":"https:\/\/arealorcaradio.es\/index.php\/2025\/04\/16\/el-ciclo-lorca-emergente-ofrecera-conciertos-gratuitos-de-jovenes-musicos-locales-en-distintas-plazas-de-la-ciudad\/"},"author":{"name":"Paco S\u00e1nchez","@id":"https:\/\/arealorcaradio.es\/#\/schema\/person\/9fae605fc25b0f2c83c1ab207139bd27"},"headline":"El ciclo \u00abLorca Emergente\u00bb ofrecer\u00e1 conciertos gratuitos de j\u00f3venes m\u00fasicos locales en distintas plazas de la ciudad","datePublished":"2025-04-16T11:05:19+00:00","mainEntityOfPage":{"@id":"https:\/\/arealorcaradio.es\/index.php\/2025\/04\/16\/el-ciclo-lorca-emergente-ofrecera-conciertos-gratuitos-de-jovenes-musicos-locales-en-distintas-plazas-de-la-ciudad\/"},"wordCount":756,"commentCount":0,"image":{"@id":"https:\/\/arealorcaradio.es\/index.php\/2025\/04\/16\/el-ciclo-lorca-emergente-ofrecera-conciertos-gratuitos-de-jovenes-musicos-locales-en-distintas-plazas-de-la-ciudad\/#primaryimage"},"thumbnailUrl":"https:\/\/arealorcaradio.es\/wp-content\/uploads\/2025\/04\/foto1-1.jpeg","articleSection":["ACTUALIDAD","LORCA"],"inLanguage":"es","potentialAction":[{"@type":"CommentAction","name":"Comment","target":["https:\/\/arealorcaradio.es\/index.php\/2025\/04\/16\/el-ciclo-lorca-emergente-ofrecera-conciertos-gratuitos-de-jovenes-musicos-locales-en-distintas-plazas-de-la-ciudad\/#respond"]}]},{"@type":"WebPage","@id":"https:\/\/arealorcaradio.es\/index.php\/2025\/04\/16\/el-ciclo-lorca-emergente-ofrecera-conciertos-gratuitos-de-jovenes-musicos-locales-en-distintas-plazas-de-la-ciudad\/","url":"https:\/\/arealorcaradio.es\/index.php\/2025\/04\/16\/el-ciclo-lorca-emergente-ofrecera-conciertos-gratuitos-de-jovenes-musicos-locales-en-distintas-plazas-de-la-ciudad\/","name":"El ciclo \"Lorca Emergente\" ofrecer\u00e1 conciertos gratuitos de j\u00f3venes m\u00fasicos locales en distintas plazas de la ciudad - AREA LORCA RADIO","isPartOf":{"@id":"https:\/\/arealorcaradio.es\/#website"},"primaryImageOfPage":{"@id":"https:\/\/arealorcaradio.es\/index.php\/2025\/04\/16\/el-ciclo-lorca-emergente-ofrecera-conciertos-gratuitos-de-jovenes-musicos-locales-en-distintas-plazas-de-la-ciudad\/#primaryimage"},"image":{"@id":"https:\/\/arealorcaradio.es\/index.php\/2025\/04\/16\/el-ciclo-lorca-emergente-ofrecera-conciertos-gratuitos-de-jovenes-musicos-locales-en-distintas-plazas-de-la-ciudad\/#primaryimage"},"thumbnailUrl":"https:\/\/arealorcaradio.es\/wp-content\/uploads\/2025\/04\/foto1-1.jpeg","datePublished":"2025-04-16T11:05:19+00:00","author":{"@id":"https:\/\/arealorcaradio.es\/#\/schema\/person\/9fae605fc25b0f2c83c1ab207139bd27"},"breadcrumb":{"@id":"https:\/\/arealorcaradio.es\/index.php\/2025\/04\/16\/el-ciclo-lorca-emergente-ofrecera-conciertos-gratuitos-de-jovenes-musicos-locales-en-distintas-plazas-de-la-ciudad\/#breadcrumb"},"inLanguage":"es","potentialAction":[{"@type":"ReadAction","target":["https:\/\/arealorcaradio.es\/index.php\/2025\/04\/16\/el-ciclo-lorca-emergente-ofrecera-conciertos-gratuitos-de-jovenes-musicos-locales-en-distintas-plazas-de-la-ciudad\/"]}]},{"@type":"ImageObject","inLanguage":"es","@id":"https:\/\/arealorcaradio.es\/index.php\/2025\/04\/16\/el-ciclo-lorca-emergente-ofrecera-conciertos-gratuitos-de-jovenes-musicos-locales-en-distintas-plazas-de-la-ciudad\/#primaryimage","url":"https:\/\/arealorcaradio.es\/wp-content\/uploads\/2025\/04\/foto1-1.jpeg","contentUrl":"https:\/\/arealorcaradio.es\/wp-content\/uploads\/2025\/04\/foto1-1.jpeg","width":2048,"height":1536},{"@type":"BreadcrumbList","@id":"https:\/\/arealorcaradio.es\/index.php\/2025\/04\/16\/el-ciclo-lorca-emergente-ofrecera-conciertos-gratuitos-de-jovenes-musicos-locales-en-distintas-plazas-de-la-ciudad\/#breadcrumb","itemListElement":[{"@type":"ListItem","position":1,"name":"Portada","item":"https:\/\/arealorcaradio.es\/"},{"@type":"ListItem","position":2,"name":"El ciclo \u00abLorca Emergente\u00bb ofrecer\u00e1 conciertos gratuitos de j\u00f3venes m\u00fasicos locales en distintas plazas de la ciudad"}]},{"@type":"WebSite","@id":"https:\/\/arealorcaradio.es\/#website","url":"https:\/\/arealorcaradio.es\/","name":"AREA LORCA RADIO","description":"Descubre la programaci\u00f3n actual en \u00c1rea Lorca Radio, tu fuente de entrenamiento y noticias locales. Sintoniza ahora y mantente conectado online.","potentialAction":[{"@type":"SearchAction","target":{"@type":"EntryPoint","urlTemplate":"https:\/\/arealorcaradio.es\/?s={search_term_string}"},"query-input":{"@type":"PropertyValueSpecification","valueRequired":true,"valueName":"search_term_string"}}],"inLanguage":"es"},{"@type":"Person","@id":"https:\/\/arealorcaradio.es\/#\/schema\/person\/9fae605fc25b0f2c83c1ab207139bd27","name":"Paco S\u00e1nchez","image":{"@type":"ImageObject","inLanguage":"es","@id":"https:\/\/secure.gravatar.com\/avatar\/d67144e966420fb74aa84c9f2a0103be4724fd14db52b52d3b6bca749f257e79?s=96&d=mm&r=g","url":"https:\/\/secure.gravatar.com\/avatar\/d67144e966420fb74aa84c9f2a0103be4724fd14db52b52d3b6bca749f257e79?s=96&d=mm&r=g","contentUrl":"https:\/\/secure.gravatar.com\/avatar\/d67144e966420fb74aa84c9f2a0103be4724fd14db52b52d3b6bca749f257e79?s=96&d=mm&r=g","caption":"Paco S\u00e1nchez"},"sameAs":["https:\/\/arealorcaradio.es"],"url":"https:\/\/arealorcaradio.es\/index.php\/author\/admin_alorcaradio\/"}]}},"_links":{"self":[{"href":"https:\/\/arealorcaradio.es\/index.php\/wp-json\/wp\/v2\/posts\/6266","targetHints":{"allow":["GET"]}}],"collection":[{"href":"https:\/\/arealorcaradio.es\/index.php\/wp-json\/wp\/v2\/posts"}],"about":[{"href":"https:\/\/arealorcaradio.es\/index.php\/wp-json\/wp\/v2\/types\/post"}],"author":[{"embeddable":true,"href":"https:\/\/arealorcaradio.es\/index.php\/wp-json\/wp\/v2\/users\/1"}],"replies":[{"embeddable":true,"href":"https:\/\/arealorcaradio.es\/index.php\/wp-json\/wp\/v2\/comments?post=6266"}],"version-history":[{"count":1,"href":"https:\/\/arealorcaradio.es\/index.php\/wp-json\/wp\/v2\/posts\/6266\/revisions"}],"predecessor-version":[{"id":6269,"href":"https:\/\/arealorcaradio.es\/index.php\/wp-json\/wp\/v2\/posts\/6266\/revisions\/6269"}],"wp:featuredmedia":[{"embeddable":true,"href":"https:\/\/arealorcaradio.es\/index.php\/wp-json\/wp\/v2\/media\/6268"}],"wp:attachment":[{"href":"https:\/\/arealorcaradio.es\/index.php\/wp-json\/wp\/v2\/media?parent=6266"}],"wp:term":[{"taxonomy":"category","embeddable":true,"href":"https:\/\/arealorcaradio.es\/index.php\/wp-json\/wp\/v2\/categories?post=6266"},{"taxonomy":"post_tag","embeddable":true,"href":"https:\/\/arealorcaradio.es\/index.php\/wp-json\/wp\/v2\/tags?post=6266"}],"curies":[{"name":"wp","href":"https:\/\/api.w.org\/{rel}","templated":true}]}}