{"id":6260,"date":"2025-04-16T10:58:06","date_gmt":"2025-04-16T10:58:06","guid":{"rendered":"https:\/\/arealorcaradio.es\/?p=6260"},"modified":"2025-04-16T10:58:06","modified_gmt":"2025-04-16T10:58:06","slug":"el-alcalde-de-lorca-supervisa-la-fase-final-de-las-tareas-de-rehabilitacion-en-la-calle-canada-de-animas-en-el-barrio-de-san-cristobal","status":"publish","type":"post","link":"https:\/\/arealorcaradio.es\/index.php\/2025\/04\/16\/el-alcalde-de-lorca-supervisa-la-fase-final-de-las-tareas-de-rehabilitacion-en-la-calle-canada-de-animas-en-el-barrio-de-san-cristobal\/","title":{"rendered":"El alcalde de Lorca supervisa la fase final de las tareas de rehabilitaci\u00f3n en la calle Ca\u00f1ada de \u00c1nimas, en el barrio de San Crist\u00f3bal"},"content":{"rendered":"<p><strong>\u00c1REA LORCA RADIO. <\/strong><b>Lorca, 16 de abril de 2025.<\/b><\/p>\n<p>El alcalde de Lorca, Fulgencio Gil J\u00f3dar, ha supervisado la fase final de las\u00a0tareas, llevadas a cabo por el Ayuntamiento, de reconstrucci\u00f3n y consolidaci\u00f3n de un muro de contenci\u00f3n en la calle Ca\u00f1ada de \u00c1nimas, en los cabezos del barrio de San Crist\u00f3bal, que se hab\u00eda visto gravemente afectado por las intensas lluvias de comienzos del pasado mes de marzo.<\/p>\n<p class=\"v1MsoNormal\">Concretamente, el agua produjo la rotura y el colapso de un tramo del muro de bloque de hormig\u00f3n que sujeta la calle. Inmediatamente, se procedi\u00f3 a su se\u00f1alizaci\u00f3n y cerramiento al tr\u00e1fico, ya que la incidencia generaba una situaci\u00f3n de peligro, tanto para los peatones que circulan por la zona como para la vivienda aleda\u00f1a. \u00abLos da\u00f1os pod\u00edan, seg\u00fan la valoraci\u00f3n de los t\u00e9cnicos municipales, provocar el descalce y posterior colapso de la estructura de la vivienda, por lo que se recomend\u00f3 abandonar el inmueble\u00bb, ha apuntado Gil J\u00f3dar.<\/p>\n<p class=\"v1MsoNormal\">Los trabajos de consolidaci\u00f3n de la parte de muro afectada buscaban, fundamentalmente, estabilizar y asegurar la vivienda, adem\u00e1s de la retirada de los materiales desechados por el derrumbamiento y la posterior reconstrucci\u00f3n del tramo da\u00f1ado. \u00abSe ha eliminado el material suelto consecuencia de la rotura del muro y este se ha reconstruido a base de escollera y mamposter\u00eda. Adem\u00e1s, se ha arreglado el pavimento de la calle; todo ello por un coste de 120.000 euros, que por el momento asume el Consistorio.<\/p>\n<p class=\"v1MsoNormal\"><img loading=\"lazy\" decoding=\"async\" class=\"alignnone size-medium wp-image-6262\" src=\"https:\/\/arealorcaradio.es\/wp-content\/uploads\/2025\/04\/Imagen-visita-canada_muro-300x225.jpeg\" alt=\"\" width=\"300\" height=\"225\" srcset=\"https:\/\/arealorcaradio.es\/wp-content\/uploads\/2025\/04\/Imagen-visita-canada_muro-300x225.jpeg 300w, https:\/\/arealorcaradio.es\/wp-content\/uploads\/2025\/04\/Imagen-visita-canada_muro-1024x768.jpeg 1024w, https:\/\/arealorcaradio.es\/wp-content\/uploads\/2025\/04\/Imagen-visita-canada_muro-768x576.jpeg 768w, https:\/\/arealorcaradio.es\/wp-content\/uploads\/2025\/04\/Imagen-visita-canada_muro-1536x1152.jpeg 1536w, https:\/\/arealorcaradio.es\/wp-content\/uploads\/2025\/04\/Imagen-visita-canada_muro-86x64.jpeg 86w, https:\/\/arealorcaradio.es\/wp-content\/uploads\/2025\/04\/Imagen-visita-canada_muro.jpeg 1600w\" sizes=\"auto, (max-width: 300px) 100vw, 300px\" \/>Cabe rese\u00f1ar que los t\u00e9cnicos municipales contin\u00faan inspeccionando y evaluando aquellos enclaves afectados por el temporal, tareas en las que analizan y examinan, adem\u00e1s, el estado de los terrenos colindantes por si son susceptibles de intervenci\u00f3n. Tal es el caso de la calle Tejeros, donde tambi\u00e9n se han llevado a cabo labores de reconstrucci\u00f3n y consolidaci\u00f3n de un muro de contenci\u00f3n por una inversi\u00f3n municipal de 40.000 euros.<\/p>\n<p class=\"v1MsoNormal\">\u00abLo que quer\u00edamos evitar a toda costa con estas intervenciones de urgencia eran da\u00f1os mayores. La protecci\u00f3n y seguridad de los vecinos era lo primordial cuando nos sobrevino el temporal. Recordemos que hemos llevado a cabo la demolici\u00f3n de cinco inmuebles afectados, pero todav\u00eda seguimos actuando de aseguramientos, desamiantados, se\u00f1alizaciones. Como indicamos, en una primera estimaci\u00f3n se consideran m\u00e1s de 300 las vividas afectadas, habiendo peritado de urgencia m\u00e1s de 120&#8243;, ha apuntado el primer edil, que ha rese\u00f1ado que, por el momento, el montante econ\u00f3mico derivado de los da\u00f1os en viviendas supera de largo, a d\u00eda de hoy, los 9 millones de euros\u00bb.<\/p>\n","protected":false},"excerpt":{"rendered":"<p>\u00c1REA LORCA RADIO. Lorca, 16 de abril de 2025. El alcalde de Lorca, Fulgencio Gil J\u00f3dar, ha supervisado la fase final de las\u00a0tareas, llevadas a cabo por el Ayuntamiento, de reconstrucci\u00f3n y consolidaci\u00f3n de un muro de contenci\u00f3n en la calle Ca\u00f1ada de \u00c1nimas, en los cabezos del barrio de San Crist\u00f3bal, que se hab\u00eda [&hellip;]<\/p>\n","protected":false},"author":1,"featured_media":6261,"comment_status":"open","ping_status":"open","sticky":false,"template":"","format":"standard","meta":{"iawp_total_views":12,"footnotes":""},"categories":[5,7],"tags":[],"class_list":["post-6260","post","type-post","status-publish","format-standard","has-post-thumbnail","hentry","category-actualidad","category-lorca"],"yoast_head":"<!-- This site is optimized with the Yoast SEO plugin v27.5 - https:\/\/yoast.com\/product\/yoast-seo-wordpress\/ -->\n<title>El alcalde de Lorca supervisa la fase final de las tareas de rehabilitaci\u00f3n en la calle Ca\u00f1ada de \u00c1nimas, en el barrio de San Crist\u00f3bal - AREA LORCA RADIO<\/title>\n<meta name=\"robots\" content=\"index, follow, max-snippet:-1, max-image-preview:large, max-video-preview:-1\" \/>\n<link rel=\"canonical\" href=\"https:\/\/arealorcaradio.es\/index.php\/2025\/04\/16\/el-alcalde-de-lorca-supervisa-la-fase-final-de-las-tareas-de-rehabilitacion-en-la-calle-canada-de-animas-en-el-barrio-de-san-cristobal\/\" \/>\n<meta property=\"og:locale\" content=\"es_ES\" \/>\n<meta property=\"og:type\" content=\"article\" \/>\n<meta property=\"og:title\" content=\"El alcalde de Lorca supervisa la fase final de las tareas de rehabilitaci\u00f3n en la calle Ca\u00f1ada de \u00c1nimas, en el barrio de San Crist\u00f3bal - AREA LORCA RADIO\" \/>\n<meta property=\"og:description\" content=\"\u00c1REA LORCA RADIO. Lorca, 16 de abril de 2025. El alcalde de Lorca, Fulgencio Gil J\u00f3dar, ha supervisado la fase final de las\u00a0tareas, llevadas a cabo por el Ayuntamiento, de reconstrucci\u00f3n y consolidaci\u00f3n de un muro de contenci\u00f3n en la calle Ca\u00f1ada de \u00c1nimas, en los cabezos del barrio de San Crist\u00f3bal, que se hab\u00eda [&hellip;]\" \/>\n<meta property=\"og:url\" content=\"https:\/\/arealorcaradio.es\/index.php\/2025\/04\/16\/el-alcalde-de-lorca-supervisa-la-fase-final-de-las-tareas-de-rehabilitacion-en-la-calle-canada-de-animas-en-el-barrio-de-san-cristobal\/\" \/>\n<meta property=\"og:site_name\" content=\"AREA LORCA RADIO\" \/>\n<meta property=\"article:published_time\" content=\"2025-04-16T10:58:06+00:00\" \/>\n<meta property=\"og:image\" content=\"https:\/\/arealorcaradio.es\/wp-content\/uploads\/2025\/04\/Imagen-visita-canada.jpeg\" \/>\n\t<meta property=\"og:image:width\" content=\"1600\" \/>\n\t<meta property=\"og:image:height\" content=\"1200\" \/>\n\t<meta property=\"og:image:type\" content=\"image\/jpeg\" \/>\n<meta name=\"author\" content=\"Paco S\u00e1nchez\" \/>\n<meta name=\"twitter:card\" content=\"summary_large_image\" \/>\n<meta name=\"twitter:label1\" content=\"Escrito por\" \/>\n\t<meta name=\"twitter:data1\" content=\"Paco S\u00e1nchez\" \/>\n\t<meta name=\"twitter:label2\" content=\"Tiempo de lectura\" \/>\n\t<meta name=\"twitter:data2\" content=\"3 minutos\" \/>\n<script type=\"application\/ld+json\" class=\"yoast-schema-graph\">{\"@context\":\"https:\\\/\\\/schema.org\",\"@graph\":[{\"@type\":\"Article\",\"@id\":\"https:\\\/\\\/arealorcaradio.es\\\/index.php\\\/2025\\\/04\\\/16\\\/el-alcalde-de-lorca-supervisa-la-fase-final-de-las-tareas-de-rehabilitacion-en-la-calle-canada-de-animas-en-el-barrio-de-san-cristobal\\\/#article\",\"isPartOf\":{\"@id\":\"https:\\\/\\\/arealorcaradio.es\\\/index.php\\\/2025\\\/04\\\/16\\\/el-alcalde-de-lorca-supervisa-la-fase-final-de-las-tareas-de-rehabilitacion-en-la-calle-canada-de-animas-en-el-barrio-de-san-cristobal\\\/\"},\"author\":{\"name\":\"Paco S\u00e1nchez\",\"@id\":\"https:\\\/\\\/arealorcaradio.es\\\/#\\\/schema\\\/person\\\/9fae605fc25b0f2c83c1ab207139bd27\"},\"headline\":\"El alcalde de Lorca supervisa la fase final de las tareas de rehabilitaci\u00f3n en la calle Ca\u00f1ada de \u00c1nimas, en el barrio de San Crist\u00f3bal\",\"datePublished\":\"2025-04-16T10:58:06+00:00\",\"mainEntityOfPage\":{\"@id\":\"https:\\\/\\\/arealorcaradio.es\\\/index.php\\\/2025\\\/04\\\/16\\\/el-alcalde-de-lorca-supervisa-la-fase-final-de-las-tareas-de-rehabilitacion-en-la-calle-canada-de-animas-en-el-barrio-de-san-cristobal\\\/\"},\"wordCount\":482,\"commentCount\":0,\"image\":{\"@id\":\"https:\\\/\\\/arealorcaradio.es\\\/index.php\\\/2025\\\/04\\\/16\\\/el-alcalde-de-lorca-supervisa-la-fase-final-de-las-tareas-de-rehabilitacion-en-la-calle-canada-de-animas-en-el-barrio-de-san-cristobal\\\/#primaryimage\"},\"thumbnailUrl\":\"https:\\\/\\\/arealorcaradio.es\\\/wp-content\\\/uploads\\\/2025\\\/04\\\/Imagen-visita-canada.jpeg\",\"articleSection\":[\"ACTUALIDAD\",\"LORCA\"],\"inLanguage\":\"es\",\"potentialAction\":[{\"@type\":\"CommentAction\",\"name\":\"Comment\",\"target\":[\"https:\\\/\\\/arealorcaradio.es\\\/index.php\\\/2025\\\/04\\\/16\\\/el-alcalde-de-lorca-supervisa-la-fase-final-de-las-tareas-de-rehabilitacion-en-la-calle-canada-de-animas-en-el-barrio-de-san-cristobal\\\/#respond\"]}]},{\"@type\":\"WebPage\",\"@id\":\"https:\\\/\\\/arealorcaradio.es\\\/index.php\\\/2025\\\/04\\\/16\\\/el-alcalde-de-lorca-supervisa-la-fase-final-de-las-tareas-de-rehabilitacion-en-la-calle-canada-de-animas-en-el-barrio-de-san-cristobal\\\/\",\"url\":\"https:\\\/\\\/arealorcaradio.es\\\/index.php\\\/2025\\\/04\\\/16\\\/el-alcalde-de-lorca-supervisa-la-fase-final-de-las-tareas-de-rehabilitacion-en-la-calle-canada-de-animas-en-el-barrio-de-san-cristobal\\\/\",\"name\":\"El alcalde de Lorca supervisa la fase final de las tareas de rehabilitaci\u00f3n en la calle Ca\u00f1ada de \u00c1nimas, en el barrio de San Crist\u00f3bal - AREA LORCA RADIO\",\"isPartOf\":{\"@id\":\"https:\\\/\\\/arealorcaradio.es\\\/#website\"},\"primaryImageOfPage\":{\"@id\":\"https:\\\/\\\/arealorcaradio.es\\\/index.php\\\/2025\\\/04\\\/16\\\/el-alcalde-de-lorca-supervisa-la-fase-final-de-las-tareas-de-rehabilitacion-en-la-calle-canada-de-animas-en-el-barrio-de-san-cristobal\\\/#primaryimage\"},\"image\":{\"@id\":\"https:\\\/\\\/arealorcaradio.es\\\/index.php\\\/2025\\\/04\\\/16\\\/el-alcalde-de-lorca-supervisa-la-fase-final-de-las-tareas-de-rehabilitacion-en-la-calle-canada-de-animas-en-el-barrio-de-san-cristobal\\\/#primaryimage\"},\"thumbnailUrl\":\"https:\\\/\\\/arealorcaradio.es\\\/wp-content\\\/uploads\\\/2025\\\/04\\\/Imagen-visita-canada.jpeg\",\"datePublished\":\"2025-04-16T10:58:06+00:00\",\"author\":{\"@id\":\"https:\\\/\\\/arealorcaradio.es\\\/#\\\/schema\\\/person\\\/9fae605fc25b0f2c83c1ab207139bd27\"},\"breadcrumb\":{\"@id\":\"https:\\\/\\\/arealorcaradio.es\\\/index.php\\\/2025\\\/04\\\/16\\\/el-alcalde-de-lorca-supervisa-la-fase-final-de-las-tareas-de-rehabilitacion-en-la-calle-canada-de-animas-en-el-barrio-de-san-cristobal\\\/#breadcrumb\"},\"inLanguage\":\"es\",\"potentialAction\":[{\"@type\":\"ReadAction\",\"target\":[\"https:\\\/\\\/arealorcaradio.es\\\/index.php\\\/2025\\\/04\\\/16\\\/el-alcalde-de-lorca-supervisa-la-fase-final-de-las-tareas-de-rehabilitacion-en-la-calle-canada-de-animas-en-el-barrio-de-san-cristobal\\\/\"]}]},{\"@type\":\"ImageObject\",\"inLanguage\":\"es\",\"@id\":\"https:\\\/\\\/arealorcaradio.es\\\/index.php\\\/2025\\\/04\\\/16\\\/el-alcalde-de-lorca-supervisa-la-fase-final-de-las-tareas-de-rehabilitacion-en-la-calle-canada-de-animas-en-el-barrio-de-san-cristobal\\\/#primaryimage\",\"url\":\"https:\\\/\\\/arealorcaradio.es\\\/wp-content\\\/uploads\\\/2025\\\/04\\\/Imagen-visita-canada.jpeg\",\"contentUrl\":\"https:\\\/\\\/arealorcaradio.es\\\/wp-content\\\/uploads\\\/2025\\\/04\\\/Imagen-visita-canada.jpeg\",\"width\":1600,\"height\":1200},{\"@type\":\"BreadcrumbList\",\"@id\":\"https:\\\/\\\/arealorcaradio.es\\\/index.php\\\/2025\\\/04\\\/16\\\/el-alcalde-de-lorca-supervisa-la-fase-final-de-las-tareas-de-rehabilitacion-en-la-calle-canada-de-animas-en-el-barrio-de-san-cristobal\\\/#breadcrumb\",\"itemListElement\":[{\"@type\":\"ListItem\",\"position\":1,\"name\":\"Portada\",\"item\":\"https:\\\/\\\/arealorcaradio.es\\\/\"},{\"@type\":\"ListItem\",\"position\":2,\"name\":\"El alcalde de Lorca supervisa la fase final de las tareas de rehabilitaci\u00f3n en la calle Ca\u00f1ada de \u00c1nimas, en el barrio de San Crist\u00f3bal\"}]},{\"@type\":\"WebSite\",\"@id\":\"https:\\\/\\\/arealorcaradio.es\\\/#website\",\"url\":\"https:\\\/\\\/arealorcaradio.es\\\/\",\"name\":\"AREA LORCA RADIO\",\"description\":\"Descubre la programaci\u00f3n actual en \u00c1rea Lorca Radio, tu fuente de entrenamiento y noticias locales. Sintoniza ahora y mantente conectado online.\",\"potentialAction\":[{\"@type\":\"SearchAction\",\"target\":{\"@type\":\"EntryPoint\",\"urlTemplate\":\"https:\\\/\\\/arealorcaradio.es\\\/?s={search_term_string}\"},\"query-input\":{\"@type\":\"PropertyValueSpecification\",\"valueRequired\":true,\"valueName\":\"search_term_string\"}}],\"inLanguage\":\"es\"},{\"@type\":\"Person\",\"@id\":\"https:\\\/\\\/arealorcaradio.es\\\/#\\\/schema\\\/person\\\/9fae605fc25b0f2c83c1ab207139bd27\",\"name\":\"Paco S\u00e1nchez\",\"image\":{\"@type\":\"ImageObject\",\"inLanguage\":\"es\",\"@id\":\"https:\\\/\\\/secure.gravatar.com\\\/avatar\\\/d67144e966420fb74aa84c9f2a0103be4724fd14db52b52d3b6bca749f257e79?s=96&d=mm&r=g\",\"url\":\"https:\\\/\\\/secure.gravatar.com\\\/avatar\\\/d67144e966420fb74aa84c9f2a0103be4724fd14db52b52d3b6bca749f257e79?s=96&d=mm&r=g\",\"contentUrl\":\"https:\\\/\\\/secure.gravatar.com\\\/avatar\\\/d67144e966420fb74aa84c9f2a0103be4724fd14db52b52d3b6bca749f257e79?s=96&d=mm&r=g\",\"caption\":\"Paco S\u00e1nchez\"},\"sameAs\":[\"https:\\\/\\\/arealorcaradio.es\"],\"url\":\"https:\\\/\\\/arealorcaradio.es\\\/index.php\\\/author\\\/admin_alorcaradio\\\/\"}]}<\/script>\n<!-- \/ Yoast SEO plugin. -->","yoast_head_json":{"title":"El alcalde de Lorca supervisa la fase final de las tareas de rehabilitaci\u00f3n en la calle Ca\u00f1ada de \u00c1nimas, en el barrio de San Crist\u00f3bal - AREA LORCA RADIO","robots":{"index":"index","follow":"follow","max-snippet":"max-snippet:-1","max-image-preview":"max-image-preview:large","max-video-preview":"max-video-preview:-1"},"canonical":"https:\/\/arealorcaradio.es\/index.php\/2025\/04\/16\/el-alcalde-de-lorca-supervisa-la-fase-final-de-las-tareas-de-rehabilitacion-en-la-calle-canada-de-animas-en-el-barrio-de-san-cristobal\/","og_locale":"es_ES","og_type":"article","og_title":"El alcalde de Lorca supervisa la fase final de las tareas de rehabilitaci\u00f3n en la calle Ca\u00f1ada de \u00c1nimas, en el barrio de San Crist\u00f3bal - AREA LORCA RADIO","og_description":"\u00c1REA LORCA RADIO. Lorca, 16 de abril de 2025. El alcalde de Lorca, Fulgencio Gil J\u00f3dar, ha supervisado la fase final de las\u00a0tareas, llevadas a cabo por el Ayuntamiento, de reconstrucci\u00f3n y consolidaci\u00f3n de un muro de contenci\u00f3n en la calle Ca\u00f1ada de \u00c1nimas, en los cabezos del barrio de San Crist\u00f3bal, que se hab\u00eda [&hellip;]","og_url":"https:\/\/arealorcaradio.es\/index.php\/2025\/04\/16\/el-alcalde-de-lorca-supervisa-la-fase-final-de-las-tareas-de-rehabilitacion-en-la-calle-canada-de-animas-en-el-barrio-de-san-cristobal\/","og_site_name":"AREA LORCA RADIO","article_published_time":"2025-04-16T10:58:06+00:00","og_image":[{"width":1600,"height":1200,"url":"https:\/\/arealorcaradio.es\/wp-content\/uploads\/2025\/04\/Imagen-visita-canada.jpeg","type":"image\/jpeg"}],"author":"Paco S\u00e1nchez","twitter_card":"summary_large_image","twitter_misc":{"Escrito por":"Paco S\u00e1nchez","Tiempo de lectura":"3 minutos"},"schema":{"@context":"https:\/\/schema.org","@graph":[{"@type":"Article","@id":"https:\/\/arealorcaradio.es\/index.php\/2025\/04\/16\/el-alcalde-de-lorca-supervisa-la-fase-final-de-las-tareas-de-rehabilitacion-en-la-calle-canada-de-animas-en-el-barrio-de-san-cristobal\/#article","isPartOf":{"@id":"https:\/\/arealorcaradio.es\/index.php\/2025\/04\/16\/el-alcalde-de-lorca-supervisa-la-fase-final-de-las-tareas-de-rehabilitacion-en-la-calle-canada-de-animas-en-el-barrio-de-san-cristobal\/"},"author":{"name":"Paco S\u00e1nchez","@id":"https:\/\/arealorcaradio.es\/#\/schema\/person\/9fae605fc25b0f2c83c1ab207139bd27"},"headline":"El alcalde de Lorca supervisa la fase final de las tareas de rehabilitaci\u00f3n en la calle Ca\u00f1ada de \u00c1nimas, en el barrio de San Crist\u00f3bal","datePublished":"2025-04-16T10:58:06+00:00","mainEntityOfPage":{"@id":"https:\/\/arealorcaradio.es\/index.php\/2025\/04\/16\/el-alcalde-de-lorca-supervisa-la-fase-final-de-las-tareas-de-rehabilitacion-en-la-calle-canada-de-animas-en-el-barrio-de-san-cristobal\/"},"wordCount":482,"commentCount":0,"image":{"@id":"https:\/\/arealorcaradio.es\/index.php\/2025\/04\/16\/el-alcalde-de-lorca-supervisa-la-fase-final-de-las-tareas-de-rehabilitacion-en-la-calle-canada-de-animas-en-el-barrio-de-san-cristobal\/#primaryimage"},"thumbnailUrl":"https:\/\/arealorcaradio.es\/wp-content\/uploads\/2025\/04\/Imagen-visita-canada.jpeg","articleSection":["ACTUALIDAD","LORCA"],"inLanguage":"es","potentialAction":[{"@type":"CommentAction","name":"Comment","target":["https:\/\/arealorcaradio.es\/index.php\/2025\/04\/16\/el-alcalde-de-lorca-supervisa-la-fase-final-de-las-tareas-de-rehabilitacion-en-la-calle-canada-de-animas-en-el-barrio-de-san-cristobal\/#respond"]}]},{"@type":"WebPage","@id":"https:\/\/arealorcaradio.es\/index.php\/2025\/04\/16\/el-alcalde-de-lorca-supervisa-la-fase-final-de-las-tareas-de-rehabilitacion-en-la-calle-canada-de-animas-en-el-barrio-de-san-cristobal\/","url":"https:\/\/arealorcaradio.es\/index.php\/2025\/04\/16\/el-alcalde-de-lorca-supervisa-la-fase-final-de-las-tareas-de-rehabilitacion-en-la-calle-canada-de-animas-en-el-barrio-de-san-cristobal\/","name":"El alcalde de Lorca supervisa la fase final de las tareas de rehabilitaci\u00f3n en la calle Ca\u00f1ada de \u00c1nimas, en el barrio de San Crist\u00f3bal - AREA LORCA RADIO","isPartOf":{"@id":"https:\/\/arealorcaradio.es\/#website"},"primaryImageOfPage":{"@id":"https:\/\/arealorcaradio.es\/index.php\/2025\/04\/16\/el-alcalde-de-lorca-supervisa-la-fase-final-de-las-tareas-de-rehabilitacion-en-la-calle-canada-de-animas-en-el-barrio-de-san-cristobal\/#primaryimage"},"image":{"@id":"https:\/\/arealorcaradio.es\/index.php\/2025\/04\/16\/el-alcalde-de-lorca-supervisa-la-fase-final-de-las-tareas-de-rehabilitacion-en-la-calle-canada-de-animas-en-el-barrio-de-san-cristobal\/#primaryimage"},"thumbnailUrl":"https:\/\/arealorcaradio.es\/wp-content\/uploads\/2025\/04\/Imagen-visita-canada.jpeg","datePublished":"2025-04-16T10:58:06+00:00","author":{"@id":"https:\/\/arealorcaradio.es\/#\/schema\/person\/9fae605fc25b0f2c83c1ab207139bd27"},"breadcrumb":{"@id":"https:\/\/arealorcaradio.es\/index.php\/2025\/04\/16\/el-alcalde-de-lorca-supervisa-la-fase-final-de-las-tareas-de-rehabilitacion-en-la-calle-canada-de-animas-en-el-barrio-de-san-cristobal\/#breadcrumb"},"inLanguage":"es","potentialAction":[{"@type":"ReadAction","target":["https:\/\/arealorcaradio.es\/index.php\/2025\/04\/16\/el-alcalde-de-lorca-supervisa-la-fase-final-de-las-tareas-de-rehabilitacion-en-la-calle-canada-de-animas-en-el-barrio-de-san-cristobal\/"]}]},{"@type":"ImageObject","inLanguage":"es","@id":"https:\/\/arealorcaradio.es\/index.php\/2025\/04\/16\/el-alcalde-de-lorca-supervisa-la-fase-final-de-las-tareas-de-rehabilitacion-en-la-calle-canada-de-animas-en-el-barrio-de-san-cristobal\/#primaryimage","url":"https:\/\/arealorcaradio.es\/wp-content\/uploads\/2025\/04\/Imagen-visita-canada.jpeg","contentUrl":"https:\/\/arealorcaradio.es\/wp-content\/uploads\/2025\/04\/Imagen-visita-canada.jpeg","width":1600,"height":1200},{"@type":"BreadcrumbList","@id":"https:\/\/arealorcaradio.es\/index.php\/2025\/04\/16\/el-alcalde-de-lorca-supervisa-la-fase-final-de-las-tareas-de-rehabilitacion-en-la-calle-canada-de-animas-en-el-barrio-de-san-cristobal\/#breadcrumb","itemListElement":[{"@type":"ListItem","position":1,"name":"Portada","item":"https:\/\/arealorcaradio.es\/"},{"@type":"ListItem","position":2,"name":"El alcalde de Lorca supervisa la fase final de las tareas de rehabilitaci\u00f3n en la calle Ca\u00f1ada de \u00c1nimas, en el barrio de San Crist\u00f3bal"}]},{"@type":"WebSite","@id":"https:\/\/arealorcaradio.es\/#website","url":"https:\/\/arealorcaradio.es\/","name":"AREA LORCA RADIO","description":"Descubre la programaci\u00f3n actual en \u00c1rea Lorca Radio, tu fuente de entrenamiento y noticias locales. Sintoniza ahora y mantente conectado online.","potentialAction":[{"@type":"SearchAction","target":{"@type":"EntryPoint","urlTemplate":"https:\/\/arealorcaradio.es\/?s={search_term_string}"},"query-input":{"@type":"PropertyValueSpecification","valueRequired":true,"valueName":"search_term_string"}}],"inLanguage":"es"},{"@type":"Person","@id":"https:\/\/arealorcaradio.es\/#\/schema\/person\/9fae605fc25b0f2c83c1ab207139bd27","name":"Paco S\u00e1nchez","image":{"@type":"ImageObject","inLanguage":"es","@id":"https:\/\/secure.gravatar.com\/avatar\/d67144e966420fb74aa84c9f2a0103be4724fd14db52b52d3b6bca749f257e79?s=96&d=mm&r=g","url":"https:\/\/secure.gravatar.com\/avatar\/d67144e966420fb74aa84c9f2a0103be4724fd14db52b52d3b6bca749f257e79?s=96&d=mm&r=g","contentUrl":"https:\/\/secure.gravatar.com\/avatar\/d67144e966420fb74aa84c9f2a0103be4724fd14db52b52d3b6bca749f257e79?s=96&d=mm&r=g","caption":"Paco S\u00e1nchez"},"sameAs":["https:\/\/arealorcaradio.es"],"url":"https:\/\/arealorcaradio.es\/index.php\/author\/admin_alorcaradio\/"}]}},"_links":{"self":[{"href":"https:\/\/arealorcaradio.es\/index.php\/wp-json\/wp\/v2\/posts\/6260","targetHints":{"allow":["GET"]}}],"collection":[{"href":"https:\/\/arealorcaradio.es\/index.php\/wp-json\/wp\/v2\/posts"}],"about":[{"href":"https:\/\/arealorcaradio.es\/index.php\/wp-json\/wp\/v2\/types\/post"}],"author":[{"embeddable":true,"href":"https:\/\/arealorcaradio.es\/index.php\/wp-json\/wp\/v2\/users\/1"}],"replies":[{"embeddable":true,"href":"https:\/\/arealorcaradio.es\/index.php\/wp-json\/wp\/v2\/comments?post=6260"}],"version-history":[{"count":1,"href":"https:\/\/arealorcaradio.es\/index.php\/wp-json\/wp\/v2\/posts\/6260\/revisions"}],"predecessor-version":[{"id":6263,"href":"https:\/\/arealorcaradio.es\/index.php\/wp-json\/wp\/v2\/posts\/6260\/revisions\/6263"}],"wp:featuredmedia":[{"embeddable":true,"href":"https:\/\/arealorcaradio.es\/index.php\/wp-json\/wp\/v2\/media\/6261"}],"wp:attachment":[{"href":"https:\/\/arealorcaradio.es\/index.php\/wp-json\/wp\/v2\/media?parent=6260"}],"wp:term":[{"taxonomy":"category","embeddable":true,"href":"https:\/\/arealorcaradio.es\/index.php\/wp-json\/wp\/v2\/categories?post=6260"},{"taxonomy":"post_tag","embeddable":true,"href":"https:\/\/arealorcaradio.es\/index.php\/wp-json\/wp\/v2\/tags?post=6260"}],"curies":[{"name":"wp","href":"https:\/\/api.w.org\/{rel}","templated":true}]}}