{"id":6252,"date":"2025-04-15T17:33:41","date_gmt":"2025-04-15T17:33:41","guid":{"rendered":"https:\/\/arealorcaradio.es\/?p=6252"},"modified":"2025-04-15T20:25:18","modified_gmt":"2025-04-15T20:25:18","slug":"emilio-de-justo-sustituye-a-jose-maria-manzanares-el-proximo-sabado-en-lorca","status":"publish","type":"post","link":"https:\/\/arealorcaradio.es\/index.php\/2025\/04\/15\/emilio-de-justo-sustituye-a-jose-maria-manzanares-el-proximo-sabado-en-lorca\/","title":{"rendered":"Emilio de Justo sustituye a Jos\u00e9 Mar\u00eda Manzanares el pr\u00f3ximo s\u00e1bado en Lorca"},"content":{"rendered":"<p><strong>\u00c1REA LORCA RADIO. Cultura.<\/strong><\/p>\n<p>Escucha aqu\u00ed la entrevista que ha concedido a Paco S\u00e1nchez en el magazine de \u00c1rea Lorca Radio, el codirector de la revista digital taurina El Muletazo, Fran P\u00e9rez.<\/p>\n<audio class=\"wp-audio-shortcode\" id=\"audio-6252-1\" preload=\"none\" style=\"width: 100%;\" controls=\"controls\"><source type=\"audio\/mpeg\" src=\"https:\/\/arealorcaradio.es\/wp-content\/uploads\/2025\/04\/150425-FRAN-PEREZ.-CAMBIO-CARTEL-LORCA.mp3?_=1\" \/><a href=\"https:\/\/arealorcaradio.es\/wp-content\/uploads\/2025\/04\/150425-FRAN-PEREZ.-CAMBIO-CARTEL-LORCA.mp3\">https:\/\/arealorcaradio.es\/wp-content\/uploads\/2025\/04\/150425-FRAN-PEREZ.-CAMBIO-CARTEL-LORCA.mp3<\/a><\/audio>\n<p class=\"v1MsoNormal\">Emilio de Justo sustituir\u00e1 a Jos\u00e9 Mar\u00eda Manzanares este pr\u00f3ximo s\u00e1bado en la plaza de toros de Lorca. El diestro alicantino, que lo ha intentado hasta el \u00faltimo momento, no se ha podido recuperar de la intervenci\u00f3n quir\u00fargica a la que fue sometido tras la cornada sufrida en la pasada Feria de Fallas, en Valencia, tal y como confirma la declaraci\u00f3n de baja m\u00e9dica presentada a tal efecto en la ma\u00f1ana de hoy.<\/p>\n<p class=\"v1MsoNormal\">El plazo de recuperaci\u00f3n marcado en ese momento no interfer\u00eda en la cita lorquina, pero la evoluci\u00f3n de este proceso no le permitir\u00e1 comparecer en el Coso de Sutullena, donde s\u00ed estar\u00e1 el pr\u00f3ximo 21 de septiembre en el cartel de Feria, manteniendo el compromiso con la ciudad y su afici\u00f3n.<\/p>\n<p class=\"v1MsoNormal\">De este modo, <strong>Emilio de Justo<\/strong> llega a Lorca para hacer su presentaci\u00f3n en la Ciudad del Sol en un cartel donde alternar\u00e1 con el rejoneador <strong>Diego Ventura<\/strong>, que lidiar\u00e1 dos ejemplares de San Pelayo, y junto al diestro <strong>Paco Ure\u00f1a<\/strong>, con el que torear\u00e1 astados de Victoriano del R\u00edo.<\/p>\n<p class=\"v1MsoNormal\">Las taquillas para adquirir localidades o gestionar cambios en las entradas (incluida la devoluci\u00f3n) para este festejo permanecen disponibles, tanto de manera presencial como de forma telem\u00e1tica en este enlace:\u00a0<a href=\"https:\/\/www.bacantix.com\/Entradas\/Default.aspx?id=cosodesutullena\" target=\"_blank\" rel=\"noopener noreferrer\">https:\/\/www.bacantix.com\/Entradas\/Default.aspx?id=cosodesutullena<\/a><\/p>\n<p><strong>Corrida de Toros de Feria y Fiestas de Lorca.<\/strong><\/p>\n<p>En otro orden de cosas hemos conocido el cartel de Feria y Fiestas de Lorca del 21 de septiembre, un cartel de relumbr\u00f3n. Una combinaci\u00f3n que ha cerrado el Ayuntamiento de Lorca y que queda compuesto por Jos\u00e9 Mar\u00eda Manzanares, Paco Ure\u00f1a y Juan Ortega. Tres nombres propios de La Tauromaquia que alternar\u00e1n frente a toros de la prestigiosa ganader\u00eda de \u00c1lvaro N\u00fa\u00f1ez.<\/p>\n<p class=\"v1MsoNormal\"><img loading=\"lazy\" decoding=\"async\" class=\"alignnone size-medium wp-image-6254\" src=\"https:\/\/arealorcaradio.es\/wp-content\/uploads\/2025\/04\/IMG-20250415-WA0046-240x300.jpg\" alt=\"\" width=\"240\" height=\"300\" srcset=\"https:\/\/arealorcaradio.es\/wp-content\/uploads\/2025\/04\/IMG-20250415-WA0046-240x300.jpg 240w, https:\/\/arealorcaradio.es\/wp-content\/uploads\/2025\/04\/IMG-20250415-WA0046-819x1024.jpg 819w, https:\/\/arealorcaradio.es\/wp-content\/uploads\/2025\/04\/IMG-20250415-WA0046-768x960.jpg 768w, https:\/\/arealorcaradio.es\/wp-content\/uploads\/2025\/04\/IMG-20250415-WA0046.jpg 1080w\" sizes=\"auto, (max-width: 240px) 100vw, 240px\" \/><\/p>\n<p class=\"v1MsoNormal\">Una composici\u00f3n de lujo para un acontecimiento en el que debutar\u00e1<strong> Juan Ortega<\/strong>, el gran estandarte del toreo cl\u00e1sico en la actualidad. Encabeza la terna <strong>Jos\u00e9 Mar\u00eda Manzanares<\/strong>, que muestra su compromiso con Lorca tras no poder estar en la corrida del S\u00e1bado de Gloria. Y lo redondea <strong>Paco Ure\u00f1a<\/strong>, el diestro lorquino, triunfador del a\u00f1o 2024 en Sutullena y estandarte de la Ciudad del Sol.<\/p>\n<p class=\"v1MsoNormal\">De este modo, Lorca contin\u00faa la apuesta por la entidad de sus combinaciones y por la calidad, dotando a todos sus espect\u00e1culos de categor\u00eda y alicientes para aficionados y p\u00fablico.<\/p>\n","protected":false},"excerpt":{"rendered":"<p>\u00c1REA LORCA RADIO. Cultura. Escucha aqu\u00ed la entrevista que ha concedido a Paco S\u00e1nchez en el magazine de \u00c1rea Lorca Radio, el codirector de la revista digital taurina El Muletazo, Fran P\u00e9rez. Emilio de Justo sustituir\u00e1 a Jos\u00e9 Mar\u00eda Manzanares este pr\u00f3ximo s\u00e1bado en la plaza de toros de Lorca. El diestro alicantino, que lo [&hellip;]<\/p>\n","protected":false},"author":1,"featured_media":6255,"comment_status":"open","ping_status":"open","sticky":false,"template":"","format":"standard","meta":{"iawp_total_views":19,"footnotes":""},"categories":[5,7],"tags":[],"class_list":["post-6252","post","type-post","status-publish","format-standard","has-post-thumbnail","hentry","category-actualidad","category-lorca"],"yoast_head":"<!-- This site is optimized with the Yoast SEO plugin v27.5 - https:\/\/yoast.com\/product\/yoast-seo-wordpress\/ -->\n<title>Emilio de Justo sustituye a Jos\u00e9 Mar\u00eda Manzanares el pr\u00f3ximo s\u00e1bado en Lorca - AREA LORCA RADIO<\/title>\n<meta name=\"robots\" content=\"index, follow, max-snippet:-1, max-image-preview:large, max-video-preview:-1\" \/>\n<link rel=\"canonical\" href=\"https:\/\/arealorcaradio.es\/index.php\/2025\/04\/15\/emilio-de-justo-sustituye-a-jose-maria-manzanares-el-proximo-sabado-en-lorca\/\" \/>\n<meta property=\"og:locale\" content=\"es_ES\" \/>\n<meta property=\"og:type\" content=\"article\" \/>\n<meta property=\"og:title\" content=\"Emilio de Justo sustituye a Jos\u00e9 Mar\u00eda Manzanares el pr\u00f3ximo s\u00e1bado en Lorca - AREA LORCA RADIO\" \/>\n<meta property=\"og:description\" content=\"\u00c1REA LORCA RADIO. Cultura. Escucha aqu\u00ed la entrevista que ha concedido a Paco S\u00e1nchez en el magazine de \u00c1rea Lorca Radio, el codirector de la revista digital taurina El Muletazo, Fran P\u00e9rez. Emilio de Justo sustituir\u00e1 a Jos\u00e9 Mar\u00eda Manzanares este pr\u00f3ximo s\u00e1bado en la plaza de toros de Lorca. El diestro alicantino, que lo [&hellip;]\" \/>\n<meta property=\"og:url\" content=\"https:\/\/arealorcaradio.es\/index.php\/2025\/04\/15\/emilio-de-justo-sustituye-a-jose-maria-manzanares-el-proximo-sabado-en-lorca\/\" \/>\n<meta property=\"og:site_name\" content=\"AREA LORCA RADIO\" \/>\n<meta property=\"article:published_time\" content=\"2025-04-15T17:33:41+00:00\" \/>\n<meta property=\"article:modified_time\" content=\"2025-04-15T20:25:18+00:00\" \/>\n<meta property=\"og:image\" content=\"https:\/\/arealorcaradio.es\/wp-content\/uploads\/2025\/04\/20250415_191133-scaled.jpg\" \/>\n\t<meta property=\"og:image:width\" content=\"2560\" \/>\n\t<meta property=\"og:image:height\" content=\"1920\" \/>\n\t<meta property=\"og:image:type\" content=\"image\/jpeg\" \/>\n<meta name=\"author\" content=\"Paco S\u00e1nchez\" \/>\n<meta name=\"twitter:card\" content=\"summary_large_image\" \/>\n<meta name=\"twitter:label1\" content=\"Escrito por\" \/>\n\t<meta name=\"twitter:data1\" content=\"Paco S\u00e1nchez\" \/>\n\t<meta name=\"twitter:label2\" content=\"Tiempo de lectura\" \/>\n\t<meta name=\"twitter:data2\" content=\"3 minutos\" \/>\n<script type=\"application\/ld+json\" class=\"yoast-schema-graph\">{\"@context\":\"https:\\\/\\\/schema.org\",\"@graph\":[{\"@type\":\"Article\",\"@id\":\"https:\\\/\\\/arealorcaradio.es\\\/index.php\\\/2025\\\/04\\\/15\\\/emilio-de-justo-sustituye-a-jose-maria-manzanares-el-proximo-sabado-en-lorca\\\/#article\",\"isPartOf\":{\"@id\":\"https:\\\/\\\/arealorcaradio.es\\\/index.php\\\/2025\\\/04\\\/15\\\/emilio-de-justo-sustituye-a-jose-maria-manzanares-el-proximo-sabado-en-lorca\\\/\"},\"author\":{\"name\":\"Paco S\u00e1nchez\",\"@id\":\"https:\\\/\\\/arealorcaradio.es\\\/#\\\/schema\\\/person\\\/9fae605fc25b0f2c83c1ab207139bd27\"},\"headline\":\"Emilio de Justo sustituye a Jos\u00e9 Mar\u00eda Manzanares el pr\u00f3ximo s\u00e1bado en Lorca\",\"datePublished\":\"2025-04-15T17:33:41+00:00\",\"dateModified\":\"2025-04-15T20:25:18+00:00\",\"mainEntityOfPage\":{\"@id\":\"https:\\\/\\\/arealorcaradio.es\\\/index.php\\\/2025\\\/04\\\/15\\\/emilio-de-justo-sustituye-a-jose-maria-manzanares-el-proximo-sabado-en-lorca\\\/\"},\"wordCount\":474,\"commentCount\":0,\"image\":{\"@id\":\"https:\\\/\\\/arealorcaradio.es\\\/index.php\\\/2025\\\/04\\\/15\\\/emilio-de-justo-sustituye-a-jose-maria-manzanares-el-proximo-sabado-en-lorca\\\/#primaryimage\"},\"thumbnailUrl\":\"https:\\\/\\\/arealorcaradio.es\\\/wp-content\\\/uploads\\\/2025\\\/04\\\/20250415_191133-scaled.jpg\",\"articleSection\":[\"ACTUALIDAD\",\"LORCA\"],\"inLanguage\":\"es\",\"potentialAction\":[{\"@type\":\"CommentAction\",\"name\":\"Comment\",\"target\":[\"https:\\\/\\\/arealorcaradio.es\\\/index.php\\\/2025\\\/04\\\/15\\\/emilio-de-justo-sustituye-a-jose-maria-manzanares-el-proximo-sabado-en-lorca\\\/#respond\"]}]},{\"@type\":\"WebPage\",\"@id\":\"https:\\\/\\\/arealorcaradio.es\\\/index.php\\\/2025\\\/04\\\/15\\\/emilio-de-justo-sustituye-a-jose-maria-manzanares-el-proximo-sabado-en-lorca\\\/\",\"url\":\"https:\\\/\\\/arealorcaradio.es\\\/index.php\\\/2025\\\/04\\\/15\\\/emilio-de-justo-sustituye-a-jose-maria-manzanares-el-proximo-sabado-en-lorca\\\/\",\"name\":\"Emilio de Justo sustituye a Jos\u00e9 Mar\u00eda Manzanares el pr\u00f3ximo s\u00e1bado en Lorca - AREA LORCA RADIO\",\"isPartOf\":{\"@id\":\"https:\\\/\\\/arealorcaradio.es\\\/#website\"},\"primaryImageOfPage\":{\"@id\":\"https:\\\/\\\/arealorcaradio.es\\\/index.php\\\/2025\\\/04\\\/15\\\/emilio-de-justo-sustituye-a-jose-maria-manzanares-el-proximo-sabado-en-lorca\\\/#primaryimage\"},\"image\":{\"@id\":\"https:\\\/\\\/arealorcaradio.es\\\/index.php\\\/2025\\\/04\\\/15\\\/emilio-de-justo-sustituye-a-jose-maria-manzanares-el-proximo-sabado-en-lorca\\\/#primaryimage\"},\"thumbnailUrl\":\"https:\\\/\\\/arealorcaradio.es\\\/wp-content\\\/uploads\\\/2025\\\/04\\\/20250415_191133-scaled.jpg\",\"datePublished\":\"2025-04-15T17:33:41+00:00\",\"dateModified\":\"2025-04-15T20:25:18+00:00\",\"author\":{\"@id\":\"https:\\\/\\\/arealorcaradio.es\\\/#\\\/schema\\\/person\\\/9fae605fc25b0f2c83c1ab207139bd27\"},\"breadcrumb\":{\"@id\":\"https:\\\/\\\/arealorcaradio.es\\\/index.php\\\/2025\\\/04\\\/15\\\/emilio-de-justo-sustituye-a-jose-maria-manzanares-el-proximo-sabado-en-lorca\\\/#breadcrumb\"},\"inLanguage\":\"es\",\"potentialAction\":[{\"@type\":\"ReadAction\",\"target\":[\"https:\\\/\\\/arealorcaradio.es\\\/index.php\\\/2025\\\/04\\\/15\\\/emilio-de-justo-sustituye-a-jose-maria-manzanares-el-proximo-sabado-en-lorca\\\/\"]}]},{\"@type\":\"ImageObject\",\"inLanguage\":\"es\",\"@id\":\"https:\\\/\\\/arealorcaradio.es\\\/index.php\\\/2025\\\/04\\\/15\\\/emilio-de-justo-sustituye-a-jose-maria-manzanares-el-proximo-sabado-en-lorca\\\/#primaryimage\",\"url\":\"https:\\\/\\\/arealorcaradio.es\\\/wp-content\\\/uploads\\\/2025\\\/04\\\/20250415_191133-scaled.jpg\",\"contentUrl\":\"https:\\\/\\\/arealorcaradio.es\\\/wp-content\\\/uploads\\\/2025\\\/04\\\/20250415_191133-scaled.jpg\",\"width\":2560,\"height\":1920},{\"@type\":\"BreadcrumbList\",\"@id\":\"https:\\\/\\\/arealorcaradio.es\\\/index.php\\\/2025\\\/04\\\/15\\\/emilio-de-justo-sustituye-a-jose-maria-manzanares-el-proximo-sabado-en-lorca\\\/#breadcrumb\",\"itemListElement\":[{\"@type\":\"ListItem\",\"position\":1,\"name\":\"Portada\",\"item\":\"https:\\\/\\\/arealorcaradio.es\\\/\"},{\"@type\":\"ListItem\",\"position\":2,\"name\":\"Emilio de Justo sustituye a Jos\u00e9 Mar\u00eda Manzanares el pr\u00f3ximo s\u00e1bado en Lorca\"}]},{\"@type\":\"WebSite\",\"@id\":\"https:\\\/\\\/arealorcaradio.es\\\/#website\",\"url\":\"https:\\\/\\\/arealorcaradio.es\\\/\",\"name\":\"AREA LORCA RADIO\",\"description\":\"Descubre la programaci\u00f3n actual en \u00c1rea Lorca Radio, tu fuente de entrenamiento y noticias locales. Sintoniza ahora y mantente conectado online.\",\"potentialAction\":[{\"@type\":\"SearchAction\",\"target\":{\"@type\":\"EntryPoint\",\"urlTemplate\":\"https:\\\/\\\/arealorcaradio.es\\\/?s={search_term_string}\"},\"query-input\":{\"@type\":\"PropertyValueSpecification\",\"valueRequired\":true,\"valueName\":\"search_term_string\"}}],\"inLanguage\":\"es\"},{\"@type\":\"Person\",\"@id\":\"https:\\\/\\\/arealorcaradio.es\\\/#\\\/schema\\\/person\\\/9fae605fc25b0f2c83c1ab207139bd27\",\"name\":\"Paco S\u00e1nchez\",\"image\":{\"@type\":\"ImageObject\",\"inLanguage\":\"es\",\"@id\":\"https:\\\/\\\/secure.gravatar.com\\\/avatar\\\/d67144e966420fb74aa84c9f2a0103be4724fd14db52b52d3b6bca749f257e79?s=96&d=mm&r=g\",\"url\":\"https:\\\/\\\/secure.gravatar.com\\\/avatar\\\/d67144e966420fb74aa84c9f2a0103be4724fd14db52b52d3b6bca749f257e79?s=96&d=mm&r=g\",\"contentUrl\":\"https:\\\/\\\/secure.gravatar.com\\\/avatar\\\/d67144e966420fb74aa84c9f2a0103be4724fd14db52b52d3b6bca749f257e79?s=96&d=mm&r=g\",\"caption\":\"Paco S\u00e1nchez\"},\"sameAs\":[\"https:\\\/\\\/arealorcaradio.es\"],\"url\":\"https:\\\/\\\/arealorcaradio.es\\\/index.php\\\/author\\\/admin_alorcaradio\\\/\"}]}<\/script>\n<!-- \/ Yoast SEO plugin. -->","yoast_head_json":{"title":"Emilio de Justo sustituye a Jos\u00e9 Mar\u00eda Manzanares el pr\u00f3ximo s\u00e1bado en Lorca - AREA LORCA RADIO","robots":{"index":"index","follow":"follow","max-snippet":"max-snippet:-1","max-image-preview":"max-image-preview:large","max-video-preview":"max-video-preview:-1"},"canonical":"https:\/\/arealorcaradio.es\/index.php\/2025\/04\/15\/emilio-de-justo-sustituye-a-jose-maria-manzanares-el-proximo-sabado-en-lorca\/","og_locale":"es_ES","og_type":"article","og_title":"Emilio de Justo sustituye a Jos\u00e9 Mar\u00eda Manzanares el pr\u00f3ximo s\u00e1bado en Lorca - AREA LORCA RADIO","og_description":"\u00c1REA LORCA RADIO. Cultura. Escucha aqu\u00ed la entrevista que ha concedido a Paco S\u00e1nchez en el magazine de \u00c1rea Lorca Radio, el codirector de la revista digital taurina El Muletazo, Fran P\u00e9rez. Emilio de Justo sustituir\u00e1 a Jos\u00e9 Mar\u00eda Manzanares este pr\u00f3ximo s\u00e1bado en la plaza de toros de Lorca. El diestro alicantino, que lo [&hellip;]","og_url":"https:\/\/arealorcaradio.es\/index.php\/2025\/04\/15\/emilio-de-justo-sustituye-a-jose-maria-manzanares-el-proximo-sabado-en-lorca\/","og_site_name":"AREA LORCA RADIO","article_published_time":"2025-04-15T17:33:41+00:00","article_modified_time":"2025-04-15T20:25:18+00:00","og_image":[{"width":2560,"height":1920,"url":"https:\/\/arealorcaradio.es\/wp-content\/uploads\/2025\/04\/20250415_191133-scaled.jpg","type":"image\/jpeg"}],"author":"Paco S\u00e1nchez","twitter_card":"summary_large_image","twitter_misc":{"Escrito por":"Paco S\u00e1nchez","Tiempo de lectura":"3 minutos"},"schema":{"@context":"https:\/\/schema.org","@graph":[{"@type":"Article","@id":"https:\/\/arealorcaradio.es\/index.php\/2025\/04\/15\/emilio-de-justo-sustituye-a-jose-maria-manzanares-el-proximo-sabado-en-lorca\/#article","isPartOf":{"@id":"https:\/\/arealorcaradio.es\/index.php\/2025\/04\/15\/emilio-de-justo-sustituye-a-jose-maria-manzanares-el-proximo-sabado-en-lorca\/"},"author":{"name":"Paco S\u00e1nchez","@id":"https:\/\/arealorcaradio.es\/#\/schema\/person\/9fae605fc25b0f2c83c1ab207139bd27"},"headline":"Emilio de Justo sustituye a Jos\u00e9 Mar\u00eda Manzanares el pr\u00f3ximo s\u00e1bado en Lorca","datePublished":"2025-04-15T17:33:41+00:00","dateModified":"2025-04-15T20:25:18+00:00","mainEntityOfPage":{"@id":"https:\/\/arealorcaradio.es\/index.php\/2025\/04\/15\/emilio-de-justo-sustituye-a-jose-maria-manzanares-el-proximo-sabado-en-lorca\/"},"wordCount":474,"commentCount":0,"image":{"@id":"https:\/\/arealorcaradio.es\/index.php\/2025\/04\/15\/emilio-de-justo-sustituye-a-jose-maria-manzanares-el-proximo-sabado-en-lorca\/#primaryimage"},"thumbnailUrl":"https:\/\/arealorcaradio.es\/wp-content\/uploads\/2025\/04\/20250415_191133-scaled.jpg","articleSection":["ACTUALIDAD","LORCA"],"inLanguage":"es","potentialAction":[{"@type":"CommentAction","name":"Comment","target":["https:\/\/arealorcaradio.es\/index.php\/2025\/04\/15\/emilio-de-justo-sustituye-a-jose-maria-manzanares-el-proximo-sabado-en-lorca\/#respond"]}]},{"@type":"WebPage","@id":"https:\/\/arealorcaradio.es\/index.php\/2025\/04\/15\/emilio-de-justo-sustituye-a-jose-maria-manzanares-el-proximo-sabado-en-lorca\/","url":"https:\/\/arealorcaradio.es\/index.php\/2025\/04\/15\/emilio-de-justo-sustituye-a-jose-maria-manzanares-el-proximo-sabado-en-lorca\/","name":"Emilio de Justo sustituye a Jos\u00e9 Mar\u00eda Manzanares el pr\u00f3ximo s\u00e1bado en Lorca - AREA LORCA RADIO","isPartOf":{"@id":"https:\/\/arealorcaradio.es\/#website"},"primaryImageOfPage":{"@id":"https:\/\/arealorcaradio.es\/index.php\/2025\/04\/15\/emilio-de-justo-sustituye-a-jose-maria-manzanares-el-proximo-sabado-en-lorca\/#primaryimage"},"image":{"@id":"https:\/\/arealorcaradio.es\/index.php\/2025\/04\/15\/emilio-de-justo-sustituye-a-jose-maria-manzanares-el-proximo-sabado-en-lorca\/#primaryimage"},"thumbnailUrl":"https:\/\/arealorcaradio.es\/wp-content\/uploads\/2025\/04\/20250415_191133-scaled.jpg","datePublished":"2025-04-15T17:33:41+00:00","dateModified":"2025-04-15T20:25:18+00:00","author":{"@id":"https:\/\/arealorcaradio.es\/#\/schema\/person\/9fae605fc25b0f2c83c1ab207139bd27"},"breadcrumb":{"@id":"https:\/\/arealorcaradio.es\/index.php\/2025\/04\/15\/emilio-de-justo-sustituye-a-jose-maria-manzanares-el-proximo-sabado-en-lorca\/#breadcrumb"},"inLanguage":"es","potentialAction":[{"@type":"ReadAction","target":["https:\/\/arealorcaradio.es\/index.php\/2025\/04\/15\/emilio-de-justo-sustituye-a-jose-maria-manzanares-el-proximo-sabado-en-lorca\/"]}]},{"@type":"ImageObject","inLanguage":"es","@id":"https:\/\/arealorcaradio.es\/index.php\/2025\/04\/15\/emilio-de-justo-sustituye-a-jose-maria-manzanares-el-proximo-sabado-en-lorca\/#primaryimage","url":"https:\/\/arealorcaradio.es\/wp-content\/uploads\/2025\/04\/20250415_191133-scaled.jpg","contentUrl":"https:\/\/arealorcaradio.es\/wp-content\/uploads\/2025\/04\/20250415_191133-scaled.jpg","width":2560,"height":1920},{"@type":"BreadcrumbList","@id":"https:\/\/arealorcaradio.es\/index.php\/2025\/04\/15\/emilio-de-justo-sustituye-a-jose-maria-manzanares-el-proximo-sabado-en-lorca\/#breadcrumb","itemListElement":[{"@type":"ListItem","position":1,"name":"Portada","item":"https:\/\/arealorcaradio.es\/"},{"@type":"ListItem","position":2,"name":"Emilio de Justo sustituye a Jos\u00e9 Mar\u00eda Manzanares el pr\u00f3ximo s\u00e1bado en Lorca"}]},{"@type":"WebSite","@id":"https:\/\/arealorcaradio.es\/#website","url":"https:\/\/arealorcaradio.es\/","name":"AREA LORCA RADIO","description":"Descubre la programaci\u00f3n actual en \u00c1rea Lorca Radio, tu fuente de entrenamiento y noticias locales. Sintoniza ahora y mantente conectado online.","potentialAction":[{"@type":"SearchAction","target":{"@type":"EntryPoint","urlTemplate":"https:\/\/arealorcaradio.es\/?s={search_term_string}"},"query-input":{"@type":"PropertyValueSpecification","valueRequired":true,"valueName":"search_term_string"}}],"inLanguage":"es"},{"@type":"Person","@id":"https:\/\/arealorcaradio.es\/#\/schema\/person\/9fae605fc25b0f2c83c1ab207139bd27","name":"Paco S\u00e1nchez","image":{"@type":"ImageObject","inLanguage":"es","@id":"https:\/\/secure.gravatar.com\/avatar\/d67144e966420fb74aa84c9f2a0103be4724fd14db52b52d3b6bca749f257e79?s=96&d=mm&r=g","url":"https:\/\/secure.gravatar.com\/avatar\/d67144e966420fb74aa84c9f2a0103be4724fd14db52b52d3b6bca749f257e79?s=96&d=mm&r=g","contentUrl":"https:\/\/secure.gravatar.com\/avatar\/d67144e966420fb74aa84c9f2a0103be4724fd14db52b52d3b6bca749f257e79?s=96&d=mm&r=g","caption":"Paco S\u00e1nchez"},"sameAs":["https:\/\/arealorcaradio.es"],"url":"https:\/\/arealorcaradio.es\/index.php\/author\/admin_alorcaradio\/"}]}},"_links":{"self":[{"href":"https:\/\/arealorcaradio.es\/index.php\/wp-json\/wp\/v2\/posts\/6252","targetHints":{"allow":["GET"]}}],"collection":[{"href":"https:\/\/arealorcaradio.es\/index.php\/wp-json\/wp\/v2\/posts"}],"about":[{"href":"https:\/\/arealorcaradio.es\/index.php\/wp-json\/wp\/v2\/types\/post"}],"author":[{"embeddable":true,"href":"https:\/\/arealorcaradio.es\/index.php\/wp-json\/wp\/v2\/users\/1"}],"replies":[{"embeddable":true,"href":"https:\/\/arealorcaradio.es\/index.php\/wp-json\/wp\/v2\/comments?post=6252"}],"version-history":[{"count":4,"href":"https:\/\/arealorcaradio.es\/index.php\/wp-json\/wp\/v2\/posts\/6252\/revisions"}],"predecessor-version":[{"id":6259,"href":"https:\/\/arealorcaradio.es\/index.php\/wp-json\/wp\/v2\/posts\/6252\/revisions\/6259"}],"wp:featuredmedia":[{"embeddable":true,"href":"https:\/\/arealorcaradio.es\/index.php\/wp-json\/wp\/v2\/media\/6255"}],"wp:attachment":[{"href":"https:\/\/arealorcaradio.es\/index.php\/wp-json\/wp\/v2\/media?parent=6252"}],"wp:term":[{"taxonomy":"category","embeddable":true,"href":"https:\/\/arealorcaradio.es\/index.php\/wp-json\/wp\/v2\/categories?post=6252"},{"taxonomy":"post_tag","embeddable":true,"href":"https:\/\/arealorcaradio.es\/index.php\/wp-json\/wp\/v2\/tags?post=6252"}],"curies":[{"name":"wp","href":"https:\/\/api.w.org\/{rel}","templated":true}]}}