{"id":6241,"date":"2025-04-14T17:15:46","date_gmt":"2025-04-14T17:15:46","guid":{"rendered":"https:\/\/arealorcaradio.es\/?p=6241"},"modified":"2025-04-14T17:16:26","modified_gmt":"2025-04-14T17:16:26","slug":"beni-garcia-mi-objetivo-en-la-actualidad-es-acabar-carreras-y-volver-a-coger-tono-fisico-y-sensaciones-tras-la-lesion","status":"publish","type":"post","link":"https:\/\/arealorcaradio.es\/index.php\/2025\/04\/14\/beni-garcia-mi-objetivo-en-la-actualidad-es-acabar-carreras-y-volver-a-coger-tono-fisico-y-sensaciones-tras-la-lesion\/","title":{"rendered":"Beni Garc\u00eda: \u00abMi objetivo en la actualidad es acabar carreras y volver a coger tono f\u00edsico y sensaciones tras la lesi\u00f3n\u00bb"},"content":{"rendered":"<p><strong>\u00c1REA LORCA RADIO. Motor.<\/strong><\/p>\n<p>Escucha aqu\u00ed la entrevista que ha concedido Beni Garc\u00eda a Paco S\u00e1nchez en \u00c1rea Lorca Radio Deportes. El lorquino ha corrido en una categor\u00eda que por edad no le corresponde ya que casi la totalidad de pilotos que compiten con motos de 250cc cuentan con 16 y 17 a\u00f1os, cuando Beni Garc\u00eda cuenta con 15 a\u00f1os. Este fin de semana compet\u00eda en el Campeonato Regional de Motocross celebrado en el Circuito de Los Conejos de Molina de Segura. En los entrenamientos libres fue tercero, en la primera manga, segundo y en la segunda manga tercero, para ocupar el tercer caj\u00f3n de la general.<\/p>\n<audio class=\"wp-audio-shortcode\" id=\"audio-6241-1\" preload=\"none\" style=\"width: 100%;\" controls=\"controls\"><source type=\"audio\/mpeg\" src=\"https:\/\/arealorcaradio.es\/wp-content\/uploads\/2025\/04\/140425-BENI-GARCIA.-MOTOCROSS.mp3?_=1\" \/><a href=\"https:\/\/arealorcaradio.es\/wp-content\/uploads\/2025\/04\/140425-BENI-GARCIA.-MOTOCROSS.mp3\">https:\/\/arealorcaradio.es\/wp-content\/uploads\/2025\/04\/140425-BENI-GARCIA.-MOTOCROSS.mp3<\/a><\/audio>\n<p><img loading=\"lazy\" decoding=\"async\" class=\"alignnone size-medium wp-image-6242\" src=\"https:\/\/arealorcaradio.es\/wp-content\/uploads\/2025\/04\/IMG-20250414-WA0002-300x200.jpg\" alt=\"\" width=\"300\" height=\"200\" srcset=\"https:\/\/arealorcaradio.es\/wp-content\/uploads\/2025\/04\/IMG-20250414-WA0002-300x200.jpg 300w, https:\/\/arealorcaradio.es\/wp-content\/uploads\/2025\/04\/IMG-20250414-WA0002-1024x683.jpg 1024w, https:\/\/arealorcaradio.es\/wp-content\/uploads\/2025\/04\/IMG-20250414-WA0002-768x512.jpg 768w, https:\/\/arealorcaradio.es\/wp-content\/uploads\/2025\/04\/IMG-20250414-WA0002-1536x1024.jpg 1536w, https:\/\/arealorcaradio.es\/wp-content\/uploads\/2025\/04\/IMG-20250414-WA0002.jpg 1732w\" sizes=\"auto, (max-width: 300px) 100vw, 300px\" \/>\u00a0 <img loading=\"lazy\" decoding=\"async\" class=\"alignnone size-medium wp-image-6243\" src=\"https:\/\/arealorcaradio.es\/wp-content\/uploads\/2025\/04\/IMG-20250414-WA0006-300x200.jpg\" alt=\"\" width=\"300\" height=\"200\" srcset=\"https:\/\/arealorcaradio.es\/wp-content\/uploads\/2025\/04\/IMG-20250414-WA0006-300x200.jpg 300w, https:\/\/arealorcaradio.es\/wp-content\/uploads\/2025\/04\/IMG-20250414-WA0006-1024x683.jpg 1024w, https:\/\/arealorcaradio.es\/wp-content\/uploads\/2025\/04\/IMG-20250414-WA0006-768x512.jpg 768w, https:\/\/arealorcaradio.es\/wp-content\/uploads\/2025\/04\/IMG-20250414-WA0006-1536x1024.jpg 1536w, https:\/\/arealorcaradio.es\/wp-content\/uploads\/2025\/04\/IMG-20250414-WA0006.jpg 2048w\" sizes=\"auto, (max-width: 300px) 100vw, 300px\" \/><\/p>\n<p><img loading=\"lazy\" decoding=\"async\" class=\"alignnone size-medium wp-image-6244\" src=\"https:\/\/arealorcaradio.es\/wp-content\/uploads\/2025\/04\/20250414_173903-300x225.jpg\" alt=\"\" width=\"300\" height=\"225\" srcset=\"https:\/\/arealorcaradio.es\/wp-content\/uploads\/2025\/04\/20250414_173903-300x225.jpg 300w, https:\/\/arealorcaradio.es\/wp-content\/uploads\/2025\/04\/20250414_173903-1024x768.jpg 1024w, https:\/\/arealorcaradio.es\/wp-content\/uploads\/2025\/04\/20250414_173903-768x576.jpg 768w, https:\/\/arealorcaradio.es\/wp-content\/uploads\/2025\/04\/20250414_173903-1536x1152.jpg 1536w, https:\/\/arealorcaradio.es\/wp-content\/uploads\/2025\/04\/20250414_173903-2048x1536.jpg 2048w, https:\/\/arealorcaradio.es\/wp-content\/uploads\/2025\/04\/20250414_173903-86x64.jpg 86w\" sizes=\"auto, (max-width: 300px) 100vw, 300px\" \/> \u00a0<img loading=\"lazy\" decoding=\"async\" class=\"alignnone size-medium wp-image-6245\" src=\"https:\/\/arealorcaradio.es\/wp-content\/uploads\/2025\/04\/20250414_173759-300x225.jpg\" alt=\"\" width=\"300\" height=\"225\" srcset=\"https:\/\/arealorcaradio.es\/wp-content\/uploads\/2025\/04\/20250414_173759-300x225.jpg 300w, https:\/\/arealorcaradio.es\/wp-content\/uploads\/2025\/04\/20250414_173759-1024x768.jpg 1024w, https:\/\/arealorcaradio.es\/wp-content\/uploads\/2025\/04\/20250414_173759-768x576.jpg 768w, https:\/\/arealorcaradio.es\/wp-content\/uploads\/2025\/04\/20250414_173759-1536x1152.jpg 1536w, https:\/\/arealorcaradio.es\/wp-content\/uploads\/2025\/04\/20250414_173759-2048x1536.jpg 2048w, https:\/\/arealorcaradio.es\/wp-content\/uploads\/2025\/04\/20250414_173759-86x64.jpg 86w\" sizes=\"auto, (max-width: 300px) 100vw, 300px\" \/><\/p>\n<p><img loading=\"lazy\" decoding=\"async\" class=\"alignnone size-medium wp-image-6249\" src=\"https:\/\/arealorcaradio.es\/wp-content\/uploads\/2025\/04\/IMG-20250414-WA0007-194x300.jpg\" alt=\"\" width=\"194\" height=\"300\" srcset=\"https:\/\/arealorcaradio.es\/wp-content\/uploads\/2025\/04\/IMG-20250414-WA0007-194x300.jpg 194w, https:\/\/arealorcaradio.es\/wp-content\/uploads\/2025\/04\/IMG-20250414-WA0007-662x1024.jpg 662w, https:\/\/arealorcaradio.es\/wp-content\/uploads\/2025\/04\/IMG-20250414-WA0007.jpg 729w\" sizes=\"auto, (max-width: 194px) 100vw, 194px\" \/><\/p>\n","protected":false},"excerpt":{"rendered":"<p>\u00c1REA LORCA RADIO. Motor. Escucha aqu\u00ed la entrevista que ha concedido Beni Garc\u00eda a Paco S\u00e1nchez en \u00c1rea Lorca Radio Deportes. El lorquino ha corrido en una categor\u00eda que por edad no le corresponde ya que casi la totalidad de pilotos que compiten con motos de 250cc cuentan con 16 y 17 a\u00f1os, cuando Beni [&hellip;]<\/p>\n","protected":false},"author":1,"featured_media":6247,"comment_status":"open","ping_status":"open","sticky":false,"template":"","format":"standard","meta":{"iawp_total_views":66,"footnotes":""},"categories":[4,7],"tags":[],"class_list":["post-6241","post","type-post","status-publish","format-standard","has-post-thumbnail","hentry","category-deportes","category-lorca"],"yoast_head":"<!-- This site is optimized with the Yoast SEO plugin v27.5 - https:\/\/yoast.com\/product\/yoast-seo-wordpress\/ -->\n<title>Beni Garc\u00eda: &quot;Mi objetivo en la actualidad es acabar carreras y volver a coger tono f\u00edsico y sensaciones tras la lesi\u00f3n&quot; - AREA LORCA RADIO<\/title>\n<meta name=\"robots\" content=\"index, follow, max-snippet:-1, max-image-preview:large, max-video-preview:-1\" \/>\n<link rel=\"canonical\" href=\"https:\/\/arealorcaradio.es\/index.php\/2025\/04\/14\/beni-garcia-mi-objetivo-en-la-actualidad-es-acabar-carreras-y-volver-a-coger-tono-fisico-y-sensaciones-tras-la-lesion\/\" \/>\n<meta property=\"og:locale\" content=\"es_ES\" \/>\n<meta property=\"og:type\" content=\"article\" \/>\n<meta property=\"og:title\" content=\"Beni Garc\u00eda: &quot;Mi objetivo en la actualidad es acabar carreras y volver a coger tono f\u00edsico y sensaciones tras la lesi\u00f3n&quot; - AREA LORCA RADIO\" \/>\n<meta property=\"og:description\" content=\"\u00c1REA LORCA RADIO. Motor. Escucha aqu\u00ed la entrevista que ha concedido Beni Garc\u00eda a Paco S\u00e1nchez en \u00c1rea Lorca Radio Deportes. El lorquino ha corrido en una categor\u00eda que por edad no le corresponde ya que casi la totalidad de pilotos que compiten con motos de 250cc cuentan con 16 y 17 a\u00f1os, cuando Beni [&hellip;]\" \/>\n<meta property=\"og:url\" content=\"https:\/\/arealorcaradio.es\/index.php\/2025\/04\/14\/beni-garcia-mi-objetivo-en-la-actualidad-es-acabar-carreras-y-volver-a-coger-tono-fisico-y-sensaciones-tras-la-lesion\/\" \/>\n<meta property=\"og:site_name\" content=\"AREA LORCA RADIO\" \/>\n<meta property=\"article:published_time\" content=\"2025-04-14T17:15:46+00:00\" \/>\n<meta property=\"article:modified_time\" content=\"2025-04-14T17:16:26+00:00\" \/>\n<meta property=\"og:image\" content=\"https:\/\/arealorcaradio.es\/wp-content\/uploads\/2025\/04\/IMG-20250414-WA0003.jpg\" \/>\n\t<meta property=\"og:image:width\" content=\"2048\" \/>\n\t<meta property=\"og:image:height\" content=\"1365\" \/>\n\t<meta property=\"og:image:type\" content=\"image\/jpeg\" \/>\n<meta name=\"author\" content=\"Paco S\u00e1nchez\" \/>\n<meta name=\"twitter:card\" content=\"summary_large_image\" \/>\n<meta name=\"twitter:label1\" content=\"Escrito por\" \/>\n\t<meta name=\"twitter:data1\" content=\"Paco S\u00e1nchez\" \/>\n\t<meta name=\"twitter:label2\" content=\"Tiempo de lectura\" \/>\n\t<meta name=\"twitter:data2\" content=\"2 minutos\" \/>\n<script type=\"application\/ld+json\" class=\"yoast-schema-graph\">{\"@context\":\"https:\\\/\\\/schema.org\",\"@graph\":[{\"@type\":\"Article\",\"@id\":\"https:\\\/\\\/arealorcaradio.es\\\/index.php\\\/2025\\\/04\\\/14\\\/beni-garcia-mi-objetivo-en-la-actualidad-es-acabar-carreras-y-volver-a-coger-tono-fisico-y-sensaciones-tras-la-lesion\\\/#article\",\"isPartOf\":{\"@id\":\"https:\\\/\\\/arealorcaradio.es\\\/index.php\\\/2025\\\/04\\\/14\\\/beni-garcia-mi-objetivo-en-la-actualidad-es-acabar-carreras-y-volver-a-coger-tono-fisico-y-sensaciones-tras-la-lesion\\\/\"},\"author\":{\"name\":\"Paco S\u00e1nchez\",\"@id\":\"https:\\\/\\\/arealorcaradio.es\\\/#\\\/schema\\\/person\\\/9fae605fc25b0f2c83c1ab207139bd27\"},\"headline\":\"Beni Garc\u00eda: \u00abMi objetivo en la actualidad es acabar carreras y volver a coger tono f\u00edsico y sensaciones tras la lesi\u00f3n\u00bb\",\"datePublished\":\"2025-04-14T17:15:46+00:00\",\"dateModified\":\"2025-04-14T17:16:26+00:00\",\"mainEntityOfPage\":{\"@id\":\"https:\\\/\\\/arealorcaradio.es\\\/index.php\\\/2025\\\/04\\\/14\\\/beni-garcia-mi-objetivo-en-la-actualidad-es-acabar-carreras-y-volver-a-coger-tono-fisico-y-sensaciones-tras-la-lesion\\\/\"},\"wordCount\":147,\"commentCount\":0,\"image\":{\"@id\":\"https:\\\/\\\/arealorcaradio.es\\\/index.php\\\/2025\\\/04\\\/14\\\/beni-garcia-mi-objetivo-en-la-actualidad-es-acabar-carreras-y-volver-a-coger-tono-fisico-y-sensaciones-tras-la-lesion\\\/#primaryimage\"},\"thumbnailUrl\":\"https:\\\/\\\/arealorcaradio.es\\\/wp-content\\\/uploads\\\/2025\\\/04\\\/IMG-20250414-WA0003.jpg\",\"articleSection\":[\"DEPORTES\",\"LORCA\"],\"inLanguage\":\"es\",\"potentialAction\":[{\"@type\":\"CommentAction\",\"name\":\"Comment\",\"target\":[\"https:\\\/\\\/arealorcaradio.es\\\/index.php\\\/2025\\\/04\\\/14\\\/beni-garcia-mi-objetivo-en-la-actualidad-es-acabar-carreras-y-volver-a-coger-tono-fisico-y-sensaciones-tras-la-lesion\\\/#respond\"]}]},{\"@type\":\"WebPage\",\"@id\":\"https:\\\/\\\/arealorcaradio.es\\\/index.php\\\/2025\\\/04\\\/14\\\/beni-garcia-mi-objetivo-en-la-actualidad-es-acabar-carreras-y-volver-a-coger-tono-fisico-y-sensaciones-tras-la-lesion\\\/\",\"url\":\"https:\\\/\\\/arealorcaradio.es\\\/index.php\\\/2025\\\/04\\\/14\\\/beni-garcia-mi-objetivo-en-la-actualidad-es-acabar-carreras-y-volver-a-coger-tono-fisico-y-sensaciones-tras-la-lesion\\\/\",\"name\":\"Beni Garc\u00eda: \\\"Mi objetivo en la actualidad es acabar carreras y volver a coger tono f\u00edsico y sensaciones tras la lesi\u00f3n\\\" - AREA LORCA RADIO\",\"isPartOf\":{\"@id\":\"https:\\\/\\\/arealorcaradio.es\\\/#website\"},\"primaryImageOfPage\":{\"@id\":\"https:\\\/\\\/arealorcaradio.es\\\/index.php\\\/2025\\\/04\\\/14\\\/beni-garcia-mi-objetivo-en-la-actualidad-es-acabar-carreras-y-volver-a-coger-tono-fisico-y-sensaciones-tras-la-lesion\\\/#primaryimage\"},\"image\":{\"@id\":\"https:\\\/\\\/arealorcaradio.es\\\/index.php\\\/2025\\\/04\\\/14\\\/beni-garcia-mi-objetivo-en-la-actualidad-es-acabar-carreras-y-volver-a-coger-tono-fisico-y-sensaciones-tras-la-lesion\\\/#primaryimage\"},\"thumbnailUrl\":\"https:\\\/\\\/arealorcaradio.es\\\/wp-content\\\/uploads\\\/2025\\\/04\\\/IMG-20250414-WA0003.jpg\",\"datePublished\":\"2025-04-14T17:15:46+00:00\",\"dateModified\":\"2025-04-14T17:16:26+00:00\",\"author\":{\"@id\":\"https:\\\/\\\/arealorcaradio.es\\\/#\\\/schema\\\/person\\\/9fae605fc25b0f2c83c1ab207139bd27\"},\"breadcrumb\":{\"@id\":\"https:\\\/\\\/arealorcaradio.es\\\/index.php\\\/2025\\\/04\\\/14\\\/beni-garcia-mi-objetivo-en-la-actualidad-es-acabar-carreras-y-volver-a-coger-tono-fisico-y-sensaciones-tras-la-lesion\\\/#breadcrumb\"},\"inLanguage\":\"es\",\"potentialAction\":[{\"@type\":\"ReadAction\",\"target\":[\"https:\\\/\\\/arealorcaradio.es\\\/index.php\\\/2025\\\/04\\\/14\\\/beni-garcia-mi-objetivo-en-la-actualidad-es-acabar-carreras-y-volver-a-coger-tono-fisico-y-sensaciones-tras-la-lesion\\\/\"]}]},{\"@type\":\"ImageObject\",\"inLanguage\":\"es\",\"@id\":\"https:\\\/\\\/arealorcaradio.es\\\/index.php\\\/2025\\\/04\\\/14\\\/beni-garcia-mi-objetivo-en-la-actualidad-es-acabar-carreras-y-volver-a-coger-tono-fisico-y-sensaciones-tras-la-lesion\\\/#primaryimage\",\"url\":\"https:\\\/\\\/arealorcaradio.es\\\/wp-content\\\/uploads\\\/2025\\\/04\\\/IMG-20250414-WA0003.jpg\",\"contentUrl\":\"https:\\\/\\\/arealorcaradio.es\\\/wp-content\\\/uploads\\\/2025\\\/04\\\/IMG-20250414-WA0003.jpg\",\"width\":2048,\"height\":1365},{\"@type\":\"BreadcrumbList\",\"@id\":\"https:\\\/\\\/arealorcaradio.es\\\/index.php\\\/2025\\\/04\\\/14\\\/beni-garcia-mi-objetivo-en-la-actualidad-es-acabar-carreras-y-volver-a-coger-tono-fisico-y-sensaciones-tras-la-lesion\\\/#breadcrumb\",\"itemListElement\":[{\"@type\":\"ListItem\",\"position\":1,\"name\":\"Portada\",\"item\":\"https:\\\/\\\/arealorcaradio.es\\\/\"},{\"@type\":\"ListItem\",\"position\":2,\"name\":\"Beni Garc\u00eda: \u00abMi objetivo en la actualidad es acabar carreras y volver a coger tono f\u00edsico y sensaciones tras la lesi\u00f3n\u00bb\"}]},{\"@type\":\"WebSite\",\"@id\":\"https:\\\/\\\/arealorcaradio.es\\\/#website\",\"url\":\"https:\\\/\\\/arealorcaradio.es\\\/\",\"name\":\"AREA LORCA RADIO\",\"description\":\"Descubre la programaci\u00f3n actual en \u00c1rea Lorca Radio, tu fuente de entrenamiento y noticias locales. Sintoniza ahora y mantente conectado online.\",\"potentialAction\":[{\"@type\":\"SearchAction\",\"target\":{\"@type\":\"EntryPoint\",\"urlTemplate\":\"https:\\\/\\\/arealorcaradio.es\\\/?s={search_term_string}\"},\"query-input\":{\"@type\":\"PropertyValueSpecification\",\"valueRequired\":true,\"valueName\":\"search_term_string\"}}],\"inLanguage\":\"es\"},{\"@type\":\"Person\",\"@id\":\"https:\\\/\\\/arealorcaradio.es\\\/#\\\/schema\\\/person\\\/9fae605fc25b0f2c83c1ab207139bd27\",\"name\":\"Paco S\u00e1nchez\",\"image\":{\"@type\":\"ImageObject\",\"inLanguage\":\"es\",\"@id\":\"https:\\\/\\\/secure.gravatar.com\\\/avatar\\\/d67144e966420fb74aa84c9f2a0103be4724fd14db52b52d3b6bca749f257e79?s=96&d=mm&r=g\",\"url\":\"https:\\\/\\\/secure.gravatar.com\\\/avatar\\\/d67144e966420fb74aa84c9f2a0103be4724fd14db52b52d3b6bca749f257e79?s=96&d=mm&r=g\",\"contentUrl\":\"https:\\\/\\\/secure.gravatar.com\\\/avatar\\\/d67144e966420fb74aa84c9f2a0103be4724fd14db52b52d3b6bca749f257e79?s=96&d=mm&r=g\",\"caption\":\"Paco S\u00e1nchez\"},\"sameAs\":[\"https:\\\/\\\/arealorcaradio.es\"],\"url\":\"https:\\\/\\\/arealorcaradio.es\\\/index.php\\\/author\\\/admin_alorcaradio\\\/\"}]}<\/script>\n<!-- \/ Yoast SEO plugin. -->","yoast_head_json":{"title":"Beni Garc\u00eda: \"Mi objetivo en la actualidad es acabar carreras y volver a coger tono f\u00edsico y sensaciones tras la lesi\u00f3n\" - AREA LORCA RADIO","robots":{"index":"index","follow":"follow","max-snippet":"max-snippet:-1","max-image-preview":"max-image-preview:large","max-video-preview":"max-video-preview:-1"},"canonical":"https:\/\/arealorcaradio.es\/index.php\/2025\/04\/14\/beni-garcia-mi-objetivo-en-la-actualidad-es-acabar-carreras-y-volver-a-coger-tono-fisico-y-sensaciones-tras-la-lesion\/","og_locale":"es_ES","og_type":"article","og_title":"Beni Garc\u00eda: \"Mi objetivo en la actualidad es acabar carreras y volver a coger tono f\u00edsico y sensaciones tras la lesi\u00f3n\" - AREA LORCA RADIO","og_description":"\u00c1REA LORCA RADIO. Motor. Escucha aqu\u00ed la entrevista que ha concedido Beni Garc\u00eda a Paco S\u00e1nchez en \u00c1rea Lorca Radio Deportes. El lorquino ha corrido en una categor\u00eda que por edad no le corresponde ya que casi la totalidad de pilotos que compiten con motos de 250cc cuentan con 16 y 17 a\u00f1os, cuando Beni [&hellip;]","og_url":"https:\/\/arealorcaradio.es\/index.php\/2025\/04\/14\/beni-garcia-mi-objetivo-en-la-actualidad-es-acabar-carreras-y-volver-a-coger-tono-fisico-y-sensaciones-tras-la-lesion\/","og_site_name":"AREA LORCA RADIO","article_published_time":"2025-04-14T17:15:46+00:00","article_modified_time":"2025-04-14T17:16:26+00:00","og_image":[{"width":2048,"height":1365,"url":"https:\/\/arealorcaradio.es\/wp-content\/uploads\/2025\/04\/IMG-20250414-WA0003.jpg","type":"image\/jpeg"}],"author":"Paco S\u00e1nchez","twitter_card":"summary_large_image","twitter_misc":{"Escrito por":"Paco S\u00e1nchez","Tiempo de lectura":"2 minutos"},"schema":{"@context":"https:\/\/schema.org","@graph":[{"@type":"Article","@id":"https:\/\/arealorcaradio.es\/index.php\/2025\/04\/14\/beni-garcia-mi-objetivo-en-la-actualidad-es-acabar-carreras-y-volver-a-coger-tono-fisico-y-sensaciones-tras-la-lesion\/#article","isPartOf":{"@id":"https:\/\/arealorcaradio.es\/index.php\/2025\/04\/14\/beni-garcia-mi-objetivo-en-la-actualidad-es-acabar-carreras-y-volver-a-coger-tono-fisico-y-sensaciones-tras-la-lesion\/"},"author":{"name":"Paco S\u00e1nchez","@id":"https:\/\/arealorcaradio.es\/#\/schema\/person\/9fae605fc25b0f2c83c1ab207139bd27"},"headline":"Beni Garc\u00eda: \u00abMi objetivo en la actualidad es acabar carreras y volver a coger tono f\u00edsico y sensaciones tras la lesi\u00f3n\u00bb","datePublished":"2025-04-14T17:15:46+00:00","dateModified":"2025-04-14T17:16:26+00:00","mainEntityOfPage":{"@id":"https:\/\/arealorcaradio.es\/index.php\/2025\/04\/14\/beni-garcia-mi-objetivo-en-la-actualidad-es-acabar-carreras-y-volver-a-coger-tono-fisico-y-sensaciones-tras-la-lesion\/"},"wordCount":147,"commentCount":0,"image":{"@id":"https:\/\/arealorcaradio.es\/index.php\/2025\/04\/14\/beni-garcia-mi-objetivo-en-la-actualidad-es-acabar-carreras-y-volver-a-coger-tono-fisico-y-sensaciones-tras-la-lesion\/#primaryimage"},"thumbnailUrl":"https:\/\/arealorcaradio.es\/wp-content\/uploads\/2025\/04\/IMG-20250414-WA0003.jpg","articleSection":["DEPORTES","LORCA"],"inLanguage":"es","potentialAction":[{"@type":"CommentAction","name":"Comment","target":["https:\/\/arealorcaradio.es\/index.php\/2025\/04\/14\/beni-garcia-mi-objetivo-en-la-actualidad-es-acabar-carreras-y-volver-a-coger-tono-fisico-y-sensaciones-tras-la-lesion\/#respond"]}]},{"@type":"WebPage","@id":"https:\/\/arealorcaradio.es\/index.php\/2025\/04\/14\/beni-garcia-mi-objetivo-en-la-actualidad-es-acabar-carreras-y-volver-a-coger-tono-fisico-y-sensaciones-tras-la-lesion\/","url":"https:\/\/arealorcaradio.es\/index.php\/2025\/04\/14\/beni-garcia-mi-objetivo-en-la-actualidad-es-acabar-carreras-y-volver-a-coger-tono-fisico-y-sensaciones-tras-la-lesion\/","name":"Beni Garc\u00eda: \"Mi objetivo en la actualidad es acabar carreras y volver a coger tono f\u00edsico y sensaciones tras la lesi\u00f3n\" - AREA LORCA RADIO","isPartOf":{"@id":"https:\/\/arealorcaradio.es\/#website"},"primaryImageOfPage":{"@id":"https:\/\/arealorcaradio.es\/index.php\/2025\/04\/14\/beni-garcia-mi-objetivo-en-la-actualidad-es-acabar-carreras-y-volver-a-coger-tono-fisico-y-sensaciones-tras-la-lesion\/#primaryimage"},"image":{"@id":"https:\/\/arealorcaradio.es\/index.php\/2025\/04\/14\/beni-garcia-mi-objetivo-en-la-actualidad-es-acabar-carreras-y-volver-a-coger-tono-fisico-y-sensaciones-tras-la-lesion\/#primaryimage"},"thumbnailUrl":"https:\/\/arealorcaradio.es\/wp-content\/uploads\/2025\/04\/IMG-20250414-WA0003.jpg","datePublished":"2025-04-14T17:15:46+00:00","dateModified":"2025-04-14T17:16:26+00:00","author":{"@id":"https:\/\/arealorcaradio.es\/#\/schema\/person\/9fae605fc25b0f2c83c1ab207139bd27"},"breadcrumb":{"@id":"https:\/\/arealorcaradio.es\/index.php\/2025\/04\/14\/beni-garcia-mi-objetivo-en-la-actualidad-es-acabar-carreras-y-volver-a-coger-tono-fisico-y-sensaciones-tras-la-lesion\/#breadcrumb"},"inLanguage":"es","potentialAction":[{"@type":"ReadAction","target":["https:\/\/arealorcaradio.es\/index.php\/2025\/04\/14\/beni-garcia-mi-objetivo-en-la-actualidad-es-acabar-carreras-y-volver-a-coger-tono-fisico-y-sensaciones-tras-la-lesion\/"]}]},{"@type":"ImageObject","inLanguage":"es","@id":"https:\/\/arealorcaradio.es\/index.php\/2025\/04\/14\/beni-garcia-mi-objetivo-en-la-actualidad-es-acabar-carreras-y-volver-a-coger-tono-fisico-y-sensaciones-tras-la-lesion\/#primaryimage","url":"https:\/\/arealorcaradio.es\/wp-content\/uploads\/2025\/04\/IMG-20250414-WA0003.jpg","contentUrl":"https:\/\/arealorcaradio.es\/wp-content\/uploads\/2025\/04\/IMG-20250414-WA0003.jpg","width":2048,"height":1365},{"@type":"BreadcrumbList","@id":"https:\/\/arealorcaradio.es\/index.php\/2025\/04\/14\/beni-garcia-mi-objetivo-en-la-actualidad-es-acabar-carreras-y-volver-a-coger-tono-fisico-y-sensaciones-tras-la-lesion\/#breadcrumb","itemListElement":[{"@type":"ListItem","position":1,"name":"Portada","item":"https:\/\/arealorcaradio.es\/"},{"@type":"ListItem","position":2,"name":"Beni Garc\u00eda: \u00abMi objetivo en la actualidad es acabar carreras y volver a coger tono f\u00edsico y sensaciones tras la lesi\u00f3n\u00bb"}]},{"@type":"WebSite","@id":"https:\/\/arealorcaradio.es\/#website","url":"https:\/\/arealorcaradio.es\/","name":"AREA LORCA RADIO","description":"Descubre la programaci\u00f3n actual en \u00c1rea Lorca Radio, tu fuente de entrenamiento y noticias locales. Sintoniza ahora y mantente conectado online.","potentialAction":[{"@type":"SearchAction","target":{"@type":"EntryPoint","urlTemplate":"https:\/\/arealorcaradio.es\/?s={search_term_string}"},"query-input":{"@type":"PropertyValueSpecification","valueRequired":true,"valueName":"search_term_string"}}],"inLanguage":"es"},{"@type":"Person","@id":"https:\/\/arealorcaradio.es\/#\/schema\/person\/9fae605fc25b0f2c83c1ab207139bd27","name":"Paco S\u00e1nchez","image":{"@type":"ImageObject","inLanguage":"es","@id":"https:\/\/secure.gravatar.com\/avatar\/d67144e966420fb74aa84c9f2a0103be4724fd14db52b52d3b6bca749f257e79?s=96&d=mm&r=g","url":"https:\/\/secure.gravatar.com\/avatar\/d67144e966420fb74aa84c9f2a0103be4724fd14db52b52d3b6bca749f257e79?s=96&d=mm&r=g","contentUrl":"https:\/\/secure.gravatar.com\/avatar\/d67144e966420fb74aa84c9f2a0103be4724fd14db52b52d3b6bca749f257e79?s=96&d=mm&r=g","caption":"Paco S\u00e1nchez"},"sameAs":["https:\/\/arealorcaradio.es"],"url":"https:\/\/arealorcaradio.es\/index.php\/author\/admin_alorcaradio\/"}]}},"_links":{"self":[{"href":"https:\/\/arealorcaradio.es\/index.php\/wp-json\/wp\/v2\/posts\/6241","targetHints":{"allow":["GET"]}}],"collection":[{"href":"https:\/\/arealorcaradio.es\/index.php\/wp-json\/wp\/v2\/posts"}],"about":[{"href":"https:\/\/arealorcaradio.es\/index.php\/wp-json\/wp\/v2\/types\/post"}],"author":[{"embeddable":true,"href":"https:\/\/arealorcaradio.es\/index.php\/wp-json\/wp\/v2\/users\/1"}],"replies":[{"embeddable":true,"href":"https:\/\/arealorcaradio.es\/index.php\/wp-json\/wp\/v2\/comments?post=6241"}],"version-history":[{"count":2,"href":"https:\/\/arealorcaradio.es\/index.php\/wp-json\/wp\/v2\/posts\/6241\/revisions"}],"predecessor-version":[{"id":6250,"href":"https:\/\/arealorcaradio.es\/index.php\/wp-json\/wp\/v2\/posts\/6241\/revisions\/6250"}],"wp:featuredmedia":[{"embeddable":true,"href":"https:\/\/arealorcaradio.es\/index.php\/wp-json\/wp\/v2\/media\/6247"}],"wp:attachment":[{"href":"https:\/\/arealorcaradio.es\/index.php\/wp-json\/wp\/v2\/media?parent=6241"}],"wp:term":[{"taxonomy":"category","embeddable":true,"href":"https:\/\/arealorcaradio.es\/index.php\/wp-json\/wp\/v2\/categories?post=6241"},{"taxonomy":"post_tag","embeddable":true,"href":"https:\/\/arealorcaradio.es\/index.php\/wp-json\/wp\/v2\/tags?post=6241"}],"curies":[{"name":"wp","href":"https:\/\/api.w.org\/{rel}","templated":true}]}}