{"id":6215,"date":"2025-04-10T17:08:55","date_gmt":"2025-04-10T17:08:55","guid":{"rendered":"https:\/\/arealorcaradio.es\/?p=6215"},"modified":"2025-04-10T17:09:30","modified_gmt":"2025-04-10T17:09:30","slug":"area-lorca-realiza-su-tradicional-programa-especial-de-semana-santa-desde-el-palacio-de-guevara","status":"publish","type":"post","link":"https:\/\/arealorcaradio.es\/index.php\/2025\/04\/10\/area-lorca-realiza-su-tradicional-programa-especial-de-semana-santa-desde-el-palacio-de-guevara\/","title":{"rendered":"\u00c1rea Lorca realiza su tradicional programa especial de Semana Santa desde el Palacio de Guevara"},"content":{"rendered":"<p><strong>\u00c1REA LORCA RADIO. Cultura.<\/strong><\/p>\n<p>El Palacio de Guevara ha sido el escenario del V Programa Especial de Semana Santa de \u00c1rea Lorca Radio. En esta ocasi\u00f3n han acompa\u00f1ado a Paco S\u00e1nchez, el alcalde de Lorca Fulgencio Gil, el presidente del Paso Blanco, Ram\u00f3n Mateos y la presidenta del Coro de Damas de la Virgen de la Amargura, Mar\u00eda Jes\u00fas P\u00e9rez Periago, el presidente del Paso Azul, Miguel \u00c1ngel Pe\u00f1a y la Camarera de la Virgen de los Dolores, Tana Garc\u00eda M\u00ednguez, el presidente de la Hermandad de La Curia, Jos\u00e9 Mar\u00eda Campoy y la Camarera de la Virgen de la Soledad Susi S\u00e1nchez Recio, el presidente del Paso Morado \u00c1ngel Latorre y la Jefa de Protocolo y Coordinadora del Viacrucis Viviente, Manoli Garc\u00eda. Posteriormente nos han acompa\u00f1ado el presidente del Paso Encarnado Alberto Secada, el Comisario-Episcopal Presidente de la Archicofrad\u00eda del Resucitado Ignacio Domingo Huertas, acompa\u00f1ado por la Camarera de la Virgen de la Encarnaci\u00f3n, Pilar Jim\u00e9nez. El cierre ha sido con el concejal de Cultura y Turismo del Ayuntamiento de Lorca Santiago Parra.<\/p>\n<p>Escucha aqu\u00ed el programa especial de Semana Santa 2025 de \u00c1rea Lorca Radio.<\/p>\n<audio class=\"wp-audio-shortcode\" id=\"audio-6215-1\" preload=\"none\" style=\"width: 100%;\" controls=\"controls\"><source type=\"audio\/mpeg\" src=\"https:\/\/arealorcaradio.es\/wp-content\/uploads\/2025\/04\/100425-PROGRAMA-ESPECIAL-SEMANA-SANTA-2025.mp3?_=1\" \/><a href=\"https:\/\/arealorcaradio.es\/wp-content\/uploads\/2025\/04\/100425-PROGRAMA-ESPECIAL-SEMANA-SANTA-2025.mp3\">https:\/\/arealorcaradio.es\/wp-content\/uploads\/2025\/04\/100425-PROGRAMA-ESPECIAL-SEMANA-SANTA-2025.mp3<\/a><\/audio>\n<p><img loading=\"lazy\" decoding=\"async\" class=\"alignnone size-medium wp-image-6217\" src=\"https:\/\/arealorcaradio.es\/wp-content\/uploads\/2025\/04\/IMG-20250410-WA0038-300x200.jpg\" alt=\"\" width=\"300\" height=\"200\" srcset=\"https:\/\/arealorcaradio.es\/wp-content\/uploads\/2025\/04\/IMG-20250410-WA0038-300x200.jpg 300w, https:\/\/arealorcaradio.es\/wp-content\/uploads\/2025\/04\/IMG-20250410-WA0038-1024x683.jpg 1024w, https:\/\/arealorcaradio.es\/wp-content\/uploads\/2025\/04\/IMG-20250410-WA0038-768x512.jpg 768w, https:\/\/arealorcaradio.es\/wp-content\/uploads\/2025\/04\/IMG-20250410-WA0038-1536x1024.jpg 1536w, https:\/\/arealorcaradio.es\/wp-content\/uploads\/2025\/04\/IMG-20250410-WA0038.jpg 1920w\" sizes=\"auto, (max-width: 300px) 100vw, 300px\" \/> \u00a0<img loading=\"lazy\" decoding=\"async\" class=\"alignnone size-medium wp-image-6219\" src=\"https:\/\/arealorcaradio.es\/wp-content\/uploads\/2025\/04\/IMG-20250410-WA0028-300x200.jpg\" alt=\"\" width=\"300\" height=\"200\" srcset=\"https:\/\/arealorcaradio.es\/wp-content\/uploads\/2025\/04\/IMG-20250410-WA0028-300x200.jpg 300w, https:\/\/arealorcaradio.es\/wp-content\/uploads\/2025\/04\/IMG-20250410-WA0028-1024x683.jpg 1024w, https:\/\/arealorcaradio.es\/wp-content\/uploads\/2025\/04\/IMG-20250410-WA0028-768x512.jpg 768w, https:\/\/arealorcaradio.es\/wp-content\/uploads\/2025\/04\/IMG-20250410-WA0028-1536x1024.jpg 1536w, https:\/\/arealorcaradio.es\/wp-content\/uploads\/2025\/04\/IMG-20250410-WA0028.jpg 1920w\" sizes=\"auto, (max-width: 300px) 100vw, 300px\" \/><\/p>\n<p><img loading=\"lazy\" decoding=\"async\" class=\"alignnone size-medium wp-image-6220\" src=\"https:\/\/arealorcaradio.es\/wp-content\/uploads\/2025\/04\/IMG-20250410-WA0027-300x200.jpg\" alt=\"\" width=\"300\" height=\"200\" srcset=\"https:\/\/arealorcaradio.es\/wp-content\/uploads\/2025\/04\/IMG-20250410-WA0027-300x200.jpg 300w, https:\/\/arealorcaradio.es\/wp-content\/uploads\/2025\/04\/IMG-20250410-WA0027-1024x683.jpg 1024w, https:\/\/arealorcaradio.es\/wp-content\/uploads\/2025\/04\/IMG-20250410-WA0027-768x512.jpg 768w, https:\/\/arealorcaradio.es\/wp-content\/uploads\/2025\/04\/IMG-20250410-WA0027-1536x1024.jpg 1536w, https:\/\/arealorcaradio.es\/wp-content\/uploads\/2025\/04\/IMG-20250410-WA0027.jpg 1920w\" sizes=\"auto, (max-width: 300px) 100vw, 300px\" \/>\u00a0 <img loading=\"lazy\" decoding=\"async\" class=\"alignnone size-medium wp-image-6222\" src=\"https:\/\/arealorcaradio.es\/wp-content\/uploads\/2025\/04\/IMG-20250410-WA0051-300x200.jpg\" alt=\"\" width=\"300\" height=\"200\" srcset=\"https:\/\/arealorcaradio.es\/wp-content\/uploads\/2025\/04\/IMG-20250410-WA0051-300x200.jpg 300w, https:\/\/arealorcaradio.es\/wp-content\/uploads\/2025\/04\/IMG-20250410-WA0051-1024x683.jpg 1024w, https:\/\/arealorcaradio.es\/wp-content\/uploads\/2025\/04\/IMG-20250410-WA0051-768x512.jpg 768w, https:\/\/arealorcaradio.es\/wp-content\/uploads\/2025\/04\/IMG-20250410-WA0051-1536x1024.jpg 1536w, https:\/\/arealorcaradio.es\/wp-content\/uploads\/2025\/04\/IMG-20250410-WA0051.jpg 1920w\" sizes=\"auto, (max-width: 300px) 100vw, 300px\" \/> <img loading=\"lazy\" decoding=\"async\" class=\"alignnone size-medium wp-image-6223\" src=\"https:\/\/arealorcaradio.es\/wp-content\/uploads\/2025\/04\/IMG-20250410-WA0062-300x200.jpg\" alt=\"\" width=\"300\" height=\"200\" srcset=\"https:\/\/arealorcaradio.es\/wp-content\/uploads\/2025\/04\/IMG-20250410-WA0062-300x200.jpg 300w, https:\/\/arealorcaradio.es\/wp-content\/uploads\/2025\/04\/IMG-20250410-WA0062-1024x683.jpg 1024w, https:\/\/arealorcaradio.es\/wp-content\/uploads\/2025\/04\/IMG-20250410-WA0062-768x512.jpg 768w, https:\/\/arealorcaradio.es\/wp-content\/uploads\/2025\/04\/IMG-20250410-WA0062-1536x1024.jpg 1536w, https:\/\/arealorcaradio.es\/wp-content\/uploads\/2025\/04\/IMG-20250410-WA0062.jpg 1920w\" sizes=\"auto, (max-width: 300px) 100vw, 300px\" \/> \u00a0<img loading=\"lazy\" decoding=\"async\" class=\"alignnone size-medium wp-image-6221\" src=\"https:\/\/arealorcaradio.es\/wp-content\/uploads\/2025\/04\/IMG-20250410-WA0055-300x200.jpg\" alt=\"\" width=\"300\" height=\"200\" srcset=\"https:\/\/arealorcaradio.es\/wp-content\/uploads\/2025\/04\/IMG-20250410-WA0055-300x200.jpg 300w, https:\/\/arealorcaradio.es\/wp-content\/uploads\/2025\/04\/IMG-20250410-WA0055-1024x683.jpg 1024w, https:\/\/arealorcaradio.es\/wp-content\/uploads\/2025\/04\/IMG-20250410-WA0055-768x512.jpg 768w, https:\/\/arealorcaradio.es\/wp-content\/uploads\/2025\/04\/IMG-20250410-WA0055-1536x1024.jpg 1536w, https:\/\/arealorcaradio.es\/wp-content\/uploads\/2025\/04\/IMG-20250410-WA0055.jpg 1920w\" sizes=\"auto, (max-width: 300px) 100vw, 300px\" \/><\/p>\n<p><img loading=\"lazy\" decoding=\"async\" class=\"alignnone size-medium wp-image-6224\" src=\"https:\/\/arealorcaradio.es\/wp-content\/uploads\/2025\/04\/IMG-20250410-WA0093-300x200.jpg\" alt=\"\" width=\"300\" height=\"200\" srcset=\"https:\/\/arealorcaradio.es\/wp-content\/uploads\/2025\/04\/IMG-20250410-WA0093-300x200.jpg 300w, https:\/\/arealorcaradio.es\/wp-content\/uploads\/2025\/04\/IMG-20250410-WA0093-1024x683.jpg 1024w, https:\/\/arealorcaradio.es\/wp-content\/uploads\/2025\/04\/IMG-20250410-WA0093-768x512.jpg 768w, https:\/\/arealorcaradio.es\/wp-content\/uploads\/2025\/04\/IMG-20250410-WA0093-1536x1024.jpg 1536w, https:\/\/arealorcaradio.es\/wp-content\/uploads\/2025\/04\/IMG-20250410-WA0093.jpg 1920w\" sizes=\"auto, (max-width: 300px) 100vw, 300px\" \/>\u00a0 <img loading=\"lazy\" decoding=\"async\" class=\"alignnone size-medium wp-image-6225\" src=\"https:\/\/arealorcaradio.es\/wp-content\/uploads\/2025\/04\/IMG-20250410-WA0091-300x200.jpg\" alt=\"\" width=\"300\" height=\"200\" srcset=\"https:\/\/arealorcaradio.es\/wp-content\/uploads\/2025\/04\/IMG-20250410-WA0091-300x200.jpg 300w, https:\/\/arealorcaradio.es\/wp-content\/uploads\/2025\/04\/IMG-20250410-WA0091-1024x683.jpg 1024w, https:\/\/arealorcaradio.es\/wp-content\/uploads\/2025\/04\/IMG-20250410-WA0091-768x512.jpg 768w, https:\/\/arealorcaradio.es\/wp-content\/uploads\/2025\/04\/IMG-20250410-WA0091-1536x1024.jpg 1536w, https:\/\/arealorcaradio.es\/wp-content\/uploads\/2025\/04\/IMG-20250410-WA0091.jpg 1920w\" sizes=\"auto, (max-width: 300px) 100vw, 300px\" \/><\/p>\n<p><img loading=\"lazy\" decoding=\"async\" class=\"alignnone size-medium wp-image-6226\" src=\"https:\/\/arealorcaradio.es\/wp-content\/uploads\/2025\/04\/IMG-20250410-WA0077-300x200.jpg\" alt=\"\" width=\"300\" height=\"200\" srcset=\"https:\/\/arealorcaradio.es\/wp-content\/uploads\/2025\/04\/IMG-20250410-WA0077-300x200.jpg 300w, https:\/\/arealorcaradio.es\/wp-content\/uploads\/2025\/04\/IMG-20250410-WA0077-1024x683.jpg 1024w, https:\/\/arealorcaradio.es\/wp-content\/uploads\/2025\/04\/IMG-20250410-WA0077-768x512.jpg 768w, https:\/\/arealorcaradio.es\/wp-content\/uploads\/2025\/04\/IMG-20250410-WA0077-1536x1024.jpg 1536w, https:\/\/arealorcaradio.es\/wp-content\/uploads\/2025\/04\/IMG-20250410-WA0077.jpg 1920w\" sizes=\"auto, (max-width: 300px) 100vw, 300px\" \/>\u00a0 <img loading=\"lazy\" decoding=\"async\" class=\"alignnone size-medium wp-image-6227\" src=\"https:\/\/arealorcaradio.es\/wp-content\/uploads\/2025\/04\/IMG-20250410-WA0079-300x200.jpg\" alt=\"\" width=\"300\" height=\"200\" srcset=\"https:\/\/arealorcaradio.es\/wp-content\/uploads\/2025\/04\/IMG-20250410-WA0079-300x200.jpg 300w, https:\/\/arealorcaradio.es\/wp-content\/uploads\/2025\/04\/IMG-20250410-WA0079-1024x683.jpg 1024w, https:\/\/arealorcaradio.es\/wp-content\/uploads\/2025\/04\/IMG-20250410-WA0079-768x512.jpg 768w, https:\/\/arealorcaradio.es\/wp-content\/uploads\/2025\/04\/IMG-20250410-WA0079-1536x1024.jpg 1536w, https:\/\/arealorcaradio.es\/wp-content\/uploads\/2025\/04\/IMG-20250410-WA0079.jpg 1920w\" sizes=\"auto, (max-width: 300px) 100vw, 300px\" \/><\/p>\n<p><img loading=\"lazy\" decoding=\"async\" class=\"alignnone size-medium wp-image-6228\" src=\"https:\/\/arealorcaradio.es\/wp-content\/uploads\/2025\/04\/IMG-20250410-WA0101-300x200.jpg\" alt=\"\" width=\"300\" height=\"200\" srcset=\"https:\/\/arealorcaradio.es\/wp-content\/uploads\/2025\/04\/IMG-20250410-WA0101-300x200.jpg 300w, https:\/\/arealorcaradio.es\/wp-content\/uploads\/2025\/04\/IMG-20250410-WA0101-1024x683.jpg 1024w, https:\/\/arealorcaradio.es\/wp-content\/uploads\/2025\/04\/IMG-20250410-WA0101-768x512.jpg 768w, https:\/\/arealorcaradio.es\/wp-content\/uploads\/2025\/04\/IMG-20250410-WA0101-1536x1024.jpg 1536w, https:\/\/arealorcaradio.es\/wp-content\/uploads\/2025\/04\/IMG-20250410-WA0101.jpg 1920w\" sizes=\"auto, (max-width: 300px) 100vw, 300px\" \/>\u00a0 <img loading=\"lazy\" decoding=\"async\" class=\"alignnone size-medium wp-image-6229\" src=\"https:\/\/arealorcaradio.es\/wp-content\/uploads\/2025\/04\/IMG-20250410-WA0102-300x200.jpg\" alt=\"\" width=\"300\" height=\"200\" srcset=\"https:\/\/arealorcaradio.es\/wp-content\/uploads\/2025\/04\/IMG-20250410-WA0102-300x200.jpg 300w, https:\/\/arealorcaradio.es\/wp-content\/uploads\/2025\/04\/IMG-20250410-WA0102-1024x683.jpg 1024w, https:\/\/arealorcaradio.es\/wp-content\/uploads\/2025\/04\/IMG-20250410-WA0102-768x512.jpg 768w, https:\/\/arealorcaradio.es\/wp-content\/uploads\/2025\/04\/IMG-20250410-WA0102-1536x1024.jpg 1536w, https:\/\/arealorcaradio.es\/wp-content\/uploads\/2025\/04\/IMG-20250410-WA0102.jpg 1920w\" sizes=\"auto, (max-width: 300px) 100vw, 300px\" \/> <img loading=\"lazy\" decoding=\"async\" class=\"alignnone size-medium wp-image-6230\" src=\"https:\/\/arealorcaradio.es\/wp-content\/uploads\/2025\/04\/IMG-20250410-WA0098-300x200.jpg\" alt=\"\" width=\"300\" height=\"200\" srcset=\"https:\/\/arealorcaradio.es\/wp-content\/uploads\/2025\/04\/IMG-20250410-WA0098-300x200.jpg 300w, https:\/\/arealorcaradio.es\/wp-content\/uploads\/2025\/04\/IMG-20250410-WA0098-1024x683.jpg 1024w, https:\/\/arealorcaradio.es\/wp-content\/uploads\/2025\/04\/IMG-20250410-WA0098-768x512.jpg 768w, https:\/\/arealorcaradio.es\/wp-content\/uploads\/2025\/04\/IMG-20250410-WA0098-1536x1024.jpg 1536w, https:\/\/arealorcaradio.es\/wp-content\/uploads\/2025\/04\/IMG-20250410-WA0098.jpg 1920w\" sizes=\"auto, (max-width: 300px) 100vw, 300px\" \/> \u00a0<img loading=\"lazy\" decoding=\"async\" class=\"alignnone size-medium wp-image-6231\" src=\"https:\/\/arealorcaradio.es\/wp-content\/uploads\/2025\/04\/IMG-20250410-WA0105-300x200.jpg\" alt=\"\" width=\"300\" height=\"200\" srcset=\"https:\/\/arealorcaradio.es\/wp-content\/uploads\/2025\/04\/IMG-20250410-WA0105-300x200.jpg 300w, https:\/\/arealorcaradio.es\/wp-content\/uploads\/2025\/04\/IMG-20250410-WA0105-1024x683.jpg 1024w, https:\/\/arealorcaradio.es\/wp-content\/uploads\/2025\/04\/IMG-20250410-WA0105-768x512.jpg 768w, https:\/\/arealorcaradio.es\/wp-content\/uploads\/2025\/04\/IMG-20250410-WA0105-1536x1024.jpg 1536w, https:\/\/arealorcaradio.es\/wp-content\/uploads\/2025\/04\/IMG-20250410-WA0105.jpg 1920w\" sizes=\"auto, (max-width: 300px) 100vw, 300px\" \/><\/p>\n<p>Desde \u00c1rea Lorca Radio queremos agradecer la predisposici\u00f3n de todos los invitados de este especial de Semana Santa 2025, as\u00ed como a los patrocinadores de este programa: Ayuntamiento de Lorca, CC Parque Almenara, Comunidad de Regantes de Lorca, AIA Estudio, Dinamo Instalaciones, Aguas de Lorca, Flores y Mart\u00ednez Obras y Servicios, Aislamientos Lorca, Limusa y El Molino Formaci\u00f3n Ocio y Tiempo Libre.<\/p>\n<p>&nbsp;<\/p>\n","protected":false},"excerpt":{"rendered":"<p>\u00c1REA LORCA RADIO. Cultura. El Palacio de Guevara ha sido el escenario del V Programa Especial de Semana Santa de \u00c1rea Lorca Radio. En esta ocasi\u00f3n han acompa\u00f1ado a Paco S\u00e1nchez, el alcalde de Lorca Fulgencio Gil, el presidente del Paso Blanco, Ram\u00f3n Mateos y la presidenta del Coro de Damas de la Virgen de [&hellip;]<\/p>\n","protected":false},"author":1,"featured_media":6217,"comment_status":"open","ping_status":"open","sticky":false,"template":"","format":"standard","meta":{"iawp_total_views":132,"footnotes":""},"categories":[5,7],"tags":[],"class_list":["post-6215","post","type-post","status-publish","format-standard","has-post-thumbnail","hentry","category-actualidad","category-lorca"],"yoast_head":"<!-- This site is optimized with the Yoast SEO plugin v27.5 - https:\/\/yoast.com\/product\/yoast-seo-wordpress\/ -->\n<title>\u00c1rea Lorca realiza su tradicional programa especial de Semana Santa desde el Palacio de Guevara - AREA LORCA RADIO<\/title>\n<meta name=\"robots\" content=\"index, follow, max-snippet:-1, max-image-preview:large, max-video-preview:-1\" \/>\n<link rel=\"canonical\" href=\"https:\/\/arealorcaradio.es\/index.php\/2025\/04\/10\/area-lorca-realiza-su-tradicional-programa-especial-de-semana-santa-desde-el-palacio-de-guevara\/\" \/>\n<meta property=\"og:locale\" content=\"es_ES\" \/>\n<meta property=\"og:type\" content=\"article\" \/>\n<meta property=\"og:title\" content=\"\u00c1rea Lorca realiza su tradicional programa especial de Semana Santa desde el Palacio de Guevara - AREA LORCA RADIO\" \/>\n<meta property=\"og:description\" content=\"\u00c1REA LORCA RADIO. Cultura. El Palacio de Guevara ha sido el escenario del V Programa Especial de Semana Santa de \u00c1rea Lorca Radio. En esta ocasi\u00f3n han acompa\u00f1ado a Paco S\u00e1nchez, el alcalde de Lorca Fulgencio Gil, el presidente del Paso Blanco, Ram\u00f3n Mateos y la presidenta del Coro de Damas de la Virgen de [&hellip;]\" \/>\n<meta property=\"og:url\" content=\"https:\/\/arealorcaradio.es\/index.php\/2025\/04\/10\/area-lorca-realiza-su-tradicional-programa-especial-de-semana-santa-desde-el-palacio-de-guevara\/\" \/>\n<meta property=\"og:site_name\" content=\"AREA LORCA RADIO\" \/>\n<meta property=\"article:published_time\" content=\"2025-04-10T17:08:55+00:00\" \/>\n<meta property=\"article:modified_time\" content=\"2025-04-10T17:09:30+00:00\" \/>\n<meta property=\"og:image\" content=\"https:\/\/arealorcaradio.es\/wp-content\/uploads\/2025\/04\/IMG-20250410-WA0038.jpg\" \/>\n\t<meta property=\"og:image:width\" content=\"1920\" \/>\n\t<meta property=\"og:image:height\" content=\"1280\" \/>\n\t<meta property=\"og:image:type\" content=\"image\/jpeg\" \/>\n<meta name=\"author\" content=\"Paco S\u00e1nchez\" \/>\n<meta name=\"twitter:card\" content=\"summary_large_image\" \/>\n<meta name=\"twitter:label1\" content=\"Escrito por\" \/>\n\t<meta name=\"twitter:data1\" content=\"Paco S\u00e1nchez\" \/>\n\t<meta name=\"twitter:label2\" content=\"Tiempo de lectura\" \/>\n\t<meta name=\"twitter:data2\" content=\"5 minutos\" \/>\n<script type=\"application\/ld+json\" class=\"yoast-schema-graph\">{\"@context\":\"https:\\\/\\\/schema.org\",\"@graph\":[{\"@type\":\"Article\",\"@id\":\"https:\\\/\\\/arealorcaradio.es\\\/index.php\\\/2025\\\/04\\\/10\\\/area-lorca-realiza-su-tradicional-programa-especial-de-semana-santa-desde-el-palacio-de-guevara\\\/#article\",\"isPartOf\":{\"@id\":\"https:\\\/\\\/arealorcaradio.es\\\/index.php\\\/2025\\\/04\\\/10\\\/area-lorca-realiza-su-tradicional-programa-especial-de-semana-santa-desde-el-palacio-de-guevara\\\/\"},\"author\":{\"name\":\"Paco S\u00e1nchez\",\"@id\":\"https:\\\/\\\/arealorcaradio.es\\\/#\\\/schema\\\/person\\\/9fae605fc25b0f2c83c1ab207139bd27\"},\"headline\":\"\u00c1rea Lorca realiza su tradicional programa especial de Semana Santa desde el Palacio de Guevara\",\"datePublished\":\"2025-04-10T17:08:55+00:00\",\"dateModified\":\"2025-04-10T17:09:30+00:00\",\"mainEntityOfPage\":{\"@id\":\"https:\\\/\\\/arealorcaradio.es\\\/index.php\\\/2025\\\/04\\\/10\\\/area-lorca-realiza-su-tradicional-programa-especial-de-semana-santa-desde-el-palacio-de-guevara\\\/\"},\"wordCount\":294,\"commentCount\":0,\"image\":{\"@id\":\"https:\\\/\\\/arealorcaradio.es\\\/index.php\\\/2025\\\/04\\\/10\\\/area-lorca-realiza-su-tradicional-programa-especial-de-semana-santa-desde-el-palacio-de-guevara\\\/#primaryimage\"},\"thumbnailUrl\":\"https:\\\/\\\/arealorcaradio.es\\\/wp-content\\\/uploads\\\/2025\\\/04\\\/IMG-20250410-WA0038.jpg\",\"articleSection\":[\"ACTUALIDAD\",\"LORCA\"],\"inLanguage\":\"es\",\"potentialAction\":[{\"@type\":\"CommentAction\",\"name\":\"Comment\",\"target\":[\"https:\\\/\\\/arealorcaradio.es\\\/index.php\\\/2025\\\/04\\\/10\\\/area-lorca-realiza-su-tradicional-programa-especial-de-semana-santa-desde-el-palacio-de-guevara\\\/#respond\"]}]},{\"@type\":\"WebPage\",\"@id\":\"https:\\\/\\\/arealorcaradio.es\\\/index.php\\\/2025\\\/04\\\/10\\\/area-lorca-realiza-su-tradicional-programa-especial-de-semana-santa-desde-el-palacio-de-guevara\\\/\",\"url\":\"https:\\\/\\\/arealorcaradio.es\\\/index.php\\\/2025\\\/04\\\/10\\\/area-lorca-realiza-su-tradicional-programa-especial-de-semana-santa-desde-el-palacio-de-guevara\\\/\",\"name\":\"\u00c1rea Lorca realiza su tradicional programa especial de Semana Santa desde el Palacio de Guevara - AREA LORCA RADIO\",\"isPartOf\":{\"@id\":\"https:\\\/\\\/arealorcaradio.es\\\/#website\"},\"primaryImageOfPage\":{\"@id\":\"https:\\\/\\\/arealorcaradio.es\\\/index.php\\\/2025\\\/04\\\/10\\\/area-lorca-realiza-su-tradicional-programa-especial-de-semana-santa-desde-el-palacio-de-guevara\\\/#primaryimage\"},\"image\":{\"@id\":\"https:\\\/\\\/arealorcaradio.es\\\/index.php\\\/2025\\\/04\\\/10\\\/area-lorca-realiza-su-tradicional-programa-especial-de-semana-santa-desde-el-palacio-de-guevara\\\/#primaryimage\"},\"thumbnailUrl\":\"https:\\\/\\\/arealorcaradio.es\\\/wp-content\\\/uploads\\\/2025\\\/04\\\/IMG-20250410-WA0038.jpg\",\"datePublished\":\"2025-04-10T17:08:55+00:00\",\"dateModified\":\"2025-04-10T17:09:30+00:00\",\"author\":{\"@id\":\"https:\\\/\\\/arealorcaradio.es\\\/#\\\/schema\\\/person\\\/9fae605fc25b0f2c83c1ab207139bd27\"},\"breadcrumb\":{\"@id\":\"https:\\\/\\\/arealorcaradio.es\\\/index.php\\\/2025\\\/04\\\/10\\\/area-lorca-realiza-su-tradicional-programa-especial-de-semana-santa-desde-el-palacio-de-guevara\\\/#breadcrumb\"},\"inLanguage\":\"es\",\"potentialAction\":[{\"@type\":\"ReadAction\",\"target\":[\"https:\\\/\\\/arealorcaradio.es\\\/index.php\\\/2025\\\/04\\\/10\\\/area-lorca-realiza-su-tradicional-programa-especial-de-semana-santa-desde-el-palacio-de-guevara\\\/\"]}]},{\"@type\":\"ImageObject\",\"inLanguage\":\"es\",\"@id\":\"https:\\\/\\\/arealorcaradio.es\\\/index.php\\\/2025\\\/04\\\/10\\\/area-lorca-realiza-su-tradicional-programa-especial-de-semana-santa-desde-el-palacio-de-guevara\\\/#primaryimage\",\"url\":\"https:\\\/\\\/arealorcaradio.es\\\/wp-content\\\/uploads\\\/2025\\\/04\\\/IMG-20250410-WA0038.jpg\",\"contentUrl\":\"https:\\\/\\\/arealorcaradio.es\\\/wp-content\\\/uploads\\\/2025\\\/04\\\/IMG-20250410-WA0038.jpg\",\"width\":1920,\"height\":1280},{\"@type\":\"BreadcrumbList\",\"@id\":\"https:\\\/\\\/arealorcaradio.es\\\/index.php\\\/2025\\\/04\\\/10\\\/area-lorca-realiza-su-tradicional-programa-especial-de-semana-santa-desde-el-palacio-de-guevara\\\/#breadcrumb\",\"itemListElement\":[{\"@type\":\"ListItem\",\"position\":1,\"name\":\"Portada\",\"item\":\"https:\\\/\\\/arealorcaradio.es\\\/\"},{\"@type\":\"ListItem\",\"position\":2,\"name\":\"\u00c1rea Lorca realiza su tradicional programa especial de Semana Santa desde el Palacio de Guevara\"}]},{\"@type\":\"WebSite\",\"@id\":\"https:\\\/\\\/arealorcaradio.es\\\/#website\",\"url\":\"https:\\\/\\\/arealorcaradio.es\\\/\",\"name\":\"AREA LORCA RADIO\",\"description\":\"Descubre la programaci\u00f3n actual en \u00c1rea Lorca Radio, tu fuente de entrenamiento y noticias locales. Sintoniza ahora y mantente conectado online.\",\"potentialAction\":[{\"@type\":\"SearchAction\",\"target\":{\"@type\":\"EntryPoint\",\"urlTemplate\":\"https:\\\/\\\/arealorcaradio.es\\\/?s={search_term_string}\"},\"query-input\":{\"@type\":\"PropertyValueSpecification\",\"valueRequired\":true,\"valueName\":\"search_term_string\"}}],\"inLanguage\":\"es\"},{\"@type\":\"Person\",\"@id\":\"https:\\\/\\\/arealorcaradio.es\\\/#\\\/schema\\\/person\\\/9fae605fc25b0f2c83c1ab207139bd27\",\"name\":\"Paco S\u00e1nchez\",\"image\":{\"@type\":\"ImageObject\",\"inLanguage\":\"es\",\"@id\":\"https:\\\/\\\/secure.gravatar.com\\\/avatar\\\/d67144e966420fb74aa84c9f2a0103be4724fd14db52b52d3b6bca749f257e79?s=96&d=mm&r=g\",\"url\":\"https:\\\/\\\/secure.gravatar.com\\\/avatar\\\/d67144e966420fb74aa84c9f2a0103be4724fd14db52b52d3b6bca749f257e79?s=96&d=mm&r=g\",\"contentUrl\":\"https:\\\/\\\/secure.gravatar.com\\\/avatar\\\/d67144e966420fb74aa84c9f2a0103be4724fd14db52b52d3b6bca749f257e79?s=96&d=mm&r=g\",\"caption\":\"Paco S\u00e1nchez\"},\"sameAs\":[\"https:\\\/\\\/arealorcaradio.es\"],\"url\":\"https:\\\/\\\/arealorcaradio.es\\\/index.php\\\/author\\\/admin_alorcaradio\\\/\"}]}<\/script>\n<!-- \/ Yoast SEO plugin. -->","yoast_head_json":{"title":"\u00c1rea Lorca realiza su tradicional programa especial de Semana Santa desde el Palacio de Guevara - AREA LORCA RADIO","robots":{"index":"index","follow":"follow","max-snippet":"max-snippet:-1","max-image-preview":"max-image-preview:large","max-video-preview":"max-video-preview:-1"},"canonical":"https:\/\/arealorcaradio.es\/index.php\/2025\/04\/10\/area-lorca-realiza-su-tradicional-programa-especial-de-semana-santa-desde-el-palacio-de-guevara\/","og_locale":"es_ES","og_type":"article","og_title":"\u00c1rea Lorca realiza su tradicional programa especial de Semana Santa desde el Palacio de Guevara - AREA LORCA RADIO","og_description":"\u00c1REA LORCA RADIO. Cultura. El Palacio de Guevara ha sido el escenario del V Programa Especial de Semana Santa de \u00c1rea Lorca Radio. En esta ocasi\u00f3n han acompa\u00f1ado a Paco S\u00e1nchez, el alcalde de Lorca Fulgencio Gil, el presidente del Paso Blanco, Ram\u00f3n Mateos y la presidenta del Coro de Damas de la Virgen de [&hellip;]","og_url":"https:\/\/arealorcaradio.es\/index.php\/2025\/04\/10\/area-lorca-realiza-su-tradicional-programa-especial-de-semana-santa-desde-el-palacio-de-guevara\/","og_site_name":"AREA LORCA RADIO","article_published_time":"2025-04-10T17:08:55+00:00","article_modified_time":"2025-04-10T17:09:30+00:00","og_image":[{"width":1920,"height":1280,"url":"https:\/\/arealorcaradio.es\/wp-content\/uploads\/2025\/04\/IMG-20250410-WA0038.jpg","type":"image\/jpeg"}],"author":"Paco S\u00e1nchez","twitter_card":"summary_large_image","twitter_misc":{"Escrito por":"Paco S\u00e1nchez","Tiempo de lectura":"5 minutos"},"schema":{"@context":"https:\/\/schema.org","@graph":[{"@type":"Article","@id":"https:\/\/arealorcaradio.es\/index.php\/2025\/04\/10\/area-lorca-realiza-su-tradicional-programa-especial-de-semana-santa-desde-el-palacio-de-guevara\/#article","isPartOf":{"@id":"https:\/\/arealorcaradio.es\/index.php\/2025\/04\/10\/area-lorca-realiza-su-tradicional-programa-especial-de-semana-santa-desde-el-palacio-de-guevara\/"},"author":{"name":"Paco S\u00e1nchez","@id":"https:\/\/arealorcaradio.es\/#\/schema\/person\/9fae605fc25b0f2c83c1ab207139bd27"},"headline":"\u00c1rea Lorca realiza su tradicional programa especial de Semana Santa desde el Palacio de Guevara","datePublished":"2025-04-10T17:08:55+00:00","dateModified":"2025-04-10T17:09:30+00:00","mainEntityOfPage":{"@id":"https:\/\/arealorcaradio.es\/index.php\/2025\/04\/10\/area-lorca-realiza-su-tradicional-programa-especial-de-semana-santa-desde-el-palacio-de-guevara\/"},"wordCount":294,"commentCount":0,"image":{"@id":"https:\/\/arealorcaradio.es\/index.php\/2025\/04\/10\/area-lorca-realiza-su-tradicional-programa-especial-de-semana-santa-desde-el-palacio-de-guevara\/#primaryimage"},"thumbnailUrl":"https:\/\/arealorcaradio.es\/wp-content\/uploads\/2025\/04\/IMG-20250410-WA0038.jpg","articleSection":["ACTUALIDAD","LORCA"],"inLanguage":"es","potentialAction":[{"@type":"CommentAction","name":"Comment","target":["https:\/\/arealorcaradio.es\/index.php\/2025\/04\/10\/area-lorca-realiza-su-tradicional-programa-especial-de-semana-santa-desde-el-palacio-de-guevara\/#respond"]}]},{"@type":"WebPage","@id":"https:\/\/arealorcaradio.es\/index.php\/2025\/04\/10\/area-lorca-realiza-su-tradicional-programa-especial-de-semana-santa-desde-el-palacio-de-guevara\/","url":"https:\/\/arealorcaradio.es\/index.php\/2025\/04\/10\/area-lorca-realiza-su-tradicional-programa-especial-de-semana-santa-desde-el-palacio-de-guevara\/","name":"\u00c1rea Lorca realiza su tradicional programa especial de Semana Santa desde el Palacio de Guevara - AREA LORCA RADIO","isPartOf":{"@id":"https:\/\/arealorcaradio.es\/#website"},"primaryImageOfPage":{"@id":"https:\/\/arealorcaradio.es\/index.php\/2025\/04\/10\/area-lorca-realiza-su-tradicional-programa-especial-de-semana-santa-desde-el-palacio-de-guevara\/#primaryimage"},"image":{"@id":"https:\/\/arealorcaradio.es\/index.php\/2025\/04\/10\/area-lorca-realiza-su-tradicional-programa-especial-de-semana-santa-desde-el-palacio-de-guevara\/#primaryimage"},"thumbnailUrl":"https:\/\/arealorcaradio.es\/wp-content\/uploads\/2025\/04\/IMG-20250410-WA0038.jpg","datePublished":"2025-04-10T17:08:55+00:00","dateModified":"2025-04-10T17:09:30+00:00","author":{"@id":"https:\/\/arealorcaradio.es\/#\/schema\/person\/9fae605fc25b0f2c83c1ab207139bd27"},"breadcrumb":{"@id":"https:\/\/arealorcaradio.es\/index.php\/2025\/04\/10\/area-lorca-realiza-su-tradicional-programa-especial-de-semana-santa-desde-el-palacio-de-guevara\/#breadcrumb"},"inLanguage":"es","potentialAction":[{"@type":"ReadAction","target":["https:\/\/arealorcaradio.es\/index.php\/2025\/04\/10\/area-lorca-realiza-su-tradicional-programa-especial-de-semana-santa-desde-el-palacio-de-guevara\/"]}]},{"@type":"ImageObject","inLanguage":"es","@id":"https:\/\/arealorcaradio.es\/index.php\/2025\/04\/10\/area-lorca-realiza-su-tradicional-programa-especial-de-semana-santa-desde-el-palacio-de-guevara\/#primaryimage","url":"https:\/\/arealorcaradio.es\/wp-content\/uploads\/2025\/04\/IMG-20250410-WA0038.jpg","contentUrl":"https:\/\/arealorcaradio.es\/wp-content\/uploads\/2025\/04\/IMG-20250410-WA0038.jpg","width":1920,"height":1280},{"@type":"BreadcrumbList","@id":"https:\/\/arealorcaradio.es\/index.php\/2025\/04\/10\/area-lorca-realiza-su-tradicional-programa-especial-de-semana-santa-desde-el-palacio-de-guevara\/#breadcrumb","itemListElement":[{"@type":"ListItem","position":1,"name":"Portada","item":"https:\/\/arealorcaradio.es\/"},{"@type":"ListItem","position":2,"name":"\u00c1rea Lorca realiza su tradicional programa especial de Semana Santa desde el Palacio de Guevara"}]},{"@type":"WebSite","@id":"https:\/\/arealorcaradio.es\/#website","url":"https:\/\/arealorcaradio.es\/","name":"AREA LORCA RADIO","description":"Descubre la programaci\u00f3n actual en \u00c1rea Lorca Radio, tu fuente de entrenamiento y noticias locales. Sintoniza ahora y mantente conectado online.","potentialAction":[{"@type":"SearchAction","target":{"@type":"EntryPoint","urlTemplate":"https:\/\/arealorcaradio.es\/?s={search_term_string}"},"query-input":{"@type":"PropertyValueSpecification","valueRequired":true,"valueName":"search_term_string"}}],"inLanguage":"es"},{"@type":"Person","@id":"https:\/\/arealorcaradio.es\/#\/schema\/person\/9fae605fc25b0f2c83c1ab207139bd27","name":"Paco S\u00e1nchez","image":{"@type":"ImageObject","inLanguage":"es","@id":"https:\/\/secure.gravatar.com\/avatar\/d67144e966420fb74aa84c9f2a0103be4724fd14db52b52d3b6bca749f257e79?s=96&d=mm&r=g","url":"https:\/\/secure.gravatar.com\/avatar\/d67144e966420fb74aa84c9f2a0103be4724fd14db52b52d3b6bca749f257e79?s=96&d=mm&r=g","contentUrl":"https:\/\/secure.gravatar.com\/avatar\/d67144e966420fb74aa84c9f2a0103be4724fd14db52b52d3b6bca749f257e79?s=96&d=mm&r=g","caption":"Paco S\u00e1nchez"},"sameAs":["https:\/\/arealorcaradio.es"],"url":"https:\/\/arealorcaradio.es\/index.php\/author\/admin_alorcaradio\/"}]}},"_links":{"self":[{"href":"https:\/\/arealorcaradio.es\/index.php\/wp-json\/wp\/v2\/posts\/6215","targetHints":{"allow":["GET"]}}],"collection":[{"href":"https:\/\/arealorcaradio.es\/index.php\/wp-json\/wp\/v2\/posts"}],"about":[{"href":"https:\/\/arealorcaradio.es\/index.php\/wp-json\/wp\/v2\/types\/post"}],"author":[{"embeddable":true,"href":"https:\/\/arealorcaradio.es\/index.php\/wp-json\/wp\/v2\/users\/1"}],"replies":[{"embeddable":true,"href":"https:\/\/arealorcaradio.es\/index.php\/wp-json\/wp\/v2\/comments?post=6215"}],"version-history":[{"count":3,"href":"https:\/\/arealorcaradio.es\/index.php\/wp-json\/wp\/v2\/posts\/6215\/revisions"}],"predecessor-version":[{"id":6233,"href":"https:\/\/arealorcaradio.es\/index.php\/wp-json\/wp\/v2\/posts\/6215\/revisions\/6233"}],"wp:featuredmedia":[{"embeddable":true,"href":"https:\/\/arealorcaradio.es\/index.php\/wp-json\/wp\/v2\/media\/6217"}],"wp:attachment":[{"href":"https:\/\/arealorcaradio.es\/index.php\/wp-json\/wp\/v2\/media?parent=6215"}],"wp:term":[{"taxonomy":"category","embeddable":true,"href":"https:\/\/arealorcaradio.es\/index.php\/wp-json\/wp\/v2\/categories?post=6215"},{"taxonomy":"post_tag","embeddable":true,"href":"https:\/\/arealorcaradio.es\/index.php\/wp-json\/wp\/v2\/tags?post=6215"}],"curies":[{"name":"wp","href":"https:\/\/api.w.org\/{rel}","templated":true}]}}