{"id":6154,"date":"2025-04-02T20:44:56","date_gmt":"2025-04-02T20:44:56","guid":{"rendered":"https:\/\/arealorcaradio.es\/?p=6154"},"modified":"2025-04-02T20:44:56","modified_gmt":"2025-04-02T20:44:56","slug":"el-atleta-lorquino-domingo-perez-ruiz-se-proclama-campeon-de-espana-master-70-en-20-kilometros-marcha","status":"publish","type":"post","link":"https:\/\/arealorcaradio.es\/index.php\/2025\/04\/02\/el-atleta-lorquino-domingo-perez-ruiz-se-proclama-campeon-de-espana-master-70-en-20-kilometros-marcha\/","title":{"rendered":"El atleta lorquino Domingo P\u00e9rez Ruiz se proclama campe\u00f3n de Espa\u00f1a M\u00e1ster 70 en 20 kil\u00f3metros Marcha"},"content":{"rendered":"<p>\u00c1REA LORCA RADIO. Deportes.<\/p>\n<p>Es de mucho merito realizar y finalizar una prueba de 20 kil\u00f3metros marcha para un atleta de 70 a\u00f1os. El atleta lorquino del Club Atletismo Nogalte, Domingo P\u00e9rez Ruiz consigui\u00f3 este objetivo el pasado fin de semana en el Campeonato de Espa\u00f1a de la distancia. En el programa deportico de \u00c1rea Lorca Radio ha contado a Paco S\u00e1nchez como fue esa prueba y todos los detalles. Escucha aqu\u00ed la entrevista.<\/p>\n<audio class=\"wp-audio-shortcode\" id=\"audio-6154-1\" preload=\"none\" style=\"width: 100%;\" controls=\"controls\"><source type=\"audio\/mpeg\" src=\"https:\/\/arealorcaradio.es\/wp-content\/uploads\/2025\/04\/020425-DOMINGO-PEREZ-RUIZ.-CAMPEON-ESPANA-20-KM-MARCHA.mp3?_=1\" \/><a href=\"https:\/\/arealorcaradio.es\/wp-content\/uploads\/2025\/04\/020425-DOMINGO-PEREZ-RUIZ.-CAMPEON-ESPANA-20-KM-MARCHA.mp3\">https:\/\/arealorcaradio.es\/wp-content\/uploads\/2025\/04\/020425-DOMINGO-PEREZ-RUIZ.-CAMPEON-ESPANA-20-KM-MARCHA.mp3<\/a><\/audio>\n<p><img loading=\"lazy\" decoding=\"async\" class=\"size-medium wp-image-6156\" src=\"https:\/\/arealorcaradio.es\/wp-content\/uploads\/2025\/04\/Domingo-Perez-300x200.jpg\" alt=\"\" width=\"300\" height=\"200\" srcset=\"https:\/\/arealorcaradio.es\/wp-content\/uploads\/2025\/04\/Domingo-Perez-300x200.jpg 300w, https:\/\/arealorcaradio.es\/wp-content\/uploads\/2025\/04\/Domingo-Perez-768x512.jpg 768w, https:\/\/arealorcaradio.es\/wp-content\/uploads\/2025\/04\/Domingo-Perez.jpg 1000w\" sizes=\"auto, (max-width: 300px) 100vw, 300px\" \/><\/p>\n","protected":false},"excerpt":{"rendered":"<p>\u00c1REA LORCA RADIO. Deportes. Es de mucho merito realizar y finalizar una prueba de 20 kil\u00f3metros marcha para un atleta de 70 a\u00f1os. El atleta lorquino del Club Atletismo Nogalte, Domingo P\u00e9rez Ruiz consigui\u00f3 este objetivo el pasado fin de semana en el Campeonato de Espa\u00f1a de la distancia. En el programa deportico de \u00c1rea [&hellip;]<\/p>\n","protected":false},"author":1,"featured_media":6157,"comment_status":"open","ping_status":"open","sticky":false,"template":"","format":"standard","meta":{"iawp_total_views":55,"footnotes":""},"categories":[4,7],"tags":[],"class_list":["post-6154","post","type-post","status-publish","format-standard","has-post-thumbnail","hentry","category-deportes","category-lorca"],"yoast_head":"<!-- This site is optimized with the Yoast SEO plugin v27.5 - https:\/\/yoast.com\/product\/yoast-seo-wordpress\/ -->\n<title>El atleta lorquino Domingo P\u00e9rez Ruiz se proclama campe\u00f3n de Espa\u00f1a M\u00e1ster 70 en 20 kil\u00f3metros Marcha - AREA LORCA RADIO<\/title>\n<meta name=\"robots\" content=\"index, follow, max-snippet:-1, max-image-preview:large, max-video-preview:-1\" \/>\n<link rel=\"canonical\" href=\"https:\/\/arealorcaradio.es\/index.php\/2025\/04\/02\/el-atleta-lorquino-domingo-perez-ruiz-se-proclama-campeon-de-espana-master-70-en-20-kilometros-marcha\/\" \/>\n<meta property=\"og:locale\" content=\"es_ES\" \/>\n<meta property=\"og:type\" content=\"article\" \/>\n<meta property=\"og:title\" content=\"El atleta lorquino Domingo P\u00e9rez Ruiz se proclama campe\u00f3n de Espa\u00f1a M\u00e1ster 70 en 20 kil\u00f3metros Marcha - AREA LORCA RADIO\" \/>\n<meta property=\"og:description\" content=\"\u00c1REA LORCA RADIO. Deportes. Es de mucho merito realizar y finalizar una prueba de 20 kil\u00f3metros marcha para un atleta de 70 a\u00f1os. El atleta lorquino del Club Atletismo Nogalte, Domingo P\u00e9rez Ruiz consigui\u00f3 este objetivo el pasado fin de semana en el Campeonato de Espa\u00f1a de la distancia. En el programa deportico de \u00c1rea [&hellip;]\" \/>\n<meta property=\"og:url\" content=\"https:\/\/arealorcaradio.es\/index.php\/2025\/04\/02\/el-atleta-lorquino-domingo-perez-ruiz-se-proclama-campeon-de-espana-master-70-en-20-kilometros-marcha\/\" \/>\n<meta property=\"og:site_name\" content=\"AREA LORCA RADIO\" \/>\n<meta property=\"article:published_time\" content=\"2025-04-02T20:44:56+00:00\" \/>\n<meta property=\"og:image\" content=\"https:\/\/arealorcaradio.es\/wp-content\/uploads\/2025\/04\/Domingo-2.jpg\" \/>\n\t<meta property=\"og:image:width\" content=\"1000\" \/>\n\t<meta property=\"og:image:height\" content=\"667\" \/>\n\t<meta property=\"og:image:type\" content=\"image\/jpeg\" \/>\n<meta name=\"author\" content=\"Paco S\u00e1nchez\" \/>\n<meta name=\"twitter:card\" content=\"summary_large_image\" \/>\n<meta name=\"twitter:label1\" content=\"Escrito por\" \/>\n\t<meta name=\"twitter:data1\" content=\"Paco S\u00e1nchez\" \/>\n\t<meta name=\"twitter:label2\" content=\"Tiempo de lectura\" \/>\n\t<meta name=\"twitter:data2\" content=\"1 minuto\" \/>\n<script type=\"application\/ld+json\" class=\"yoast-schema-graph\">{\"@context\":\"https:\\\/\\\/schema.org\",\"@graph\":[{\"@type\":\"Article\",\"@id\":\"https:\\\/\\\/arealorcaradio.es\\\/index.php\\\/2025\\\/04\\\/02\\\/el-atleta-lorquino-domingo-perez-ruiz-se-proclama-campeon-de-espana-master-70-en-20-kilometros-marcha\\\/#article\",\"isPartOf\":{\"@id\":\"https:\\\/\\\/arealorcaradio.es\\\/index.php\\\/2025\\\/04\\\/02\\\/el-atleta-lorquino-domingo-perez-ruiz-se-proclama-campeon-de-espana-master-70-en-20-kilometros-marcha\\\/\"},\"author\":{\"name\":\"Paco S\u00e1nchez\",\"@id\":\"https:\\\/\\\/arealorcaradio.es\\\/#\\\/schema\\\/person\\\/9fae605fc25b0f2c83c1ab207139bd27\"},\"headline\":\"El atleta lorquino Domingo P\u00e9rez Ruiz se proclama campe\u00f3n de Espa\u00f1a M\u00e1ster 70 en 20 kil\u00f3metros Marcha\",\"datePublished\":\"2025-04-02T20:44:56+00:00\",\"mainEntityOfPage\":{\"@id\":\"https:\\\/\\\/arealorcaradio.es\\\/index.php\\\/2025\\\/04\\\/02\\\/el-atleta-lorquino-domingo-perez-ruiz-se-proclama-campeon-de-espana-master-70-en-20-kilometros-marcha\\\/\"},\"wordCount\":109,\"commentCount\":0,\"image\":{\"@id\":\"https:\\\/\\\/arealorcaradio.es\\\/index.php\\\/2025\\\/04\\\/02\\\/el-atleta-lorquino-domingo-perez-ruiz-se-proclama-campeon-de-espana-master-70-en-20-kilometros-marcha\\\/#primaryimage\"},\"thumbnailUrl\":\"https:\\\/\\\/arealorcaradio.es\\\/wp-content\\\/uploads\\\/2025\\\/04\\\/Domingo-2.jpg\",\"articleSection\":[\"DEPORTES\",\"LORCA\"],\"inLanguage\":\"es\",\"potentialAction\":[{\"@type\":\"CommentAction\",\"name\":\"Comment\",\"target\":[\"https:\\\/\\\/arealorcaradio.es\\\/index.php\\\/2025\\\/04\\\/02\\\/el-atleta-lorquino-domingo-perez-ruiz-se-proclama-campeon-de-espana-master-70-en-20-kilometros-marcha\\\/#respond\"]}]},{\"@type\":\"WebPage\",\"@id\":\"https:\\\/\\\/arealorcaradio.es\\\/index.php\\\/2025\\\/04\\\/02\\\/el-atleta-lorquino-domingo-perez-ruiz-se-proclama-campeon-de-espana-master-70-en-20-kilometros-marcha\\\/\",\"url\":\"https:\\\/\\\/arealorcaradio.es\\\/index.php\\\/2025\\\/04\\\/02\\\/el-atleta-lorquino-domingo-perez-ruiz-se-proclama-campeon-de-espana-master-70-en-20-kilometros-marcha\\\/\",\"name\":\"El atleta lorquino Domingo P\u00e9rez Ruiz se proclama campe\u00f3n de Espa\u00f1a M\u00e1ster 70 en 20 kil\u00f3metros Marcha - AREA LORCA RADIO\",\"isPartOf\":{\"@id\":\"https:\\\/\\\/arealorcaradio.es\\\/#website\"},\"primaryImageOfPage\":{\"@id\":\"https:\\\/\\\/arealorcaradio.es\\\/index.php\\\/2025\\\/04\\\/02\\\/el-atleta-lorquino-domingo-perez-ruiz-se-proclama-campeon-de-espana-master-70-en-20-kilometros-marcha\\\/#primaryimage\"},\"image\":{\"@id\":\"https:\\\/\\\/arealorcaradio.es\\\/index.php\\\/2025\\\/04\\\/02\\\/el-atleta-lorquino-domingo-perez-ruiz-se-proclama-campeon-de-espana-master-70-en-20-kilometros-marcha\\\/#primaryimage\"},\"thumbnailUrl\":\"https:\\\/\\\/arealorcaradio.es\\\/wp-content\\\/uploads\\\/2025\\\/04\\\/Domingo-2.jpg\",\"datePublished\":\"2025-04-02T20:44:56+00:00\",\"author\":{\"@id\":\"https:\\\/\\\/arealorcaradio.es\\\/#\\\/schema\\\/person\\\/9fae605fc25b0f2c83c1ab207139bd27\"},\"breadcrumb\":{\"@id\":\"https:\\\/\\\/arealorcaradio.es\\\/index.php\\\/2025\\\/04\\\/02\\\/el-atleta-lorquino-domingo-perez-ruiz-se-proclama-campeon-de-espana-master-70-en-20-kilometros-marcha\\\/#breadcrumb\"},\"inLanguage\":\"es\",\"potentialAction\":[{\"@type\":\"ReadAction\",\"target\":[\"https:\\\/\\\/arealorcaradio.es\\\/index.php\\\/2025\\\/04\\\/02\\\/el-atleta-lorquino-domingo-perez-ruiz-se-proclama-campeon-de-espana-master-70-en-20-kilometros-marcha\\\/\"]}]},{\"@type\":\"ImageObject\",\"inLanguage\":\"es\",\"@id\":\"https:\\\/\\\/arealorcaradio.es\\\/index.php\\\/2025\\\/04\\\/02\\\/el-atleta-lorquino-domingo-perez-ruiz-se-proclama-campeon-de-espana-master-70-en-20-kilometros-marcha\\\/#primaryimage\",\"url\":\"https:\\\/\\\/arealorcaradio.es\\\/wp-content\\\/uploads\\\/2025\\\/04\\\/Domingo-2.jpg\",\"contentUrl\":\"https:\\\/\\\/arealorcaradio.es\\\/wp-content\\\/uploads\\\/2025\\\/04\\\/Domingo-2.jpg\",\"width\":1000,\"height\":667,\"caption\":\"Foto propiedad Sportmedia para la Real Federaci\u00f3n Espa\u00f1ola de atletismo. Licencia de uso libre editorial. Para uso comercial contactar con contacto@sportmedia.es\"},{\"@type\":\"BreadcrumbList\",\"@id\":\"https:\\\/\\\/arealorcaradio.es\\\/index.php\\\/2025\\\/04\\\/02\\\/el-atleta-lorquino-domingo-perez-ruiz-se-proclama-campeon-de-espana-master-70-en-20-kilometros-marcha\\\/#breadcrumb\",\"itemListElement\":[{\"@type\":\"ListItem\",\"position\":1,\"name\":\"Portada\",\"item\":\"https:\\\/\\\/arealorcaradio.es\\\/\"},{\"@type\":\"ListItem\",\"position\":2,\"name\":\"El atleta lorquino Domingo P\u00e9rez Ruiz se proclama campe\u00f3n de Espa\u00f1a M\u00e1ster 70 en 20 kil\u00f3metros Marcha\"}]},{\"@type\":\"WebSite\",\"@id\":\"https:\\\/\\\/arealorcaradio.es\\\/#website\",\"url\":\"https:\\\/\\\/arealorcaradio.es\\\/\",\"name\":\"AREA LORCA RADIO\",\"description\":\"Descubre la programaci\u00f3n actual en \u00c1rea Lorca Radio, tu fuente de entrenamiento y noticias locales. Sintoniza ahora y mantente conectado online.\",\"potentialAction\":[{\"@type\":\"SearchAction\",\"target\":{\"@type\":\"EntryPoint\",\"urlTemplate\":\"https:\\\/\\\/arealorcaradio.es\\\/?s={search_term_string}\"},\"query-input\":{\"@type\":\"PropertyValueSpecification\",\"valueRequired\":true,\"valueName\":\"search_term_string\"}}],\"inLanguage\":\"es\"},{\"@type\":\"Person\",\"@id\":\"https:\\\/\\\/arealorcaradio.es\\\/#\\\/schema\\\/person\\\/9fae605fc25b0f2c83c1ab207139bd27\",\"name\":\"Paco S\u00e1nchez\",\"image\":{\"@type\":\"ImageObject\",\"inLanguage\":\"es\",\"@id\":\"https:\\\/\\\/secure.gravatar.com\\\/avatar\\\/d67144e966420fb74aa84c9f2a0103be4724fd14db52b52d3b6bca749f257e79?s=96&d=mm&r=g\",\"url\":\"https:\\\/\\\/secure.gravatar.com\\\/avatar\\\/d67144e966420fb74aa84c9f2a0103be4724fd14db52b52d3b6bca749f257e79?s=96&d=mm&r=g\",\"contentUrl\":\"https:\\\/\\\/secure.gravatar.com\\\/avatar\\\/d67144e966420fb74aa84c9f2a0103be4724fd14db52b52d3b6bca749f257e79?s=96&d=mm&r=g\",\"caption\":\"Paco S\u00e1nchez\"},\"sameAs\":[\"https:\\\/\\\/arealorcaradio.es\"],\"url\":\"https:\\\/\\\/arealorcaradio.es\\\/index.php\\\/author\\\/admin_alorcaradio\\\/\"}]}<\/script>\n<!-- \/ Yoast SEO plugin. -->","yoast_head_json":{"title":"El atleta lorquino Domingo P\u00e9rez Ruiz se proclama campe\u00f3n de Espa\u00f1a M\u00e1ster 70 en 20 kil\u00f3metros Marcha - AREA LORCA RADIO","robots":{"index":"index","follow":"follow","max-snippet":"max-snippet:-1","max-image-preview":"max-image-preview:large","max-video-preview":"max-video-preview:-1"},"canonical":"https:\/\/arealorcaradio.es\/index.php\/2025\/04\/02\/el-atleta-lorquino-domingo-perez-ruiz-se-proclama-campeon-de-espana-master-70-en-20-kilometros-marcha\/","og_locale":"es_ES","og_type":"article","og_title":"El atleta lorquino Domingo P\u00e9rez Ruiz se proclama campe\u00f3n de Espa\u00f1a M\u00e1ster 70 en 20 kil\u00f3metros Marcha - AREA LORCA RADIO","og_description":"\u00c1REA LORCA RADIO. Deportes. Es de mucho merito realizar y finalizar una prueba de 20 kil\u00f3metros marcha para un atleta de 70 a\u00f1os. El atleta lorquino del Club Atletismo Nogalte, Domingo P\u00e9rez Ruiz consigui\u00f3 este objetivo el pasado fin de semana en el Campeonato de Espa\u00f1a de la distancia. En el programa deportico de \u00c1rea [&hellip;]","og_url":"https:\/\/arealorcaradio.es\/index.php\/2025\/04\/02\/el-atleta-lorquino-domingo-perez-ruiz-se-proclama-campeon-de-espana-master-70-en-20-kilometros-marcha\/","og_site_name":"AREA LORCA RADIO","article_published_time":"2025-04-02T20:44:56+00:00","og_image":[{"width":1000,"height":667,"url":"https:\/\/arealorcaradio.es\/wp-content\/uploads\/2025\/04\/Domingo-2.jpg","type":"image\/jpeg"}],"author":"Paco S\u00e1nchez","twitter_card":"summary_large_image","twitter_misc":{"Escrito por":"Paco S\u00e1nchez","Tiempo de lectura":"1 minuto"},"schema":{"@context":"https:\/\/schema.org","@graph":[{"@type":"Article","@id":"https:\/\/arealorcaradio.es\/index.php\/2025\/04\/02\/el-atleta-lorquino-domingo-perez-ruiz-se-proclama-campeon-de-espana-master-70-en-20-kilometros-marcha\/#article","isPartOf":{"@id":"https:\/\/arealorcaradio.es\/index.php\/2025\/04\/02\/el-atleta-lorquino-domingo-perez-ruiz-se-proclama-campeon-de-espana-master-70-en-20-kilometros-marcha\/"},"author":{"name":"Paco S\u00e1nchez","@id":"https:\/\/arealorcaradio.es\/#\/schema\/person\/9fae605fc25b0f2c83c1ab207139bd27"},"headline":"El atleta lorquino Domingo P\u00e9rez Ruiz se proclama campe\u00f3n de Espa\u00f1a M\u00e1ster 70 en 20 kil\u00f3metros Marcha","datePublished":"2025-04-02T20:44:56+00:00","mainEntityOfPage":{"@id":"https:\/\/arealorcaradio.es\/index.php\/2025\/04\/02\/el-atleta-lorquino-domingo-perez-ruiz-se-proclama-campeon-de-espana-master-70-en-20-kilometros-marcha\/"},"wordCount":109,"commentCount":0,"image":{"@id":"https:\/\/arealorcaradio.es\/index.php\/2025\/04\/02\/el-atleta-lorquino-domingo-perez-ruiz-se-proclama-campeon-de-espana-master-70-en-20-kilometros-marcha\/#primaryimage"},"thumbnailUrl":"https:\/\/arealorcaradio.es\/wp-content\/uploads\/2025\/04\/Domingo-2.jpg","articleSection":["DEPORTES","LORCA"],"inLanguage":"es","potentialAction":[{"@type":"CommentAction","name":"Comment","target":["https:\/\/arealorcaradio.es\/index.php\/2025\/04\/02\/el-atleta-lorquino-domingo-perez-ruiz-se-proclama-campeon-de-espana-master-70-en-20-kilometros-marcha\/#respond"]}]},{"@type":"WebPage","@id":"https:\/\/arealorcaradio.es\/index.php\/2025\/04\/02\/el-atleta-lorquino-domingo-perez-ruiz-se-proclama-campeon-de-espana-master-70-en-20-kilometros-marcha\/","url":"https:\/\/arealorcaradio.es\/index.php\/2025\/04\/02\/el-atleta-lorquino-domingo-perez-ruiz-se-proclama-campeon-de-espana-master-70-en-20-kilometros-marcha\/","name":"El atleta lorquino Domingo P\u00e9rez Ruiz se proclama campe\u00f3n de Espa\u00f1a M\u00e1ster 70 en 20 kil\u00f3metros Marcha - AREA LORCA RADIO","isPartOf":{"@id":"https:\/\/arealorcaradio.es\/#website"},"primaryImageOfPage":{"@id":"https:\/\/arealorcaradio.es\/index.php\/2025\/04\/02\/el-atleta-lorquino-domingo-perez-ruiz-se-proclama-campeon-de-espana-master-70-en-20-kilometros-marcha\/#primaryimage"},"image":{"@id":"https:\/\/arealorcaradio.es\/index.php\/2025\/04\/02\/el-atleta-lorquino-domingo-perez-ruiz-se-proclama-campeon-de-espana-master-70-en-20-kilometros-marcha\/#primaryimage"},"thumbnailUrl":"https:\/\/arealorcaradio.es\/wp-content\/uploads\/2025\/04\/Domingo-2.jpg","datePublished":"2025-04-02T20:44:56+00:00","author":{"@id":"https:\/\/arealorcaradio.es\/#\/schema\/person\/9fae605fc25b0f2c83c1ab207139bd27"},"breadcrumb":{"@id":"https:\/\/arealorcaradio.es\/index.php\/2025\/04\/02\/el-atleta-lorquino-domingo-perez-ruiz-se-proclama-campeon-de-espana-master-70-en-20-kilometros-marcha\/#breadcrumb"},"inLanguage":"es","potentialAction":[{"@type":"ReadAction","target":["https:\/\/arealorcaradio.es\/index.php\/2025\/04\/02\/el-atleta-lorquino-domingo-perez-ruiz-se-proclama-campeon-de-espana-master-70-en-20-kilometros-marcha\/"]}]},{"@type":"ImageObject","inLanguage":"es","@id":"https:\/\/arealorcaradio.es\/index.php\/2025\/04\/02\/el-atleta-lorquino-domingo-perez-ruiz-se-proclama-campeon-de-espana-master-70-en-20-kilometros-marcha\/#primaryimage","url":"https:\/\/arealorcaradio.es\/wp-content\/uploads\/2025\/04\/Domingo-2.jpg","contentUrl":"https:\/\/arealorcaradio.es\/wp-content\/uploads\/2025\/04\/Domingo-2.jpg","width":1000,"height":667,"caption":"Foto propiedad Sportmedia para la Real Federaci\u00f3n Espa\u00f1ola de atletismo. Licencia de uso libre editorial. Para uso comercial contactar con contacto@sportmedia.es"},{"@type":"BreadcrumbList","@id":"https:\/\/arealorcaradio.es\/index.php\/2025\/04\/02\/el-atleta-lorquino-domingo-perez-ruiz-se-proclama-campeon-de-espana-master-70-en-20-kilometros-marcha\/#breadcrumb","itemListElement":[{"@type":"ListItem","position":1,"name":"Portada","item":"https:\/\/arealorcaradio.es\/"},{"@type":"ListItem","position":2,"name":"El atleta lorquino Domingo P\u00e9rez Ruiz se proclama campe\u00f3n de Espa\u00f1a M\u00e1ster 70 en 20 kil\u00f3metros Marcha"}]},{"@type":"WebSite","@id":"https:\/\/arealorcaradio.es\/#website","url":"https:\/\/arealorcaradio.es\/","name":"AREA LORCA RADIO","description":"Descubre la programaci\u00f3n actual en \u00c1rea Lorca Radio, tu fuente de entrenamiento y noticias locales. Sintoniza ahora y mantente conectado online.","potentialAction":[{"@type":"SearchAction","target":{"@type":"EntryPoint","urlTemplate":"https:\/\/arealorcaradio.es\/?s={search_term_string}"},"query-input":{"@type":"PropertyValueSpecification","valueRequired":true,"valueName":"search_term_string"}}],"inLanguage":"es"},{"@type":"Person","@id":"https:\/\/arealorcaradio.es\/#\/schema\/person\/9fae605fc25b0f2c83c1ab207139bd27","name":"Paco S\u00e1nchez","image":{"@type":"ImageObject","inLanguage":"es","@id":"https:\/\/secure.gravatar.com\/avatar\/d67144e966420fb74aa84c9f2a0103be4724fd14db52b52d3b6bca749f257e79?s=96&d=mm&r=g","url":"https:\/\/secure.gravatar.com\/avatar\/d67144e966420fb74aa84c9f2a0103be4724fd14db52b52d3b6bca749f257e79?s=96&d=mm&r=g","contentUrl":"https:\/\/secure.gravatar.com\/avatar\/d67144e966420fb74aa84c9f2a0103be4724fd14db52b52d3b6bca749f257e79?s=96&d=mm&r=g","caption":"Paco S\u00e1nchez"},"sameAs":["https:\/\/arealorcaradio.es"],"url":"https:\/\/arealorcaradio.es\/index.php\/author\/admin_alorcaradio\/"}]}},"_links":{"self":[{"href":"https:\/\/arealorcaradio.es\/index.php\/wp-json\/wp\/v2\/posts\/6154","targetHints":{"allow":["GET"]}}],"collection":[{"href":"https:\/\/arealorcaradio.es\/index.php\/wp-json\/wp\/v2\/posts"}],"about":[{"href":"https:\/\/arealorcaradio.es\/index.php\/wp-json\/wp\/v2\/types\/post"}],"author":[{"embeddable":true,"href":"https:\/\/arealorcaradio.es\/index.php\/wp-json\/wp\/v2\/users\/1"}],"replies":[{"embeddable":true,"href":"https:\/\/arealorcaradio.es\/index.php\/wp-json\/wp\/v2\/comments?post=6154"}],"version-history":[{"count":2,"href":"https:\/\/arealorcaradio.es\/index.php\/wp-json\/wp\/v2\/posts\/6154\/revisions"}],"predecessor-version":[{"id":6160,"href":"https:\/\/arealorcaradio.es\/index.php\/wp-json\/wp\/v2\/posts\/6154\/revisions\/6160"}],"wp:featuredmedia":[{"embeddable":true,"href":"https:\/\/arealorcaradio.es\/index.php\/wp-json\/wp\/v2\/media\/6157"}],"wp:attachment":[{"href":"https:\/\/arealorcaradio.es\/index.php\/wp-json\/wp\/v2\/media?parent=6154"}],"wp:term":[{"taxonomy":"category","embeddable":true,"href":"https:\/\/arealorcaradio.es\/index.php\/wp-json\/wp\/v2\/categories?post=6154"},{"taxonomy":"post_tag","embeddable":true,"href":"https:\/\/arealorcaradio.es\/index.php\/wp-json\/wp\/v2\/tags?post=6154"}],"curies":[{"name":"wp","href":"https:\/\/api.w.org\/{rel}","templated":true}]}}