{"id":6140,"date":"2025-04-02T12:09:01","date_gmt":"2025-04-02T12:09:01","guid":{"rendered":"https:\/\/arealorcaradio.es\/?p=6140"},"modified":"2025-04-02T12:10:48","modified_gmt":"2025-04-02T12:10:48","slug":"diego-jose-mateos-no-es-una-decision-facil-pero-siento-que-es-el-momento-adecuado-el-partido-socialista-en-lorca-tiene-una-base-solida-con-personas-capacitadas","status":"publish","type":"post","link":"https:\/\/arealorcaradio.es\/index.php\/2025\/04\/02\/diego-jose-mateos-no-es-una-decision-facil-pero-siento-que-es-el-momento-adecuado-el-partido-socialista-en-lorca-tiene-una-base-solida-con-personas-capacitadas\/","title":{"rendered":"Diego Jos\u00e9 Mateos: \u00abNo es una decisi\u00f3n f\u00e1cil, pero siento que es el momento adecuado. El Partido Socialista en Lorca tiene una base s\u00f3lida, con personas capacitadas\u00bb"},"content":{"rendered":"<p><strong>\u00c1REA LORCA RADIO.<\/strong><\/p>\n<p dir=\"ltr\">Han sido m\u00e1s de diez a\u00f1os de entrega absoluta a Lorca y su gente, con momentos de gran intensidad y responsabilidad, pero creo que es el momento de dar un paso al lado\u00bb, ha expresado Mateos. Escuchamos la comparecencia de Diego Jos\u00e9 Mateos.<\/p>\n<audio class=\"wp-audio-shortcode\" id=\"audio-6140-1\" preload=\"none\" style=\"width: 100%;\" controls=\"controls\"><source type=\"audio\/mpeg\" src=\"https:\/\/arealorcaradio.es\/wp-content\/uploads\/2025\/04\/020425-DIEGO-JOSE-MATEOS.-RENUNCIA-ACTA-CONCEJAL.mp3?_=1\" \/><a href=\"https:\/\/arealorcaradio.es\/wp-content\/uploads\/2025\/04\/020425-DIEGO-JOSE-MATEOS.-RENUNCIA-ACTA-CONCEJAL.mp3\">https:\/\/arealorcaradio.es\/wp-content\/uploads\/2025\/04\/020425-DIEGO-JOSE-MATEOS.-RENUNCIA-ACTA-CONCEJAL.mp3<\/a><\/audio>\n<p dir=\"ltr\"><img loading=\"lazy\" decoding=\"async\" class=\"alignnone size-medium wp-image-6144\" src=\"https:\/\/arealorcaradio.es\/wp-content\/uploads\/2025\/04\/20210504_194418-300x225.jpg\" alt=\"\" width=\"300\" height=\"225\" srcset=\"https:\/\/arealorcaradio.es\/wp-content\/uploads\/2025\/04\/20210504_194418-300x225.jpg 300w, https:\/\/arealorcaradio.es\/wp-content\/uploads\/2025\/04\/20210504_194418-1024x768.jpg 1024w, https:\/\/arealorcaradio.es\/wp-content\/uploads\/2025\/04\/20210504_194418-768x576.jpg 768w, https:\/\/arealorcaradio.es\/wp-content\/uploads\/2025\/04\/20210504_194418-1536x1152.jpg 1536w, https:\/\/arealorcaradio.es\/wp-content\/uploads\/2025\/04\/20210504_194418-2048x1536.jpg 2048w, https:\/\/arealorcaradio.es\/wp-content\/uploads\/2025\/04\/20210504_194418-86x64.jpg 86w\" sizes=\"auto, (max-width: 300px) 100vw, 300px\" \/><\/p>\n<p dir=\"ltr\">Mateos, quien lidera el PSOE lorquino desde 2015, alcanz\u00f3 un hito hist\u00f3rico en mayo de 2019 al recuperar la alcald\u00eda de Lorca para su partido despu\u00e9s de 12 a\u00f1os de gobiernos del Partido Popular. Bajo su liderazgo, el PSOE tambi\u00e9n logr\u00f3 imponerse en las elecciones generales en el municipio en el mismo a\u00f1o. \u00abEl Partido Socialista en Lorca tiene una base s\u00f3lida, con personas capacitadas para continuar con este proyecto y seguir defendiendo los valores progresistas en el municipio\u00bb, ha afirmado.<\/p>\n<p dir=\"ltr\">El dirigente socialista ha subrayado que su decisi\u00f3n responde exclusivamente a motivos personales y que se trata de una reflexi\u00f3n meditada durante varias semanas. \u00abNo es una decisi\u00f3n f\u00e1cil, pero siento que es el momento adecuado. La pol\u00edtica municipal requiere una dedicaci\u00f3n total, y ahora quiero centrarme en nuevos retos personales y profesionales\u00bb, ha manifestado. A pesar de su retirada, ha reiterado su compromiso con el partido y su disposici\u00f3n para colaborar en todo lo que sea necesario.<\/p>\n<p dir=\"ltr\">Durante su gesti\u00f3n al frente del Ayuntamiento de Lorca, Mateos tuvo que afrontar retos significativos, entre ellos la crisis sanitaria derivada de la pandemia. \u00abSiempre hemos trabajado con honradez, compromiso y pensando en mejorar la vida de los lorquinos y lorquinas. Algunas decisiones habr\u00e1n sido m\u00e1s acertadas que otras, pero todas han estado guiadas por la voluntad de hacer lo mejor para nuestra ciudad\u00bb, ha asegurado.<\/p>\n<p dir=\"ltr\">Por \u00faltimo, ha querido expresar su gratitud a sus compa\u00f1eros de partido, a los ciudadanos de Lorca y tambi\u00e9n a sus adversarios pol\u00edticos. \u00abMe llevo grandes aprendizajes, experiencias y, sobre todo, muchas amistades. Ha sido un viaje intenso y enriquecedor, pero ahora toca pasar el testigo con la tranquilidad de que el PSOE lorquino seguir\u00e1 avanzando con renovadas energ\u00edas\u00bb, ha concluido.<\/p>\n","protected":false},"excerpt":{"rendered":"<p>\u00c1REA LORCA RADIO. Han sido m\u00e1s de diez a\u00f1os de entrega absoluta a Lorca y su gente, con momentos de gran intensidad y responsabilidad, pero creo que es el momento de dar un paso al lado\u00bb, ha expresado Mateos. Escuchamos la comparecencia de Diego Jos\u00e9 Mateos. Mateos, quien lidera el PSOE lorquino desde 2015, alcanz\u00f3 [&hellip;]<\/p>\n","protected":false},"author":1,"featured_media":6141,"comment_status":"open","ping_status":"open","sticky":false,"template":"","format":"standard","meta":{"iawp_total_views":52,"footnotes":""},"categories":[5,7],"tags":[],"class_list":["post-6140","post","type-post","status-publish","format-standard","has-post-thumbnail","hentry","category-actualidad","category-lorca"],"yoast_head":"<!-- This site is optimized with the Yoast SEO plugin v27.5 - https:\/\/yoast.com\/product\/yoast-seo-wordpress\/ -->\n<title>Diego Jos\u00e9 Mateos: &quot;No es una decisi\u00f3n f\u00e1cil, pero siento que es el momento adecuado. El Partido Socialista en Lorca tiene una base s\u00f3lida, con personas capacitadas&quot; - AREA LORCA RADIO<\/title>\n<meta name=\"robots\" content=\"index, follow, max-snippet:-1, max-image-preview:large, max-video-preview:-1\" \/>\n<link rel=\"canonical\" href=\"https:\/\/arealorcaradio.es\/index.php\/2025\/04\/02\/diego-jose-mateos-no-es-una-decision-facil-pero-siento-que-es-el-momento-adecuado-el-partido-socialista-en-lorca-tiene-una-base-solida-con-personas-capacitadas\/\" \/>\n<meta property=\"og:locale\" content=\"es_ES\" \/>\n<meta property=\"og:type\" content=\"article\" \/>\n<meta property=\"og:title\" content=\"Diego Jos\u00e9 Mateos: &quot;No es una decisi\u00f3n f\u00e1cil, pero siento que es el momento adecuado. El Partido Socialista en Lorca tiene una base s\u00f3lida, con personas capacitadas&quot; - AREA LORCA RADIO\" \/>\n<meta property=\"og:description\" content=\"\u00c1REA LORCA RADIO. Han sido m\u00e1s de diez a\u00f1os de entrega absoluta a Lorca y su gente, con momentos de gran intensidad y responsabilidad, pero creo que es el momento de dar un paso al lado\u00bb, ha expresado Mateos. Escuchamos la comparecencia de Diego Jos\u00e9 Mateos. Mateos, quien lidera el PSOE lorquino desde 2015, alcanz\u00f3 [&hellip;]\" \/>\n<meta property=\"og:url\" content=\"https:\/\/arealorcaradio.es\/index.php\/2025\/04\/02\/diego-jose-mateos-no-es-una-decision-facil-pero-siento-que-es-el-momento-adecuado-el-partido-socialista-en-lorca-tiene-una-base-solida-con-personas-capacitadas\/\" \/>\n<meta property=\"og:site_name\" content=\"AREA LORCA RADIO\" \/>\n<meta property=\"article:published_time\" content=\"2025-04-02T12:09:01+00:00\" \/>\n<meta property=\"article:modified_time\" content=\"2025-04-02T12:10:48+00:00\" \/>\n<meta property=\"og:image\" content=\"https:\/\/arealorcaradio.es\/wp-content\/uploads\/2025\/04\/20210504_194306-scaled.jpg\" \/>\n\t<meta property=\"og:image:width\" content=\"2560\" \/>\n\t<meta property=\"og:image:height\" content=\"1920\" \/>\n\t<meta property=\"og:image:type\" content=\"image\/jpeg\" \/>\n<meta name=\"author\" content=\"Paco S\u00e1nchez\" \/>\n<meta name=\"twitter:card\" content=\"summary_large_image\" \/>\n<meta name=\"twitter:label1\" content=\"Escrito por\" \/>\n\t<meta name=\"twitter:data1\" content=\"Paco S\u00e1nchez\" \/>\n\t<meta name=\"twitter:label2\" content=\"Tiempo de lectura\" \/>\n\t<meta name=\"twitter:data2\" content=\"2 minutos\" \/>\n<script type=\"application\/ld+json\" class=\"yoast-schema-graph\">{\"@context\":\"https:\\\/\\\/schema.org\",\"@graph\":[{\"@type\":\"Article\",\"@id\":\"https:\\\/\\\/arealorcaradio.es\\\/index.php\\\/2025\\\/04\\\/02\\\/diego-jose-mateos-no-es-una-decision-facil-pero-siento-que-es-el-momento-adecuado-el-partido-socialista-en-lorca-tiene-una-base-solida-con-personas-capacitadas\\\/#article\",\"isPartOf\":{\"@id\":\"https:\\\/\\\/arealorcaradio.es\\\/index.php\\\/2025\\\/04\\\/02\\\/diego-jose-mateos-no-es-una-decision-facil-pero-siento-que-es-el-momento-adecuado-el-partido-socialista-en-lorca-tiene-una-base-solida-con-personas-capacitadas\\\/\"},\"author\":{\"name\":\"Paco S\u00e1nchez\",\"@id\":\"https:\\\/\\\/arealorcaradio.es\\\/#\\\/schema\\\/person\\\/9fae605fc25b0f2c83c1ab207139bd27\"},\"headline\":\"Diego Jos\u00e9 Mateos: \u00abNo es una decisi\u00f3n f\u00e1cil, pero siento que es el momento adecuado. El Partido Socialista en Lorca tiene una base s\u00f3lida, con personas capacitadas\u00bb\",\"datePublished\":\"2025-04-02T12:09:01+00:00\",\"dateModified\":\"2025-04-02T12:10:48+00:00\",\"mainEntityOfPage\":{\"@id\":\"https:\\\/\\\/arealorcaradio.es\\\/index.php\\\/2025\\\/04\\\/02\\\/diego-jose-mateos-no-es-una-decision-facil-pero-siento-que-es-el-momento-adecuado-el-partido-socialista-en-lorca-tiene-una-base-solida-con-personas-capacitadas\\\/\"},\"wordCount\":393,\"commentCount\":0,\"image\":{\"@id\":\"https:\\\/\\\/arealorcaradio.es\\\/index.php\\\/2025\\\/04\\\/02\\\/diego-jose-mateos-no-es-una-decision-facil-pero-siento-que-es-el-momento-adecuado-el-partido-socialista-en-lorca-tiene-una-base-solida-con-personas-capacitadas\\\/#primaryimage\"},\"thumbnailUrl\":\"https:\\\/\\\/arealorcaradio.es\\\/wp-content\\\/uploads\\\/2025\\\/04\\\/20210504_194306-scaled.jpg\",\"articleSection\":[\"ACTUALIDAD\",\"LORCA\"],\"inLanguage\":\"es\",\"potentialAction\":[{\"@type\":\"CommentAction\",\"name\":\"Comment\",\"target\":[\"https:\\\/\\\/arealorcaradio.es\\\/index.php\\\/2025\\\/04\\\/02\\\/diego-jose-mateos-no-es-una-decision-facil-pero-siento-que-es-el-momento-adecuado-el-partido-socialista-en-lorca-tiene-una-base-solida-con-personas-capacitadas\\\/#respond\"]}]},{\"@type\":\"WebPage\",\"@id\":\"https:\\\/\\\/arealorcaradio.es\\\/index.php\\\/2025\\\/04\\\/02\\\/diego-jose-mateos-no-es-una-decision-facil-pero-siento-que-es-el-momento-adecuado-el-partido-socialista-en-lorca-tiene-una-base-solida-con-personas-capacitadas\\\/\",\"url\":\"https:\\\/\\\/arealorcaradio.es\\\/index.php\\\/2025\\\/04\\\/02\\\/diego-jose-mateos-no-es-una-decision-facil-pero-siento-que-es-el-momento-adecuado-el-partido-socialista-en-lorca-tiene-una-base-solida-con-personas-capacitadas\\\/\",\"name\":\"Diego Jos\u00e9 Mateos: \\\"No es una decisi\u00f3n f\u00e1cil, pero siento que es el momento adecuado. El Partido Socialista en Lorca tiene una base s\u00f3lida, con personas capacitadas\\\" - AREA LORCA RADIO\",\"isPartOf\":{\"@id\":\"https:\\\/\\\/arealorcaradio.es\\\/#website\"},\"primaryImageOfPage\":{\"@id\":\"https:\\\/\\\/arealorcaradio.es\\\/index.php\\\/2025\\\/04\\\/02\\\/diego-jose-mateos-no-es-una-decision-facil-pero-siento-que-es-el-momento-adecuado-el-partido-socialista-en-lorca-tiene-una-base-solida-con-personas-capacitadas\\\/#primaryimage\"},\"image\":{\"@id\":\"https:\\\/\\\/arealorcaradio.es\\\/index.php\\\/2025\\\/04\\\/02\\\/diego-jose-mateos-no-es-una-decision-facil-pero-siento-que-es-el-momento-adecuado-el-partido-socialista-en-lorca-tiene-una-base-solida-con-personas-capacitadas\\\/#primaryimage\"},\"thumbnailUrl\":\"https:\\\/\\\/arealorcaradio.es\\\/wp-content\\\/uploads\\\/2025\\\/04\\\/20210504_194306-scaled.jpg\",\"datePublished\":\"2025-04-02T12:09:01+00:00\",\"dateModified\":\"2025-04-02T12:10:48+00:00\",\"author\":{\"@id\":\"https:\\\/\\\/arealorcaradio.es\\\/#\\\/schema\\\/person\\\/9fae605fc25b0f2c83c1ab207139bd27\"},\"breadcrumb\":{\"@id\":\"https:\\\/\\\/arealorcaradio.es\\\/index.php\\\/2025\\\/04\\\/02\\\/diego-jose-mateos-no-es-una-decision-facil-pero-siento-que-es-el-momento-adecuado-el-partido-socialista-en-lorca-tiene-una-base-solida-con-personas-capacitadas\\\/#breadcrumb\"},\"inLanguage\":\"es\",\"potentialAction\":[{\"@type\":\"ReadAction\",\"target\":[\"https:\\\/\\\/arealorcaradio.es\\\/index.php\\\/2025\\\/04\\\/02\\\/diego-jose-mateos-no-es-una-decision-facil-pero-siento-que-es-el-momento-adecuado-el-partido-socialista-en-lorca-tiene-una-base-solida-con-personas-capacitadas\\\/\"]}]},{\"@type\":\"ImageObject\",\"inLanguage\":\"es\",\"@id\":\"https:\\\/\\\/arealorcaradio.es\\\/index.php\\\/2025\\\/04\\\/02\\\/diego-jose-mateos-no-es-una-decision-facil-pero-siento-que-es-el-momento-adecuado-el-partido-socialista-en-lorca-tiene-una-base-solida-con-personas-capacitadas\\\/#primaryimage\",\"url\":\"https:\\\/\\\/arealorcaradio.es\\\/wp-content\\\/uploads\\\/2025\\\/04\\\/20210504_194306-scaled.jpg\",\"contentUrl\":\"https:\\\/\\\/arealorcaradio.es\\\/wp-content\\\/uploads\\\/2025\\\/04\\\/20210504_194306-scaled.jpg\",\"width\":2560,\"height\":1920},{\"@type\":\"BreadcrumbList\",\"@id\":\"https:\\\/\\\/arealorcaradio.es\\\/index.php\\\/2025\\\/04\\\/02\\\/diego-jose-mateos-no-es-una-decision-facil-pero-siento-que-es-el-momento-adecuado-el-partido-socialista-en-lorca-tiene-una-base-solida-con-personas-capacitadas\\\/#breadcrumb\",\"itemListElement\":[{\"@type\":\"ListItem\",\"position\":1,\"name\":\"Portada\",\"item\":\"https:\\\/\\\/arealorcaradio.es\\\/\"},{\"@type\":\"ListItem\",\"position\":2,\"name\":\"Diego Jos\u00e9 Mateos: \u00abNo es una decisi\u00f3n f\u00e1cil, pero siento que es el momento adecuado. El Partido Socialista en Lorca tiene una base s\u00f3lida, con personas capacitadas\u00bb\"}]},{\"@type\":\"WebSite\",\"@id\":\"https:\\\/\\\/arealorcaradio.es\\\/#website\",\"url\":\"https:\\\/\\\/arealorcaradio.es\\\/\",\"name\":\"AREA LORCA RADIO\",\"description\":\"Descubre la programaci\u00f3n actual en \u00c1rea Lorca Radio, tu fuente de entrenamiento y noticias locales. Sintoniza ahora y mantente conectado online.\",\"potentialAction\":[{\"@type\":\"SearchAction\",\"target\":{\"@type\":\"EntryPoint\",\"urlTemplate\":\"https:\\\/\\\/arealorcaradio.es\\\/?s={search_term_string}\"},\"query-input\":{\"@type\":\"PropertyValueSpecification\",\"valueRequired\":true,\"valueName\":\"search_term_string\"}}],\"inLanguage\":\"es\"},{\"@type\":\"Person\",\"@id\":\"https:\\\/\\\/arealorcaradio.es\\\/#\\\/schema\\\/person\\\/9fae605fc25b0f2c83c1ab207139bd27\",\"name\":\"Paco S\u00e1nchez\",\"image\":{\"@type\":\"ImageObject\",\"inLanguage\":\"es\",\"@id\":\"https:\\\/\\\/secure.gravatar.com\\\/avatar\\\/d67144e966420fb74aa84c9f2a0103be4724fd14db52b52d3b6bca749f257e79?s=96&d=mm&r=g\",\"url\":\"https:\\\/\\\/secure.gravatar.com\\\/avatar\\\/d67144e966420fb74aa84c9f2a0103be4724fd14db52b52d3b6bca749f257e79?s=96&d=mm&r=g\",\"contentUrl\":\"https:\\\/\\\/secure.gravatar.com\\\/avatar\\\/d67144e966420fb74aa84c9f2a0103be4724fd14db52b52d3b6bca749f257e79?s=96&d=mm&r=g\",\"caption\":\"Paco S\u00e1nchez\"},\"sameAs\":[\"https:\\\/\\\/arealorcaradio.es\"],\"url\":\"https:\\\/\\\/arealorcaradio.es\\\/index.php\\\/author\\\/admin_alorcaradio\\\/\"}]}<\/script>\n<!-- \/ Yoast SEO plugin. -->","yoast_head_json":{"title":"Diego Jos\u00e9 Mateos: \"No es una decisi\u00f3n f\u00e1cil, pero siento que es el momento adecuado. El Partido Socialista en Lorca tiene una base s\u00f3lida, con personas capacitadas\" - AREA LORCA RADIO","robots":{"index":"index","follow":"follow","max-snippet":"max-snippet:-1","max-image-preview":"max-image-preview:large","max-video-preview":"max-video-preview:-1"},"canonical":"https:\/\/arealorcaradio.es\/index.php\/2025\/04\/02\/diego-jose-mateos-no-es-una-decision-facil-pero-siento-que-es-el-momento-adecuado-el-partido-socialista-en-lorca-tiene-una-base-solida-con-personas-capacitadas\/","og_locale":"es_ES","og_type":"article","og_title":"Diego Jos\u00e9 Mateos: \"No es una decisi\u00f3n f\u00e1cil, pero siento que es el momento adecuado. El Partido Socialista en Lorca tiene una base s\u00f3lida, con personas capacitadas\" - AREA LORCA RADIO","og_description":"\u00c1REA LORCA RADIO. Han sido m\u00e1s de diez a\u00f1os de entrega absoluta a Lorca y su gente, con momentos de gran intensidad y responsabilidad, pero creo que es el momento de dar un paso al lado\u00bb, ha expresado Mateos. Escuchamos la comparecencia de Diego Jos\u00e9 Mateos. Mateos, quien lidera el PSOE lorquino desde 2015, alcanz\u00f3 [&hellip;]","og_url":"https:\/\/arealorcaradio.es\/index.php\/2025\/04\/02\/diego-jose-mateos-no-es-una-decision-facil-pero-siento-que-es-el-momento-adecuado-el-partido-socialista-en-lorca-tiene-una-base-solida-con-personas-capacitadas\/","og_site_name":"AREA LORCA RADIO","article_published_time":"2025-04-02T12:09:01+00:00","article_modified_time":"2025-04-02T12:10:48+00:00","og_image":[{"width":2560,"height":1920,"url":"https:\/\/arealorcaradio.es\/wp-content\/uploads\/2025\/04\/20210504_194306-scaled.jpg","type":"image\/jpeg"}],"author":"Paco S\u00e1nchez","twitter_card":"summary_large_image","twitter_misc":{"Escrito por":"Paco S\u00e1nchez","Tiempo de lectura":"2 minutos"},"schema":{"@context":"https:\/\/schema.org","@graph":[{"@type":"Article","@id":"https:\/\/arealorcaradio.es\/index.php\/2025\/04\/02\/diego-jose-mateos-no-es-una-decision-facil-pero-siento-que-es-el-momento-adecuado-el-partido-socialista-en-lorca-tiene-una-base-solida-con-personas-capacitadas\/#article","isPartOf":{"@id":"https:\/\/arealorcaradio.es\/index.php\/2025\/04\/02\/diego-jose-mateos-no-es-una-decision-facil-pero-siento-que-es-el-momento-adecuado-el-partido-socialista-en-lorca-tiene-una-base-solida-con-personas-capacitadas\/"},"author":{"name":"Paco S\u00e1nchez","@id":"https:\/\/arealorcaradio.es\/#\/schema\/person\/9fae605fc25b0f2c83c1ab207139bd27"},"headline":"Diego Jos\u00e9 Mateos: \u00abNo es una decisi\u00f3n f\u00e1cil, pero siento que es el momento adecuado. El Partido Socialista en Lorca tiene una base s\u00f3lida, con personas capacitadas\u00bb","datePublished":"2025-04-02T12:09:01+00:00","dateModified":"2025-04-02T12:10:48+00:00","mainEntityOfPage":{"@id":"https:\/\/arealorcaradio.es\/index.php\/2025\/04\/02\/diego-jose-mateos-no-es-una-decision-facil-pero-siento-que-es-el-momento-adecuado-el-partido-socialista-en-lorca-tiene-una-base-solida-con-personas-capacitadas\/"},"wordCount":393,"commentCount":0,"image":{"@id":"https:\/\/arealorcaradio.es\/index.php\/2025\/04\/02\/diego-jose-mateos-no-es-una-decision-facil-pero-siento-que-es-el-momento-adecuado-el-partido-socialista-en-lorca-tiene-una-base-solida-con-personas-capacitadas\/#primaryimage"},"thumbnailUrl":"https:\/\/arealorcaradio.es\/wp-content\/uploads\/2025\/04\/20210504_194306-scaled.jpg","articleSection":["ACTUALIDAD","LORCA"],"inLanguage":"es","potentialAction":[{"@type":"CommentAction","name":"Comment","target":["https:\/\/arealorcaradio.es\/index.php\/2025\/04\/02\/diego-jose-mateos-no-es-una-decision-facil-pero-siento-que-es-el-momento-adecuado-el-partido-socialista-en-lorca-tiene-una-base-solida-con-personas-capacitadas\/#respond"]}]},{"@type":"WebPage","@id":"https:\/\/arealorcaradio.es\/index.php\/2025\/04\/02\/diego-jose-mateos-no-es-una-decision-facil-pero-siento-que-es-el-momento-adecuado-el-partido-socialista-en-lorca-tiene-una-base-solida-con-personas-capacitadas\/","url":"https:\/\/arealorcaradio.es\/index.php\/2025\/04\/02\/diego-jose-mateos-no-es-una-decision-facil-pero-siento-que-es-el-momento-adecuado-el-partido-socialista-en-lorca-tiene-una-base-solida-con-personas-capacitadas\/","name":"Diego Jos\u00e9 Mateos: \"No es una decisi\u00f3n f\u00e1cil, pero siento que es el momento adecuado. El Partido Socialista en Lorca tiene una base s\u00f3lida, con personas capacitadas\" - AREA LORCA RADIO","isPartOf":{"@id":"https:\/\/arealorcaradio.es\/#website"},"primaryImageOfPage":{"@id":"https:\/\/arealorcaradio.es\/index.php\/2025\/04\/02\/diego-jose-mateos-no-es-una-decision-facil-pero-siento-que-es-el-momento-adecuado-el-partido-socialista-en-lorca-tiene-una-base-solida-con-personas-capacitadas\/#primaryimage"},"image":{"@id":"https:\/\/arealorcaradio.es\/index.php\/2025\/04\/02\/diego-jose-mateos-no-es-una-decision-facil-pero-siento-que-es-el-momento-adecuado-el-partido-socialista-en-lorca-tiene-una-base-solida-con-personas-capacitadas\/#primaryimage"},"thumbnailUrl":"https:\/\/arealorcaradio.es\/wp-content\/uploads\/2025\/04\/20210504_194306-scaled.jpg","datePublished":"2025-04-02T12:09:01+00:00","dateModified":"2025-04-02T12:10:48+00:00","author":{"@id":"https:\/\/arealorcaradio.es\/#\/schema\/person\/9fae605fc25b0f2c83c1ab207139bd27"},"breadcrumb":{"@id":"https:\/\/arealorcaradio.es\/index.php\/2025\/04\/02\/diego-jose-mateos-no-es-una-decision-facil-pero-siento-que-es-el-momento-adecuado-el-partido-socialista-en-lorca-tiene-una-base-solida-con-personas-capacitadas\/#breadcrumb"},"inLanguage":"es","potentialAction":[{"@type":"ReadAction","target":["https:\/\/arealorcaradio.es\/index.php\/2025\/04\/02\/diego-jose-mateos-no-es-una-decision-facil-pero-siento-que-es-el-momento-adecuado-el-partido-socialista-en-lorca-tiene-una-base-solida-con-personas-capacitadas\/"]}]},{"@type":"ImageObject","inLanguage":"es","@id":"https:\/\/arealorcaradio.es\/index.php\/2025\/04\/02\/diego-jose-mateos-no-es-una-decision-facil-pero-siento-que-es-el-momento-adecuado-el-partido-socialista-en-lorca-tiene-una-base-solida-con-personas-capacitadas\/#primaryimage","url":"https:\/\/arealorcaradio.es\/wp-content\/uploads\/2025\/04\/20210504_194306-scaled.jpg","contentUrl":"https:\/\/arealorcaradio.es\/wp-content\/uploads\/2025\/04\/20210504_194306-scaled.jpg","width":2560,"height":1920},{"@type":"BreadcrumbList","@id":"https:\/\/arealorcaradio.es\/index.php\/2025\/04\/02\/diego-jose-mateos-no-es-una-decision-facil-pero-siento-que-es-el-momento-adecuado-el-partido-socialista-en-lorca-tiene-una-base-solida-con-personas-capacitadas\/#breadcrumb","itemListElement":[{"@type":"ListItem","position":1,"name":"Portada","item":"https:\/\/arealorcaradio.es\/"},{"@type":"ListItem","position":2,"name":"Diego Jos\u00e9 Mateos: \u00abNo es una decisi\u00f3n f\u00e1cil, pero siento que es el momento adecuado. El Partido Socialista en Lorca tiene una base s\u00f3lida, con personas capacitadas\u00bb"}]},{"@type":"WebSite","@id":"https:\/\/arealorcaradio.es\/#website","url":"https:\/\/arealorcaradio.es\/","name":"AREA LORCA RADIO","description":"Descubre la programaci\u00f3n actual en \u00c1rea Lorca Radio, tu fuente de entrenamiento y noticias locales. Sintoniza ahora y mantente conectado online.","potentialAction":[{"@type":"SearchAction","target":{"@type":"EntryPoint","urlTemplate":"https:\/\/arealorcaradio.es\/?s={search_term_string}"},"query-input":{"@type":"PropertyValueSpecification","valueRequired":true,"valueName":"search_term_string"}}],"inLanguage":"es"},{"@type":"Person","@id":"https:\/\/arealorcaradio.es\/#\/schema\/person\/9fae605fc25b0f2c83c1ab207139bd27","name":"Paco S\u00e1nchez","image":{"@type":"ImageObject","inLanguage":"es","@id":"https:\/\/secure.gravatar.com\/avatar\/d67144e966420fb74aa84c9f2a0103be4724fd14db52b52d3b6bca749f257e79?s=96&d=mm&r=g","url":"https:\/\/secure.gravatar.com\/avatar\/d67144e966420fb74aa84c9f2a0103be4724fd14db52b52d3b6bca749f257e79?s=96&d=mm&r=g","contentUrl":"https:\/\/secure.gravatar.com\/avatar\/d67144e966420fb74aa84c9f2a0103be4724fd14db52b52d3b6bca749f257e79?s=96&d=mm&r=g","caption":"Paco S\u00e1nchez"},"sameAs":["https:\/\/arealorcaradio.es"],"url":"https:\/\/arealorcaradio.es\/index.php\/author\/admin_alorcaradio\/"}]}},"_links":{"self":[{"href":"https:\/\/arealorcaradio.es\/index.php\/wp-json\/wp\/v2\/posts\/6140","targetHints":{"allow":["GET"]}}],"collection":[{"href":"https:\/\/arealorcaradio.es\/index.php\/wp-json\/wp\/v2\/posts"}],"about":[{"href":"https:\/\/arealorcaradio.es\/index.php\/wp-json\/wp\/v2\/types\/post"}],"author":[{"embeddable":true,"href":"https:\/\/arealorcaradio.es\/index.php\/wp-json\/wp\/v2\/users\/1"}],"replies":[{"embeddable":true,"href":"https:\/\/arealorcaradio.es\/index.php\/wp-json\/wp\/v2\/comments?post=6140"}],"version-history":[{"count":4,"href":"https:\/\/arealorcaradio.es\/index.php\/wp-json\/wp\/v2\/posts\/6140\/revisions"}],"predecessor-version":[{"id":6146,"href":"https:\/\/arealorcaradio.es\/index.php\/wp-json\/wp\/v2\/posts\/6140\/revisions\/6146"}],"wp:featuredmedia":[{"embeddable":true,"href":"https:\/\/arealorcaradio.es\/index.php\/wp-json\/wp\/v2\/media\/6141"}],"wp:attachment":[{"href":"https:\/\/arealorcaradio.es\/index.php\/wp-json\/wp\/v2\/media?parent=6140"}],"wp:term":[{"taxonomy":"category","embeddable":true,"href":"https:\/\/arealorcaradio.es\/index.php\/wp-json\/wp\/v2\/categories?post=6140"},{"taxonomy":"post_tag","embeddable":true,"href":"https:\/\/arealorcaradio.es\/index.php\/wp-json\/wp\/v2\/tags?post=6140"}],"curies":[{"name":"wp","href":"https:\/\/api.w.org\/{rel}","templated":true}]}}