{"id":6120,"date":"2025-04-01T15:37:34","date_gmt":"2025-04-01T15:37:34","guid":{"rendered":"https:\/\/arealorcaradio.es\/?p=6120"},"modified":"2025-04-01T15:37:34","modified_gmt":"2025-04-01T15:37:34","slug":"el-hospital-rafael-mendez-de-lorca-contara-con-una-planta-de-maternidad-y-ginecologia-totalmente-renovad","status":"publish","type":"post","link":"https:\/\/arealorcaradio.es\/index.php\/2025\/04\/01\/el-hospital-rafael-mendez-de-lorca-contara-con-una-planta-de-maternidad-y-ginecologia-totalmente-renovad\/","title":{"rendered":"El Hospital Rafael M\u00e9ndez de Lorca contar\u00e1 con una planta de Maternidad y Ginecolog\u00eda totalmente renovad"},"content":{"rendered":"<p><strong>\u00c1REA LORCA RADIO. Sanidad.<\/strong><\/p>\n<p class=\"v1MsoNormal\"><b>Lorca, 1 de abril de 2025.<\/b>\u00a0La segunda fase de las obras en la planta de Maternidad y Ginecolog\u00eda del hospital Rafael M\u00e9ndez de Lorca comenzar\u00e1n este verano, por lo que el centro contar\u00e1 con un servicio totalmente renovado y adaptado a las actuales necesidades. En total, se est\u00e1n invirtiendo 199.700 euros.<\/p>\n<p class=\"v1MsoNormal\">La edil de Sanidad del Ayuntamiento de Lorca, Bel\u00e9n D\u00edaz, ha acompa\u00f1ado al consejero de Salud, Juan Jos\u00e9 Pedre\u00f1o, en\u00a0una visita realizada esta ma\u00f1ana al\u00a0hospital de Lorca donde ha trasladado que, en la primera fase de las obras, ya concluidas, se sustituyeron las puertas de las habitaciones para adaptarlas a las nuevas camas adquiridas, adem\u00e1s de renovar completamente todos los ba\u00f1os y realizar mejoras en los pasillos.<\/p>\n<p class=\"v1MsoNormal\"><img loading=\"lazy\" decoding=\"async\" class=\"alignnone size-medium wp-image-6126\" src=\"https:\/\/arealorcaradio.es\/wp-content\/uploads\/2025\/04\/FOTO1-300x225.jpeg\" alt=\"\" width=\"300\" height=\"225\" srcset=\"https:\/\/arealorcaradio.es\/wp-content\/uploads\/2025\/04\/FOTO1-300x225.jpeg 300w, https:\/\/arealorcaradio.es\/wp-content\/uploads\/2025\/04\/FOTO1-1024x768.jpeg 1024w, https:\/\/arealorcaradio.es\/wp-content\/uploads\/2025\/04\/FOTO1-768x576.jpeg 768w, https:\/\/arealorcaradio.es\/wp-content\/uploads\/2025\/04\/FOTO1-1536x1152.jpeg 1536w, https:\/\/arealorcaradio.es\/wp-content\/uploads\/2025\/04\/FOTO1-86x64.jpeg 86w, https:\/\/arealorcaradio.es\/wp-content\/uploads\/2025\/04\/FOTO1.jpeg 1600w\" sizes=\"auto, (max-width: 300px) 100vw, 300px\" \/><img loading=\"lazy\" decoding=\"async\" class=\"alignnone size-medium wp-image-6123\" src=\"https:\/\/arealorcaradio.es\/wp-content\/uploads\/2025\/04\/FOTO5-300x225.jpeg\" alt=\"\" width=\"300\" height=\"225\" srcset=\"https:\/\/arealorcaradio.es\/wp-content\/uploads\/2025\/04\/FOTO5-300x225.jpeg 300w, https:\/\/arealorcaradio.es\/wp-content\/uploads\/2025\/04\/FOTO5-1024x768.jpeg 1024w, https:\/\/arealorcaradio.es\/wp-content\/uploads\/2025\/04\/FOTO5-768x576.jpeg 768w, https:\/\/arealorcaradio.es\/wp-content\/uploads\/2025\/04\/FOTO5-1536x1152.jpeg 1536w, https:\/\/arealorcaradio.es\/wp-content\/uploads\/2025\/04\/FOTO5-86x64.jpeg 86w, https:\/\/arealorcaradio.es\/wp-content\/uploads\/2025\/04\/FOTO5.jpeg 1600w\" sizes=\"auto, (max-width: 300px) 100vw, 300px\" \/> <img loading=\"lazy\" decoding=\"async\" class=\"alignnone size-medium wp-image-6125\" src=\"https:\/\/arealorcaradio.es\/wp-content\/uploads\/2025\/04\/FOTO4-300x225.jpeg\" alt=\"\" width=\"300\" height=\"225\" srcset=\"https:\/\/arealorcaradio.es\/wp-content\/uploads\/2025\/04\/FOTO4-300x225.jpeg 300w, https:\/\/arealorcaradio.es\/wp-content\/uploads\/2025\/04\/FOTO4-1024x768.jpeg 1024w, https:\/\/arealorcaradio.es\/wp-content\/uploads\/2025\/04\/FOTO4-768x576.jpeg 768w, https:\/\/arealorcaradio.es\/wp-content\/uploads\/2025\/04\/FOTO4-1536x1152.jpeg 1536w, https:\/\/arealorcaradio.es\/wp-content\/uploads\/2025\/04\/FOTO4-86x64.jpeg 86w, https:\/\/arealorcaradio.es\/wp-content\/uploads\/2025\/04\/FOTO4.jpeg 1600w\" sizes=\"auto, (max-width: 300px) 100vw, 300px\" \/><\/p>\n<p class=\"v1MsoNormal\">La segunda fase de la obra, que ya est\u00e1 adjudicada y comienza este mismo verano, consistir\u00e1 en la reforma de la instalaci\u00f3n de fontaner\u00eda, la sustituci\u00f3n de las ventanas para mejorar el aislamiento y la climatizaci\u00f3n, as\u00ed como la reforma de las habitaciones de Aislados.<\/p>\n<p class=\"v1MsoNormal\">Pedre\u00f1o explic\u00f3 que la remodelaci\u00f3n de la planta \u00abse est\u00e1 haciendo de forma escalonada para no entorpecer la labor asistencial y que no resulte inc\u00f3moda para las pacientes\u00bb.<\/p>\n<p class=\"v1MsoNormal\"><b>M\u00e1s de 1.300 partos al a\u00f1o<\/b><\/p>\n<p class=\"v1MsoNormal\">El hospital Rafael M\u00e9ndez \u2013 de referencia para los municipios de Aledo, \u00c1guilas, Lorca, Puerto Lumbreras y Totana- atendi\u00f3 el a\u00f1o pasado m\u00e1s de 1.300 partos. En la planta de Maternidad y Ginecolog\u00eda se ingres\u00f3 a unas 1.800 mujeres en 2024.<\/p>\n<p class=\"v1MsoNormal\">El personal que presta servicio en esta planta consta de casi 40 profesionales entre m\u00e9dicos, enfermeros o t\u00e9cnicos de cuidados auxiliares de enfermer\u00eda.<\/p>\n<p class=\"v1MsoNormal\">El consejero de Salud ha recordado en su intervenci\u00f3n que la plantilla del hospital ha crecido en m\u00e1s de 500 efectivos en los \u00faltimos cinco a\u00f1os, y que el n\u00famero de profesionales del \u00c1rea III, tanto de atenci\u00f3n hospitalaria como de Atenci\u00f3n Primaria, ha aumentado desde 2020 un 25 por ciento, \u00ablo que refleja la decidida apuesta de este Gobierno regional por este hospital y por los pacientes que lo tienen de referencia\u00bb.<\/p>\n<p class=\"v1MsoNormal\">La remodelaci\u00f3n de la planta de Maternidad y Ginecolog\u00eda del hospital Rafael M\u00e9ndez se suma a las \u00faltimas mejoras que se est\u00e1n llevando a cabo en el centro, como la puesta en marcha de las nuevas instalaciones de Urgencias hace un a\u00f1o, que supuso la remodelaci\u00f3n y ampliaci\u00f3n del espacio hasta llegar a los 2.000 metros cuadrados.<\/p>\n<p class=\"v1MsoNormal\">Esta obra, ha recordado el consejero de Salud, \u00abdot\u00f3 al Servicio de Urgencias de m\u00e1s del doble de espacio para la atenci\u00f3n de pacientes adultos y pedi\u00e1tricos y en la que se invirti\u00f3 m\u00e1s de 1,5 millones de euros\u00bb.<\/p>\n<p class=\"v1MsoNormal\">Adem\u00e1s, se refiri\u00f3 a la reciente creaci\u00f3n de la Unidad de Cirug\u00eda de Pared Abdominal Compleja, que est\u00e1 aplicando y desarrollando una t\u00e9cnica quir\u00fargica pionera en la Regi\u00f3n de Murcia \u00abcon la que se da esperanza a pacientes que se consideraban inoperables debido a su patolog\u00eda abdominal y que marca un hito en la oferta de servicios de salud en Lorca\u00bb.<\/p>\n<p class=\"v1MsoNormal\">\n","protected":false},"excerpt":{"rendered":"<p>\u00c1REA LORCA RADIO. Sanidad. Lorca, 1 de abril de 2025.\u00a0La segunda fase de las obras en la planta de Maternidad y Ginecolog\u00eda del hospital Rafael M\u00e9ndez de Lorca comenzar\u00e1n este verano, por lo que el centro contar\u00e1 con un servicio totalmente renovado y adaptado a las actuales necesidades. En total, se est\u00e1n invirtiendo 199.700 euros. [&hellip;]<\/p>\n","protected":false},"author":1,"featured_media":6124,"comment_status":"open","ping_status":"open","sticky":false,"template":"","format":"standard","meta":{"iawp_total_views":16,"footnotes":""},"categories":[5,7],"tags":[],"class_list":["post-6120","post","type-post","status-publish","format-standard","has-post-thumbnail","hentry","category-actualidad","category-lorca"],"yoast_head":"<!-- This site is optimized with the Yoast SEO plugin v27.5 - https:\/\/yoast.com\/product\/yoast-seo-wordpress\/ -->\n<title>El Hospital Rafael M\u00e9ndez de Lorca contar\u00e1 con una planta de Maternidad y Ginecolog\u00eda totalmente renovad - AREA LORCA RADIO<\/title>\n<meta name=\"robots\" content=\"index, follow, max-snippet:-1, max-image-preview:large, max-video-preview:-1\" \/>\n<link rel=\"canonical\" href=\"https:\/\/arealorcaradio.es\/index.php\/2025\/04\/01\/el-hospital-rafael-mendez-de-lorca-contara-con-una-planta-de-maternidad-y-ginecologia-totalmente-renovad\/\" \/>\n<meta property=\"og:locale\" content=\"es_ES\" \/>\n<meta property=\"og:type\" content=\"article\" \/>\n<meta property=\"og:title\" content=\"El Hospital Rafael M\u00e9ndez de Lorca contar\u00e1 con una planta de Maternidad y Ginecolog\u00eda totalmente renovad - AREA LORCA RADIO\" \/>\n<meta property=\"og:description\" content=\"\u00c1REA LORCA RADIO. Sanidad. Lorca, 1 de abril de 2025.\u00a0La segunda fase de las obras en la planta de Maternidad y Ginecolog\u00eda del hospital Rafael M\u00e9ndez de Lorca comenzar\u00e1n este verano, por lo que el centro contar\u00e1 con un servicio totalmente renovado y adaptado a las actuales necesidades. En total, se est\u00e1n invirtiendo 199.700 euros. [&hellip;]\" \/>\n<meta property=\"og:url\" content=\"https:\/\/arealorcaradio.es\/index.php\/2025\/04\/01\/el-hospital-rafael-mendez-de-lorca-contara-con-una-planta-de-maternidad-y-ginecologia-totalmente-renovad\/\" \/>\n<meta property=\"og:site_name\" content=\"AREA LORCA RADIO\" \/>\n<meta property=\"article:published_time\" content=\"2025-04-01T15:37:34+00:00\" \/>\n<meta property=\"og:image\" content=\"https:\/\/arealorcaradio.es\/wp-content\/uploads\/2025\/04\/FOTO3.jpeg\" \/>\n\t<meta property=\"og:image:width\" content=\"1600\" \/>\n\t<meta property=\"og:image:height\" content=\"1135\" \/>\n\t<meta property=\"og:image:type\" content=\"image\/jpeg\" \/>\n<meta name=\"author\" content=\"Paco S\u00e1nchez\" \/>\n<meta name=\"twitter:card\" content=\"summary_large_image\" \/>\n<meta name=\"twitter:label1\" content=\"Escrito por\" \/>\n\t<meta name=\"twitter:data1\" content=\"Paco S\u00e1nchez\" \/>\n\t<meta name=\"twitter:label2\" content=\"Tiempo de lectura\" \/>\n\t<meta name=\"twitter:data2\" content=\"4 minutos\" \/>\n<script type=\"application\/ld+json\" class=\"yoast-schema-graph\">{\"@context\":\"https:\\\/\\\/schema.org\",\"@graph\":[{\"@type\":\"Article\",\"@id\":\"https:\\\/\\\/arealorcaradio.es\\\/index.php\\\/2025\\\/04\\\/01\\\/el-hospital-rafael-mendez-de-lorca-contara-con-una-planta-de-maternidad-y-ginecologia-totalmente-renovad\\\/#article\",\"isPartOf\":{\"@id\":\"https:\\\/\\\/arealorcaradio.es\\\/index.php\\\/2025\\\/04\\\/01\\\/el-hospital-rafael-mendez-de-lorca-contara-con-una-planta-de-maternidad-y-ginecologia-totalmente-renovad\\\/\"},\"author\":{\"name\":\"Paco S\u00e1nchez\",\"@id\":\"https:\\\/\\\/arealorcaradio.es\\\/#\\\/schema\\\/person\\\/9fae605fc25b0f2c83c1ab207139bd27\"},\"headline\":\"El Hospital Rafael M\u00e9ndez de Lorca contar\u00e1 con una planta de Maternidad y Ginecolog\u00eda totalmente renovad\",\"datePublished\":\"2025-04-01T15:37:34+00:00\",\"mainEntityOfPage\":{\"@id\":\"https:\\\/\\\/arealorcaradio.es\\\/index.php\\\/2025\\\/04\\\/01\\\/el-hospital-rafael-mendez-de-lorca-contara-con-una-planta-de-maternidad-y-ginecologia-totalmente-renovad\\\/\"},\"wordCount\":553,\"commentCount\":0,\"image\":{\"@id\":\"https:\\\/\\\/arealorcaradio.es\\\/index.php\\\/2025\\\/04\\\/01\\\/el-hospital-rafael-mendez-de-lorca-contara-con-una-planta-de-maternidad-y-ginecologia-totalmente-renovad\\\/#primaryimage\"},\"thumbnailUrl\":\"https:\\\/\\\/arealorcaradio.es\\\/wp-content\\\/uploads\\\/2025\\\/04\\\/FOTO3.jpeg\",\"articleSection\":[\"ACTUALIDAD\",\"LORCA\"],\"inLanguage\":\"es\",\"potentialAction\":[{\"@type\":\"CommentAction\",\"name\":\"Comment\",\"target\":[\"https:\\\/\\\/arealorcaradio.es\\\/index.php\\\/2025\\\/04\\\/01\\\/el-hospital-rafael-mendez-de-lorca-contara-con-una-planta-de-maternidad-y-ginecologia-totalmente-renovad\\\/#respond\"]}]},{\"@type\":\"WebPage\",\"@id\":\"https:\\\/\\\/arealorcaradio.es\\\/index.php\\\/2025\\\/04\\\/01\\\/el-hospital-rafael-mendez-de-lorca-contara-con-una-planta-de-maternidad-y-ginecologia-totalmente-renovad\\\/\",\"url\":\"https:\\\/\\\/arealorcaradio.es\\\/index.php\\\/2025\\\/04\\\/01\\\/el-hospital-rafael-mendez-de-lorca-contara-con-una-planta-de-maternidad-y-ginecologia-totalmente-renovad\\\/\",\"name\":\"El Hospital Rafael M\u00e9ndez de Lorca contar\u00e1 con una planta de Maternidad y Ginecolog\u00eda totalmente renovad - AREA LORCA RADIO\",\"isPartOf\":{\"@id\":\"https:\\\/\\\/arealorcaradio.es\\\/#website\"},\"primaryImageOfPage\":{\"@id\":\"https:\\\/\\\/arealorcaradio.es\\\/index.php\\\/2025\\\/04\\\/01\\\/el-hospital-rafael-mendez-de-lorca-contara-con-una-planta-de-maternidad-y-ginecologia-totalmente-renovad\\\/#primaryimage\"},\"image\":{\"@id\":\"https:\\\/\\\/arealorcaradio.es\\\/index.php\\\/2025\\\/04\\\/01\\\/el-hospital-rafael-mendez-de-lorca-contara-con-una-planta-de-maternidad-y-ginecologia-totalmente-renovad\\\/#primaryimage\"},\"thumbnailUrl\":\"https:\\\/\\\/arealorcaradio.es\\\/wp-content\\\/uploads\\\/2025\\\/04\\\/FOTO3.jpeg\",\"datePublished\":\"2025-04-01T15:37:34+00:00\",\"author\":{\"@id\":\"https:\\\/\\\/arealorcaradio.es\\\/#\\\/schema\\\/person\\\/9fae605fc25b0f2c83c1ab207139bd27\"},\"breadcrumb\":{\"@id\":\"https:\\\/\\\/arealorcaradio.es\\\/index.php\\\/2025\\\/04\\\/01\\\/el-hospital-rafael-mendez-de-lorca-contara-con-una-planta-de-maternidad-y-ginecologia-totalmente-renovad\\\/#breadcrumb\"},\"inLanguage\":\"es\",\"potentialAction\":[{\"@type\":\"ReadAction\",\"target\":[\"https:\\\/\\\/arealorcaradio.es\\\/index.php\\\/2025\\\/04\\\/01\\\/el-hospital-rafael-mendez-de-lorca-contara-con-una-planta-de-maternidad-y-ginecologia-totalmente-renovad\\\/\"]}]},{\"@type\":\"ImageObject\",\"inLanguage\":\"es\",\"@id\":\"https:\\\/\\\/arealorcaradio.es\\\/index.php\\\/2025\\\/04\\\/01\\\/el-hospital-rafael-mendez-de-lorca-contara-con-una-planta-de-maternidad-y-ginecologia-totalmente-renovad\\\/#primaryimage\",\"url\":\"https:\\\/\\\/arealorcaradio.es\\\/wp-content\\\/uploads\\\/2025\\\/04\\\/FOTO3.jpeg\",\"contentUrl\":\"https:\\\/\\\/arealorcaradio.es\\\/wp-content\\\/uploads\\\/2025\\\/04\\\/FOTO3.jpeg\",\"width\":1600,\"height\":1135},{\"@type\":\"BreadcrumbList\",\"@id\":\"https:\\\/\\\/arealorcaradio.es\\\/index.php\\\/2025\\\/04\\\/01\\\/el-hospital-rafael-mendez-de-lorca-contara-con-una-planta-de-maternidad-y-ginecologia-totalmente-renovad\\\/#breadcrumb\",\"itemListElement\":[{\"@type\":\"ListItem\",\"position\":1,\"name\":\"Portada\",\"item\":\"https:\\\/\\\/arealorcaradio.es\\\/\"},{\"@type\":\"ListItem\",\"position\":2,\"name\":\"El Hospital Rafael M\u00e9ndez de Lorca contar\u00e1 con una planta de Maternidad y Ginecolog\u00eda totalmente renovad\"}]},{\"@type\":\"WebSite\",\"@id\":\"https:\\\/\\\/arealorcaradio.es\\\/#website\",\"url\":\"https:\\\/\\\/arealorcaradio.es\\\/\",\"name\":\"AREA LORCA RADIO\",\"description\":\"Descubre la programaci\u00f3n actual en \u00c1rea Lorca Radio, tu fuente de entrenamiento y noticias locales. Sintoniza ahora y mantente conectado online.\",\"potentialAction\":[{\"@type\":\"SearchAction\",\"target\":{\"@type\":\"EntryPoint\",\"urlTemplate\":\"https:\\\/\\\/arealorcaradio.es\\\/?s={search_term_string}\"},\"query-input\":{\"@type\":\"PropertyValueSpecification\",\"valueRequired\":true,\"valueName\":\"search_term_string\"}}],\"inLanguage\":\"es\"},{\"@type\":\"Person\",\"@id\":\"https:\\\/\\\/arealorcaradio.es\\\/#\\\/schema\\\/person\\\/9fae605fc25b0f2c83c1ab207139bd27\",\"name\":\"Paco S\u00e1nchez\",\"image\":{\"@type\":\"ImageObject\",\"inLanguage\":\"es\",\"@id\":\"https:\\\/\\\/secure.gravatar.com\\\/avatar\\\/d67144e966420fb74aa84c9f2a0103be4724fd14db52b52d3b6bca749f257e79?s=96&d=mm&r=g\",\"url\":\"https:\\\/\\\/secure.gravatar.com\\\/avatar\\\/d67144e966420fb74aa84c9f2a0103be4724fd14db52b52d3b6bca749f257e79?s=96&d=mm&r=g\",\"contentUrl\":\"https:\\\/\\\/secure.gravatar.com\\\/avatar\\\/d67144e966420fb74aa84c9f2a0103be4724fd14db52b52d3b6bca749f257e79?s=96&d=mm&r=g\",\"caption\":\"Paco S\u00e1nchez\"},\"sameAs\":[\"https:\\\/\\\/arealorcaradio.es\"],\"url\":\"https:\\\/\\\/arealorcaradio.es\\\/index.php\\\/author\\\/admin_alorcaradio\\\/\"}]}<\/script>\n<!-- \/ Yoast SEO plugin. -->","yoast_head_json":{"title":"El Hospital Rafael M\u00e9ndez de Lorca contar\u00e1 con una planta de Maternidad y Ginecolog\u00eda totalmente renovad - AREA LORCA RADIO","robots":{"index":"index","follow":"follow","max-snippet":"max-snippet:-1","max-image-preview":"max-image-preview:large","max-video-preview":"max-video-preview:-1"},"canonical":"https:\/\/arealorcaradio.es\/index.php\/2025\/04\/01\/el-hospital-rafael-mendez-de-lorca-contara-con-una-planta-de-maternidad-y-ginecologia-totalmente-renovad\/","og_locale":"es_ES","og_type":"article","og_title":"El Hospital Rafael M\u00e9ndez de Lorca contar\u00e1 con una planta de Maternidad y Ginecolog\u00eda totalmente renovad - AREA LORCA RADIO","og_description":"\u00c1REA LORCA RADIO. Sanidad. Lorca, 1 de abril de 2025.\u00a0La segunda fase de las obras en la planta de Maternidad y Ginecolog\u00eda del hospital Rafael M\u00e9ndez de Lorca comenzar\u00e1n este verano, por lo que el centro contar\u00e1 con un servicio totalmente renovado y adaptado a las actuales necesidades. En total, se est\u00e1n invirtiendo 199.700 euros. [&hellip;]","og_url":"https:\/\/arealorcaradio.es\/index.php\/2025\/04\/01\/el-hospital-rafael-mendez-de-lorca-contara-con-una-planta-de-maternidad-y-ginecologia-totalmente-renovad\/","og_site_name":"AREA LORCA RADIO","article_published_time":"2025-04-01T15:37:34+00:00","og_image":[{"width":1600,"height":1135,"url":"https:\/\/arealorcaradio.es\/wp-content\/uploads\/2025\/04\/FOTO3.jpeg","type":"image\/jpeg"}],"author":"Paco S\u00e1nchez","twitter_card":"summary_large_image","twitter_misc":{"Escrito por":"Paco S\u00e1nchez","Tiempo de lectura":"4 minutos"},"schema":{"@context":"https:\/\/schema.org","@graph":[{"@type":"Article","@id":"https:\/\/arealorcaradio.es\/index.php\/2025\/04\/01\/el-hospital-rafael-mendez-de-lorca-contara-con-una-planta-de-maternidad-y-ginecologia-totalmente-renovad\/#article","isPartOf":{"@id":"https:\/\/arealorcaradio.es\/index.php\/2025\/04\/01\/el-hospital-rafael-mendez-de-lorca-contara-con-una-planta-de-maternidad-y-ginecologia-totalmente-renovad\/"},"author":{"name":"Paco S\u00e1nchez","@id":"https:\/\/arealorcaradio.es\/#\/schema\/person\/9fae605fc25b0f2c83c1ab207139bd27"},"headline":"El Hospital Rafael M\u00e9ndez de Lorca contar\u00e1 con una planta de Maternidad y Ginecolog\u00eda totalmente renovad","datePublished":"2025-04-01T15:37:34+00:00","mainEntityOfPage":{"@id":"https:\/\/arealorcaradio.es\/index.php\/2025\/04\/01\/el-hospital-rafael-mendez-de-lorca-contara-con-una-planta-de-maternidad-y-ginecologia-totalmente-renovad\/"},"wordCount":553,"commentCount":0,"image":{"@id":"https:\/\/arealorcaradio.es\/index.php\/2025\/04\/01\/el-hospital-rafael-mendez-de-lorca-contara-con-una-planta-de-maternidad-y-ginecologia-totalmente-renovad\/#primaryimage"},"thumbnailUrl":"https:\/\/arealorcaradio.es\/wp-content\/uploads\/2025\/04\/FOTO3.jpeg","articleSection":["ACTUALIDAD","LORCA"],"inLanguage":"es","potentialAction":[{"@type":"CommentAction","name":"Comment","target":["https:\/\/arealorcaradio.es\/index.php\/2025\/04\/01\/el-hospital-rafael-mendez-de-lorca-contara-con-una-planta-de-maternidad-y-ginecologia-totalmente-renovad\/#respond"]}]},{"@type":"WebPage","@id":"https:\/\/arealorcaradio.es\/index.php\/2025\/04\/01\/el-hospital-rafael-mendez-de-lorca-contara-con-una-planta-de-maternidad-y-ginecologia-totalmente-renovad\/","url":"https:\/\/arealorcaradio.es\/index.php\/2025\/04\/01\/el-hospital-rafael-mendez-de-lorca-contara-con-una-planta-de-maternidad-y-ginecologia-totalmente-renovad\/","name":"El Hospital Rafael M\u00e9ndez de Lorca contar\u00e1 con una planta de Maternidad y Ginecolog\u00eda totalmente renovad - AREA LORCA RADIO","isPartOf":{"@id":"https:\/\/arealorcaradio.es\/#website"},"primaryImageOfPage":{"@id":"https:\/\/arealorcaradio.es\/index.php\/2025\/04\/01\/el-hospital-rafael-mendez-de-lorca-contara-con-una-planta-de-maternidad-y-ginecologia-totalmente-renovad\/#primaryimage"},"image":{"@id":"https:\/\/arealorcaradio.es\/index.php\/2025\/04\/01\/el-hospital-rafael-mendez-de-lorca-contara-con-una-planta-de-maternidad-y-ginecologia-totalmente-renovad\/#primaryimage"},"thumbnailUrl":"https:\/\/arealorcaradio.es\/wp-content\/uploads\/2025\/04\/FOTO3.jpeg","datePublished":"2025-04-01T15:37:34+00:00","author":{"@id":"https:\/\/arealorcaradio.es\/#\/schema\/person\/9fae605fc25b0f2c83c1ab207139bd27"},"breadcrumb":{"@id":"https:\/\/arealorcaradio.es\/index.php\/2025\/04\/01\/el-hospital-rafael-mendez-de-lorca-contara-con-una-planta-de-maternidad-y-ginecologia-totalmente-renovad\/#breadcrumb"},"inLanguage":"es","potentialAction":[{"@type":"ReadAction","target":["https:\/\/arealorcaradio.es\/index.php\/2025\/04\/01\/el-hospital-rafael-mendez-de-lorca-contara-con-una-planta-de-maternidad-y-ginecologia-totalmente-renovad\/"]}]},{"@type":"ImageObject","inLanguage":"es","@id":"https:\/\/arealorcaradio.es\/index.php\/2025\/04\/01\/el-hospital-rafael-mendez-de-lorca-contara-con-una-planta-de-maternidad-y-ginecologia-totalmente-renovad\/#primaryimage","url":"https:\/\/arealorcaradio.es\/wp-content\/uploads\/2025\/04\/FOTO3.jpeg","contentUrl":"https:\/\/arealorcaradio.es\/wp-content\/uploads\/2025\/04\/FOTO3.jpeg","width":1600,"height":1135},{"@type":"BreadcrumbList","@id":"https:\/\/arealorcaradio.es\/index.php\/2025\/04\/01\/el-hospital-rafael-mendez-de-lorca-contara-con-una-planta-de-maternidad-y-ginecologia-totalmente-renovad\/#breadcrumb","itemListElement":[{"@type":"ListItem","position":1,"name":"Portada","item":"https:\/\/arealorcaradio.es\/"},{"@type":"ListItem","position":2,"name":"El Hospital Rafael M\u00e9ndez de Lorca contar\u00e1 con una planta de Maternidad y Ginecolog\u00eda totalmente renovad"}]},{"@type":"WebSite","@id":"https:\/\/arealorcaradio.es\/#website","url":"https:\/\/arealorcaradio.es\/","name":"AREA LORCA RADIO","description":"Descubre la programaci\u00f3n actual en \u00c1rea Lorca Radio, tu fuente de entrenamiento y noticias locales. Sintoniza ahora y mantente conectado online.","potentialAction":[{"@type":"SearchAction","target":{"@type":"EntryPoint","urlTemplate":"https:\/\/arealorcaradio.es\/?s={search_term_string}"},"query-input":{"@type":"PropertyValueSpecification","valueRequired":true,"valueName":"search_term_string"}}],"inLanguage":"es"},{"@type":"Person","@id":"https:\/\/arealorcaradio.es\/#\/schema\/person\/9fae605fc25b0f2c83c1ab207139bd27","name":"Paco S\u00e1nchez","image":{"@type":"ImageObject","inLanguage":"es","@id":"https:\/\/secure.gravatar.com\/avatar\/d67144e966420fb74aa84c9f2a0103be4724fd14db52b52d3b6bca749f257e79?s=96&d=mm&r=g","url":"https:\/\/secure.gravatar.com\/avatar\/d67144e966420fb74aa84c9f2a0103be4724fd14db52b52d3b6bca749f257e79?s=96&d=mm&r=g","contentUrl":"https:\/\/secure.gravatar.com\/avatar\/d67144e966420fb74aa84c9f2a0103be4724fd14db52b52d3b6bca749f257e79?s=96&d=mm&r=g","caption":"Paco S\u00e1nchez"},"sameAs":["https:\/\/arealorcaradio.es"],"url":"https:\/\/arealorcaradio.es\/index.php\/author\/admin_alorcaradio\/"}]}},"_links":{"self":[{"href":"https:\/\/arealorcaradio.es\/index.php\/wp-json\/wp\/v2\/posts\/6120","targetHints":{"allow":["GET"]}}],"collection":[{"href":"https:\/\/arealorcaradio.es\/index.php\/wp-json\/wp\/v2\/posts"}],"about":[{"href":"https:\/\/arealorcaradio.es\/index.php\/wp-json\/wp\/v2\/types\/post"}],"author":[{"embeddable":true,"href":"https:\/\/arealorcaradio.es\/index.php\/wp-json\/wp\/v2\/users\/1"}],"replies":[{"embeddable":true,"href":"https:\/\/arealorcaradio.es\/index.php\/wp-json\/wp\/v2\/comments?post=6120"}],"version-history":[{"count":3,"href":"https:\/\/arealorcaradio.es\/index.php\/wp-json\/wp\/v2\/posts\/6120\/revisions"}],"predecessor-version":[{"id":6128,"href":"https:\/\/arealorcaradio.es\/index.php\/wp-json\/wp\/v2\/posts\/6120\/revisions\/6128"}],"wp:featuredmedia":[{"embeddable":true,"href":"https:\/\/arealorcaradio.es\/index.php\/wp-json\/wp\/v2\/media\/6124"}],"wp:attachment":[{"href":"https:\/\/arealorcaradio.es\/index.php\/wp-json\/wp\/v2\/media?parent=6120"}],"wp:term":[{"taxonomy":"category","embeddable":true,"href":"https:\/\/arealorcaradio.es\/index.php\/wp-json\/wp\/v2\/categories?post=6120"},{"taxonomy":"post_tag","embeddable":true,"href":"https:\/\/arealorcaradio.es\/index.php\/wp-json\/wp\/v2\/tags?post=6120"}],"curies":[{"name":"wp","href":"https:\/\/api.w.org\/{rel}","templated":true}]}}