{"id":6117,"date":"2025-03-31T16:03:17","date_gmt":"2025-03-31T16:03:17","guid":{"rendered":"https:\/\/arealorcaradio.es\/?p=6117"},"modified":"2025-03-31T16:03:17","modified_gmt":"2025-03-31T16:03:17","slug":"los-locales-de-hosteleria-podran-ampliar-dos-horas-el-horario-de-cierre-en-semana-santa-y-fiestas-de-primavera","status":"publish","type":"post","link":"https:\/\/arealorcaradio.es\/index.php\/2025\/03\/31\/los-locales-de-hosteleria-podran-ampliar-dos-horas-el-horario-de-cierre-en-semana-santa-y-fiestas-de-primavera\/","title":{"rendered":"Los locales de hosteler\u00eda podr\u00e1n ampliar dos horas el horario de cierre en Semana Santa y fiestas de primavera"},"content":{"rendered":"<p><strong>\u00c1REA LORCA RADIO.<\/strong><\/p>\n<p class=\"v1MsoNormal\"><b><span lang=\"ES-TRAD\">31.03.2025<\/span><\/b>\u00a0Los establecimientos de hosteler\u00eda de la Regi\u00f3n podr\u00e1n ampliar dos horas sus horarios de cierre con motivo de la celebraci\u00f3n de la Semana Santa y las fiestas de primavera, seg\u00fan la Orden de la Consejer\u00eda de Presidencia, Portavoc\u00eda, Acci\u00f3n Exterior y Emergencias publicada hoy en el\u00a0<span lang=\"ES-TRAD\"><a href=\"https:\/\/eur05.safelinks.protection.outlook.com\/?url=https%3A%2F%2Fwww.borm.es%2Fservices%2Fanuncio%2Fano%2F2025%2Fnumero%2F1469%2Fpdf%3Fid%3D835233&amp;data=05%7C02%7CMEDIOS_REGIONALES%40LISTAS.CARM.ES%7C4e5f2b22b42c464034ce08dd704473e4%7Ca88b9f941a954624b67a855d708276bb%7C0%7C0%7C638790161789137106%7CUnknown%7CTWFpbGZsb3d8eyJFbXB0eU1hcGkiOnRydWUsIlYiOiIwLjAuMDAwMCIsIlAiOiJXaW4zMiIsIkFOIjoiTWFpbCIsIldUIjoyfQ%3D%3D%7C0%7C%7C%7C&amp;sdata=OnnD64iCL6fcrhWQbr%2BbV62mlNiPENxcWJo%2F6xxI4%2FU%3D&amp;reserved=0\" target=\"_blank\" rel=\"noopener noreferrer\"><span lang=\"ES\">BORM<\/span><\/a><\/span>.<\/p>\n<p class=\"v1MsoNormal\">La medida afecta a restaurantes, caf\u00e9s y bares, cafeter\u00edas, caf\u00e9s-teatros y tablaos flamencos, que retrasar\u00e1n su cierre dos horas del 11 al 19 de abril. Adem\u00e1s, en estas fechas, los establecimientos, incluidos los bares especiales, podr\u00e1n permanecer abiertos hasta las 06:00 horas los d\u00edas que determinen los ayuntamientos, en funci\u00f3n de la relevancia de sus fiestas.<\/p>\n<p class=\"v1MsoNormal\">De esta forma, en Murcia\u00a0<span lang=\"ES-TRAD\">se prorroga en dos horas m\u00e1s la hora entre el 20 y el 26 de abril y podr\u00e1n permanecer abiertos, incluidos los bares especiales, los d\u00edas 21, 22 y 26 hasta las 07:00 horas del d\u00eda siguiente, con motivo del Bando de la Huerta y del Entierro de la Sardina.<\/span><\/p>\n<p class=\"v1MsoNormal\">El jueves 17 de abril tambi\u00e9n se autoriza la apertura de los locales en Cartagena hasta las 07:00 horas con motivo de la Procesi\u00f3n del Encuentro.<\/p>\n<p class=\"v1MsoNormal\"><strong>Esta autorizaci\u00f3n extraordinaria en la ciudad de Lorca prev\u00e9 este horario ampliado\u00a0<span lang=\"ES-TRAD\">los d\u00edas 10, 11, 12, 13, 17 y 18 con motivo de la Serenata de la Virgen de los Dolores; festividad de Viernes de Dolores, S\u00e1bado de Pasi\u00f3n, Domingo de Ramos, Jueves Santo y Viernes Santo.<\/span><\/strong><\/p>\n<p class=\"v1MsoNormal\">En Los Alc\u00e1zares, la ampliaci\u00f3n estar\u00e1 permitida los d\u00edas 17, 18 y 19 debido a las Incursiones Berberiscas, mientras que en Ceheg\u00edn la excepci\u00f3n en el retraso del cierre ser\u00e1 el Viernes Santo.<\/p>\n<p class=\"v1MsoNormal\">Esta autorizaci\u00f3n excepcional y temporal de pr\u00f3rroga de horario no exime del cumplimiento de los l\u00edmites de inmisi\u00f3n y emisi\u00f3n sonora, ni de las dem\u00e1s normas establecidas, en cuanto a actividades molestas, en las condiciones de sus licencias y en las disposiciones generales sobre polic\u00eda de espect\u00e1culos p\u00fablicos y actividades recreativas.<\/p>\n<p class=\"v1MsoNormal\">La ampliaci\u00f3n de horario se adopta de forma habitual con objeto de dar satisfacci\u00f3n a la demanda social, sin perjuicio del mantenimiento de las medidas necesarias para evitar perturbaciones a la seguridad, salubridad y condiciones ambientales.<\/p>\n","protected":false},"excerpt":{"rendered":"<p>\u00c1REA LORCA RADIO. 31.03.2025\u00a0Los establecimientos de hosteler\u00eda de la Regi\u00f3n podr\u00e1n ampliar dos horas sus horarios de cierre con motivo de la celebraci\u00f3n de la Semana Santa y las fiestas de primavera, seg\u00fan la Orden de la Consejer\u00eda de Presidencia, Portavoc\u00eda, Acci\u00f3n Exterior y Emergencias publicada hoy en el\u00a0BORM. La medida afecta a restaurantes, caf\u00e9s [&hellip;]<\/p>\n","protected":false},"author":1,"featured_media":6118,"comment_status":"open","ping_status":"open","sticky":false,"template":"","format":"standard","meta":{"iawp_total_views":11,"footnotes":""},"categories":[5,12],"tags":[],"class_list":["post-6117","post","type-post","status-publish","format-standard","has-post-thumbnail","hentry","category-actualidad","category-region-de-murcia"],"yoast_head":"<!-- This site is optimized with the Yoast SEO plugin v27.5 - https:\/\/yoast.com\/product\/yoast-seo-wordpress\/ -->\n<title>Los locales de hosteler\u00eda podr\u00e1n ampliar dos horas el horario de cierre en Semana Santa y fiestas de primavera - AREA LORCA RADIO<\/title>\n<meta name=\"robots\" content=\"index, follow, max-snippet:-1, max-image-preview:large, max-video-preview:-1\" \/>\n<link rel=\"canonical\" href=\"https:\/\/arealorcaradio.es\/index.php\/2025\/03\/31\/los-locales-de-hosteleria-podran-ampliar-dos-horas-el-horario-de-cierre-en-semana-santa-y-fiestas-de-primavera\/\" \/>\n<meta property=\"og:locale\" content=\"es_ES\" \/>\n<meta property=\"og:type\" content=\"article\" \/>\n<meta property=\"og:title\" content=\"Los locales de hosteler\u00eda podr\u00e1n ampliar dos horas el horario de cierre en Semana Santa y fiestas de primavera - AREA LORCA RADIO\" \/>\n<meta property=\"og:description\" content=\"\u00c1REA LORCA RADIO. 31.03.2025\u00a0Los establecimientos de hosteler\u00eda de la Regi\u00f3n podr\u00e1n ampliar dos horas sus horarios de cierre con motivo de la celebraci\u00f3n de la Semana Santa y las fiestas de primavera, seg\u00fan la Orden de la Consejer\u00eda de Presidencia, Portavoc\u00eda, Acci\u00f3n Exterior y Emergencias publicada hoy en el\u00a0BORM. La medida afecta a restaurantes, caf\u00e9s [&hellip;]\" \/>\n<meta property=\"og:url\" content=\"https:\/\/arealorcaradio.es\/index.php\/2025\/03\/31\/los-locales-de-hosteleria-podran-ampliar-dos-horas-el-horario-de-cierre-en-semana-santa-y-fiestas-de-primavera\/\" \/>\n<meta property=\"og:site_name\" content=\"AREA LORCA RADIO\" \/>\n<meta property=\"article:published_time\" content=\"2025-03-31T16:03:17+00:00\" \/>\n<meta property=\"og:image\" content=\"https:\/\/arealorcaradio.es\/wp-content\/uploads\/2025\/03\/20210614_194231.jpg\" \/>\n\t<meta property=\"og:image:width\" content=\"720\" \/>\n\t<meta property=\"og:image:height\" content=\"504\" \/>\n\t<meta property=\"og:image:type\" content=\"image\/jpeg\" \/>\n<meta name=\"author\" content=\"Paco S\u00e1nchez\" \/>\n<meta name=\"twitter:card\" content=\"summary_large_image\" \/>\n<meta name=\"twitter:label1\" content=\"Escrito por\" \/>\n\t<meta name=\"twitter:data1\" content=\"Paco S\u00e1nchez\" \/>\n\t<meta name=\"twitter:label2\" content=\"Tiempo de lectura\" \/>\n\t<meta name=\"twitter:data2\" content=\"2 minutos\" \/>\n<script type=\"application\/ld+json\" class=\"yoast-schema-graph\">{\"@context\":\"https:\\\/\\\/schema.org\",\"@graph\":[{\"@type\":\"Article\",\"@id\":\"https:\\\/\\\/arealorcaradio.es\\\/index.php\\\/2025\\\/03\\\/31\\\/los-locales-de-hosteleria-podran-ampliar-dos-horas-el-horario-de-cierre-en-semana-santa-y-fiestas-de-primavera\\\/#article\",\"isPartOf\":{\"@id\":\"https:\\\/\\\/arealorcaradio.es\\\/index.php\\\/2025\\\/03\\\/31\\\/los-locales-de-hosteleria-podran-ampliar-dos-horas-el-horario-de-cierre-en-semana-santa-y-fiestas-de-primavera\\\/\"},\"author\":{\"name\":\"Paco S\u00e1nchez\",\"@id\":\"https:\\\/\\\/arealorcaradio.es\\\/#\\\/schema\\\/person\\\/9fae605fc25b0f2c83c1ab207139bd27\"},\"headline\":\"Los locales de hosteler\u00eda podr\u00e1n ampliar dos horas el horario de cierre en Semana Santa y fiestas de primavera\",\"datePublished\":\"2025-03-31T16:03:17+00:00\",\"mainEntityOfPage\":{\"@id\":\"https:\\\/\\\/arealorcaradio.es\\\/index.php\\\/2025\\\/03\\\/31\\\/los-locales-de-hosteleria-podran-ampliar-dos-horas-el-horario-de-cierre-en-semana-santa-y-fiestas-de-primavera\\\/\"},\"wordCount\":398,\"commentCount\":0,\"image\":{\"@id\":\"https:\\\/\\\/arealorcaradio.es\\\/index.php\\\/2025\\\/03\\\/31\\\/los-locales-de-hosteleria-podran-ampliar-dos-horas-el-horario-de-cierre-en-semana-santa-y-fiestas-de-primavera\\\/#primaryimage\"},\"thumbnailUrl\":\"https:\\\/\\\/arealorcaradio.es\\\/wp-content\\\/uploads\\\/2025\\\/03\\\/20210614_194231.jpg\",\"articleSection\":[\"ACTUALIDAD\",\"REGI\u00d3N DE MURCIA\"],\"inLanguage\":\"es\",\"potentialAction\":[{\"@type\":\"CommentAction\",\"name\":\"Comment\",\"target\":[\"https:\\\/\\\/arealorcaradio.es\\\/index.php\\\/2025\\\/03\\\/31\\\/los-locales-de-hosteleria-podran-ampliar-dos-horas-el-horario-de-cierre-en-semana-santa-y-fiestas-de-primavera\\\/#respond\"]}]},{\"@type\":\"WebPage\",\"@id\":\"https:\\\/\\\/arealorcaradio.es\\\/index.php\\\/2025\\\/03\\\/31\\\/los-locales-de-hosteleria-podran-ampliar-dos-horas-el-horario-de-cierre-en-semana-santa-y-fiestas-de-primavera\\\/\",\"url\":\"https:\\\/\\\/arealorcaradio.es\\\/index.php\\\/2025\\\/03\\\/31\\\/los-locales-de-hosteleria-podran-ampliar-dos-horas-el-horario-de-cierre-en-semana-santa-y-fiestas-de-primavera\\\/\",\"name\":\"Los locales de hosteler\u00eda podr\u00e1n ampliar dos horas el horario de cierre en Semana Santa y fiestas de primavera - AREA LORCA RADIO\",\"isPartOf\":{\"@id\":\"https:\\\/\\\/arealorcaradio.es\\\/#website\"},\"primaryImageOfPage\":{\"@id\":\"https:\\\/\\\/arealorcaradio.es\\\/index.php\\\/2025\\\/03\\\/31\\\/los-locales-de-hosteleria-podran-ampliar-dos-horas-el-horario-de-cierre-en-semana-santa-y-fiestas-de-primavera\\\/#primaryimage\"},\"image\":{\"@id\":\"https:\\\/\\\/arealorcaradio.es\\\/index.php\\\/2025\\\/03\\\/31\\\/los-locales-de-hosteleria-podran-ampliar-dos-horas-el-horario-de-cierre-en-semana-santa-y-fiestas-de-primavera\\\/#primaryimage\"},\"thumbnailUrl\":\"https:\\\/\\\/arealorcaradio.es\\\/wp-content\\\/uploads\\\/2025\\\/03\\\/20210614_194231.jpg\",\"datePublished\":\"2025-03-31T16:03:17+00:00\",\"author\":{\"@id\":\"https:\\\/\\\/arealorcaradio.es\\\/#\\\/schema\\\/person\\\/9fae605fc25b0f2c83c1ab207139bd27\"},\"breadcrumb\":{\"@id\":\"https:\\\/\\\/arealorcaradio.es\\\/index.php\\\/2025\\\/03\\\/31\\\/los-locales-de-hosteleria-podran-ampliar-dos-horas-el-horario-de-cierre-en-semana-santa-y-fiestas-de-primavera\\\/#breadcrumb\"},\"inLanguage\":\"es\",\"potentialAction\":[{\"@type\":\"ReadAction\",\"target\":[\"https:\\\/\\\/arealorcaradio.es\\\/index.php\\\/2025\\\/03\\\/31\\\/los-locales-de-hosteleria-podran-ampliar-dos-horas-el-horario-de-cierre-en-semana-santa-y-fiestas-de-primavera\\\/\"]}]},{\"@type\":\"ImageObject\",\"inLanguage\":\"es\",\"@id\":\"https:\\\/\\\/arealorcaradio.es\\\/index.php\\\/2025\\\/03\\\/31\\\/los-locales-de-hosteleria-podran-ampliar-dos-horas-el-horario-de-cierre-en-semana-santa-y-fiestas-de-primavera\\\/#primaryimage\",\"url\":\"https:\\\/\\\/arealorcaradio.es\\\/wp-content\\\/uploads\\\/2025\\\/03\\\/20210614_194231.jpg\",\"contentUrl\":\"https:\\\/\\\/arealorcaradio.es\\\/wp-content\\\/uploads\\\/2025\\\/03\\\/20210614_194231.jpg\",\"width\":720,\"height\":504},{\"@type\":\"BreadcrumbList\",\"@id\":\"https:\\\/\\\/arealorcaradio.es\\\/index.php\\\/2025\\\/03\\\/31\\\/los-locales-de-hosteleria-podran-ampliar-dos-horas-el-horario-de-cierre-en-semana-santa-y-fiestas-de-primavera\\\/#breadcrumb\",\"itemListElement\":[{\"@type\":\"ListItem\",\"position\":1,\"name\":\"Portada\",\"item\":\"https:\\\/\\\/arealorcaradio.es\\\/\"},{\"@type\":\"ListItem\",\"position\":2,\"name\":\"Los locales de hosteler\u00eda podr\u00e1n ampliar dos horas el horario de cierre en Semana Santa y fiestas de primavera\"}]},{\"@type\":\"WebSite\",\"@id\":\"https:\\\/\\\/arealorcaradio.es\\\/#website\",\"url\":\"https:\\\/\\\/arealorcaradio.es\\\/\",\"name\":\"AREA LORCA RADIO\",\"description\":\"Descubre la programaci\u00f3n actual en \u00c1rea Lorca Radio, tu fuente de entrenamiento y noticias locales. Sintoniza ahora y mantente conectado online.\",\"potentialAction\":[{\"@type\":\"SearchAction\",\"target\":{\"@type\":\"EntryPoint\",\"urlTemplate\":\"https:\\\/\\\/arealorcaradio.es\\\/?s={search_term_string}\"},\"query-input\":{\"@type\":\"PropertyValueSpecification\",\"valueRequired\":true,\"valueName\":\"search_term_string\"}}],\"inLanguage\":\"es\"},{\"@type\":\"Person\",\"@id\":\"https:\\\/\\\/arealorcaradio.es\\\/#\\\/schema\\\/person\\\/9fae605fc25b0f2c83c1ab207139bd27\",\"name\":\"Paco S\u00e1nchez\",\"image\":{\"@type\":\"ImageObject\",\"inLanguage\":\"es\",\"@id\":\"https:\\\/\\\/secure.gravatar.com\\\/avatar\\\/d67144e966420fb74aa84c9f2a0103be4724fd14db52b52d3b6bca749f257e79?s=96&d=mm&r=g\",\"url\":\"https:\\\/\\\/secure.gravatar.com\\\/avatar\\\/d67144e966420fb74aa84c9f2a0103be4724fd14db52b52d3b6bca749f257e79?s=96&d=mm&r=g\",\"contentUrl\":\"https:\\\/\\\/secure.gravatar.com\\\/avatar\\\/d67144e966420fb74aa84c9f2a0103be4724fd14db52b52d3b6bca749f257e79?s=96&d=mm&r=g\",\"caption\":\"Paco S\u00e1nchez\"},\"sameAs\":[\"https:\\\/\\\/arealorcaradio.es\"],\"url\":\"https:\\\/\\\/arealorcaradio.es\\\/index.php\\\/author\\\/admin_alorcaradio\\\/\"}]}<\/script>\n<!-- \/ Yoast SEO plugin. -->","yoast_head_json":{"title":"Los locales de hosteler\u00eda podr\u00e1n ampliar dos horas el horario de cierre en Semana Santa y fiestas de primavera - AREA LORCA RADIO","robots":{"index":"index","follow":"follow","max-snippet":"max-snippet:-1","max-image-preview":"max-image-preview:large","max-video-preview":"max-video-preview:-1"},"canonical":"https:\/\/arealorcaradio.es\/index.php\/2025\/03\/31\/los-locales-de-hosteleria-podran-ampliar-dos-horas-el-horario-de-cierre-en-semana-santa-y-fiestas-de-primavera\/","og_locale":"es_ES","og_type":"article","og_title":"Los locales de hosteler\u00eda podr\u00e1n ampliar dos horas el horario de cierre en Semana Santa y fiestas de primavera - AREA LORCA RADIO","og_description":"\u00c1REA LORCA RADIO. 31.03.2025\u00a0Los establecimientos de hosteler\u00eda de la Regi\u00f3n podr\u00e1n ampliar dos horas sus horarios de cierre con motivo de la celebraci\u00f3n de la Semana Santa y las fiestas de primavera, seg\u00fan la Orden de la Consejer\u00eda de Presidencia, Portavoc\u00eda, Acci\u00f3n Exterior y Emergencias publicada hoy en el\u00a0BORM. La medida afecta a restaurantes, caf\u00e9s [&hellip;]","og_url":"https:\/\/arealorcaradio.es\/index.php\/2025\/03\/31\/los-locales-de-hosteleria-podran-ampliar-dos-horas-el-horario-de-cierre-en-semana-santa-y-fiestas-de-primavera\/","og_site_name":"AREA LORCA RADIO","article_published_time":"2025-03-31T16:03:17+00:00","og_image":[{"width":720,"height":504,"url":"https:\/\/arealorcaradio.es\/wp-content\/uploads\/2025\/03\/20210614_194231.jpg","type":"image\/jpeg"}],"author":"Paco S\u00e1nchez","twitter_card":"summary_large_image","twitter_misc":{"Escrito por":"Paco S\u00e1nchez","Tiempo de lectura":"2 minutos"},"schema":{"@context":"https:\/\/schema.org","@graph":[{"@type":"Article","@id":"https:\/\/arealorcaradio.es\/index.php\/2025\/03\/31\/los-locales-de-hosteleria-podran-ampliar-dos-horas-el-horario-de-cierre-en-semana-santa-y-fiestas-de-primavera\/#article","isPartOf":{"@id":"https:\/\/arealorcaradio.es\/index.php\/2025\/03\/31\/los-locales-de-hosteleria-podran-ampliar-dos-horas-el-horario-de-cierre-en-semana-santa-y-fiestas-de-primavera\/"},"author":{"name":"Paco S\u00e1nchez","@id":"https:\/\/arealorcaradio.es\/#\/schema\/person\/9fae605fc25b0f2c83c1ab207139bd27"},"headline":"Los locales de hosteler\u00eda podr\u00e1n ampliar dos horas el horario de cierre en Semana Santa y fiestas de primavera","datePublished":"2025-03-31T16:03:17+00:00","mainEntityOfPage":{"@id":"https:\/\/arealorcaradio.es\/index.php\/2025\/03\/31\/los-locales-de-hosteleria-podran-ampliar-dos-horas-el-horario-de-cierre-en-semana-santa-y-fiestas-de-primavera\/"},"wordCount":398,"commentCount":0,"image":{"@id":"https:\/\/arealorcaradio.es\/index.php\/2025\/03\/31\/los-locales-de-hosteleria-podran-ampliar-dos-horas-el-horario-de-cierre-en-semana-santa-y-fiestas-de-primavera\/#primaryimage"},"thumbnailUrl":"https:\/\/arealorcaradio.es\/wp-content\/uploads\/2025\/03\/20210614_194231.jpg","articleSection":["ACTUALIDAD","REGI\u00d3N DE MURCIA"],"inLanguage":"es","potentialAction":[{"@type":"CommentAction","name":"Comment","target":["https:\/\/arealorcaradio.es\/index.php\/2025\/03\/31\/los-locales-de-hosteleria-podran-ampliar-dos-horas-el-horario-de-cierre-en-semana-santa-y-fiestas-de-primavera\/#respond"]}]},{"@type":"WebPage","@id":"https:\/\/arealorcaradio.es\/index.php\/2025\/03\/31\/los-locales-de-hosteleria-podran-ampliar-dos-horas-el-horario-de-cierre-en-semana-santa-y-fiestas-de-primavera\/","url":"https:\/\/arealorcaradio.es\/index.php\/2025\/03\/31\/los-locales-de-hosteleria-podran-ampliar-dos-horas-el-horario-de-cierre-en-semana-santa-y-fiestas-de-primavera\/","name":"Los locales de hosteler\u00eda podr\u00e1n ampliar dos horas el horario de cierre en Semana Santa y fiestas de primavera - AREA LORCA RADIO","isPartOf":{"@id":"https:\/\/arealorcaradio.es\/#website"},"primaryImageOfPage":{"@id":"https:\/\/arealorcaradio.es\/index.php\/2025\/03\/31\/los-locales-de-hosteleria-podran-ampliar-dos-horas-el-horario-de-cierre-en-semana-santa-y-fiestas-de-primavera\/#primaryimage"},"image":{"@id":"https:\/\/arealorcaradio.es\/index.php\/2025\/03\/31\/los-locales-de-hosteleria-podran-ampliar-dos-horas-el-horario-de-cierre-en-semana-santa-y-fiestas-de-primavera\/#primaryimage"},"thumbnailUrl":"https:\/\/arealorcaradio.es\/wp-content\/uploads\/2025\/03\/20210614_194231.jpg","datePublished":"2025-03-31T16:03:17+00:00","author":{"@id":"https:\/\/arealorcaradio.es\/#\/schema\/person\/9fae605fc25b0f2c83c1ab207139bd27"},"breadcrumb":{"@id":"https:\/\/arealorcaradio.es\/index.php\/2025\/03\/31\/los-locales-de-hosteleria-podran-ampliar-dos-horas-el-horario-de-cierre-en-semana-santa-y-fiestas-de-primavera\/#breadcrumb"},"inLanguage":"es","potentialAction":[{"@type":"ReadAction","target":["https:\/\/arealorcaradio.es\/index.php\/2025\/03\/31\/los-locales-de-hosteleria-podran-ampliar-dos-horas-el-horario-de-cierre-en-semana-santa-y-fiestas-de-primavera\/"]}]},{"@type":"ImageObject","inLanguage":"es","@id":"https:\/\/arealorcaradio.es\/index.php\/2025\/03\/31\/los-locales-de-hosteleria-podran-ampliar-dos-horas-el-horario-de-cierre-en-semana-santa-y-fiestas-de-primavera\/#primaryimage","url":"https:\/\/arealorcaradio.es\/wp-content\/uploads\/2025\/03\/20210614_194231.jpg","contentUrl":"https:\/\/arealorcaradio.es\/wp-content\/uploads\/2025\/03\/20210614_194231.jpg","width":720,"height":504},{"@type":"BreadcrumbList","@id":"https:\/\/arealorcaradio.es\/index.php\/2025\/03\/31\/los-locales-de-hosteleria-podran-ampliar-dos-horas-el-horario-de-cierre-en-semana-santa-y-fiestas-de-primavera\/#breadcrumb","itemListElement":[{"@type":"ListItem","position":1,"name":"Portada","item":"https:\/\/arealorcaradio.es\/"},{"@type":"ListItem","position":2,"name":"Los locales de hosteler\u00eda podr\u00e1n ampliar dos horas el horario de cierre en Semana Santa y fiestas de primavera"}]},{"@type":"WebSite","@id":"https:\/\/arealorcaradio.es\/#website","url":"https:\/\/arealorcaradio.es\/","name":"AREA LORCA RADIO","description":"Descubre la programaci\u00f3n actual en \u00c1rea Lorca Radio, tu fuente de entrenamiento y noticias locales. Sintoniza ahora y mantente conectado online.","potentialAction":[{"@type":"SearchAction","target":{"@type":"EntryPoint","urlTemplate":"https:\/\/arealorcaradio.es\/?s={search_term_string}"},"query-input":{"@type":"PropertyValueSpecification","valueRequired":true,"valueName":"search_term_string"}}],"inLanguage":"es"},{"@type":"Person","@id":"https:\/\/arealorcaradio.es\/#\/schema\/person\/9fae605fc25b0f2c83c1ab207139bd27","name":"Paco S\u00e1nchez","image":{"@type":"ImageObject","inLanguage":"es","@id":"https:\/\/secure.gravatar.com\/avatar\/d67144e966420fb74aa84c9f2a0103be4724fd14db52b52d3b6bca749f257e79?s=96&d=mm&r=g","url":"https:\/\/secure.gravatar.com\/avatar\/d67144e966420fb74aa84c9f2a0103be4724fd14db52b52d3b6bca749f257e79?s=96&d=mm&r=g","contentUrl":"https:\/\/secure.gravatar.com\/avatar\/d67144e966420fb74aa84c9f2a0103be4724fd14db52b52d3b6bca749f257e79?s=96&d=mm&r=g","caption":"Paco S\u00e1nchez"},"sameAs":["https:\/\/arealorcaradio.es"],"url":"https:\/\/arealorcaradio.es\/index.php\/author\/admin_alorcaradio\/"}]}},"_links":{"self":[{"href":"https:\/\/arealorcaradio.es\/index.php\/wp-json\/wp\/v2\/posts\/6117","targetHints":{"allow":["GET"]}}],"collection":[{"href":"https:\/\/arealorcaradio.es\/index.php\/wp-json\/wp\/v2\/posts"}],"about":[{"href":"https:\/\/arealorcaradio.es\/index.php\/wp-json\/wp\/v2\/types\/post"}],"author":[{"embeddable":true,"href":"https:\/\/arealorcaradio.es\/index.php\/wp-json\/wp\/v2\/users\/1"}],"replies":[{"embeddable":true,"href":"https:\/\/arealorcaradio.es\/index.php\/wp-json\/wp\/v2\/comments?post=6117"}],"version-history":[{"count":1,"href":"https:\/\/arealorcaradio.es\/index.php\/wp-json\/wp\/v2\/posts\/6117\/revisions"}],"predecessor-version":[{"id":6119,"href":"https:\/\/arealorcaradio.es\/index.php\/wp-json\/wp\/v2\/posts\/6117\/revisions\/6119"}],"wp:featuredmedia":[{"embeddable":true,"href":"https:\/\/arealorcaradio.es\/index.php\/wp-json\/wp\/v2\/media\/6118"}],"wp:attachment":[{"href":"https:\/\/arealorcaradio.es\/index.php\/wp-json\/wp\/v2\/media?parent=6117"}],"wp:term":[{"taxonomy":"category","embeddable":true,"href":"https:\/\/arealorcaradio.es\/index.php\/wp-json\/wp\/v2\/categories?post=6117"},{"taxonomy":"post_tag","embeddable":true,"href":"https:\/\/arealorcaradio.es\/index.php\/wp-json\/wp\/v2\/tags?post=6117"}],"curies":[{"name":"wp","href":"https:\/\/api.w.org\/{rel}","templated":true}]}}