{"id":6113,"date":"2025-03-31T15:35:30","date_gmt":"2025-03-31T15:35:30","guid":{"rendered":"https:\/\/arealorcaradio.es\/?p=6113"},"modified":"2025-03-31T15:35:45","modified_gmt":"2025-03-31T15:35:45","slug":"el-ayuntamiento-de-lorca-celebraba-este-lunes-el-pleno-municipal-correspondiente-al-mes-de-marzo","status":"publish","type":"post","link":"https:\/\/arealorcaradio.es\/index.php\/2025\/03\/31\/el-ayuntamiento-de-lorca-celebraba-este-lunes-el-pleno-municipal-correspondiente-al-mes-de-marzo\/","title":{"rendered":"El Ayuntamiento de Lorca celebraba este lunes el Pleno Municipal correspondiente al mes de marzo"},"content":{"rendered":"<p><strong>\u00c1REA LORCA RADIO.<\/strong><\/p>\n<p class=\"v1MsoNormal\"><b>31 de marzo de 2025<\/b>. El alcalde de Lorca, Fulgencio Gil J\u00f3dar, ha presidido esta ma\u00f1ana la sesi\u00f3n ordinaria del Pleno Municipal del Ayuntamiento de Lorca correspondiente al mes de marzo. Los puntos abordados y el resultado de sus correspondientes votaciones ha sido el siguiente:<\/p>\n<p class=\"v1gmail-MsoListParagraph\">1.\u00a0\u00a0\u00a0\u00a0\u00a0\u00a0Aprobaci\u00f3n de actas de sesiones anteriores.\u00a0<b>Aprobada por unanimidad<\/b><\/p>\n<p class=\"v1gmail-MsoListParagraph\">2.\u00a0\u00a0\u00a0\u00a0\u00a0\u00a0Daci\u00f3n de cuenta de Decretos dictados por la Alcald\u00eda y resoluciones de concejales delegados.<\/p>\n<p class=\"v1MsoNormal\"><b>\u00a0<\/b>3.\u00a0\u00a0\u00a0\u00a0\u00a0\u00a0Moci\u00f3n de la Alcald\u00eda sobre no celebraci\u00f3n de Pleno ordinario correspondiente al mes de abril.\u00a0<b>Aprobada por unanimidad<\/b><\/p>\n<p class=\"v1gmail-MsoListParagraph\">4.\u00a0\u00a0\u00a0\u00a0\u00a0\u00a0Moci\u00f3n de la Teniente de Alcalde de Urbanismo sobre aprobaci\u00f3n inicial de la modificaci\u00f3n no estructural n\u00b074 del P.G.M.O. de Lorca relativo a la reordenaci\u00f3n de los terrenos incluidos en la UA n\u00b01 de Avil\u00e9s y cambio de alineaci\u00f3n de la prolongaci\u00f3n de la calle Virgen de la Cabeza.\u00a0<b>Aprobada por unanimidad<\/b><\/p>\n<p class=\"v1gmail-MsoListParagraph\">5.\u00a0\u00a0\u00a0\u00a0\u00a0\u00a0Moci\u00f3n de la Teniente de Alcalde de Urbanismo sobre aprobaci\u00f3n inicial del proyecto de expropiaci\u00f3n, por el procedimiento de tasaci\u00f3n conjunta de los terrenos necesarios para la mejora del viario y obtenci\u00f3n de zonas verdes previstas como actuaciones aisladas en el P.G.M.O. de Lorca en el barrio de San Crist\u00f3bal-Fase II.\u00a0<b>Aprobada por unanimidad<\/b><\/p>\n<p class=\"v1gmail-MsoListParagraph\">6.\u00a0\u00a0\u00a0\u00a0\u00a0\u00a0Informe propuesta del Director Econ\u00f3mico y Presupuestario sobre expediente de modificaci\u00f3n de cr\u00e9ditos n\u00b0 9-2025 por cr\u00e9ditos extraordinarios y suplementos de cr\u00e9ditos financiados mediante bajas o anulaciones de cr\u00e9ditos.\u00a0<b>Aprobada por 15 votos a favor (PP+VOX+IU) y 9 abstenciones (PSOE)<\/b><\/p>\n<p class=\"v1gmail-MsoListParagraph\">7.\u00a0\u00a0\u00a0\u00a0\u00a0\u00a0Moci\u00f3n de la Concejal Delegada de Econom\u00eda y Hacienda sobre la solicitud de bonificaci\u00f3n del Impuesto sobre Construcciones, Instalaciones y Obras, en el procedimiento 2023\/ATLGEN-122.\u00a0<b>Aprobada por unanimidad<\/b><\/p>\n<p class=\"v1gmail-MsoListParagraph\">8.\u00a0\u00a0\u00a0\u00a0\u00a0\u00a0Moci\u00f3n de la Concejal Delegada de Econom\u00eda y Hacienda sobre la solicitud de bonificaci\u00f3n del Impuesto sobre Construcciones, Instalaciones y Obras, en el procedimiento 2023\/ATLGEN-500.\u00a0<b>Aprobada por unanimidad<\/b><\/p>\n<p class=\"v1gmail-MsoListParagraph\">9.\u00a0\u00a0\u00a0\u00a0\u00a0\u00a0Moci\u00f3n de la Alcald\u00eda sobre denominaci\u00f3n del parque del barrio de San Fernando como \u00abParque Fernando Rold\u00e1n Soler\u00bb.<\/p>\n<p class=\"v1gmail-MsoListParagraph\">10.\u00a0\u00a0Moci\u00f3n de la Alcald\u00eda sobre denominaci\u00f3n de una plaza con el nombre de \u00abPlaza del Paso Morado\u00bb.\u00a0<b>Aprobada por unanimidad<\/b><\/p>\n<p class=\"v1gmail-MsoListParagraph\">11.\u00a0\u00a0Moci\u00f3n de la Alcald\u00eda sobre denominaci\u00f3n del espacio situado frente a la entrada de la Casa del Artesano como \u00abRinc\u00f3n del Artesano Francisco Salas J\u00f3dar\u00bb.\u00a0<b>Aprobada por unanimidad<\/b><\/p>\n<p class=\"v1gmail-MsoListParagraph\">12.\u00a0\u00a0Daci\u00f3n de cuenta de los acuerdos adoptados en Junta de Gobierno Local celebrada el d\u00eda 20 de marzo de 2025 sobre solicitud de declaraci\u00f3n de zona afectada gravemente por una emergencia de Protecci\u00f3n Civil en el municipio de Lorca.\u00a0<b>Aprobada por unanimidad<\/b><\/p>\n<p class=\"v1gmail-MsoListParagraph\">13.\u00a0\u00a0Moci\u00f3n conjunta de los Grupos Municipales Popular y Vox para exigir a la Direcci\u00f3n Provincial de Tr\u00e1fico del Ministerio del Interior la financiaci\u00f3n del aula informatizada para la realizaci\u00f3n de los ex\u00e1menes te\u00f3ricos organizados por la Jefatura Provincial de Tr\u00e1fico de Murcia.\u00a0<b>Aprobada por unanimidad<\/b><\/p>\n<p class=\"v1gmail-MsoListParagraph\">14.\u00a0\u00a0Moci\u00f3n del Grupo Municipal Popular reclamando la redotaci\u00f3n de efectivos de la Guardia Civil para atender la seguridad de los vecinos de las pedan\u00edas del Sur.\u00a0<b>Aprobada por unanimidad<\/b><\/p>\n<p class=\"v1gmail-MsoListParagraph\">15.\u00a0\u00a0Moci\u00f3n del Grupo Municipal Popular sobre rechazo a la delegaci\u00f3n a Catalu\u00f1a de las competencias exclusivas del Estado en materia de inmigraci\u00f3n.\u00a0<b>Aprobada por 14 votos a favor (PP+VOX) y 10 en contra (PSOE+IU)<\/b><\/p>\n<p class=\"v1gmail-MsoListParagraph\">16.\u00a0\u00a0Moci\u00f3n conjunta de los Grupos Municipales Socialista e Izquierda Unida-Verdes + Podemos + AV para la regulaci\u00f3n de la actual proliferaci\u00f3n de instalaciones de plantas de sandach, biog\u00e1s, hidr\u00f3geno y fotovoltaicas en el t\u00e9rmino municipal de Lorca, de forma que se garantice la calidad de vida de los vecinos y el respeto al medio natural.\u00a0<b>Rechazada por 14 votos en contra (PP+VOX) y 10 a favor (PSOE+IU)<\/b><\/p>\n<p class=\"v1gmail-MsoListParagraph\">17.\u00a0\u00a0Moci\u00f3n del Grupo Municipal Socialista para solicitar a la Consejer\u00eda de Sanidad que se ajusten los ratios del n\u00famero de trabajadores sociales necesarios que corresponden al Hospital universitario Rafael M\u00e9ndez.\u00a0<b>Aprobada por unanimidad<\/b><\/p>\n<p class=\"v1gmail-MsoListParagraph\">18.\u00a0\u00a0Moci\u00f3n del Grupo Municipal Socialista para la implantaci\u00f3n de grados medio y superior de Actividad F\u00edsica y Deporte en Lorca.\u00a0<b>Aprobada por unanimidad<\/b><\/p>\n<p class=\"v1gmail-MsoListParagraph\">19.\u00a0\u00a0Moci\u00f3n conjunta de los Grupos Municipales Vox y Popular para la creaci\u00f3n del D\u00eda del Agricultor y Ganadero de Lorca.\u00a0<b>Aprobada por 23 votos a favor (PP+VOX+PSOE) y 1 en contra (IU)<\/b><\/p>\n<p class=\"v1gmail-MsoListParagraph\">20.\u00a0\u00a0Moci\u00f3n del Grupo Municipal Vox para nombrar el \u00c1rea Autocaravanas Lorca-Turismo en memoria de Juan Rafael Mi\u00f1arro L\u00f3pez.\u00a0<b>Aprobada por unanimidad<\/b><\/p>\n<p class=\"v1gmail-MsoListParagraph\">21.\u00a0\u00a0Moci\u00f3n del Grupo Municipal Izquierda Unida-Verdes + Podemos + AV sobre evaluaci\u00f3n de pol\u00edticas culturales en Lorca.\u00a0<b>Rechazada por 14 votos en contra (PP+VOX) y 10 a favor (PSOE+IU)<\/b><\/p>\n<p class=\"v1gmail-MsoListParagraph\">22.\u00a0\u00a0Moci\u00f3n del Grupo Municipal Izquierda Unida-Verdes + Podemos + AV sobre 50 aniversario de la muerte del dictador Franco y revocaci\u00f3n de la concesi\u00f3n de la medalla de Oro de Lorca al mismo.\u00a0<b>Rechazada por 14 votos en contra (PP+VOX) y 10 a favor (PSOE+IU) tras una enmienda presentada por el PSOE<\/b><\/p>\n<p class=\"v1gmail-MsoListParagraph\">23.\u00a0\u00a0Moci\u00f3n del Grupo Municipal Izquierda Unida-Verdes + Podemos + AV sobre inundaciones y lluvias ca\u00eddas en Lorca durante el mes de marzo, movimientos de tierras, malos usos del territorio y efectos en la diputaci\u00f3n de R\u00edo y en el patrimonio p\u00fablico.\u00a0<b>Rechazada por 14 votos en contra (PP+VOX) y 10 a favor (PSOE+IU)<\/b><\/p>\n<p class=\"v1gmail-MsoListParagraph\">\n","protected":false},"excerpt":{"rendered":"<p>\u00c1REA LORCA RADIO. 31 de marzo de 2025. El alcalde de Lorca, Fulgencio Gil J\u00f3dar, ha presidido esta ma\u00f1ana la sesi\u00f3n ordinaria del Pleno Municipal del Ayuntamiento de Lorca correspondiente al mes de marzo. Los puntos abordados y el resultado de sus correspondientes votaciones ha sido el siguiente: 1.\u00a0\u00a0\u00a0\u00a0\u00a0\u00a0Aprobaci\u00f3n de actas de sesiones anteriores.\u00a0Aprobada por [&hellip;]<\/p>\n","protected":false},"author":1,"featured_media":6114,"comment_status":"open","ping_status":"open","sticky":false,"template":"","format":"standard","meta":{"iawp_total_views":9,"footnotes":""},"categories":[5,7],"tags":[],"class_list":["post-6113","post","type-post","status-publish","format-standard","has-post-thumbnail","hentry","category-actualidad","category-lorca"],"yoast_head":"<!-- This site is optimized with the Yoast SEO plugin v27.5 - https:\/\/yoast.com\/product\/yoast-seo-wordpress\/ -->\n<title>El Ayuntamiento de Lorca celebraba este lunes el Pleno Municipal correspondiente al mes de marzo - AREA LORCA RADIO<\/title>\n<meta name=\"robots\" content=\"index, follow, max-snippet:-1, max-image-preview:large, max-video-preview:-1\" \/>\n<link rel=\"canonical\" href=\"https:\/\/arealorcaradio.es\/index.php\/2025\/03\/31\/el-ayuntamiento-de-lorca-celebraba-este-lunes-el-pleno-municipal-correspondiente-al-mes-de-marzo\/\" \/>\n<meta property=\"og:locale\" content=\"es_ES\" \/>\n<meta property=\"og:type\" content=\"article\" \/>\n<meta property=\"og:title\" content=\"El Ayuntamiento de Lorca celebraba este lunes el Pleno Municipal correspondiente al mes de marzo - AREA LORCA RADIO\" \/>\n<meta property=\"og:description\" content=\"\u00c1REA LORCA RADIO. 31 de marzo de 2025. El alcalde de Lorca, Fulgencio Gil J\u00f3dar, ha presidido esta ma\u00f1ana la sesi\u00f3n ordinaria del Pleno Municipal del Ayuntamiento de Lorca correspondiente al mes de marzo. Los puntos abordados y el resultado de sus correspondientes votaciones ha sido el siguiente: 1.\u00a0\u00a0\u00a0\u00a0\u00a0\u00a0Aprobaci\u00f3n de actas de sesiones anteriores.\u00a0Aprobada por [&hellip;]\" \/>\n<meta property=\"og:url\" content=\"https:\/\/arealorcaradio.es\/index.php\/2025\/03\/31\/el-ayuntamiento-de-lorca-celebraba-este-lunes-el-pleno-municipal-correspondiente-al-mes-de-marzo\/\" \/>\n<meta property=\"og:site_name\" content=\"AREA LORCA RADIO\" \/>\n<meta property=\"article:published_time\" content=\"2025-03-31T15:35:30+00:00\" \/>\n<meta property=\"article:modified_time\" content=\"2025-03-31T15:35:45+00:00\" \/>\n<meta property=\"og:image\" content=\"https:\/\/arealorcaradio.es\/wp-content\/uploads\/2025\/03\/BALANCE-PLENO-MARZO.jpeg\" \/>\n\t<meta property=\"og:image:width\" content=\"1600\" \/>\n\t<meta property=\"og:image:height\" content=\"1199\" \/>\n\t<meta property=\"og:image:type\" content=\"image\/jpeg\" \/>\n<meta name=\"author\" content=\"Paco S\u00e1nchez\" \/>\n<meta name=\"twitter:card\" content=\"summary_large_image\" \/>\n<meta name=\"twitter:label1\" content=\"Escrito por\" \/>\n\t<meta name=\"twitter:data1\" content=\"Paco S\u00e1nchez\" \/>\n\t<meta name=\"twitter:label2\" content=\"Tiempo de lectura\" \/>\n\t<meta name=\"twitter:data2\" content=\"5 minutos\" \/>\n<script type=\"application\/ld+json\" class=\"yoast-schema-graph\">{\"@context\":\"https:\\\/\\\/schema.org\",\"@graph\":[{\"@type\":\"Article\",\"@id\":\"https:\\\/\\\/arealorcaradio.es\\\/index.php\\\/2025\\\/03\\\/31\\\/el-ayuntamiento-de-lorca-celebraba-este-lunes-el-pleno-municipal-correspondiente-al-mes-de-marzo\\\/#article\",\"isPartOf\":{\"@id\":\"https:\\\/\\\/arealorcaradio.es\\\/index.php\\\/2025\\\/03\\\/31\\\/el-ayuntamiento-de-lorca-celebraba-este-lunes-el-pleno-municipal-correspondiente-al-mes-de-marzo\\\/\"},\"author\":{\"name\":\"Paco S\u00e1nchez\",\"@id\":\"https:\\\/\\\/arealorcaradio.es\\\/#\\\/schema\\\/person\\\/9fae605fc25b0f2c83c1ab207139bd27\"},\"headline\":\"El Ayuntamiento de Lorca celebraba este lunes el Pleno Municipal correspondiente al mes de marzo\",\"datePublished\":\"2025-03-31T15:35:30+00:00\",\"dateModified\":\"2025-03-31T15:35:45+00:00\",\"mainEntityOfPage\":{\"@id\":\"https:\\\/\\\/arealorcaradio.es\\\/index.php\\\/2025\\\/03\\\/31\\\/el-ayuntamiento-de-lorca-celebraba-este-lunes-el-pleno-municipal-correspondiente-al-mes-de-marzo\\\/\"},\"wordCount\":920,\"commentCount\":0,\"image\":{\"@id\":\"https:\\\/\\\/arealorcaradio.es\\\/index.php\\\/2025\\\/03\\\/31\\\/el-ayuntamiento-de-lorca-celebraba-este-lunes-el-pleno-municipal-correspondiente-al-mes-de-marzo\\\/#primaryimage\"},\"thumbnailUrl\":\"https:\\\/\\\/arealorcaradio.es\\\/wp-content\\\/uploads\\\/2025\\\/03\\\/BALANCE-PLENO-MARZO.jpeg\",\"articleSection\":[\"ACTUALIDAD\",\"LORCA\"],\"inLanguage\":\"es\",\"potentialAction\":[{\"@type\":\"CommentAction\",\"name\":\"Comment\",\"target\":[\"https:\\\/\\\/arealorcaradio.es\\\/index.php\\\/2025\\\/03\\\/31\\\/el-ayuntamiento-de-lorca-celebraba-este-lunes-el-pleno-municipal-correspondiente-al-mes-de-marzo\\\/#respond\"]}]},{\"@type\":\"WebPage\",\"@id\":\"https:\\\/\\\/arealorcaradio.es\\\/index.php\\\/2025\\\/03\\\/31\\\/el-ayuntamiento-de-lorca-celebraba-este-lunes-el-pleno-municipal-correspondiente-al-mes-de-marzo\\\/\",\"url\":\"https:\\\/\\\/arealorcaradio.es\\\/index.php\\\/2025\\\/03\\\/31\\\/el-ayuntamiento-de-lorca-celebraba-este-lunes-el-pleno-municipal-correspondiente-al-mes-de-marzo\\\/\",\"name\":\"El Ayuntamiento de Lorca celebraba este lunes el Pleno Municipal correspondiente al mes de marzo - AREA LORCA RADIO\",\"isPartOf\":{\"@id\":\"https:\\\/\\\/arealorcaradio.es\\\/#website\"},\"primaryImageOfPage\":{\"@id\":\"https:\\\/\\\/arealorcaradio.es\\\/index.php\\\/2025\\\/03\\\/31\\\/el-ayuntamiento-de-lorca-celebraba-este-lunes-el-pleno-municipal-correspondiente-al-mes-de-marzo\\\/#primaryimage\"},\"image\":{\"@id\":\"https:\\\/\\\/arealorcaradio.es\\\/index.php\\\/2025\\\/03\\\/31\\\/el-ayuntamiento-de-lorca-celebraba-este-lunes-el-pleno-municipal-correspondiente-al-mes-de-marzo\\\/#primaryimage\"},\"thumbnailUrl\":\"https:\\\/\\\/arealorcaradio.es\\\/wp-content\\\/uploads\\\/2025\\\/03\\\/BALANCE-PLENO-MARZO.jpeg\",\"datePublished\":\"2025-03-31T15:35:30+00:00\",\"dateModified\":\"2025-03-31T15:35:45+00:00\",\"author\":{\"@id\":\"https:\\\/\\\/arealorcaradio.es\\\/#\\\/schema\\\/person\\\/9fae605fc25b0f2c83c1ab207139bd27\"},\"breadcrumb\":{\"@id\":\"https:\\\/\\\/arealorcaradio.es\\\/index.php\\\/2025\\\/03\\\/31\\\/el-ayuntamiento-de-lorca-celebraba-este-lunes-el-pleno-municipal-correspondiente-al-mes-de-marzo\\\/#breadcrumb\"},\"inLanguage\":\"es\",\"potentialAction\":[{\"@type\":\"ReadAction\",\"target\":[\"https:\\\/\\\/arealorcaradio.es\\\/index.php\\\/2025\\\/03\\\/31\\\/el-ayuntamiento-de-lorca-celebraba-este-lunes-el-pleno-municipal-correspondiente-al-mes-de-marzo\\\/\"]}]},{\"@type\":\"ImageObject\",\"inLanguage\":\"es\",\"@id\":\"https:\\\/\\\/arealorcaradio.es\\\/index.php\\\/2025\\\/03\\\/31\\\/el-ayuntamiento-de-lorca-celebraba-este-lunes-el-pleno-municipal-correspondiente-al-mes-de-marzo\\\/#primaryimage\",\"url\":\"https:\\\/\\\/arealorcaradio.es\\\/wp-content\\\/uploads\\\/2025\\\/03\\\/BALANCE-PLENO-MARZO.jpeg\",\"contentUrl\":\"https:\\\/\\\/arealorcaradio.es\\\/wp-content\\\/uploads\\\/2025\\\/03\\\/BALANCE-PLENO-MARZO.jpeg\",\"width\":1600,\"height\":1199},{\"@type\":\"BreadcrumbList\",\"@id\":\"https:\\\/\\\/arealorcaradio.es\\\/index.php\\\/2025\\\/03\\\/31\\\/el-ayuntamiento-de-lorca-celebraba-este-lunes-el-pleno-municipal-correspondiente-al-mes-de-marzo\\\/#breadcrumb\",\"itemListElement\":[{\"@type\":\"ListItem\",\"position\":1,\"name\":\"Portada\",\"item\":\"https:\\\/\\\/arealorcaradio.es\\\/\"},{\"@type\":\"ListItem\",\"position\":2,\"name\":\"El Ayuntamiento de Lorca celebraba este lunes el Pleno Municipal correspondiente al mes de marzo\"}]},{\"@type\":\"WebSite\",\"@id\":\"https:\\\/\\\/arealorcaradio.es\\\/#website\",\"url\":\"https:\\\/\\\/arealorcaradio.es\\\/\",\"name\":\"AREA LORCA RADIO\",\"description\":\"Descubre la programaci\u00f3n actual en \u00c1rea Lorca Radio, tu fuente de entrenamiento y noticias locales. Sintoniza ahora y mantente conectado online.\",\"potentialAction\":[{\"@type\":\"SearchAction\",\"target\":{\"@type\":\"EntryPoint\",\"urlTemplate\":\"https:\\\/\\\/arealorcaradio.es\\\/?s={search_term_string}\"},\"query-input\":{\"@type\":\"PropertyValueSpecification\",\"valueRequired\":true,\"valueName\":\"search_term_string\"}}],\"inLanguage\":\"es\"},{\"@type\":\"Person\",\"@id\":\"https:\\\/\\\/arealorcaradio.es\\\/#\\\/schema\\\/person\\\/9fae605fc25b0f2c83c1ab207139bd27\",\"name\":\"Paco S\u00e1nchez\",\"image\":{\"@type\":\"ImageObject\",\"inLanguage\":\"es\",\"@id\":\"https:\\\/\\\/secure.gravatar.com\\\/avatar\\\/d67144e966420fb74aa84c9f2a0103be4724fd14db52b52d3b6bca749f257e79?s=96&d=mm&r=g\",\"url\":\"https:\\\/\\\/secure.gravatar.com\\\/avatar\\\/d67144e966420fb74aa84c9f2a0103be4724fd14db52b52d3b6bca749f257e79?s=96&d=mm&r=g\",\"contentUrl\":\"https:\\\/\\\/secure.gravatar.com\\\/avatar\\\/d67144e966420fb74aa84c9f2a0103be4724fd14db52b52d3b6bca749f257e79?s=96&d=mm&r=g\",\"caption\":\"Paco S\u00e1nchez\"},\"sameAs\":[\"https:\\\/\\\/arealorcaradio.es\"],\"url\":\"https:\\\/\\\/arealorcaradio.es\\\/index.php\\\/author\\\/admin_alorcaradio\\\/\"}]}<\/script>\n<!-- \/ Yoast SEO plugin. -->","yoast_head_json":{"title":"El Ayuntamiento de Lorca celebraba este lunes el Pleno Municipal correspondiente al mes de marzo - AREA LORCA RADIO","robots":{"index":"index","follow":"follow","max-snippet":"max-snippet:-1","max-image-preview":"max-image-preview:large","max-video-preview":"max-video-preview:-1"},"canonical":"https:\/\/arealorcaradio.es\/index.php\/2025\/03\/31\/el-ayuntamiento-de-lorca-celebraba-este-lunes-el-pleno-municipal-correspondiente-al-mes-de-marzo\/","og_locale":"es_ES","og_type":"article","og_title":"El Ayuntamiento de Lorca celebraba este lunes el Pleno Municipal correspondiente al mes de marzo - AREA LORCA RADIO","og_description":"\u00c1REA LORCA RADIO. 31 de marzo de 2025. El alcalde de Lorca, Fulgencio Gil J\u00f3dar, ha presidido esta ma\u00f1ana la sesi\u00f3n ordinaria del Pleno Municipal del Ayuntamiento de Lorca correspondiente al mes de marzo. Los puntos abordados y el resultado de sus correspondientes votaciones ha sido el siguiente: 1.\u00a0\u00a0\u00a0\u00a0\u00a0\u00a0Aprobaci\u00f3n de actas de sesiones anteriores.\u00a0Aprobada por [&hellip;]","og_url":"https:\/\/arealorcaradio.es\/index.php\/2025\/03\/31\/el-ayuntamiento-de-lorca-celebraba-este-lunes-el-pleno-municipal-correspondiente-al-mes-de-marzo\/","og_site_name":"AREA LORCA RADIO","article_published_time":"2025-03-31T15:35:30+00:00","article_modified_time":"2025-03-31T15:35:45+00:00","og_image":[{"width":1600,"height":1199,"url":"https:\/\/arealorcaradio.es\/wp-content\/uploads\/2025\/03\/BALANCE-PLENO-MARZO.jpeg","type":"image\/jpeg"}],"author":"Paco S\u00e1nchez","twitter_card":"summary_large_image","twitter_misc":{"Escrito por":"Paco S\u00e1nchez","Tiempo de lectura":"5 minutos"},"schema":{"@context":"https:\/\/schema.org","@graph":[{"@type":"Article","@id":"https:\/\/arealorcaradio.es\/index.php\/2025\/03\/31\/el-ayuntamiento-de-lorca-celebraba-este-lunes-el-pleno-municipal-correspondiente-al-mes-de-marzo\/#article","isPartOf":{"@id":"https:\/\/arealorcaradio.es\/index.php\/2025\/03\/31\/el-ayuntamiento-de-lorca-celebraba-este-lunes-el-pleno-municipal-correspondiente-al-mes-de-marzo\/"},"author":{"name":"Paco S\u00e1nchez","@id":"https:\/\/arealorcaradio.es\/#\/schema\/person\/9fae605fc25b0f2c83c1ab207139bd27"},"headline":"El Ayuntamiento de Lorca celebraba este lunes el Pleno Municipal correspondiente al mes de marzo","datePublished":"2025-03-31T15:35:30+00:00","dateModified":"2025-03-31T15:35:45+00:00","mainEntityOfPage":{"@id":"https:\/\/arealorcaradio.es\/index.php\/2025\/03\/31\/el-ayuntamiento-de-lorca-celebraba-este-lunes-el-pleno-municipal-correspondiente-al-mes-de-marzo\/"},"wordCount":920,"commentCount":0,"image":{"@id":"https:\/\/arealorcaradio.es\/index.php\/2025\/03\/31\/el-ayuntamiento-de-lorca-celebraba-este-lunes-el-pleno-municipal-correspondiente-al-mes-de-marzo\/#primaryimage"},"thumbnailUrl":"https:\/\/arealorcaradio.es\/wp-content\/uploads\/2025\/03\/BALANCE-PLENO-MARZO.jpeg","articleSection":["ACTUALIDAD","LORCA"],"inLanguage":"es","potentialAction":[{"@type":"CommentAction","name":"Comment","target":["https:\/\/arealorcaradio.es\/index.php\/2025\/03\/31\/el-ayuntamiento-de-lorca-celebraba-este-lunes-el-pleno-municipal-correspondiente-al-mes-de-marzo\/#respond"]}]},{"@type":"WebPage","@id":"https:\/\/arealorcaradio.es\/index.php\/2025\/03\/31\/el-ayuntamiento-de-lorca-celebraba-este-lunes-el-pleno-municipal-correspondiente-al-mes-de-marzo\/","url":"https:\/\/arealorcaradio.es\/index.php\/2025\/03\/31\/el-ayuntamiento-de-lorca-celebraba-este-lunes-el-pleno-municipal-correspondiente-al-mes-de-marzo\/","name":"El Ayuntamiento de Lorca celebraba este lunes el Pleno Municipal correspondiente al mes de marzo - AREA LORCA RADIO","isPartOf":{"@id":"https:\/\/arealorcaradio.es\/#website"},"primaryImageOfPage":{"@id":"https:\/\/arealorcaradio.es\/index.php\/2025\/03\/31\/el-ayuntamiento-de-lorca-celebraba-este-lunes-el-pleno-municipal-correspondiente-al-mes-de-marzo\/#primaryimage"},"image":{"@id":"https:\/\/arealorcaradio.es\/index.php\/2025\/03\/31\/el-ayuntamiento-de-lorca-celebraba-este-lunes-el-pleno-municipal-correspondiente-al-mes-de-marzo\/#primaryimage"},"thumbnailUrl":"https:\/\/arealorcaradio.es\/wp-content\/uploads\/2025\/03\/BALANCE-PLENO-MARZO.jpeg","datePublished":"2025-03-31T15:35:30+00:00","dateModified":"2025-03-31T15:35:45+00:00","author":{"@id":"https:\/\/arealorcaradio.es\/#\/schema\/person\/9fae605fc25b0f2c83c1ab207139bd27"},"breadcrumb":{"@id":"https:\/\/arealorcaradio.es\/index.php\/2025\/03\/31\/el-ayuntamiento-de-lorca-celebraba-este-lunes-el-pleno-municipal-correspondiente-al-mes-de-marzo\/#breadcrumb"},"inLanguage":"es","potentialAction":[{"@type":"ReadAction","target":["https:\/\/arealorcaradio.es\/index.php\/2025\/03\/31\/el-ayuntamiento-de-lorca-celebraba-este-lunes-el-pleno-municipal-correspondiente-al-mes-de-marzo\/"]}]},{"@type":"ImageObject","inLanguage":"es","@id":"https:\/\/arealorcaradio.es\/index.php\/2025\/03\/31\/el-ayuntamiento-de-lorca-celebraba-este-lunes-el-pleno-municipal-correspondiente-al-mes-de-marzo\/#primaryimage","url":"https:\/\/arealorcaradio.es\/wp-content\/uploads\/2025\/03\/BALANCE-PLENO-MARZO.jpeg","contentUrl":"https:\/\/arealorcaradio.es\/wp-content\/uploads\/2025\/03\/BALANCE-PLENO-MARZO.jpeg","width":1600,"height":1199},{"@type":"BreadcrumbList","@id":"https:\/\/arealorcaradio.es\/index.php\/2025\/03\/31\/el-ayuntamiento-de-lorca-celebraba-este-lunes-el-pleno-municipal-correspondiente-al-mes-de-marzo\/#breadcrumb","itemListElement":[{"@type":"ListItem","position":1,"name":"Portada","item":"https:\/\/arealorcaradio.es\/"},{"@type":"ListItem","position":2,"name":"El Ayuntamiento de Lorca celebraba este lunes el Pleno Municipal correspondiente al mes de marzo"}]},{"@type":"WebSite","@id":"https:\/\/arealorcaradio.es\/#website","url":"https:\/\/arealorcaradio.es\/","name":"AREA LORCA RADIO","description":"Descubre la programaci\u00f3n actual en \u00c1rea Lorca Radio, tu fuente de entrenamiento y noticias locales. Sintoniza ahora y mantente conectado online.","potentialAction":[{"@type":"SearchAction","target":{"@type":"EntryPoint","urlTemplate":"https:\/\/arealorcaradio.es\/?s={search_term_string}"},"query-input":{"@type":"PropertyValueSpecification","valueRequired":true,"valueName":"search_term_string"}}],"inLanguage":"es"},{"@type":"Person","@id":"https:\/\/arealorcaradio.es\/#\/schema\/person\/9fae605fc25b0f2c83c1ab207139bd27","name":"Paco S\u00e1nchez","image":{"@type":"ImageObject","inLanguage":"es","@id":"https:\/\/secure.gravatar.com\/avatar\/d67144e966420fb74aa84c9f2a0103be4724fd14db52b52d3b6bca749f257e79?s=96&d=mm&r=g","url":"https:\/\/secure.gravatar.com\/avatar\/d67144e966420fb74aa84c9f2a0103be4724fd14db52b52d3b6bca749f257e79?s=96&d=mm&r=g","contentUrl":"https:\/\/secure.gravatar.com\/avatar\/d67144e966420fb74aa84c9f2a0103be4724fd14db52b52d3b6bca749f257e79?s=96&d=mm&r=g","caption":"Paco S\u00e1nchez"},"sameAs":["https:\/\/arealorcaradio.es"],"url":"https:\/\/arealorcaradio.es\/index.php\/author\/admin_alorcaradio\/"}]}},"_links":{"self":[{"href":"https:\/\/arealorcaradio.es\/index.php\/wp-json\/wp\/v2\/posts\/6113","targetHints":{"allow":["GET"]}}],"collection":[{"href":"https:\/\/arealorcaradio.es\/index.php\/wp-json\/wp\/v2\/posts"}],"about":[{"href":"https:\/\/arealorcaradio.es\/index.php\/wp-json\/wp\/v2\/types\/post"}],"author":[{"embeddable":true,"href":"https:\/\/arealorcaradio.es\/index.php\/wp-json\/wp\/v2\/users\/1"}],"replies":[{"embeddable":true,"href":"https:\/\/arealorcaradio.es\/index.php\/wp-json\/wp\/v2\/comments?post=6113"}],"version-history":[{"count":2,"href":"https:\/\/arealorcaradio.es\/index.php\/wp-json\/wp\/v2\/posts\/6113\/revisions"}],"predecessor-version":[{"id":6116,"href":"https:\/\/arealorcaradio.es\/index.php\/wp-json\/wp\/v2\/posts\/6113\/revisions\/6116"}],"wp:featuredmedia":[{"embeddable":true,"href":"https:\/\/arealorcaradio.es\/index.php\/wp-json\/wp\/v2\/media\/6114"}],"wp:attachment":[{"href":"https:\/\/arealorcaradio.es\/index.php\/wp-json\/wp\/v2\/media?parent=6113"}],"wp:term":[{"taxonomy":"category","embeddable":true,"href":"https:\/\/arealorcaradio.es\/index.php\/wp-json\/wp\/v2\/categories?post=6113"},{"taxonomy":"post_tag","embeddable":true,"href":"https:\/\/arealorcaradio.es\/index.php\/wp-json\/wp\/v2\/tags?post=6113"}],"curies":[{"name":"wp","href":"https:\/\/api.w.org\/{rel}","templated":true}]}}