{"id":6104,"date":"2025-03-28T17:53:50","date_gmt":"2025-03-28T17:53:50","guid":{"rendered":"https:\/\/arealorcaradio.es\/?p=6104"},"modified":"2025-03-28T17:53:50","modified_gmt":"2025-03-28T17:53:50","slug":"sergio-sanchez-jugar-en-lorca-y-en-el-artes-carrasco-es-un-orgullo-y-algo-que-me-hace-mucha-ilusion","status":"publish","type":"post","link":"https:\/\/arealorcaradio.es\/index.php\/2025\/03\/28\/sergio-sanchez-jugar-en-lorca-y-en-el-artes-carrasco-es-un-orgullo-y-algo-que-me-hace-mucha-ilusion\/","title":{"rendered":"Sergio S\u00e1nchez: \u00abJugar en Lorca y en el Artes Carrasco es un orgullo y algo que me hace mucha ilusi\u00f3n\u00bb"},"content":{"rendered":"<p><strong>\u00c1REA LORCA RADIO. Deportes.<\/strong><\/p>\n<p>Escucha aqu\u00ed la entrevista que ha concedido el lateral derecho de El Palmar, el lorquino Sergio S\u00e1nchez a Paco S\u00e1nchez en el programa deportivo de \u00c1rea Lorca Radio.<\/p>\n<audio class=\"wp-audio-shortcode\" id=\"audio-6104-1\" preload=\"none\" style=\"width: 100%;\" controls=\"controls\"><source type=\"audio\/mpeg\" src=\"https:\/\/arealorcaradio.es\/wp-content\/uploads\/2025\/03\/280325-SERGIO-SANCHEZ.-EL-PALMAR.mp3?_=1\" \/><a href=\"https:\/\/arealorcaradio.es\/wp-content\/uploads\/2025\/03\/280325-SERGIO-SANCHEZ.-EL-PALMAR.mp3\">https:\/\/arealorcaradio.es\/wp-content\/uploads\/2025\/03\/280325-SERGIO-SANCHEZ.-EL-PALMAR.mp3<\/a><\/audio>\n<p>Sergio comenz\u00f3 la temporada con una lesi\u00f3n en la primera jornada de la competici\u00f3n pero una vez recuperado entr\u00f3 al equipo para no salir. Es uno de los fijos en las alineaciones del t\u00e9cnico murciano Antonio Calatayud.<\/p>\n<p><img loading=\"lazy\" decoding=\"async\" class=\"alignnone  wp-image-6108\" src=\"https:\/\/arealorcaradio.es\/wp-content\/uploads\/2025\/03\/IMG-20250328-WA0022-169x300.jpg\" alt=\"\" width=\"136\" height=\"241\" srcset=\"https:\/\/arealorcaradio.es\/wp-content\/uploads\/2025\/03\/IMG-20250328-WA0022-169x300.jpg 169w, https:\/\/arealorcaradio.es\/wp-content\/uploads\/2025\/03\/IMG-20250328-WA0022-576x1024.jpg 576w, https:\/\/arealorcaradio.es\/wp-content\/uploads\/2025\/03\/IMG-20250328-WA0022-768x1365.jpg 768w, https:\/\/arealorcaradio.es\/wp-content\/uploads\/2025\/03\/IMG-20250328-WA0022-864x1536.jpg 864w, https:\/\/arealorcaradio.es\/wp-content\/uploads\/2025\/03\/IMG-20250328-WA0022.jpg 1044w\" sizes=\"auto, (max-width: 136px) 100vw, 136px\" \/> <img loading=\"lazy\" decoding=\"async\" class=\"alignnone  wp-image-6109\" src=\"https:\/\/arealorcaradio.es\/wp-content\/uploads\/2025\/03\/IMG-20250328-WA0023-169x300.jpg\" alt=\"\" width=\"136\" height=\"242\" srcset=\"https:\/\/arealorcaradio.es\/wp-content\/uploads\/2025\/03\/IMG-20250328-WA0023-169x300.jpg 169w, https:\/\/arealorcaradio.es\/wp-content\/uploads\/2025\/03\/IMG-20250328-WA0023-576x1024.jpg 576w, https:\/\/arealorcaradio.es\/wp-content\/uploads\/2025\/03\/IMG-20250328-WA0023-768x1365.jpg 768w, https:\/\/arealorcaradio.es\/wp-content\/uploads\/2025\/03\/IMG-20250328-WA0023-864x1536.jpg 864w, https:\/\/arealorcaradio.es\/wp-content\/uploads\/2025\/03\/IMG-20250328-WA0023.jpg 1044w\" sizes=\"auto, (max-width: 136px) 100vw, 136px\" \/> <img loading=\"lazy\" decoding=\"async\" class=\"alignnone size-medium wp-image-6110\" src=\"https:\/\/arealorcaradio.es\/wp-content\/uploads\/2025\/03\/IMG-20250328-WA0024-300x200.jpg\" alt=\"\" width=\"300\" height=\"200\" srcset=\"https:\/\/arealorcaradio.es\/wp-content\/uploads\/2025\/03\/IMG-20250328-WA0024-300x200.jpg 300w, https:\/\/arealorcaradio.es\/wp-content\/uploads\/2025\/03\/IMG-20250328-WA0024-1024x683.jpg 1024w, https:\/\/arealorcaradio.es\/wp-content\/uploads\/2025\/03\/IMG-20250328-WA0024-768x512.jpg 768w, https:\/\/arealorcaradio.es\/wp-content\/uploads\/2025\/03\/IMG-20250328-WA0024-1536x1024.jpg 1536w, https:\/\/arealorcaradio.es\/wp-content\/uploads\/2025\/03\/IMG-20250328-WA0024.jpg 2048w\" sizes=\"auto, (max-width: 300px) 100vw, 300px\" \/><\/p>\n","protected":false},"excerpt":{"rendered":"<p>\u00c1REA LORCA RADIO. Deportes. Escucha aqu\u00ed la entrevista que ha concedido el lateral derecho de El Palmar, el lorquino Sergio S\u00e1nchez a Paco S\u00e1nchez en el programa deportivo de \u00c1rea Lorca Radio. Sergio comenz\u00f3 la temporada con una lesi\u00f3n en la primera jornada de la competici\u00f3n pero una vez recuperado entr\u00f3 al equipo para no [&hellip;]<\/p>\n","protected":false},"author":1,"featured_media":6107,"comment_status":"open","ping_status":"open","sticky":false,"template":"","format":"standard","meta":{"iawp_total_views":201,"footnotes":""},"categories":[4,7],"tags":[],"class_list":["post-6104","post","type-post","status-publish","format-standard","has-post-thumbnail","hentry","category-deportes","category-lorca"],"yoast_head":"<!-- This site is optimized with the Yoast SEO plugin v27.5 - https:\/\/yoast.com\/product\/yoast-seo-wordpress\/ -->\n<title>Sergio S\u00e1nchez: &quot;Jugar en Lorca y en el Artes Carrasco es un orgullo y algo que me hace mucha ilusi\u00f3n&quot; - AREA LORCA RADIO<\/title>\n<meta name=\"robots\" content=\"index, follow, max-snippet:-1, max-image-preview:large, max-video-preview:-1\" \/>\n<link rel=\"canonical\" href=\"https:\/\/arealorcaradio.es\/index.php\/2025\/03\/28\/sergio-sanchez-jugar-en-lorca-y-en-el-artes-carrasco-es-un-orgullo-y-algo-que-me-hace-mucha-ilusion\/\" \/>\n<meta property=\"og:locale\" content=\"es_ES\" \/>\n<meta property=\"og:type\" content=\"article\" \/>\n<meta property=\"og:title\" content=\"Sergio S\u00e1nchez: &quot;Jugar en Lorca y en el Artes Carrasco es un orgullo y algo que me hace mucha ilusi\u00f3n&quot; - AREA LORCA RADIO\" \/>\n<meta property=\"og:description\" content=\"\u00c1REA LORCA RADIO. Deportes. Escucha aqu\u00ed la entrevista que ha concedido el lateral derecho de El Palmar, el lorquino Sergio S\u00e1nchez a Paco S\u00e1nchez en el programa deportivo de \u00c1rea Lorca Radio. Sergio comenz\u00f3 la temporada con una lesi\u00f3n en la primera jornada de la competici\u00f3n pero una vez recuperado entr\u00f3 al equipo para no [&hellip;]\" \/>\n<meta property=\"og:url\" content=\"https:\/\/arealorcaradio.es\/index.php\/2025\/03\/28\/sergio-sanchez-jugar-en-lorca-y-en-el-artes-carrasco-es-un-orgullo-y-algo-que-me-hace-mucha-ilusion\/\" \/>\n<meta property=\"og:site_name\" content=\"AREA LORCA RADIO\" \/>\n<meta property=\"article:published_time\" content=\"2025-03-28T17:53:50+00:00\" \/>\n<meta property=\"og:image\" content=\"https:\/\/arealorcaradio.es\/wp-content\/uploads\/2025\/03\/IMG-20250328-WA0025.jpg\" \/>\n\t<meta property=\"og:image:width\" content=\"2048\" \/>\n\t<meta property=\"og:image:height\" content=\"1365\" \/>\n\t<meta property=\"og:image:type\" content=\"image\/jpeg\" \/>\n<meta name=\"author\" content=\"Paco S\u00e1nchez\" \/>\n<meta name=\"twitter:card\" content=\"summary_large_image\" \/>\n<meta name=\"twitter:label1\" content=\"Escrito por\" \/>\n\t<meta name=\"twitter:data1\" content=\"Paco S\u00e1nchez\" \/>\n\t<meta name=\"twitter:label2\" content=\"Tiempo de lectura\" \/>\n\t<meta name=\"twitter:data2\" content=\"2 minutos\" \/>\n<script type=\"application\/ld+json\" class=\"yoast-schema-graph\">{\"@context\":\"https:\\\/\\\/schema.org\",\"@graph\":[{\"@type\":\"Article\",\"@id\":\"https:\\\/\\\/arealorcaradio.es\\\/index.php\\\/2025\\\/03\\\/28\\\/sergio-sanchez-jugar-en-lorca-y-en-el-artes-carrasco-es-un-orgullo-y-algo-que-me-hace-mucha-ilusion\\\/#article\",\"isPartOf\":{\"@id\":\"https:\\\/\\\/arealorcaradio.es\\\/index.php\\\/2025\\\/03\\\/28\\\/sergio-sanchez-jugar-en-lorca-y-en-el-artes-carrasco-es-un-orgullo-y-algo-que-me-hace-mucha-ilusion\\\/\"},\"author\":{\"name\":\"Paco S\u00e1nchez\",\"@id\":\"https:\\\/\\\/arealorcaradio.es\\\/#\\\/schema\\\/person\\\/9fae605fc25b0f2c83c1ab207139bd27\"},\"headline\":\"Sergio S\u00e1nchez: \u00abJugar en Lorca y en el Artes Carrasco es un orgullo y algo que me hace mucha ilusi\u00f3n\u00bb\",\"datePublished\":\"2025-03-28T17:53:50+00:00\",\"mainEntityOfPage\":{\"@id\":\"https:\\\/\\\/arealorcaradio.es\\\/index.php\\\/2025\\\/03\\\/28\\\/sergio-sanchez-jugar-en-lorca-y-en-el-artes-carrasco-es-un-orgullo-y-algo-que-me-hace-mucha-ilusion\\\/\"},\"wordCount\":107,\"commentCount\":0,\"image\":{\"@id\":\"https:\\\/\\\/arealorcaradio.es\\\/index.php\\\/2025\\\/03\\\/28\\\/sergio-sanchez-jugar-en-lorca-y-en-el-artes-carrasco-es-un-orgullo-y-algo-que-me-hace-mucha-ilusion\\\/#primaryimage\"},\"thumbnailUrl\":\"https:\\\/\\\/arealorcaradio.es\\\/wp-content\\\/uploads\\\/2025\\\/03\\\/IMG-20250328-WA0025.jpg\",\"articleSection\":[\"DEPORTES\",\"LORCA\"],\"inLanguage\":\"es\",\"potentialAction\":[{\"@type\":\"CommentAction\",\"name\":\"Comment\",\"target\":[\"https:\\\/\\\/arealorcaradio.es\\\/index.php\\\/2025\\\/03\\\/28\\\/sergio-sanchez-jugar-en-lorca-y-en-el-artes-carrasco-es-un-orgullo-y-algo-que-me-hace-mucha-ilusion\\\/#respond\"]}]},{\"@type\":\"WebPage\",\"@id\":\"https:\\\/\\\/arealorcaradio.es\\\/index.php\\\/2025\\\/03\\\/28\\\/sergio-sanchez-jugar-en-lorca-y-en-el-artes-carrasco-es-un-orgullo-y-algo-que-me-hace-mucha-ilusion\\\/\",\"url\":\"https:\\\/\\\/arealorcaradio.es\\\/index.php\\\/2025\\\/03\\\/28\\\/sergio-sanchez-jugar-en-lorca-y-en-el-artes-carrasco-es-un-orgullo-y-algo-que-me-hace-mucha-ilusion\\\/\",\"name\":\"Sergio S\u00e1nchez: \\\"Jugar en Lorca y en el Artes Carrasco es un orgullo y algo que me hace mucha ilusi\u00f3n\\\" - AREA LORCA RADIO\",\"isPartOf\":{\"@id\":\"https:\\\/\\\/arealorcaradio.es\\\/#website\"},\"primaryImageOfPage\":{\"@id\":\"https:\\\/\\\/arealorcaradio.es\\\/index.php\\\/2025\\\/03\\\/28\\\/sergio-sanchez-jugar-en-lorca-y-en-el-artes-carrasco-es-un-orgullo-y-algo-que-me-hace-mucha-ilusion\\\/#primaryimage\"},\"image\":{\"@id\":\"https:\\\/\\\/arealorcaradio.es\\\/index.php\\\/2025\\\/03\\\/28\\\/sergio-sanchez-jugar-en-lorca-y-en-el-artes-carrasco-es-un-orgullo-y-algo-que-me-hace-mucha-ilusion\\\/#primaryimage\"},\"thumbnailUrl\":\"https:\\\/\\\/arealorcaradio.es\\\/wp-content\\\/uploads\\\/2025\\\/03\\\/IMG-20250328-WA0025.jpg\",\"datePublished\":\"2025-03-28T17:53:50+00:00\",\"author\":{\"@id\":\"https:\\\/\\\/arealorcaradio.es\\\/#\\\/schema\\\/person\\\/9fae605fc25b0f2c83c1ab207139bd27\"},\"breadcrumb\":{\"@id\":\"https:\\\/\\\/arealorcaradio.es\\\/index.php\\\/2025\\\/03\\\/28\\\/sergio-sanchez-jugar-en-lorca-y-en-el-artes-carrasco-es-un-orgullo-y-algo-que-me-hace-mucha-ilusion\\\/#breadcrumb\"},\"inLanguage\":\"es\",\"potentialAction\":[{\"@type\":\"ReadAction\",\"target\":[\"https:\\\/\\\/arealorcaradio.es\\\/index.php\\\/2025\\\/03\\\/28\\\/sergio-sanchez-jugar-en-lorca-y-en-el-artes-carrasco-es-un-orgullo-y-algo-que-me-hace-mucha-ilusion\\\/\"]}]},{\"@type\":\"ImageObject\",\"inLanguage\":\"es\",\"@id\":\"https:\\\/\\\/arealorcaradio.es\\\/index.php\\\/2025\\\/03\\\/28\\\/sergio-sanchez-jugar-en-lorca-y-en-el-artes-carrasco-es-un-orgullo-y-algo-que-me-hace-mucha-ilusion\\\/#primaryimage\",\"url\":\"https:\\\/\\\/arealorcaradio.es\\\/wp-content\\\/uploads\\\/2025\\\/03\\\/IMG-20250328-WA0025.jpg\",\"contentUrl\":\"https:\\\/\\\/arealorcaradio.es\\\/wp-content\\\/uploads\\\/2025\\\/03\\\/IMG-20250328-WA0025.jpg\",\"width\":2048,\"height\":1365},{\"@type\":\"BreadcrumbList\",\"@id\":\"https:\\\/\\\/arealorcaradio.es\\\/index.php\\\/2025\\\/03\\\/28\\\/sergio-sanchez-jugar-en-lorca-y-en-el-artes-carrasco-es-un-orgullo-y-algo-que-me-hace-mucha-ilusion\\\/#breadcrumb\",\"itemListElement\":[{\"@type\":\"ListItem\",\"position\":1,\"name\":\"Portada\",\"item\":\"https:\\\/\\\/arealorcaradio.es\\\/\"},{\"@type\":\"ListItem\",\"position\":2,\"name\":\"Sergio S\u00e1nchez: \u00abJugar en Lorca y en el Artes Carrasco es un orgullo y algo que me hace mucha ilusi\u00f3n\u00bb\"}]},{\"@type\":\"WebSite\",\"@id\":\"https:\\\/\\\/arealorcaradio.es\\\/#website\",\"url\":\"https:\\\/\\\/arealorcaradio.es\\\/\",\"name\":\"AREA LORCA RADIO\",\"description\":\"Descubre la programaci\u00f3n actual en \u00c1rea Lorca Radio, tu fuente de entrenamiento y noticias locales. Sintoniza ahora y mantente conectado online.\",\"potentialAction\":[{\"@type\":\"SearchAction\",\"target\":{\"@type\":\"EntryPoint\",\"urlTemplate\":\"https:\\\/\\\/arealorcaradio.es\\\/?s={search_term_string}\"},\"query-input\":{\"@type\":\"PropertyValueSpecification\",\"valueRequired\":true,\"valueName\":\"search_term_string\"}}],\"inLanguage\":\"es\"},{\"@type\":\"Person\",\"@id\":\"https:\\\/\\\/arealorcaradio.es\\\/#\\\/schema\\\/person\\\/9fae605fc25b0f2c83c1ab207139bd27\",\"name\":\"Paco S\u00e1nchez\",\"image\":{\"@type\":\"ImageObject\",\"inLanguage\":\"es\",\"@id\":\"https:\\\/\\\/secure.gravatar.com\\\/avatar\\\/d67144e966420fb74aa84c9f2a0103be4724fd14db52b52d3b6bca749f257e79?s=96&d=mm&r=g\",\"url\":\"https:\\\/\\\/secure.gravatar.com\\\/avatar\\\/d67144e966420fb74aa84c9f2a0103be4724fd14db52b52d3b6bca749f257e79?s=96&d=mm&r=g\",\"contentUrl\":\"https:\\\/\\\/secure.gravatar.com\\\/avatar\\\/d67144e966420fb74aa84c9f2a0103be4724fd14db52b52d3b6bca749f257e79?s=96&d=mm&r=g\",\"caption\":\"Paco S\u00e1nchez\"},\"sameAs\":[\"https:\\\/\\\/arealorcaradio.es\"],\"url\":\"https:\\\/\\\/arealorcaradio.es\\\/index.php\\\/author\\\/admin_alorcaradio\\\/\"}]}<\/script>\n<!-- \/ Yoast SEO plugin. -->","yoast_head_json":{"title":"Sergio S\u00e1nchez: \"Jugar en Lorca y en el Artes Carrasco es un orgullo y algo que me hace mucha ilusi\u00f3n\" - AREA LORCA RADIO","robots":{"index":"index","follow":"follow","max-snippet":"max-snippet:-1","max-image-preview":"max-image-preview:large","max-video-preview":"max-video-preview:-1"},"canonical":"https:\/\/arealorcaradio.es\/index.php\/2025\/03\/28\/sergio-sanchez-jugar-en-lorca-y-en-el-artes-carrasco-es-un-orgullo-y-algo-que-me-hace-mucha-ilusion\/","og_locale":"es_ES","og_type":"article","og_title":"Sergio S\u00e1nchez: \"Jugar en Lorca y en el Artes Carrasco es un orgullo y algo que me hace mucha ilusi\u00f3n\" - AREA LORCA RADIO","og_description":"\u00c1REA LORCA RADIO. Deportes. Escucha aqu\u00ed la entrevista que ha concedido el lateral derecho de El Palmar, el lorquino Sergio S\u00e1nchez a Paco S\u00e1nchez en el programa deportivo de \u00c1rea Lorca Radio. Sergio comenz\u00f3 la temporada con una lesi\u00f3n en la primera jornada de la competici\u00f3n pero una vez recuperado entr\u00f3 al equipo para no [&hellip;]","og_url":"https:\/\/arealorcaradio.es\/index.php\/2025\/03\/28\/sergio-sanchez-jugar-en-lorca-y-en-el-artes-carrasco-es-un-orgullo-y-algo-que-me-hace-mucha-ilusion\/","og_site_name":"AREA LORCA RADIO","article_published_time":"2025-03-28T17:53:50+00:00","og_image":[{"width":2048,"height":1365,"url":"https:\/\/arealorcaradio.es\/wp-content\/uploads\/2025\/03\/IMG-20250328-WA0025.jpg","type":"image\/jpeg"}],"author":"Paco S\u00e1nchez","twitter_card":"summary_large_image","twitter_misc":{"Escrito por":"Paco S\u00e1nchez","Tiempo de lectura":"2 minutos"},"schema":{"@context":"https:\/\/schema.org","@graph":[{"@type":"Article","@id":"https:\/\/arealorcaradio.es\/index.php\/2025\/03\/28\/sergio-sanchez-jugar-en-lorca-y-en-el-artes-carrasco-es-un-orgullo-y-algo-que-me-hace-mucha-ilusion\/#article","isPartOf":{"@id":"https:\/\/arealorcaradio.es\/index.php\/2025\/03\/28\/sergio-sanchez-jugar-en-lorca-y-en-el-artes-carrasco-es-un-orgullo-y-algo-que-me-hace-mucha-ilusion\/"},"author":{"name":"Paco S\u00e1nchez","@id":"https:\/\/arealorcaradio.es\/#\/schema\/person\/9fae605fc25b0f2c83c1ab207139bd27"},"headline":"Sergio S\u00e1nchez: \u00abJugar en Lorca y en el Artes Carrasco es un orgullo y algo que me hace mucha ilusi\u00f3n\u00bb","datePublished":"2025-03-28T17:53:50+00:00","mainEntityOfPage":{"@id":"https:\/\/arealorcaradio.es\/index.php\/2025\/03\/28\/sergio-sanchez-jugar-en-lorca-y-en-el-artes-carrasco-es-un-orgullo-y-algo-que-me-hace-mucha-ilusion\/"},"wordCount":107,"commentCount":0,"image":{"@id":"https:\/\/arealorcaradio.es\/index.php\/2025\/03\/28\/sergio-sanchez-jugar-en-lorca-y-en-el-artes-carrasco-es-un-orgullo-y-algo-que-me-hace-mucha-ilusion\/#primaryimage"},"thumbnailUrl":"https:\/\/arealorcaradio.es\/wp-content\/uploads\/2025\/03\/IMG-20250328-WA0025.jpg","articleSection":["DEPORTES","LORCA"],"inLanguage":"es","potentialAction":[{"@type":"CommentAction","name":"Comment","target":["https:\/\/arealorcaradio.es\/index.php\/2025\/03\/28\/sergio-sanchez-jugar-en-lorca-y-en-el-artes-carrasco-es-un-orgullo-y-algo-que-me-hace-mucha-ilusion\/#respond"]}]},{"@type":"WebPage","@id":"https:\/\/arealorcaradio.es\/index.php\/2025\/03\/28\/sergio-sanchez-jugar-en-lorca-y-en-el-artes-carrasco-es-un-orgullo-y-algo-que-me-hace-mucha-ilusion\/","url":"https:\/\/arealorcaradio.es\/index.php\/2025\/03\/28\/sergio-sanchez-jugar-en-lorca-y-en-el-artes-carrasco-es-un-orgullo-y-algo-que-me-hace-mucha-ilusion\/","name":"Sergio S\u00e1nchez: \"Jugar en Lorca y en el Artes Carrasco es un orgullo y algo que me hace mucha ilusi\u00f3n\" - AREA LORCA RADIO","isPartOf":{"@id":"https:\/\/arealorcaradio.es\/#website"},"primaryImageOfPage":{"@id":"https:\/\/arealorcaradio.es\/index.php\/2025\/03\/28\/sergio-sanchez-jugar-en-lorca-y-en-el-artes-carrasco-es-un-orgullo-y-algo-que-me-hace-mucha-ilusion\/#primaryimage"},"image":{"@id":"https:\/\/arealorcaradio.es\/index.php\/2025\/03\/28\/sergio-sanchez-jugar-en-lorca-y-en-el-artes-carrasco-es-un-orgullo-y-algo-que-me-hace-mucha-ilusion\/#primaryimage"},"thumbnailUrl":"https:\/\/arealorcaradio.es\/wp-content\/uploads\/2025\/03\/IMG-20250328-WA0025.jpg","datePublished":"2025-03-28T17:53:50+00:00","author":{"@id":"https:\/\/arealorcaradio.es\/#\/schema\/person\/9fae605fc25b0f2c83c1ab207139bd27"},"breadcrumb":{"@id":"https:\/\/arealorcaradio.es\/index.php\/2025\/03\/28\/sergio-sanchez-jugar-en-lorca-y-en-el-artes-carrasco-es-un-orgullo-y-algo-que-me-hace-mucha-ilusion\/#breadcrumb"},"inLanguage":"es","potentialAction":[{"@type":"ReadAction","target":["https:\/\/arealorcaradio.es\/index.php\/2025\/03\/28\/sergio-sanchez-jugar-en-lorca-y-en-el-artes-carrasco-es-un-orgullo-y-algo-que-me-hace-mucha-ilusion\/"]}]},{"@type":"ImageObject","inLanguage":"es","@id":"https:\/\/arealorcaradio.es\/index.php\/2025\/03\/28\/sergio-sanchez-jugar-en-lorca-y-en-el-artes-carrasco-es-un-orgullo-y-algo-que-me-hace-mucha-ilusion\/#primaryimage","url":"https:\/\/arealorcaradio.es\/wp-content\/uploads\/2025\/03\/IMG-20250328-WA0025.jpg","contentUrl":"https:\/\/arealorcaradio.es\/wp-content\/uploads\/2025\/03\/IMG-20250328-WA0025.jpg","width":2048,"height":1365},{"@type":"BreadcrumbList","@id":"https:\/\/arealorcaradio.es\/index.php\/2025\/03\/28\/sergio-sanchez-jugar-en-lorca-y-en-el-artes-carrasco-es-un-orgullo-y-algo-que-me-hace-mucha-ilusion\/#breadcrumb","itemListElement":[{"@type":"ListItem","position":1,"name":"Portada","item":"https:\/\/arealorcaradio.es\/"},{"@type":"ListItem","position":2,"name":"Sergio S\u00e1nchez: \u00abJugar en Lorca y en el Artes Carrasco es un orgullo y algo que me hace mucha ilusi\u00f3n\u00bb"}]},{"@type":"WebSite","@id":"https:\/\/arealorcaradio.es\/#website","url":"https:\/\/arealorcaradio.es\/","name":"AREA LORCA RADIO","description":"Descubre la programaci\u00f3n actual en \u00c1rea Lorca Radio, tu fuente de entrenamiento y noticias locales. Sintoniza ahora y mantente conectado online.","potentialAction":[{"@type":"SearchAction","target":{"@type":"EntryPoint","urlTemplate":"https:\/\/arealorcaradio.es\/?s={search_term_string}"},"query-input":{"@type":"PropertyValueSpecification","valueRequired":true,"valueName":"search_term_string"}}],"inLanguage":"es"},{"@type":"Person","@id":"https:\/\/arealorcaradio.es\/#\/schema\/person\/9fae605fc25b0f2c83c1ab207139bd27","name":"Paco S\u00e1nchez","image":{"@type":"ImageObject","inLanguage":"es","@id":"https:\/\/secure.gravatar.com\/avatar\/d67144e966420fb74aa84c9f2a0103be4724fd14db52b52d3b6bca749f257e79?s=96&d=mm&r=g","url":"https:\/\/secure.gravatar.com\/avatar\/d67144e966420fb74aa84c9f2a0103be4724fd14db52b52d3b6bca749f257e79?s=96&d=mm&r=g","contentUrl":"https:\/\/secure.gravatar.com\/avatar\/d67144e966420fb74aa84c9f2a0103be4724fd14db52b52d3b6bca749f257e79?s=96&d=mm&r=g","caption":"Paco S\u00e1nchez"},"sameAs":["https:\/\/arealorcaradio.es"],"url":"https:\/\/arealorcaradio.es\/index.php\/author\/admin_alorcaradio\/"}]}},"_links":{"self":[{"href":"https:\/\/arealorcaradio.es\/index.php\/wp-json\/wp\/v2\/posts\/6104","targetHints":{"allow":["GET"]}}],"collection":[{"href":"https:\/\/arealorcaradio.es\/index.php\/wp-json\/wp\/v2\/posts"}],"about":[{"href":"https:\/\/arealorcaradio.es\/index.php\/wp-json\/wp\/v2\/types\/post"}],"author":[{"embeddable":true,"href":"https:\/\/arealorcaradio.es\/index.php\/wp-json\/wp\/v2\/users\/1"}],"replies":[{"embeddable":true,"href":"https:\/\/arealorcaradio.es\/index.php\/wp-json\/wp\/v2\/comments?post=6104"}],"version-history":[{"count":2,"href":"https:\/\/arealorcaradio.es\/index.php\/wp-json\/wp\/v2\/posts\/6104\/revisions"}],"predecessor-version":[{"id":6111,"href":"https:\/\/arealorcaradio.es\/index.php\/wp-json\/wp\/v2\/posts\/6104\/revisions\/6111"}],"wp:featuredmedia":[{"embeddable":true,"href":"https:\/\/arealorcaradio.es\/index.php\/wp-json\/wp\/v2\/media\/6107"}],"wp:attachment":[{"href":"https:\/\/arealorcaradio.es\/index.php\/wp-json\/wp\/v2\/media?parent=6104"}],"wp:term":[{"taxonomy":"category","embeddable":true,"href":"https:\/\/arealorcaradio.es\/index.php\/wp-json\/wp\/v2\/categories?post=6104"},{"taxonomy":"post_tag","embeddable":true,"href":"https:\/\/arealorcaradio.es\/index.php\/wp-json\/wp\/v2\/tags?post=6104"}],"curies":[{"name":"wp","href":"https:\/\/api.w.org\/{rel}","templated":true}]}}