{"id":6099,"date":"2025-03-27T18:47:26","date_gmt":"2025-03-27T18:47:26","guid":{"rendered":"https:\/\/arealorcaradio.es\/?p=6099"},"modified":"2025-03-27T18:47:26","modified_gmt":"2025-03-27T18:47:26","slug":"el-ultimo-tren-de-borrascas-abre-el-debate-sobre-el-cambio-climatico-si-cambio-climatico-no-entre-los-ciudadanos","status":"publish","type":"post","link":"https:\/\/arealorcaradio.es\/index.php\/2025\/03\/27\/el-ultimo-tren-de-borrascas-abre-el-debate-sobre-el-cambio-climatico-si-cambio-climatico-no-entre-los-ciudadanos\/","title":{"rendered":"El \u00faltimo tren de borrascas abre el debate sobre el cambio clim\u00e1tico s\u00ed, cambio clim\u00e1tico no, entre los ciudadanos"},"content":{"rendered":"<p><strong>\u00c1REA LORCA RADIO.<\/strong><\/p>\n<p>Escucha aqu\u00ed la reflexi\u00f3n del escritor Francisco Jos\u00e9 Motos con Paco S\u00e1nchez en el magazine de \u00c1rea Lorca Radio, \u00abCambio clim\u00e1tico s\u00ed, cambio clim\u00e1tico no\u00bb, cada uno puede sacar sus propias conclusiones. Estos \u00faltimos episodios de lluvias han dejado en los embalses cantidades importantes que vienen muy bien para la agricultura y garantizan al menos durante todo este 2025 reservas del l\u00edquido elemento.<\/p>\n<audio class=\"wp-audio-shortcode\" id=\"audio-6099-1\" preload=\"none\" style=\"width: 100%;\" controls=\"controls\"><source type=\"audio\/mpeg\" src=\"https:\/\/arealorcaradio.es\/wp-content\/uploads\/2025\/03\/270325-FCO-JOSE-MOTOS.-MEDIO-AMBIENTE.mp3?_=1\" \/><a href=\"https:\/\/arealorcaradio.es\/wp-content\/uploads\/2025\/03\/270325-FCO-JOSE-MOTOS.-MEDIO-AMBIENTE.mp3\">https:\/\/arealorcaradio.es\/wp-content\/uploads\/2025\/03\/270325-FCO-JOSE-MOTOS.-MEDIO-AMBIENTE.mp3<\/a><\/audio>\n","protected":false},"excerpt":{"rendered":"<p>\u00c1REA LORCA RADIO. Escucha aqu\u00ed la reflexi\u00f3n del escritor Francisco Jos\u00e9 Motos con Paco S\u00e1nchez en el magazine de \u00c1rea Lorca Radio, \u00abCambio clim\u00e1tico s\u00ed, cambio clim\u00e1tico no\u00bb, cada uno puede sacar sus propias conclusiones. Estos \u00faltimos episodios de lluvias han dejado en los embalses cantidades importantes que vienen muy bien para la agricultura y [&hellip;]<\/p>\n","protected":false},"author":1,"featured_media":6101,"comment_status":"open","ping_status":"open","sticky":false,"template":"","format":"standard","meta":{"iawp_total_views":45,"footnotes":""},"categories":[5,7],"tags":[],"class_list":["post-6099","post","type-post","status-publish","format-standard","has-post-thumbnail","hentry","category-actualidad","category-lorca"],"yoast_head":"<!-- This site is optimized with the Yoast SEO plugin v27.5 - https:\/\/yoast.com\/product\/yoast-seo-wordpress\/ -->\n<title>El \u00faltimo tren de borrascas abre el debate sobre el cambio clim\u00e1tico s\u00ed, cambio clim\u00e1tico no, entre los ciudadanos - AREA LORCA RADIO<\/title>\n<meta name=\"robots\" content=\"index, follow, max-snippet:-1, max-image-preview:large, max-video-preview:-1\" \/>\n<link rel=\"canonical\" href=\"https:\/\/arealorcaradio.es\/index.php\/2025\/03\/27\/el-ultimo-tren-de-borrascas-abre-el-debate-sobre-el-cambio-climatico-si-cambio-climatico-no-entre-los-ciudadanos\/\" \/>\n<meta property=\"og:locale\" content=\"es_ES\" \/>\n<meta property=\"og:type\" content=\"article\" \/>\n<meta property=\"og:title\" content=\"El \u00faltimo tren de borrascas abre el debate sobre el cambio clim\u00e1tico s\u00ed, cambio clim\u00e1tico no, entre los ciudadanos - AREA LORCA RADIO\" \/>\n<meta property=\"og:description\" content=\"\u00c1REA LORCA RADIO. Escucha aqu\u00ed la reflexi\u00f3n del escritor Francisco Jos\u00e9 Motos con Paco S\u00e1nchez en el magazine de \u00c1rea Lorca Radio, \u00abCambio clim\u00e1tico s\u00ed, cambio clim\u00e1tico no\u00bb, cada uno puede sacar sus propias conclusiones. Estos \u00faltimos episodios de lluvias han dejado en los embalses cantidades importantes que vienen muy bien para la agricultura y [&hellip;]\" \/>\n<meta property=\"og:url\" content=\"https:\/\/arealorcaradio.es\/index.php\/2025\/03\/27\/el-ultimo-tren-de-borrascas-abre-el-debate-sobre-el-cambio-climatico-si-cambio-climatico-no-entre-los-ciudadanos\/\" \/>\n<meta property=\"og:site_name\" content=\"AREA LORCA RADIO\" \/>\n<meta property=\"article:published_time\" content=\"2025-03-27T18:47:26+00:00\" \/>\n<meta property=\"og:image\" content=\"https:\/\/arealorcaradio.es\/wp-content\/uploads\/2025\/03\/20250327_165841-scaled.jpg\" \/>\n\t<meta property=\"og:image:width\" content=\"2560\" \/>\n\t<meta property=\"og:image:height\" content=\"1920\" \/>\n\t<meta property=\"og:image:type\" content=\"image\/jpeg\" \/>\n<meta name=\"author\" content=\"Paco S\u00e1nchez\" \/>\n<meta name=\"twitter:card\" content=\"summary_large_image\" \/>\n<meta name=\"twitter:label1\" content=\"Escrito por\" \/>\n\t<meta name=\"twitter:data1\" content=\"Paco S\u00e1nchez\" \/>\n\t<meta name=\"twitter:label2\" content=\"Tiempo de lectura\" \/>\n\t<meta name=\"twitter:data2\" content=\"1 minuto\" \/>\n<script type=\"application\/ld+json\" class=\"yoast-schema-graph\">{\"@context\":\"https:\\\/\\\/schema.org\",\"@graph\":[{\"@type\":\"Article\",\"@id\":\"https:\\\/\\\/arealorcaradio.es\\\/index.php\\\/2025\\\/03\\\/27\\\/el-ultimo-tren-de-borrascas-abre-el-debate-sobre-el-cambio-climatico-si-cambio-climatico-no-entre-los-ciudadanos\\\/#article\",\"isPartOf\":{\"@id\":\"https:\\\/\\\/arealorcaradio.es\\\/index.php\\\/2025\\\/03\\\/27\\\/el-ultimo-tren-de-borrascas-abre-el-debate-sobre-el-cambio-climatico-si-cambio-climatico-no-entre-los-ciudadanos\\\/\"},\"author\":{\"name\":\"Paco S\u00e1nchez\",\"@id\":\"https:\\\/\\\/arealorcaradio.es\\\/#\\\/schema\\\/person\\\/9fae605fc25b0f2c83c1ab207139bd27\"},\"headline\":\"El \u00faltimo tren de borrascas abre el debate sobre el cambio clim\u00e1tico s\u00ed, cambio clim\u00e1tico no, entre los ciudadanos\",\"datePublished\":\"2025-03-27T18:47:26+00:00\",\"mainEntityOfPage\":{\"@id\":\"https:\\\/\\\/arealorcaradio.es\\\/index.php\\\/2025\\\/03\\\/27\\\/el-ultimo-tren-de-borrascas-abre-el-debate-sobre-el-cambio-climatico-si-cambio-climatico-no-entre-los-ciudadanos\\\/\"},\"wordCount\":102,\"commentCount\":0,\"image\":{\"@id\":\"https:\\\/\\\/arealorcaradio.es\\\/index.php\\\/2025\\\/03\\\/27\\\/el-ultimo-tren-de-borrascas-abre-el-debate-sobre-el-cambio-climatico-si-cambio-climatico-no-entre-los-ciudadanos\\\/#primaryimage\"},\"thumbnailUrl\":\"https:\\\/\\\/arealorcaradio.es\\\/wp-content\\\/uploads\\\/2025\\\/03\\\/20250327_165841-scaled.jpg\",\"articleSection\":[\"ACTUALIDAD\",\"LORCA\"],\"inLanguage\":\"es\",\"potentialAction\":[{\"@type\":\"CommentAction\",\"name\":\"Comment\",\"target\":[\"https:\\\/\\\/arealorcaradio.es\\\/index.php\\\/2025\\\/03\\\/27\\\/el-ultimo-tren-de-borrascas-abre-el-debate-sobre-el-cambio-climatico-si-cambio-climatico-no-entre-los-ciudadanos\\\/#respond\"]}]},{\"@type\":\"WebPage\",\"@id\":\"https:\\\/\\\/arealorcaradio.es\\\/index.php\\\/2025\\\/03\\\/27\\\/el-ultimo-tren-de-borrascas-abre-el-debate-sobre-el-cambio-climatico-si-cambio-climatico-no-entre-los-ciudadanos\\\/\",\"url\":\"https:\\\/\\\/arealorcaradio.es\\\/index.php\\\/2025\\\/03\\\/27\\\/el-ultimo-tren-de-borrascas-abre-el-debate-sobre-el-cambio-climatico-si-cambio-climatico-no-entre-los-ciudadanos\\\/\",\"name\":\"El \u00faltimo tren de borrascas abre el debate sobre el cambio clim\u00e1tico s\u00ed, cambio clim\u00e1tico no, entre los ciudadanos - AREA LORCA RADIO\",\"isPartOf\":{\"@id\":\"https:\\\/\\\/arealorcaradio.es\\\/#website\"},\"primaryImageOfPage\":{\"@id\":\"https:\\\/\\\/arealorcaradio.es\\\/index.php\\\/2025\\\/03\\\/27\\\/el-ultimo-tren-de-borrascas-abre-el-debate-sobre-el-cambio-climatico-si-cambio-climatico-no-entre-los-ciudadanos\\\/#primaryimage\"},\"image\":{\"@id\":\"https:\\\/\\\/arealorcaradio.es\\\/index.php\\\/2025\\\/03\\\/27\\\/el-ultimo-tren-de-borrascas-abre-el-debate-sobre-el-cambio-climatico-si-cambio-climatico-no-entre-los-ciudadanos\\\/#primaryimage\"},\"thumbnailUrl\":\"https:\\\/\\\/arealorcaradio.es\\\/wp-content\\\/uploads\\\/2025\\\/03\\\/20250327_165841-scaled.jpg\",\"datePublished\":\"2025-03-27T18:47:26+00:00\",\"author\":{\"@id\":\"https:\\\/\\\/arealorcaradio.es\\\/#\\\/schema\\\/person\\\/9fae605fc25b0f2c83c1ab207139bd27\"},\"breadcrumb\":{\"@id\":\"https:\\\/\\\/arealorcaradio.es\\\/index.php\\\/2025\\\/03\\\/27\\\/el-ultimo-tren-de-borrascas-abre-el-debate-sobre-el-cambio-climatico-si-cambio-climatico-no-entre-los-ciudadanos\\\/#breadcrumb\"},\"inLanguage\":\"es\",\"potentialAction\":[{\"@type\":\"ReadAction\",\"target\":[\"https:\\\/\\\/arealorcaradio.es\\\/index.php\\\/2025\\\/03\\\/27\\\/el-ultimo-tren-de-borrascas-abre-el-debate-sobre-el-cambio-climatico-si-cambio-climatico-no-entre-los-ciudadanos\\\/\"]}]},{\"@type\":\"ImageObject\",\"inLanguage\":\"es\",\"@id\":\"https:\\\/\\\/arealorcaradio.es\\\/index.php\\\/2025\\\/03\\\/27\\\/el-ultimo-tren-de-borrascas-abre-el-debate-sobre-el-cambio-climatico-si-cambio-climatico-no-entre-los-ciudadanos\\\/#primaryimage\",\"url\":\"https:\\\/\\\/arealorcaradio.es\\\/wp-content\\\/uploads\\\/2025\\\/03\\\/20250327_165841-scaled.jpg\",\"contentUrl\":\"https:\\\/\\\/arealorcaradio.es\\\/wp-content\\\/uploads\\\/2025\\\/03\\\/20250327_165841-scaled.jpg\",\"width\":2560,\"height\":1920},{\"@type\":\"BreadcrumbList\",\"@id\":\"https:\\\/\\\/arealorcaradio.es\\\/index.php\\\/2025\\\/03\\\/27\\\/el-ultimo-tren-de-borrascas-abre-el-debate-sobre-el-cambio-climatico-si-cambio-climatico-no-entre-los-ciudadanos\\\/#breadcrumb\",\"itemListElement\":[{\"@type\":\"ListItem\",\"position\":1,\"name\":\"Portada\",\"item\":\"https:\\\/\\\/arealorcaradio.es\\\/\"},{\"@type\":\"ListItem\",\"position\":2,\"name\":\"El \u00faltimo tren de borrascas abre el debate sobre el cambio clim\u00e1tico s\u00ed, cambio clim\u00e1tico no, entre los ciudadanos\"}]},{\"@type\":\"WebSite\",\"@id\":\"https:\\\/\\\/arealorcaradio.es\\\/#website\",\"url\":\"https:\\\/\\\/arealorcaradio.es\\\/\",\"name\":\"AREA LORCA RADIO\",\"description\":\"Descubre la programaci\u00f3n actual en \u00c1rea Lorca Radio, tu fuente de entrenamiento y noticias locales. Sintoniza ahora y mantente conectado online.\",\"potentialAction\":[{\"@type\":\"SearchAction\",\"target\":{\"@type\":\"EntryPoint\",\"urlTemplate\":\"https:\\\/\\\/arealorcaradio.es\\\/?s={search_term_string}\"},\"query-input\":{\"@type\":\"PropertyValueSpecification\",\"valueRequired\":true,\"valueName\":\"search_term_string\"}}],\"inLanguage\":\"es\"},{\"@type\":\"Person\",\"@id\":\"https:\\\/\\\/arealorcaradio.es\\\/#\\\/schema\\\/person\\\/9fae605fc25b0f2c83c1ab207139bd27\",\"name\":\"Paco S\u00e1nchez\",\"image\":{\"@type\":\"ImageObject\",\"inLanguage\":\"es\",\"@id\":\"https:\\\/\\\/secure.gravatar.com\\\/avatar\\\/d67144e966420fb74aa84c9f2a0103be4724fd14db52b52d3b6bca749f257e79?s=96&d=mm&r=g\",\"url\":\"https:\\\/\\\/secure.gravatar.com\\\/avatar\\\/d67144e966420fb74aa84c9f2a0103be4724fd14db52b52d3b6bca749f257e79?s=96&d=mm&r=g\",\"contentUrl\":\"https:\\\/\\\/secure.gravatar.com\\\/avatar\\\/d67144e966420fb74aa84c9f2a0103be4724fd14db52b52d3b6bca749f257e79?s=96&d=mm&r=g\",\"caption\":\"Paco S\u00e1nchez\"},\"sameAs\":[\"https:\\\/\\\/arealorcaradio.es\"],\"url\":\"https:\\\/\\\/arealorcaradio.es\\\/index.php\\\/author\\\/admin_alorcaradio\\\/\"}]}<\/script>\n<!-- \/ Yoast SEO plugin. -->","yoast_head_json":{"title":"El \u00faltimo tren de borrascas abre el debate sobre el cambio clim\u00e1tico s\u00ed, cambio clim\u00e1tico no, entre los ciudadanos - AREA LORCA RADIO","robots":{"index":"index","follow":"follow","max-snippet":"max-snippet:-1","max-image-preview":"max-image-preview:large","max-video-preview":"max-video-preview:-1"},"canonical":"https:\/\/arealorcaradio.es\/index.php\/2025\/03\/27\/el-ultimo-tren-de-borrascas-abre-el-debate-sobre-el-cambio-climatico-si-cambio-climatico-no-entre-los-ciudadanos\/","og_locale":"es_ES","og_type":"article","og_title":"El \u00faltimo tren de borrascas abre el debate sobre el cambio clim\u00e1tico s\u00ed, cambio clim\u00e1tico no, entre los ciudadanos - AREA LORCA RADIO","og_description":"\u00c1REA LORCA RADIO. Escucha aqu\u00ed la reflexi\u00f3n del escritor Francisco Jos\u00e9 Motos con Paco S\u00e1nchez en el magazine de \u00c1rea Lorca Radio, \u00abCambio clim\u00e1tico s\u00ed, cambio clim\u00e1tico no\u00bb, cada uno puede sacar sus propias conclusiones. Estos \u00faltimos episodios de lluvias han dejado en los embalses cantidades importantes que vienen muy bien para la agricultura y [&hellip;]","og_url":"https:\/\/arealorcaradio.es\/index.php\/2025\/03\/27\/el-ultimo-tren-de-borrascas-abre-el-debate-sobre-el-cambio-climatico-si-cambio-climatico-no-entre-los-ciudadanos\/","og_site_name":"AREA LORCA RADIO","article_published_time":"2025-03-27T18:47:26+00:00","og_image":[{"width":2560,"height":1920,"url":"https:\/\/arealorcaradio.es\/wp-content\/uploads\/2025\/03\/20250327_165841-scaled.jpg","type":"image\/jpeg"}],"author":"Paco S\u00e1nchez","twitter_card":"summary_large_image","twitter_misc":{"Escrito por":"Paco S\u00e1nchez","Tiempo de lectura":"1 minuto"},"schema":{"@context":"https:\/\/schema.org","@graph":[{"@type":"Article","@id":"https:\/\/arealorcaradio.es\/index.php\/2025\/03\/27\/el-ultimo-tren-de-borrascas-abre-el-debate-sobre-el-cambio-climatico-si-cambio-climatico-no-entre-los-ciudadanos\/#article","isPartOf":{"@id":"https:\/\/arealorcaradio.es\/index.php\/2025\/03\/27\/el-ultimo-tren-de-borrascas-abre-el-debate-sobre-el-cambio-climatico-si-cambio-climatico-no-entre-los-ciudadanos\/"},"author":{"name":"Paco S\u00e1nchez","@id":"https:\/\/arealorcaradio.es\/#\/schema\/person\/9fae605fc25b0f2c83c1ab207139bd27"},"headline":"El \u00faltimo tren de borrascas abre el debate sobre el cambio clim\u00e1tico s\u00ed, cambio clim\u00e1tico no, entre los ciudadanos","datePublished":"2025-03-27T18:47:26+00:00","mainEntityOfPage":{"@id":"https:\/\/arealorcaradio.es\/index.php\/2025\/03\/27\/el-ultimo-tren-de-borrascas-abre-el-debate-sobre-el-cambio-climatico-si-cambio-climatico-no-entre-los-ciudadanos\/"},"wordCount":102,"commentCount":0,"image":{"@id":"https:\/\/arealorcaradio.es\/index.php\/2025\/03\/27\/el-ultimo-tren-de-borrascas-abre-el-debate-sobre-el-cambio-climatico-si-cambio-climatico-no-entre-los-ciudadanos\/#primaryimage"},"thumbnailUrl":"https:\/\/arealorcaradio.es\/wp-content\/uploads\/2025\/03\/20250327_165841-scaled.jpg","articleSection":["ACTUALIDAD","LORCA"],"inLanguage":"es","potentialAction":[{"@type":"CommentAction","name":"Comment","target":["https:\/\/arealorcaradio.es\/index.php\/2025\/03\/27\/el-ultimo-tren-de-borrascas-abre-el-debate-sobre-el-cambio-climatico-si-cambio-climatico-no-entre-los-ciudadanos\/#respond"]}]},{"@type":"WebPage","@id":"https:\/\/arealorcaradio.es\/index.php\/2025\/03\/27\/el-ultimo-tren-de-borrascas-abre-el-debate-sobre-el-cambio-climatico-si-cambio-climatico-no-entre-los-ciudadanos\/","url":"https:\/\/arealorcaradio.es\/index.php\/2025\/03\/27\/el-ultimo-tren-de-borrascas-abre-el-debate-sobre-el-cambio-climatico-si-cambio-climatico-no-entre-los-ciudadanos\/","name":"El \u00faltimo tren de borrascas abre el debate sobre el cambio clim\u00e1tico s\u00ed, cambio clim\u00e1tico no, entre los ciudadanos - AREA LORCA RADIO","isPartOf":{"@id":"https:\/\/arealorcaradio.es\/#website"},"primaryImageOfPage":{"@id":"https:\/\/arealorcaradio.es\/index.php\/2025\/03\/27\/el-ultimo-tren-de-borrascas-abre-el-debate-sobre-el-cambio-climatico-si-cambio-climatico-no-entre-los-ciudadanos\/#primaryimage"},"image":{"@id":"https:\/\/arealorcaradio.es\/index.php\/2025\/03\/27\/el-ultimo-tren-de-borrascas-abre-el-debate-sobre-el-cambio-climatico-si-cambio-climatico-no-entre-los-ciudadanos\/#primaryimage"},"thumbnailUrl":"https:\/\/arealorcaradio.es\/wp-content\/uploads\/2025\/03\/20250327_165841-scaled.jpg","datePublished":"2025-03-27T18:47:26+00:00","author":{"@id":"https:\/\/arealorcaradio.es\/#\/schema\/person\/9fae605fc25b0f2c83c1ab207139bd27"},"breadcrumb":{"@id":"https:\/\/arealorcaradio.es\/index.php\/2025\/03\/27\/el-ultimo-tren-de-borrascas-abre-el-debate-sobre-el-cambio-climatico-si-cambio-climatico-no-entre-los-ciudadanos\/#breadcrumb"},"inLanguage":"es","potentialAction":[{"@type":"ReadAction","target":["https:\/\/arealorcaradio.es\/index.php\/2025\/03\/27\/el-ultimo-tren-de-borrascas-abre-el-debate-sobre-el-cambio-climatico-si-cambio-climatico-no-entre-los-ciudadanos\/"]}]},{"@type":"ImageObject","inLanguage":"es","@id":"https:\/\/arealorcaradio.es\/index.php\/2025\/03\/27\/el-ultimo-tren-de-borrascas-abre-el-debate-sobre-el-cambio-climatico-si-cambio-climatico-no-entre-los-ciudadanos\/#primaryimage","url":"https:\/\/arealorcaradio.es\/wp-content\/uploads\/2025\/03\/20250327_165841-scaled.jpg","contentUrl":"https:\/\/arealorcaradio.es\/wp-content\/uploads\/2025\/03\/20250327_165841-scaled.jpg","width":2560,"height":1920},{"@type":"BreadcrumbList","@id":"https:\/\/arealorcaradio.es\/index.php\/2025\/03\/27\/el-ultimo-tren-de-borrascas-abre-el-debate-sobre-el-cambio-climatico-si-cambio-climatico-no-entre-los-ciudadanos\/#breadcrumb","itemListElement":[{"@type":"ListItem","position":1,"name":"Portada","item":"https:\/\/arealorcaradio.es\/"},{"@type":"ListItem","position":2,"name":"El \u00faltimo tren de borrascas abre el debate sobre el cambio clim\u00e1tico s\u00ed, cambio clim\u00e1tico no, entre los ciudadanos"}]},{"@type":"WebSite","@id":"https:\/\/arealorcaradio.es\/#website","url":"https:\/\/arealorcaradio.es\/","name":"AREA LORCA RADIO","description":"Descubre la programaci\u00f3n actual en \u00c1rea Lorca Radio, tu fuente de entrenamiento y noticias locales. Sintoniza ahora y mantente conectado online.","potentialAction":[{"@type":"SearchAction","target":{"@type":"EntryPoint","urlTemplate":"https:\/\/arealorcaradio.es\/?s={search_term_string}"},"query-input":{"@type":"PropertyValueSpecification","valueRequired":true,"valueName":"search_term_string"}}],"inLanguage":"es"},{"@type":"Person","@id":"https:\/\/arealorcaradio.es\/#\/schema\/person\/9fae605fc25b0f2c83c1ab207139bd27","name":"Paco S\u00e1nchez","image":{"@type":"ImageObject","inLanguage":"es","@id":"https:\/\/secure.gravatar.com\/avatar\/d67144e966420fb74aa84c9f2a0103be4724fd14db52b52d3b6bca749f257e79?s=96&d=mm&r=g","url":"https:\/\/secure.gravatar.com\/avatar\/d67144e966420fb74aa84c9f2a0103be4724fd14db52b52d3b6bca749f257e79?s=96&d=mm&r=g","contentUrl":"https:\/\/secure.gravatar.com\/avatar\/d67144e966420fb74aa84c9f2a0103be4724fd14db52b52d3b6bca749f257e79?s=96&d=mm&r=g","caption":"Paco S\u00e1nchez"},"sameAs":["https:\/\/arealorcaradio.es"],"url":"https:\/\/arealorcaradio.es\/index.php\/author\/admin_alorcaradio\/"}]}},"_links":{"self":[{"href":"https:\/\/arealorcaradio.es\/index.php\/wp-json\/wp\/v2\/posts\/6099","targetHints":{"allow":["GET"]}}],"collection":[{"href":"https:\/\/arealorcaradio.es\/index.php\/wp-json\/wp\/v2\/posts"}],"about":[{"href":"https:\/\/arealorcaradio.es\/index.php\/wp-json\/wp\/v2\/types\/post"}],"author":[{"embeddable":true,"href":"https:\/\/arealorcaradio.es\/index.php\/wp-json\/wp\/v2\/users\/1"}],"replies":[{"embeddable":true,"href":"https:\/\/arealorcaradio.es\/index.php\/wp-json\/wp\/v2\/comments?post=6099"}],"version-history":[{"count":2,"href":"https:\/\/arealorcaradio.es\/index.php\/wp-json\/wp\/v2\/posts\/6099\/revisions"}],"predecessor-version":[{"id":6103,"href":"https:\/\/arealorcaradio.es\/index.php\/wp-json\/wp\/v2\/posts\/6099\/revisions\/6103"}],"wp:featuredmedia":[{"embeddable":true,"href":"https:\/\/arealorcaradio.es\/index.php\/wp-json\/wp\/v2\/media\/6101"}],"wp:attachment":[{"href":"https:\/\/arealorcaradio.es\/index.php\/wp-json\/wp\/v2\/media?parent=6099"}],"wp:term":[{"taxonomy":"category","embeddable":true,"href":"https:\/\/arealorcaradio.es\/index.php\/wp-json\/wp\/v2\/categories?post=6099"},{"taxonomy":"post_tag","embeddable":true,"href":"https:\/\/arealorcaradio.es\/index.php\/wp-json\/wp\/v2\/tags?post=6099"}],"curies":[{"name":"wp","href":"https:\/\/api.w.org\/{rel}","templated":true}]}}