{"id":6080,"date":"2025-03-27T12:28:54","date_gmt":"2025-03-27T12:28:54","guid":{"rendered":"https:\/\/arealorcaradio.es\/?p=6080"},"modified":"2025-03-27T12:28:54","modified_gmt":"2025-03-27T12:28:54","slug":"el-monte-calvario-de-lorca-acogera-el-5-de-abril-a-las-21-horas-un-concierto-extraordinario-de-musica-cofrade-por-el-25o-aniversario-de-la-bajada-penitencial-del-cristo-de-la-misericordia","status":"publish","type":"post","link":"https:\/\/arealorcaradio.es\/index.php\/2025\/03\/27\/el-monte-calvario-de-lorca-acogera-el-5-de-abril-a-las-21-horas-un-concierto-extraordinario-de-musica-cofrade-por-el-25o-aniversario-de-la-bajada-penitencial-del-cristo-de-la-misericordia\/","title":{"rendered":"El Monte Calvario de Lorca acoger\u00e1 el 5 de abril a las 21 horas un concierto extraordinario de m\u00fasica cofrade por el 25\u00ba aniversario de la Bajada Penitencial del Cristo de la Misericordia"},"content":{"rendered":"<p><strong>\u00c1REA LORCA RADIO. Cultura.<\/strong><\/p>\n<p class=\"v1MsoNormal\"><b>26 de marzo de 2025.<\/b> El concejal de Cultura del Ayuntamiento de Lorca, Santiago Parra, el presidente del Paso Morado, \u00c1ngel Latorre, el presidente del Paso Blanco, Ram\u00f3n Mateos y el director de la Agrupaci\u00f3n Musical Virgen de La Amargura (Paso Blanco) Francisco Javier Garc\u00eda Zafra, han presentado este jueves en el Museo del Viacrucis el concierto extraordinario de m\u00fasica cofrade que ofrecer\u00e1 la Agrupaci\u00f3n Musical Nuestra Se\u00f1ora de la Virgen de la Amargura (Paso Blanco) con motivo del vig\u00e9simo quinto Aniversario de la Bajada Penitencial del Sant\u00edsimo Cristo de la Misericordia.<\/p>\n<p class=\"v1MsoNormal\">Esta actuaci\u00f3n musical tendr\u00e1 lugar el 5 de abril en la explanada de El Calvario a partir de las 21 horas. Escuchamos a los protagonistas por este orden: \u00c1ngel Latorre, Ram\u00f3n Mateos, Santiago Parra y Francisco Javier Garc\u00eda Zafra en una pieza elaborada para el magazine de \u00c1rea Lorca Radio tras la presentaci\u00f3n en el Museo del Viacrucis (Paso Morado).<\/p>\n<audio class=\"wp-audio-shortcode\" id=\"audio-6080-1\" preload=\"none\" style=\"width: 100%;\" controls=\"controls\"><source type=\"audio\/mpeg\" src=\"https:\/\/arealorcaradio.es\/wp-content\/uploads\/2025\/03\/270325-NOTICIA-CONCIERTO-PASO-MORADO.mp3?_=1\" \/><a href=\"https:\/\/arealorcaradio.es\/wp-content\/uploads\/2025\/03\/270325-NOTICIA-CONCIERTO-PASO-MORADO.mp3\">https:\/\/arealorcaradio.es\/wp-content\/uploads\/2025\/03\/270325-NOTICIA-CONCIERTO-PASO-MORADO.mp3<\/a><\/audio>\n<p>&nbsp;<\/p>\n<p class=\"v1MsoNormal\"><img loading=\"lazy\" decoding=\"async\" class=\"alignnone size-medium wp-image-6082\" src=\"https:\/\/arealorcaradio.es\/wp-content\/uploads\/2025\/03\/WhatsApp-Image-2025-03-27-at-12.49.36-300x200.jpeg\" alt=\"\" width=\"300\" height=\"200\" srcset=\"https:\/\/arealorcaradio.es\/wp-content\/uploads\/2025\/03\/WhatsApp-Image-2025-03-27-at-12.49.36-300x200.jpeg 300w, https:\/\/arealorcaradio.es\/wp-content\/uploads\/2025\/03\/WhatsApp-Image-2025-03-27-at-12.49.36-1024x682.jpeg 1024w, https:\/\/arealorcaradio.es\/wp-content\/uploads\/2025\/03\/WhatsApp-Image-2025-03-27-at-12.49.36-768x512.jpeg 768w, https:\/\/arealorcaradio.es\/wp-content\/uploads\/2025\/03\/WhatsApp-Image-2025-03-27-at-12.49.36-1536x1023.jpeg 1536w, https:\/\/arealorcaradio.es\/wp-content\/uploads\/2025\/03\/WhatsApp-Image-2025-03-27-at-12.49.36.jpeg 1600w\" sizes=\"auto, (max-width: 300px) 100vw, 300px\" \/> <img loading=\"lazy\" decoding=\"async\" class=\"alignnone size-medium wp-image-6083\" src=\"https:\/\/arealorcaradio.es\/wp-content\/uploads\/2025\/03\/FOTO3-3-300x200.jpeg\" alt=\"\" width=\"300\" height=\"200\" srcset=\"https:\/\/arealorcaradio.es\/wp-content\/uploads\/2025\/03\/FOTO3-3-300x200.jpeg 300w, https:\/\/arealorcaradio.es\/wp-content\/uploads\/2025\/03\/FOTO3-3-1024x682.jpeg 1024w, https:\/\/arealorcaradio.es\/wp-content\/uploads\/2025\/03\/FOTO3-3-768x512.jpeg 768w, https:\/\/arealorcaradio.es\/wp-content\/uploads\/2025\/03\/FOTO3-3-1536x1023.jpeg 1536w, https:\/\/arealorcaradio.es\/wp-content\/uploads\/2025\/03\/FOTO3-3.jpeg 1600w\" sizes=\"auto, (max-width: 300px) 100vw, 300px\" \/><\/p>\n<p class=\"v1MsoNormal\">Cabe recordar que en el a\u00f1o 2000, el Paso Morado tomo la iniciativa de efectuar la bajada penitencial desde la Ermita Mayor de El Calvario hasta la Iglesia del Carmen, todos los mi\u00e9rcoles santos por la noche, del Sant\u00edsimo Cristo de la Misericordia, acompa\u00f1ado y portado por treinta y tres Hermanos del Socorro, en alusi\u00f3n a la edad que ten\u00eda Cristo cuando fue crucificado, una tradici\u00f3n que se ha perseverado hasta la fecha y a la que cada a\u00f1o asisten miles de lorquinos y visitantes.<\/p>\n","protected":false},"excerpt":{"rendered":"<p>\u00c1REA LORCA RADIO. Cultura. 26 de marzo de 2025. El concejal de Cultura del Ayuntamiento de Lorca, Santiago Parra, el presidente del Paso Morado, \u00c1ngel Latorre, el presidente del Paso Blanco, Ram\u00f3n Mateos y el director de la Agrupaci\u00f3n Musical Virgen de La Amargura (Paso Blanco) Francisco Javier Garc\u00eda Zafra, han presentado este jueves en [&hellip;]<\/p>\n","protected":false},"author":1,"featured_media":6084,"comment_status":"open","ping_status":"open","sticky":false,"template":"","format":"standard","meta":{"iawp_total_views":37,"footnotes":""},"categories":[5,7],"tags":[],"class_list":["post-6080","post","type-post","status-publish","format-standard","has-post-thumbnail","hentry","category-actualidad","category-lorca"],"yoast_head":"<!-- This site is optimized with the Yoast SEO plugin v27.5 - https:\/\/yoast.com\/product\/yoast-seo-wordpress\/ -->\n<title>El Monte Calvario de Lorca acoger\u00e1 el 5 de abril a las 21 horas un concierto extraordinario de m\u00fasica cofrade por el 25\u00ba aniversario de la Bajada Penitencial del Cristo de la Misericordia - AREA LORCA RADIO<\/title>\n<meta name=\"robots\" content=\"index, follow, max-snippet:-1, max-image-preview:large, max-video-preview:-1\" \/>\n<link rel=\"canonical\" href=\"https:\/\/arealorcaradio.es\/index.php\/2025\/03\/27\/el-monte-calvario-de-lorca-acogera-el-5-de-abril-a-las-21-horas-un-concierto-extraordinario-de-musica-cofrade-por-el-25o-aniversario-de-la-bajada-penitencial-del-cristo-de-la-misericordia\/\" \/>\n<meta property=\"og:locale\" content=\"es_ES\" \/>\n<meta property=\"og:type\" content=\"article\" \/>\n<meta property=\"og:title\" content=\"El Monte Calvario de Lorca acoger\u00e1 el 5 de abril a las 21 horas un concierto extraordinario de m\u00fasica cofrade por el 25\u00ba aniversario de la Bajada Penitencial del Cristo de la Misericordia - AREA LORCA RADIO\" \/>\n<meta property=\"og:description\" content=\"\u00c1REA LORCA RADIO. Cultura. 26 de marzo de 2025. El concejal de Cultura del Ayuntamiento de Lorca, Santiago Parra, el presidente del Paso Morado, \u00c1ngel Latorre, el presidente del Paso Blanco, Ram\u00f3n Mateos y el director de la Agrupaci\u00f3n Musical Virgen de La Amargura (Paso Blanco) Francisco Javier Garc\u00eda Zafra, han presentado este jueves en [&hellip;]\" \/>\n<meta property=\"og:url\" content=\"https:\/\/arealorcaradio.es\/index.php\/2025\/03\/27\/el-monte-calvario-de-lorca-acogera-el-5-de-abril-a-las-21-horas-un-concierto-extraordinario-de-musica-cofrade-por-el-25o-aniversario-de-la-bajada-penitencial-del-cristo-de-la-misericordia\/\" \/>\n<meta property=\"og:site_name\" content=\"AREA LORCA RADIO\" \/>\n<meta property=\"article:published_time\" content=\"2025-03-27T12:28:54+00:00\" \/>\n<meta property=\"og:image\" content=\"https:\/\/arealorcaradio.es\/wp-content\/uploads\/2025\/03\/WhatsApp-Image-2025-03-27-at-12.49.35-1.jpeg\" \/>\n\t<meta property=\"og:image:width\" content=\"1600\" \/>\n\t<meta property=\"og:image:height\" content=\"1066\" \/>\n\t<meta property=\"og:image:type\" content=\"image\/jpeg\" \/>\n<meta name=\"author\" content=\"Paco S\u00e1nchez\" \/>\n<meta name=\"twitter:card\" content=\"summary_large_image\" \/>\n<meta name=\"twitter:label1\" content=\"Escrito por\" \/>\n\t<meta name=\"twitter:data1\" content=\"Paco S\u00e1nchez\" \/>\n\t<meta name=\"twitter:label2\" content=\"Tiempo de lectura\" \/>\n\t<meta name=\"twitter:data2\" content=\"2 minutos\" \/>\n<script type=\"application\/ld+json\" class=\"yoast-schema-graph\">{\"@context\":\"https:\\\/\\\/schema.org\",\"@graph\":[{\"@type\":\"Article\",\"@id\":\"https:\\\/\\\/arealorcaradio.es\\\/index.php\\\/2025\\\/03\\\/27\\\/el-monte-calvario-de-lorca-acogera-el-5-de-abril-a-las-21-horas-un-concierto-extraordinario-de-musica-cofrade-por-el-25o-aniversario-de-la-bajada-penitencial-del-cristo-de-la-misericordia\\\/#article\",\"isPartOf\":{\"@id\":\"https:\\\/\\\/arealorcaradio.es\\\/index.php\\\/2025\\\/03\\\/27\\\/el-monte-calvario-de-lorca-acogera-el-5-de-abril-a-las-21-horas-un-concierto-extraordinario-de-musica-cofrade-por-el-25o-aniversario-de-la-bajada-penitencial-del-cristo-de-la-misericordia\\\/\"},\"author\":{\"name\":\"Paco S\u00e1nchez\",\"@id\":\"https:\\\/\\\/arealorcaradio.es\\\/#\\\/schema\\\/person\\\/9fae605fc25b0f2c83c1ab207139bd27\"},\"headline\":\"El Monte Calvario de Lorca acoger\u00e1 el 5 de abril a las 21 horas un concierto extraordinario de m\u00fasica cofrade por el 25\u00ba aniversario de la Bajada Penitencial del Cristo de la Misericordia\",\"datePublished\":\"2025-03-27T12:28:54+00:00\",\"mainEntityOfPage\":{\"@id\":\"https:\\\/\\\/arealorcaradio.es\\\/index.php\\\/2025\\\/03\\\/27\\\/el-monte-calvario-de-lorca-acogera-el-5-de-abril-a-las-21-horas-un-concierto-extraordinario-de-musica-cofrade-por-el-25o-aniversario-de-la-bajada-penitencial-del-cristo-de-la-misericordia\\\/\"},\"wordCount\":298,\"commentCount\":0,\"image\":{\"@id\":\"https:\\\/\\\/arealorcaradio.es\\\/index.php\\\/2025\\\/03\\\/27\\\/el-monte-calvario-de-lorca-acogera-el-5-de-abril-a-las-21-horas-un-concierto-extraordinario-de-musica-cofrade-por-el-25o-aniversario-de-la-bajada-penitencial-del-cristo-de-la-misericordia\\\/#primaryimage\"},\"thumbnailUrl\":\"https:\\\/\\\/arealorcaradio.es\\\/wp-content\\\/uploads\\\/2025\\\/03\\\/WhatsApp-Image-2025-03-27-at-12.49.35-1.jpeg\",\"articleSection\":[\"ACTUALIDAD\",\"LORCA\"],\"inLanguage\":\"es\",\"potentialAction\":[{\"@type\":\"CommentAction\",\"name\":\"Comment\",\"target\":[\"https:\\\/\\\/arealorcaradio.es\\\/index.php\\\/2025\\\/03\\\/27\\\/el-monte-calvario-de-lorca-acogera-el-5-de-abril-a-las-21-horas-un-concierto-extraordinario-de-musica-cofrade-por-el-25o-aniversario-de-la-bajada-penitencial-del-cristo-de-la-misericordia\\\/#respond\"]}]},{\"@type\":\"WebPage\",\"@id\":\"https:\\\/\\\/arealorcaradio.es\\\/index.php\\\/2025\\\/03\\\/27\\\/el-monte-calvario-de-lorca-acogera-el-5-de-abril-a-las-21-horas-un-concierto-extraordinario-de-musica-cofrade-por-el-25o-aniversario-de-la-bajada-penitencial-del-cristo-de-la-misericordia\\\/\",\"url\":\"https:\\\/\\\/arealorcaradio.es\\\/index.php\\\/2025\\\/03\\\/27\\\/el-monte-calvario-de-lorca-acogera-el-5-de-abril-a-las-21-horas-un-concierto-extraordinario-de-musica-cofrade-por-el-25o-aniversario-de-la-bajada-penitencial-del-cristo-de-la-misericordia\\\/\",\"name\":\"El Monte Calvario de Lorca acoger\u00e1 el 5 de abril a las 21 horas un concierto extraordinario de m\u00fasica cofrade por el 25\u00ba aniversario de la Bajada Penitencial del Cristo de la Misericordia - AREA LORCA RADIO\",\"isPartOf\":{\"@id\":\"https:\\\/\\\/arealorcaradio.es\\\/#website\"},\"primaryImageOfPage\":{\"@id\":\"https:\\\/\\\/arealorcaradio.es\\\/index.php\\\/2025\\\/03\\\/27\\\/el-monte-calvario-de-lorca-acogera-el-5-de-abril-a-las-21-horas-un-concierto-extraordinario-de-musica-cofrade-por-el-25o-aniversario-de-la-bajada-penitencial-del-cristo-de-la-misericordia\\\/#primaryimage\"},\"image\":{\"@id\":\"https:\\\/\\\/arealorcaradio.es\\\/index.php\\\/2025\\\/03\\\/27\\\/el-monte-calvario-de-lorca-acogera-el-5-de-abril-a-las-21-horas-un-concierto-extraordinario-de-musica-cofrade-por-el-25o-aniversario-de-la-bajada-penitencial-del-cristo-de-la-misericordia\\\/#primaryimage\"},\"thumbnailUrl\":\"https:\\\/\\\/arealorcaradio.es\\\/wp-content\\\/uploads\\\/2025\\\/03\\\/WhatsApp-Image-2025-03-27-at-12.49.35-1.jpeg\",\"datePublished\":\"2025-03-27T12:28:54+00:00\",\"author\":{\"@id\":\"https:\\\/\\\/arealorcaradio.es\\\/#\\\/schema\\\/person\\\/9fae605fc25b0f2c83c1ab207139bd27\"},\"breadcrumb\":{\"@id\":\"https:\\\/\\\/arealorcaradio.es\\\/index.php\\\/2025\\\/03\\\/27\\\/el-monte-calvario-de-lorca-acogera-el-5-de-abril-a-las-21-horas-un-concierto-extraordinario-de-musica-cofrade-por-el-25o-aniversario-de-la-bajada-penitencial-del-cristo-de-la-misericordia\\\/#breadcrumb\"},\"inLanguage\":\"es\",\"potentialAction\":[{\"@type\":\"ReadAction\",\"target\":[\"https:\\\/\\\/arealorcaradio.es\\\/index.php\\\/2025\\\/03\\\/27\\\/el-monte-calvario-de-lorca-acogera-el-5-de-abril-a-las-21-horas-un-concierto-extraordinario-de-musica-cofrade-por-el-25o-aniversario-de-la-bajada-penitencial-del-cristo-de-la-misericordia\\\/\"]}]},{\"@type\":\"ImageObject\",\"inLanguage\":\"es\",\"@id\":\"https:\\\/\\\/arealorcaradio.es\\\/index.php\\\/2025\\\/03\\\/27\\\/el-monte-calvario-de-lorca-acogera-el-5-de-abril-a-las-21-horas-un-concierto-extraordinario-de-musica-cofrade-por-el-25o-aniversario-de-la-bajada-penitencial-del-cristo-de-la-misericordia\\\/#primaryimage\",\"url\":\"https:\\\/\\\/arealorcaradio.es\\\/wp-content\\\/uploads\\\/2025\\\/03\\\/WhatsApp-Image-2025-03-27-at-12.49.35-1.jpeg\",\"contentUrl\":\"https:\\\/\\\/arealorcaradio.es\\\/wp-content\\\/uploads\\\/2025\\\/03\\\/WhatsApp-Image-2025-03-27-at-12.49.35-1.jpeg\",\"width\":1600,\"height\":1066},{\"@type\":\"BreadcrumbList\",\"@id\":\"https:\\\/\\\/arealorcaradio.es\\\/index.php\\\/2025\\\/03\\\/27\\\/el-monte-calvario-de-lorca-acogera-el-5-de-abril-a-las-21-horas-un-concierto-extraordinario-de-musica-cofrade-por-el-25o-aniversario-de-la-bajada-penitencial-del-cristo-de-la-misericordia\\\/#breadcrumb\",\"itemListElement\":[{\"@type\":\"ListItem\",\"position\":1,\"name\":\"Portada\",\"item\":\"https:\\\/\\\/arealorcaradio.es\\\/\"},{\"@type\":\"ListItem\",\"position\":2,\"name\":\"El Monte Calvario de Lorca acoger\u00e1 el 5 de abril a las 21 horas un concierto extraordinario de m\u00fasica cofrade por el 25\u00ba aniversario de la Bajada Penitencial del Cristo de la Misericordia\"}]},{\"@type\":\"WebSite\",\"@id\":\"https:\\\/\\\/arealorcaradio.es\\\/#website\",\"url\":\"https:\\\/\\\/arealorcaradio.es\\\/\",\"name\":\"AREA LORCA RADIO\",\"description\":\"Descubre la programaci\u00f3n actual en \u00c1rea Lorca Radio, tu fuente de entrenamiento y noticias locales. Sintoniza ahora y mantente conectado online.\",\"potentialAction\":[{\"@type\":\"SearchAction\",\"target\":{\"@type\":\"EntryPoint\",\"urlTemplate\":\"https:\\\/\\\/arealorcaradio.es\\\/?s={search_term_string}\"},\"query-input\":{\"@type\":\"PropertyValueSpecification\",\"valueRequired\":true,\"valueName\":\"search_term_string\"}}],\"inLanguage\":\"es\"},{\"@type\":\"Person\",\"@id\":\"https:\\\/\\\/arealorcaradio.es\\\/#\\\/schema\\\/person\\\/9fae605fc25b0f2c83c1ab207139bd27\",\"name\":\"Paco S\u00e1nchez\",\"image\":{\"@type\":\"ImageObject\",\"inLanguage\":\"es\",\"@id\":\"https:\\\/\\\/secure.gravatar.com\\\/avatar\\\/d67144e966420fb74aa84c9f2a0103be4724fd14db52b52d3b6bca749f257e79?s=96&d=mm&r=g\",\"url\":\"https:\\\/\\\/secure.gravatar.com\\\/avatar\\\/d67144e966420fb74aa84c9f2a0103be4724fd14db52b52d3b6bca749f257e79?s=96&d=mm&r=g\",\"contentUrl\":\"https:\\\/\\\/secure.gravatar.com\\\/avatar\\\/d67144e966420fb74aa84c9f2a0103be4724fd14db52b52d3b6bca749f257e79?s=96&d=mm&r=g\",\"caption\":\"Paco S\u00e1nchez\"},\"sameAs\":[\"https:\\\/\\\/arealorcaradio.es\"],\"url\":\"https:\\\/\\\/arealorcaradio.es\\\/index.php\\\/author\\\/admin_alorcaradio\\\/\"}]}<\/script>\n<!-- \/ Yoast SEO plugin. -->","yoast_head_json":{"title":"El Monte Calvario de Lorca acoger\u00e1 el 5 de abril a las 21 horas un concierto extraordinario de m\u00fasica cofrade por el 25\u00ba aniversario de la Bajada Penitencial del Cristo de la Misericordia - AREA LORCA RADIO","robots":{"index":"index","follow":"follow","max-snippet":"max-snippet:-1","max-image-preview":"max-image-preview:large","max-video-preview":"max-video-preview:-1"},"canonical":"https:\/\/arealorcaradio.es\/index.php\/2025\/03\/27\/el-monte-calvario-de-lorca-acogera-el-5-de-abril-a-las-21-horas-un-concierto-extraordinario-de-musica-cofrade-por-el-25o-aniversario-de-la-bajada-penitencial-del-cristo-de-la-misericordia\/","og_locale":"es_ES","og_type":"article","og_title":"El Monte Calvario de Lorca acoger\u00e1 el 5 de abril a las 21 horas un concierto extraordinario de m\u00fasica cofrade por el 25\u00ba aniversario de la Bajada Penitencial del Cristo de la Misericordia - AREA LORCA RADIO","og_description":"\u00c1REA LORCA RADIO. Cultura. 26 de marzo de 2025. El concejal de Cultura del Ayuntamiento de Lorca, Santiago Parra, el presidente del Paso Morado, \u00c1ngel Latorre, el presidente del Paso Blanco, Ram\u00f3n Mateos y el director de la Agrupaci\u00f3n Musical Virgen de La Amargura (Paso Blanco) Francisco Javier Garc\u00eda Zafra, han presentado este jueves en [&hellip;]","og_url":"https:\/\/arealorcaradio.es\/index.php\/2025\/03\/27\/el-monte-calvario-de-lorca-acogera-el-5-de-abril-a-las-21-horas-un-concierto-extraordinario-de-musica-cofrade-por-el-25o-aniversario-de-la-bajada-penitencial-del-cristo-de-la-misericordia\/","og_site_name":"AREA LORCA RADIO","article_published_time":"2025-03-27T12:28:54+00:00","og_image":[{"width":1600,"height":1066,"url":"https:\/\/arealorcaradio.es\/wp-content\/uploads\/2025\/03\/WhatsApp-Image-2025-03-27-at-12.49.35-1.jpeg","type":"image\/jpeg"}],"author":"Paco S\u00e1nchez","twitter_card":"summary_large_image","twitter_misc":{"Escrito por":"Paco S\u00e1nchez","Tiempo de lectura":"2 minutos"},"schema":{"@context":"https:\/\/schema.org","@graph":[{"@type":"Article","@id":"https:\/\/arealorcaradio.es\/index.php\/2025\/03\/27\/el-monte-calvario-de-lorca-acogera-el-5-de-abril-a-las-21-horas-un-concierto-extraordinario-de-musica-cofrade-por-el-25o-aniversario-de-la-bajada-penitencial-del-cristo-de-la-misericordia\/#article","isPartOf":{"@id":"https:\/\/arealorcaradio.es\/index.php\/2025\/03\/27\/el-monte-calvario-de-lorca-acogera-el-5-de-abril-a-las-21-horas-un-concierto-extraordinario-de-musica-cofrade-por-el-25o-aniversario-de-la-bajada-penitencial-del-cristo-de-la-misericordia\/"},"author":{"name":"Paco S\u00e1nchez","@id":"https:\/\/arealorcaradio.es\/#\/schema\/person\/9fae605fc25b0f2c83c1ab207139bd27"},"headline":"El Monte Calvario de Lorca acoger\u00e1 el 5 de abril a las 21 horas un concierto extraordinario de m\u00fasica cofrade por el 25\u00ba aniversario de la Bajada Penitencial del Cristo de la Misericordia","datePublished":"2025-03-27T12:28:54+00:00","mainEntityOfPage":{"@id":"https:\/\/arealorcaradio.es\/index.php\/2025\/03\/27\/el-monte-calvario-de-lorca-acogera-el-5-de-abril-a-las-21-horas-un-concierto-extraordinario-de-musica-cofrade-por-el-25o-aniversario-de-la-bajada-penitencial-del-cristo-de-la-misericordia\/"},"wordCount":298,"commentCount":0,"image":{"@id":"https:\/\/arealorcaradio.es\/index.php\/2025\/03\/27\/el-monte-calvario-de-lorca-acogera-el-5-de-abril-a-las-21-horas-un-concierto-extraordinario-de-musica-cofrade-por-el-25o-aniversario-de-la-bajada-penitencial-del-cristo-de-la-misericordia\/#primaryimage"},"thumbnailUrl":"https:\/\/arealorcaradio.es\/wp-content\/uploads\/2025\/03\/WhatsApp-Image-2025-03-27-at-12.49.35-1.jpeg","articleSection":["ACTUALIDAD","LORCA"],"inLanguage":"es","potentialAction":[{"@type":"CommentAction","name":"Comment","target":["https:\/\/arealorcaradio.es\/index.php\/2025\/03\/27\/el-monte-calvario-de-lorca-acogera-el-5-de-abril-a-las-21-horas-un-concierto-extraordinario-de-musica-cofrade-por-el-25o-aniversario-de-la-bajada-penitencial-del-cristo-de-la-misericordia\/#respond"]}]},{"@type":"WebPage","@id":"https:\/\/arealorcaradio.es\/index.php\/2025\/03\/27\/el-monte-calvario-de-lorca-acogera-el-5-de-abril-a-las-21-horas-un-concierto-extraordinario-de-musica-cofrade-por-el-25o-aniversario-de-la-bajada-penitencial-del-cristo-de-la-misericordia\/","url":"https:\/\/arealorcaradio.es\/index.php\/2025\/03\/27\/el-monte-calvario-de-lorca-acogera-el-5-de-abril-a-las-21-horas-un-concierto-extraordinario-de-musica-cofrade-por-el-25o-aniversario-de-la-bajada-penitencial-del-cristo-de-la-misericordia\/","name":"El Monte Calvario de Lorca acoger\u00e1 el 5 de abril a las 21 horas un concierto extraordinario de m\u00fasica cofrade por el 25\u00ba aniversario de la Bajada Penitencial del Cristo de la Misericordia - AREA LORCA RADIO","isPartOf":{"@id":"https:\/\/arealorcaradio.es\/#website"},"primaryImageOfPage":{"@id":"https:\/\/arealorcaradio.es\/index.php\/2025\/03\/27\/el-monte-calvario-de-lorca-acogera-el-5-de-abril-a-las-21-horas-un-concierto-extraordinario-de-musica-cofrade-por-el-25o-aniversario-de-la-bajada-penitencial-del-cristo-de-la-misericordia\/#primaryimage"},"image":{"@id":"https:\/\/arealorcaradio.es\/index.php\/2025\/03\/27\/el-monte-calvario-de-lorca-acogera-el-5-de-abril-a-las-21-horas-un-concierto-extraordinario-de-musica-cofrade-por-el-25o-aniversario-de-la-bajada-penitencial-del-cristo-de-la-misericordia\/#primaryimage"},"thumbnailUrl":"https:\/\/arealorcaradio.es\/wp-content\/uploads\/2025\/03\/WhatsApp-Image-2025-03-27-at-12.49.35-1.jpeg","datePublished":"2025-03-27T12:28:54+00:00","author":{"@id":"https:\/\/arealorcaradio.es\/#\/schema\/person\/9fae605fc25b0f2c83c1ab207139bd27"},"breadcrumb":{"@id":"https:\/\/arealorcaradio.es\/index.php\/2025\/03\/27\/el-monte-calvario-de-lorca-acogera-el-5-de-abril-a-las-21-horas-un-concierto-extraordinario-de-musica-cofrade-por-el-25o-aniversario-de-la-bajada-penitencial-del-cristo-de-la-misericordia\/#breadcrumb"},"inLanguage":"es","potentialAction":[{"@type":"ReadAction","target":["https:\/\/arealorcaradio.es\/index.php\/2025\/03\/27\/el-monte-calvario-de-lorca-acogera-el-5-de-abril-a-las-21-horas-un-concierto-extraordinario-de-musica-cofrade-por-el-25o-aniversario-de-la-bajada-penitencial-del-cristo-de-la-misericordia\/"]}]},{"@type":"ImageObject","inLanguage":"es","@id":"https:\/\/arealorcaradio.es\/index.php\/2025\/03\/27\/el-monte-calvario-de-lorca-acogera-el-5-de-abril-a-las-21-horas-un-concierto-extraordinario-de-musica-cofrade-por-el-25o-aniversario-de-la-bajada-penitencial-del-cristo-de-la-misericordia\/#primaryimage","url":"https:\/\/arealorcaradio.es\/wp-content\/uploads\/2025\/03\/WhatsApp-Image-2025-03-27-at-12.49.35-1.jpeg","contentUrl":"https:\/\/arealorcaradio.es\/wp-content\/uploads\/2025\/03\/WhatsApp-Image-2025-03-27-at-12.49.35-1.jpeg","width":1600,"height":1066},{"@type":"BreadcrumbList","@id":"https:\/\/arealorcaradio.es\/index.php\/2025\/03\/27\/el-monte-calvario-de-lorca-acogera-el-5-de-abril-a-las-21-horas-un-concierto-extraordinario-de-musica-cofrade-por-el-25o-aniversario-de-la-bajada-penitencial-del-cristo-de-la-misericordia\/#breadcrumb","itemListElement":[{"@type":"ListItem","position":1,"name":"Portada","item":"https:\/\/arealorcaradio.es\/"},{"@type":"ListItem","position":2,"name":"El Monte Calvario de Lorca acoger\u00e1 el 5 de abril a las 21 horas un concierto extraordinario de m\u00fasica cofrade por el 25\u00ba aniversario de la Bajada Penitencial del Cristo de la Misericordia"}]},{"@type":"WebSite","@id":"https:\/\/arealorcaradio.es\/#website","url":"https:\/\/arealorcaradio.es\/","name":"AREA LORCA RADIO","description":"Descubre la programaci\u00f3n actual en \u00c1rea Lorca Radio, tu fuente de entrenamiento y noticias locales. Sintoniza ahora y mantente conectado online.","potentialAction":[{"@type":"SearchAction","target":{"@type":"EntryPoint","urlTemplate":"https:\/\/arealorcaradio.es\/?s={search_term_string}"},"query-input":{"@type":"PropertyValueSpecification","valueRequired":true,"valueName":"search_term_string"}}],"inLanguage":"es"},{"@type":"Person","@id":"https:\/\/arealorcaradio.es\/#\/schema\/person\/9fae605fc25b0f2c83c1ab207139bd27","name":"Paco S\u00e1nchez","image":{"@type":"ImageObject","inLanguage":"es","@id":"https:\/\/secure.gravatar.com\/avatar\/d67144e966420fb74aa84c9f2a0103be4724fd14db52b52d3b6bca749f257e79?s=96&d=mm&r=g","url":"https:\/\/secure.gravatar.com\/avatar\/d67144e966420fb74aa84c9f2a0103be4724fd14db52b52d3b6bca749f257e79?s=96&d=mm&r=g","contentUrl":"https:\/\/secure.gravatar.com\/avatar\/d67144e966420fb74aa84c9f2a0103be4724fd14db52b52d3b6bca749f257e79?s=96&d=mm&r=g","caption":"Paco S\u00e1nchez"},"sameAs":["https:\/\/arealorcaradio.es"],"url":"https:\/\/arealorcaradio.es\/index.php\/author\/admin_alorcaradio\/"}]}},"_links":{"self":[{"href":"https:\/\/arealorcaradio.es\/index.php\/wp-json\/wp\/v2\/posts\/6080","targetHints":{"allow":["GET"]}}],"collection":[{"href":"https:\/\/arealorcaradio.es\/index.php\/wp-json\/wp\/v2\/posts"}],"about":[{"href":"https:\/\/arealorcaradio.es\/index.php\/wp-json\/wp\/v2\/types\/post"}],"author":[{"embeddable":true,"href":"https:\/\/arealorcaradio.es\/index.php\/wp-json\/wp\/v2\/users\/1"}],"replies":[{"embeddable":true,"href":"https:\/\/arealorcaradio.es\/index.php\/wp-json\/wp\/v2\/comments?post=6080"}],"version-history":[{"count":1,"href":"https:\/\/arealorcaradio.es\/index.php\/wp-json\/wp\/v2\/posts\/6080\/revisions"}],"predecessor-version":[{"id":6085,"href":"https:\/\/arealorcaradio.es\/index.php\/wp-json\/wp\/v2\/posts\/6080\/revisions\/6085"}],"wp:featuredmedia":[{"embeddable":true,"href":"https:\/\/arealorcaradio.es\/index.php\/wp-json\/wp\/v2\/media\/6084"}],"wp:attachment":[{"href":"https:\/\/arealorcaradio.es\/index.php\/wp-json\/wp\/v2\/media?parent=6080"}],"wp:term":[{"taxonomy":"category","embeddable":true,"href":"https:\/\/arealorcaradio.es\/index.php\/wp-json\/wp\/v2\/categories?post=6080"},{"taxonomy":"post_tag","embeddable":true,"href":"https:\/\/arealorcaradio.es\/index.php\/wp-json\/wp\/v2\/tags?post=6080"}],"curies":[{"name":"wp","href":"https:\/\/api.w.org\/{rel}","templated":true}]}}