{"id":6068,"date":"2025-03-26T19:39:09","date_gmt":"2025-03-26T19:39:09","guid":{"rendered":"https:\/\/arealorcaradio.es\/?p=6068"},"modified":"2025-03-26T19:58:57","modified_gmt":"2025-03-26T19:58:57","slug":"bernabe-hernandez-cuento-con-un-gran-grupo-de-chicas-que-han-hecho-una-buena-temporada-en-su-primer-ano-juvenil","status":"publish","type":"post","link":"https:\/\/arealorcaradio.es\/index.php\/2025\/03\/26\/bernabe-hernandez-cuento-con-un-gran-grupo-de-chicas-que-han-hecho-una-buena-temporada-en-su-primer-ano-juvenil\/","title":{"rendered":"Bernab\u00e9 Hern\u00e1ndez: \u00abCuento con un gran grupo de chicas que han hecho una buena temporada en su primer a\u00f1o juvenil\u00bb"},"content":{"rendered":"<p><strong>\u00c1REA LORCA RADIO. Deportes.<\/strong><\/p>\n<p>Escucha aqu\u00ed la entrevista que han concedido a Paco S\u00e1nchez en el programa deportivo de \u00c1rea Lorca Radio el t\u00e9cnico de Eliocroca Juvenil Femenino Grupo B, Bernab\u00e9 Hern\u00e1ndez Cueto, las capitanas Matilde Vidal y Paula Per\u00e1n, adem\u00e1s de Paula S\u00e1nchez y Alicia Garc\u00eda.<\/p>\n<audio class=\"wp-audio-shortcode\" id=\"audio-6068-1\" preload=\"none\" style=\"width: 100%;\" controls=\"controls\"><source type=\"audio\/mpeg\" src=\"https:\/\/arealorcaradio.es\/wp-content\/uploads\/2025\/03\/260325-VOLEIBOL-JUVENIL-FEMENINO.mp3?_=1\" \/><a href=\"https:\/\/arealorcaradio.es\/wp-content\/uploads\/2025\/03\/260325-VOLEIBOL-JUVENIL-FEMENINO.mp3\">https:\/\/arealorcaradio.es\/wp-content\/uploads\/2025\/03\/260325-VOLEIBOL-JUVENIL-FEMENINO.mp3<\/a><\/audio>\n<p>El conjunto lorquino esta quinto clasificado con 23 puntos, uno por detr\u00e1s de CV Alkazar, aunque este equipo tiene un partido m\u00e1s por jugar ante el Belich de San Javier, precisamente el rival de las lorquinas este s\u00e1bado en el Pabell\u00f3n de Las Alamedas en su \u00faltima jornada de la temporada. El balance de las lorquinas es de 8 victorias y 7 derrotas.<\/p>\n<p><img loading=\"lazy\" decoding=\"async\" class=\"alignnone wp-image-6074\" src=\"https:\/\/arealorcaradio.es\/wp-content\/uploads\/2025\/03\/20250326_180144-300x225.jpg\" alt=\"\" width=\"264\" height=\"198\" srcset=\"https:\/\/arealorcaradio.es\/wp-content\/uploads\/2025\/03\/20250326_180144-300x225.jpg 300w, https:\/\/arealorcaradio.es\/wp-content\/uploads\/2025\/03\/20250326_180144-1024x768.jpg 1024w, https:\/\/arealorcaradio.es\/wp-content\/uploads\/2025\/03\/20250326_180144-768x576.jpg 768w, https:\/\/arealorcaradio.es\/wp-content\/uploads\/2025\/03\/20250326_180144-1536x1152.jpg 1536w, https:\/\/arealorcaradio.es\/wp-content\/uploads\/2025\/03\/20250326_180144-2048x1536.jpg 2048w, https:\/\/arealorcaradio.es\/wp-content\/uploads\/2025\/03\/20250326_180144-86x64.jpg 86w\" sizes=\"auto, (max-width: 264px) 100vw, 264px\" \/> <img loading=\"lazy\" decoding=\"async\" class=\"alignnone size-medium wp-image-6075\" src=\"https:\/\/arealorcaradio.es\/wp-content\/uploads\/2025\/03\/IMG-20250326-WA0053-300x200.jpg\" alt=\"\" width=\"300\" height=\"200\" srcset=\"https:\/\/arealorcaradio.es\/wp-content\/uploads\/2025\/03\/IMG-20250326-WA0053-300x200.jpg 300w, https:\/\/arealorcaradio.es\/wp-content\/uploads\/2025\/03\/IMG-20250326-WA0053-1024x683.jpg 1024w, https:\/\/arealorcaradio.es\/wp-content\/uploads\/2025\/03\/IMG-20250326-WA0053-768x512.jpg 768w, https:\/\/arealorcaradio.es\/wp-content\/uploads\/2025\/03\/IMG-20250326-WA0053-1536x1024.jpg 1536w, https:\/\/arealorcaradio.es\/wp-content\/uploads\/2025\/03\/IMG-20250326-WA0053.jpg 1620w\" sizes=\"auto, (max-width: 300px) 100vw, 300px\" \/><\/p>\n<p>Por \u00faltimo, el pr\u00f3ximo mes de junio este equipo participar\u00e1 en el Torneo de Voleibol Internacional \u00abTorrevieja Internacional Cup\u00bb para el cual ya han formalizado su inscripci\u00f3n adem\u00e1s de las lorquinas, casi un centenar de equipos procedentes de toda Espa\u00f1a y otros extranjeros.<\/p>\n<p><img loading=\"lazy\" decoding=\"async\" class=\"alignnone size-medium wp-image-6076\" src=\"https:\/\/arealorcaradio.es\/wp-content\/uploads\/2025\/03\/IMG-20250326-WA0056-300x167.jpg\" alt=\"\" width=\"300\" height=\"167\" srcset=\"https:\/\/arealorcaradio.es\/wp-content\/uploads\/2025\/03\/IMG-20250326-WA0056-300x167.jpg 300w, https:\/\/arealorcaradio.es\/wp-content\/uploads\/2025\/03\/IMG-20250326-WA0056-1024x570.jpg 1024w, https:\/\/arealorcaradio.es\/wp-content\/uploads\/2025\/03\/IMG-20250326-WA0056-768x428.jpg 768w, https:\/\/arealorcaradio.es\/wp-content\/uploads\/2025\/03\/IMG-20250326-WA0056.jpg 1167w\" sizes=\"auto, (max-width: 300px) 100vw, 300px\" \/><\/p>\n","protected":false},"excerpt":{"rendered":"<p>\u00c1REA LORCA RADIO. Deportes. Escucha aqu\u00ed la entrevista que han concedido a Paco S\u00e1nchez en el programa deportivo de \u00c1rea Lorca Radio el t\u00e9cnico de Eliocroca Juvenil Femenino Grupo B, Bernab\u00e9 Hern\u00e1ndez Cueto, las capitanas Matilde Vidal y Paula Per\u00e1n, adem\u00e1s de Paula S\u00e1nchez y Alicia Garc\u00eda. El conjunto lorquino esta quinto clasificado con 23 [&hellip;]<\/p>\n","protected":false},"author":1,"featured_media":6073,"comment_status":"open","ping_status":"open","sticky":false,"template":"","format":"standard","meta":{"iawp_total_views":262,"footnotes":""},"categories":[4,7],"tags":[],"class_list":["post-6068","post","type-post","status-publish","format-standard","has-post-thumbnail","hentry","category-deportes","category-lorca"],"yoast_head":"<!-- This site is optimized with the Yoast SEO plugin v27.5 - https:\/\/yoast.com\/product\/yoast-seo-wordpress\/ -->\n<title>Bernab\u00e9 Hern\u00e1ndez: &quot;Cuento con un gran grupo de chicas que han hecho una buena temporada en su primer a\u00f1o juvenil&quot; - AREA LORCA RADIO<\/title>\n<meta name=\"robots\" content=\"index, follow, max-snippet:-1, max-image-preview:large, max-video-preview:-1\" \/>\n<link rel=\"canonical\" href=\"https:\/\/arealorcaradio.es\/index.php\/2025\/03\/26\/bernabe-hernandez-cuento-con-un-gran-grupo-de-chicas-que-han-hecho-una-buena-temporada-en-su-primer-ano-juvenil\/\" \/>\n<meta property=\"og:locale\" content=\"es_ES\" \/>\n<meta property=\"og:type\" content=\"article\" \/>\n<meta property=\"og:title\" content=\"Bernab\u00e9 Hern\u00e1ndez: &quot;Cuento con un gran grupo de chicas que han hecho una buena temporada en su primer a\u00f1o juvenil&quot; - AREA LORCA RADIO\" \/>\n<meta property=\"og:description\" content=\"\u00c1REA LORCA RADIO. Deportes. Escucha aqu\u00ed la entrevista que han concedido a Paco S\u00e1nchez en el programa deportivo de \u00c1rea Lorca Radio el t\u00e9cnico de Eliocroca Juvenil Femenino Grupo B, Bernab\u00e9 Hern\u00e1ndez Cueto, las capitanas Matilde Vidal y Paula Per\u00e1n, adem\u00e1s de Paula S\u00e1nchez y Alicia Garc\u00eda. El conjunto lorquino esta quinto clasificado con 23 [&hellip;]\" \/>\n<meta property=\"og:url\" content=\"https:\/\/arealorcaradio.es\/index.php\/2025\/03\/26\/bernabe-hernandez-cuento-con-un-gran-grupo-de-chicas-que-han-hecho-una-buena-temporada-en-su-primer-ano-juvenil\/\" \/>\n<meta property=\"og:site_name\" content=\"AREA LORCA RADIO\" \/>\n<meta property=\"article:published_time\" content=\"2025-03-26T19:39:09+00:00\" \/>\n<meta property=\"article:modified_time\" content=\"2025-03-26T19:58:57+00:00\" \/>\n<meta property=\"og:image\" content=\"https:\/\/arealorcaradio.es\/wp-content\/uploads\/2025\/03\/20250326_180247-scaled.jpg\" \/>\n\t<meta property=\"og:image:width\" content=\"2560\" \/>\n\t<meta property=\"og:image:height\" content=\"1920\" \/>\n\t<meta property=\"og:image:type\" content=\"image\/jpeg\" \/>\n<meta name=\"author\" content=\"Paco S\u00e1nchez\" \/>\n<meta name=\"twitter:card\" content=\"summary_large_image\" \/>\n<meta name=\"twitter:label1\" content=\"Escrito por\" \/>\n\t<meta name=\"twitter:data1\" content=\"Paco S\u00e1nchez\" \/>\n\t<meta name=\"twitter:label2\" content=\"Tiempo de lectura\" \/>\n\t<meta name=\"twitter:data2\" content=\"2 minutos\" \/>\n<script type=\"application\/ld+json\" class=\"yoast-schema-graph\">{\"@context\":\"https:\\\/\\\/schema.org\",\"@graph\":[{\"@type\":\"Article\",\"@id\":\"https:\\\/\\\/arealorcaradio.es\\\/index.php\\\/2025\\\/03\\\/26\\\/bernabe-hernandez-cuento-con-un-gran-grupo-de-chicas-que-han-hecho-una-buena-temporada-en-su-primer-ano-juvenil\\\/#article\",\"isPartOf\":{\"@id\":\"https:\\\/\\\/arealorcaradio.es\\\/index.php\\\/2025\\\/03\\\/26\\\/bernabe-hernandez-cuento-con-un-gran-grupo-de-chicas-que-han-hecho-una-buena-temporada-en-su-primer-ano-juvenil\\\/\"},\"author\":{\"name\":\"Paco S\u00e1nchez\",\"@id\":\"https:\\\/\\\/arealorcaradio.es\\\/#\\\/schema\\\/person\\\/9fae605fc25b0f2c83c1ab207139bd27\"},\"headline\":\"Bernab\u00e9 Hern\u00e1ndez: \u00abCuento con un gran grupo de chicas que han hecho una buena temporada en su primer a\u00f1o juvenil\u00bb\",\"datePublished\":\"2025-03-26T19:39:09+00:00\",\"dateModified\":\"2025-03-26T19:58:57+00:00\",\"mainEntityOfPage\":{\"@id\":\"https:\\\/\\\/arealorcaradio.es\\\/index.php\\\/2025\\\/03\\\/26\\\/bernabe-hernandez-cuento-con-un-gran-grupo-de-chicas-que-han-hecho-una-buena-temporada-en-su-primer-ano-juvenil\\\/\"},\"wordCount\":197,\"commentCount\":0,\"image\":{\"@id\":\"https:\\\/\\\/arealorcaradio.es\\\/index.php\\\/2025\\\/03\\\/26\\\/bernabe-hernandez-cuento-con-un-gran-grupo-de-chicas-que-han-hecho-una-buena-temporada-en-su-primer-ano-juvenil\\\/#primaryimage\"},\"thumbnailUrl\":\"https:\\\/\\\/arealorcaradio.es\\\/wp-content\\\/uploads\\\/2025\\\/03\\\/20250326_180247-scaled.jpg\",\"articleSection\":[\"DEPORTES\",\"LORCA\"],\"inLanguage\":\"es\",\"potentialAction\":[{\"@type\":\"CommentAction\",\"name\":\"Comment\",\"target\":[\"https:\\\/\\\/arealorcaradio.es\\\/index.php\\\/2025\\\/03\\\/26\\\/bernabe-hernandez-cuento-con-un-gran-grupo-de-chicas-que-han-hecho-una-buena-temporada-en-su-primer-ano-juvenil\\\/#respond\"]}]},{\"@type\":\"WebPage\",\"@id\":\"https:\\\/\\\/arealorcaradio.es\\\/index.php\\\/2025\\\/03\\\/26\\\/bernabe-hernandez-cuento-con-un-gran-grupo-de-chicas-que-han-hecho-una-buena-temporada-en-su-primer-ano-juvenil\\\/\",\"url\":\"https:\\\/\\\/arealorcaradio.es\\\/index.php\\\/2025\\\/03\\\/26\\\/bernabe-hernandez-cuento-con-un-gran-grupo-de-chicas-que-han-hecho-una-buena-temporada-en-su-primer-ano-juvenil\\\/\",\"name\":\"Bernab\u00e9 Hern\u00e1ndez: \\\"Cuento con un gran grupo de chicas que han hecho una buena temporada en su primer a\u00f1o juvenil\\\" - AREA LORCA RADIO\",\"isPartOf\":{\"@id\":\"https:\\\/\\\/arealorcaradio.es\\\/#website\"},\"primaryImageOfPage\":{\"@id\":\"https:\\\/\\\/arealorcaradio.es\\\/index.php\\\/2025\\\/03\\\/26\\\/bernabe-hernandez-cuento-con-un-gran-grupo-de-chicas-que-han-hecho-una-buena-temporada-en-su-primer-ano-juvenil\\\/#primaryimage\"},\"image\":{\"@id\":\"https:\\\/\\\/arealorcaradio.es\\\/index.php\\\/2025\\\/03\\\/26\\\/bernabe-hernandez-cuento-con-un-gran-grupo-de-chicas-que-han-hecho-una-buena-temporada-en-su-primer-ano-juvenil\\\/#primaryimage\"},\"thumbnailUrl\":\"https:\\\/\\\/arealorcaradio.es\\\/wp-content\\\/uploads\\\/2025\\\/03\\\/20250326_180247-scaled.jpg\",\"datePublished\":\"2025-03-26T19:39:09+00:00\",\"dateModified\":\"2025-03-26T19:58:57+00:00\",\"author\":{\"@id\":\"https:\\\/\\\/arealorcaradio.es\\\/#\\\/schema\\\/person\\\/9fae605fc25b0f2c83c1ab207139bd27\"},\"breadcrumb\":{\"@id\":\"https:\\\/\\\/arealorcaradio.es\\\/index.php\\\/2025\\\/03\\\/26\\\/bernabe-hernandez-cuento-con-un-gran-grupo-de-chicas-que-han-hecho-una-buena-temporada-en-su-primer-ano-juvenil\\\/#breadcrumb\"},\"inLanguage\":\"es\",\"potentialAction\":[{\"@type\":\"ReadAction\",\"target\":[\"https:\\\/\\\/arealorcaradio.es\\\/index.php\\\/2025\\\/03\\\/26\\\/bernabe-hernandez-cuento-con-un-gran-grupo-de-chicas-que-han-hecho-una-buena-temporada-en-su-primer-ano-juvenil\\\/\"]}]},{\"@type\":\"ImageObject\",\"inLanguage\":\"es\",\"@id\":\"https:\\\/\\\/arealorcaradio.es\\\/index.php\\\/2025\\\/03\\\/26\\\/bernabe-hernandez-cuento-con-un-gran-grupo-de-chicas-que-han-hecho-una-buena-temporada-en-su-primer-ano-juvenil\\\/#primaryimage\",\"url\":\"https:\\\/\\\/arealorcaradio.es\\\/wp-content\\\/uploads\\\/2025\\\/03\\\/20250326_180247-scaled.jpg\",\"contentUrl\":\"https:\\\/\\\/arealorcaradio.es\\\/wp-content\\\/uploads\\\/2025\\\/03\\\/20250326_180247-scaled.jpg\",\"width\":2560,\"height\":1920},{\"@type\":\"BreadcrumbList\",\"@id\":\"https:\\\/\\\/arealorcaradio.es\\\/index.php\\\/2025\\\/03\\\/26\\\/bernabe-hernandez-cuento-con-un-gran-grupo-de-chicas-que-han-hecho-una-buena-temporada-en-su-primer-ano-juvenil\\\/#breadcrumb\",\"itemListElement\":[{\"@type\":\"ListItem\",\"position\":1,\"name\":\"Portada\",\"item\":\"https:\\\/\\\/arealorcaradio.es\\\/\"},{\"@type\":\"ListItem\",\"position\":2,\"name\":\"Bernab\u00e9 Hern\u00e1ndez: \u00abCuento con un gran grupo de chicas que han hecho una buena temporada en su primer a\u00f1o juvenil\u00bb\"}]},{\"@type\":\"WebSite\",\"@id\":\"https:\\\/\\\/arealorcaradio.es\\\/#website\",\"url\":\"https:\\\/\\\/arealorcaradio.es\\\/\",\"name\":\"AREA LORCA RADIO\",\"description\":\"Descubre la programaci\u00f3n actual en \u00c1rea Lorca Radio, tu fuente de entrenamiento y noticias locales. Sintoniza ahora y mantente conectado online.\",\"potentialAction\":[{\"@type\":\"SearchAction\",\"target\":{\"@type\":\"EntryPoint\",\"urlTemplate\":\"https:\\\/\\\/arealorcaradio.es\\\/?s={search_term_string}\"},\"query-input\":{\"@type\":\"PropertyValueSpecification\",\"valueRequired\":true,\"valueName\":\"search_term_string\"}}],\"inLanguage\":\"es\"},{\"@type\":\"Person\",\"@id\":\"https:\\\/\\\/arealorcaradio.es\\\/#\\\/schema\\\/person\\\/9fae605fc25b0f2c83c1ab207139bd27\",\"name\":\"Paco S\u00e1nchez\",\"image\":{\"@type\":\"ImageObject\",\"inLanguage\":\"es\",\"@id\":\"https:\\\/\\\/secure.gravatar.com\\\/avatar\\\/d67144e966420fb74aa84c9f2a0103be4724fd14db52b52d3b6bca749f257e79?s=96&d=mm&r=g\",\"url\":\"https:\\\/\\\/secure.gravatar.com\\\/avatar\\\/d67144e966420fb74aa84c9f2a0103be4724fd14db52b52d3b6bca749f257e79?s=96&d=mm&r=g\",\"contentUrl\":\"https:\\\/\\\/secure.gravatar.com\\\/avatar\\\/d67144e966420fb74aa84c9f2a0103be4724fd14db52b52d3b6bca749f257e79?s=96&d=mm&r=g\",\"caption\":\"Paco S\u00e1nchez\"},\"sameAs\":[\"https:\\\/\\\/arealorcaradio.es\"],\"url\":\"https:\\\/\\\/arealorcaradio.es\\\/index.php\\\/author\\\/admin_alorcaradio\\\/\"}]}<\/script>\n<!-- \/ Yoast SEO plugin. -->","yoast_head_json":{"title":"Bernab\u00e9 Hern\u00e1ndez: \"Cuento con un gran grupo de chicas que han hecho una buena temporada en su primer a\u00f1o juvenil\" - AREA LORCA RADIO","robots":{"index":"index","follow":"follow","max-snippet":"max-snippet:-1","max-image-preview":"max-image-preview:large","max-video-preview":"max-video-preview:-1"},"canonical":"https:\/\/arealorcaradio.es\/index.php\/2025\/03\/26\/bernabe-hernandez-cuento-con-un-gran-grupo-de-chicas-que-han-hecho-una-buena-temporada-en-su-primer-ano-juvenil\/","og_locale":"es_ES","og_type":"article","og_title":"Bernab\u00e9 Hern\u00e1ndez: \"Cuento con un gran grupo de chicas que han hecho una buena temporada en su primer a\u00f1o juvenil\" - AREA LORCA RADIO","og_description":"\u00c1REA LORCA RADIO. Deportes. Escucha aqu\u00ed la entrevista que han concedido a Paco S\u00e1nchez en el programa deportivo de \u00c1rea Lorca Radio el t\u00e9cnico de Eliocroca Juvenil Femenino Grupo B, Bernab\u00e9 Hern\u00e1ndez Cueto, las capitanas Matilde Vidal y Paula Per\u00e1n, adem\u00e1s de Paula S\u00e1nchez y Alicia Garc\u00eda. El conjunto lorquino esta quinto clasificado con 23 [&hellip;]","og_url":"https:\/\/arealorcaradio.es\/index.php\/2025\/03\/26\/bernabe-hernandez-cuento-con-un-gran-grupo-de-chicas-que-han-hecho-una-buena-temporada-en-su-primer-ano-juvenil\/","og_site_name":"AREA LORCA RADIO","article_published_time":"2025-03-26T19:39:09+00:00","article_modified_time":"2025-03-26T19:58:57+00:00","og_image":[{"width":2560,"height":1920,"url":"https:\/\/arealorcaradio.es\/wp-content\/uploads\/2025\/03\/20250326_180247-scaled.jpg","type":"image\/jpeg"}],"author":"Paco S\u00e1nchez","twitter_card":"summary_large_image","twitter_misc":{"Escrito por":"Paco S\u00e1nchez","Tiempo de lectura":"2 minutos"},"schema":{"@context":"https:\/\/schema.org","@graph":[{"@type":"Article","@id":"https:\/\/arealorcaradio.es\/index.php\/2025\/03\/26\/bernabe-hernandez-cuento-con-un-gran-grupo-de-chicas-que-han-hecho-una-buena-temporada-en-su-primer-ano-juvenil\/#article","isPartOf":{"@id":"https:\/\/arealorcaradio.es\/index.php\/2025\/03\/26\/bernabe-hernandez-cuento-con-un-gran-grupo-de-chicas-que-han-hecho-una-buena-temporada-en-su-primer-ano-juvenil\/"},"author":{"name":"Paco S\u00e1nchez","@id":"https:\/\/arealorcaradio.es\/#\/schema\/person\/9fae605fc25b0f2c83c1ab207139bd27"},"headline":"Bernab\u00e9 Hern\u00e1ndez: \u00abCuento con un gran grupo de chicas que han hecho una buena temporada en su primer a\u00f1o juvenil\u00bb","datePublished":"2025-03-26T19:39:09+00:00","dateModified":"2025-03-26T19:58:57+00:00","mainEntityOfPage":{"@id":"https:\/\/arealorcaradio.es\/index.php\/2025\/03\/26\/bernabe-hernandez-cuento-con-un-gran-grupo-de-chicas-que-han-hecho-una-buena-temporada-en-su-primer-ano-juvenil\/"},"wordCount":197,"commentCount":0,"image":{"@id":"https:\/\/arealorcaradio.es\/index.php\/2025\/03\/26\/bernabe-hernandez-cuento-con-un-gran-grupo-de-chicas-que-han-hecho-una-buena-temporada-en-su-primer-ano-juvenil\/#primaryimage"},"thumbnailUrl":"https:\/\/arealorcaradio.es\/wp-content\/uploads\/2025\/03\/20250326_180247-scaled.jpg","articleSection":["DEPORTES","LORCA"],"inLanguage":"es","potentialAction":[{"@type":"CommentAction","name":"Comment","target":["https:\/\/arealorcaradio.es\/index.php\/2025\/03\/26\/bernabe-hernandez-cuento-con-un-gran-grupo-de-chicas-que-han-hecho-una-buena-temporada-en-su-primer-ano-juvenil\/#respond"]}]},{"@type":"WebPage","@id":"https:\/\/arealorcaradio.es\/index.php\/2025\/03\/26\/bernabe-hernandez-cuento-con-un-gran-grupo-de-chicas-que-han-hecho-una-buena-temporada-en-su-primer-ano-juvenil\/","url":"https:\/\/arealorcaradio.es\/index.php\/2025\/03\/26\/bernabe-hernandez-cuento-con-un-gran-grupo-de-chicas-que-han-hecho-una-buena-temporada-en-su-primer-ano-juvenil\/","name":"Bernab\u00e9 Hern\u00e1ndez: \"Cuento con un gran grupo de chicas que han hecho una buena temporada en su primer a\u00f1o juvenil\" - AREA LORCA RADIO","isPartOf":{"@id":"https:\/\/arealorcaradio.es\/#website"},"primaryImageOfPage":{"@id":"https:\/\/arealorcaradio.es\/index.php\/2025\/03\/26\/bernabe-hernandez-cuento-con-un-gran-grupo-de-chicas-que-han-hecho-una-buena-temporada-en-su-primer-ano-juvenil\/#primaryimage"},"image":{"@id":"https:\/\/arealorcaradio.es\/index.php\/2025\/03\/26\/bernabe-hernandez-cuento-con-un-gran-grupo-de-chicas-que-han-hecho-una-buena-temporada-en-su-primer-ano-juvenil\/#primaryimage"},"thumbnailUrl":"https:\/\/arealorcaradio.es\/wp-content\/uploads\/2025\/03\/20250326_180247-scaled.jpg","datePublished":"2025-03-26T19:39:09+00:00","dateModified":"2025-03-26T19:58:57+00:00","author":{"@id":"https:\/\/arealorcaradio.es\/#\/schema\/person\/9fae605fc25b0f2c83c1ab207139bd27"},"breadcrumb":{"@id":"https:\/\/arealorcaradio.es\/index.php\/2025\/03\/26\/bernabe-hernandez-cuento-con-un-gran-grupo-de-chicas-que-han-hecho-una-buena-temporada-en-su-primer-ano-juvenil\/#breadcrumb"},"inLanguage":"es","potentialAction":[{"@type":"ReadAction","target":["https:\/\/arealorcaradio.es\/index.php\/2025\/03\/26\/bernabe-hernandez-cuento-con-un-gran-grupo-de-chicas-que-han-hecho-una-buena-temporada-en-su-primer-ano-juvenil\/"]}]},{"@type":"ImageObject","inLanguage":"es","@id":"https:\/\/arealorcaradio.es\/index.php\/2025\/03\/26\/bernabe-hernandez-cuento-con-un-gran-grupo-de-chicas-que-han-hecho-una-buena-temporada-en-su-primer-ano-juvenil\/#primaryimage","url":"https:\/\/arealorcaradio.es\/wp-content\/uploads\/2025\/03\/20250326_180247-scaled.jpg","contentUrl":"https:\/\/arealorcaradio.es\/wp-content\/uploads\/2025\/03\/20250326_180247-scaled.jpg","width":2560,"height":1920},{"@type":"BreadcrumbList","@id":"https:\/\/arealorcaradio.es\/index.php\/2025\/03\/26\/bernabe-hernandez-cuento-con-un-gran-grupo-de-chicas-que-han-hecho-una-buena-temporada-en-su-primer-ano-juvenil\/#breadcrumb","itemListElement":[{"@type":"ListItem","position":1,"name":"Portada","item":"https:\/\/arealorcaradio.es\/"},{"@type":"ListItem","position":2,"name":"Bernab\u00e9 Hern\u00e1ndez: \u00abCuento con un gran grupo de chicas que han hecho una buena temporada en su primer a\u00f1o juvenil\u00bb"}]},{"@type":"WebSite","@id":"https:\/\/arealorcaradio.es\/#website","url":"https:\/\/arealorcaradio.es\/","name":"AREA LORCA RADIO","description":"Descubre la programaci\u00f3n actual en \u00c1rea Lorca Radio, tu fuente de entrenamiento y noticias locales. Sintoniza ahora y mantente conectado online.","potentialAction":[{"@type":"SearchAction","target":{"@type":"EntryPoint","urlTemplate":"https:\/\/arealorcaradio.es\/?s={search_term_string}"},"query-input":{"@type":"PropertyValueSpecification","valueRequired":true,"valueName":"search_term_string"}}],"inLanguage":"es"},{"@type":"Person","@id":"https:\/\/arealorcaradio.es\/#\/schema\/person\/9fae605fc25b0f2c83c1ab207139bd27","name":"Paco S\u00e1nchez","image":{"@type":"ImageObject","inLanguage":"es","@id":"https:\/\/secure.gravatar.com\/avatar\/d67144e966420fb74aa84c9f2a0103be4724fd14db52b52d3b6bca749f257e79?s=96&d=mm&r=g","url":"https:\/\/secure.gravatar.com\/avatar\/d67144e966420fb74aa84c9f2a0103be4724fd14db52b52d3b6bca749f257e79?s=96&d=mm&r=g","contentUrl":"https:\/\/secure.gravatar.com\/avatar\/d67144e966420fb74aa84c9f2a0103be4724fd14db52b52d3b6bca749f257e79?s=96&d=mm&r=g","caption":"Paco S\u00e1nchez"},"sameAs":["https:\/\/arealorcaradio.es"],"url":"https:\/\/arealorcaradio.es\/index.php\/author\/admin_alorcaradio\/"}]}},"_links":{"self":[{"href":"https:\/\/arealorcaradio.es\/index.php\/wp-json\/wp\/v2\/posts\/6068","targetHints":{"allow":["GET"]}}],"collection":[{"href":"https:\/\/arealorcaradio.es\/index.php\/wp-json\/wp\/v2\/posts"}],"about":[{"href":"https:\/\/arealorcaradio.es\/index.php\/wp-json\/wp\/v2\/types\/post"}],"author":[{"embeddable":true,"href":"https:\/\/arealorcaradio.es\/index.php\/wp-json\/wp\/v2\/users\/1"}],"replies":[{"embeddable":true,"href":"https:\/\/arealorcaradio.es\/index.php\/wp-json\/wp\/v2\/comments?post=6068"}],"version-history":[{"count":3,"href":"https:\/\/arealorcaradio.es\/index.php\/wp-json\/wp\/v2\/posts\/6068\/revisions"}],"predecessor-version":[{"id":6079,"href":"https:\/\/arealorcaradio.es\/index.php\/wp-json\/wp\/v2\/posts\/6068\/revisions\/6079"}],"wp:featuredmedia":[{"embeddable":true,"href":"https:\/\/arealorcaradio.es\/index.php\/wp-json\/wp\/v2\/media\/6073"}],"wp:attachment":[{"href":"https:\/\/arealorcaradio.es\/index.php\/wp-json\/wp\/v2\/media?parent=6068"}],"wp:term":[{"taxonomy":"category","embeddable":true,"href":"https:\/\/arealorcaradio.es\/index.php\/wp-json\/wp\/v2\/categories?post=6068"},{"taxonomy":"post_tag","embeddable":true,"href":"https:\/\/arealorcaradio.es\/index.php\/wp-json\/wp\/v2\/tags?post=6068"}],"curies":[{"name":"wp","href":"https:\/\/api.w.org\/{rel}","templated":true}]}}