{"id":6064,"date":"2025-03-26T19:02:37","date_gmt":"2025-03-26T19:02:37","guid":{"rendered":"https:\/\/arealorcaradio.es\/?p=6064"},"modified":"2025-03-26T19:02:37","modified_gmt":"2025-03-26T19:02:37","slug":"juan-francisco-romera-norris-la-seccion-de-balonmano-de-eliocroca-cuenta-con-una-mezcla-veterania-juventud-muy-ilusionante","status":"publish","type":"post","link":"https:\/\/arealorcaradio.es\/index.php\/2025\/03\/26\/juan-francisco-romera-norris-la-seccion-de-balonmano-de-eliocroca-cuenta-con-una-mezcla-veterania-juventud-muy-ilusionante\/","title":{"rendered":"Juan Francisco Romera \u00abNorris\u00bb: \u00abLa secci\u00f3n de Balonmano de Eliocroca cuenta con una mezcla veteran\u00eda-juventud muy ilusionante\u00bb"},"content":{"rendered":"<p><strong>\u00c1REA LORCA RADIO. Deportes.<\/strong><\/p>\n<p>Hoy han pasado por el estudio de \u00c1rea Lorca Radio en su programa deportivo, el responsable de la secci\u00f3n de Balonmano de Eliocroca Juan Francisco Romera \u00abNorris\u00bb, toda una instituci\u00f3n em la secci\u00f3n como es C\u00e1ndido Calventus, el t\u00e9cnico del juvenil masculino Miguel \u00c1ngel Olivares y ala benjamina de la secci\u00f3n F\u00e1tima L\u00f3pez, entrenadora del equipo benjam\u00edn, l\u00edder de su categor\u00eda.<\/p>\n<audio class=\"wp-audio-shortcode\" id=\"audio-6064-1\" preload=\"none\" style=\"width: 100%;\" controls=\"controls\"><source type=\"audio\/mpeg\" src=\"https:\/\/arealorcaradio.es\/wp-content\/uploads\/2025\/03\/260325-ELIOCROCA-BALONMANO-TECNICOS.mp3?_=1\" \/><a href=\"https:\/\/arealorcaradio.es\/wp-content\/uploads\/2025\/03\/260325-ELIOCROCA-BALONMANO-TECNICOS.mp3\">https:\/\/arealorcaradio.es\/wp-content\/uploads\/2025\/03\/260325-ELIOCROCA-BALONMANO-TECNICOS.mp3<\/a><\/audio>\n","protected":false},"excerpt":{"rendered":"<p>\u00c1REA LORCA RADIO. Deportes. Hoy han pasado por el estudio de \u00c1rea Lorca Radio en su programa deportivo, el responsable de la secci\u00f3n de Balonmano de Eliocroca Juan Francisco Romera \u00abNorris\u00bb, toda una instituci\u00f3n em la secci\u00f3n como es C\u00e1ndido Calventus, el t\u00e9cnico del juvenil masculino Miguel \u00c1ngel Olivares y ala benjamina de la secci\u00f3n [&hellip;]<\/p>\n","protected":false},"author":1,"featured_media":6066,"comment_status":"open","ping_status":"open","sticky":false,"template":"","format":"standard","meta":{"iawp_total_views":128,"footnotes":""},"categories":[4,7],"tags":[],"class_list":["post-6064","post","type-post","status-publish","format-standard","has-post-thumbnail","hentry","category-deportes","category-lorca"],"yoast_head":"<!-- This site is optimized with the Yoast SEO plugin v27.5 - https:\/\/yoast.com\/product\/yoast-seo-wordpress\/ -->\n<title>Juan Francisco Romera &quot;Norris&quot;: &quot;La secci\u00f3n de Balonmano de Eliocroca cuenta con una mezcla veteran\u00eda-juventud muy ilusionante&quot; - AREA LORCA RADIO<\/title>\n<meta name=\"robots\" content=\"index, follow, max-snippet:-1, max-image-preview:large, max-video-preview:-1\" \/>\n<link rel=\"canonical\" href=\"https:\/\/arealorcaradio.es\/index.php\/2025\/03\/26\/juan-francisco-romera-norris-la-seccion-de-balonmano-de-eliocroca-cuenta-con-una-mezcla-veterania-juventud-muy-ilusionante\/\" \/>\n<meta property=\"og:locale\" content=\"es_ES\" \/>\n<meta property=\"og:type\" content=\"article\" \/>\n<meta property=\"og:title\" content=\"Juan Francisco Romera &quot;Norris&quot;: &quot;La secci\u00f3n de Balonmano de Eliocroca cuenta con una mezcla veteran\u00eda-juventud muy ilusionante&quot; - AREA LORCA RADIO\" \/>\n<meta property=\"og:description\" content=\"\u00c1REA LORCA RADIO. Deportes. Hoy han pasado por el estudio de \u00c1rea Lorca Radio en su programa deportivo, el responsable de la secci\u00f3n de Balonmano de Eliocroca Juan Francisco Romera \u00abNorris\u00bb, toda una instituci\u00f3n em la secci\u00f3n como es C\u00e1ndido Calventus, el t\u00e9cnico del juvenil masculino Miguel \u00c1ngel Olivares y ala benjamina de la secci\u00f3n [&hellip;]\" \/>\n<meta property=\"og:url\" content=\"https:\/\/arealorcaradio.es\/index.php\/2025\/03\/26\/juan-francisco-romera-norris-la-seccion-de-balonmano-de-eliocroca-cuenta-con-una-mezcla-veterania-juventud-muy-ilusionante\/\" \/>\n<meta property=\"og:site_name\" content=\"AREA LORCA RADIO\" \/>\n<meta property=\"article:published_time\" content=\"2025-03-26T19:02:37+00:00\" \/>\n<meta property=\"og:image\" content=\"https:\/\/arealorcaradio.es\/wp-content\/uploads\/2025\/03\/20250326_173127-scaled.jpg\" \/>\n\t<meta property=\"og:image:width\" content=\"2560\" \/>\n\t<meta property=\"og:image:height\" content=\"1920\" \/>\n\t<meta property=\"og:image:type\" content=\"image\/jpeg\" \/>\n<meta name=\"author\" content=\"Paco S\u00e1nchez\" \/>\n<meta name=\"twitter:card\" content=\"summary_large_image\" \/>\n<meta name=\"twitter:label1\" content=\"Escrito por\" \/>\n\t<meta name=\"twitter:data1\" content=\"Paco S\u00e1nchez\" \/>\n\t<meta name=\"twitter:label2\" content=\"Tiempo de lectura\" \/>\n\t<meta name=\"twitter:data2\" content=\"1 minuto\" \/>\n<script type=\"application\/ld+json\" class=\"yoast-schema-graph\">{\"@context\":\"https:\\\/\\\/schema.org\",\"@graph\":[{\"@type\":\"Article\",\"@id\":\"https:\\\/\\\/arealorcaradio.es\\\/index.php\\\/2025\\\/03\\\/26\\\/juan-francisco-romera-norris-la-seccion-de-balonmano-de-eliocroca-cuenta-con-una-mezcla-veterania-juventud-muy-ilusionante\\\/#article\",\"isPartOf\":{\"@id\":\"https:\\\/\\\/arealorcaradio.es\\\/index.php\\\/2025\\\/03\\\/26\\\/juan-francisco-romera-norris-la-seccion-de-balonmano-de-eliocroca-cuenta-con-una-mezcla-veterania-juventud-muy-ilusionante\\\/\"},\"author\":{\"name\":\"Paco S\u00e1nchez\",\"@id\":\"https:\\\/\\\/arealorcaradio.es\\\/#\\\/schema\\\/person\\\/9fae605fc25b0f2c83c1ab207139bd27\"},\"headline\":\"Juan Francisco Romera \u00abNorris\u00bb: \u00abLa secci\u00f3n de Balonmano de Eliocroca cuenta con una mezcla veteran\u00eda-juventud muy ilusionante\u00bb\",\"datePublished\":\"2025-03-26T19:02:37+00:00\",\"mainEntityOfPage\":{\"@id\":\"https:\\\/\\\/arealorcaradio.es\\\/index.php\\\/2025\\\/03\\\/26\\\/juan-francisco-romera-norris-la-seccion-de-balonmano-de-eliocroca-cuenta-con-una-mezcla-veterania-juventud-muy-ilusionante\\\/\"},\"wordCount\":105,\"commentCount\":0,\"image\":{\"@id\":\"https:\\\/\\\/arealorcaradio.es\\\/index.php\\\/2025\\\/03\\\/26\\\/juan-francisco-romera-norris-la-seccion-de-balonmano-de-eliocroca-cuenta-con-una-mezcla-veterania-juventud-muy-ilusionante\\\/#primaryimage\"},\"thumbnailUrl\":\"https:\\\/\\\/arealorcaradio.es\\\/wp-content\\\/uploads\\\/2025\\\/03\\\/20250326_173127-scaled.jpg\",\"articleSection\":[\"DEPORTES\",\"LORCA\"],\"inLanguage\":\"es\",\"potentialAction\":[{\"@type\":\"CommentAction\",\"name\":\"Comment\",\"target\":[\"https:\\\/\\\/arealorcaradio.es\\\/index.php\\\/2025\\\/03\\\/26\\\/juan-francisco-romera-norris-la-seccion-de-balonmano-de-eliocroca-cuenta-con-una-mezcla-veterania-juventud-muy-ilusionante\\\/#respond\"]}]},{\"@type\":\"WebPage\",\"@id\":\"https:\\\/\\\/arealorcaradio.es\\\/index.php\\\/2025\\\/03\\\/26\\\/juan-francisco-romera-norris-la-seccion-de-balonmano-de-eliocroca-cuenta-con-una-mezcla-veterania-juventud-muy-ilusionante\\\/\",\"url\":\"https:\\\/\\\/arealorcaradio.es\\\/index.php\\\/2025\\\/03\\\/26\\\/juan-francisco-romera-norris-la-seccion-de-balonmano-de-eliocroca-cuenta-con-una-mezcla-veterania-juventud-muy-ilusionante\\\/\",\"name\":\"Juan Francisco Romera \\\"Norris\\\": \\\"La secci\u00f3n de Balonmano de Eliocroca cuenta con una mezcla veteran\u00eda-juventud muy ilusionante\\\" - AREA LORCA RADIO\",\"isPartOf\":{\"@id\":\"https:\\\/\\\/arealorcaradio.es\\\/#website\"},\"primaryImageOfPage\":{\"@id\":\"https:\\\/\\\/arealorcaradio.es\\\/index.php\\\/2025\\\/03\\\/26\\\/juan-francisco-romera-norris-la-seccion-de-balonmano-de-eliocroca-cuenta-con-una-mezcla-veterania-juventud-muy-ilusionante\\\/#primaryimage\"},\"image\":{\"@id\":\"https:\\\/\\\/arealorcaradio.es\\\/index.php\\\/2025\\\/03\\\/26\\\/juan-francisco-romera-norris-la-seccion-de-balonmano-de-eliocroca-cuenta-con-una-mezcla-veterania-juventud-muy-ilusionante\\\/#primaryimage\"},\"thumbnailUrl\":\"https:\\\/\\\/arealorcaradio.es\\\/wp-content\\\/uploads\\\/2025\\\/03\\\/20250326_173127-scaled.jpg\",\"datePublished\":\"2025-03-26T19:02:37+00:00\",\"author\":{\"@id\":\"https:\\\/\\\/arealorcaradio.es\\\/#\\\/schema\\\/person\\\/9fae605fc25b0f2c83c1ab207139bd27\"},\"breadcrumb\":{\"@id\":\"https:\\\/\\\/arealorcaradio.es\\\/index.php\\\/2025\\\/03\\\/26\\\/juan-francisco-romera-norris-la-seccion-de-balonmano-de-eliocroca-cuenta-con-una-mezcla-veterania-juventud-muy-ilusionante\\\/#breadcrumb\"},\"inLanguage\":\"es\",\"potentialAction\":[{\"@type\":\"ReadAction\",\"target\":[\"https:\\\/\\\/arealorcaradio.es\\\/index.php\\\/2025\\\/03\\\/26\\\/juan-francisco-romera-norris-la-seccion-de-balonmano-de-eliocroca-cuenta-con-una-mezcla-veterania-juventud-muy-ilusionante\\\/\"]}]},{\"@type\":\"ImageObject\",\"inLanguage\":\"es\",\"@id\":\"https:\\\/\\\/arealorcaradio.es\\\/index.php\\\/2025\\\/03\\\/26\\\/juan-francisco-romera-norris-la-seccion-de-balonmano-de-eliocroca-cuenta-con-una-mezcla-veterania-juventud-muy-ilusionante\\\/#primaryimage\",\"url\":\"https:\\\/\\\/arealorcaradio.es\\\/wp-content\\\/uploads\\\/2025\\\/03\\\/20250326_173127-scaled.jpg\",\"contentUrl\":\"https:\\\/\\\/arealorcaradio.es\\\/wp-content\\\/uploads\\\/2025\\\/03\\\/20250326_173127-scaled.jpg\",\"width\":2560,\"height\":1920},{\"@type\":\"BreadcrumbList\",\"@id\":\"https:\\\/\\\/arealorcaradio.es\\\/index.php\\\/2025\\\/03\\\/26\\\/juan-francisco-romera-norris-la-seccion-de-balonmano-de-eliocroca-cuenta-con-una-mezcla-veterania-juventud-muy-ilusionante\\\/#breadcrumb\",\"itemListElement\":[{\"@type\":\"ListItem\",\"position\":1,\"name\":\"Portada\",\"item\":\"https:\\\/\\\/arealorcaradio.es\\\/\"},{\"@type\":\"ListItem\",\"position\":2,\"name\":\"Juan Francisco Romera \u00abNorris\u00bb: \u00abLa secci\u00f3n de Balonmano de Eliocroca cuenta con una mezcla veteran\u00eda-juventud muy ilusionante\u00bb\"}]},{\"@type\":\"WebSite\",\"@id\":\"https:\\\/\\\/arealorcaradio.es\\\/#website\",\"url\":\"https:\\\/\\\/arealorcaradio.es\\\/\",\"name\":\"AREA LORCA RADIO\",\"description\":\"Descubre la programaci\u00f3n actual en \u00c1rea Lorca Radio, tu fuente de entrenamiento y noticias locales. Sintoniza ahora y mantente conectado online.\",\"potentialAction\":[{\"@type\":\"SearchAction\",\"target\":{\"@type\":\"EntryPoint\",\"urlTemplate\":\"https:\\\/\\\/arealorcaradio.es\\\/?s={search_term_string}\"},\"query-input\":{\"@type\":\"PropertyValueSpecification\",\"valueRequired\":true,\"valueName\":\"search_term_string\"}}],\"inLanguage\":\"es\"},{\"@type\":\"Person\",\"@id\":\"https:\\\/\\\/arealorcaradio.es\\\/#\\\/schema\\\/person\\\/9fae605fc25b0f2c83c1ab207139bd27\",\"name\":\"Paco S\u00e1nchez\",\"image\":{\"@type\":\"ImageObject\",\"inLanguage\":\"es\",\"@id\":\"https:\\\/\\\/secure.gravatar.com\\\/avatar\\\/d67144e966420fb74aa84c9f2a0103be4724fd14db52b52d3b6bca749f257e79?s=96&d=mm&r=g\",\"url\":\"https:\\\/\\\/secure.gravatar.com\\\/avatar\\\/d67144e966420fb74aa84c9f2a0103be4724fd14db52b52d3b6bca749f257e79?s=96&d=mm&r=g\",\"contentUrl\":\"https:\\\/\\\/secure.gravatar.com\\\/avatar\\\/d67144e966420fb74aa84c9f2a0103be4724fd14db52b52d3b6bca749f257e79?s=96&d=mm&r=g\",\"caption\":\"Paco S\u00e1nchez\"},\"sameAs\":[\"https:\\\/\\\/arealorcaradio.es\"],\"url\":\"https:\\\/\\\/arealorcaradio.es\\\/index.php\\\/author\\\/admin_alorcaradio\\\/\"}]}<\/script>\n<!-- \/ Yoast SEO plugin. -->","yoast_head_json":{"title":"Juan Francisco Romera \"Norris\": \"La secci\u00f3n de Balonmano de Eliocroca cuenta con una mezcla veteran\u00eda-juventud muy ilusionante\" - AREA LORCA RADIO","robots":{"index":"index","follow":"follow","max-snippet":"max-snippet:-1","max-image-preview":"max-image-preview:large","max-video-preview":"max-video-preview:-1"},"canonical":"https:\/\/arealorcaradio.es\/index.php\/2025\/03\/26\/juan-francisco-romera-norris-la-seccion-de-balonmano-de-eliocroca-cuenta-con-una-mezcla-veterania-juventud-muy-ilusionante\/","og_locale":"es_ES","og_type":"article","og_title":"Juan Francisco Romera \"Norris\": \"La secci\u00f3n de Balonmano de Eliocroca cuenta con una mezcla veteran\u00eda-juventud muy ilusionante\" - AREA LORCA RADIO","og_description":"\u00c1REA LORCA RADIO. Deportes. Hoy han pasado por el estudio de \u00c1rea Lorca Radio en su programa deportivo, el responsable de la secci\u00f3n de Balonmano de Eliocroca Juan Francisco Romera \u00abNorris\u00bb, toda una instituci\u00f3n em la secci\u00f3n como es C\u00e1ndido Calventus, el t\u00e9cnico del juvenil masculino Miguel \u00c1ngel Olivares y ala benjamina de la secci\u00f3n [&hellip;]","og_url":"https:\/\/arealorcaradio.es\/index.php\/2025\/03\/26\/juan-francisco-romera-norris-la-seccion-de-balonmano-de-eliocroca-cuenta-con-una-mezcla-veterania-juventud-muy-ilusionante\/","og_site_name":"AREA LORCA RADIO","article_published_time":"2025-03-26T19:02:37+00:00","og_image":[{"width":2560,"height":1920,"url":"https:\/\/arealorcaradio.es\/wp-content\/uploads\/2025\/03\/20250326_173127-scaled.jpg","type":"image\/jpeg"}],"author":"Paco S\u00e1nchez","twitter_card":"summary_large_image","twitter_misc":{"Escrito por":"Paco S\u00e1nchez","Tiempo de lectura":"1 minuto"},"schema":{"@context":"https:\/\/schema.org","@graph":[{"@type":"Article","@id":"https:\/\/arealorcaradio.es\/index.php\/2025\/03\/26\/juan-francisco-romera-norris-la-seccion-de-balonmano-de-eliocroca-cuenta-con-una-mezcla-veterania-juventud-muy-ilusionante\/#article","isPartOf":{"@id":"https:\/\/arealorcaradio.es\/index.php\/2025\/03\/26\/juan-francisco-romera-norris-la-seccion-de-balonmano-de-eliocroca-cuenta-con-una-mezcla-veterania-juventud-muy-ilusionante\/"},"author":{"name":"Paco S\u00e1nchez","@id":"https:\/\/arealorcaradio.es\/#\/schema\/person\/9fae605fc25b0f2c83c1ab207139bd27"},"headline":"Juan Francisco Romera \u00abNorris\u00bb: \u00abLa secci\u00f3n de Balonmano de Eliocroca cuenta con una mezcla veteran\u00eda-juventud muy ilusionante\u00bb","datePublished":"2025-03-26T19:02:37+00:00","mainEntityOfPage":{"@id":"https:\/\/arealorcaradio.es\/index.php\/2025\/03\/26\/juan-francisco-romera-norris-la-seccion-de-balonmano-de-eliocroca-cuenta-con-una-mezcla-veterania-juventud-muy-ilusionante\/"},"wordCount":105,"commentCount":0,"image":{"@id":"https:\/\/arealorcaradio.es\/index.php\/2025\/03\/26\/juan-francisco-romera-norris-la-seccion-de-balonmano-de-eliocroca-cuenta-con-una-mezcla-veterania-juventud-muy-ilusionante\/#primaryimage"},"thumbnailUrl":"https:\/\/arealorcaradio.es\/wp-content\/uploads\/2025\/03\/20250326_173127-scaled.jpg","articleSection":["DEPORTES","LORCA"],"inLanguage":"es","potentialAction":[{"@type":"CommentAction","name":"Comment","target":["https:\/\/arealorcaradio.es\/index.php\/2025\/03\/26\/juan-francisco-romera-norris-la-seccion-de-balonmano-de-eliocroca-cuenta-con-una-mezcla-veterania-juventud-muy-ilusionante\/#respond"]}]},{"@type":"WebPage","@id":"https:\/\/arealorcaradio.es\/index.php\/2025\/03\/26\/juan-francisco-romera-norris-la-seccion-de-balonmano-de-eliocroca-cuenta-con-una-mezcla-veterania-juventud-muy-ilusionante\/","url":"https:\/\/arealorcaradio.es\/index.php\/2025\/03\/26\/juan-francisco-romera-norris-la-seccion-de-balonmano-de-eliocroca-cuenta-con-una-mezcla-veterania-juventud-muy-ilusionante\/","name":"Juan Francisco Romera \"Norris\": \"La secci\u00f3n de Balonmano de Eliocroca cuenta con una mezcla veteran\u00eda-juventud muy ilusionante\" - AREA LORCA RADIO","isPartOf":{"@id":"https:\/\/arealorcaradio.es\/#website"},"primaryImageOfPage":{"@id":"https:\/\/arealorcaradio.es\/index.php\/2025\/03\/26\/juan-francisco-romera-norris-la-seccion-de-balonmano-de-eliocroca-cuenta-con-una-mezcla-veterania-juventud-muy-ilusionante\/#primaryimage"},"image":{"@id":"https:\/\/arealorcaradio.es\/index.php\/2025\/03\/26\/juan-francisco-romera-norris-la-seccion-de-balonmano-de-eliocroca-cuenta-con-una-mezcla-veterania-juventud-muy-ilusionante\/#primaryimage"},"thumbnailUrl":"https:\/\/arealorcaradio.es\/wp-content\/uploads\/2025\/03\/20250326_173127-scaled.jpg","datePublished":"2025-03-26T19:02:37+00:00","author":{"@id":"https:\/\/arealorcaradio.es\/#\/schema\/person\/9fae605fc25b0f2c83c1ab207139bd27"},"breadcrumb":{"@id":"https:\/\/arealorcaradio.es\/index.php\/2025\/03\/26\/juan-francisco-romera-norris-la-seccion-de-balonmano-de-eliocroca-cuenta-con-una-mezcla-veterania-juventud-muy-ilusionante\/#breadcrumb"},"inLanguage":"es","potentialAction":[{"@type":"ReadAction","target":["https:\/\/arealorcaradio.es\/index.php\/2025\/03\/26\/juan-francisco-romera-norris-la-seccion-de-balonmano-de-eliocroca-cuenta-con-una-mezcla-veterania-juventud-muy-ilusionante\/"]}]},{"@type":"ImageObject","inLanguage":"es","@id":"https:\/\/arealorcaradio.es\/index.php\/2025\/03\/26\/juan-francisco-romera-norris-la-seccion-de-balonmano-de-eliocroca-cuenta-con-una-mezcla-veterania-juventud-muy-ilusionante\/#primaryimage","url":"https:\/\/arealorcaradio.es\/wp-content\/uploads\/2025\/03\/20250326_173127-scaled.jpg","contentUrl":"https:\/\/arealorcaradio.es\/wp-content\/uploads\/2025\/03\/20250326_173127-scaled.jpg","width":2560,"height":1920},{"@type":"BreadcrumbList","@id":"https:\/\/arealorcaradio.es\/index.php\/2025\/03\/26\/juan-francisco-romera-norris-la-seccion-de-balonmano-de-eliocroca-cuenta-con-una-mezcla-veterania-juventud-muy-ilusionante\/#breadcrumb","itemListElement":[{"@type":"ListItem","position":1,"name":"Portada","item":"https:\/\/arealorcaradio.es\/"},{"@type":"ListItem","position":2,"name":"Juan Francisco Romera \u00abNorris\u00bb: \u00abLa secci\u00f3n de Balonmano de Eliocroca cuenta con una mezcla veteran\u00eda-juventud muy ilusionante\u00bb"}]},{"@type":"WebSite","@id":"https:\/\/arealorcaradio.es\/#website","url":"https:\/\/arealorcaradio.es\/","name":"AREA LORCA RADIO","description":"Descubre la programaci\u00f3n actual en \u00c1rea Lorca Radio, tu fuente de entrenamiento y noticias locales. Sintoniza ahora y mantente conectado online.","potentialAction":[{"@type":"SearchAction","target":{"@type":"EntryPoint","urlTemplate":"https:\/\/arealorcaradio.es\/?s={search_term_string}"},"query-input":{"@type":"PropertyValueSpecification","valueRequired":true,"valueName":"search_term_string"}}],"inLanguage":"es"},{"@type":"Person","@id":"https:\/\/arealorcaradio.es\/#\/schema\/person\/9fae605fc25b0f2c83c1ab207139bd27","name":"Paco S\u00e1nchez","image":{"@type":"ImageObject","inLanguage":"es","@id":"https:\/\/secure.gravatar.com\/avatar\/d67144e966420fb74aa84c9f2a0103be4724fd14db52b52d3b6bca749f257e79?s=96&d=mm&r=g","url":"https:\/\/secure.gravatar.com\/avatar\/d67144e966420fb74aa84c9f2a0103be4724fd14db52b52d3b6bca749f257e79?s=96&d=mm&r=g","contentUrl":"https:\/\/secure.gravatar.com\/avatar\/d67144e966420fb74aa84c9f2a0103be4724fd14db52b52d3b6bca749f257e79?s=96&d=mm&r=g","caption":"Paco S\u00e1nchez"},"sameAs":["https:\/\/arealorcaradio.es"],"url":"https:\/\/arealorcaradio.es\/index.php\/author\/admin_alorcaradio\/"}]}},"_links":{"self":[{"href":"https:\/\/arealorcaradio.es\/index.php\/wp-json\/wp\/v2\/posts\/6064","targetHints":{"allow":["GET"]}}],"collection":[{"href":"https:\/\/arealorcaradio.es\/index.php\/wp-json\/wp\/v2\/posts"}],"about":[{"href":"https:\/\/arealorcaradio.es\/index.php\/wp-json\/wp\/v2\/types\/post"}],"author":[{"embeddable":true,"href":"https:\/\/arealorcaradio.es\/index.php\/wp-json\/wp\/v2\/users\/1"}],"replies":[{"embeddable":true,"href":"https:\/\/arealorcaradio.es\/index.php\/wp-json\/wp\/v2\/comments?post=6064"}],"version-history":[{"count":1,"href":"https:\/\/arealorcaradio.es\/index.php\/wp-json\/wp\/v2\/posts\/6064\/revisions"}],"predecessor-version":[{"id":6067,"href":"https:\/\/arealorcaradio.es\/index.php\/wp-json\/wp\/v2\/posts\/6064\/revisions\/6067"}],"wp:featuredmedia":[{"embeddable":true,"href":"https:\/\/arealorcaradio.es\/index.php\/wp-json\/wp\/v2\/media\/6066"}],"wp:attachment":[{"href":"https:\/\/arealorcaradio.es\/index.php\/wp-json\/wp\/v2\/media?parent=6064"}],"wp:term":[{"taxonomy":"category","embeddable":true,"href":"https:\/\/arealorcaradio.es\/index.php\/wp-json\/wp\/v2\/categories?post=6064"},{"taxonomy":"post_tag","embeddable":true,"href":"https:\/\/arealorcaradio.es\/index.php\/wp-json\/wp\/v2\/tags?post=6064"}],"curies":[{"name":"wp","href":"https:\/\/api.w.org\/{rel}","templated":true}]}}