{"id":5978,"date":"2025-03-18T21:48:47","date_gmt":"2025-03-18T21:48:47","guid":{"rendered":"https:\/\/arealorcaradio.es\/?p=5978"},"modified":"2025-03-18T21:48:47","modified_gmt":"2025-03-18T21:48:47","slug":"los-premios-apandis-reconoceran-este-viernes-a-personas-instituciones-y-asociaciones-por-su-contribucion-a-la-asociacion","status":"publish","type":"post","link":"https:\/\/arealorcaradio.es\/index.php\/2025\/03\/18\/los-premios-apandis-reconoceran-este-viernes-a-personas-instituciones-y-asociaciones-por-su-contribucion-a-la-asociacion\/","title":{"rendered":"Los \u00abPremios APANDIS\u00bb reconocer\u00e1n este viernes a personas, instituciones y asociaciones por su contribuci\u00f3n a la Asociaci\u00f3n"},"content":{"rendered":"<p><strong>\u00c1REA LORCA RADIO. Sociedad.<\/strong><\/p>\n<p>Escucha aqu\u00ed la entrevista que ha concedido a Paco S\u00e1nchez el presidente de APANDIS, Antonio Bastida, qui\u00e9n ha explicado el porque de cada uno de los cinco premios que se van a conceder este viernes en esta primera edici\u00f3n de los Premios APANDIS que se conceden con motivo del XXX Aniversario de la fundaci\u00f3n de esta Asociaci\u00f3n.<\/p>\n<audio class=\"wp-audio-shortcode\" id=\"audio-5978-1\" preload=\"none\" style=\"width: 100%;\" controls=\"controls\"><source type=\"audio\/mpeg\" src=\"https:\/\/arealorcaradio.es\/wp-content\/uploads\/2025\/03\/180327-ANTONIO-BASTIDA.-PREMIOS-APANDIS.mp3?_=1\" \/><a href=\"https:\/\/arealorcaradio.es\/wp-content\/uploads\/2025\/03\/180327-ANTONIO-BASTIDA.-PREMIOS-APANDIS.mp3\">https:\/\/arealorcaradio.es\/wp-content\/uploads\/2025\/03\/180327-ANTONIO-BASTIDA.-PREMIOS-APANDIS.mp3<\/a><\/audio>\n<p><img loading=\"lazy\" decoding=\"async\" class=\"alignnone size-medium wp-image-5984\" src=\"https:\/\/arealorcaradio.es\/wp-content\/uploads\/2025\/03\/20250318_173600-300x225.jpg\" alt=\"\" width=\"300\" height=\"225\" srcset=\"https:\/\/arealorcaradio.es\/wp-content\/uploads\/2025\/03\/20250318_173600-300x225.jpg 300w, https:\/\/arealorcaradio.es\/wp-content\/uploads\/2025\/03\/20250318_173600-1024x768.jpg 1024w, https:\/\/arealorcaradio.es\/wp-content\/uploads\/2025\/03\/20250318_173600-768x576.jpg 768w, https:\/\/arealorcaradio.es\/wp-content\/uploads\/2025\/03\/20250318_173600-1536x1152.jpg 1536w, https:\/\/arealorcaradio.es\/wp-content\/uploads\/2025\/03\/20250318_173600-2048x1536.jpg 2048w, https:\/\/arealorcaradio.es\/wp-content\/uploads\/2025\/03\/20250318_173600-86x64.jpg 86w\" sizes=\"auto, (max-width: 300px) 100vw, 300px\" \/><\/p>\n<p>Los Premios APANDIS se han creado con el objetivo estimular y reconocer la trayectoria, dedicaci\u00f3n y contribuci\u00f3n de personas f\u00edsicas y jur\u00eddicas en materia de inclusi\u00f3n, plena ciudadan\u00eda y goce efectivo de los derechos humanos de las personas con discapacidad; a trav\u00e9s de la investigaci\u00f3n, la innovaci\u00f3n social, el empleo, la cultura, la salud, la habilitaci\u00f3n y rehabilitaci\u00f3n, el deporte, el ocio, la educaci\u00f3n, el acceso a la justicia, la accesibilidad universal, la vida independiente y aquellas cuestiones que respondan a los mandatos recogidos en la Convenci\u00f3n Internacional sobre los Derechos de las Personas con Discapacidad.<\/p>\n<p>El jurado de los Premios APANDIS 2025 ha determinado que los galardonados sean:<\/p>\n<p><strong>1. Premio APANDIS a personas f\u00edsicas que destaquen por su trayectoria a favor de las personas con discapacidad. <\/strong><\/p>\n<p><strong>Don Joaqu\u00edn Barber\u00e1 Blesa.<\/strong> Presidente de Plena Inclusi\u00f3n Murcia Joaqu\u00edn Barber\u00e1 (1946) es el mejor defensor que los murcianos y murcianas con discapacidad, sus familias y los profesionales de las asociaciones que les apoyan han podido tener. Ha trabajado incansablemente durante mas de 40 a\u00f1os, desde 1981, cuando naci\u00f3 su hija Isabel con par\u00e1lisis cerebral, y lo sigue haciendo hoy con el mismo compromiso como Presidente de Plena Inclusi\u00f3n Regi\u00f3n de Murcia desde que sucediera en dicho cargo a Don Pedro Arcas Campoy.<\/p>\n<p><strong>2. Premio APANDIS a la Inclusi\u00f3n Laboral. <\/strong><\/p>\n<p><strong>Centro de Gesti\u00f3n de Residuos de Lorca. <\/strong>Siendo el primer enclave laboral en la Regi\u00f3n de Murcia, el entro de Gesti\u00f3n de Residuos de Lorca contrat\u00f3 en 2001 a cuatro personas con discapacidad a trav\u00e9s de PROAPEDI, nuestro Centro Especial de Empleo. Desde Entonces, y de forma ininterrumpida, han trabajado en dicho centro personas con discapacidad, teniendo en la actualidad a 24 trabajadores, todos ellos con formaci\u00f3n espec\u00edfica para el trabajo que desarrollan, un claro ejemplo de la integraci\u00f3n de personas con discapacidad en empresas ordinarias.<\/p>\n<p><strong>3. Premio APANDIS a la Cultura Inclusiva.<\/strong><\/p>\n<p><strong>Asociaci\u00f3n Movida 80-90.<\/strong> Asociaci\u00f3n constituida en 2013 cuya finalidad es la de fomentar la cultura de nuestra Ciudad a trav\u00e9s de la m\u00fasica de los a\u00f1os 80-90. Desde sus inicios la relaci\u00f3n de la Asociaci\u00f3n con APANDIS fue muy estrecha acercando a todos los artistas de alcance nacional que completaban el cartel de sus festivales a nuestra entidad para que conocieran de primera mano nuestra labor y consiguiendo cumplir sue\u00f1os de nuestros usuarios al conocer en persona a grandes artistas.<\/p>\n<p><strong>4. Premio APANDIS al Deporte Inclusivo.<\/strong><\/p>\n<p><strong>Pe\u00f1a Madridista Club Deportivo de Lorca.<\/strong> Desde el pasado noviembre de 2021 la Pe\u00f1a Madridista Ciudad del Sol y APANDIS firmaron un convenio, hoy vigente, con una secci\u00f3n de futbol para personas con discapacidad intelectual siendo el equipo APANDIS uno m\u00e1s en la estructura del Club. De la mano de la Pe\u00f1a Madridista hemos compartido derrotas, pero tambi\u00e9n grandes victorias como en 2023 cuando obtuvimos la victoria en el Campeonato de Espa\u00f1a de Futbol Sala FEDDI celebrado en San Javier, aunque para nosotros el objetivo de esta uni\u00f3n es la experiencia de nuestros usuarios en la integraci\u00f3n social de una forma real.<\/p>\n<p><strong>5. Premio APANDIS para la igualdad de g\u00e9nero y la erradicaci\u00f3n de las violencias contra las mujeres y ni\u00f1as con discapacidad.<\/strong><\/p>\n<p><strong>Do\u00f1a Elisa Campoy L\u00f3pez-Perea.<\/strong> Decana del Ilustre Colegio de Abogados de Lorca Abogada desde 1995, fue elegida Decana del ICA en 2023, siendo la primera mujer en ese cargo. Ha trabajado de manera cercana con nuestra entidad a trav\u00e9s del asesoramiento desinteresado a nuestras familias y asociados. Es consejera del Consejo General de la Abogac\u00eda Espa\u00f1ola y Vicepresidente de la Subcomisi\u00f3n de Violencia de Genero de la misma entidad. Han sido numerosos los cursos y jornadas en los que ha participado sobre violencia de g\u00e9nero y se ha formado en la protecci\u00f3n jur\u00eddica de las personas con Discapacidad.<\/p>\n","protected":false},"excerpt":{"rendered":"<p>\u00c1REA LORCA RADIO. Sociedad. Escucha aqu\u00ed la entrevista que ha concedido a Paco S\u00e1nchez el presidente de APANDIS, Antonio Bastida, qui\u00e9n ha explicado el porque de cada uno de los cinco premios que se van a conceder este viernes en esta primera edici\u00f3n de los Premios APANDIS que se conceden con motivo del XXX Aniversario [&hellip;]<\/p>\n","protected":false},"author":1,"featured_media":5985,"comment_status":"open","ping_status":"open","sticky":false,"template":"","format":"standard","meta":{"iawp_total_views":110,"footnotes":""},"categories":[5,7],"tags":[],"class_list":["post-5978","post","type-post","status-publish","format-standard","has-post-thumbnail","hentry","category-actualidad","category-lorca"],"yoast_head":"<!-- This site is optimized with the Yoast SEO plugin v27.5 - https:\/\/yoast.com\/product\/yoast-seo-wordpress\/ -->\n<title>Los &quot;Premios APANDIS&quot; reconocer\u00e1n este viernes a personas, instituciones y asociaciones por su contribuci\u00f3n a la Asociaci\u00f3n - AREA LORCA RADIO<\/title>\n<meta name=\"robots\" content=\"index, follow, max-snippet:-1, max-image-preview:large, max-video-preview:-1\" \/>\n<link rel=\"canonical\" href=\"https:\/\/arealorcaradio.es\/index.php\/2025\/03\/18\/los-premios-apandis-reconoceran-este-viernes-a-personas-instituciones-y-asociaciones-por-su-contribucion-a-la-asociacion\/\" \/>\n<meta property=\"og:locale\" content=\"es_ES\" \/>\n<meta property=\"og:type\" content=\"article\" \/>\n<meta property=\"og:title\" content=\"Los &quot;Premios APANDIS&quot; reconocer\u00e1n este viernes a personas, instituciones y asociaciones por su contribuci\u00f3n a la Asociaci\u00f3n - AREA LORCA RADIO\" \/>\n<meta property=\"og:description\" content=\"\u00c1REA LORCA RADIO. Sociedad. Escucha aqu\u00ed la entrevista que ha concedido a Paco S\u00e1nchez el presidente de APANDIS, Antonio Bastida, qui\u00e9n ha explicado el porque de cada uno de los cinco premios que se van a conceder este viernes en esta primera edici\u00f3n de los Premios APANDIS que se conceden con motivo del XXX Aniversario [&hellip;]\" \/>\n<meta property=\"og:url\" content=\"https:\/\/arealorcaradio.es\/index.php\/2025\/03\/18\/los-premios-apandis-reconoceran-este-viernes-a-personas-instituciones-y-asociaciones-por-su-contribucion-a-la-asociacion\/\" \/>\n<meta property=\"og:site_name\" content=\"AREA LORCA RADIO\" \/>\n<meta property=\"article:published_time\" content=\"2025-03-18T21:48:47+00:00\" \/>\n<meta property=\"og:image\" content=\"https:\/\/arealorcaradio.es\/wp-content\/uploads\/2025\/03\/20250318_173541-scaled.jpg\" \/>\n\t<meta property=\"og:image:width\" content=\"2560\" \/>\n\t<meta property=\"og:image:height\" content=\"1920\" \/>\n\t<meta property=\"og:image:type\" content=\"image\/jpeg\" \/>\n<meta name=\"author\" content=\"Paco S\u00e1nchez\" \/>\n<meta name=\"twitter:card\" content=\"summary_large_image\" \/>\n<meta name=\"twitter:label1\" content=\"Escrito por\" \/>\n\t<meta name=\"twitter:data1\" content=\"Paco S\u00e1nchez\" \/>\n\t<meta name=\"twitter:label2\" content=\"Tiempo de lectura\" \/>\n\t<meta name=\"twitter:data2\" content=\"4 minutos\" \/>\n<script type=\"application\/ld+json\" class=\"yoast-schema-graph\">{\"@context\":\"https:\\\/\\\/schema.org\",\"@graph\":[{\"@type\":\"Article\",\"@id\":\"https:\\\/\\\/arealorcaradio.es\\\/index.php\\\/2025\\\/03\\\/18\\\/los-premios-apandis-reconoceran-este-viernes-a-personas-instituciones-y-asociaciones-por-su-contribucion-a-la-asociacion\\\/#article\",\"isPartOf\":{\"@id\":\"https:\\\/\\\/arealorcaradio.es\\\/index.php\\\/2025\\\/03\\\/18\\\/los-premios-apandis-reconoceran-este-viernes-a-personas-instituciones-y-asociaciones-por-su-contribucion-a-la-asociacion\\\/\"},\"author\":{\"name\":\"Paco S\u00e1nchez\",\"@id\":\"https:\\\/\\\/arealorcaradio.es\\\/#\\\/schema\\\/person\\\/9fae605fc25b0f2c83c1ab207139bd27\"},\"headline\":\"Los \u00abPremios APANDIS\u00bb reconocer\u00e1n este viernes a personas, instituciones y asociaciones por su contribuci\u00f3n a la Asociaci\u00f3n\",\"datePublished\":\"2025-03-18T21:48:47+00:00\",\"mainEntityOfPage\":{\"@id\":\"https:\\\/\\\/arealorcaradio.es\\\/index.php\\\/2025\\\/03\\\/18\\\/los-premios-apandis-reconoceran-este-viernes-a-personas-instituciones-y-asociaciones-por-su-contribucion-a-la-asociacion\\\/\"},\"wordCount\":756,\"commentCount\":0,\"image\":{\"@id\":\"https:\\\/\\\/arealorcaradio.es\\\/index.php\\\/2025\\\/03\\\/18\\\/los-premios-apandis-reconoceran-este-viernes-a-personas-instituciones-y-asociaciones-por-su-contribucion-a-la-asociacion\\\/#primaryimage\"},\"thumbnailUrl\":\"https:\\\/\\\/arealorcaradio.es\\\/wp-content\\\/uploads\\\/2025\\\/03\\\/20250318_173541-scaled.jpg\",\"articleSection\":[\"ACTUALIDAD\",\"LORCA\"],\"inLanguage\":\"es\",\"potentialAction\":[{\"@type\":\"CommentAction\",\"name\":\"Comment\",\"target\":[\"https:\\\/\\\/arealorcaradio.es\\\/index.php\\\/2025\\\/03\\\/18\\\/los-premios-apandis-reconoceran-este-viernes-a-personas-instituciones-y-asociaciones-por-su-contribucion-a-la-asociacion\\\/#respond\"]}]},{\"@type\":\"WebPage\",\"@id\":\"https:\\\/\\\/arealorcaradio.es\\\/index.php\\\/2025\\\/03\\\/18\\\/los-premios-apandis-reconoceran-este-viernes-a-personas-instituciones-y-asociaciones-por-su-contribucion-a-la-asociacion\\\/\",\"url\":\"https:\\\/\\\/arealorcaradio.es\\\/index.php\\\/2025\\\/03\\\/18\\\/los-premios-apandis-reconoceran-este-viernes-a-personas-instituciones-y-asociaciones-por-su-contribucion-a-la-asociacion\\\/\",\"name\":\"Los \\\"Premios APANDIS\\\" reconocer\u00e1n este viernes a personas, instituciones y asociaciones por su contribuci\u00f3n a la Asociaci\u00f3n - AREA LORCA RADIO\",\"isPartOf\":{\"@id\":\"https:\\\/\\\/arealorcaradio.es\\\/#website\"},\"primaryImageOfPage\":{\"@id\":\"https:\\\/\\\/arealorcaradio.es\\\/index.php\\\/2025\\\/03\\\/18\\\/los-premios-apandis-reconoceran-este-viernes-a-personas-instituciones-y-asociaciones-por-su-contribucion-a-la-asociacion\\\/#primaryimage\"},\"image\":{\"@id\":\"https:\\\/\\\/arealorcaradio.es\\\/index.php\\\/2025\\\/03\\\/18\\\/los-premios-apandis-reconoceran-este-viernes-a-personas-instituciones-y-asociaciones-por-su-contribucion-a-la-asociacion\\\/#primaryimage\"},\"thumbnailUrl\":\"https:\\\/\\\/arealorcaradio.es\\\/wp-content\\\/uploads\\\/2025\\\/03\\\/20250318_173541-scaled.jpg\",\"datePublished\":\"2025-03-18T21:48:47+00:00\",\"author\":{\"@id\":\"https:\\\/\\\/arealorcaradio.es\\\/#\\\/schema\\\/person\\\/9fae605fc25b0f2c83c1ab207139bd27\"},\"breadcrumb\":{\"@id\":\"https:\\\/\\\/arealorcaradio.es\\\/index.php\\\/2025\\\/03\\\/18\\\/los-premios-apandis-reconoceran-este-viernes-a-personas-instituciones-y-asociaciones-por-su-contribucion-a-la-asociacion\\\/#breadcrumb\"},\"inLanguage\":\"es\",\"potentialAction\":[{\"@type\":\"ReadAction\",\"target\":[\"https:\\\/\\\/arealorcaradio.es\\\/index.php\\\/2025\\\/03\\\/18\\\/los-premios-apandis-reconoceran-este-viernes-a-personas-instituciones-y-asociaciones-por-su-contribucion-a-la-asociacion\\\/\"]}]},{\"@type\":\"ImageObject\",\"inLanguage\":\"es\",\"@id\":\"https:\\\/\\\/arealorcaradio.es\\\/index.php\\\/2025\\\/03\\\/18\\\/los-premios-apandis-reconoceran-este-viernes-a-personas-instituciones-y-asociaciones-por-su-contribucion-a-la-asociacion\\\/#primaryimage\",\"url\":\"https:\\\/\\\/arealorcaradio.es\\\/wp-content\\\/uploads\\\/2025\\\/03\\\/20250318_173541-scaled.jpg\",\"contentUrl\":\"https:\\\/\\\/arealorcaradio.es\\\/wp-content\\\/uploads\\\/2025\\\/03\\\/20250318_173541-scaled.jpg\",\"width\":2560,\"height\":1920},{\"@type\":\"BreadcrumbList\",\"@id\":\"https:\\\/\\\/arealorcaradio.es\\\/index.php\\\/2025\\\/03\\\/18\\\/los-premios-apandis-reconoceran-este-viernes-a-personas-instituciones-y-asociaciones-por-su-contribucion-a-la-asociacion\\\/#breadcrumb\",\"itemListElement\":[{\"@type\":\"ListItem\",\"position\":1,\"name\":\"Portada\",\"item\":\"https:\\\/\\\/arealorcaradio.es\\\/\"},{\"@type\":\"ListItem\",\"position\":2,\"name\":\"Los \u00abPremios APANDIS\u00bb reconocer\u00e1n este viernes a personas, instituciones y asociaciones por su contribuci\u00f3n a la Asociaci\u00f3n\"}]},{\"@type\":\"WebSite\",\"@id\":\"https:\\\/\\\/arealorcaradio.es\\\/#website\",\"url\":\"https:\\\/\\\/arealorcaradio.es\\\/\",\"name\":\"AREA LORCA RADIO\",\"description\":\"Descubre la programaci\u00f3n actual en \u00c1rea Lorca Radio, tu fuente de entrenamiento y noticias locales. Sintoniza ahora y mantente conectado online.\",\"potentialAction\":[{\"@type\":\"SearchAction\",\"target\":{\"@type\":\"EntryPoint\",\"urlTemplate\":\"https:\\\/\\\/arealorcaradio.es\\\/?s={search_term_string}\"},\"query-input\":{\"@type\":\"PropertyValueSpecification\",\"valueRequired\":true,\"valueName\":\"search_term_string\"}}],\"inLanguage\":\"es\"},{\"@type\":\"Person\",\"@id\":\"https:\\\/\\\/arealorcaradio.es\\\/#\\\/schema\\\/person\\\/9fae605fc25b0f2c83c1ab207139bd27\",\"name\":\"Paco S\u00e1nchez\",\"image\":{\"@type\":\"ImageObject\",\"inLanguage\":\"es\",\"@id\":\"https:\\\/\\\/secure.gravatar.com\\\/avatar\\\/d67144e966420fb74aa84c9f2a0103be4724fd14db52b52d3b6bca749f257e79?s=96&d=mm&r=g\",\"url\":\"https:\\\/\\\/secure.gravatar.com\\\/avatar\\\/d67144e966420fb74aa84c9f2a0103be4724fd14db52b52d3b6bca749f257e79?s=96&d=mm&r=g\",\"contentUrl\":\"https:\\\/\\\/secure.gravatar.com\\\/avatar\\\/d67144e966420fb74aa84c9f2a0103be4724fd14db52b52d3b6bca749f257e79?s=96&d=mm&r=g\",\"caption\":\"Paco S\u00e1nchez\"},\"sameAs\":[\"https:\\\/\\\/arealorcaradio.es\"],\"url\":\"https:\\\/\\\/arealorcaradio.es\\\/index.php\\\/author\\\/admin_alorcaradio\\\/\"}]}<\/script>\n<!-- \/ Yoast SEO plugin. -->","yoast_head_json":{"title":"Los \"Premios APANDIS\" reconocer\u00e1n este viernes a personas, instituciones y asociaciones por su contribuci\u00f3n a la Asociaci\u00f3n - AREA LORCA RADIO","robots":{"index":"index","follow":"follow","max-snippet":"max-snippet:-1","max-image-preview":"max-image-preview:large","max-video-preview":"max-video-preview:-1"},"canonical":"https:\/\/arealorcaradio.es\/index.php\/2025\/03\/18\/los-premios-apandis-reconoceran-este-viernes-a-personas-instituciones-y-asociaciones-por-su-contribucion-a-la-asociacion\/","og_locale":"es_ES","og_type":"article","og_title":"Los \"Premios APANDIS\" reconocer\u00e1n este viernes a personas, instituciones y asociaciones por su contribuci\u00f3n a la Asociaci\u00f3n - AREA LORCA RADIO","og_description":"\u00c1REA LORCA RADIO. Sociedad. Escucha aqu\u00ed la entrevista que ha concedido a Paco S\u00e1nchez el presidente de APANDIS, Antonio Bastida, qui\u00e9n ha explicado el porque de cada uno de los cinco premios que se van a conceder este viernes en esta primera edici\u00f3n de los Premios APANDIS que se conceden con motivo del XXX Aniversario [&hellip;]","og_url":"https:\/\/arealorcaradio.es\/index.php\/2025\/03\/18\/los-premios-apandis-reconoceran-este-viernes-a-personas-instituciones-y-asociaciones-por-su-contribucion-a-la-asociacion\/","og_site_name":"AREA LORCA RADIO","article_published_time":"2025-03-18T21:48:47+00:00","og_image":[{"width":2560,"height":1920,"url":"https:\/\/arealorcaradio.es\/wp-content\/uploads\/2025\/03\/20250318_173541-scaled.jpg","type":"image\/jpeg"}],"author":"Paco S\u00e1nchez","twitter_card":"summary_large_image","twitter_misc":{"Escrito por":"Paco S\u00e1nchez","Tiempo de lectura":"4 minutos"},"schema":{"@context":"https:\/\/schema.org","@graph":[{"@type":"Article","@id":"https:\/\/arealorcaradio.es\/index.php\/2025\/03\/18\/los-premios-apandis-reconoceran-este-viernes-a-personas-instituciones-y-asociaciones-por-su-contribucion-a-la-asociacion\/#article","isPartOf":{"@id":"https:\/\/arealorcaradio.es\/index.php\/2025\/03\/18\/los-premios-apandis-reconoceran-este-viernes-a-personas-instituciones-y-asociaciones-por-su-contribucion-a-la-asociacion\/"},"author":{"name":"Paco S\u00e1nchez","@id":"https:\/\/arealorcaradio.es\/#\/schema\/person\/9fae605fc25b0f2c83c1ab207139bd27"},"headline":"Los \u00abPremios APANDIS\u00bb reconocer\u00e1n este viernes a personas, instituciones y asociaciones por su contribuci\u00f3n a la Asociaci\u00f3n","datePublished":"2025-03-18T21:48:47+00:00","mainEntityOfPage":{"@id":"https:\/\/arealorcaradio.es\/index.php\/2025\/03\/18\/los-premios-apandis-reconoceran-este-viernes-a-personas-instituciones-y-asociaciones-por-su-contribucion-a-la-asociacion\/"},"wordCount":756,"commentCount":0,"image":{"@id":"https:\/\/arealorcaradio.es\/index.php\/2025\/03\/18\/los-premios-apandis-reconoceran-este-viernes-a-personas-instituciones-y-asociaciones-por-su-contribucion-a-la-asociacion\/#primaryimage"},"thumbnailUrl":"https:\/\/arealorcaradio.es\/wp-content\/uploads\/2025\/03\/20250318_173541-scaled.jpg","articleSection":["ACTUALIDAD","LORCA"],"inLanguage":"es","potentialAction":[{"@type":"CommentAction","name":"Comment","target":["https:\/\/arealorcaradio.es\/index.php\/2025\/03\/18\/los-premios-apandis-reconoceran-este-viernes-a-personas-instituciones-y-asociaciones-por-su-contribucion-a-la-asociacion\/#respond"]}]},{"@type":"WebPage","@id":"https:\/\/arealorcaradio.es\/index.php\/2025\/03\/18\/los-premios-apandis-reconoceran-este-viernes-a-personas-instituciones-y-asociaciones-por-su-contribucion-a-la-asociacion\/","url":"https:\/\/arealorcaradio.es\/index.php\/2025\/03\/18\/los-premios-apandis-reconoceran-este-viernes-a-personas-instituciones-y-asociaciones-por-su-contribucion-a-la-asociacion\/","name":"Los \"Premios APANDIS\" reconocer\u00e1n este viernes a personas, instituciones y asociaciones por su contribuci\u00f3n a la Asociaci\u00f3n - AREA LORCA RADIO","isPartOf":{"@id":"https:\/\/arealorcaradio.es\/#website"},"primaryImageOfPage":{"@id":"https:\/\/arealorcaradio.es\/index.php\/2025\/03\/18\/los-premios-apandis-reconoceran-este-viernes-a-personas-instituciones-y-asociaciones-por-su-contribucion-a-la-asociacion\/#primaryimage"},"image":{"@id":"https:\/\/arealorcaradio.es\/index.php\/2025\/03\/18\/los-premios-apandis-reconoceran-este-viernes-a-personas-instituciones-y-asociaciones-por-su-contribucion-a-la-asociacion\/#primaryimage"},"thumbnailUrl":"https:\/\/arealorcaradio.es\/wp-content\/uploads\/2025\/03\/20250318_173541-scaled.jpg","datePublished":"2025-03-18T21:48:47+00:00","author":{"@id":"https:\/\/arealorcaradio.es\/#\/schema\/person\/9fae605fc25b0f2c83c1ab207139bd27"},"breadcrumb":{"@id":"https:\/\/arealorcaradio.es\/index.php\/2025\/03\/18\/los-premios-apandis-reconoceran-este-viernes-a-personas-instituciones-y-asociaciones-por-su-contribucion-a-la-asociacion\/#breadcrumb"},"inLanguage":"es","potentialAction":[{"@type":"ReadAction","target":["https:\/\/arealorcaradio.es\/index.php\/2025\/03\/18\/los-premios-apandis-reconoceran-este-viernes-a-personas-instituciones-y-asociaciones-por-su-contribucion-a-la-asociacion\/"]}]},{"@type":"ImageObject","inLanguage":"es","@id":"https:\/\/arealorcaradio.es\/index.php\/2025\/03\/18\/los-premios-apandis-reconoceran-este-viernes-a-personas-instituciones-y-asociaciones-por-su-contribucion-a-la-asociacion\/#primaryimage","url":"https:\/\/arealorcaradio.es\/wp-content\/uploads\/2025\/03\/20250318_173541-scaled.jpg","contentUrl":"https:\/\/arealorcaradio.es\/wp-content\/uploads\/2025\/03\/20250318_173541-scaled.jpg","width":2560,"height":1920},{"@type":"BreadcrumbList","@id":"https:\/\/arealorcaradio.es\/index.php\/2025\/03\/18\/los-premios-apandis-reconoceran-este-viernes-a-personas-instituciones-y-asociaciones-por-su-contribucion-a-la-asociacion\/#breadcrumb","itemListElement":[{"@type":"ListItem","position":1,"name":"Portada","item":"https:\/\/arealorcaradio.es\/"},{"@type":"ListItem","position":2,"name":"Los \u00abPremios APANDIS\u00bb reconocer\u00e1n este viernes a personas, instituciones y asociaciones por su contribuci\u00f3n a la Asociaci\u00f3n"}]},{"@type":"WebSite","@id":"https:\/\/arealorcaradio.es\/#website","url":"https:\/\/arealorcaradio.es\/","name":"AREA LORCA RADIO","description":"Descubre la programaci\u00f3n actual en \u00c1rea Lorca Radio, tu fuente de entrenamiento y noticias locales. Sintoniza ahora y mantente conectado online.","potentialAction":[{"@type":"SearchAction","target":{"@type":"EntryPoint","urlTemplate":"https:\/\/arealorcaradio.es\/?s={search_term_string}"},"query-input":{"@type":"PropertyValueSpecification","valueRequired":true,"valueName":"search_term_string"}}],"inLanguage":"es"},{"@type":"Person","@id":"https:\/\/arealorcaradio.es\/#\/schema\/person\/9fae605fc25b0f2c83c1ab207139bd27","name":"Paco S\u00e1nchez","image":{"@type":"ImageObject","inLanguage":"es","@id":"https:\/\/secure.gravatar.com\/avatar\/d67144e966420fb74aa84c9f2a0103be4724fd14db52b52d3b6bca749f257e79?s=96&d=mm&r=g","url":"https:\/\/secure.gravatar.com\/avatar\/d67144e966420fb74aa84c9f2a0103be4724fd14db52b52d3b6bca749f257e79?s=96&d=mm&r=g","contentUrl":"https:\/\/secure.gravatar.com\/avatar\/d67144e966420fb74aa84c9f2a0103be4724fd14db52b52d3b6bca749f257e79?s=96&d=mm&r=g","caption":"Paco S\u00e1nchez"},"sameAs":["https:\/\/arealorcaradio.es"],"url":"https:\/\/arealorcaradio.es\/index.php\/author\/admin_alorcaradio\/"}]}},"_links":{"self":[{"href":"https:\/\/arealorcaradio.es\/index.php\/wp-json\/wp\/v2\/posts\/5978","targetHints":{"allow":["GET"]}}],"collection":[{"href":"https:\/\/arealorcaradio.es\/index.php\/wp-json\/wp\/v2\/posts"}],"about":[{"href":"https:\/\/arealorcaradio.es\/index.php\/wp-json\/wp\/v2\/types\/post"}],"author":[{"embeddable":true,"href":"https:\/\/arealorcaradio.es\/index.php\/wp-json\/wp\/v2\/users\/1"}],"replies":[{"embeddable":true,"href":"https:\/\/arealorcaradio.es\/index.php\/wp-json\/wp\/v2\/comments?post=5978"}],"version-history":[{"count":2,"href":"https:\/\/arealorcaradio.es\/index.php\/wp-json\/wp\/v2\/posts\/5978\/revisions"}],"predecessor-version":[{"id":5986,"href":"https:\/\/arealorcaradio.es\/index.php\/wp-json\/wp\/v2\/posts\/5978\/revisions\/5986"}],"wp:featuredmedia":[{"embeddable":true,"href":"https:\/\/arealorcaradio.es\/index.php\/wp-json\/wp\/v2\/media\/5985"}],"wp:attachment":[{"href":"https:\/\/arealorcaradio.es\/index.php\/wp-json\/wp\/v2\/media?parent=5978"}],"wp:term":[{"taxonomy":"category","embeddable":true,"href":"https:\/\/arealorcaradio.es\/index.php\/wp-json\/wp\/v2\/categories?post=5978"},{"taxonomy":"post_tag","embeddable":true,"href":"https:\/\/arealorcaradio.es\/index.php\/wp-json\/wp\/v2\/tags?post=5978"}],"curies":[{"name":"wp","href":"https:\/\/api.w.org\/{rel}","templated":true}]}}